{"id":992,"date":"2019-04-29T13:51:40","date_gmt":"2019-04-29T10:51:40","guid":{"rendered":"https:\/\/super-news.info\/pt\/novos-movimentos-sindicais-respondem-a-alteracao-economica-o-jornal-economico\/"},"modified":"2019-04-29T13:51:41","modified_gmt":"2019-04-29T10:51:41","slug":"novos-movimentos-sindicais-respondem-a-alteracao-economica-o-jornal-economico","status":"publish","type":"post","link":"https:\/\/super-news.info\/pt\/novos-movimentos-sindicais-respondem-a-alteracao-economica-o-jornal-economico\/","title":{"rendered":"Novos movimentos sindicais respondem \u00e0 altera\u00e7\u00e3o econ\u00f3mica \u2013 O Jornal Econ\u00f3mico"},"content":{"rendered":"<p> [ad_1]<br \/>\n<\/p>\n<div>\n<p>Formado h\u00e1 poucos meses, um sindicato constitu\u00eddo por 800 motoristas quase paralisa o pa\u00eds; v\u00e1rios sindicatos de enfermeiros recorrem a \u201ccrowdfunding\u201d para financiar greves por tempo indeterminado; um novo sindicato de professores cria um fundo de greve e assume o objetivo de endurecer a luta social. Est\u00e1 em curso uma revolu\u00e7\u00e3o na atividade sindical em Portugal?<\/p>\n<p>Na perspetiva de El\u00edsio Estanque, soci\u00f3logo e investigador do Centro de Estudos Sociais (CES) da Universidade de Coimbra, \u201cas novas tend\u00eancias do mercado de trabalho\u201d est\u00e3o a originar \u201cestas formas de a\u00e7\u00e3o coletiva mais inorg\u00e2nicas, mais localizadas, mais espont\u00e2neas\u201d, fen\u00f3meno resultante do \u201cenfraquecimento da atividade sindical tradicional\u201d. Tal enfraquecimento deriva tamb\u00e9m das \u201cnovas tend\u00eancias da economia, com um mercado de trabalho cada vez mais fragmentado, a crescente facilidade de deslocaliza\u00e7\u00e3o das unidades de produ\u00e7\u00e3o, empresas ou servi\u00e7os, os efeitos do desenvolvimento tecnol\u00f3gico e da automatiza\u00e7\u00e3o do trabalho, entre outros fatores\u201d.<\/p>\n<p>Por outro lado, Estanque aponta para o fen\u00f3meno de precariza\u00e7\u00e3o do trabalho, sublinhando que \u201cos prec\u00e1rios n\u00e3o est\u00e3o a organizar-se\u201d e, como tal, verifica-se \u201cum vazio de representatividade sindical para uma parte significativa dos trabalhadores, sobretudo entre os mais jovens\u201d. O investigador do CES considera que essa falta de organiza\u00e7\u00e3o ou vazio de representatividade sindical adv\u00e9m de um \u201cd\u00e9fice de consci\u00eancia c\u00edvica, no contexto de uma sociedade muito atomizada e despolitizada\u201d. \u201cOs jovens prec\u00e1rios n\u00e3o confiam nos sindicatos, n\u00e3o se rev\u00eaem na cultura do movimento sindical, n\u00e3o participam, n\u00e3o se organizam, mas isso acontece tamb\u00e9m porque est\u00e3o demasiado focados na sua pr\u00f3pria sobreviv\u00eancia. A instabilidade e as dificuldades s\u00e3o de tamanha magnitude que n\u00e3o t\u00eam disponibilidade para a atividade sindical\u201d, diz.<\/p>\n<p>\u00a0<\/p>\n<p><strong>Conte\u00fado reservado a assinantes. Para ler a vers\u00e3o completa, aceda aqui ao JE Leitor.<\/strong><\/p>\n<\/div>\n<p><script>\/*<![CDATA[*\/function facebookInit(){var js=document.createElement('script');js.src='https:\/\/connect.facebook.net\/pt_PT\/sdk.js#xfbml=1&#038;version=v3.1&#038;appId=1708066812789184&#038;autoLogAppEvents=1';return document.body.appendChild(js);}\nwindow.onscroll=function(){var rect=document.getElementsByClassName('je-post-content')[0].getBoundingClientRect();if(rect.bottom<window.innerHeight){facebookInit();window.onscroll=null;}}\/*]]>*\/<\/script><br \/>\n<br \/>[ad_2]<br \/>\n<br \/><a href=\"https:\/\/jornaleconomico.sapo.pt\/noticias\/novos-movimentos-sindicais-respondem-a-alteracao-economica-438497\">Source link <\/a><\/p>\n","protected":false},"excerpt":{"rendered":"<p>[ad_1] Formado h\u00e1 poucos meses, um sindicato constitu\u00eddo por 800 motoristas quase paralisa o pa\u00eds; v\u00e1rios sindicatos de enfermeiros recorrem a \u201ccrowdfunding\u201d para financiar greves por tempo indeterminado; um novo sindicato de professores cria um fundo de greve e assume o objetivo de endurecer a luta social. Est\u00e1 em curso uma revolu\u00e7\u00e3o na atividade sindical [&hellip;]<\/p>\n","protected":false},"author":2,"featured_media":993,"comment_status":"open","ping_status":"open","sticky":false,"template":"","format":"standard","meta":{"footnotes":""},"categories":[1],"tags":[],"class_list":["post-992","post","type-post","status-publish","format-standard","has-post-thumbnail","hentry","category-noticias-financeiras"],"yoast_head":"<!-- This site is optimized with the Yoast SEO plugin v27.4 - https:\/\/yoast.com\/product\/yoast-seo-wordpress\/ -->\n<title>Novos movimentos sindicais respondem \u00e0 altera\u00e7\u00e3o econ\u00f3mica \u2013 O Jornal Econ\u00f3mico - Super News<\/title>\n<meta name=\"robots\" content=\"index, follow, max-snippet:-1, max-image-preview:large, max-video-preview:-1\" \/>\n<link rel=\"canonical\" href=\"https:\/\/super-news.info\/pt\/novos-movimentos-sindicais-respondem-a-alteracao-economica-o-jornal-economico\/\" \/>\n<meta property=\"og:locale\" content=\"pt_PT\" \/>\n<meta property=\"og:type\" content=\"article\" \/>\n<meta property=\"og:title\" content=\"Novos movimentos sindicais respondem \u00e0 altera\u00e7\u00e3o econ\u00f3mica \u2013 O Jornal Econ\u00f3mico - Super News\" \/>\n<meta property=\"og:description\" content=\"[ad_1] Formado h\u00e1 poucos meses, um sindicato constitu\u00eddo por 800 motoristas quase paralisa o pa\u00eds; v\u00e1rios sindicatos de enfermeiros recorrem a \u201ccrowdfunding\u201d para financiar greves por tempo indeterminado; um novo sindicato de professores cria um fundo de greve e assume o objetivo de endurecer a luta social. Est\u00e1 em curso uma revolu\u00e7\u00e3o na atividade sindical [&hellip;]\" \/>\n<meta property=\"og:url\" content=\"https:\/\/super-news.info\/pt\/novos-movimentos-sindicais-respondem-a-alteracao-economica-o-jornal-economico\/\" \/>\n<meta property=\"og:site_name\" content=\"Super News\" \/>\n<meta property=\"article:published_time\" content=\"2019-04-29T10:51:40+00:00\" \/>\n<meta property=\"article:modified_time\" content=\"2019-04-29T10:51:41+00:00\" \/>\n<meta property=\"og:image\" content=\"https:\/\/super-news.info\/pt\/wp-content\/uploads\/sites\/2\/2019\/04\/Novos-movimentos-sindicais-respondem-\u00e0-altera\u00e7\u00e3o-econ\u00f3mica-\u2013-O-Jornal.jpg\" \/>\n\t<meta property=\"og:image:width\" content=\"960\" \/>\n\t<meta property=\"og:image:height\" content=\"600\" \/>\n\t<meta property=\"og:image:type\" content=\"image\/jpeg\" \/>\n<meta name=\"author\" content=\"super-news\" \/>\n<meta name=\"twitter:card\" content=\"summary_large_image\" \/>\n<meta name=\"twitter:label1\" content=\"Escrito por\" \/>\n\t<meta name=\"twitter:data1\" content=\"super-news\" \/>\n\t<meta name=\"twitter:label2\" content=\"Tempo estimado de leitura\" \/>\n\t<meta name=\"twitter:data2\" content=\"2 minutos\" \/>\n<script type=\"application\/ld+json\" class=\"yoast-schema-graph\">{\"@context\":\"https:\\\/\\\/schema.org\",\"@graph\":[{\"@type\":\"Article\",\"@id\":\"https:\\\/\\\/super-news.info\\\/pt\\\/novos-movimentos-sindicais-respondem-a-alteracao-economica-o-jornal-economico\\\/#article\",\"isPartOf\":{\"@id\":\"https:\\\/\\\/super-news.info\\\/pt\\\/novos-movimentos-sindicais-respondem-a-alteracao-economica-o-jornal-economico\\\/\"},\"author\":{\"name\":\"super-news\",\"@id\":\"https:\\\/\\\/super-news.info\\\/pt\\\/#\\\/schema\\\/person\\\/2d4068cb2f39cd10008c2fce578a7356\"},\"headline\":\"Novos movimentos sindicais respondem \u00e0 altera\u00e7\u00e3o econ\u00f3mica \u2013 O Jornal Econ\u00f3mico\",\"datePublished\":\"2019-04-29T10:51:40+00:00\",\"dateModified\":\"2019-04-29T10:51:41+00:00\",\"mainEntityOfPage\":{\"@id\":\"https:\\\/\\\/super-news.info\\\/pt\\\/novos-movimentos-sindicais-respondem-a-alteracao-economica-o-jornal-economico\\\/\"},\"wordCount\":340,\"commentCount\":0,\"image\":{\"@id\":\"https:\\\/\\\/super-news.info\\\/pt\\\/novos-movimentos-sindicais-respondem-a-alteracao-economica-o-jornal-economico\\\/#primaryimage\"},\"thumbnailUrl\":\"https:\\\/\\\/super-news.info\\\/pt\\\/wp-content\\\/uploads\\\/sites\\\/2\\\/2019\\\/04\\\/Novos-movimentos-sindicais-respondem-\u00e0-altera\u00e7\u00e3o-econ\u00f3mica-\u2013-O-Jornal.jpg\",\"articleSection\":[\"NOT\u00cdCIAS FINANCEIRAS\"],\"inLanguage\":\"pt-PT\",\"potentialAction\":[{\"@type\":\"CommentAction\",\"name\":\"Comment\",\"target\":[\"https:\\\/\\\/super-news.info\\\/pt\\\/novos-movimentos-sindicais-respondem-a-alteracao-economica-o-jornal-economico\\\/#respond\"]}]},{\"@type\":\"WebPage\",\"@id\":\"https:\\\/\\\/super-news.info\\\/pt\\\/novos-movimentos-sindicais-respondem-a-alteracao-economica-o-jornal-economico\\\/\",\"url\":\"https:\\\/\\\/super-news.info\\\/pt\\\/novos-movimentos-sindicais-respondem-a-alteracao-economica-o-jornal-economico\\\/\",\"name\":\"Novos movimentos sindicais respondem \u00e0 altera\u00e7\u00e3o econ\u00f3mica \u2013 O Jornal Econ\u00f3mico - Super News\",\"isPartOf\":{\"@id\":\"https:\\\/\\\/super-news.info\\\/pt\\\/#website\"},\"primaryImageOfPage\":{\"@id\":\"https:\\\/\\\/super-news.info\\\/pt\\\/novos-movimentos-sindicais-respondem-a-alteracao-economica-o-jornal-economico\\\/#primaryimage\"},\"image\":{\"@id\":\"https:\\\/\\\/super-news.info\\\/pt\\\/novos-movimentos-sindicais-respondem-a-alteracao-economica-o-jornal-economico\\\/#primaryimage\"},\"thumbnailUrl\":\"https:\\\/\\\/super-news.info\\\/pt\\\/wp-content\\\/uploads\\\/sites\\\/2\\\/2019\\\/04\\\/Novos-movimentos-sindicais-respondem-\u00e0-altera\u00e7\u00e3o-econ\u00f3mica-\u2013-O-Jornal.jpg\",\"datePublished\":\"2019-04-29T10:51:40+00:00\",\"dateModified\":\"2019-04-29T10:51:41+00:00\",\"author\":{\"@id\":\"https:\\\/\\\/super-news.info\\\/pt\\\/#\\\/schema\\\/person\\\/2d4068cb2f39cd10008c2fce578a7356\"},\"breadcrumb\":{\"@id\":\"https:\\\/\\\/super-news.info\\\/pt\\\/novos-movimentos-sindicais-respondem-a-alteracao-economica-o-jornal-economico\\\/#breadcrumb\"},\"inLanguage\":\"pt-PT\",\"potentialAction\":[{\"@type\":\"ReadAction\",\"target\":[\"https:\\\/\\\/super-news.info\\\/pt\\\/novos-movimentos-sindicais-respondem-a-alteracao-economica-o-jornal-economico\\\/\"]}]},{\"@type\":\"ImageObject\",\"inLanguage\":\"pt-PT\",\"@id\":\"https:\\\/\\\/super-news.info\\\/pt\\\/novos-movimentos-sindicais-respondem-a-alteracao-economica-o-jornal-economico\\\/#primaryimage\",\"url\":\"https:\\\/\\\/super-news.info\\\/pt\\\/wp-content\\\/uploads\\\/sites\\\/2\\\/2019\\\/04\\\/Novos-movimentos-sindicais-respondem-\u00e0-altera\u00e7\u00e3o-econ\u00f3mica-\u2013-O-Jornal.jpg\",\"contentUrl\":\"https:\\\/\\\/super-news.info\\\/pt\\\/wp-content\\\/uploads\\\/sites\\\/2\\\/2019\\\/04\\\/Novos-movimentos-sindicais-respondem-\u00e0-altera\u00e7\u00e3o-econ\u00f3mica-\u2013-O-Jornal.jpg\",\"width\":960,\"height\":600,\"caption\":\"Novos movimentos sindicais respondem \u00e0 altera\u00e7\u00e3o econ\u00f3mica \u2013 O Jornal Econ\u00f3mico\"},{\"@type\":\"BreadcrumbList\",\"@id\":\"https:\\\/\\\/super-news.info\\\/pt\\\/novos-movimentos-sindicais-respondem-a-alteracao-economica-o-jornal-economico\\\/#breadcrumb\",\"itemListElement\":[{\"@type\":\"ListItem\",\"position\":1,\"name\":\"\u0413\u043b\u0430\u0432\u043d\u0430\u044f \u0441\u0442\u0440\u0430\u043d\u0438\u0446\u0430\",\"item\":\"https:\\\/\\\/super-news.info\\\/pt\\\/\"},{\"@type\":\"ListItem\",\"position\":2,\"name\":\"Novos movimentos sindicais respondem \u00e0 altera\u00e7\u00e3o econ\u00f3mica \u2013 O Jornal Econ\u00f3mico\"}]},{\"@type\":\"WebSite\",\"@id\":\"https:\\\/\\\/super-news.info\\\/pt\\\/#website\",\"url\":\"https:\\\/\\\/super-news.info\\\/pt\\\/\",\"name\":\"Super News\",\"description\":\"Super News Portugal\",\"potentialAction\":[{\"@type\":\"SearchAction\",\"target\":{\"@type\":\"EntryPoint\",\"urlTemplate\":\"https:\\\/\\\/super-news.info\\\/pt\\\/?s={search_term_string}\"},\"query-input\":{\"@type\":\"PropertyValueSpecification\",\"valueRequired\":true,\"valueName\":\"search_term_string\"}}],\"inLanguage\":\"pt-PT\"},{\"@type\":\"Person\",\"@id\":\"https:\\\/\\\/super-news.info\\\/pt\\\/#\\\/schema\\\/person\\\/2d4068cb2f39cd10008c2fce578a7356\",\"name\":\"super-news\",\"image\":{\"@type\":\"ImageObject\",\"inLanguage\":\"pt-PT\",\"@id\":\"https:\\\/\\\/secure.gravatar.com\\\/avatar\\\/64ebac40b93f26a154f8a9b5b6fdccfc46f442b26b3dd6756dbff3bf9dc76fd7?s=96&d=mm&r=g\",\"url\":\"https:\\\/\\\/secure.gravatar.com\\\/avatar\\\/64ebac40b93f26a154f8a9b5b6fdccfc46f442b26b3dd6756dbff3bf9dc76fd7?s=96&d=mm&r=g\",\"contentUrl\":\"https:\\\/\\\/secure.gravatar.com\\\/avatar\\\/64ebac40b93f26a154f8a9b5b6fdccfc46f442b26b3dd6756dbff3bf9dc76fd7?s=96&d=mm&r=g\",\"caption\":\"super-news\"},\"url\":\"https:\\\/\\\/super-news.info\\\/pt\\\/author\\\/pt\\\/\"}]}<\/script>\n<!-- \/ Yoast SEO plugin. -->","yoast_head_json":{"title":"Novos movimentos sindicais respondem \u00e0 altera\u00e7\u00e3o econ\u00f3mica \u2013 O Jornal Econ\u00f3mico - Super News","robots":{"index":"index","follow":"follow","max-snippet":"max-snippet:-1","max-image-preview":"max-image-preview:large","max-video-preview":"max-video-preview:-1"},"canonical":"https:\/\/super-news.info\/pt\/novos-movimentos-sindicais-respondem-a-alteracao-economica-o-jornal-economico\/","og_locale":"pt_PT","og_type":"article","og_title":"Novos movimentos sindicais respondem \u00e0 altera\u00e7\u00e3o econ\u00f3mica \u2013 O Jornal Econ\u00f3mico - Super News","og_description":"[ad_1] Formado h\u00e1 poucos meses, um sindicato constitu\u00eddo por 800 motoristas quase paralisa o pa\u00eds; v\u00e1rios sindicatos de enfermeiros recorrem a \u201ccrowdfunding\u201d para financiar greves por tempo indeterminado; um novo sindicato de professores cria um fundo de greve e assume o objetivo de endurecer a luta social. Est\u00e1 em curso uma revolu\u00e7\u00e3o na atividade sindical [&hellip;]","og_url":"https:\/\/super-news.info\/pt\/novos-movimentos-sindicais-respondem-a-alteracao-economica-o-jornal-economico\/","og_site_name":"Super News","article_published_time":"2019-04-29T10:51:40+00:00","article_modified_time":"2019-04-29T10:51:41+00:00","og_image":[{"width":960,"height":600,"url":"https:\/\/super-news.info\/pt\/wp-content\/uploads\/sites\/2\/2019\/04\/Novos-movimentos-sindicais-respondem-\u00e0-altera\u00e7\u00e3o-econ\u00f3mica-\u2013-O-Jornal.jpg","type":"image\/jpeg"}],"author":"super-news","twitter_card":"summary_large_image","twitter_misc":{"Escrito por":"super-news","Tempo estimado de leitura":"2 minutos"},"schema":{"@context":"https:\/\/schema.org","@graph":[{"@type":"Article","@id":"https:\/\/super-news.info\/pt\/novos-movimentos-sindicais-respondem-a-alteracao-economica-o-jornal-economico\/#article","isPartOf":{"@id":"https:\/\/super-news.info\/pt\/novos-movimentos-sindicais-respondem-a-alteracao-economica-o-jornal-economico\/"},"author":{"name":"super-news","@id":"https:\/\/super-news.info\/pt\/#\/schema\/person\/2d4068cb2f39cd10008c2fce578a7356"},"headline":"Novos movimentos sindicais respondem \u00e0 altera\u00e7\u00e3o econ\u00f3mica \u2013 O Jornal Econ\u00f3mico","datePublished":"2019-04-29T10:51:40+00:00","dateModified":"2019-04-29T10:51:41+00:00","mainEntityOfPage":{"@id":"https:\/\/super-news.info\/pt\/novos-movimentos-sindicais-respondem-a-alteracao-economica-o-jornal-economico\/"},"wordCount":340,"commentCount":0,"image":{"@id":"https:\/\/super-news.info\/pt\/novos-movimentos-sindicais-respondem-a-alteracao-economica-o-jornal-economico\/#primaryimage"},"thumbnailUrl":"https:\/\/super-news.info\/pt\/wp-content\/uploads\/sites\/2\/2019\/04\/Novos-movimentos-sindicais-respondem-\u00e0-altera\u00e7\u00e3o-econ\u00f3mica-\u2013-O-Jornal.jpg","articleSection":["NOT\u00cdCIAS FINANCEIRAS"],"inLanguage":"pt-PT","potentialAction":[{"@type":"CommentAction","name":"Comment","target":["https:\/\/super-news.info\/pt\/novos-movimentos-sindicais-respondem-a-alteracao-economica-o-jornal-economico\/#respond"]}]},{"@type":"WebPage","@id":"https:\/\/super-news.info\/pt\/novos-movimentos-sindicais-respondem-a-alteracao-economica-o-jornal-economico\/","url":"https:\/\/super-news.info\/pt\/novos-movimentos-sindicais-respondem-a-alteracao-economica-o-jornal-economico\/","name":"Novos movimentos sindicais respondem \u00e0 altera\u00e7\u00e3o econ\u00f3mica \u2013 O Jornal Econ\u00f3mico - Super News","isPartOf":{"@id":"https:\/\/super-news.info\/pt\/#website"},"primaryImageOfPage":{"@id":"https:\/\/super-news.info\/pt\/novos-movimentos-sindicais-respondem-a-alteracao-economica-o-jornal-economico\/#primaryimage"},"image":{"@id":"https:\/\/super-news.info\/pt\/novos-movimentos-sindicais-respondem-a-alteracao-economica-o-jornal-economico\/#primaryimage"},"thumbnailUrl":"https:\/\/super-news.info\/pt\/wp-content\/uploads\/sites\/2\/2019\/04\/Novos-movimentos-sindicais-respondem-\u00e0-altera\u00e7\u00e3o-econ\u00f3mica-\u2013-O-Jornal.jpg","datePublished":"2019-04-29T10:51:40+00:00","dateModified":"2019-04-29T10:51:41+00:00","author":{"@id":"https:\/\/super-news.info\/pt\/#\/schema\/person\/2d4068cb2f39cd10008c2fce578a7356"},"breadcrumb":{"@id":"https:\/\/super-news.info\/pt\/novos-movimentos-sindicais-respondem-a-alteracao-economica-o-jornal-economico\/#breadcrumb"},"inLanguage":"pt-PT","potentialAction":[{"@type":"ReadAction","target":["https:\/\/super-news.info\/pt\/novos-movimentos-sindicais-respondem-a-alteracao-economica-o-jornal-economico\/"]}]},{"@type":"ImageObject","inLanguage":"pt-PT","@id":"https:\/\/super-news.info\/pt\/novos-movimentos-sindicais-respondem-a-alteracao-economica-o-jornal-economico\/#primaryimage","url":"https:\/\/super-news.info\/pt\/wp-content\/uploads\/sites\/2\/2019\/04\/Novos-movimentos-sindicais-respondem-\u00e0-altera\u00e7\u00e3o-econ\u00f3mica-\u2013-O-Jornal.jpg","contentUrl":"https:\/\/super-news.info\/pt\/wp-content\/uploads\/sites\/2\/2019\/04\/Novos-movimentos-sindicais-respondem-\u00e0-altera\u00e7\u00e3o-econ\u00f3mica-\u2013-O-Jornal.jpg","width":960,"height":600,"caption":"Novos movimentos sindicais respondem \u00e0 altera\u00e7\u00e3o econ\u00f3mica \u2013 O Jornal Econ\u00f3mico"},{"@type":"BreadcrumbList","@id":"https:\/\/super-news.info\/pt\/novos-movimentos-sindicais-respondem-a-alteracao-economica-o-jornal-economico\/#breadcrumb","itemListElement":[{"@type":"ListItem","position":1,"name":"\u0413\u043b\u0430\u0432\u043d\u0430\u044f \u0441\u0442\u0440\u0430\u043d\u0438\u0446\u0430","item":"https:\/\/super-news.info\/pt\/"},{"@type":"ListItem","position":2,"name":"Novos movimentos sindicais respondem \u00e0 altera\u00e7\u00e3o econ\u00f3mica \u2013 O Jornal Econ\u00f3mico"}]},{"@type":"WebSite","@id":"https:\/\/super-news.info\/pt\/#website","url":"https:\/\/super-news.info\/pt\/","name":"Super News","description":"Super News Portugal","potentialAction":[{"@type":"SearchAction","target":{"@type":"EntryPoint","urlTemplate":"https:\/\/super-news.info\/pt\/?s={search_term_string}"},"query-input":{"@type":"PropertyValueSpecification","valueRequired":true,"valueName":"search_term_string"}}],"inLanguage":"pt-PT"},{"@type":"Person","@id":"https:\/\/super-news.info\/pt\/#\/schema\/person\/2d4068cb2f39cd10008c2fce578a7356","name":"super-news","image":{"@type":"ImageObject","inLanguage":"pt-PT","@id":"https:\/\/secure.gravatar.com\/avatar\/64ebac40b93f26a154f8a9b5b6fdccfc46f442b26b3dd6756dbff3bf9dc76fd7?s=96&d=mm&r=g","url":"https:\/\/secure.gravatar.com\/avatar\/64ebac40b93f26a154f8a9b5b6fdccfc46f442b26b3dd6756dbff3bf9dc76fd7?s=96&d=mm&r=g","contentUrl":"https:\/\/secure.gravatar.com\/avatar\/64ebac40b93f26a154f8a9b5b6fdccfc46f442b26b3dd6756dbff3bf9dc76fd7?s=96&d=mm&r=g","caption":"super-news"},"url":"https:\/\/super-news.info\/pt\/author\/pt\/"}]}},"_links":{"self":[{"href":"https:\/\/super-news.info\/pt\/wp-json\/wp\/v2\/posts\/992","targetHints":{"allow":["GET"]}}],"collection":[{"href":"https:\/\/super-news.info\/pt\/wp-json\/wp\/v2\/posts"}],"about":[{"href":"https:\/\/super-news.info\/pt\/wp-json\/wp\/v2\/types\/post"}],"author":[{"embeddable":true,"href":"https:\/\/super-news.info\/pt\/wp-json\/wp\/v2\/users\/2"}],"replies":[{"embeddable":true,"href":"https:\/\/super-news.info\/pt\/wp-json\/wp\/v2\/comments?post=992"}],"version-history":[{"count":1,"href":"https:\/\/super-news.info\/pt\/wp-json\/wp\/v2\/posts\/992\/revisions"}],"predecessor-version":[{"id":994,"href":"https:\/\/super-news.info\/pt\/wp-json\/wp\/v2\/posts\/992\/revisions\/994"}],"wp:featuredmedia":[{"embeddable":true,"href":"https:\/\/super-news.info\/pt\/wp-json\/wp\/v2\/media\/993"}],"wp:attachment":[{"href":"https:\/\/super-news.info\/pt\/wp-json\/wp\/v2\/media?parent=992"}],"wp:term":[{"taxonomy":"category","embeddable":true,"href":"https:\/\/super-news.info\/pt\/wp-json\/wp\/v2\/categories?post=992"},{"taxonomy":"post_tag","embeddable":true,"href":"https:\/\/super-news.info\/pt\/wp-json\/wp\/v2\/tags?post=992"}],"curies":[{"name":"wp","href":"https:\/\/api.w.org\/{rel}","templated":true}]}}