{"id":986,"date":"2019-04-29T08:51:09","date_gmt":"2019-04-29T05:51:09","guid":{"rendered":"https:\/\/super-news.info\/pt\/alguns-boeing-737-max-estiveram-para-ficar-em-terra-em-2018-o-jornal-economico\/"},"modified":"2019-04-29T08:51:11","modified_gmt":"2019-04-29T05:51:11","slug":"alguns-boeing-737-max-estiveram-para-ficar-em-terra-em-2018-o-jornal-economico","status":"publish","type":"post","link":"https:\/\/super-news.info\/pt\/alguns-boeing-737-max-estiveram-para-ficar-em-terra-em-2018-o-jornal-economico\/","title":{"rendered":"Alguns Boeing 737 MAX estiveram para ficar em terra em 2018 \u2013 O Jornal Econ\u00f3mico"},"content":{"rendered":"<p> [ad_1]<br \/>\n<\/p>\n<div>\n<p>Inspetores norte-americanos consideraram manter em terra o ano passado alguns Boeing 737 MAX, ap\u00f3s saberem que o fabricante tinha desativado um sinal de alerta relativo ao \u201csoftware\u201d de controlo de voo, indicou hoje fonte pr\u00f3xima do dossier.<\/p>\n<p>Os funcion\u00e1rios da Administra\u00e7\u00e3o Federal de Avia\u00e7\u00e3o (FAA, na sigla em ingl\u00eas) estavam encarregados de supervisionar a companhia a\u00e9rea Southwest Airlines, a maior cliente do 737 MAX, com uma frota de 34 aparelhos na altura, disse a fonte, que n\u00e3o quis ser identificada, \u00e0 ag\u00eancia France Presse.<\/p>\n<p>Eles puseram a hip\u00f3tese de manter os avi\u00f5es em terra para se ter tempo para determinar se os pilotos tinham necessidade ou n\u00e3o de mais forma\u00e7\u00e3o, adiantou.<\/p>\n<p>Ap\u00f3s discuss\u00f5es abandonaram a pista e a informa\u00e7\u00e3o n\u00e3o chegou aos altos respons\u00e1veis da ag\u00eancia federal, disse ainda a mesma fonte, confirmando informa\u00e7\u00f5es do di\u00e1rio econ\u00f3mico Wall Street Journal.<\/p>\n<p>Os inspetores descobriram que a Boeing tinha decidido tornar opcional e a ser pago \u00e0 parte um sinal luminoso que alertava para avarias no \u201csoftware\u201d de controlo de voo MCAS, depois da Southwest ter pedido ao construtor para o reativar na sequ\u00eancia de um acidente de um 737 MAX 8 da Lion Air, que causou a morte de 189 pessoas a 29 de outubro.<\/p>\n<p>A Boeing tinha desativado automaticamente aquele sinal nos 737 MAX entregues \u00e0 Southwest, sem informar a companhia a\u00e9rea. Nem esta nem os pilotos sabiam das mudan\u00e7as quando come\u00e7aram a utilizar o avi\u00e3o em 2017, disse \u00e0 AFP uma porta-voz da Southwest.<\/p>\n<p>Como os reguladores, s\u00f3 foram informados depois da trag\u00e9dia da Lion Air.<\/p>\n<p>\u201cAp\u00f3s o acidente da Lion Air, a Boeing informou a Southwest que os sinais n\u00e3o funcionavam se n\u00e3o tiv\u00e9ssemos escolhido a op\u00e7\u00e3o\u201d, adiantou a porta-voz.<\/p>\n<p>Contactada pela AFP, a Boeing n\u00e3o respondeu no imediato.<\/p>\n<p>Uma avaria no \u2018software\u2019 de controlo de voo tem sido apontada como respons\u00e1vel pelos acidentes da Lion Air e da Ethiopian Airlines, com o mesmo modelo de avi\u00e3o, a 10 de mar\u00e7o, causando a morte de todas as 157 pessoas a bordo.<\/p>\n<p>Ap\u00f3s este segundo acidente, perto de 60 pa\u00edses interditaram o seu espa\u00e7o a\u00e9reo ou suspenderam temporariamente a utiliza\u00e7\u00e3o de aeronaves Boeing 737 MAX 8.<\/p>\n<p>A Boeing anunciou no in\u00edcio de abril que a partir de meados do m\u00eas reduziria a produ\u00e7\u00e3o do avi\u00e3o de 52 para 42 por m\u00eas, para se poder concentrar em solucionar a avaria no \u2018software\u2019 de controlo de voo que tem sido apontado como respons\u00e1vel pelos acidentes.<\/p>\n<p>Segundo a empresa, esta crise j\u00e1 lhe custou mil milh\u00f5es de d\u00f3lares (cerca de 896 milh\u00f5es de euros).<\/p>\n<\/div>\n<p><script>\/*<![CDATA[*\/function facebookInit(){var js=document.createElement('script');js.src='https:\/\/connect.facebook.net\/pt_PT\/sdk.js#xfbml=1&#038;version=v3.1&#038;appId=1708066812789184&#038;autoLogAppEvents=1';return document.body.appendChild(js);}\nwindow.onscroll=function(){var rect=document.getElementsByClassName('je-post-content')[0].getBoundingClientRect();if(rect.bottom<window.innerHeight){facebookInit();window.onscroll=null;}}\/*]]>*\/<\/script><br \/>\n<br \/>[ad_2]<br \/>\n<br \/><a href=\"https:\/\/jornaleconomico.sapo.pt\/noticias\/alguns-boeing-737-max-estiveram-para-ficar-em-terra-em-2018-438364\">Source link <\/a><\/p>\n","protected":false},"excerpt":{"rendered":"<p>[ad_1] Inspetores norte-americanos consideraram manter em terra o ano passado alguns Boeing 737 MAX, ap\u00f3s saberem que o fabricante tinha desativado um sinal de alerta relativo ao \u201csoftware\u201d de controlo de voo, indicou hoje fonte pr\u00f3xima do dossier. Os funcion\u00e1rios da Administra\u00e7\u00e3o Federal de Avia\u00e7\u00e3o (FAA, na sigla em ingl\u00eas) estavam encarregados de supervisionar a [&hellip;]<\/p>\n","protected":false},"author":2,"featured_media":987,"comment_status":"open","ping_status":"open","sticky":false,"template":"","format":"standard","meta":{"footnotes":""},"categories":[1],"tags":[],"class_list":["post-986","post","type-post","status-publish","format-standard","has-post-thumbnail","hentry","category-noticias-financeiras"],"yoast_head":"<!-- This site is optimized with the Yoast SEO plugin v27.4 - https:\/\/yoast.com\/product\/yoast-seo-wordpress\/ -->\n<title>Alguns Boeing 737 MAX estiveram para ficar em terra em 2018 \u2013 O Jornal Econ\u00f3mico - Super News<\/title>\n<meta name=\"robots\" content=\"index, follow, max-snippet:-1, max-image-preview:large, max-video-preview:-1\" \/>\n<link rel=\"canonical\" href=\"https:\/\/super-news.info\/pt\/alguns-boeing-737-max-estiveram-para-ficar-em-terra-em-2018-o-jornal-economico\/\" \/>\n<meta property=\"og:locale\" content=\"pt_PT\" \/>\n<meta property=\"og:type\" content=\"article\" \/>\n<meta property=\"og:title\" content=\"Alguns Boeing 737 MAX estiveram para ficar em terra em 2018 \u2013 O Jornal Econ\u00f3mico - Super News\" \/>\n<meta property=\"og:description\" content=\"[ad_1] Inspetores norte-americanos consideraram manter em terra o ano passado alguns Boeing 737 MAX, ap\u00f3s saberem que o fabricante tinha desativado um sinal de alerta relativo ao \u201csoftware\u201d de controlo de voo, indicou hoje fonte pr\u00f3xima do dossier. Os funcion\u00e1rios da Administra\u00e7\u00e3o Federal de Avia\u00e7\u00e3o (FAA, na sigla em ingl\u00eas) estavam encarregados de supervisionar a [&hellip;]\" \/>\n<meta property=\"og:url\" content=\"https:\/\/super-news.info\/pt\/alguns-boeing-737-max-estiveram-para-ficar-em-terra-em-2018-o-jornal-economico\/\" \/>\n<meta property=\"og:site_name\" content=\"Super News\" \/>\n<meta property=\"article:published_time\" content=\"2019-04-29T05:51:09+00:00\" \/>\n<meta property=\"article:modified_time\" content=\"2019-04-29T05:51:11+00:00\" \/>\n<meta property=\"og:image\" content=\"https:\/\/super-news.info\/pt\/wp-content\/uploads\/sites\/2\/2019\/04\/Alguns-Boeing-737-MAX-estiveram-para-ficar-em-terra-em.jpg\" \/>\n\t<meta property=\"og:image:width\" content=\"960\" \/>\n\t<meta property=\"og:image:height\" content=\"600\" \/>\n\t<meta property=\"og:image:type\" content=\"image\/jpeg\" \/>\n<meta name=\"author\" content=\"super-news\" \/>\n<meta name=\"twitter:card\" content=\"summary_large_image\" \/>\n<meta name=\"twitter:label1\" content=\"Escrito por\" \/>\n\t<meta name=\"twitter:data1\" content=\"super-news\" \/>\n\t<meta name=\"twitter:label2\" content=\"Tempo estimado de leitura\" \/>\n\t<meta name=\"twitter:data2\" content=\"2 minutos\" \/>\n<script type=\"application\/ld+json\" class=\"yoast-schema-graph\">{\"@context\":\"https:\\\/\\\/schema.org\",\"@graph\":[{\"@type\":\"Article\",\"@id\":\"https:\\\/\\\/super-news.info\\\/pt\\\/alguns-boeing-737-max-estiveram-para-ficar-em-terra-em-2018-o-jornal-economico\\\/#article\",\"isPartOf\":{\"@id\":\"https:\\\/\\\/super-news.info\\\/pt\\\/alguns-boeing-737-max-estiveram-para-ficar-em-terra-em-2018-o-jornal-economico\\\/\"},\"author\":{\"name\":\"super-news\",\"@id\":\"https:\\\/\\\/super-news.info\\\/pt\\\/#\\\/schema\\\/person\\\/2d4068cb2f39cd10008c2fce578a7356\"},\"headline\":\"Alguns Boeing 737 MAX estiveram para ficar em terra em 2018 \u2013 O Jornal Econ\u00f3mico\",\"datePublished\":\"2019-04-29T05:51:09+00:00\",\"dateModified\":\"2019-04-29T05:51:11+00:00\",\"mainEntityOfPage\":{\"@id\":\"https:\\\/\\\/super-news.info\\\/pt\\\/alguns-boeing-737-max-estiveram-para-ficar-em-terra-em-2018-o-jornal-economico\\\/\"},\"wordCount\":469,\"commentCount\":0,\"image\":{\"@id\":\"https:\\\/\\\/super-news.info\\\/pt\\\/alguns-boeing-737-max-estiveram-para-ficar-em-terra-em-2018-o-jornal-economico\\\/#primaryimage\"},\"thumbnailUrl\":\"https:\\\/\\\/super-news.info\\\/pt\\\/wp-content\\\/uploads\\\/sites\\\/2\\\/2019\\\/04\\\/Alguns-Boeing-737-MAX-estiveram-para-ficar-em-terra-em.jpg\",\"articleSection\":[\"NOT\u00cdCIAS FINANCEIRAS\"],\"inLanguage\":\"pt-PT\",\"potentialAction\":[{\"@type\":\"CommentAction\",\"name\":\"Comment\",\"target\":[\"https:\\\/\\\/super-news.info\\\/pt\\\/alguns-boeing-737-max-estiveram-para-ficar-em-terra-em-2018-o-jornal-economico\\\/#respond\"]}]},{\"@type\":\"WebPage\",\"@id\":\"https:\\\/\\\/super-news.info\\\/pt\\\/alguns-boeing-737-max-estiveram-para-ficar-em-terra-em-2018-o-jornal-economico\\\/\",\"url\":\"https:\\\/\\\/super-news.info\\\/pt\\\/alguns-boeing-737-max-estiveram-para-ficar-em-terra-em-2018-o-jornal-economico\\\/\",\"name\":\"Alguns Boeing 737 MAX estiveram para ficar em terra em 2018 \u2013 O Jornal Econ\u00f3mico - Super News\",\"isPartOf\":{\"@id\":\"https:\\\/\\\/super-news.info\\\/pt\\\/#website\"},\"primaryImageOfPage\":{\"@id\":\"https:\\\/\\\/super-news.info\\\/pt\\\/alguns-boeing-737-max-estiveram-para-ficar-em-terra-em-2018-o-jornal-economico\\\/#primaryimage\"},\"image\":{\"@id\":\"https:\\\/\\\/super-news.info\\\/pt\\\/alguns-boeing-737-max-estiveram-para-ficar-em-terra-em-2018-o-jornal-economico\\\/#primaryimage\"},\"thumbnailUrl\":\"https:\\\/\\\/super-news.info\\\/pt\\\/wp-content\\\/uploads\\\/sites\\\/2\\\/2019\\\/04\\\/Alguns-Boeing-737-MAX-estiveram-para-ficar-em-terra-em.jpg\",\"datePublished\":\"2019-04-29T05:51:09+00:00\",\"dateModified\":\"2019-04-29T05:51:11+00:00\",\"author\":{\"@id\":\"https:\\\/\\\/super-news.info\\\/pt\\\/#\\\/schema\\\/person\\\/2d4068cb2f39cd10008c2fce578a7356\"},\"breadcrumb\":{\"@id\":\"https:\\\/\\\/super-news.info\\\/pt\\\/alguns-boeing-737-max-estiveram-para-ficar-em-terra-em-2018-o-jornal-economico\\\/#breadcrumb\"},\"inLanguage\":\"pt-PT\",\"potentialAction\":[{\"@type\":\"ReadAction\",\"target\":[\"https:\\\/\\\/super-news.info\\\/pt\\\/alguns-boeing-737-max-estiveram-para-ficar-em-terra-em-2018-o-jornal-economico\\\/\"]}]},{\"@type\":\"ImageObject\",\"inLanguage\":\"pt-PT\",\"@id\":\"https:\\\/\\\/super-news.info\\\/pt\\\/alguns-boeing-737-max-estiveram-para-ficar-em-terra-em-2018-o-jornal-economico\\\/#primaryimage\",\"url\":\"https:\\\/\\\/super-news.info\\\/pt\\\/wp-content\\\/uploads\\\/sites\\\/2\\\/2019\\\/04\\\/Alguns-Boeing-737-MAX-estiveram-para-ficar-em-terra-em.jpg\",\"contentUrl\":\"https:\\\/\\\/super-news.info\\\/pt\\\/wp-content\\\/uploads\\\/sites\\\/2\\\/2019\\\/04\\\/Alguns-Boeing-737-MAX-estiveram-para-ficar-em-terra-em.jpg\",\"width\":960,\"height\":600,\"caption\":\"Alguns Boeing 737 MAX estiveram para ficar em terra em 2018 \u2013 O Jornal Econ\u00f3mico\"},{\"@type\":\"BreadcrumbList\",\"@id\":\"https:\\\/\\\/super-news.info\\\/pt\\\/alguns-boeing-737-max-estiveram-para-ficar-em-terra-em-2018-o-jornal-economico\\\/#breadcrumb\",\"itemListElement\":[{\"@type\":\"ListItem\",\"position\":1,\"name\":\"\u0413\u043b\u0430\u0432\u043d\u0430\u044f \u0441\u0442\u0440\u0430\u043d\u0438\u0446\u0430\",\"item\":\"https:\\\/\\\/super-news.info\\\/pt\\\/\"},{\"@type\":\"ListItem\",\"position\":2,\"name\":\"Alguns Boeing 737 MAX estiveram para ficar em terra em 2018 \u2013 O Jornal Econ\u00f3mico\"}]},{\"@type\":\"WebSite\",\"@id\":\"https:\\\/\\\/super-news.info\\\/pt\\\/#website\",\"url\":\"https:\\\/\\\/super-news.info\\\/pt\\\/\",\"name\":\"Super News\",\"description\":\"Super News Portugal\",\"potentialAction\":[{\"@type\":\"SearchAction\",\"target\":{\"@type\":\"EntryPoint\",\"urlTemplate\":\"https:\\\/\\\/super-news.info\\\/pt\\\/?s={search_term_string}\"},\"query-input\":{\"@type\":\"PropertyValueSpecification\",\"valueRequired\":true,\"valueName\":\"search_term_string\"}}],\"inLanguage\":\"pt-PT\"},{\"@type\":\"Person\",\"@id\":\"https:\\\/\\\/super-news.info\\\/pt\\\/#\\\/schema\\\/person\\\/2d4068cb2f39cd10008c2fce578a7356\",\"name\":\"super-news\",\"image\":{\"@type\":\"ImageObject\",\"inLanguage\":\"pt-PT\",\"@id\":\"https:\\\/\\\/secure.gravatar.com\\\/avatar\\\/64ebac40b93f26a154f8a9b5b6fdccfc46f442b26b3dd6756dbff3bf9dc76fd7?s=96&d=mm&r=g\",\"url\":\"https:\\\/\\\/secure.gravatar.com\\\/avatar\\\/64ebac40b93f26a154f8a9b5b6fdccfc46f442b26b3dd6756dbff3bf9dc76fd7?s=96&d=mm&r=g\",\"contentUrl\":\"https:\\\/\\\/secure.gravatar.com\\\/avatar\\\/64ebac40b93f26a154f8a9b5b6fdccfc46f442b26b3dd6756dbff3bf9dc76fd7?s=96&d=mm&r=g\",\"caption\":\"super-news\"},\"url\":\"https:\\\/\\\/super-news.info\\\/pt\\\/author\\\/pt\\\/\"}]}<\/script>\n<!-- \/ Yoast SEO plugin. -->","yoast_head_json":{"title":"Alguns Boeing 737 MAX estiveram para ficar em terra em 2018 \u2013 O Jornal Econ\u00f3mico - Super News","robots":{"index":"index","follow":"follow","max-snippet":"max-snippet:-1","max-image-preview":"max-image-preview:large","max-video-preview":"max-video-preview:-1"},"canonical":"https:\/\/super-news.info\/pt\/alguns-boeing-737-max-estiveram-para-ficar-em-terra-em-2018-o-jornal-economico\/","og_locale":"pt_PT","og_type":"article","og_title":"Alguns Boeing 737 MAX estiveram para ficar em terra em 2018 \u2013 O Jornal Econ\u00f3mico - Super News","og_description":"[ad_1] Inspetores norte-americanos consideraram manter em terra o ano passado alguns Boeing 737 MAX, ap\u00f3s saberem que o fabricante tinha desativado um sinal de alerta relativo ao \u201csoftware\u201d de controlo de voo, indicou hoje fonte pr\u00f3xima do dossier. Os funcion\u00e1rios da Administra\u00e7\u00e3o Federal de Avia\u00e7\u00e3o (FAA, na sigla em ingl\u00eas) estavam encarregados de supervisionar a [&hellip;]","og_url":"https:\/\/super-news.info\/pt\/alguns-boeing-737-max-estiveram-para-ficar-em-terra-em-2018-o-jornal-economico\/","og_site_name":"Super News","article_published_time":"2019-04-29T05:51:09+00:00","article_modified_time":"2019-04-29T05:51:11+00:00","og_image":[{"width":960,"height":600,"url":"https:\/\/super-news.info\/pt\/wp-content\/uploads\/sites\/2\/2019\/04\/Alguns-Boeing-737-MAX-estiveram-para-ficar-em-terra-em.jpg","type":"image\/jpeg"}],"author":"super-news","twitter_card":"summary_large_image","twitter_misc":{"Escrito por":"super-news","Tempo estimado de leitura":"2 minutos"},"schema":{"@context":"https:\/\/schema.org","@graph":[{"@type":"Article","@id":"https:\/\/super-news.info\/pt\/alguns-boeing-737-max-estiveram-para-ficar-em-terra-em-2018-o-jornal-economico\/#article","isPartOf":{"@id":"https:\/\/super-news.info\/pt\/alguns-boeing-737-max-estiveram-para-ficar-em-terra-em-2018-o-jornal-economico\/"},"author":{"name":"super-news","@id":"https:\/\/super-news.info\/pt\/#\/schema\/person\/2d4068cb2f39cd10008c2fce578a7356"},"headline":"Alguns Boeing 737 MAX estiveram para ficar em terra em 2018 \u2013 O Jornal Econ\u00f3mico","datePublished":"2019-04-29T05:51:09+00:00","dateModified":"2019-04-29T05:51:11+00:00","mainEntityOfPage":{"@id":"https:\/\/super-news.info\/pt\/alguns-boeing-737-max-estiveram-para-ficar-em-terra-em-2018-o-jornal-economico\/"},"wordCount":469,"commentCount":0,"image":{"@id":"https:\/\/super-news.info\/pt\/alguns-boeing-737-max-estiveram-para-ficar-em-terra-em-2018-o-jornal-economico\/#primaryimage"},"thumbnailUrl":"https:\/\/super-news.info\/pt\/wp-content\/uploads\/sites\/2\/2019\/04\/Alguns-Boeing-737-MAX-estiveram-para-ficar-em-terra-em.jpg","articleSection":["NOT\u00cdCIAS FINANCEIRAS"],"inLanguage":"pt-PT","potentialAction":[{"@type":"CommentAction","name":"Comment","target":["https:\/\/super-news.info\/pt\/alguns-boeing-737-max-estiveram-para-ficar-em-terra-em-2018-o-jornal-economico\/#respond"]}]},{"@type":"WebPage","@id":"https:\/\/super-news.info\/pt\/alguns-boeing-737-max-estiveram-para-ficar-em-terra-em-2018-o-jornal-economico\/","url":"https:\/\/super-news.info\/pt\/alguns-boeing-737-max-estiveram-para-ficar-em-terra-em-2018-o-jornal-economico\/","name":"Alguns Boeing 737 MAX estiveram para ficar em terra em 2018 \u2013 O Jornal Econ\u00f3mico - Super News","isPartOf":{"@id":"https:\/\/super-news.info\/pt\/#website"},"primaryImageOfPage":{"@id":"https:\/\/super-news.info\/pt\/alguns-boeing-737-max-estiveram-para-ficar-em-terra-em-2018-o-jornal-economico\/#primaryimage"},"image":{"@id":"https:\/\/super-news.info\/pt\/alguns-boeing-737-max-estiveram-para-ficar-em-terra-em-2018-o-jornal-economico\/#primaryimage"},"thumbnailUrl":"https:\/\/super-news.info\/pt\/wp-content\/uploads\/sites\/2\/2019\/04\/Alguns-Boeing-737-MAX-estiveram-para-ficar-em-terra-em.jpg","datePublished":"2019-04-29T05:51:09+00:00","dateModified":"2019-04-29T05:51:11+00:00","author":{"@id":"https:\/\/super-news.info\/pt\/#\/schema\/person\/2d4068cb2f39cd10008c2fce578a7356"},"breadcrumb":{"@id":"https:\/\/super-news.info\/pt\/alguns-boeing-737-max-estiveram-para-ficar-em-terra-em-2018-o-jornal-economico\/#breadcrumb"},"inLanguage":"pt-PT","potentialAction":[{"@type":"ReadAction","target":["https:\/\/super-news.info\/pt\/alguns-boeing-737-max-estiveram-para-ficar-em-terra-em-2018-o-jornal-economico\/"]}]},{"@type":"ImageObject","inLanguage":"pt-PT","@id":"https:\/\/super-news.info\/pt\/alguns-boeing-737-max-estiveram-para-ficar-em-terra-em-2018-o-jornal-economico\/#primaryimage","url":"https:\/\/super-news.info\/pt\/wp-content\/uploads\/sites\/2\/2019\/04\/Alguns-Boeing-737-MAX-estiveram-para-ficar-em-terra-em.jpg","contentUrl":"https:\/\/super-news.info\/pt\/wp-content\/uploads\/sites\/2\/2019\/04\/Alguns-Boeing-737-MAX-estiveram-para-ficar-em-terra-em.jpg","width":960,"height":600,"caption":"Alguns Boeing 737 MAX estiveram para ficar em terra em 2018 \u2013 O Jornal Econ\u00f3mico"},{"@type":"BreadcrumbList","@id":"https:\/\/super-news.info\/pt\/alguns-boeing-737-max-estiveram-para-ficar-em-terra-em-2018-o-jornal-economico\/#breadcrumb","itemListElement":[{"@type":"ListItem","position":1,"name":"\u0413\u043b\u0430\u0432\u043d\u0430\u044f \u0441\u0442\u0440\u0430\u043d\u0438\u0446\u0430","item":"https:\/\/super-news.info\/pt\/"},{"@type":"ListItem","position":2,"name":"Alguns Boeing 737 MAX estiveram para ficar em terra em 2018 \u2013 O Jornal Econ\u00f3mico"}]},{"@type":"WebSite","@id":"https:\/\/super-news.info\/pt\/#website","url":"https:\/\/super-news.info\/pt\/","name":"Super News","description":"Super News Portugal","potentialAction":[{"@type":"SearchAction","target":{"@type":"EntryPoint","urlTemplate":"https:\/\/super-news.info\/pt\/?s={search_term_string}"},"query-input":{"@type":"PropertyValueSpecification","valueRequired":true,"valueName":"search_term_string"}}],"inLanguage":"pt-PT"},{"@type":"Person","@id":"https:\/\/super-news.info\/pt\/#\/schema\/person\/2d4068cb2f39cd10008c2fce578a7356","name":"super-news","image":{"@type":"ImageObject","inLanguage":"pt-PT","@id":"https:\/\/secure.gravatar.com\/avatar\/64ebac40b93f26a154f8a9b5b6fdccfc46f442b26b3dd6756dbff3bf9dc76fd7?s=96&d=mm&r=g","url":"https:\/\/secure.gravatar.com\/avatar\/64ebac40b93f26a154f8a9b5b6fdccfc46f442b26b3dd6756dbff3bf9dc76fd7?s=96&d=mm&r=g","contentUrl":"https:\/\/secure.gravatar.com\/avatar\/64ebac40b93f26a154f8a9b5b6fdccfc46f442b26b3dd6756dbff3bf9dc76fd7?s=96&d=mm&r=g","caption":"super-news"},"url":"https:\/\/super-news.info\/pt\/author\/pt\/"}]}},"_links":{"self":[{"href":"https:\/\/super-news.info\/pt\/wp-json\/wp\/v2\/posts\/986","targetHints":{"allow":["GET"]}}],"collection":[{"href":"https:\/\/super-news.info\/pt\/wp-json\/wp\/v2\/posts"}],"about":[{"href":"https:\/\/super-news.info\/pt\/wp-json\/wp\/v2\/types\/post"}],"author":[{"embeddable":true,"href":"https:\/\/super-news.info\/pt\/wp-json\/wp\/v2\/users\/2"}],"replies":[{"embeddable":true,"href":"https:\/\/super-news.info\/pt\/wp-json\/wp\/v2\/comments?post=986"}],"version-history":[{"count":1,"href":"https:\/\/super-news.info\/pt\/wp-json\/wp\/v2\/posts\/986\/revisions"}],"predecessor-version":[{"id":988,"href":"https:\/\/super-news.info\/pt\/wp-json\/wp\/v2\/posts\/986\/revisions\/988"}],"wp:featuredmedia":[{"embeddable":true,"href":"https:\/\/super-news.info\/pt\/wp-json\/wp\/v2\/media\/987"}],"wp:attachment":[{"href":"https:\/\/super-news.info\/pt\/wp-json\/wp\/v2\/media?parent=986"}],"wp:term":[{"taxonomy":"category","embeddable":true,"href":"https:\/\/super-news.info\/pt\/wp-json\/wp\/v2\/categories?post=986"},{"taxonomy":"post_tag","embeddable":true,"href":"https:\/\/super-news.info\/pt\/wp-json\/wp\/v2\/tags?post=986"}],"curies":[{"name":"wp","href":"https:\/\/api.w.org\/{rel}","templated":true}]}}