{"id":7365,"date":"2021-05-15T15:51:29","date_gmt":"2021-05-15T12:51:29","guid":{"rendered":"https:\/\/super-news.info\/pt\/federacao-portuguesa-de-golfe-vai-passar-a-contar-com-patrocinio-da-hyundai-meios-publicidade\/"},"modified":"2021-05-15T15:51:32","modified_gmt":"2021-05-15T12:51:32","slug":"federacao-portuguesa-de-golfe-vai-passar-a-contar-com-patrocinio-da-hyundai-meios-publicidade","status":"publish","type":"post","link":"https:\/\/super-news.info\/pt\/federacao-portuguesa-de-golfe-vai-passar-a-contar-com-patrocinio-da-hyundai-meios-publicidade\/","title":{"rendered":"Federa\u00e7\u00e3o Portuguesa de Golfe vai passar a contar com patroc\u00ednio da Hyundai &#8211; Meios &#038; Publicidade"},"content":{"rendered":"<p><\/p>\n<p>A Hyundai vai passar a marcar presen\u00e7a em todas as provas do calend\u00e1rio da Federa\u00e7\u00e3o Portuguesa de Golfe, assumindo-se tamb\u00e9m como viatura oficial do organismo que tutela a modalidade no territ\u00f3rio nacional. \u201cEsta alian\u00e7a da Hyundai \u00e0 Federa\u00e7\u00e3o Portuguesa de Golfe assenta num compromisso estrat\u00e9gico com o aumento da notoriedade da marca e reflecte uma orienta\u00e7\u00e3o comum para os valores de sustentabilidade e inclus\u00e3o social, de uma nova sociedade preocupada com o futuro\u201d, explica S\u00e9rgio Ribeiro, CEO da marca sul-coreana no mercado portugu\u00eas, sobre a parceria que ser\u00e1 v\u00e1lida para a pr\u00f3xima \u00e9poca desportiva.<br \/>\nO compromisso da marca com a mobilidade sustent\u00e1vel e a promo\u00e7\u00e3o da modalidade s\u00e3o apontados como os dois eixos convergentes desta parceria, tendo como objectivo \u201ca promo\u00e7\u00e3o do contacto entre os praticantes de golfe com uma nova gera\u00e7\u00e3o de ve\u00edculos, completamente renovada e tecnologicamente evolu\u00edda\u201d. \u201cEsta parceria \u00e9 sustentada em valores que s\u00e3o intr\u00ednsecos \u00e0s duas entidades, como a sustentabilidade ambiental, a efici\u00eancia energ\u00e9tica \u2013 com a implementa\u00e7\u00e3o de pol\u00edticas de gest\u00e3o racional dos recursos naturais, nomeadamente os h\u00eddricos, no caso dos campos de golfe \u2013 e uma constante aposta na evolu\u00e7\u00e3o tecnol\u00f3gica, por exemplo, atrav\u00e9s do processo de electrifica\u00e7\u00e3o autom\u00f3vel, no caso da marca sul-coreana\u201d, exemplifica-se em nota de imprensa.<br \/>\nPara Miguel Franco de Sousa, presidente da FPG, \u201co investimento no golfe por parte de uma grande marca como a Hyundai contribuir\u00e1 decisivamente, n\u00e3o s\u00f3 para uma maior visibilidade da modalidade, mas tamb\u00e9m para um mercado dom\u00e9stico mais robusto, instala\u00e7\u00f5es desportivas mais sustent\u00e1veis, uma sociedade mais saud\u00e1vel e mais capacitada em gerar riqueza para o pa\u00eds\u201d. J\u00e1 do lado da marcas, considera o dirigente, \u201ca associa\u00e7\u00e3o ao golfe e \u00e0 Federa\u00e7\u00e3o Portuguesa de Golfe conferir\u00e1 \u00e0 Hyundai um aumento da notoriedade da sua marca no nosso pa\u00eds, bem como um incremento da sua reputa\u00e7\u00e3o\u201d.<\/p>\n<p>\n<!--noindex--><br \/>\n<a href=\"https:\/\/www.meiosepublicidade.pt\/2021\/05\/federacao-portuguesa-de-golfe-vai-passar-a-contar-com-patrocinio-da-hyundai\/?utm_source=rss&#038;utm_medium=rss&#038;utm_campaign=federacao-portuguesa-de-golfe-vai-passar-a-contar-com-patrocinio-da-hyundai\" rel=\"nofollow\">Source link <\/a><br \/>\n<!--\/noindex--><\/p>\n","protected":false},"excerpt":{"rendered":"<p>A Hyundai vai passar a marcar presen\u00e7a em todas as provas do calend\u00e1rio da Federa\u00e7\u00e3o Portuguesa de Golfe, assumindo-se tamb\u00e9m como viatura oficial do organismo que tutela a modalidade no territ\u00f3rio nacional. \u201cEsta alian\u00e7a da Hyundai \u00e0 Federa\u00e7\u00e3o Portuguesa de Golfe assenta num compromisso estrat\u00e9gico com o aumento da notoriedade da marca e reflecte uma [&hellip;]<\/p>\n","protected":false},"author":2,"featured_media":7366,"comment_status":"open","ping_status":"open","sticky":false,"template":"","format":"standard","meta":{"footnotes":""},"categories":[2],"tags":[],"class_list":["post-7365","post","type-post","status-publish","format-standard","has-post-thumbnail","hentry","category-noticias-de-marketing-digital"],"yoast_head":"<!-- This site is optimized with the Yoast SEO plugin v27.4 - https:\/\/yoast.com\/product\/yoast-seo-wordpress\/ -->\n<title>Federa\u00e7\u00e3o Portuguesa de Golfe vai passar a contar com patroc\u00ednio da Hyundai - Meios &amp; Publicidade - Super News<\/title>\n<meta name=\"robots\" content=\"index, follow, max-snippet:-1, max-image-preview:large, max-video-preview:-1\" \/>\n<link rel=\"canonical\" href=\"https:\/\/super-news.info\/pt\/federacao-portuguesa-de-golfe-vai-passar-a-contar-com-patrocinio-da-hyundai-meios-publicidade\/\" \/>\n<meta property=\"og:locale\" content=\"pt_PT\" \/>\n<meta property=\"og:type\" content=\"article\" \/>\n<meta property=\"og:title\" content=\"Federa\u00e7\u00e3o Portuguesa de Golfe vai passar a contar com patroc\u00ednio da Hyundai - Meios &amp; Publicidade - Super News\" \/>\n<meta property=\"og:description\" content=\"A Hyundai vai passar a marcar presen\u00e7a em todas as provas do calend\u00e1rio da Federa\u00e7\u00e3o Portuguesa de Golfe, assumindo-se tamb\u00e9m como viatura oficial do organismo que tutela a modalidade no territ\u00f3rio nacional. \u201cEsta alian\u00e7a da Hyundai \u00e0 Federa\u00e7\u00e3o Portuguesa de Golfe assenta num compromisso estrat\u00e9gico com o aumento da notoriedade da marca e reflecte uma [&hellip;]\" \/>\n<meta property=\"og:url\" content=\"https:\/\/super-news.info\/pt\/federacao-portuguesa-de-golfe-vai-passar-a-contar-com-patrocinio-da-hyundai-meios-publicidade\/\" \/>\n<meta property=\"og:site_name\" content=\"Super News\" \/>\n<meta property=\"article:published_time\" content=\"2021-05-15T12:51:29+00:00\" \/>\n<meta property=\"article:modified_time\" content=\"2021-05-15T12:51:32+00:00\" \/>\n<meta property=\"og:image\" content=\"https:\/\/super-news.info\/pt\/wp-content\/uploads\/sites\/2\/2021\/05\/Federacao-Portuguesa-de-Golfe-vai-passar-a-contar-com-patrocinio.jpg\" \/>\n\t<meta property=\"og:image:width\" content=\"1291\" \/>\n\t<meta property=\"og:image:height\" content=\"968\" \/>\n\t<meta property=\"og:image:type\" content=\"image\/jpeg\" \/>\n<meta name=\"author\" content=\"super-news\" \/>\n<meta name=\"twitter:card\" content=\"summary_large_image\" \/>\n<meta name=\"twitter:label1\" content=\"Escrito por\" \/>\n\t<meta name=\"twitter:data1\" content=\"super-news\" \/>\n\t<meta name=\"twitter:label2\" content=\"Tempo estimado de leitura\" \/>\n\t<meta name=\"twitter:data2\" content=\"2 minutos\" \/>\n<script type=\"application\/ld+json\" class=\"yoast-schema-graph\">{\"@context\":\"https:\\\/\\\/schema.org\",\"@graph\":[{\"@type\":\"Article\",\"@id\":\"https:\\\/\\\/super-news.info\\\/pt\\\/federacao-portuguesa-de-golfe-vai-passar-a-contar-com-patrocinio-da-hyundai-meios-publicidade\\\/#article\",\"isPartOf\":{\"@id\":\"https:\\\/\\\/super-news.info\\\/pt\\\/federacao-portuguesa-de-golfe-vai-passar-a-contar-com-patrocinio-da-hyundai-meios-publicidade\\\/\"},\"author\":{\"name\":\"super-news\",\"@id\":\"https:\\\/\\\/super-news.info\\\/pt\\\/#\\\/schema\\\/person\\\/2d4068cb2f39cd10008c2fce578a7356\"},\"headline\":\"Federa\u00e7\u00e3o Portuguesa de Golfe vai passar a contar com patroc\u00ednio da Hyundai &#8211; Meios &#038; Publicidade\",\"datePublished\":\"2021-05-15T12:51:29+00:00\",\"dateModified\":\"2021-05-15T12:51:32+00:00\",\"mainEntityOfPage\":{\"@id\":\"https:\\\/\\\/super-news.info\\\/pt\\\/federacao-portuguesa-de-golfe-vai-passar-a-contar-com-patrocinio-da-hyundai-meios-publicidade\\\/\"},\"wordCount\":357,\"commentCount\":0,\"image\":{\"@id\":\"https:\\\/\\\/super-news.info\\\/pt\\\/federacao-portuguesa-de-golfe-vai-passar-a-contar-com-patrocinio-da-hyundai-meios-publicidade\\\/#primaryimage\"},\"thumbnailUrl\":\"https:\\\/\\\/super-news.info\\\/pt\\\/wp-content\\\/uploads\\\/sites\\\/2\\\/2021\\\/05\\\/Federacao-Portuguesa-de-Golfe-vai-passar-a-contar-com-patrocinio.jpg\",\"articleSection\":[\"NOT\u00cdCIAS DE MARKETING DIGITAL\"],\"inLanguage\":\"pt-PT\",\"potentialAction\":[{\"@type\":\"CommentAction\",\"name\":\"Comment\",\"target\":[\"https:\\\/\\\/super-news.info\\\/pt\\\/federacao-portuguesa-de-golfe-vai-passar-a-contar-com-patrocinio-da-hyundai-meios-publicidade\\\/#respond\"]}]},{\"@type\":\"WebPage\",\"@id\":\"https:\\\/\\\/super-news.info\\\/pt\\\/federacao-portuguesa-de-golfe-vai-passar-a-contar-com-patrocinio-da-hyundai-meios-publicidade\\\/\",\"url\":\"https:\\\/\\\/super-news.info\\\/pt\\\/federacao-portuguesa-de-golfe-vai-passar-a-contar-com-patrocinio-da-hyundai-meios-publicidade\\\/\",\"name\":\"Federa\u00e7\u00e3o Portuguesa de Golfe vai passar a contar com patroc\u00ednio da Hyundai - Meios & Publicidade - Super News\",\"isPartOf\":{\"@id\":\"https:\\\/\\\/super-news.info\\\/pt\\\/#website\"},\"primaryImageOfPage\":{\"@id\":\"https:\\\/\\\/super-news.info\\\/pt\\\/federacao-portuguesa-de-golfe-vai-passar-a-contar-com-patrocinio-da-hyundai-meios-publicidade\\\/#primaryimage\"},\"image\":{\"@id\":\"https:\\\/\\\/super-news.info\\\/pt\\\/federacao-portuguesa-de-golfe-vai-passar-a-contar-com-patrocinio-da-hyundai-meios-publicidade\\\/#primaryimage\"},\"thumbnailUrl\":\"https:\\\/\\\/super-news.info\\\/pt\\\/wp-content\\\/uploads\\\/sites\\\/2\\\/2021\\\/05\\\/Federacao-Portuguesa-de-Golfe-vai-passar-a-contar-com-patrocinio.jpg\",\"datePublished\":\"2021-05-15T12:51:29+00:00\",\"dateModified\":\"2021-05-15T12:51:32+00:00\",\"author\":{\"@id\":\"https:\\\/\\\/super-news.info\\\/pt\\\/#\\\/schema\\\/person\\\/2d4068cb2f39cd10008c2fce578a7356\"},\"breadcrumb\":{\"@id\":\"https:\\\/\\\/super-news.info\\\/pt\\\/federacao-portuguesa-de-golfe-vai-passar-a-contar-com-patrocinio-da-hyundai-meios-publicidade\\\/#breadcrumb\"},\"inLanguage\":\"pt-PT\",\"potentialAction\":[{\"@type\":\"ReadAction\",\"target\":[\"https:\\\/\\\/super-news.info\\\/pt\\\/federacao-portuguesa-de-golfe-vai-passar-a-contar-com-patrocinio-da-hyundai-meios-publicidade\\\/\"]}]},{\"@type\":\"ImageObject\",\"inLanguage\":\"pt-PT\",\"@id\":\"https:\\\/\\\/super-news.info\\\/pt\\\/federacao-portuguesa-de-golfe-vai-passar-a-contar-com-patrocinio-da-hyundai-meios-publicidade\\\/#primaryimage\",\"url\":\"https:\\\/\\\/super-news.info\\\/pt\\\/wp-content\\\/uploads\\\/sites\\\/2\\\/2021\\\/05\\\/Federacao-Portuguesa-de-Golfe-vai-passar-a-contar-com-patrocinio.jpg\",\"contentUrl\":\"https:\\\/\\\/super-news.info\\\/pt\\\/wp-content\\\/uploads\\\/sites\\\/2\\\/2021\\\/05\\\/Federacao-Portuguesa-de-Golfe-vai-passar-a-contar-com-patrocinio.jpg\",\"width\":1291,\"height\":968,\"caption\":\"Federa\u00e7\u00e3o Portuguesa de Golfe vai passar a contar com patroc\u00ednio da Hyundai - Meios & Publicidade\"},{\"@type\":\"BreadcrumbList\",\"@id\":\"https:\\\/\\\/super-news.info\\\/pt\\\/federacao-portuguesa-de-golfe-vai-passar-a-contar-com-patrocinio-da-hyundai-meios-publicidade\\\/#breadcrumb\",\"itemListElement\":[{\"@type\":\"ListItem\",\"position\":1,\"name\":\"\u0413\u043b\u0430\u0432\u043d\u0430\u044f \u0441\u0442\u0440\u0430\u043d\u0438\u0446\u0430\",\"item\":\"https:\\\/\\\/super-news.info\\\/pt\\\/\"},{\"@type\":\"ListItem\",\"position\":2,\"name\":\"Federa\u00e7\u00e3o Portuguesa de Golfe vai passar a contar com patroc\u00ednio da Hyundai &#8211; Meios &#038; Publicidade\"}]},{\"@type\":\"WebSite\",\"@id\":\"https:\\\/\\\/super-news.info\\\/pt\\\/#website\",\"url\":\"https:\\\/\\\/super-news.info\\\/pt\\\/\",\"name\":\"Super News\",\"description\":\"Super News Portugal\",\"potentialAction\":[{\"@type\":\"SearchAction\",\"target\":{\"@type\":\"EntryPoint\",\"urlTemplate\":\"https:\\\/\\\/super-news.info\\\/pt\\\/?s={search_term_string}\"},\"query-input\":{\"@type\":\"PropertyValueSpecification\",\"valueRequired\":true,\"valueName\":\"search_term_string\"}}],\"inLanguage\":\"pt-PT\"},{\"@type\":\"Person\",\"@id\":\"https:\\\/\\\/super-news.info\\\/pt\\\/#\\\/schema\\\/person\\\/2d4068cb2f39cd10008c2fce578a7356\",\"name\":\"super-news\",\"image\":{\"@type\":\"ImageObject\",\"inLanguage\":\"pt-PT\",\"@id\":\"https:\\\/\\\/secure.gravatar.com\\\/avatar\\\/64ebac40b93f26a154f8a9b5b6fdccfc46f442b26b3dd6756dbff3bf9dc76fd7?s=96&d=mm&r=g\",\"url\":\"https:\\\/\\\/secure.gravatar.com\\\/avatar\\\/64ebac40b93f26a154f8a9b5b6fdccfc46f442b26b3dd6756dbff3bf9dc76fd7?s=96&d=mm&r=g\",\"contentUrl\":\"https:\\\/\\\/secure.gravatar.com\\\/avatar\\\/64ebac40b93f26a154f8a9b5b6fdccfc46f442b26b3dd6756dbff3bf9dc76fd7?s=96&d=mm&r=g\",\"caption\":\"super-news\"},\"url\":\"https:\\\/\\\/super-news.info\\\/pt\\\/author\\\/pt\\\/\"}]}<\/script>\n<!-- \/ Yoast SEO plugin. -->","yoast_head_json":{"title":"Federa\u00e7\u00e3o Portuguesa de Golfe vai passar a contar com patroc\u00ednio da Hyundai - Meios & Publicidade - Super News","robots":{"index":"index","follow":"follow","max-snippet":"max-snippet:-1","max-image-preview":"max-image-preview:large","max-video-preview":"max-video-preview:-1"},"canonical":"https:\/\/super-news.info\/pt\/federacao-portuguesa-de-golfe-vai-passar-a-contar-com-patrocinio-da-hyundai-meios-publicidade\/","og_locale":"pt_PT","og_type":"article","og_title":"Federa\u00e7\u00e3o Portuguesa de Golfe vai passar a contar com patroc\u00ednio da Hyundai - Meios & Publicidade - Super News","og_description":"A Hyundai vai passar a marcar presen\u00e7a em todas as provas do calend\u00e1rio da Federa\u00e7\u00e3o Portuguesa de Golfe, assumindo-se tamb\u00e9m como viatura oficial do organismo que tutela a modalidade no territ\u00f3rio nacional. \u201cEsta alian\u00e7a da Hyundai \u00e0 Federa\u00e7\u00e3o Portuguesa de Golfe assenta num compromisso estrat\u00e9gico com o aumento da notoriedade da marca e reflecte uma [&hellip;]","og_url":"https:\/\/super-news.info\/pt\/federacao-portuguesa-de-golfe-vai-passar-a-contar-com-patrocinio-da-hyundai-meios-publicidade\/","og_site_name":"Super News","article_published_time":"2021-05-15T12:51:29+00:00","article_modified_time":"2021-05-15T12:51:32+00:00","og_image":[{"width":1291,"height":968,"url":"https:\/\/super-news.info\/pt\/wp-content\/uploads\/sites\/2\/2021\/05\/Federacao-Portuguesa-de-Golfe-vai-passar-a-contar-com-patrocinio.jpg","type":"image\/jpeg"}],"author":"super-news","twitter_card":"summary_large_image","twitter_misc":{"Escrito por":"super-news","Tempo estimado de leitura":"2 minutos"},"schema":{"@context":"https:\/\/schema.org","@graph":[{"@type":"Article","@id":"https:\/\/super-news.info\/pt\/federacao-portuguesa-de-golfe-vai-passar-a-contar-com-patrocinio-da-hyundai-meios-publicidade\/#article","isPartOf":{"@id":"https:\/\/super-news.info\/pt\/federacao-portuguesa-de-golfe-vai-passar-a-contar-com-patrocinio-da-hyundai-meios-publicidade\/"},"author":{"name":"super-news","@id":"https:\/\/super-news.info\/pt\/#\/schema\/person\/2d4068cb2f39cd10008c2fce578a7356"},"headline":"Federa\u00e7\u00e3o Portuguesa de Golfe vai passar a contar com patroc\u00ednio da Hyundai &#8211; Meios &#038; Publicidade","datePublished":"2021-05-15T12:51:29+00:00","dateModified":"2021-05-15T12:51:32+00:00","mainEntityOfPage":{"@id":"https:\/\/super-news.info\/pt\/federacao-portuguesa-de-golfe-vai-passar-a-contar-com-patrocinio-da-hyundai-meios-publicidade\/"},"wordCount":357,"commentCount":0,"image":{"@id":"https:\/\/super-news.info\/pt\/federacao-portuguesa-de-golfe-vai-passar-a-contar-com-patrocinio-da-hyundai-meios-publicidade\/#primaryimage"},"thumbnailUrl":"https:\/\/super-news.info\/pt\/wp-content\/uploads\/sites\/2\/2021\/05\/Federacao-Portuguesa-de-Golfe-vai-passar-a-contar-com-patrocinio.jpg","articleSection":["NOT\u00cdCIAS DE MARKETING DIGITAL"],"inLanguage":"pt-PT","potentialAction":[{"@type":"CommentAction","name":"Comment","target":["https:\/\/super-news.info\/pt\/federacao-portuguesa-de-golfe-vai-passar-a-contar-com-patrocinio-da-hyundai-meios-publicidade\/#respond"]}]},{"@type":"WebPage","@id":"https:\/\/super-news.info\/pt\/federacao-portuguesa-de-golfe-vai-passar-a-contar-com-patrocinio-da-hyundai-meios-publicidade\/","url":"https:\/\/super-news.info\/pt\/federacao-portuguesa-de-golfe-vai-passar-a-contar-com-patrocinio-da-hyundai-meios-publicidade\/","name":"Federa\u00e7\u00e3o Portuguesa de Golfe vai passar a contar com patroc\u00ednio da Hyundai - Meios & Publicidade - Super News","isPartOf":{"@id":"https:\/\/super-news.info\/pt\/#website"},"primaryImageOfPage":{"@id":"https:\/\/super-news.info\/pt\/federacao-portuguesa-de-golfe-vai-passar-a-contar-com-patrocinio-da-hyundai-meios-publicidade\/#primaryimage"},"image":{"@id":"https:\/\/super-news.info\/pt\/federacao-portuguesa-de-golfe-vai-passar-a-contar-com-patrocinio-da-hyundai-meios-publicidade\/#primaryimage"},"thumbnailUrl":"https:\/\/super-news.info\/pt\/wp-content\/uploads\/sites\/2\/2021\/05\/Federacao-Portuguesa-de-Golfe-vai-passar-a-contar-com-patrocinio.jpg","datePublished":"2021-05-15T12:51:29+00:00","dateModified":"2021-05-15T12:51:32+00:00","author":{"@id":"https:\/\/super-news.info\/pt\/#\/schema\/person\/2d4068cb2f39cd10008c2fce578a7356"},"breadcrumb":{"@id":"https:\/\/super-news.info\/pt\/federacao-portuguesa-de-golfe-vai-passar-a-contar-com-patrocinio-da-hyundai-meios-publicidade\/#breadcrumb"},"inLanguage":"pt-PT","potentialAction":[{"@type":"ReadAction","target":["https:\/\/super-news.info\/pt\/federacao-portuguesa-de-golfe-vai-passar-a-contar-com-patrocinio-da-hyundai-meios-publicidade\/"]}]},{"@type":"ImageObject","inLanguage":"pt-PT","@id":"https:\/\/super-news.info\/pt\/federacao-portuguesa-de-golfe-vai-passar-a-contar-com-patrocinio-da-hyundai-meios-publicidade\/#primaryimage","url":"https:\/\/super-news.info\/pt\/wp-content\/uploads\/sites\/2\/2021\/05\/Federacao-Portuguesa-de-Golfe-vai-passar-a-contar-com-patrocinio.jpg","contentUrl":"https:\/\/super-news.info\/pt\/wp-content\/uploads\/sites\/2\/2021\/05\/Federacao-Portuguesa-de-Golfe-vai-passar-a-contar-com-patrocinio.jpg","width":1291,"height":968,"caption":"Federa\u00e7\u00e3o Portuguesa de Golfe vai passar a contar com patroc\u00ednio da Hyundai - Meios & Publicidade"},{"@type":"BreadcrumbList","@id":"https:\/\/super-news.info\/pt\/federacao-portuguesa-de-golfe-vai-passar-a-contar-com-patrocinio-da-hyundai-meios-publicidade\/#breadcrumb","itemListElement":[{"@type":"ListItem","position":1,"name":"\u0413\u043b\u0430\u0432\u043d\u0430\u044f \u0441\u0442\u0440\u0430\u043d\u0438\u0446\u0430","item":"https:\/\/super-news.info\/pt\/"},{"@type":"ListItem","position":2,"name":"Federa\u00e7\u00e3o Portuguesa de Golfe vai passar a contar com patroc\u00ednio da Hyundai &#8211; Meios &#038; Publicidade"}]},{"@type":"WebSite","@id":"https:\/\/super-news.info\/pt\/#website","url":"https:\/\/super-news.info\/pt\/","name":"Super News","description":"Super News Portugal","potentialAction":[{"@type":"SearchAction","target":{"@type":"EntryPoint","urlTemplate":"https:\/\/super-news.info\/pt\/?s={search_term_string}"},"query-input":{"@type":"PropertyValueSpecification","valueRequired":true,"valueName":"search_term_string"}}],"inLanguage":"pt-PT"},{"@type":"Person","@id":"https:\/\/super-news.info\/pt\/#\/schema\/person\/2d4068cb2f39cd10008c2fce578a7356","name":"super-news","image":{"@type":"ImageObject","inLanguage":"pt-PT","@id":"https:\/\/secure.gravatar.com\/avatar\/64ebac40b93f26a154f8a9b5b6fdccfc46f442b26b3dd6756dbff3bf9dc76fd7?s=96&d=mm&r=g","url":"https:\/\/secure.gravatar.com\/avatar\/64ebac40b93f26a154f8a9b5b6fdccfc46f442b26b3dd6756dbff3bf9dc76fd7?s=96&d=mm&r=g","contentUrl":"https:\/\/secure.gravatar.com\/avatar\/64ebac40b93f26a154f8a9b5b6fdccfc46f442b26b3dd6756dbff3bf9dc76fd7?s=96&d=mm&r=g","caption":"super-news"},"url":"https:\/\/super-news.info\/pt\/author\/pt\/"}]}},"_links":{"self":[{"href":"https:\/\/super-news.info\/pt\/wp-json\/wp\/v2\/posts\/7365","targetHints":{"allow":["GET"]}}],"collection":[{"href":"https:\/\/super-news.info\/pt\/wp-json\/wp\/v2\/posts"}],"about":[{"href":"https:\/\/super-news.info\/pt\/wp-json\/wp\/v2\/types\/post"}],"author":[{"embeddable":true,"href":"https:\/\/super-news.info\/pt\/wp-json\/wp\/v2\/users\/2"}],"replies":[{"embeddable":true,"href":"https:\/\/super-news.info\/pt\/wp-json\/wp\/v2\/comments?post=7365"}],"version-history":[{"count":1,"href":"https:\/\/super-news.info\/pt\/wp-json\/wp\/v2\/posts\/7365\/revisions"}],"predecessor-version":[{"id":7367,"href":"https:\/\/super-news.info\/pt\/wp-json\/wp\/v2\/posts\/7365\/revisions\/7367"}],"wp:featuredmedia":[{"embeddable":true,"href":"https:\/\/super-news.info\/pt\/wp-json\/wp\/v2\/media\/7366"}],"wp:attachment":[{"href":"https:\/\/super-news.info\/pt\/wp-json\/wp\/v2\/media?parent=7365"}],"wp:term":[{"taxonomy":"category","embeddable":true,"href":"https:\/\/super-news.info\/pt\/wp-json\/wp\/v2\/categories?post=7365"},{"taxonomy":"post_tag","embeddable":true,"href":"https:\/\/super-news.info\/pt\/wp-json\/wp\/v2\/tags?post=7365"}],"curies":[{"name":"wp","href":"https:\/\/api.w.org\/{rel}","templated":true}]}}