{"id":7231,"date":"2021-05-04T03:11:05","date_gmt":"2021-05-04T00:11:05","guid":{"rendered":"https:\/\/super-news.info\/pt\/dott-lanca-peticao-para-voltar-a-por-cu-de-judas-no-mapa-meios-publicidade\/"},"modified":"2021-05-04T03:11:07","modified_gmt":"2021-05-04T00:11:07","slug":"dott-lanca-peticao-para-voltar-a-por-cu-de-judas-no-mapa-meios-publicidade","status":"publish","type":"post","link":"https:\/\/super-news.info\/pt\/dott-lanca-peticao-para-voltar-a-por-cu-de-judas-no-mapa-meios-publicidade\/","title":{"rendered":"Dott lan\u00e7a peti\u00e7\u00e3o para voltar a p\u00f4r Cu de Judas no mapa &#8211; Meios &#038; Publicidade"},"content":{"rendered":"<p>\u201cO Dott \u00e9 de portugueses para portugueses e queremos fazer chegar o e-commerce a Portugal inteiro\u201d, justifica a plataforma Dott, que assinala o segundo anivers\u00e1rio com uma campanha para voltar a p\u00f4r Cu de Judas no mapa. Para l\u00e1 de uma express\u00e3o caracter\u00edstica da l\u00edngua portuguesa, Cu de Judas \u00e9 uma localidade nos A\u00e7ores, mais concretamente na ilha de S\u00e3o Miguel. \u201cO problema \u00e9 que n\u00e3o pode enviar nada para o Cu de Judas, porque praticamente desapareceu do mapa. N\u00e3o tem c\u00f3digo postal e s\u00f3 aparece nos mapas antigos da marinha portuguesa\u201d, explica a plataforma de e-commerce, que lan\u00e7ou uma peti\u00e7\u00e3o para voltar atribuir c\u00f3digo postal \u00e0 localidade. A criatividade da ac\u00e7\u00e3o \u00e9 da Nossa.<\/p>\n<p>\n<!--noindex--><br \/>\n<a href=\"https:\/\/www.meiosepublicidade.pt\/2021\/05\/dott-lanca-peticao-voltar-cu-judas-no-mapa\/?utm_source=rss&#038;utm_medium=rss&#038;utm_campaign=dott-lanca-peticao-voltar-cu-judas-no-mapa\" rel=\"nofollow\">Source link <\/a><br \/>\n<!--\/noindex--><\/p>\n","protected":false},"excerpt":{"rendered":"<p>\u201cO Dott \u00e9 de portugueses para portugueses e queremos fazer chegar o e-commerce a Portugal inteiro\u201d, justifica a plataforma Dott, que assinala o segundo anivers\u00e1rio com uma campanha para voltar a p\u00f4r Cu de Judas no mapa. Para l\u00e1 de uma express\u00e3o caracter\u00edstica da l\u00edngua portuguesa, Cu de Judas \u00e9 uma localidade nos A\u00e7ores, mais [&hellip;]<\/p>\n","protected":false},"author":2,"featured_media":7232,"comment_status":"open","ping_status":"open","sticky":false,"template":"","format":"standard","meta":{"footnotes":""},"categories":[2],"tags":[],"class_list":["post-7231","post","type-post","status-publish","format-standard","has-post-thumbnail","hentry","category-noticias-de-marketing-digital"],"yoast_head":"<!-- This site is optimized with the Yoast SEO plugin v27.4 - https:\/\/yoast.com\/product\/yoast-seo-wordpress\/ -->\n<title>Dott lan\u00e7a peti\u00e7\u00e3o para voltar a p\u00f4r Cu de Judas no mapa - Meios &amp; Publicidade - Super News<\/title>\n<meta name=\"robots\" content=\"index, follow, max-snippet:-1, max-image-preview:large, max-video-preview:-1\" \/>\n<link rel=\"canonical\" href=\"https:\/\/super-news.info\/pt\/dott-lanca-peticao-para-voltar-a-por-cu-de-judas-no-mapa-meios-publicidade\/\" \/>\n<meta property=\"og:locale\" content=\"pt_PT\" \/>\n<meta property=\"og:type\" content=\"article\" \/>\n<meta property=\"og:title\" content=\"Dott lan\u00e7a peti\u00e7\u00e3o para voltar a p\u00f4r Cu de Judas no mapa - Meios &amp; Publicidade - Super News\" \/>\n<meta property=\"og:description\" content=\"\u201cO Dott \u00e9 de portugueses para portugueses e queremos fazer chegar o e-commerce a Portugal inteiro\u201d, justifica a plataforma Dott, que assinala o segundo anivers\u00e1rio com uma campanha para voltar a p\u00f4r Cu de Judas no mapa. Para l\u00e1 de uma express\u00e3o caracter\u00edstica da l\u00edngua portuguesa, Cu de Judas \u00e9 uma localidade nos A\u00e7ores, mais [&hellip;]\" \/>\n<meta property=\"og:url\" content=\"https:\/\/super-news.info\/pt\/dott-lanca-peticao-para-voltar-a-por-cu-de-judas-no-mapa-meios-publicidade\/\" \/>\n<meta property=\"og:site_name\" content=\"Super News\" \/>\n<meta property=\"article:published_time\" content=\"2021-05-04T00:11:05+00:00\" \/>\n<meta property=\"article:modified_time\" content=\"2021-05-04T00:11:07+00:00\" \/>\n<meta property=\"og:image\" content=\"https:\/\/super-news.info\/pt\/wp-content\/uploads\/sites\/2\/2021\/05\/Dott-lanca-peticao-para-voltar-a-por-Cu-de-Judas.jpg\" \/>\n\t<meta property=\"og:image:width\" content=\"825\" \/>\n\t<meta property=\"og:image:height\" content=\"367\" \/>\n\t<meta property=\"og:image:type\" content=\"image\/jpeg\" \/>\n<meta name=\"author\" content=\"super-news\" \/>\n<meta name=\"twitter:card\" content=\"summary_large_image\" \/>\n<meta name=\"twitter:label1\" content=\"Escrito por\" \/>\n\t<meta name=\"twitter:data1\" content=\"super-news\" \/>\n\t<meta name=\"twitter:label2\" content=\"Tempo estimado de leitura\" \/>\n\t<meta name=\"twitter:data2\" content=\"1 minuto\" \/>\n<script type=\"application\/ld+json\" class=\"yoast-schema-graph\">{\"@context\":\"https:\\\/\\\/schema.org\",\"@graph\":[{\"@type\":\"Article\",\"@id\":\"https:\\\/\\\/super-news.info\\\/pt\\\/dott-lanca-peticao-para-voltar-a-por-cu-de-judas-no-mapa-meios-publicidade\\\/#article\",\"isPartOf\":{\"@id\":\"https:\\\/\\\/super-news.info\\\/pt\\\/dott-lanca-peticao-para-voltar-a-por-cu-de-judas-no-mapa-meios-publicidade\\\/\"},\"author\":{\"name\":\"super-news\",\"@id\":\"https:\\\/\\\/super-news.info\\\/pt\\\/#\\\/schema\\\/person\\\/2d4068cb2f39cd10008c2fce578a7356\"},\"headline\":\"Dott lan\u00e7a peti\u00e7\u00e3o para voltar a p\u00f4r Cu de Judas no mapa &#8211; Meios &#038; Publicidade\",\"datePublished\":\"2021-05-04T00:11:05+00:00\",\"dateModified\":\"2021-05-04T00:11:07+00:00\",\"mainEntityOfPage\":{\"@id\":\"https:\\\/\\\/super-news.info\\\/pt\\\/dott-lanca-peticao-para-voltar-a-por-cu-de-judas-no-mapa-meios-publicidade\\\/\"},\"wordCount\":144,\"commentCount\":0,\"image\":{\"@id\":\"https:\\\/\\\/super-news.info\\\/pt\\\/dott-lanca-peticao-para-voltar-a-por-cu-de-judas-no-mapa-meios-publicidade\\\/#primaryimage\"},\"thumbnailUrl\":\"https:\\\/\\\/super-news.info\\\/pt\\\/wp-content\\\/uploads\\\/sites\\\/2\\\/2021\\\/05\\\/Dott-lanca-peticao-para-voltar-a-por-Cu-de-Judas.jpg\",\"articleSection\":[\"NOT\u00cdCIAS DE MARKETING DIGITAL\"],\"inLanguage\":\"pt-PT\",\"potentialAction\":[{\"@type\":\"CommentAction\",\"name\":\"Comment\",\"target\":[\"https:\\\/\\\/super-news.info\\\/pt\\\/dott-lanca-peticao-para-voltar-a-por-cu-de-judas-no-mapa-meios-publicidade\\\/#respond\"]}]},{\"@type\":\"WebPage\",\"@id\":\"https:\\\/\\\/super-news.info\\\/pt\\\/dott-lanca-peticao-para-voltar-a-por-cu-de-judas-no-mapa-meios-publicidade\\\/\",\"url\":\"https:\\\/\\\/super-news.info\\\/pt\\\/dott-lanca-peticao-para-voltar-a-por-cu-de-judas-no-mapa-meios-publicidade\\\/\",\"name\":\"Dott lan\u00e7a peti\u00e7\u00e3o para voltar a p\u00f4r Cu de Judas no mapa - Meios & Publicidade - Super News\",\"isPartOf\":{\"@id\":\"https:\\\/\\\/super-news.info\\\/pt\\\/#website\"},\"primaryImageOfPage\":{\"@id\":\"https:\\\/\\\/super-news.info\\\/pt\\\/dott-lanca-peticao-para-voltar-a-por-cu-de-judas-no-mapa-meios-publicidade\\\/#primaryimage\"},\"image\":{\"@id\":\"https:\\\/\\\/super-news.info\\\/pt\\\/dott-lanca-peticao-para-voltar-a-por-cu-de-judas-no-mapa-meios-publicidade\\\/#primaryimage\"},\"thumbnailUrl\":\"https:\\\/\\\/super-news.info\\\/pt\\\/wp-content\\\/uploads\\\/sites\\\/2\\\/2021\\\/05\\\/Dott-lanca-peticao-para-voltar-a-por-Cu-de-Judas.jpg\",\"datePublished\":\"2021-05-04T00:11:05+00:00\",\"dateModified\":\"2021-05-04T00:11:07+00:00\",\"author\":{\"@id\":\"https:\\\/\\\/super-news.info\\\/pt\\\/#\\\/schema\\\/person\\\/2d4068cb2f39cd10008c2fce578a7356\"},\"breadcrumb\":{\"@id\":\"https:\\\/\\\/super-news.info\\\/pt\\\/dott-lanca-peticao-para-voltar-a-por-cu-de-judas-no-mapa-meios-publicidade\\\/#breadcrumb\"},\"inLanguage\":\"pt-PT\",\"potentialAction\":[{\"@type\":\"ReadAction\",\"target\":[\"https:\\\/\\\/super-news.info\\\/pt\\\/dott-lanca-peticao-para-voltar-a-por-cu-de-judas-no-mapa-meios-publicidade\\\/\"]}]},{\"@type\":\"ImageObject\",\"inLanguage\":\"pt-PT\",\"@id\":\"https:\\\/\\\/super-news.info\\\/pt\\\/dott-lanca-peticao-para-voltar-a-por-cu-de-judas-no-mapa-meios-publicidade\\\/#primaryimage\",\"url\":\"https:\\\/\\\/super-news.info\\\/pt\\\/wp-content\\\/uploads\\\/sites\\\/2\\\/2021\\\/05\\\/Dott-lanca-peticao-para-voltar-a-por-Cu-de-Judas.jpg\",\"contentUrl\":\"https:\\\/\\\/super-news.info\\\/pt\\\/wp-content\\\/uploads\\\/sites\\\/2\\\/2021\\\/05\\\/Dott-lanca-peticao-para-voltar-a-por-Cu-de-Judas.jpg\",\"width\":825,\"height\":367,\"caption\":\"Dott lan\u00e7a peti\u00e7\u00e3o para voltar a p\u00f4r Cu de Judas no mapa - Meios & Publicidade\"},{\"@type\":\"BreadcrumbList\",\"@id\":\"https:\\\/\\\/super-news.info\\\/pt\\\/dott-lanca-peticao-para-voltar-a-por-cu-de-judas-no-mapa-meios-publicidade\\\/#breadcrumb\",\"itemListElement\":[{\"@type\":\"ListItem\",\"position\":1,\"name\":\"\u0413\u043b\u0430\u0432\u043d\u0430\u044f \u0441\u0442\u0440\u0430\u043d\u0438\u0446\u0430\",\"item\":\"https:\\\/\\\/super-news.info\\\/pt\\\/\"},{\"@type\":\"ListItem\",\"position\":2,\"name\":\"Dott lan\u00e7a peti\u00e7\u00e3o para voltar a p\u00f4r Cu de Judas no mapa &#8211; Meios &#038; Publicidade\"}]},{\"@type\":\"WebSite\",\"@id\":\"https:\\\/\\\/super-news.info\\\/pt\\\/#website\",\"url\":\"https:\\\/\\\/super-news.info\\\/pt\\\/\",\"name\":\"Super News\",\"description\":\"Super News Portugal\",\"potentialAction\":[{\"@type\":\"SearchAction\",\"target\":{\"@type\":\"EntryPoint\",\"urlTemplate\":\"https:\\\/\\\/super-news.info\\\/pt\\\/?s={search_term_string}\"},\"query-input\":{\"@type\":\"PropertyValueSpecification\",\"valueRequired\":true,\"valueName\":\"search_term_string\"}}],\"inLanguage\":\"pt-PT\"},{\"@type\":\"Person\",\"@id\":\"https:\\\/\\\/super-news.info\\\/pt\\\/#\\\/schema\\\/person\\\/2d4068cb2f39cd10008c2fce578a7356\",\"name\":\"super-news\",\"image\":{\"@type\":\"ImageObject\",\"inLanguage\":\"pt-PT\",\"@id\":\"https:\\\/\\\/secure.gravatar.com\\\/avatar\\\/64ebac40b93f26a154f8a9b5b6fdccfc46f442b26b3dd6756dbff3bf9dc76fd7?s=96&d=mm&r=g\",\"url\":\"https:\\\/\\\/secure.gravatar.com\\\/avatar\\\/64ebac40b93f26a154f8a9b5b6fdccfc46f442b26b3dd6756dbff3bf9dc76fd7?s=96&d=mm&r=g\",\"contentUrl\":\"https:\\\/\\\/secure.gravatar.com\\\/avatar\\\/64ebac40b93f26a154f8a9b5b6fdccfc46f442b26b3dd6756dbff3bf9dc76fd7?s=96&d=mm&r=g\",\"caption\":\"super-news\"},\"url\":\"https:\\\/\\\/super-news.info\\\/pt\\\/author\\\/pt\\\/\"}]}<\/script>\n<!-- \/ Yoast SEO plugin. -->","yoast_head_json":{"title":"Dott lan\u00e7a peti\u00e7\u00e3o para voltar a p\u00f4r Cu de Judas no mapa - Meios & Publicidade - Super News","robots":{"index":"index","follow":"follow","max-snippet":"max-snippet:-1","max-image-preview":"max-image-preview:large","max-video-preview":"max-video-preview:-1"},"canonical":"https:\/\/super-news.info\/pt\/dott-lanca-peticao-para-voltar-a-por-cu-de-judas-no-mapa-meios-publicidade\/","og_locale":"pt_PT","og_type":"article","og_title":"Dott lan\u00e7a peti\u00e7\u00e3o para voltar a p\u00f4r Cu de Judas no mapa - Meios & Publicidade - Super News","og_description":"\u201cO Dott \u00e9 de portugueses para portugueses e queremos fazer chegar o e-commerce a Portugal inteiro\u201d, justifica a plataforma Dott, que assinala o segundo anivers\u00e1rio com uma campanha para voltar a p\u00f4r Cu de Judas no mapa. Para l\u00e1 de uma express\u00e3o caracter\u00edstica da l\u00edngua portuguesa, Cu de Judas \u00e9 uma localidade nos A\u00e7ores, mais [&hellip;]","og_url":"https:\/\/super-news.info\/pt\/dott-lanca-peticao-para-voltar-a-por-cu-de-judas-no-mapa-meios-publicidade\/","og_site_name":"Super News","article_published_time":"2021-05-04T00:11:05+00:00","article_modified_time":"2021-05-04T00:11:07+00:00","og_image":[{"width":825,"height":367,"url":"https:\/\/super-news.info\/pt\/wp-content\/uploads\/sites\/2\/2021\/05\/Dott-lanca-peticao-para-voltar-a-por-Cu-de-Judas.jpg","type":"image\/jpeg"}],"author":"super-news","twitter_card":"summary_large_image","twitter_misc":{"Escrito por":"super-news","Tempo estimado de leitura":"1 minuto"},"schema":{"@context":"https:\/\/schema.org","@graph":[{"@type":"Article","@id":"https:\/\/super-news.info\/pt\/dott-lanca-peticao-para-voltar-a-por-cu-de-judas-no-mapa-meios-publicidade\/#article","isPartOf":{"@id":"https:\/\/super-news.info\/pt\/dott-lanca-peticao-para-voltar-a-por-cu-de-judas-no-mapa-meios-publicidade\/"},"author":{"name":"super-news","@id":"https:\/\/super-news.info\/pt\/#\/schema\/person\/2d4068cb2f39cd10008c2fce578a7356"},"headline":"Dott lan\u00e7a peti\u00e7\u00e3o para voltar a p\u00f4r Cu de Judas no mapa &#8211; Meios &#038; Publicidade","datePublished":"2021-05-04T00:11:05+00:00","dateModified":"2021-05-04T00:11:07+00:00","mainEntityOfPage":{"@id":"https:\/\/super-news.info\/pt\/dott-lanca-peticao-para-voltar-a-por-cu-de-judas-no-mapa-meios-publicidade\/"},"wordCount":144,"commentCount":0,"image":{"@id":"https:\/\/super-news.info\/pt\/dott-lanca-peticao-para-voltar-a-por-cu-de-judas-no-mapa-meios-publicidade\/#primaryimage"},"thumbnailUrl":"https:\/\/super-news.info\/pt\/wp-content\/uploads\/sites\/2\/2021\/05\/Dott-lanca-peticao-para-voltar-a-por-Cu-de-Judas.jpg","articleSection":["NOT\u00cdCIAS DE MARKETING DIGITAL"],"inLanguage":"pt-PT","potentialAction":[{"@type":"CommentAction","name":"Comment","target":["https:\/\/super-news.info\/pt\/dott-lanca-peticao-para-voltar-a-por-cu-de-judas-no-mapa-meios-publicidade\/#respond"]}]},{"@type":"WebPage","@id":"https:\/\/super-news.info\/pt\/dott-lanca-peticao-para-voltar-a-por-cu-de-judas-no-mapa-meios-publicidade\/","url":"https:\/\/super-news.info\/pt\/dott-lanca-peticao-para-voltar-a-por-cu-de-judas-no-mapa-meios-publicidade\/","name":"Dott lan\u00e7a peti\u00e7\u00e3o para voltar a p\u00f4r Cu de Judas no mapa - Meios & Publicidade - Super News","isPartOf":{"@id":"https:\/\/super-news.info\/pt\/#website"},"primaryImageOfPage":{"@id":"https:\/\/super-news.info\/pt\/dott-lanca-peticao-para-voltar-a-por-cu-de-judas-no-mapa-meios-publicidade\/#primaryimage"},"image":{"@id":"https:\/\/super-news.info\/pt\/dott-lanca-peticao-para-voltar-a-por-cu-de-judas-no-mapa-meios-publicidade\/#primaryimage"},"thumbnailUrl":"https:\/\/super-news.info\/pt\/wp-content\/uploads\/sites\/2\/2021\/05\/Dott-lanca-peticao-para-voltar-a-por-Cu-de-Judas.jpg","datePublished":"2021-05-04T00:11:05+00:00","dateModified":"2021-05-04T00:11:07+00:00","author":{"@id":"https:\/\/super-news.info\/pt\/#\/schema\/person\/2d4068cb2f39cd10008c2fce578a7356"},"breadcrumb":{"@id":"https:\/\/super-news.info\/pt\/dott-lanca-peticao-para-voltar-a-por-cu-de-judas-no-mapa-meios-publicidade\/#breadcrumb"},"inLanguage":"pt-PT","potentialAction":[{"@type":"ReadAction","target":["https:\/\/super-news.info\/pt\/dott-lanca-peticao-para-voltar-a-por-cu-de-judas-no-mapa-meios-publicidade\/"]}]},{"@type":"ImageObject","inLanguage":"pt-PT","@id":"https:\/\/super-news.info\/pt\/dott-lanca-peticao-para-voltar-a-por-cu-de-judas-no-mapa-meios-publicidade\/#primaryimage","url":"https:\/\/super-news.info\/pt\/wp-content\/uploads\/sites\/2\/2021\/05\/Dott-lanca-peticao-para-voltar-a-por-Cu-de-Judas.jpg","contentUrl":"https:\/\/super-news.info\/pt\/wp-content\/uploads\/sites\/2\/2021\/05\/Dott-lanca-peticao-para-voltar-a-por-Cu-de-Judas.jpg","width":825,"height":367,"caption":"Dott lan\u00e7a peti\u00e7\u00e3o para voltar a p\u00f4r Cu de Judas no mapa - Meios & Publicidade"},{"@type":"BreadcrumbList","@id":"https:\/\/super-news.info\/pt\/dott-lanca-peticao-para-voltar-a-por-cu-de-judas-no-mapa-meios-publicidade\/#breadcrumb","itemListElement":[{"@type":"ListItem","position":1,"name":"\u0413\u043b\u0430\u0432\u043d\u0430\u044f \u0441\u0442\u0440\u0430\u043d\u0438\u0446\u0430","item":"https:\/\/super-news.info\/pt\/"},{"@type":"ListItem","position":2,"name":"Dott lan\u00e7a peti\u00e7\u00e3o para voltar a p\u00f4r Cu de Judas no mapa &#8211; Meios &#038; Publicidade"}]},{"@type":"WebSite","@id":"https:\/\/super-news.info\/pt\/#website","url":"https:\/\/super-news.info\/pt\/","name":"Super News","description":"Super News Portugal","potentialAction":[{"@type":"SearchAction","target":{"@type":"EntryPoint","urlTemplate":"https:\/\/super-news.info\/pt\/?s={search_term_string}"},"query-input":{"@type":"PropertyValueSpecification","valueRequired":true,"valueName":"search_term_string"}}],"inLanguage":"pt-PT"},{"@type":"Person","@id":"https:\/\/super-news.info\/pt\/#\/schema\/person\/2d4068cb2f39cd10008c2fce578a7356","name":"super-news","image":{"@type":"ImageObject","inLanguage":"pt-PT","@id":"https:\/\/secure.gravatar.com\/avatar\/64ebac40b93f26a154f8a9b5b6fdccfc46f442b26b3dd6756dbff3bf9dc76fd7?s=96&d=mm&r=g","url":"https:\/\/secure.gravatar.com\/avatar\/64ebac40b93f26a154f8a9b5b6fdccfc46f442b26b3dd6756dbff3bf9dc76fd7?s=96&d=mm&r=g","contentUrl":"https:\/\/secure.gravatar.com\/avatar\/64ebac40b93f26a154f8a9b5b6fdccfc46f442b26b3dd6756dbff3bf9dc76fd7?s=96&d=mm&r=g","caption":"super-news"},"url":"https:\/\/super-news.info\/pt\/author\/pt\/"}]}},"_links":{"self":[{"href":"https:\/\/super-news.info\/pt\/wp-json\/wp\/v2\/posts\/7231","targetHints":{"allow":["GET"]}}],"collection":[{"href":"https:\/\/super-news.info\/pt\/wp-json\/wp\/v2\/posts"}],"about":[{"href":"https:\/\/super-news.info\/pt\/wp-json\/wp\/v2\/types\/post"}],"author":[{"embeddable":true,"href":"https:\/\/super-news.info\/pt\/wp-json\/wp\/v2\/users\/2"}],"replies":[{"embeddable":true,"href":"https:\/\/super-news.info\/pt\/wp-json\/wp\/v2\/comments?post=7231"}],"version-history":[{"count":1,"href":"https:\/\/super-news.info\/pt\/wp-json\/wp\/v2\/posts\/7231\/revisions"}],"predecessor-version":[{"id":7233,"href":"https:\/\/super-news.info\/pt\/wp-json\/wp\/v2\/posts\/7231\/revisions\/7233"}],"wp:featuredmedia":[{"embeddable":true,"href":"https:\/\/super-news.info\/pt\/wp-json\/wp\/v2\/media\/7232"}],"wp:attachment":[{"href":"https:\/\/super-news.info\/pt\/wp-json\/wp\/v2\/media?parent=7231"}],"wp:term":[{"taxonomy":"category","embeddable":true,"href":"https:\/\/super-news.info\/pt\/wp-json\/wp\/v2\/categories?post=7231"},{"taxonomy":"post_tag","embeddable":true,"href":"https:\/\/super-news.info\/pt\/wp-json\/wp\/v2\/tags?post=7231"}],"curies":[{"name":"wp","href":"https:\/\/api.w.org\/{rel}","templated":true}]}}