{"id":7221,"date":"2021-05-03T03:08:39","date_gmt":"2021-05-03T00:08:39","guid":{"rendered":"https:\/\/super-news.info\/pt\/as-vendas-nos-centros-comerciais-e-nas-lojas-de-rua-na-primeira-semana-de-reabertura-meios-publicidade\/"},"modified":"2021-05-03T03:08:41","modified_gmt":"2021-05-03T00:08:41","slug":"as-vendas-nos-centros-comerciais-e-nas-lojas-de-rua-na-primeira-semana-de-reabertura-meios-publicidade","status":"publish","type":"post","link":"https:\/\/super-news.info\/pt\/as-vendas-nos-centros-comerciais-e-nas-lojas-de-rua-na-primeira-semana-de-reabertura-meios-publicidade\/","title":{"rendered":"As vendas nos centros comerciais e nas lojas de rua na primeira semana de reabertura &#8211; Meios &#038; Publicidade"},"content":{"rendered":"<p>Os centros comerciais registaram quebras hom\u00f3logas de vendas de 25,6 por cento na primeira semana de reabertura p\u00f3s-confinamento, entre 19 e 25 de Abril, enquanto nas lojas de rua as perdas foram de 33,3 por cento, adianta um inqu\u00e9rito da Associa\u00e7\u00e3o de Marcas de Retalho e Restaura\u00e7\u00e3o (AMRR).<br \/>\nOs dados do mais recente inqu\u00e9rito aos associados da AMRR, representantes de mais de 3.500 lojas e restaurantes em centros comerciais e nas ruas, apontam que, na semana em an\u00e1lise, as quebras de vendas atingiram os 28,3 por cento.<br \/>\nA AMRR recorda ainda os resultados obtidos no inqu\u00e9rito feito no passado m\u00eas de Mar\u00e7o aos seus associados e que revela que \u201c82 por cento das empresas de retalho e restaura\u00e7\u00e3o admite despedimentos perante aus\u00eancia de apoios em 2021 e 97 por cento considera importante ou muito importante a isen\u00e7\u00e3o das rendas ou do apoio ao seu pagamento durante o per\u00edodo de encerramento\u201d.<\/p>\n<p>\n<!--noindex--><br \/>\n<a href=\"https:\/\/www.meiosepublicidade.pt\/2021\/04\/as-vendas-nos-centros-comerciais-nas-lojas-rua-na-primeira-semana-reabertura\/?utm_source=rss&#038;utm_medium=rss&#038;utm_campaign=as-vendas-nos-centros-comerciais-nas-lojas-rua-na-primeira-semana-reabertura\" rel=\"nofollow\">Source link <\/a><br \/>\n<!--\/noindex--><\/p>\n","protected":false},"excerpt":{"rendered":"<p>Os centros comerciais registaram quebras hom\u00f3logas de vendas de 25,6 por cento na primeira semana de reabertura p\u00f3s-confinamento, entre 19 e 25 de Abril, enquanto nas lojas de rua as perdas foram de 33,3 por cento, adianta um inqu\u00e9rito da Associa\u00e7\u00e3o de Marcas de Retalho e Restaura\u00e7\u00e3o (AMRR). Os dados do mais recente inqu\u00e9rito aos [&hellip;]<\/p>\n","protected":false},"author":2,"featured_media":5259,"comment_status":"open","ping_status":"open","sticky":false,"template":"","format":"standard","meta":{"footnotes":""},"categories":[2],"tags":[],"class_list":["post-7221","post","type-post","status-publish","format-standard","has-post-thumbnail","hentry","category-noticias-de-marketing-digital"],"yoast_head":"<!-- This site is optimized with the Yoast SEO plugin v27.4 - https:\/\/yoast.com\/product\/yoast-seo-wordpress\/ -->\n<title>As vendas nos centros comerciais e nas lojas de rua na primeira semana de reabertura - Meios &amp; Publicidade - Super News<\/title>\n<meta name=\"robots\" content=\"index, follow, max-snippet:-1, max-image-preview:large, max-video-preview:-1\" \/>\n<link rel=\"canonical\" href=\"https:\/\/super-news.info\/pt\/as-vendas-nos-centros-comerciais-e-nas-lojas-de-rua-na-primeira-semana-de-reabertura-meios-publicidade\/\" \/>\n<meta property=\"og:locale\" content=\"pt_PT\" \/>\n<meta property=\"og:type\" content=\"article\" \/>\n<meta property=\"og:title\" content=\"As vendas nos centros comerciais e nas lojas de rua na primeira semana de reabertura - Meios &amp; Publicidade - Super News\" \/>\n<meta property=\"og:description\" content=\"Os centros comerciais registaram quebras hom\u00f3logas de vendas de 25,6 por cento na primeira semana de reabertura p\u00f3s-confinamento, entre 19 e 25 de Abril, enquanto nas lojas de rua as perdas foram de 33,3 por cento, adianta um inqu\u00e9rito da Associa\u00e7\u00e3o de Marcas de Retalho e Restaura\u00e7\u00e3o (AMRR). Os dados do mais recente inqu\u00e9rito aos [&hellip;]\" \/>\n<meta property=\"og:url\" content=\"https:\/\/super-news.info\/pt\/as-vendas-nos-centros-comerciais-e-nas-lojas-de-rua-na-primeira-semana-de-reabertura-meios-publicidade\/\" \/>\n<meta property=\"og:site_name\" content=\"Super News\" \/>\n<meta property=\"article:published_time\" content=\"2021-05-03T00:08:39+00:00\" \/>\n<meta property=\"article:modified_time\" content=\"2021-05-03T00:08:41+00:00\" \/>\n<meta property=\"og:image\" content=\"https:\/\/super-news.info\/pt\/wp-content\/uploads\/sites\/2\/2020\/11\/Vendas-dos-centros-comerciais-ca-ram-209-por-cento-em-Outubro.jpg\" \/>\n\t<meta property=\"og:image:width\" content=\"735\" \/>\n\t<meta property=\"og:image:height\" content=\"437\" \/>\n\t<meta property=\"og:image:type\" content=\"image\/jpeg\" \/>\n<meta name=\"author\" content=\"super-news\" \/>\n<meta name=\"twitter:card\" content=\"summary_large_image\" \/>\n<meta name=\"twitter:label1\" content=\"Escrito por\" \/>\n\t<meta name=\"twitter:data1\" content=\"super-news\" \/>\n\t<meta name=\"twitter:label2\" content=\"Tempo estimado de leitura\" \/>\n\t<meta name=\"twitter:data2\" content=\"1 minuto\" \/>\n<script type=\"application\/ld+json\" class=\"yoast-schema-graph\">{\"@context\":\"https:\\\/\\\/schema.org\",\"@graph\":[{\"@type\":\"Article\",\"@id\":\"https:\\\/\\\/super-news.info\\\/pt\\\/as-vendas-nos-centros-comerciais-e-nas-lojas-de-rua-na-primeira-semana-de-reabertura-meios-publicidade\\\/#article\",\"isPartOf\":{\"@id\":\"https:\\\/\\\/super-news.info\\\/pt\\\/as-vendas-nos-centros-comerciais-e-nas-lojas-de-rua-na-primeira-semana-de-reabertura-meios-publicidade\\\/\"},\"author\":{\"name\":\"super-news\",\"@id\":\"https:\\\/\\\/super-news.info\\\/pt\\\/#\\\/schema\\\/person\\\/2d4068cb2f39cd10008c2fce578a7356\"},\"headline\":\"As vendas nos centros comerciais e nas lojas de rua na primeira semana de reabertura &#8211; Meios &#038; Publicidade\",\"datePublished\":\"2021-05-03T00:08:39+00:00\",\"dateModified\":\"2021-05-03T00:08:41+00:00\",\"mainEntityOfPage\":{\"@id\":\"https:\\\/\\\/super-news.info\\\/pt\\\/as-vendas-nos-centros-comerciais-e-nas-lojas-de-rua-na-primeira-semana-de-reabertura-meios-publicidade\\\/\"},\"wordCount\":175,\"commentCount\":0,\"image\":{\"@id\":\"https:\\\/\\\/super-news.info\\\/pt\\\/as-vendas-nos-centros-comerciais-e-nas-lojas-de-rua-na-primeira-semana-de-reabertura-meios-publicidade\\\/#primaryimage\"},\"thumbnailUrl\":\"https:\\\/\\\/super-news.info\\\/pt\\\/wp-content\\\/uploads\\\/sites\\\/2\\\/2020\\\/11\\\/Vendas-dos-centros-comerciais-ca-ram-209-por-cento-em-Outubro.jpg\",\"articleSection\":[\"NOT\u00cdCIAS DE MARKETING DIGITAL\"],\"inLanguage\":\"pt-PT\",\"potentialAction\":[{\"@type\":\"CommentAction\",\"name\":\"Comment\",\"target\":[\"https:\\\/\\\/super-news.info\\\/pt\\\/as-vendas-nos-centros-comerciais-e-nas-lojas-de-rua-na-primeira-semana-de-reabertura-meios-publicidade\\\/#respond\"]}]},{\"@type\":\"WebPage\",\"@id\":\"https:\\\/\\\/super-news.info\\\/pt\\\/as-vendas-nos-centros-comerciais-e-nas-lojas-de-rua-na-primeira-semana-de-reabertura-meios-publicidade\\\/\",\"url\":\"https:\\\/\\\/super-news.info\\\/pt\\\/as-vendas-nos-centros-comerciais-e-nas-lojas-de-rua-na-primeira-semana-de-reabertura-meios-publicidade\\\/\",\"name\":\"As vendas nos centros comerciais e nas lojas de rua na primeira semana de reabertura - Meios & Publicidade - Super News\",\"isPartOf\":{\"@id\":\"https:\\\/\\\/super-news.info\\\/pt\\\/#website\"},\"primaryImageOfPage\":{\"@id\":\"https:\\\/\\\/super-news.info\\\/pt\\\/as-vendas-nos-centros-comerciais-e-nas-lojas-de-rua-na-primeira-semana-de-reabertura-meios-publicidade\\\/#primaryimage\"},\"image\":{\"@id\":\"https:\\\/\\\/super-news.info\\\/pt\\\/as-vendas-nos-centros-comerciais-e-nas-lojas-de-rua-na-primeira-semana-de-reabertura-meios-publicidade\\\/#primaryimage\"},\"thumbnailUrl\":\"https:\\\/\\\/super-news.info\\\/pt\\\/wp-content\\\/uploads\\\/sites\\\/2\\\/2020\\\/11\\\/Vendas-dos-centros-comerciais-ca-ram-209-por-cento-em-Outubro.jpg\",\"datePublished\":\"2021-05-03T00:08:39+00:00\",\"dateModified\":\"2021-05-03T00:08:41+00:00\",\"author\":{\"@id\":\"https:\\\/\\\/super-news.info\\\/pt\\\/#\\\/schema\\\/person\\\/2d4068cb2f39cd10008c2fce578a7356\"},\"breadcrumb\":{\"@id\":\"https:\\\/\\\/super-news.info\\\/pt\\\/as-vendas-nos-centros-comerciais-e-nas-lojas-de-rua-na-primeira-semana-de-reabertura-meios-publicidade\\\/#breadcrumb\"},\"inLanguage\":\"pt-PT\",\"potentialAction\":[{\"@type\":\"ReadAction\",\"target\":[\"https:\\\/\\\/super-news.info\\\/pt\\\/as-vendas-nos-centros-comerciais-e-nas-lojas-de-rua-na-primeira-semana-de-reabertura-meios-publicidade\\\/\"]}]},{\"@type\":\"ImageObject\",\"inLanguage\":\"pt-PT\",\"@id\":\"https:\\\/\\\/super-news.info\\\/pt\\\/as-vendas-nos-centros-comerciais-e-nas-lojas-de-rua-na-primeira-semana-de-reabertura-meios-publicidade\\\/#primaryimage\",\"url\":\"https:\\\/\\\/super-news.info\\\/pt\\\/wp-content\\\/uploads\\\/sites\\\/2\\\/2020\\\/11\\\/Vendas-dos-centros-comerciais-ca-ram-209-por-cento-em-Outubro.jpg\",\"contentUrl\":\"https:\\\/\\\/super-news.info\\\/pt\\\/wp-content\\\/uploads\\\/sites\\\/2\\\/2020\\\/11\\\/Vendas-dos-centros-comerciais-ca-ram-209-por-cento-em-Outubro.jpg\",\"width\":735,\"height\":437,\"caption\":\"Vendas dos centros comerciais ca\u00edram 20,9 por cento em Outubro - Meios & Publicidade\"},{\"@type\":\"BreadcrumbList\",\"@id\":\"https:\\\/\\\/super-news.info\\\/pt\\\/as-vendas-nos-centros-comerciais-e-nas-lojas-de-rua-na-primeira-semana-de-reabertura-meios-publicidade\\\/#breadcrumb\",\"itemListElement\":[{\"@type\":\"ListItem\",\"position\":1,\"name\":\"\u0413\u043b\u0430\u0432\u043d\u0430\u044f \u0441\u0442\u0440\u0430\u043d\u0438\u0446\u0430\",\"item\":\"https:\\\/\\\/super-news.info\\\/pt\\\/\"},{\"@type\":\"ListItem\",\"position\":2,\"name\":\"As vendas nos centros comerciais e nas lojas de rua na primeira semana de reabertura &#8211; Meios &#038; Publicidade\"}]},{\"@type\":\"WebSite\",\"@id\":\"https:\\\/\\\/super-news.info\\\/pt\\\/#website\",\"url\":\"https:\\\/\\\/super-news.info\\\/pt\\\/\",\"name\":\"Super News\",\"description\":\"Super News Portugal\",\"potentialAction\":[{\"@type\":\"SearchAction\",\"target\":{\"@type\":\"EntryPoint\",\"urlTemplate\":\"https:\\\/\\\/super-news.info\\\/pt\\\/?s={search_term_string}\"},\"query-input\":{\"@type\":\"PropertyValueSpecification\",\"valueRequired\":true,\"valueName\":\"search_term_string\"}}],\"inLanguage\":\"pt-PT\"},{\"@type\":\"Person\",\"@id\":\"https:\\\/\\\/super-news.info\\\/pt\\\/#\\\/schema\\\/person\\\/2d4068cb2f39cd10008c2fce578a7356\",\"name\":\"super-news\",\"image\":{\"@type\":\"ImageObject\",\"inLanguage\":\"pt-PT\",\"@id\":\"https:\\\/\\\/secure.gravatar.com\\\/avatar\\\/64ebac40b93f26a154f8a9b5b6fdccfc46f442b26b3dd6756dbff3bf9dc76fd7?s=96&d=mm&r=g\",\"url\":\"https:\\\/\\\/secure.gravatar.com\\\/avatar\\\/64ebac40b93f26a154f8a9b5b6fdccfc46f442b26b3dd6756dbff3bf9dc76fd7?s=96&d=mm&r=g\",\"contentUrl\":\"https:\\\/\\\/secure.gravatar.com\\\/avatar\\\/64ebac40b93f26a154f8a9b5b6fdccfc46f442b26b3dd6756dbff3bf9dc76fd7?s=96&d=mm&r=g\",\"caption\":\"super-news\"},\"url\":\"https:\\\/\\\/super-news.info\\\/pt\\\/author\\\/pt\\\/\"}]}<\/script>\n<!-- \/ Yoast SEO plugin. -->","yoast_head_json":{"title":"As vendas nos centros comerciais e nas lojas de rua na primeira semana de reabertura - Meios & Publicidade - Super News","robots":{"index":"index","follow":"follow","max-snippet":"max-snippet:-1","max-image-preview":"max-image-preview:large","max-video-preview":"max-video-preview:-1"},"canonical":"https:\/\/super-news.info\/pt\/as-vendas-nos-centros-comerciais-e-nas-lojas-de-rua-na-primeira-semana-de-reabertura-meios-publicidade\/","og_locale":"pt_PT","og_type":"article","og_title":"As vendas nos centros comerciais e nas lojas de rua na primeira semana de reabertura - Meios & Publicidade - Super News","og_description":"Os centros comerciais registaram quebras hom\u00f3logas de vendas de 25,6 por cento na primeira semana de reabertura p\u00f3s-confinamento, entre 19 e 25 de Abril, enquanto nas lojas de rua as perdas foram de 33,3 por cento, adianta um inqu\u00e9rito da Associa\u00e7\u00e3o de Marcas de Retalho e Restaura\u00e7\u00e3o (AMRR). Os dados do mais recente inqu\u00e9rito aos [&hellip;]","og_url":"https:\/\/super-news.info\/pt\/as-vendas-nos-centros-comerciais-e-nas-lojas-de-rua-na-primeira-semana-de-reabertura-meios-publicidade\/","og_site_name":"Super News","article_published_time":"2021-05-03T00:08:39+00:00","article_modified_time":"2021-05-03T00:08:41+00:00","og_image":[{"width":735,"height":437,"url":"https:\/\/super-news.info\/pt\/wp-content\/uploads\/sites\/2\/2020\/11\/Vendas-dos-centros-comerciais-ca-ram-209-por-cento-em-Outubro.jpg","type":"image\/jpeg"}],"author":"super-news","twitter_card":"summary_large_image","twitter_misc":{"Escrito por":"super-news","Tempo estimado de leitura":"1 minuto"},"schema":{"@context":"https:\/\/schema.org","@graph":[{"@type":"Article","@id":"https:\/\/super-news.info\/pt\/as-vendas-nos-centros-comerciais-e-nas-lojas-de-rua-na-primeira-semana-de-reabertura-meios-publicidade\/#article","isPartOf":{"@id":"https:\/\/super-news.info\/pt\/as-vendas-nos-centros-comerciais-e-nas-lojas-de-rua-na-primeira-semana-de-reabertura-meios-publicidade\/"},"author":{"name":"super-news","@id":"https:\/\/super-news.info\/pt\/#\/schema\/person\/2d4068cb2f39cd10008c2fce578a7356"},"headline":"As vendas nos centros comerciais e nas lojas de rua na primeira semana de reabertura &#8211; Meios &#038; Publicidade","datePublished":"2021-05-03T00:08:39+00:00","dateModified":"2021-05-03T00:08:41+00:00","mainEntityOfPage":{"@id":"https:\/\/super-news.info\/pt\/as-vendas-nos-centros-comerciais-e-nas-lojas-de-rua-na-primeira-semana-de-reabertura-meios-publicidade\/"},"wordCount":175,"commentCount":0,"image":{"@id":"https:\/\/super-news.info\/pt\/as-vendas-nos-centros-comerciais-e-nas-lojas-de-rua-na-primeira-semana-de-reabertura-meios-publicidade\/#primaryimage"},"thumbnailUrl":"https:\/\/super-news.info\/pt\/wp-content\/uploads\/sites\/2\/2020\/11\/Vendas-dos-centros-comerciais-ca-ram-209-por-cento-em-Outubro.jpg","articleSection":["NOT\u00cdCIAS DE MARKETING DIGITAL"],"inLanguage":"pt-PT","potentialAction":[{"@type":"CommentAction","name":"Comment","target":["https:\/\/super-news.info\/pt\/as-vendas-nos-centros-comerciais-e-nas-lojas-de-rua-na-primeira-semana-de-reabertura-meios-publicidade\/#respond"]}]},{"@type":"WebPage","@id":"https:\/\/super-news.info\/pt\/as-vendas-nos-centros-comerciais-e-nas-lojas-de-rua-na-primeira-semana-de-reabertura-meios-publicidade\/","url":"https:\/\/super-news.info\/pt\/as-vendas-nos-centros-comerciais-e-nas-lojas-de-rua-na-primeira-semana-de-reabertura-meios-publicidade\/","name":"As vendas nos centros comerciais e nas lojas de rua na primeira semana de reabertura - Meios & Publicidade - Super News","isPartOf":{"@id":"https:\/\/super-news.info\/pt\/#website"},"primaryImageOfPage":{"@id":"https:\/\/super-news.info\/pt\/as-vendas-nos-centros-comerciais-e-nas-lojas-de-rua-na-primeira-semana-de-reabertura-meios-publicidade\/#primaryimage"},"image":{"@id":"https:\/\/super-news.info\/pt\/as-vendas-nos-centros-comerciais-e-nas-lojas-de-rua-na-primeira-semana-de-reabertura-meios-publicidade\/#primaryimage"},"thumbnailUrl":"https:\/\/super-news.info\/pt\/wp-content\/uploads\/sites\/2\/2020\/11\/Vendas-dos-centros-comerciais-ca-ram-209-por-cento-em-Outubro.jpg","datePublished":"2021-05-03T00:08:39+00:00","dateModified":"2021-05-03T00:08:41+00:00","author":{"@id":"https:\/\/super-news.info\/pt\/#\/schema\/person\/2d4068cb2f39cd10008c2fce578a7356"},"breadcrumb":{"@id":"https:\/\/super-news.info\/pt\/as-vendas-nos-centros-comerciais-e-nas-lojas-de-rua-na-primeira-semana-de-reabertura-meios-publicidade\/#breadcrumb"},"inLanguage":"pt-PT","potentialAction":[{"@type":"ReadAction","target":["https:\/\/super-news.info\/pt\/as-vendas-nos-centros-comerciais-e-nas-lojas-de-rua-na-primeira-semana-de-reabertura-meios-publicidade\/"]}]},{"@type":"ImageObject","inLanguage":"pt-PT","@id":"https:\/\/super-news.info\/pt\/as-vendas-nos-centros-comerciais-e-nas-lojas-de-rua-na-primeira-semana-de-reabertura-meios-publicidade\/#primaryimage","url":"https:\/\/super-news.info\/pt\/wp-content\/uploads\/sites\/2\/2020\/11\/Vendas-dos-centros-comerciais-ca-ram-209-por-cento-em-Outubro.jpg","contentUrl":"https:\/\/super-news.info\/pt\/wp-content\/uploads\/sites\/2\/2020\/11\/Vendas-dos-centros-comerciais-ca-ram-209-por-cento-em-Outubro.jpg","width":735,"height":437,"caption":"Vendas dos centros comerciais ca\u00edram 20,9 por cento em Outubro - Meios & Publicidade"},{"@type":"BreadcrumbList","@id":"https:\/\/super-news.info\/pt\/as-vendas-nos-centros-comerciais-e-nas-lojas-de-rua-na-primeira-semana-de-reabertura-meios-publicidade\/#breadcrumb","itemListElement":[{"@type":"ListItem","position":1,"name":"\u0413\u043b\u0430\u0432\u043d\u0430\u044f \u0441\u0442\u0440\u0430\u043d\u0438\u0446\u0430","item":"https:\/\/super-news.info\/pt\/"},{"@type":"ListItem","position":2,"name":"As vendas nos centros comerciais e nas lojas de rua na primeira semana de reabertura &#8211; Meios &#038; Publicidade"}]},{"@type":"WebSite","@id":"https:\/\/super-news.info\/pt\/#website","url":"https:\/\/super-news.info\/pt\/","name":"Super News","description":"Super News Portugal","potentialAction":[{"@type":"SearchAction","target":{"@type":"EntryPoint","urlTemplate":"https:\/\/super-news.info\/pt\/?s={search_term_string}"},"query-input":{"@type":"PropertyValueSpecification","valueRequired":true,"valueName":"search_term_string"}}],"inLanguage":"pt-PT"},{"@type":"Person","@id":"https:\/\/super-news.info\/pt\/#\/schema\/person\/2d4068cb2f39cd10008c2fce578a7356","name":"super-news","image":{"@type":"ImageObject","inLanguage":"pt-PT","@id":"https:\/\/secure.gravatar.com\/avatar\/64ebac40b93f26a154f8a9b5b6fdccfc46f442b26b3dd6756dbff3bf9dc76fd7?s=96&d=mm&r=g","url":"https:\/\/secure.gravatar.com\/avatar\/64ebac40b93f26a154f8a9b5b6fdccfc46f442b26b3dd6756dbff3bf9dc76fd7?s=96&d=mm&r=g","contentUrl":"https:\/\/secure.gravatar.com\/avatar\/64ebac40b93f26a154f8a9b5b6fdccfc46f442b26b3dd6756dbff3bf9dc76fd7?s=96&d=mm&r=g","caption":"super-news"},"url":"https:\/\/super-news.info\/pt\/author\/pt\/"}]}},"_links":{"self":[{"href":"https:\/\/super-news.info\/pt\/wp-json\/wp\/v2\/posts\/7221","targetHints":{"allow":["GET"]}}],"collection":[{"href":"https:\/\/super-news.info\/pt\/wp-json\/wp\/v2\/posts"}],"about":[{"href":"https:\/\/super-news.info\/pt\/wp-json\/wp\/v2\/types\/post"}],"author":[{"embeddable":true,"href":"https:\/\/super-news.info\/pt\/wp-json\/wp\/v2\/users\/2"}],"replies":[{"embeddable":true,"href":"https:\/\/super-news.info\/pt\/wp-json\/wp\/v2\/comments?post=7221"}],"version-history":[{"count":1,"href":"https:\/\/super-news.info\/pt\/wp-json\/wp\/v2\/posts\/7221\/revisions"}],"predecessor-version":[{"id":7222,"href":"https:\/\/super-news.info\/pt\/wp-json\/wp\/v2\/posts\/7221\/revisions\/7222"}],"wp:featuredmedia":[{"embeddable":true,"href":"https:\/\/super-news.info\/pt\/wp-json\/wp\/v2\/media\/5259"}],"wp:attachment":[{"href":"https:\/\/super-news.info\/pt\/wp-json\/wp\/v2\/media?parent=7221"}],"wp:term":[{"taxonomy":"category","embeddable":true,"href":"https:\/\/super-news.info\/pt\/wp-json\/wp\/v2\/categories?post=7221"},{"taxonomy":"post_tag","embeddable":true,"href":"https:\/\/super-news.info\/pt\/wp-json\/wp\/v2\/tags?post=7221"}],"curies":[{"name":"wp","href":"https:\/\/api.w.org\/{rel}","templated":true}]}}