{"id":7169,"date":"2021-04-28T14:33:08","date_gmt":"2021-04-28T11:33:08","guid":{"rendered":"https:\/\/super-news.info\/pt\/como-vao-funcionar-os-primeiros-grandes-eventos-teste-em-portugal-meios-publicidade\/"},"modified":"2021-04-28T14:33:10","modified_gmt":"2021-04-28T11:33:10","slug":"como-vao-funcionar-os-primeiros-grandes-eventos-teste-em-portugal-meios-publicidade","status":"publish","type":"post","link":"https:\/\/super-news.info\/pt\/como-vao-funcionar-os-primeiros-grandes-eventos-teste-em-portugal-meios-publicidade\/","title":{"rendered":"Como v\u00e3o funcionar os primeiros grandes eventos-teste em Portugal &#8211; Meios &#038; Publicidade"},"content":{"rendered":"<p>O recinto exterior do Altice Forum Braga \u00e9 o palco escolhido para acolher os primeiros grandes espect\u00e1culos de teste em contexto de pandemia em Portugal. Os espect\u00e1culos, limitados a uma lota\u00e7\u00e3o de 400 pessoas, acontecem nos dias 29 e 30 de Abril, pelas 20h.<br \/>\nCom recurso a testes r\u00e1pidos antig\u00e9nio, realizados pela Cruz Vermelha Portuguesa no Altice Forum Braga, o p\u00fablico ser\u00e1 testado no dia de cada evento, entre as 10h e as 19h, sendo a apresenta\u00e7\u00e3o do resultado negativo obrigat\u00f3ria no acesso ao recinto dos espect\u00e1culos. Al\u00e9m da necessidade de apresentar teste com resultado negativo, os espectadores t\u00eam de utilizar m\u00e1scara. A comunica\u00e7\u00e3o social presente no evento tamb\u00e9m ser\u00e1 testada.<br \/>\nA iniciativa \u00e9 promovida pela Associa\u00e7\u00e3o de Promotores de Espect\u00e1culos, Festivais e Eventos, em parceria com o Munic\u00edpio de Braga, InvestBraga e Cruz Vermelha Portuguesa.<br \/>\nA iniciativa, aprovada pelos Minist\u00e9rios da Cultura e da Sa\u00fade, em articula\u00e7\u00e3o com a Direc\u00e7\u00e3o-Geral da Sa\u00fade, pretende \u201cobter dados que permitam definir novas orienta\u00e7\u00f5es t\u00e9cnicas e as regras de realiza\u00e7\u00e3o de testes de diagn\u00f3stico de SarsCoV-2 para a realiza\u00e7\u00e3o de espect\u00e1culos e festivais\u201d, referem os respons\u00e1veis.<br \/>\nNa quinta-feira, 29 de Abril, decorre um espect\u00e1culo de humor com Fernando Rocha, Jo\u00e3o Seabra e Pedro Neves, que ter\u00e1 lugares sentados e previamente marcados. Na sexta-feira, dia 30 de Abril, ser\u00e1 a vez de Pedro Abrunhosa naquele que ser\u00e1 o primeiro concerto com p\u00fablico em p\u00e9 desde o in\u00edcio da pandemia em Portugal.<br \/>\nOs dois espect\u00e1culos ter\u00e3o ainda fins solid\u00e1rios, com um pre\u00e7o de dois euros a reverter na totalidade para a CERCI Braga, uma organiza\u00e7\u00e3o sem fins lucrativos que se dedica ao apoio a pessoas com defici\u00eancia.<br \/>\n\u00c9 a segunda vez que na Pen\u00ednsula Ib\u00e9rica se realizam estes espect\u00e1culos-piloto, depois do concerto dos Love of Lesbian em Barcelona, que juntou cerca de cinco mil pessoas a 27 de Mar\u00e7o. Neste caso, o concerto decorreu em p\u00e9, com o p\u00fablico pr\u00e9-testado, de m\u00e1scara e sem dist\u00e2ncia social.\u00a0 O El Pa\u00eds desta quarta-feira refere que nas semanas a seguir ao concerto\u00a0foram detectados seis casos de covid-19 entre o p\u00fablico a que assistiu ao concerto, dos quais quatro n\u00e3o tiveram o espect\u00e1culo como origem do cont\u00e1gio.<\/p>\n<p>\n<!--noindex--><br \/>\n<a href=\"https:\/\/www.meiosepublicidade.pt\/2021\/04\/vao-funcionar-os-primeiros-grandes-eventos-teste-portugal\/?utm_source=rss&#038;utm_medium=rss&#038;utm_campaign=vao-funcionar-os-primeiros-grandes-eventos-teste-portugal\" rel=\"nofollow\">Source link <\/a><br \/>\n<!--\/noindex--><\/p>\n","protected":false},"excerpt":{"rendered":"<p>O recinto exterior do Altice Forum Braga \u00e9 o palco escolhido para acolher os primeiros grandes espect\u00e1culos de teste em contexto de pandemia em Portugal. Os espect\u00e1culos, limitados a uma lota\u00e7\u00e3o de 400 pessoas, acontecem nos dias 29 e 30 de Abril, pelas 20h. Com recurso a testes r\u00e1pidos antig\u00e9nio, realizados pela Cruz Vermelha Portuguesa [&hellip;]<\/p>\n","protected":false},"author":2,"featured_media":7170,"comment_status":"open","ping_status":"open","sticky":false,"template":"","format":"standard","meta":{"footnotes":""},"categories":[2],"tags":[],"class_list":["post-7169","post","type-post","status-publish","format-standard","has-post-thumbnail","hentry","category-noticias-de-marketing-digital"],"yoast_head":"<!-- This site is optimized with the Yoast SEO plugin v27.4 - https:\/\/yoast.com\/product\/yoast-seo-wordpress\/ -->\n<title>Como v\u00e3o funcionar os primeiros grandes eventos-teste em Portugal - Meios &amp; Publicidade - Super News<\/title>\n<meta name=\"robots\" content=\"index, follow, max-snippet:-1, max-image-preview:large, max-video-preview:-1\" \/>\n<link rel=\"canonical\" href=\"https:\/\/super-news.info\/pt\/como-vao-funcionar-os-primeiros-grandes-eventos-teste-em-portugal-meios-publicidade\/\" \/>\n<meta property=\"og:locale\" content=\"pt_PT\" \/>\n<meta property=\"og:type\" content=\"article\" \/>\n<meta property=\"og:title\" content=\"Como v\u00e3o funcionar os primeiros grandes eventos-teste em Portugal - Meios &amp; Publicidade - Super News\" \/>\n<meta property=\"og:description\" content=\"O recinto exterior do Altice Forum Braga \u00e9 o palco escolhido para acolher os primeiros grandes espect\u00e1culos de teste em contexto de pandemia em Portugal. Os espect\u00e1culos, limitados a uma lota\u00e7\u00e3o de 400 pessoas, acontecem nos dias 29 e 30 de Abril, pelas 20h. Com recurso a testes r\u00e1pidos antig\u00e9nio, realizados pela Cruz Vermelha Portuguesa [&hellip;]\" \/>\n<meta property=\"og:url\" content=\"https:\/\/super-news.info\/pt\/como-vao-funcionar-os-primeiros-grandes-eventos-teste-em-portugal-meios-publicidade\/\" \/>\n<meta property=\"og:site_name\" content=\"Super News\" \/>\n<meta property=\"article:published_time\" content=\"2021-04-28T11:33:08+00:00\" \/>\n<meta property=\"article:modified_time\" content=\"2021-04-28T11:33:10+00:00\" \/>\n<meta property=\"og:image\" content=\"https:\/\/super-news.info\/pt\/wp-content\/uploads\/sites\/2\/2021\/04\/Como-vao-funcionar-os-primeiros-grandes-eventos-teste-em-Portugal.jpg\" \/>\n\t<meta property=\"og:image:width\" content=\"900\" \/>\n\t<meta property=\"og:image:height\" content=\"480\" \/>\n\t<meta property=\"og:image:type\" content=\"image\/jpeg\" \/>\n<meta name=\"author\" content=\"super-news\" \/>\n<meta name=\"twitter:card\" content=\"summary_large_image\" \/>\n<meta name=\"twitter:label1\" content=\"Escrito por\" \/>\n\t<meta name=\"twitter:data1\" content=\"super-news\" \/>\n\t<meta name=\"twitter:label2\" content=\"Tempo estimado de leitura\" \/>\n\t<meta name=\"twitter:data2\" content=\"2 minutos\" \/>\n<script type=\"application\/ld+json\" class=\"yoast-schema-graph\">{\"@context\":\"https:\\\/\\\/schema.org\",\"@graph\":[{\"@type\":\"Article\",\"@id\":\"https:\\\/\\\/super-news.info\\\/pt\\\/como-vao-funcionar-os-primeiros-grandes-eventos-teste-em-portugal-meios-publicidade\\\/#article\",\"isPartOf\":{\"@id\":\"https:\\\/\\\/super-news.info\\\/pt\\\/como-vao-funcionar-os-primeiros-grandes-eventos-teste-em-portugal-meios-publicidade\\\/\"},\"author\":{\"name\":\"super-news\",\"@id\":\"https:\\\/\\\/super-news.info\\\/pt\\\/#\\\/schema\\\/person\\\/2d4068cb2f39cd10008c2fce578a7356\"},\"headline\":\"Como v\u00e3o funcionar os primeiros grandes eventos-teste em Portugal &#8211; Meios &#038; Publicidade\",\"datePublished\":\"2021-04-28T11:33:08+00:00\",\"dateModified\":\"2021-04-28T11:33:10+00:00\",\"mainEntityOfPage\":{\"@id\":\"https:\\\/\\\/super-news.info\\\/pt\\\/como-vao-funcionar-os-primeiros-grandes-eventos-teste-em-portugal-meios-publicidade\\\/\"},\"wordCount\":417,\"commentCount\":0,\"image\":{\"@id\":\"https:\\\/\\\/super-news.info\\\/pt\\\/como-vao-funcionar-os-primeiros-grandes-eventos-teste-em-portugal-meios-publicidade\\\/#primaryimage\"},\"thumbnailUrl\":\"https:\\\/\\\/super-news.info\\\/pt\\\/wp-content\\\/uploads\\\/sites\\\/2\\\/2021\\\/04\\\/Como-vao-funcionar-os-primeiros-grandes-eventos-teste-em-Portugal.jpg\",\"articleSection\":[\"NOT\u00cdCIAS DE MARKETING DIGITAL\"],\"inLanguage\":\"pt-PT\",\"potentialAction\":[{\"@type\":\"CommentAction\",\"name\":\"Comment\",\"target\":[\"https:\\\/\\\/super-news.info\\\/pt\\\/como-vao-funcionar-os-primeiros-grandes-eventos-teste-em-portugal-meios-publicidade\\\/#respond\"]}]},{\"@type\":\"WebPage\",\"@id\":\"https:\\\/\\\/super-news.info\\\/pt\\\/como-vao-funcionar-os-primeiros-grandes-eventos-teste-em-portugal-meios-publicidade\\\/\",\"url\":\"https:\\\/\\\/super-news.info\\\/pt\\\/como-vao-funcionar-os-primeiros-grandes-eventos-teste-em-portugal-meios-publicidade\\\/\",\"name\":\"Como v\u00e3o funcionar os primeiros grandes eventos-teste em Portugal - Meios & Publicidade - Super News\",\"isPartOf\":{\"@id\":\"https:\\\/\\\/super-news.info\\\/pt\\\/#website\"},\"primaryImageOfPage\":{\"@id\":\"https:\\\/\\\/super-news.info\\\/pt\\\/como-vao-funcionar-os-primeiros-grandes-eventos-teste-em-portugal-meios-publicidade\\\/#primaryimage\"},\"image\":{\"@id\":\"https:\\\/\\\/super-news.info\\\/pt\\\/como-vao-funcionar-os-primeiros-grandes-eventos-teste-em-portugal-meios-publicidade\\\/#primaryimage\"},\"thumbnailUrl\":\"https:\\\/\\\/super-news.info\\\/pt\\\/wp-content\\\/uploads\\\/sites\\\/2\\\/2021\\\/04\\\/Como-vao-funcionar-os-primeiros-grandes-eventos-teste-em-Portugal.jpg\",\"datePublished\":\"2021-04-28T11:33:08+00:00\",\"dateModified\":\"2021-04-28T11:33:10+00:00\",\"author\":{\"@id\":\"https:\\\/\\\/super-news.info\\\/pt\\\/#\\\/schema\\\/person\\\/2d4068cb2f39cd10008c2fce578a7356\"},\"breadcrumb\":{\"@id\":\"https:\\\/\\\/super-news.info\\\/pt\\\/como-vao-funcionar-os-primeiros-grandes-eventos-teste-em-portugal-meios-publicidade\\\/#breadcrumb\"},\"inLanguage\":\"pt-PT\",\"potentialAction\":[{\"@type\":\"ReadAction\",\"target\":[\"https:\\\/\\\/super-news.info\\\/pt\\\/como-vao-funcionar-os-primeiros-grandes-eventos-teste-em-portugal-meios-publicidade\\\/\"]}]},{\"@type\":\"ImageObject\",\"inLanguage\":\"pt-PT\",\"@id\":\"https:\\\/\\\/super-news.info\\\/pt\\\/como-vao-funcionar-os-primeiros-grandes-eventos-teste-em-portugal-meios-publicidade\\\/#primaryimage\",\"url\":\"https:\\\/\\\/super-news.info\\\/pt\\\/wp-content\\\/uploads\\\/sites\\\/2\\\/2021\\\/04\\\/Como-vao-funcionar-os-primeiros-grandes-eventos-teste-em-Portugal.jpg\",\"contentUrl\":\"https:\\\/\\\/super-news.info\\\/pt\\\/wp-content\\\/uploads\\\/sites\\\/2\\\/2021\\\/04\\\/Como-vao-funcionar-os-primeiros-grandes-eventos-teste-em-Portugal.jpg\",\"width\":900,\"height\":480,\"caption\":\"Como v\u00e3o funcionar os primeiros grandes eventos-teste em Portugal - Meios & Publicidade\"},{\"@type\":\"BreadcrumbList\",\"@id\":\"https:\\\/\\\/super-news.info\\\/pt\\\/como-vao-funcionar-os-primeiros-grandes-eventos-teste-em-portugal-meios-publicidade\\\/#breadcrumb\",\"itemListElement\":[{\"@type\":\"ListItem\",\"position\":1,\"name\":\"\u0413\u043b\u0430\u0432\u043d\u0430\u044f \u0441\u0442\u0440\u0430\u043d\u0438\u0446\u0430\",\"item\":\"https:\\\/\\\/super-news.info\\\/pt\\\/\"},{\"@type\":\"ListItem\",\"position\":2,\"name\":\"Como v\u00e3o funcionar os primeiros grandes eventos-teste em Portugal &#8211; Meios &#038; Publicidade\"}]},{\"@type\":\"WebSite\",\"@id\":\"https:\\\/\\\/super-news.info\\\/pt\\\/#website\",\"url\":\"https:\\\/\\\/super-news.info\\\/pt\\\/\",\"name\":\"Super News\",\"description\":\"Super News Portugal\",\"potentialAction\":[{\"@type\":\"SearchAction\",\"target\":{\"@type\":\"EntryPoint\",\"urlTemplate\":\"https:\\\/\\\/super-news.info\\\/pt\\\/?s={search_term_string}\"},\"query-input\":{\"@type\":\"PropertyValueSpecification\",\"valueRequired\":true,\"valueName\":\"search_term_string\"}}],\"inLanguage\":\"pt-PT\"},{\"@type\":\"Person\",\"@id\":\"https:\\\/\\\/super-news.info\\\/pt\\\/#\\\/schema\\\/person\\\/2d4068cb2f39cd10008c2fce578a7356\",\"name\":\"super-news\",\"image\":{\"@type\":\"ImageObject\",\"inLanguage\":\"pt-PT\",\"@id\":\"https:\\\/\\\/secure.gravatar.com\\\/avatar\\\/64ebac40b93f26a154f8a9b5b6fdccfc46f442b26b3dd6756dbff3bf9dc76fd7?s=96&d=mm&r=g\",\"url\":\"https:\\\/\\\/secure.gravatar.com\\\/avatar\\\/64ebac40b93f26a154f8a9b5b6fdccfc46f442b26b3dd6756dbff3bf9dc76fd7?s=96&d=mm&r=g\",\"contentUrl\":\"https:\\\/\\\/secure.gravatar.com\\\/avatar\\\/64ebac40b93f26a154f8a9b5b6fdccfc46f442b26b3dd6756dbff3bf9dc76fd7?s=96&d=mm&r=g\",\"caption\":\"super-news\"},\"url\":\"https:\\\/\\\/super-news.info\\\/pt\\\/author\\\/pt\\\/\"}]}<\/script>\n<!-- \/ Yoast SEO plugin. -->","yoast_head_json":{"title":"Como v\u00e3o funcionar os primeiros grandes eventos-teste em Portugal - Meios & Publicidade - Super News","robots":{"index":"index","follow":"follow","max-snippet":"max-snippet:-1","max-image-preview":"max-image-preview:large","max-video-preview":"max-video-preview:-1"},"canonical":"https:\/\/super-news.info\/pt\/como-vao-funcionar-os-primeiros-grandes-eventos-teste-em-portugal-meios-publicidade\/","og_locale":"pt_PT","og_type":"article","og_title":"Como v\u00e3o funcionar os primeiros grandes eventos-teste em Portugal - Meios & Publicidade - Super News","og_description":"O recinto exterior do Altice Forum Braga \u00e9 o palco escolhido para acolher os primeiros grandes espect\u00e1culos de teste em contexto de pandemia em Portugal. Os espect\u00e1culos, limitados a uma lota\u00e7\u00e3o de 400 pessoas, acontecem nos dias 29 e 30 de Abril, pelas 20h. Com recurso a testes r\u00e1pidos antig\u00e9nio, realizados pela Cruz Vermelha Portuguesa [&hellip;]","og_url":"https:\/\/super-news.info\/pt\/como-vao-funcionar-os-primeiros-grandes-eventos-teste-em-portugal-meios-publicidade\/","og_site_name":"Super News","article_published_time":"2021-04-28T11:33:08+00:00","article_modified_time":"2021-04-28T11:33:10+00:00","og_image":[{"width":900,"height":480,"url":"https:\/\/super-news.info\/pt\/wp-content\/uploads\/sites\/2\/2021\/04\/Como-vao-funcionar-os-primeiros-grandes-eventos-teste-em-Portugal.jpg","type":"image\/jpeg"}],"author":"super-news","twitter_card":"summary_large_image","twitter_misc":{"Escrito por":"super-news","Tempo estimado de leitura":"2 minutos"},"schema":{"@context":"https:\/\/schema.org","@graph":[{"@type":"Article","@id":"https:\/\/super-news.info\/pt\/como-vao-funcionar-os-primeiros-grandes-eventos-teste-em-portugal-meios-publicidade\/#article","isPartOf":{"@id":"https:\/\/super-news.info\/pt\/como-vao-funcionar-os-primeiros-grandes-eventos-teste-em-portugal-meios-publicidade\/"},"author":{"name":"super-news","@id":"https:\/\/super-news.info\/pt\/#\/schema\/person\/2d4068cb2f39cd10008c2fce578a7356"},"headline":"Como v\u00e3o funcionar os primeiros grandes eventos-teste em Portugal &#8211; Meios &#038; Publicidade","datePublished":"2021-04-28T11:33:08+00:00","dateModified":"2021-04-28T11:33:10+00:00","mainEntityOfPage":{"@id":"https:\/\/super-news.info\/pt\/como-vao-funcionar-os-primeiros-grandes-eventos-teste-em-portugal-meios-publicidade\/"},"wordCount":417,"commentCount":0,"image":{"@id":"https:\/\/super-news.info\/pt\/como-vao-funcionar-os-primeiros-grandes-eventos-teste-em-portugal-meios-publicidade\/#primaryimage"},"thumbnailUrl":"https:\/\/super-news.info\/pt\/wp-content\/uploads\/sites\/2\/2021\/04\/Como-vao-funcionar-os-primeiros-grandes-eventos-teste-em-Portugal.jpg","articleSection":["NOT\u00cdCIAS DE MARKETING DIGITAL"],"inLanguage":"pt-PT","potentialAction":[{"@type":"CommentAction","name":"Comment","target":["https:\/\/super-news.info\/pt\/como-vao-funcionar-os-primeiros-grandes-eventos-teste-em-portugal-meios-publicidade\/#respond"]}]},{"@type":"WebPage","@id":"https:\/\/super-news.info\/pt\/como-vao-funcionar-os-primeiros-grandes-eventos-teste-em-portugal-meios-publicidade\/","url":"https:\/\/super-news.info\/pt\/como-vao-funcionar-os-primeiros-grandes-eventos-teste-em-portugal-meios-publicidade\/","name":"Como v\u00e3o funcionar os primeiros grandes eventos-teste em Portugal - Meios & Publicidade - Super News","isPartOf":{"@id":"https:\/\/super-news.info\/pt\/#website"},"primaryImageOfPage":{"@id":"https:\/\/super-news.info\/pt\/como-vao-funcionar-os-primeiros-grandes-eventos-teste-em-portugal-meios-publicidade\/#primaryimage"},"image":{"@id":"https:\/\/super-news.info\/pt\/como-vao-funcionar-os-primeiros-grandes-eventos-teste-em-portugal-meios-publicidade\/#primaryimage"},"thumbnailUrl":"https:\/\/super-news.info\/pt\/wp-content\/uploads\/sites\/2\/2021\/04\/Como-vao-funcionar-os-primeiros-grandes-eventos-teste-em-Portugal.jpg","datePublished":"2021-04-28T11:33:08+00:00","dateModified":"2021-04-28T11:33:10+00:00","author":{"@id":"https:\/\/super-news.info\/pt\/#\/schema\/person\/2d4068cb2f39cd10008c2fce578a7356"},"breadcrumb":{"@id":"https:\/\/super-news.info\/pt\/como-vao-funcionar-os-primeiros-grandes-eventos-teste-em-portugal-meios-publicidade\/#breadcrumb"},"inLanguage":"pt-PT","potentialAction":[{"@type":"ReadAction","target":["https:\/\/super-news.info\/pt\/como-vao-funcionar-os-primeiros-grandes-eventos-teste-em-portugal-meios-publicidade\/"]}]},{"@type":"ImageObject","inLanguage":"pt-PT","@id":"https:\/\/super-news.info\/pt\/como-vao-funcionar-os-primeiros-grandes-eventos-teste-em-portugal-meios-publicidade\/#primaryimage","url":"https:\/\/super-news.info\/pt\/wp-content\/uploads\/sites\/2\/2021\/04\/Como-vao-funcionar-os-primeiros-grandes-eventos-teste-em-Portugal.jpg","contentUrl":"https:\/\/super-news.info\/pt\/wp-content\/uploads\/sites\/2\/2021\/04\/Como-vao-funcionar-os-primeiros-grandes-eventos-teste-em-Portugal.jpg","width":900,"height":480,"caption":"Como v\u00e3o funcionar os primeiros grandes eventos-teste em Portugal - Meios & Publicidade"},{"@type":"BreadcrumbList","@id":"https:\/\/super-news.info\/pt\/como-vao-funcionar-os-primeiros-grandes-eventos-teste-em-portugal-meios-publicidade\/#breadcrumb","itemListElement":[{"@type":"ListItem","position":1,"name":"\u0413\u043b\u0430\u0432\u043d\u0430\u044f \u0441\u0442\u0440\u0430\u043d\u0438\u0446\u0430","item":"https:\/\/super-news.info\/pt\/"},{"@type":"ListItem","position":2,"name":"Como v\u00e3o funcionar os primeiros grandes eventos-teste em Portugal &#8211; Meios &#038; Publicidade"}]},{"@type":"WebSite","@id":"https:\/\/super-news.info\/pt\/#website","url":"https:\/\/super-news.info\/pt\/","name":"Super News","description":"Super News Portugal","potentialAction":[{"@type":"SearchAction","target":{"@type":"EntryPoint","urlTemplate":"https:\/\/super-news.info\/pt\/?s={search_term_string}"},"query-input":{"@type":"PropertyValueSpecification","valueRequired":true,"valueName":"search_term_string"}}],"inLanguage":"pt-PT"},{"@type":"Person","@id":"https:\/\/super-news.info\/pt\/#\/schema\/person\/2d4068cb2f39cd10008c2fce578a7356","name":"super-news","image":{"@type":"ImageObject","inLanguage":"pt-PT","@id":"https:\/\/secure.gravatar.com\/avatar\/64ebac40b93f26a154f8a9b5b6fdccfc46f442b26b3dd6756dbff3bf9dc76fd7?s=96&d=mm&r=g","url":"https:\/\/secure.gravatar.com\/avatar\/64ebac40b93f26a154f8a9b5b6fdccfc46f442b26b3dd6756dbff3bf9dc76fd7?s=96&d=mm&r=g","contentUrl":"https:\/\/secure.gravatar.com\/avatar\/64ebac40b93f26a154f8a9b5b6fdccfc46f442b26b3dd6756dbff3bf9dc76fd7?s=96&d=mm&r=g","caption":"super-news"},"url":"https:\/\/super-news.info\/pt\/author\/pt\/"}]}},"_links":{"self":[{"href":"https:\/\/super-news.info\/pt\/wp-json\/wp\/v2\/posts\/7169","targetHints":{"allow":["GET"]}}],"collection":[{"href":"https:\/\/super-news.info\/pt\/wp-json\/wp\/v2\/posts"}],"about":[{"href":"https:\/\/super-news.info\/pt\/wp-json\/wp\/v2\/types\/post"}],"author":[{"embeddable":true,"href":"https:\/\/super-news.info\/pt\/wp-json\/wp\/v2\/users\/2"}],"replies":[{"embeddable":true,"href":"https:\/\/super-news.info\/pt\/wp-json\/wp\/v2\/comments?post=7169"}],"version-history":[{"count":1,"href":"https:\/\/super-news.info\/pt\/wp-json\/wp\/v2\/posts\/7169\/revisions"}],"predecessor-version":[{"id":7171,"href":"https:\/\/super-news.info\/pt\/wp-json\/wp\/v2\/posts\/7169\/revisions\/7171"}],"wp:featuredmedia":[{"embeddable":true,"href":"https:\/\/super-news.info\/pt\/wp-json\/wp\/v2\/media\/7170"}],"wp:attachment":[{"href":"https:\/\/super-news.info\/pt\/wp-json\/wp\/v2\/media?parent=7169"}],"wp:term":[{"taxonomy":"category","embeddable":true,"href":"https:\/\/super-news.info\/pt\/wp-json\/wp\/v2\/categories?post=7169"},{"taxonomy":"post_tag","embeddable":true,"href":"https:\/\/super-news.info\/pt\/wp-json\/wp\/v2\/tags?post=7169"}],"curies":[{"name":"wp","href":"https:\/\/api.w.org\/{rel}","templated":true}]}}