{"id":668,"date":"2019-04-22T23:34:22","date_gmt":"2019-04-22T20:34:22","guid":{"rendered":"https:\/\/super-news.info\/pt\/camara-de-lisboa-discute-regulamento-municipal-do-alojamento-local-na-sexta-feira-o-jornal-economico\/"},"modified":"2019-04-22T23:34:23","modified_gmt":"2019-04-22T20:34:23","slug":"camara-de-lisboa-discute-regulamento-municipal-do-alojamento-local-na-sexta-feira-o-jornal-economico","status":"publish","type":"post","link":"https:\/\/super-news.info\/pt\/camara-de-lisboa-discute-regulamento-municipal-do-alojamento-local-na-sexta-feira-o-jornal-economico\/","title":{"rendered":"C\u00e2mara de Lisboa discute Regulamento Municipal do Alojamento Local na sexta-feira \u2013 O Jornal Econ\u00f3mico"},"content":{"rendered":"<p> [ad_1]<br \/>\n<\/p>\n<div>\n<p>A C\u00e2mara de Lisboa, liderada pelo PS, vai apreciar na sexta-feira, em reuni\u00e3o do executivo, o Regulamento Municipal do Alojamento Local, que estabelece \u00e1reas de conten\u00e7\u00e3o absoluta e \u00e1reas de conten\u00e7\u00e3o relativa para novos registos.<\/p>\n<p>A proposta, assinada pelo vereador do Urbanismo, Manuel Salgado (PS), visa submeter o projeto de regulamento a consulta p\u00fablica e posterior aprova\u00e7\u00e3o na Assembleia Municipal de Lisboa.<\/p>\n<p>De acordo com o regulamento, ao qual a ag\u00eancia Lusa teve acesso, s\u00e3o consideradas \u00e1reas de conten\u00e7\u00e3o absoluta \u201cas zonas tur\u00edsticas homog\u00e9neas que apresentem um r\u00e1cio entre estabelecimentos de alojamento local e n\u00famero de fogos de habita\u00e7\u00e3o permanente que seja superior a 20%\u201d.<\/p>\n<p>S\u00e3o \u00e1reas de conten\u00e7\u00e3o relativa as zonas em que esse r\u00e1cio seja \u201cigual ou superior a 10% e inferior a 20%\u201d.<\/p>\n<p>Fonte da c\u00e2mara indicou \u00e0 Lusa que as zonas do Bairro Alto, Madragoa, Castelo, Alfama e Mouraria, onde n\u00e3o \u00e9 poss\u00edvel registar novos estabelecimentos de alojamento local desde novembro, far\u00e3o parte das \u00e1reas de conten\u00e7\u00e3o absoluta, enquanto o bairro da Gra\u00e7a e a Colina de Santana integram as \u00e1reas de conten\u00e7\u00e3o relativa, passando a ter o registo de alojamento local limitado.<\/p>\n<p>Para apurar este r\u00e1cio, considera-se o \u201cn\u00famero de alojamentos familiares cl\u00e1ssicos\u201d contabilizados nos censos de 2011, at\u00e9 que o Instituto de Habita\u00e7\u00e3o e de Reabilita\u00e7\u00e3o Urbana \u201cpublique dados desagregados relativos ao n\u00famero de fogos de habita\u00e7\u00e3o permanente no munic\u00edpio de Lisboa\u201d.<\/p>\n<p>Nas \u00e1reas de conten\u00e7\u00e3o absoluta \u201cn\u00e3o s\u00e3o admiss\u00edveis novos registos de estabelecimentos de alojamento local\u201d, exceto \u201cquando digam respeito a opera\u00e7\u00f5es de reabilita\u00e7\u00e3o de edif\u00edcios em ru\u00ednas ou reabilita\u00e7\u00e3o integral de edif\u00edcios devolutos\u201d.<\/p>\n<p>J\u00e1 nas zonas de conten\u00e7\u00e3o relativa, a c\u00e2mara pode autorizar novos registos de estabelecimentos de alojamento local \u201cquando se refiram \u00e0 totalidade de edif\u00edcio que esteja declarado totalmente devoluto h\u00e1 mais de tr\u00eas anos ou tenha sido objeto de obras de reabilita\u00e7\u00e3o, realizadas nos dois \u00faltimos anos, que tenha permitido subir dois n\u00edveis de conserva\u00e7\u00e3o\u201d.<\/p>\n<p>O munic\u00edpio pode tamb\u00e9m permitir novos registos que \u201cse refiram a fra\u00e7\u00e3o aut\u00f3noma ou parte de pr\u00e9dio urbano que tenha sido declarada devoluta h\u00e1 mais de tr\u00eas anos, quando o edif\u00edcio se encontrasse num estado de conserva\u00e7\u00e3o mau ou p\u00e9ssimo e tenha sido objeto de obras de reabilita\u00e7\u00e3o, realizadas nos dois \u00faltimos anos, que tenha permitido subir dois n\u00edveis de conserva\u00e7\u00e3o\u201d.<\/p>\n<p>Nas zonas de conten\u00e7\u00e3o relativa, a c\u00e2mara pode ainda autorizar registos de alojamento local que digam respeito \u201c\u00e0 totalidade de edif\u00edcio, fra\u00e7\u00e3o aut\u00f3noma ou parte de pr\u00e9dio urbano que, nos dois \u00faltimos anos, tenha mudado o respetivo uso de log\u00edstica, ind\u00fastria ou servi\u00e7os para habita\u00e7\u00e3o\u201d.<\/p>\n<p>O munic\u00edpio de Lisboa n\u00e3o vai, contudo, permitir novos registos de estabelecimentos de alojamento local nestas \u00e1reas, em edif\u00edcios ou fra\u00e7\u00f5es onde tenha vigorado um contrato de arrendamento para habita\u00e7\u00e3o h\u00e1 menos de cinco anos.<\/p>\n<p>A autoriza\u00e7\u00e3o de novos estabelecimentos em \u00e1reas de conten\u00e7\u00e3o \u201c\u00e9 conferida por um prazo de cinco anos, a contar da data da atribui\u00e7\u00e3o do n\u00famero de registo ao respetivo estabelecimento, caducando no termo do respetivo prazo\u201d, refere o regulamento.<\/p>\n<p>O Regulamento Municipal do Alojamento Local considera que a zona Baixa\/Eixos\/Avenida da Liberdade\/Avenida da Rep\u00fablica\/Avenida Almirante Reis tem um \u201cuso predominante terci\u00e1rio\u201d, pelo que est\u00e1 exclu\u00edda das \u00e1reas de conten\u00e7\u00e3o.<\/p>\n<p>O documento prev\u00ea tamb\u00e9m que a assembleia de cond\u00f3minos de um pr\u00e9dio que seja utilizado parcialmente para alojamento local possa decidir opor-se ao exerc\u00edcio desta atividade e solicitar ao presidente da c\u00e2mara o cancelamento desse registo.<\/p>\n<p>A C\u00e2mara de Lisboa vai ainda deliberar sobre uma proposta do vereador do BE, Manuel Grilo, que pretende que o Regulamento Municipal de Alojamento Local contemple \u201ca interdi\u00e7\u00e3o do aumento do n\u00famero total de registos\u201d de alojamento local, bem como a interdi\u00e7\u00e3o de novos registos \u201cnas zonas que atinjam os 10% de casas entregues\u201d ao alojamento local.<\/p>\n<p>\u201cNas zonas n\u00e3o interditas poder\u00e1 ser concedido um registo sempre que encerrar um registo na zona interdita. Desta forma o fen\u00f3meno do alojamento local poder\u00e1 ser desconcentrado pela cidade\u201d, acrescenta a proposta do vereador do BE, partido que tem um acordo de governa\u00e7\u00e3o do concelho com o PS.<\/p>\n<\/div>\n<p><script>\/*<![CDATA[*\/function facebookInit(){var js=document.createElement('script');js.src='https:\/\/connect.facebook.net\/pt_PT\/sdk.js#xfbml=1&#038;version=v3.1&#038;appId=1708066812789184&#038;autoLogAppEvents=1';return document.body.appendChild(js);}\nwindow.onscroll=function(){var rect=document.getElementsByClassName('je-post-content')[0].getBoundingClientRect();if(rect.bottom<window.innerHeight){facebookInit();window.onscroll=null;}}\/*]]>*\/<\/script><br \/>\n<br \/>[ad_2]<br \/>\n<br \/><a href=\"https:\/\/jornaleconomico.sapo.pt\/noticias\/camara-de-lisboa-discute-regulamento-municipal-do-alojamento-local-na-sexta-feira-436400\">Source link <\/a><\/p>\n","protected":false},"excerpt":{"rendered":"<p>[ad_1] A C\u00e2mara de Lisboa, liderada pelo PS, vai apreciar na sexta-feira, em reuni\u00e3o do executivo, o Regulamento Municipal do Alojamento Local, que estabelece \u00e1reas de conten\u00e7\u00e3o absoluta e \u00e1reas de conten\u00e7\u00e3o relativa para novos registos. A proposta, assinada pelo vereador do Urbanismo, Manuel Salgado (PS), visa submeter o projeto de regulamento a consulta p\u00fablica [&hellip;]<\/p>\n","protected":false},"author":2,"featured_media":669,"comment_status":"open","ping_status":"open","sticky":false,"template":"","format":"standard","meta":{"footnotes":""},"categories":[1],"tags":[],"class_list":["post-668","post","type-post","status-publish","format-standard","has-post-thumbnail","hentry","category-noticias-financeiras"],"yoast_head":"<!-- This site is optimized with the Yoast SEO plugin v27.4 - https:\/\/yoast.com\/product\/yoast-seo-wordpress\/ -->\n<title>C\u00e2mara de Lisboa discute Regulamento Municipal do Alojamento Local na sexta-feira \u2013 O Jornal Econ\u00f3mico - Super News<\/title>\n<meta name=\"robots\" content=\"index, follow, max-snippet:-1, max-image-preview:large, max-video-preview:-1\" \/>\n<link rel=\"canonical\" href=\"https:\/\/super-news.info\/pt\/camara-de-lisboa-discute-regulamento-municipal-do-alojamento-local-na-sexta-feira-o-jornal-economico\/\" \/>\n<meta property=\"og:locale\" content=\"pt_PT\" \/>\n<meta property=\"og:type\" content=\"article\" \/>\n<meta property=\"og:title\" content=\"C\u00e2mara de Lisboa discute Regulamento Municipal do Alojamento Local na sexta-feira \u2013 O Jornal Econ\u00f3mico - Super News\" \/>\n<meta property=\"og:description\" content=\"[ad_1] A C\u00e2mara de Lisboa, liderada pelo PS, vai apreciar na sexta-feira, em reuni\u00e3o do executivo, o Regulamento Municipal do Alojamento Local, que estabelece \u00e1reas de conten\u00e7\u00e3o absoluta e \u00e1reas de conten\u00e7\u00e3o relativa para novos registos. A proposta, assinada pelo vereador do Urbanismo, Manuel Salgado (PS), visa submeter o projeto de regulamento a consulta p\u00fablica [&hellip;]\" \/>\n<meta property=\"og:url\" content=\"https:\/\/super-news.info\/pt\/camara-de-lisboa-discute-regulamento-municipal-do-alojamento-local-na-sexta-feira-o-jornal-economico\/\" \/>\n<meta property=\"og:site_name\" content=\"Super News\" \/>\n<meta property=\"article:published_time\" content=\"2019-04-22T20:34:22+00:00\" \/>\n<meta property=\"article:modified_time\" content=\"2019-04-22T20:34:23+00:00\" \/>\n<meta property=\"og:image\" content=\"https:\/\/super-news.info\/pt\/wp-content\/uploads\/sites\/2\/2019\/04\/C\u00e2mara-de-Lisboa-discute-Regulamento-Municipal-do-Alojamento-Local-na.jpg\" \/>\n\t<meta property=\"og:image:width\" content=\"960\" \/>\n\t<meta property=\"og:image:height\" content=\"600\" \/>\n\t<meta property=\"og:image:type\" content=\"image\/jpeg\" \/>\n<meta name=\"author\" content=\"super-news\" \/>\n<meta name=\"twitter:card\" content=\"summary_large_image\" \/>\n<meta name=\"twitter:label1\" content=\"Escrito por\" \/>\n\t<meta name=\"twitter:data1\" content=\"super-news\" \/>\n\t<meta name=\"twitter:label2\" content=\"Tempo estimado de leitura\" \/>\n\t<meta name=\"twitter:data2\" content=\"4 minutos\" \/>\n<script type=\"application\/ld+json\" class=\"yoast-schema-graph\">{\"@context\":\"https:\\\/\\\/schema.org\",\"@graph\":[{\"@type\":\"Article\",\"@id\":\"https:\\\/\\\/super-news.info\\\/pt\\\/camara-de-lisboa-discute-regulamento-municipal-do-alojamento-local-na-sexta-feira-o-jornal-economico\\\/#article\",\"isPartOf\":{\"@id\":\"https:\\\/\\\/super-news.info\\\/pt\\\/camara-de-lisboa-discute-regulamento-municipal-do-alojamento-local-na-sexta-feira-o-jornal-economico\\\/\"},\"author\":{\"name\":\"super-news\",\"@id\":\"https:\\\/\\\/super-news.info\\\/pt\\\/#\\\/schema\\\/person\\\/2d4068cb2f39cd10008c2fce578a7356\"},\"headline\":\"C\u00e2mara de Lisboa discute Regulamento Municipal do Alojamento Local na sexta-feira \u2013 O Jornal Econ\u00f3mico\",\"datePublished\":\"2019-04-22T20:34:22+00:00\",\"dateModified\":\"2019-04-22T20:34:23+00:00\",\"mainEntityOfPage\":{\"@id\":\"https:\\\/\\\/super-news.info\\\/pt\\\/camara-de-lisboa-discute-regulamento-municipal-do-alojamento-local-na-sexta-feira-o-jornal-economico\\\/\"},\"wordCount\":777,\"commentCount\":0,\"image\":{\"@id\":\"https:\\\/\\\/super-news.info\\\/pt\\\/camara-de-lisboa-discute-regulamento-municipal-do-alojamento-local-na-sexta-feira-o-jornal-economico\\\/#primaryimage\"},\"thumbnailUrl\":\"https:\\\/\\\/super-news.info\\\/pt\\\/wp-content\\\/uploads\\\/sites\\\/2\\\/2019\\\/04\\\/C\u00e2mara-de-Lisboa-discute-Regulamento-Municipal-do-Alojamento-Local-na.jpg\",\"articleSection\":[\"NOT\u00cdCIAS FINANCEIRAS\"],\"inLanguage\":\"pt-PT\",\"potentialAction\":[{\"@type\":\"CommentAction\",\"name\":\"Comment\",\"target\":[\"https:\\\/\\\/super-news.info\\\/pt\\\/camara-de-lisboa-discute-regulamento-municipal-do-alojamento-local-na-sexta-feira-o-jornal-economico\\\/#respond\"]}]},{\"@type\":\"WebPage\",\"@id\":\"https:\\\/\\\/super-news.info\\\/pt\\\/camara-de-lisboa-discute-regulamento-municipal-do-alojamento-local-na-sexta-feira-o-jornal-economico\\\/\",\"url\":\"https:\\\/\\\/super-news.info\\\/pt\\\/camara-de-lisboa-discute-regulamento-municipal-do-alojamento-local-na-sexta-feira-o-jornal-economico\\\/\",\"name\":\"C\u00e2mara de Lisboa discute Regulamento Municipal do Alojamento Local na sexta-feira \u2013 O Jornal Econ\u00f3mico - Super News\",\"isPartOf\":{\"@id\":\"https:\\\/\\\/super-news.info\\\/pt\\\/#website\"},\"primaryImageOfPage\":{\"@id\":\"https:\\\/\\\/super-news.info\\\/pt\\\/camara-de-lisboa-discute-regulamento-municipal-do-alojamento-local-na-sexta-feira-o-jornal-economico\\\/#primaryimage\"},\"image\":{\"@id\":\"https:\\\/\\\/super-news.info\\\/pt\\\/camara-de-lisboa-discute-regulamento-municipal-do-alojamento-local-na-sexta-feira-o-jornal-economico\\\/#primaryimage\"},\"thumbnailUrl\":\"https:\\\/\\\/super-news.info\\\/pt\\\/wp-content\\\/uploads\\\/sites\\\/2\\\/2019\\\/04\\\/C\u00e2mara-de-Lisboa-discute-Regulamento-Municipal-do-Alojamento-Local-na.jpg\",\"datePublished\":\"2019-04-22T20:34:22+00:00\",\"dateModified\":\"2019-04-22T20:34:23+00:00\",\"author\":{\"@id\":\"https:\\\/\\\/super-news.info\\\/pt\\\/#\\\/schema\\\/person\\\/2d4068cb2f39cd10008c2fce578a7356\"},\"breadcrumb\":{\"@id\":\"https:\\\/\\\/super-news.info\\\/pt\\\/camara-de-lisboa-discute-regulamento-municipal-do-alojamento-local-na-sexta-feira-o-jornal-economico\\\/#breadcrumb\"},\"inLanguage\":\"pt-PT\",\"potentialAction\":[{\"@type\":\"ReadAction\",\"target\":[\"https:\\\/\\\/super-news.info\\\/pt\\\/camara-de-lisboa-discute-regulamento-municipal-do-alojamento-local-na-sexta-feira-o-jornal-economico\\\/\"]}]},{\"@type\":\"ImageObject\",\"inLanguage\":\"pt-PT\",\"@id\":\"https:\\\/\\\/super-news.info\\\/pt\\\/camara-de-lisboa-discute-regulamento-municipal-do-alojamento-local-na-sexta-feira-o-jornal-economico\\\/#primaryimage\",\"url\":\"https:\\\/\\\/super-news.info\\\/pt\\\/wp-content\\\/uploads\\\/sites\\\/2\\\/2019\\\/04\\\/C\u00e2mara-de-Lisboa-discute-Regulamento-Municipal-do-Alojamento-Local-na.jpg\",\"contentUrl\":\"https:\\\/\\\/super-news.info\\\/pt\\\/wp-content\\\/uploads\\\/sites\\\/2\\\/2019\\\/04\\\/C\u00e2mara-de-Lisboa-discute-Regulamento-Municipal-do-Alojamento-Local-na.jpg\",\"width\":960,\"height\":600,\"caption\":\"C\u00e2mara de Lisboa discute Regulamento Municipal do Alojamento Local na sexta-feira \u2013 O Jornal Econ\u00f3mico\"},{\"@type\":\"BreadcrumbList\",\"@id\":\"https:\\\/\\\/super-news.info\\\/pt\\\/camara-de-lisboa-discute-regulamento-municipal-do-alojamento-local-na-sexta-feira-o-jornal-economico\\\/#breadcrumb\",\"itemListElement\":[{\"@type\":\"ListItem\",\"position\":1,\"name\":\"\u0413\u043b\u0430\u0432\u043d\u0430\u044f \u0441\u0442\u0440\u0430\u043d\u0438\u0446\u0430\",\"item\":\"https:\\\/\\\/super-news.info\\\/pt\\\/\"},{\"@type\":\"ListItem\",\"position\":2,\"name\":\"C\u00e2mara de Lisboa discute Regulamento Municipal do Alojamento Local na sexta-feira \u2013 O Jornal Econ\u00f3mico\"}]},{\"@type\":\"WebSite\",\"@id\":\"https:\\\/\\\/super-news.info\\\/pt\\\/#website\",\"url\":\"https:\\\/\\\/super-news.info\\\/pt\\\/\",\"name\":\"Super News\",\"description\":\"Super News Portugal\",\"potentialAction\":[{\"@type\":\"SearchAction\",\"target\":{\"@type\":\"EntryPoint\",\"urlTemplate\":\"https:\\\/\\\/super-news.info\\\/pt\\\/?s={search_term_string}\"},\"query-input\":{\"@type\":\"PropertyValueSpecification\",\"valueRequired\":true,\"valueName\":\"search_term_string\"}}],\"inLanguage\":\"pt-PT\"},{\"@type\":\"Person\",\"@id\":\"https:\\\/\\\/super-news.info\\\/pt\\\/#\\\/schema\\\/person\\\/2d4068cb2f39cd10008c2fce578a7356\",\"name\":\"super-news\",\"image\":{\"@type\":\"ImageObject\",\"inLanguage\":\"pt-PT\",\"@id\":\"https:\\\/\\\/secure.gravatar.com\\\/avatar\\\/64ebac40b93f26a154f8a9b5b6fdccfc46f442b26b3dd6756dbff3bf9dc76fd7?s=96&d=mm&r=g\",\"url\":\"https:\\\/\\\/secure.gravatar.com\\\/avatar\\\/64ebac40b93f26a154f8a9b5b6fdccfc46f442b26b3dd6756dbff3bf9dc76fd7?s=96&d=mm&r=g\",\"contentUrl\":\"https:\\\/\\\/secure.gravatar.com\\\/avatar\\\/64ebac40b93f26a154f8a9b5b6fdccfc46f442b26b3dd6756dbff3bf9dc76fd7?s=96&d=mm&r=g\",\"caption\":\"super-news\"},\"url\":\"https:\\\/\\\/super-news.info\\\/pt\\\/author\\\/pt\\\/\"}]}<\/script>\n<!-- \/ Yoast SEO plugin. -->","yoast_head_json":{"title":"C\u00e2mara de Lisboa discute Regulamento Municipal do Alojamento Local na sexta-feira \u2013 O Jornal Econ\u00f3mico - Super News","robots":{"index":"index","follow":"follow","max-snippet":"max-snippet:-1","max-image-preview":"max-image-preview:large","max-video-preview":"max-video-preview:-1"},"canonical":"https:\/\/super-news.info\/pt\/camara-de-lisboa-discute-regulamento-municipal-do-alojamento-local-na-sexta-feira-o-jornal-economico\/","og_locale":"pt_PT","og_type":"article","og_title":"C\u00e2mara de Lisboa discute Regulamento Municipal do Alojamento Local na sexta-feira \u2013 O Jornal Econ\u00f3mico - Super News","og_description":"[ad_1] A C\u00e2mara de Lisboa, liderada pelo PS, vai apreciar na sexta-feira, em reuni\u00e3o do executivo, o Regulamento Municipal do Alojamento Local, que estabelece \u00e1reas de conten\u00e7\u00e3o absoluta e \u00e1reas de conten\u00e7\u00e3o relativa para novos registos. A proposta, assinada pelo vereador do Urbanismo, Manuel Salgado (PS), visa submeter o projeto de regulamento a consulta p\u00fablica [&hellip;]","og_url":"https:\/\/super-news.info\/pt\/camara-de-lisboa-discute-regulamento-municipal-do-alojamento-local-na-sexta-feira-o-jornal-economico\/","og_site_name":"Super News","article_published_time":"2019-04-22T20:34:22+00:00","article_modified_time":"2019-04-22T20:34:23+00:00","og_image":[{"width":960,"height":600,"url":"https:\/\/super-news.info\/pt\/wp-content\/uploads\/sites\/2\/2019\/04\/C\u00e2mara-de-Lisboa-discute-Regulamento-Municipal-do-Alojamento-Local-na.jpg","type":"image\/jpeg"}],"author":"super-news","twitter_card":"summary_large_image","twitter_misc":{"Escrito por":"super-news","Tempo estimado de leitura":"4 minutos"},"schema":{"@context":"https:\/\/schema.org","@graph":[{"@type":"Article","@id":"https:\/\/super-news.info\/pt\/camara-de-lisboa-discute-regulamento-municipal-do-alojamento-local-na-sexta-feira-o-jornal-economico\/#article","isPartOf":{"@id":"https:\/\/super-news.info\/pt\/camara-de-lisboa-discute-regulamento-municipal-do-alojamento-local-na-sexta-feira-o-jornal-economico\/"},"author":{"name":"super-news","@id":"https:\/\/super-news.info\/pt\/#\/schema\/person\/2d4068cb2f39cd10008c2fce578a7356"},"headline":"C\u00e2mara de Lisboa discute Regulamento Municipal do Alojamento Local na sexta-feira \u2013 O Jornal Econ\u00f3mico","datePublished":"2019-04-22T20:34:22+00:00","dateModified":"2019-04-22T20:34:23+00:00","mainEntityOfPage":{"@id":"https:\/\/super-news.info\/pt\/camara-de-lisboa-discute-regulamento-municipal-do-alojamento-local-na-sexta-feira-o-jornal-economico\/"},"wordCount":777,"commentCount":0,"image":{"@id":"https:\/\/super-news.info\/pt\/camara-de-lisboa-discute-regulamento-municipal-do-alojamento-local-na-sexta-feira-o-jornal-economico\/#primaryimage"},"thumbnailUrl":"https:\/\/super-news.info\/pt\/wp-content\/uploads\/sites\/2\/2019\/04\/C\u00e2mara-de-Lisboa-discute-Regulamento-Municipal-do-Alojamento-Local-na.jpg","articleSection":["NOT\u00cdCIAS FINANCEIRAS"],"inLanguage":"pt-PT","potentialAction":[{"@type":"CommentAction","name":"Comment","target":["https:\/\/super-news.info\/pt\/camara-de-lisboa-discute-regulamento-municipal-do-alojamento-local-na-sexta-feira-o-jornal-economico\/#respond"]}]},{"@type":"WebPage","@id":"https:\/\/super-news.info\/pt\/camara-de-lisboa-discute-regulamento-municipal-do-alojamento-local-na-sexta-feira-o-jornal-economico\/","url":"https:\/\/super-news.info\/pt\/camara-de-lisboa-discute-regulamento-municipal-do-alojamento-local-na-sexta-feira-o-jornal-economico\/","name":"C\u00e2mara de Lisboa discute Regulamento Municipal do Alojamento Local na sexta-feira \u2013 O Jornal Econ\u00f3mico - Super News","isPartOf":{"@id":"https:\/\/super-news.info\/pt\/#website"},"primaryImageOfPage":{"@id":"https:\/\/super-news.info\/pt\/camara-de-lisboa-discute-regulamento-municipal-do-alojamento-local-na-sexta-feira-o-jornal-economico\/#primaryimage"},"image":{"@id":"https:\/\/super-news.info\/pt\/camara-de-lisboa-discute-regulamento-municipal-do-alojamento-local-na-sexta-feira-o-jornal-economico\/#primaryimage"},"thumbnailUrl":"https:\/\/super-news.info\/pt\/wp-content\/uploads\/sites\/2\/2019\/04\/C\u00e2mara-de-Lisboa-discute-Regulamento-Municipal-do-Alojamento-Local-na.jpg","datePublished":"2019-04-22T20:34:22+00:00","dateModified":"2019-04-22T20:34:23+00:00","author":{"@id":"https:\/\/super-news.info\/pt\/#\/schema\/person\/2d4068cb2f39cd10008c2fce578a7356"},"breadcrumb":{"@id":"https:\/\/super-news.info\/pt\/camara-de-lisboa-discute-regulamento-municipal-do-alojamento-local-na-sexta-feira-o-jornal-economico\/#breadcrumb"},"inLanguage":"pt-PT","potentialAction":[{"@type":"ReadAction","target":["https:\/\/super-news.info\/pt\/camara-de-lisboa-discute-regulamento-municipal-do-alojamento-local-na-sexta-feira-o-jornal-economico\/"]}]},{"@type":"ImageObject","inLanguage":"pt-PT","@id":"https:\/\/super-news.info\/pt\/camara-de-lisboa-discute-regulamento-municipal-do-alojamento-local-na-sexta-feira-o-jornal-economico\/#primaryimage","url":"https:\/\/super-news.info\/pt\/wp-content\/uploads\/sites\/2\/2019\/04\/C\u00e2mara-de-Lisboa-discute-Regulamento-Municipal-do-Alojamento-Local-na.jpg","contentUrl":"https:\/\/super-news.info\/pt\/wp-content\/uploads\/sites\/2\/2019\/04\/C\u00e2mara-de-Lisboa-discute-Regulamento-Municipal-do-Alojamento-Local-na.jpg","width":960,"height":600,"caption":"C\u00e2mara de Lisboa discute Regulamento Municipal do Alojamento Local na sexta-feira \u2013 O Jornal Econ\u00f3mico"},{"@type":"BreadcrumbList","@id":"https:\/\/super-news.info\/pt\/camara-de-lisboa-discute-regulamento-municipal-do-alojamento-local-na-sexta-feira-o-jornal-economico\/#breadcrumb","itemListElement":[{"@type":"ListItem","position":1,"name":"\u0413\u043b\u0430\u0432\u043d\u0430\u044f \u0441\u0442\u0440\u0430\u043d\u0438\u0446\u0430","item":"https:\/\/super-news.info\/pt\/"},{"@type":"ListItem","position":2,"name":"C\u00e2mara de Lisboa discute Regulamento Municipal do Alojamento Local na sexta-feira \u2013 O Jornal Econ\u00f3mico"}]},{"@type":"WebSite","@id":"https:\/\/super-news.info\/pt\/#website","url":"https:\/\/super-news.info\/pt\/","name":"Super News","description":"Super News Portugal","potentialAction":[{"@type":"SearchAction","target":{"@type":"EntryPoint","urlTemplate":"https:\/\/super-news.info\/pt\/?s={search_term_string}"},"query-input":{"@type":"PropertyValueSpecification","valueRequired":true,"valueName":"search_term_string"}}],"inLanguage":"pt-PT"},{"@type":"Person","@id":"https:\/\/super-news.info\/pt\/#\/schema\/person\/2d4068cb2f39cd10008c2fce578a7356","name":"super-news","image":{"@type":"ImageObject","inLanguage":"pt-PT","@id":"https:\/\/secure.gravatar.com\/avatar\/64ebac40b93f26a154f8a9b5b6fdccfc46f442b26b3dd6756dbff3bf9dc76fd7?s=96&d=mm&r=g","url":"https:\/\/secure.gravatar.com\/avatar\/64ebac40b93f26a154f8a9b5b6fdccfc46f442b26b3dd6756dbff3bf9dc76fd7?s=96&d=mm&r=g","contentUrl":"https:\/\/secure.gravatar.com\/avatar\/64ebac40b93f26a154f8a9b5b6fdccfc46f442b26b3dd6756dbff3bf9dc76fd7?s=96&d=mm&r=g","caption":"super-news"},"url":"https:\/\/super-news.info\/pt\/author\/pt\/"}]}},"_links":{"self":[{"href":"https:\/\/super-news.info\/pt\/wp-json\/wp\/v2\/posts\/668","targetHints":{"allow":["GET"]}}],"collection":[{"href":"https:\/\/super-news.info\/pt\/wp-json\/wp\/v2\/posts"}],"about":[{"href":"https:\/\/super-news.info\/pt\/wp-json\/wp\/v2\/types\/post"}],"author":[{"embeddable":true,"href":"https:\/\/super-news.info\/pt\/wp-json\/wp\/v2\/users\/2"}],"replies":[{"embeddable":true,"href":"https:\/\/super-news.info\/pt\/wp-json\/wp\/v2\/comments?post=668"}],"version-history":[{"count":1,"href":"https:\/\/super-news.info\/pt\/wp-json\/wp\/v2\/posts\/668\/revisions"}],"predecessor-version":[{"id":670,"href":"https:\/\/super-news.info\/pt\/wp-json\/wp\/v2\/posts\/668\/revisions\/670"}],"wp:featuredmedia":[{"embeddable":true,"href":"https:\/\/super-news.info\/pt\/wp-json\/wp\/v2\/media\/669"}],"wp:attachment":[{"href":"https:\/\/super-news.info\/pt\/wp-json\/wp\/v2\/media?parent=668"}],"wp:term":[{"taxonomy":"category","embeddable":true,"href":"https:\/\/super-news.info\/pt\/wp-json\/wp\/v2\/categories?post=668"},{"taxonomy":"post_tag","embeddable":true,"href":"https:\/\/super-news.info\/pt\/wp-json\/wp\/v2\/tags?post=668"}],"curies":[{"name":"wp","href":"https:\/\/api.w.org\/{rel}","templated":true}]}}