{"id":656,"date":"2019-04-22T22:02:38","date_gmt":"2019-04-22T19:02:38","guid":{"rendered":"https:\/\/super-news.info\/pt\/show-de-senna-no-estoril-foi-ha-34-anos-o-jornal-economico\/"},"modified":"2019-04-22T22:02:39","modified_gmt":"2019-04-22T19:02:39","slug":"show-de-senna-no-estoril-foi-ha-34-anos-o-jornal-economico","status":"publish","type":"post","link":"https:\/\/super-news.info\/pt\/show-de-senna-no-estoril-foi-ha-34-anos-o-jornal-economico\/","title":{"rendered":"\u2018Show\u2019 de Senna no Estoril foi h\u00e1 34 anos \u2013 O Jornal Econ\u00f3mico"},"content":{"rendered":"<p> [ad_1]<br \/>\n<\/p>\n<div>\n<p>Fez ontem 34 anos que o Lotus 97T\/Renault Turbo de Ayrton Senna saiu da pista do Aut\u00f3dromo do Estoril, para voltar ao asfalto inundado de \u00e1gua e cruzar a reta da meta pela primeira vez da sua vida. Deu uma volta de avan\u00e7o aos restante nove pilotos que acabaram a corrida, excepto ao segundo classificado, que ficou a mais de um minuto do brasileiro nascido na cidade de S\u00e3o Paulo, em 1960.<\/p>\n<p>No dia 21 de abril de 1985, na sua segunda \u00e9poca no pin\u00e1culo do desporto motorizado, o jovem brasileiro, de ent\u00e3o 25 anos, largava da primeira posi\u00e7\u00e3o, depois de ter alcan\u00e7ado a sua primeira\u00a0<em>pole position<\/em>. De manh\u00e3, antes do grande pr\u00e9mio, o Lotus do futuro tricampe\u00e3o mundial de F\u00f3rmula 1 at\u00e9 ficou parado a meio da pista com a embraiagem partida nos treinos livres.<\/p>\n<p>Antes dessa vit\u00f3ria no Estoril, passaram 21 anos de dedica\u00e7\u00e3o aos carros. Senna sentou-se num kart com apenas quatro anos de idade e, na d\u00e9cada de 1970, emigrou para Inglaterra, para ser companheiro de equipa do experiente e campe\u00e3o mundial da categoria, Terry Fullerton, sete anos mais velho do que Ayrton. Pouco depois, em 1983, Senna\u00a0sagrou-se campe\u00e3o da brit\u00e2nica Formula 3\u00a0e foi convidado para se juntar \u00e0 \u2018fraca\u2019 Toleman em 1984, a equipa que foi comprada pela Benetton em 1985.<\/p>\n<p>Ainda na Toleman \u2013 uma esp\u00e9cie de equipa de meio da tabela do campeonato nacional da primeira divis\u00e3o de futebol \u2013 Ayrton Senna demonstrou toda a proeza em guiar \u00e0 chuva no grande pr\u00e9mio do M\u00f3naco de 1984. Era mais um dia de chuva torrencial e o\u00a0<em>rookie<\/em> brasileiro ia em segundo lugar, roubando segundos a cada volta ao l\u00edder da corrida, um tal de Alain Prost, com quem Senna viria a ter a maior rivalidade da hist\u00f3ria do desporto (motorizado). A organiza\u00e7\u00e3o do grande pr\u00e9mio, liderada pelo antigo piloto Jackie Ickx, decidiu terminar a corrida na trig\u00e9sima-segunda volta.<\/p>\n<p>Depois dessa corrida, Senna sentiu-se injusti\u00e7ado pelo fim antecipado da corrida porque sentia que poderia vencer M\u00f3naco no ano de estreia da Formula 1, tal como fez entre 1987 e 1993, n\u00e3o ganhando a edi\u00e7\u00e3o de 1988 porque se excedeu e embateu contra as m\u00edticas barreiras do grande pr\u00e9mio monegasco.<\/p>\n<p>No segundo ano na prova rainha do automobilismo, Ayrton Senna muda-se para a Lotus, uma equipa com um legado pesado para o jovem piloto de formula 1. Graham Hill, Jim Clark, Mario Andretti, Emerson Fittipaldo ou Nigel Mansell foram campe\u00f5es pela Lotus.<\/p>\n<p>O ic\u00f3nico capacete amarelo esteve sempre na lideran\u00e7a durante as 67 voltas do grande pr\u00e9mio do Estoril, , estreando-se no lugar mais alto do p\u00f3dio. Foi a primeira de muitas, o resto \u00e9 hist\u00f3ria \u2013 41 vit\u00f3rias, 65 <em>pole positions<\/em> e 3 campeonatos do mundo conquistados ao servi\u00e7o da McLaren.<\/p>\n<\/div>\n<p><script>\/*<![CDATA[*\/function facebookInit(){var js=document.createElement('script');js.src='https:\/\/connect.facebook.net\/pt_PT\/sdk.js#xfbml=1&#038;version=v3.1&#038;appId=1708066812789184&#038;autoLogAppEvents=1';return document.body.appendChild(js);}\nwindow.onscroll=function(){var rect=document.getElementsByClassName('je-post-content')[0].getBoundingClientRect();if(rect.bottom<window.innerHeight){facebookInit();window.onscroll=null;}}\/*]]>*\/<\/script><br \/>\n<br \/>[ad_2]<br \/>\n<br \/><a href=\"https:\/\/jornaleconomico.sapo.pt\/noticias\/show-de-senna-no-estoril-foi-ha-34-anos-436349\">Source link <\/a><\/p>\n","protected":false},"excerpt":{"rendered":"<p>[ad_1] Fez ontem 34 anos que o Lotus 97T\/Renault Turbo de Ayrton Senna saiu da pista do Aut\u00f3dromo do Estoril, para voltar ao asfalto inundado de \u00e1gua e cruzar a reta da meta pela primeira vez da sua vida. Deu uma volta de avan\u00e7o aos restante nove pilotos que acabaram a corrida, excepto ao segundo [&hellip;]<\/p>\n","protected":false},"author":2,"featured_media":657,"comment_status":"open","ping_status":"open","sticky":false,"template":"","format":"standard","meta":{"footnotes":""},"categories":[1],"tags":[],"class_list":["post-656","post","type-post","status-publish","format-standard","has-post-thumbnail","hentry","category-noticias-financeiras"],"yoast_head":"<!-- This site is optimized with the Yoast SEO plugin v27.4 - https:\/\/yoast.com\/product\/yoast-seo-wordpress\/ -->\n<title>\u2018Show\u2019 de Senna no Estoril foi h\u00e1 34 anos \u2013 O Jornal Econ\u00f3mico - Super News<\/title>\n<meta name=\"robots\" content=\"index, follow, max-snippet:-1, max-image-preview:large, max-video-preview:-1\" \/>\n<link rel=\"canonical\" href=\"https:\/\/super-news.info\/pt\/show-de-senna-no-estoril-foi-ha-34-anos-o-jornal-economico\/\" \/>\n<meta property=\"og:locale\" content=\"pt_PT\" \/>\n<meta property=\"og:type\" content=\"article\" \/>\n<meta property=\"og:title\" content=\"\u2018Show\u2019 de Senna no Estoril foi h\u00e1 34 anos \u2013 O Jornal Econ\u00f3mico - Super News\" \/>\n<meta property=\"og:description\" content=\"[ad_1] Fez ontem 34 anos que o Lotus 97T\/Renault Turbo de Ayrton Senna saiu da pista do Aut\u00f3dromo do Estoril, para voltar ao asfalto inundado de \u00e1gua e cruzar a reta da meta pela primeira vez da sua vida. Deu uma volta de avan\u00e7o aos restante nove pilotos que acabaram a corrida, excepto ao segundo [&hellip;]\" \/>\n<meta property=\"og:url\" content=\"https:\/\/super-news.info\/pt\/show-de-senna-no-estoril-foi-ha-34-anos-o-jornal-economico\/\" \/>\n<meta property=\"og:site_name\" content=\"Super News\" \/>\n<meta property=\"article:published_time\" content=\"2019-04-22T19:02:38+00:00\" \/>\n<meta property=\"article:modified_time\" content=\"2019-04-22T19:02:39+00:00\" \/>\n<meta property=\"og:image\" content=\"https:\/\/super-news.info\/pt\/wp-content\/uploads\/sites\/2\/2019\/04\/\u2018Show\u2019-de-Senna-no-Estoril-foi-h\u00e1-34-anos-\u2013.jpg\" \/>\n\t<meta property=\"og:image:width\" content=\"960\" \/>\n\t<meta property=\"og:image:height\" content=\"600\" \/>\n\t<meta property=\"og:image:type\" content=\"image\/jpeg\" \/>\n<meta name=\"author\" content=\"super-news\" \/>\n<meta name=\"twitter:card\" content=\"summary_large_image\" \/>\n<meta name=\"twitter:label1\" content=\"Escrito por\" \/>\n\t<meta name=\"twitter:data1\" content=\"super-news\" \/>\n\t<meta name=\"twitter:label2\" content=\"Tempo estimado de leitura\" \/>\n\t<meta name=\"twitter:data2\" content=\"2 minutos\" \/>\n<script type=\"application\/ld+json\" class=\"yoast-schema-graph\">{\"@context\":\"https:\\\/\\\/schema.org\",\"@graph\":[{\"@type\":\"Article\",\"@id\":\"https:\\\/\\\/super-news.info\\\/pt\\\/show-de-senna-no-estoril-foi-ha-34-anos-o-jornal-economico\\\/#article\",\"isPartOf\":{\"@id\":\"https:\\\/\\\/super-news.info\\\/pt\\\/show-de-senna-no-estoril-foi-ha-34-anos-o-jornal-economico\\\/\"},\"author\":{\"name\":\"super-news\",\"@id\":\"https:\\\/\\\/super-news.info\\\/pt\\\/#\\\/schema\\\/person\\\/2d4068cb2f39cd10008c2fce578a7356\"},\"headline\":\"\u2018Show\u2019 de Senna no Estoril foi h\u00e1 34 anos \u2013 O Jornal Econ\u00f3mico\",\"datePublished\":\"2019-04-22T19:02:38+00:00\",\"dateModified\":\"2019-04-22T19:02:39+00:00\",\"mainEntityOfPage\":{\"@id\":\"https:\\\/\\\/super-news.info\\\/pt\\\/show-de-senna-no-estoril-foi-ha-34-anos-o-jornal-economico\\\/\"},\"wordCount\":487,\"commentCount\":0,\"image\":{\"@id\":\"https:\\\/\\\/super-news.info\\\/pt\\\/show-de-senna-no-estoril-foi-ha-34-anos-o-jornal-economico\\\/#primaryimage\"},\"thumbnailUrl\":\"https:\\\/\\\/super-news.info\\\/pt\\\/wp-content\\\/uploads\\\/sites\\\/2\\\/2019\\\/04\\\/\u2018Show\u2019-de-Senna-no-Estoril-foi-h\u00e1-34-anos-\u2013.jpg\",\"articleSection\":[\"NOT\u00cdCIAS FINANCEIRAS\"],\"inLanguage\":\"pt-PT\",\"potentialAction\":[{\"@type\":\"CommentAction\",\"name\":\"Comment\",\"target\":[\"https:\\\/\\\/super-news.info\\\/pt\\\/show-de-senna-no-estoril-foi-ha-34-anos-o-jornal-economico\\\/#respond\"]}]},{\"@type\":\"WebPage\",\"@id\":\"https:\\\/\\\/super-news.info\\\/pt\\\/show-de-senna-no-estoril-foi-ha-34-anos-o-jornal-economico\\\/\",\"url\":\"https:\\\/\\\/super-news.info\\\/pt\\\/show-de-senna-no-estoril-foi-ha-34-anos-o-jornal-economico\\\/\",\"name\":\"\u2018Show\u2019 de Senna no Estoril foi h\u00e1 34 anos \u2013 O Jornal Econ\u00f3mico - Super News\",\"isPartOf\":{\"@id\":\"https:\\\/\\\/super-news.info\\\/pt\\\/#website\"},\"primaryImageOfPage\":{\"@id\":\"https:\\\/\\\/super-news.info\\\/pt\\\/show-de-senna-no-estoril-foi-ha-34-anos-o-jornal-economico\\\/#primaryimage\"},\"image\":{\"@id\":\"https:\\\/\\\/super-news.info\\\/pt\\\/show-de-senna-no-estoril-foi-ha-34-anos-o-jornal-economico\\\/#primaryimage\"},\"thumbnailUrl\":\"https:\\\/\\\/super-news.info\\\/pt\\\/wp-content\\\/uploads\\\/sites\\\/2\\\/2019\\\/04\\\/\u2018Show\u2019-de-Senna-no-Estoril-foi-h\u00e1-34-anos-\u2013.jpg\",\"datePublished\":\"2019-04-22T19:02:38+00:00\",\"dateModified\":\"2019-04-22T19:02:39+00:00\",\"author\":{\"@id\":\"https:\\\/\\\/super-news.info\\\/pt\\\/#\\\/schema\\\/person\\\/2d4068cb2f39cd10008c2fce578a7356\"},\"breadcrumb\":{\"@id\":\"https:\\\/\\\/super-news.info\\\/pt\\\/show-de-senna-no-estoril-foi-ha-34-anos-o-jornal-economico\\\/#breadcrumb\"},\"inLanguage\":\"pt-PT\",\"potentialAction\":[{\"@type\":\"ReadAction\",\"target\":[\"https:\\\/\\\/super-news.info\\\/pt\\\/show-de-senna-no-estoril-foi-ha-34-anos-o-jornal-economico\\\/\"]}]},{\"@type\":\"ImageObject\",\"inLanguage\":\"pt-PT\",\"@id\":\"https:\\\/\\\/super-news.info\\\/pt\\\/show-de-senna-no-estoril-foi-ha-34-anos-o-jornal-economico\\\/#primaryimage\",\"url\":\"https:\\\/\\\/super-news.info\\\/pt\\\/wp-content\\\/uploads\\\/sites\\\/2\\\/2019\\\/04\\\/\u2018Show\u2019-de-Senna-no-Estoril-foi-h\u00e1-34-anos-\u2013.jpg\",\"contentUrl\":\"https:\\\/\\\/super-news.info\\\/pt\\\/wp-content\\\/uploads\\\/sites\\\/2\\\/2019\\\/04\\\/\u2018Show\u2019-de-Senna-no-Estoril-foi-h\u00e1-34-anos-\u2013.jpg\",\"width\":960,\"height\":600,\"caption\":\"\u2018Show\u2019 de Senna no Estoril foi h\u00e1 34 anos \u2013 O Jornal Econ\u00f3mico\"},{\"@type\":\"BreadcrumbList\",\"@id\":\"https:\\\/\\\/super-news.info\\\/pt\\\/show-de-senna-no-estoril-foi-ha-34-anos-o-jornal-economico\\\/#breadcrumb\",\"itemListElement\":[{\"@type\":\"ListItem\",\"position\":1,\"name\":\"\u0413\u043b\u0430\u0432\u043d\u0430\u044f \u0441\u0442\u0440\u0430\u043d\u0438\u0446\u0430\",\"item\":\"https:\\\/\\\/super-news.info\\\/pt\\\/\"},{\"@type\":\"ListItem\",\"position\":2,\"name\":\"\u2018Show\u2019 de Senna no Estoril foi h\u00e1 34 anos \u2013 O Jornal Econ\u00f3mico\"}]},{\"@type\":\"WebSite\",\"@id\":\"https:\\\/\\\/super-news.info\\\/pt\\\/#website\",\"url\":\"https:\\\/\\\/super-news.info\\\/pt\\\/\",\"name\":\"Super News\",\"description\":\"Super News Portugal\",\"potentialAction\":[{\"@type\":\"SearchAction\",\"target\":{\"@type\":\"EntryPoint\",\"urlTemplate\":\"https:\\\/\\\/super-news.info\\\/pt\\\/?s={search_term_string}\"},\"query-input\":{\"@type\":\"PropertyValueSpecification\",\"valueRequired\":true,\"valueName\":\"search_term_string\"}}],\"inLanguage\":\"pt-PT\"},{\"@type\":\"Person\",\"@id\":\"https:\\\/\\\/super-news.info\\\/pt\\\/#\\\/schema\\\/person\\\/2d4068cb2f39cd10008c2fce578a7356\",\"name\":\"super-news\",\"image\":{\"@type\":\"ImageObject\",\"inLanguage\":\"pt-PT\",\"@id\":\"https:\\\/\\\/secure.gravatar.com\\\/avatar\\\/64ebac40b93f26a154f8a9b5b6fdccfc46f442b26b3dd6756dbff3bf9dc76fd7?s=96&d=mm&r=g\",\"url\":\"https:\\\/\\\/secure.gravatar.com\\\/avatar\\\/64ebac40b93f26a154f8a9b5b6fdccfc46f442b26b3dd6756dbff3bf9dc76fd7?s=96&d=mm&r=g\",\"contentUrl\":\"https:\\\/\\\/secure.gravatar.com\\\/avatar\\\/64ebac40b93f26a154f8a9b5b6fdccfc46f442b26b3dd6756dbff3bf9dc76fd7?s=96&d=mm&r=g\",\"caption\":\"super-news\"},\"url\":\"https:\\\/\\\/super-news.info\\\/pt\\\/author\\\/pt\\\/\"}]}<\/script>\n<!-- \/ Yoast SEO plugin. -->","yoast_head_json":{"title":"\u2018Show\u2019 de Senna no Estoril foi h\u00e1 34 anos \u2013 O Jornal Econ\u00f3mico - Super News","robots":{"index":"index","follow":"follow","max-snippet":"max-snippet:-1","max-image-preview":"max-image-preview:large","max-video-preview":"max-video-preview:-1"},"canonical":"https:\/\/super-news.info\/pt\/show-de-senna-no-estoril-foi-ha-34-anos-o-jornal-economico\/","og_locale":"pt_PT","og_type":"article","og_title":"\u2018Show\u2019 de Senna no Estoril foi h\u00e1 34 anos \u2013 O Jornal Econ\u00f3mico - Super News","og_description":"[ad_1] Fez ontem 34 anos que o Lotus 97T\/Renault Turbo de Ayrton Senna saiu da pista do Aut\u00f3dromo do Estoril, para voltar ao asfalto inundado de \u00e1gua e cruzar a reta da meta pela primeira vez da sua vida. Deu uma volta de avan\u00e7o aos restante nove pilotos que acabaram a corrida, excepto ao segundo [&hellip;]","og_url":"https:\/\/super-news.info\/pt\/show-de-senna-no-estoril-foi-ha-34-anos-o-jornal-economico\/","og_site_name":"Super News","article_published_time":"2019-04-22T19:02:38+00:00","article_modified_time":"2019-04-22T19:02:39+00:00","og_image":[{"width":960,"height":600,"url":"https:\/\/super-news.info\/pt\/wp-content\/uploads\/sites\/2\/2019\/04\/\u2018Show\u2019-de-Senna-no-Estoril-foi-h\u00e1-34-anos-\u2013.jpg","type":"image\/jpeg"}],"author":"super-news","twitter_card":"summary_large_image","twitter_misc":{"Escrito por":"super-news","Tempo estimado de leitura":"2 minutos"},"schema":{"@context":"https:\/\/schema.org","@graph":[{"@type":"Article","@id":"https:\/\/super-news.info\/pt\/show-de-senna-no-estoril-foi-ha-34-anos-o-jornal-economico\/#article","isPartOf":{"@id":"https:\/\/super-news.info\/pt\/show-de-senna-no-estoril-foi-ha-34-anos-o-jornal-economico\/"},"author":{"name":"super-news","@id":"https:\/\/super-news.info\/pt\/#\/schema\/person\/2d4068cb2f39cd10008c2fce578a7356"},"headline":"\u2018Show\u2019 de Senna no Estoril foi h\u00e1 34 anos \u2013 O Jornal Econ\u00f3mico","datePublished":"2019-04-22T19:02:38+00:00","dateModified":"2019-04-22T19:02:39+00:00","mainEntityOfPage":{"@id":"https:\/\/super-news.info\/pt\/show-de-senna-no-estoril-foi-ha-34-anos-o-jornal-economico\/"},"wordCount":487,"commentCount":0,"image":{"@id":"https:\/\/super-news.info\/pt\/show-de-senna-no-estoril-foi-ha-34-anos-o-jornal-economico\/#primaryimage"},"thumbnailUrl":"https:\/\/super-news.info\/pt\/wp-content\/uploads\/sites\/2\/2019\/04\/\u2018Show\u2019-de-Senna-no-Estoril-foi-h\u00e1-34-anos-\u2013.jpg","articleSection":["NOT\u00cdCIAS FINANCEIRAS"],"inLanguage":"pt-PT","potentialAction":[{"@type":"CommentAction","name":"Comment","target":["https:\/\/super-news.info\/pt\/show-de-senna-no-estoril-foi-ha-34-anos-o-jornal-economico\/#respond"]}]},{"@type":"WebPage","@id":"https:\/\/super-news.info\/pt\/show-de-senna-no-estoril-foi-ha-34-anos-o-jornal-economico\/","url":"https:\/\/super-news.info\/pt\/show-de-senna-no-estoril-foi-ha-34-anos-o-jornal-economico\/","name":"\u2018Show\u2019 de Senna no Estoril foi h\u00e1 34 anos \u2013 O Jornal Econ\u00f3mico - Super News","isPartOf":{"@id":"https:\/\/super-news.info\/pt\/#website"},"primaryImageOfPage":{"@id":"https:\/\/super-news.info\/pt\/show-de-senna-no-estoril-foi-ha-34-anos-o-jornal-economico\/#primaryimage"},"image":{"@id":"https:\/\/super-news.info\/pt\/show-de-senna-no-estoril-foi-ha-34-anos-o-jornal-economico\/#primaryimage"},"thumbnailUrl":"https:\/\/super-news.info\/pt\/wp-content\/uploads\/sites\/2\/2019\/04\/\u2018Show\u2019-de-Senna-no-Estoril-foi-h\u00e1-34-anos-\u2013.jpg","datePublished":"2019-04-22T19:02:38+00:00","dateModified":"2019-04-22T19:02:39+00:00","author":{"@id":"https:\/\/super-news.info\/pt\/#\/schema\/person\/2d4068cb2f39cd10008c2fce578a7356"},"breadcrumb":{"@id":"https:\/\/super-news.info\/pt\/show-de-senna-no-estoril-foi-ha-34-anos-o-jornal-economico\/#breadcrumb"},"inLanguage":"pt-PT","potentialAction":[{"@type":"ReadAction","target":["https:\/\/super-news.info\/pt\/show-de-senna-no-estoril-foi-ha-34-anos-o-jornal-economico\/"]}]},{"@type":"ImageObject","inLanguage":"pt-PT","@id":"https:\/\/super-news.info\/pt\/show-de-senna-no-estoril-foi-ha-34-anos-o-jornal-economico\/#primaryimage","url":"https:\/\/super-news.info\/pt\/wp-content\/uploads\/sites\/2\/2019\/04\/\u2018Show\u2019-de-Senna-no-Estoril-foi-h\u00e1-34-anos-\u2013.jpg","contentUrl":"https:\/\/super-news.info\/pt\/wp-content\/uploads\/sites\/2\/2019\/04\/\u2018Show\u2019-de-Senna-no-Estoril-foi-h\u00e1-34-anos-\u2013.jpg","width":960,"height":600,"caption":"\u2018Show\u2019 de Senna no Estoril foi h\u00e1 34 anos \u2013 O Jornal Econ\u00f3mico"},{"@type":"BreadcrumbList","@id":"https:\/\/super-news.info\/pt\/show-de-senna-no-estoril-foi-ha-34-anos-o-jornal-economico\/#breadcrumb","itemListElement":[{"@type":"ListItem","position":1,"name":"\u0413\u043b\u0430\u0432\u043d\u0430\u044f \u0441\u0442\u0440\u0430\u043d\u0438\u0446\u0430","item":"https:\/\/super-news.info\/pt\/"},{"@type":"ListItem","position":2,"name":"\u2018Show\u2019 de Senna no Estoril foi h\u00e1 34 anos \u2013 O Jornal Econ\u00f3mico"}]},{"@type":"WebSite","@id":"https:\/\/super-news.info\/pt\/#website","url":"https:\/\/super-news.info\/pt\/","name":"Super News","description":"Super News Portugal","potentialAction":[{"@type":"SearchAction","target":{"@type":"EntryPoint","urlTemplate":"https:\/\/super-news.info\/pt\/?s={search_term_string}"},"query-input":{"@type":"PropertyValueSpecification","valueRequired":true,"valueName":"search_term_string"}}],"inLanguage":"pt-PT"},{"@type":"Person","@id":"https:\/\/super-news.info\/pt\/#\/schema\/person\/2d4068cb2f39cd10008c2fce578a7356","name":"super-news","image":{"@type":"ImageObject","inLanguage":"pt-PT","@id":"https:\/\/secure.gravatar.com\/avatar\/64ebac40b93f26a154f8a9b5b6fdccfc46f442b26b3dd6756dbff3bf9dc76fd7?s=96&d=mm&r=g","url":"https:\/\/secure.gravatar.com\/avatar\/64ebac40b93f26a154f8a9b5b6fdccfc46f442b26b3dd6756dbff3bf9dc76fd7?s=96&d=mm&r=g","contentUrl":"https:\/\/secure.gravatar.com\/avatar\/64ebac40b93f26a154f8a9b5b6fdccfc46f442b26b3dd6756dbff3bf9dc76fd7?s=96&d=mm&r=g","caption":"super-news"},"url":"https:\/\/super-news.info\/pt\/author\/pt\/"}]}},"_links":{"self":[{"href":"https:\/\/super-news.info\/pt\/wp-json\/wp\/v2\/posts\/656","targetHints":{"allow":["GET"]}}],"collection":[{"href":"https:\/\/super-news.info\/pt\/wp-json\/wp\/v2\/posts"}],"about":[{"href":"https:\/\/super-news.info\/pt\/wp-json\/wp\/v2\/types\/post"}],"author":[{"embeddable":true,"href":"https:\/\/super-news.info\/pt\/wp-json\/wp\/v2\/users\/2"}],"replies":[{"embeddable":true,"href":"https:\/\/super-news.info\/pt\/wp-json\/wp\/v2\/comments?post=656"}],"version-history":[{"count":1,"href":"https:\/\/super-news.info\/pt\/wp-json\/wp\/v2\/posts\/656\/revisions"}],"predecessor-version":[{"id":658,"href":"https:\/\/super-news.info\/pt\/wp-json\/wp\/v2\/posts\/656\/revisions\/658"}],"wp:featuredmedia":[{"embeddable":true,"href":"https:\/\/super-news.info\/pt\/wp-json\/wp\/v2\/media\/657"}],"wp:attachment":[{"href":"https:\/\/super-news.info\/pt\/wp-json\/wp\/v2\/media?parent=656"}],"wp:term":[{"taxonomy":"category","embeddable":true,"href":"https:\/\/super-news.info\/pt\/wp-json\/wp\/v2\/categories?post=656"},{"taxonomy":"post_tag","embeddable":true,"href":"https:\/\/super-news.info\/pt\/wp-json\/wp\/v2\/tags?post=656"}],"curies":[{"name":"wp","href":"https:\/\/api.w.org\/{rel}","templated":true}]}}