{"id":650,"date":"2019-04-22T20:40:23","date_gmt":"2019-04-22T17:40:23","guid":{"rendered":"https:\/\/super-news.info\/pt\/farmaceutica-portuguesa-bial-ja-exporta-mais-de-70-da-sua-producao-o-jornal-economico\/"},"modified":"2019-04-22T20:40:24","modified_gmt":"2019-04-22T17:40:24","slug":"farmaceutica-portuguesa-bial-ja-exporta-mais-de-70-da-sua-producao-o-jornal-economico","status":"publish","type":"post","link":"https:\/\/super-news.info\/pt\/farmaceutica-portuguesa-bial-ja-exporta-mais-de-70-da-sua-producao-o-jornal-economico\/","title":{"rendered":"Farmac\u00eautica portuguesa BIAL j\u00e1 exporta mais de 70% da sua produ\u00e7\u00e3o \u2013 O Jornal Econ\u00f3mico"},"content":{"rendered":"<p> [ad_1]<br \/>\n<\/p>\n<div>\n<p>A farmac\u00eautica nacional BIAL j\u00e1 exporta cerca de 70% do seu volume anual de neg\u00f3cios.<\/p>\n<p>\u201cNos \u00faltimos dez anos, o peso das vendas nos mercados internacionais tem sido crescente, representando hoje 70% do volume de neg\u00f3cios, quando em 2010 era de apenas 30%\u201d, destaca um comunicado da empresa, alusivo ao 95\u00ba anivers\u00e1rio da exist\u00eancia da BIAL.<\/p>\n<p>\u201c(\u2026) O grupo tem fortalecido a sua expans\u00e3o internacional com o refor\u00e7o da sua atividade em importantes mercados farmac\u00eauticos europeus. A BIAL tem atualmente filiais em nove pa\u00edses e vende os seus medicamentos em mais de 55, sobretudo da Europa, \u00c1frica e Am\u00e9rica\u201d, destaca o referido comunicado.<\/p>\n<p>O mesmo documento acrescenta que \u201ca BIAL tem centrado a sua atividade na I&amp;D (Investiga\u00e7\u00e3o&amp;Desenvolvimento) de novos medicamentos, nomeadamente nas neuroci\u00eancias, e \u00e9 at\u00e9 hoje a \u00fanica farmac\u00eautica portuguesa com produtos de investiga\u00e7\u00e3o pr\u00f3pria\u201d.<\/p>\n<p>\u201cO Zebinix (acetato de eslicarbazepina), para o tratamento da epilepsia, foi o primeiro a ser lan\u00e7ado, em 2009. Hoje est\u00e1 dispon\u00edvel em diversos pa\u00edses europeus e nos EUA, que representam o primeiro mercado em vendas de farm\u00e1cia para BIAL. O segundo medicamento BIAL, Ongentys (opicapona), para a Doen\u00e7a de Parkinson, foi aprovado pela autoridade regulamentar europeia em 2016 e est\u00e1 comercializado no Reino Unido, Alemanha, Espanha, It\u00e1lia e Portugal, perspetivando-se, entre 2020 e 2021, a sua introdu\u00e7\u00e3o noutros pa\u00edses europeus e nos EUA, China e Jap\u00e3o\u201d, adianta o comunicado.<\/p>\n<p>Com mais de\u00a015.000 novas mol\u00e9culas sintetizadas,\u00a0em m\u00e9dia, a BIAL aloca 20% da sua fatura\u00e7\u00e3o anual \u00e0 I&amp;D, reclamando ser a empresa portuguesa de base industrial que mais investe nesta \u00e1rea.<\/p>\n<p>\u201cNo \u2018ranking\u2019 \u2018The 2018 EU Industrial RD Investment Scoreboard\u2019, a BIAL ocupou a 470\u00aa posi\u00e7\u00e3o entre as 1.000 empresas europeias que mais investem em I&amp;D.\u00a0De salientar que, na Europa, h\u00e1 apenas 28 empresas que nos \u00faltimos dez anos foram capazes de desenvolver e comercializar medicamentos inovadores\u201d, revela o referido comunicado.<\/p>\n<p>Os respons\u00e1veis da empresa salientam que, \u201ca\u00a0caminho do centen\u00e1rio, a BIAL mant\u00e9m como grande objetivo ser uma companhia farmac\u00eautica de inova\u00e7\u00e3o com presen\u00e7a global, nomeadamente nos mercados de maior relev\u00e2ncia \u2013 em que os EUA e a \u00c1sia v\u00e3o assumir um papel preponderante \u2013 com o objetivo de melhorar a qualidade de vida das pessoas com novas solu\u00e7\u00f5es terap\u00eauticas\u201d.<\/p>\n<p>\u201cO futuro sempre esteve na nossa hist\u00f3ria\u201d \u00e9 o lema das comemora\u00e7\u00f5es dos 95 anos da BIAL.<\/p>\n<p>Assumindo-se como\u00a0 a maior farmac\u00eautica portuguesa da atualidade, a empresa nasceu no Porto, em 1924, fundada por \u00c1lvaro Portela, sendo hoje dirigida pelos descendentes de \u00c1lvaro Portela.<\/p>\n<p>A empresa est\u00e1 focalizada na I&amp;D e tem dois medicamentos inovadores comercializados a n\u00edvel mundial.<\/p>\n<p>Lu\u00eds Portela, \u2018chairman\u2019 da BIAL, afirma que os 95 anos da companhia s\u00e3o \u201cuma data de grande significado\u201d.<\/p>\n<p>\u201cS\u00e3o poucas as empresas que alcan\u00e7am 95 anos de vida e, sobretudo, de vida saud\u00e1vel. Sa\u00fado a mem\u00f3ria do meu av\u00f4, \u00c1lvaro Portela, que come\u00e7ou com 14 anos a trabalhar numa farm\u00e1cia do Porto e mostrou grande talento, capacidade de trabalho e dedica\u00e7\u00e3o a um projeto que foi o seu, BIAL\u201d, acrescenta 0 referido comunicado.<\/p>\n<p>A celebrar esta data simb\u00f3lica, Lu\u00eds Portela relembra tamb\u00e9m\u00a0\u201ctodos os que ao longo destes anos deram o melhor de si \u00e0 BIAL\u201d.<\/p>\n<p>\u201cA empresa foi e \u00e9 feita pelas pessoas. S\u00e3o elas que est\u00e3o na base do que temos sido capazes de construir:\u00a0uma companhia internacional de inova\u00e7\u00e3o. Acredito que esta equipa, com os bons produtos que temos e com os bons projetos que estamos a desenvolver, vai continuar esta trajet\u00f3ria de desenvolvimento e de crescimento\u201d, acredita aquele respons\u00e1vel.<\/p>\n<p>Atualmente, a BIAL conta com uma equipa de 964 pessoas, das quais 78% t\u00eam forma\u00e7\u00e3o universit\u00e1ria.<\/p>\n<p>A trabalhar em I&amp;D est\u00e3o 111 pessoas, das quais 40% s\u00e3o doutoradas, de nove nacionalidades diferentes.<\/p>\n<p>Ant\u00f3nio Portela, bisneto de \u00c1lvaro Portela e atual CEO, destaca a vis\u00e3o dos anteriores l\u00edderes e do seu pai, Lu\u00eds Portela, que \u201ccriou uma empresa baseada em tr\u00eas pilares: qualidade, inova\u00e7\u00e3o e internacionaliza\u00e7\u00e3o.<\/p>\n<p>\u201cPilares que n\u00e3o s\u00f3 foram cumpridos como se mant\u00eam na base do plano estrat\u00e9gico. Nos \u00faltimos anos, a BIAL evoluiu muito, temos medicamentos de investiga\u00e7\u00e3o pr\u00f3pria e estamos em diferentes pontos do globo. Estamos a celebrar o passado, mas a olhar para o futuro. Queremos que a BIAL se afirme cada vez mais como uma empresa de inova\u00e7\u00e3o.\u00a0Este \u00e9 um sector muito arriscado, que exige enormes investimentos e com resultados a muito longo prazo. Mas, tal como no passado,\u00a0a sa\u00fade\u00a0continua a ser o nosso sonho\u201d, garante este respons\u00e1vel.<\/p>\n<\/div>\n<p><script>\/*<![CDATA[*\/function facebookInit(){var js=document.createElement('script');js.src='https:\/\/connect.facebook.net\/pt_PT\/sdk.js#xfbml=1&#038;version=v3.1&#038;appId=1708066812789184&#038;autoLogAppEvents=1';return document.body.appendChild(js);}\nwindow.onscroll=function(){var rect=document.getElementsByClassName('je-post-content')[0].getBoundingClientRect();if(rect.bottom<window.innerHeight){facebookInit();window.onscroll=null;}}\/*]]>*\/<\/script><br \/>\n<br \/>[ad_2]<br \/>\n<br \/><a href=\"https:\/\/jornaleconomico.sapo.pt\/noticias\/farmaceutica-portuguesa-bial-ja-exporta-mais-de-70-da-sua-producao-436377\">Source link <\/a><\/p>\n","protected":false},"excerpt":{"rendered":"<p>[ad_1] A farmac\u00eautica nacional BIAL j\u00e1 exporta cerca de 70% do seu volume anual de neg\u00f3cios. \u201cNos \u00faltimos dez anos, o peso das vendas nos mercados internacionais tem sido crescente, representando hoje 70% do volume de neg\u00f3cios, quando em 2010 era de apenas 30%\u201d, destaca um comunicado da empresa, alusivo ao 95\u00ba anivers\u00e1rio da exist\u00eancia [&hellip;]<\/p>\n","protected":false},"author":2,"featured_media":651,"comment_status":"open","ping_status":"open","sticky":false,"template":"","format":"standard","meta":{"footnotes":""},"categories":[1],"tags":[],"class_list":["post-650","post","type-post","status-publish","format-standard","has-post-thumbnail","hentry","category-noticias-financeiras"],"yoast_head":"<!-- This site is optimized with the Yoast SEO plugin v27.4 - https:\/\/yoast.com\/product\/yoast-seo-wordpress\/ -->\n<title>Farmac\u00eautica portuguesa BIAL j\u00e1 exporta mais de 70% da sua produ\u00e7\u00e3o \u2013 O Jornal Econ\u00f3mico - Super News<\/title>\n<meta name=\"robots\" content=\"index, follow, max-snippet:-1, max-image-preview:large, max-video-preview:-1\" \/>\n<link rel=\"canonical\" href=\"https:\/\/super-news.info\/pt\/farmaceutica-portuguesa-bial-ja-exporta-mais-de-70-da-sua-producao-o-jornal-economico\/\" \/>\n<meta property=\"og:locale\" content=\"pt_PT\" \/>\n<meta property=\"og:type\" content=\"article\" \/>\n<meta property=\"og:title\" content=\"Farmac\u00eautica portuguesa BIAL j\u00e1 exporta mais de 70% da sua produ\u00e7\u00e3o \u2013 O Jornal Econ\u00f3mico - Super News\" \/>\n<meta property=\"og:description\" content=\"[ad_1] A farmac\u00eautica nacional BIAL j\u00e1 exporta cerca de 70% do seu volume anual de neg\u00f3cios. \u201cNos \u00faltimos dez anos, o peso das vendas nos mercados internacionais tem sido crescente, representando hoje 70% do volume de neg\u00f3cios, quando em 2010 era de apenas 30%\u201d, destaca um comunicado da empresa, alusivo ao 95\u00ba anivers\u00e1rio da exist\u00eancia [&hellip;]\" \/>\n<meta property=\"og:url\" content=\"https:\/\/super-news.info\/pt\/farmaceutica-portuguesa-bial-ja-exporta-mais-de-70-da-sua-producao-o-jornal-economico\/\" \/>\n<meta property=\"og:site_name\" content=\"Super News\" \/>\n<meta property=\"article:published_time\" content=\"2019-04-22T17:40:23+00:00\" \/>\n<meta property=\"article:modified_time\" content=\"2019-04-22T17:40:24+00:00\" \/>\n<meta property=\"og:image\" content=\"https:\/\/super-news.info\/pt\/wp-content\/uploads\/sites\/2\/2019\/04\/Farmac\u00eautica-portuguesa-BIAL-j\u00e1-exporta-mais-de-70-da-sua.jpg\" \/>\n\t<meta property=\"og:image:width\" content=\"960\" \/>\n\t<meta property=\"og:image:height\" content=\"600\" \/>\n\t<meta property=\"og:image:type\" content=\"image\/jpeg\" \/>\n<meta name=\"author\" content=\"super-news\" \/>\n<meta name=\"twitter:card\" content=\"summary_large_image\" \/>\n<meta name=\"twitter:label1\" content=\"Escrito por\" \/>\n\t<meta name=\"twitter:data1\" content=\"super-news\" \/>\n\t<meta name=\"twitter:label2\" content=\"Tempo estimado de leitura\" \/>\n\t<meta name=\"twitter:data2\" content=\"4 minutos\" \/>\n<script type=\"application\/ld+json\" class=\"yoast-schema-graph\">{\"@context\":\"https:\\\/\\\/schema.org\",\"@graph\":[{\"@type\":\"Article\",\"@id\":\"https:\\\/\\\/super-news.info\\\/pt\\\/farmaceutica-portuguesa-bial-ja-exporta-mais-de-70-da-sua-producao-o-jornal-economico\\\/#article\",\"isPartOf\":{\"@id\":\"https:\\\/\\\/super-news.info\\\/pt\\\/farmaceutica-portuguesa-bial-ja-exporta-mais-de-70-da-sua-producao-o-jornal-economico\\\/\"},\"author\":{\"name\":\"super-news\",\"@id\":\"https:\\\/\\\/super-news.info\\\/pt\\\/#\\\/schema\\\/person\\\/2d4068cb2f39cd10008c2fce578a7356\"},\"headline\":\"Farmac\u00eautica portuguesa BIAL j\u00e1 exporta mais de 70% da sua produ\u00e7\u00e3o \u2013 O Jornal Econ\u00f3mico\",\"datePublished\":\"2019-04-22T17:40:23+00:00\",\"dateModified\":\"2019-04-22T17:40:24+00:00\",\"mainEntityOfPage\":{\"@id\":\"https:\\\/\\\/super-news.info\\\/pt\\\/farmaceutica-portuguesa-bial-ja-exporta-mais-de-70-da-sua-producao-o-jornal-economico\\\/\"},\"wordCount\":814,\"commentCount\":0,\"image\":{\"@id\":\"https:\\\/\\\/super-news.info\\\/pt\\\/farmaceutica-portuguesa-bial-ja-exporta-mais-de-70-da-sua-producao-o-jornal-economico\\\/#primaryimage\"},\"thumbnailUrl\":\"https:\\\/\\\/super-news.info\\\/pt\\\/wp-content\\\/uploads\\\/sites\\\/2\\\/2019\\\/04\\\/Farmac\u00eautica-portuguesa-BIAL-j\u00e1-exporta-mais-de-70-da-sua.jpg\",\"articleSection\":[\"NOT\u00cdCIAS FINANCEIRAS\"],\"inLanguage\":\"pt-PT\",\"potentialAction\":[{\"@type\":\"CommentAction\",\"name\":\"Comment\",\"target\":[\"https:\\\/\\\/super-news.info\\\/pt\\\/farmaceutica-portuguesa-bial-ja-exporta-mais-de-70-da-sua-producao-o-jornal-economico\\\/#respond\"]}]},{\"@type\":\"WebPage\",\"@id\":\"https:\\\/\\\/super-news.info\\\/pt\\\/farmaceutica-portuguesa-bial-ja-exporta-mais-de-70-da-sua-producao-o-jornal-economico\\\/\",\"url\":\"https:\\\/\\\/super-news.info\\\/pt\\\/farmaceutica-portuguesa-bial-ja-exporta-mais-de-70-da-sua-producao-o-jornal-economico\\\/\",\"name\":\"Farmac\u00eautica portuguesa BIAL j\u00e1 exporta mais de 70% da sua produ\u00e7\u00e3o \u2013 O Jornal Econ\u00f3mico - Super News\",\"isPartOf\":{\"@id\":\"https:\\\/\\\/super-news.info\\\/pt\\\/#website\"},\"primaryImageOfPage\":{\"@id\":\"https:\\\/\\\/super-news.info\\\/pt\\\/farmaceutica-portuguesa-bial-ja-exporta-mais-de-70-da-sua-producao-o-jornal-economico\\\/#primaryimage\"},\"image\":{\"@id\":\"https:\\\/\\\/super-news.info\\\/pt\\\/farmaceutica-portuguesa-bial-ja-exporta-mais-de-70-da-sua-producao-o-jornal-economico\\\/#primaryimage\"},\"thumbnailUrl\":\"https:\\\/\\\/super-news.info\\\/pt\\\/wp-content\\\/uploads\\\/sites\\\/2\\\/2019\\\/04\\\/Farmac\u00eautica-portuguesa-BIAL-j\u00e1-exporta-mais-de-70-da-sua.jpg\",\"datePublished\":\"2019-04-22T17:40:23+00:00\",\"dateModified\":\"2019-04-22T17:40:24+00:00\",\"author\":{\"@id\":\"https:\\\/\\\/super-news.info\\\/pt\\\/#\\\/schema\\\/person\\\/2d4068cb2f39cd10008c2fce578a7356\"},\"breadcrumb\":{\"@id\":\"https:\\\/\\\/super-news.info\\\/pt\\\/farmaceutica-portuguesa-bial-ja-exporta-mais-de-70-da-sua-producao-o-jornal-economico\\\/#breadcrumb\"},\"inLanguage\":\"pt-PT\",\"potentialAction\":[{\"@type\":\"ReadAction\",\"target\":[\"https:\\\/\\\/super-news.info\\\/pt\\\/farmaceutica-portuguesa-bial-ja-exporta-mais-de-70-da-sua-producao-o-jornal-economico\\\/\"]}]},{\"@type\":\"ImageObject\",\"inLanguage\":\"pt-PT\",\"@id\":\"https:\\\/\\\/super-news.info\\\/pt\\\/farmaceutica-portuguesa-bial-ja-exporta-mais-de-70-da-sua-producao-o-jornal-economico\\\/#primaryimage\",\"url\":\"https:\\\/\\\/super-news.info\\\/pt\\\/wp-content\\\/uploads\\\/sites\\\/2\\\/2019\\\/04\\\/Farmac\u00eautica-portuguesa-BIAL-j\u00e1-exporta-mais-de-70-da-sua.jpg\",\"contentUrl\":\"https:\\\/\\\/super-news.info\\\/pt\\\/wp-content\\\/uploads\\\/sites\\\/2\\\/2019\\\/04\\\/Farmac\u00eautica-portuguesa-BIAL-j\u00e1-exporta-mais-de-70-da-sua.jpg\",\"width\":960,\"height\":600,\"caption\":\"Farmac\u00eautica portuguesa BIAL j\u00e1 exporta mais de 70% da sua produ\u00e7\u00e3o \u2013 O Jornal Econ\u00f3mico\"},{\"@type\":\"BreadcrumbList\",\"@id\":\"https:\\\/\\\/super-news.info\\\/pt\\\/farmaceutica-portuguesa-bial-ja-exporta-mais-de-70-da-sua-producao-o-jornal-economico\\\/#breadcrumb\",\"itemListElement\":[{\"@type\":\"ListItem\",\"position\":1,\"name\":\"\u0413\u043b\u0430\u0432\u043d\u0430\u044f \u0441\u0442\u0440\u0430\u043d\u0438\u0446\u0430\",\"item\":\"https:\\\/\\\/super-news.info\\\/pt\\\/\"},{\"@type\":\"ListItem\",\"position\":2,\"name\":\"Farmac\u00eautica portuguesa BIAL j\u00e1 exporta mais de 70% da sua produ\u00e7\u00e3o \u2013 O Jornal Econ\u00f3mico\"}]},{\"@type\":\"WebSite\",\"@id\":\"https:\\\/\\\/super-news.info\\\/pt\\\/#website\",\"url\":\"https:\\\/\\\/super-news.info\\\/pt\\\/\",\"name\":\"Super News\",\"description\":\"Super News Portugal\",\"potentialAction\":[{\"@type\":\"SearchAction\",\"target\":{\"@type\":\"EntryPoint\",\"urlTemplate\":\"https:\\\/\\\/super-news.info\\\/pt\\\/?s={search_term_string}\"},\"query-input\":{\"@type\":\"PropertyValueSpecification\",\"valueRequired\":true,\"valueName\":\"search_term_string\"}}],\"inLanguage\":\"pt-PT\"},{\"@type\":\"Person\",\"@id\":\"https:\\\/\\\/super-news.info\\\/pt\\\/#\\\/schema\\\/person\\\/2d4068cb2f39cd10008c2fce578a7356\",\"name\":\"super-news\",\"image\":{\"@type\":\"ImageObject\",\"inLanguage\":\"pt-PT\",\"@id\":\"https:\\\/\\\/secure.gravatar.com\\\/avatar\\\/64ebac40b93f26a154f8a9b5b6fdccfc46f442b26b3dd6756dbff3bf9dc76fd7?s=96&d=mm&r=g\",\"url\":\"https:\\\/\\\/secure.gravatar.com\\\/avatar\\\/64ebac40b93f26a154f8a9b5b6fdccfc46f442b26b3dd6756dbff3bf9dc76fd7?s=96&d=mm&r=g\",\"contentUrl\":\"https:\\\/\\\/secure.gravatar.com\\\/avatar\\\/64ebac40b93f26a154f8a9b5b6fdccfc46f442b26b3dd6756dbff3bf9dc76fd7?s=96&d=mm&r=g\",\"caption\":\"super-news\"},\"url\":\"https:\\\/\\\/super-news.info\\\/pt\\\/author\\\/pt\\\/\"}]}<\/script>\n<!-- \/ Yoast SEO plugin. -->","yoast_head_json":{"title":"Farmac\u00eautica portuguesa BIAL j\u00e1 exporta mais de 70% da sua produ\u00e7\u00e3o \u2013 O Jornal Econ\u00f3mico - Super News","robots":{"index":"index","follow":"follow","max-snippet":"max-snippet:-1","max-image-preview":"max-image-preview:large","max-video-preview":"max-video-preview:-1"},"canonical":"https:\/\/super-news.info\/pt\/farmaceutica-portuguesa-bial-ja-exporta-mais-de-70-da-sua-producao-o-jornal-economico\/","og_locale":"pt_PT","og_type":"article","og_title":"Farmac\u00eautica portuguesa BIAL j\u00e1 exporta mais de 70% da sua produ\u00e7\u00e3o \u2013 O Jornal Econ\u00f3mico - Super News","og_description":"[ad_1] A farmac\u00eautica nacional BIAL j\u00e1 exporta cerca de 70% do seu volume anual de neg\u00f3cios. \u201cNos \u00faltimos dez anos, o peso das vendas nos mercados internacionais tem sido crescente, representando hoje 70% do volume de neg\u00f3cios, quando em 2010 era de apenas 30%\u201d, destaca um comunicado da empresa, alusivo ao 95\u00ba anivers\u00e1rio da exist\u00eancia [&hellip;]","og_url":"https:\/\/super-news.info\/pt\/farmaceutica-portuguesa-bial-ja-exporta-mais-de-70-da-sua-producao-o-jornal-economico\/","og_site_name":"Super News","article_published_time":"2019-04-22T17:40:23+00:00","article_modified_time":"2019-04-22T17:40:24+00:00","og_image":[{"width":960,"height":600,"url":"https:\/\/super-news.info\/pt\/wp-content\/uploads\/sites\/2\/2019\/04\/Farmac\u00eautica-portuguesa-BIAL-j\u00e1-exporta-mais-de-70-da-sua.jpg","type":"image\/jpeg"}],"author":"super-news","twitter_card":"summary_large_image","twitter_misc":{"Escrito por":"super-news","Tempo estimado de leitura":"4 minutos"},"schema":{"@context":"https:\/\/schema.org","@graph":[{"@type":"Article","@id":"https:\/\/super-news.info\/pt\/farmaceutica-portuguesa-bial-ja-exporta-mais-de-70-da-sua-producao-o-jornal-economico\/#article","isPartOf":{"@id":"https:\/\/super-news.info\/pt\/farmaceutica-portuguesa-bial-ja-exporta-mais-de-70-da-sua-producao-o-jornal-economico\/"},"author":{"name":"super-news","@id":"https:\/\/super-news.info\/pt\/#\/schema\/person\/2d4068cb2f39cd10008c2fce578a7356"},"headline":"Farmac\u00eautica portuguesa BIAL j\u00e1 exporta mais de 70% da sua produ\u00e7\u00e3o \u2013 O Jornal Econ\u00f3mico","datePublished":"2019-04-22T17:40:23+00:00","dateModified":"2019-04-22T17:40:24+00:00","mainEntityOfPage":{"@id":"https:\/\/super-news.info\/pt\/farmaceutica-portuguesa-bial-ja-exporta-mais-de-70-da-sua-producao-o-jornal-economico\/"},"wordCount":814,"commentCount":0,"image":{"@id":"https:\/\/super-news.info\/pt\/farmaceutica-portuguesa-bial-ja-exporta-mais-de-70-da-sua-producao-o-jornal-economico\/#primaryimage"},"thumbnailUrl":"https:\/\/super-news.info\/pt\/wp-content\/uploads\/sites\/2\/2019\/04\/Farmac\u00eautica-portuguesa-BIAL-j\u00e1-exporta-mais-de-70-da-sua.jpg","articleSection":["NOT\u00cdCIAS FINANCEIRAS"],"inLanguage":"pt-PT","potentialAction":[{"@type":"CommentAction","name":"Comment","target":["https:\/\/super-news.info\/pt\/farmaceutica-portuguesa-bial-ja-exporta-mais-de-70-da-sua-producao-o-jornal-economico\/#respond"]}]},{"@type":"WebPage","@id":"https:\/\/super-news.info\/pt\/farmaceutica-portuguesa-bial-ja-exporta-mais-de-70-da-sua-producao-o-jornal-economico\/","url":"https:\/\/super-news.info\/pt\/farmaceutica-portuguesa-bial-ja-exporta-mais-de-70-da-sua-producao-o-jornal-economico\/","name":"Farmac\u00eautica portuguesa BIAL j\u00e1 exporta mais de 70% da sua produ\u00e7\u00e3o \u2013 O Jornal Econ\u00f3mico - Super News","isPartOf":{"@id":"https:\/\/super-news.info\/pt\/#website"},"primaryImageOfPage":{"@id":"https:\/\/super-news.info\/pt\/farmaceutica-portuguesa-bial-ja-exporta-mais-de-70-da-sua-producao-o-jornal-economico\/#primaryimage"},"image":{"@id":"https:\/\/super-news.info\/pt\/farmaceutica-portuguesa-bial-ja-exporta-mais-de-70-da-sua-producao-o-jornal-economico\/#primaryimage"},"thumbnailUrl":"https:\/\/super-news.info\/pt\/wp-content\/uploads\/sites\/2\/2019\/04\/Farmac\u00eautica-portuguesa-BIAL-j\u00e1-exporta-mais-de-70-da-sua.jpg","datePublished":"2019-04-22T17:40:23+00:00","dateModified":"2019-04-22T17:40:24+00:00","author":{"@id":"https:\/\/super-news.info\/pt\/#\/schema\/person\/2d4068cb2f39cd10008c2fce578a7356"},"breadcrumb":{"@id":"https:\/\/super-news.info\/pt\/farmaceutica-portuguesa-bial-ja-exporta-mais-de-70-da-sua-producao-o-jornal-economico\/#breadcrumb"},"inLanguage":"pt-PT","potentialAction":[{"@type":"ReadAction","target":["https:\/\/super-news.info\/pt\/farmaceutica-portuguesa-bial-ja-exporta-mais-de-70-da-sua-producao-o-jornal-economico\/"]}]},{"@type":"ImageObject","inLanguage":"pt-PT","@id":"https:\/\/super-news.info\/pt\/farmaceutica-portuguesa-bial-ja-exporta-mais-de-70-da-sua-producao-o-jornal-economico\/#primaryimage","url":"https:\/\/super-news.info\/pt\/wp-content\/uploads\/sites\/2\/2019\/04\/Farmac\u00eautica-portuguesa-BIAL-j\u00e1-exporta-mais-de-70-da-sua.jpg","contentUrl":"https:\/\/super-news.info\/pt\/wp-content\/uploads\/sites\/2\/2019\/04\/Farmac\u00eautica-portuguesa-BIAL-j\u00e1-exporta-mais-de-70-da-sua.jpg","width":960,"height":600,"caption":"Farmac\u00eautica portuguesa BIAL j\u00e1 exporta mais de 70% da sua produ\u00e7\u00e3o \u2013 O Jornal Econ\u00f3mico"},{"@type":"BreadcrumbList","@id":"https:\/\/super-news.info\/pt\/farmaceutica-portuguesa-bial-ja-exporta-mais-de-70-da-sua-producao-o-jornal-economico\/#breadcrumb","itemListElement":[{"@type":"ListItem","position":1,"name":"\u0413\u043b\u0430\u0432\u043d\u0430\u044f \u0441\u0442\u0440\u0430\u043d\u0438\u0446\u0430","item":"https:\/\/super-news.info\/pt\/"},{"@type":"ListItem","position":2,"name":"Farmac\u00eautica portuguesa BIAL j\u00e1 exporta mais de 70% da sua produ\u00e7\u00e3o \u2013 O Jornal Econ\u00f3mico"}]},{"@type":"WebSite","@id":"https:\/\/super-news.info\/pt\/#website","url":"https:\/\/super-news.info\/pt\/","name":"Super News","description":"Super News Portugal","potentialAction":[{"@type":"SearchAction","target":{"@type":"EntryPoint","urlTemplate":"https:\/\/super-news.info\/pt\/?s={search_term_string}"},"query-input":{"@type":"PropertyValueSpecification","valueRequired":true,"valueName":"search_term_string"}}],"inLanguage":"pt-PT"},{"@type":"Person","@id":"https:\/\/super-news.info\/pt\/#\/schema\/person\/2d4068cb2f39cd10008c2fce578a7356","name":"super-news","image":{"@type":"ImageObject","inLanguage":"pt-PT","@id":"https:\/\/secure.gravatar.com\/avatar\/64ebac40b93f26a154f8a9b5b6fdccfc46f442b26b3dd6756dbff3bf9dc76fd7?s=96&d=mm&r=g","url":"https:\/\/secure.gravatar.com\/avatar\/64ebac40b93f26a154f8a9b5b6fdccfc46f442b26b3dd6756dbff3bf9dc76fd7?s=96&d=mm&r=g","contentUrl":"https:\/\/secure.gravatar.com\/avatar\/64ebac40b93f26a154f8a9b5b6fdccfc46f442b26b3dd6756dbff3bf9dc76fd7?s=96&d=mm&r=g","caption":"super-news"},"url":"https:\/\/super-news.info\/pt\/author\/pt\/"}]}},"_links":{"self":[{"href":"https:\/\/super-news.info\/pt\/wp-json\/wp\/v2\/posts\/650","targetHints":{"allow":["GET"]}}],"collection":[{"href":"https:\/\/super-news.info\/pt\/wp-json\/wp\/v2\/posts"}],"about":[{"href":"https:\/\/super-news.info\/pt\/wp-json\/wp\/v2\/types\/post"}],"author":[{"embeddable":true,"href":"https:\/\/super-news.info\/pt\/wp-json\/wp\/v2\/users\/2"}],"replies":[{"embeddable":true,"href":"https:\/\/super-news.info\/pt\/wp-json\/wp\/v2\/comments?post=650"}],"version-history":[{"count":1,"href":"https:\/\/super-news.info\/pt\/wp-json\/wp\/v2\/posts\/650\/revisions"}],"predecessor-version":[{"id":652,"href":"https:\/\/super-news.info\/pt\/wp-json\/wp\/v2\/posts\/650\/revisions\/652"}],"wp:featuredmedia":[{"embeddable":true,"href":"https:\/\/super-news.info\/pt\/wp-json\/wp\/v2\/media\/651"}],"wp:attachment":[{"href":"https:\/\/super-news.info\/pt\/wp-json\/wp\/v2\/media?parent=650"}],"wp:term":[{"taxonomy":"category","embeddable":true,"href":"https:\/\/super-news.info\/pt\/wp-json\/wp\/v2\/categories?post=650"},{"taxonomy":"post_tag","embeddable":true,"href":"https:\/\/super-news.info\/pt\/wp-json\/wp\/v2\/tags?post=650"}],"curies":[{"name":"wp","href":"https:\/\/api.w.org\/{rel}","templated":true}]}}