{"id":644,"date":"2019-04-22T18:53:15","date_gmt":"2019-04-22T15:53:15","guid":{"rendered":"https:\/\/super-news.info\/pt\/alimentaria-2019-gerou-um-negocio-potencial-de-25-milhoes-o-jornal-economico\/"},"modified":"2019-04-22T18:53:16","modified_gmt":"2019-04-22T15:53:16","slug":"alimentaria-2019-gerou-um-negocio-potencial-de-25-milhoes-o-jornal-economico","status":"publish","type":"post","link":"https:\/\/super-news.info\/pt\/alimentaria-2019-gerou-um-negocio-potencial-de-25-milhoes-o-jornal-economico\/","title":{"rendered":"Alimentaria 2019 gerou um neg\u00f3cio potencial de 25 milh\u00f5es \u2013 O Jornal Econ\u00f3mico"},"content":{"rendered":"<p> [ad_1]<br \/>\n<\/p>\n<div>\n<p>A 15.\u00aa edi\u00e7\u00e3o da \u2018Alimentaria&amp;Horexpo Lisboa 2019\u2019, que decorreu de 24 a 26 de mar\u00e7o,\u00a0 gerou um neg\u00f3cio potencial de 25 milh\u00f5es de euros, segundo a organiza\u00e7\u00e3o do certame, que\u00a0faz um balan\u00e7o muito positivo da iniciativa<\/p>\n<p>A Alimentaria 2019 recebeu cerca de 800 empresas participantes, entre diretas e representadas, das quais 38% eram internacionais.<\/p>\n<p>Para a diretora de \u00e1rea de feiras da FIL, F\u00e1tima Vila Maior, a qualidade do certame traduz-se nas respostas dadas pelos visitantes no \u00e2mbito dos inqu\u00e9ritos realizados na \u2018Alimentaria&amp;Horexpo Lisboa\u2019: \u201c35% dos visitantes profissionais concretizou neg\u00f3cio e 64% admite ter identificado oportunidade de neg\u00f3cio com possibilidade de concretiza\u00e7\u00e3o nos pr\u00f3ximos seis meses\u201d.<\/p>\n<p>Segundo a respons\u00e1vel, estes s\u00e3o n\u00fameros \u201cmuito animadores e permitem afirmar que a edi\u00e7\u00e3o deste ano gerou um potencial de neg\u00f3cio de 25 milh\u00f5es de euros\u201d.<\/p>\n<p>Ao longo dos tr\u00eas dias do certame, as mulheres estiveram em maioria (55%) sendo que 40% dos visitantes est\u00e3o na faixa et\u00e1ria dos 36 a 45 anos.<\/p>\n<p>De um universo de 478 inquiridos, 25% dos visitantes entrevistados exercem profiss\u00e3o na \u00e1rea da distribui\u00e7\u00e3o\/importa\u00e7\u00e3o, 20% s\u00e3o fabricantes de produtos alimentares e 44% integram o canal Horeca (hotelaria, restaura\u00e7\u00e3o e cafetaria).<\/p>\n<p>Dos visitantes da \u2018Alimentaria 2019\u2019, 8% dos visitantes pertencem \u00e0 grande distribui\u00e7\u00e3o e lojas especializadas.<\/p>\n<p>A organiza\u00e7\u00e3o destaca tamb\u00e9m que 36% do n\u00famero de visitantes esteve pela primeira vez no certame.\u00a096% dos visitantes revela que marcar\u00e1 presen\u00e7a na pr\u00f3xima edi\u00e7\u00e3o.<\/p>\n<p>O conceito da Alimentaria&amp;Horexpo Lisboa 2019 assentou este ano nos eixos da \u2018inova\u00e7\u00e3o\u2019 e dos \u2018novos produtos\u2019, uma aposta que F\u00e1tima Vila Maior, diretora de \u00e1rea de feiras da FIL, acredita ter sido ganhadora, \u201cdado n\u00e3o apenas o n\u00famero de empresas presentes (800) como de visitantes profissionais, que se traduziram num crescimento de 16% face a 2017\u201d.<\/p>\n<p>Salientando que o sal\u00e3o tem como p\u00fablico-alvo os profissionais das \u00e1reas de destaque, F\u00e1tima Vila Maior revela que \u201cao longo do \u00faltimo ano, trabalh\u00e1mos no sentido de ter na 15.\u00aa edi\u00e7\u00e3o diferencia\u00e7\u00e3o, produtos portugueses de grande qualidade, exporta\u00e7\u00e3o de maior valor acrescentado, maior coloca\u00e7\u00e3o dos produtos portugueses, objetivos que conseguimos alcan\u00e7ar\u201d.<\/p>\n<p>A edi\u00e7\u00e3o de 2019 da Alimentaria&amp;Horexpo Lisboa ficou ainda marcada pelo \u2018Live Innovation Hotel\u2019, que apresentou inova\u00e7\u00e3o na decora\u00e7\u00e3o de interiores e equipamentos, seguindo as novas tend\u00eancias do setor hoteleiro no mundo.<\/p>\n<p>Com 300 metros quadrados, o \u201chotel mais tecnol\u00f3gico do mundo\u201d foi considerado por cerca de 44% dos inquiridos como a \u00e1rea com mais \u2018glamour\u2019 e valor do certame.<\/p>\n<p>O \u2018Live Innovation Hotel\u2019 foi um projeto espec\u00edfico com cinco \u00e1reas \u2013 cozinha e sala de jantar, rece\u00e7\u00e3o \u2018hall\u2019 e sala de estar, terra\u00e7o e bar de apoio, sala de reuni\u00f5es e de confer\u00eancias \u2013 e que juntou arquitetos e \u2018designers\u2019.<\/p>\n<p>Na \u2018Alimentaria&amp;Horexpo Lisboa 2019\u2019 participaram 14.911 profissionais do setor e 800 empresas expositoras.<\/p>\n<p>A Alimentaria contou com 38% de empresas internacionais, sendo 29 os pa\u00edses a expor.<\/p>\n<p>Neste certame, 68% dos visitantes tinham \u2018inten\u00e7\u00e3o de fazer neg\u00f3cio\u2019, enquanto 64% \u201cidentificaram oportunidades de neg\u00f3cio com possibilidade de concretiza\u00e7\u00e3o nos pr\u00f3ximos seis meses\u201d.<\/p>\n<p>Outros n\u00fameros do Alimentaria 2019: 35% dos visitantes \u201cconcretizou neg\u00f3cio\u201d, 96% dos visitantes tencionam repetir a sua vinda ao certame e outros 96% dos entrevistados recomendaria a visita \u00e0 \u2018Alimentaria &amp; Horexpo Lisboa\u2019 a outros profissionais de setor.<\/p>\n<\/div>\n<p><script>\/*<![CDATA[*\/function facebookInit(){var js=document.createElement('script');js.src='https:\/\/connect.facebook.net\/pt_PT\/sdk.js#xfbml=1&#038;version=v3.1&#038;appId=1708066812789184&#038;autoLogAppEvents=1';return document.body.appendChild(js);}\nwindow.onscroll=function(){var rect=document.getElementsByClassName('je-post-content')[0].getBoundingClientRect();if(rect.bottom<window.innerHeight){facebookInit();window.onscroll=null;}}\/*]]>*\/<\/script><br \/>\n<br \/>[ad_2]<br \/>\n<br \/><a href=\"https:\/\/jornaleconomico.sapo.pt\/noticias\/alimentaria-2019-gerou-um-negocio-potencial-de-25-milhoes-436290\">Source link <\/a><\/p>\n","protected":false},"excerpt":{"rendered":"<p>[ad_1] A 15.\u00aa edi\u00e7\u00e3o da \u2018Alimentaria&amp;Horexpo Lisboa 2019\u2019, que decorreu de 24 a 26 de mar\u00e7o,\u00a0 gerou um neg\u00f3cio potencial de 25 milh\u00f5es de euros, segundo a organiza\u00e7\u00e3o do certame, que\u00a0faz um balan\u00e7o muito positivo da iniciativa A Alimentaria 2019 recebeu cerca de 800 empresas participantes, entre diretas e representadas, das quais 38% eram internacionais. [&hellip;]<\/p>\n","protected":false},"author":2,"featured_media":645,"comment_status":"open","ping_status":"open","sticky":false,"template":"","format":"standard","meta":{"footnotes":""},"categories":[1],"tags":[],"class_list":["post-644","post","type-post","status-publish","format-standard","has-post-thumbnail","hentry","category-noticias-financeiras"],"yoast_head":"<!-- This site is optimized with the Yoast SEO plugin v27.4 - https:\/\/yoast.com\/product\/yoast-seo-wordpress\/ -->\n<title>Alimentaria 2019 gerou um neg\u00f3cio potencial de 25 milh\u00f5es \u2013 O Jornal Econ\u00f3mico - Super News<\/title>\n<meta name=\"robots\" content=\"index, follow, max-snippet:-1, max-image-preview:large, max-video-preview:-1\" \/>\n<link rel=\"canonical\" href=\"https:\/\/super-news.info\/pt\/alimentaria-2019-gerou-um-negocio-potencial-de-25-milhoes-o-jornal-economico\/\" \/>\n<meta property=\"og:locale\" content=\"pt_PT\" \/>\n<meta property=\"og:type\" content=\"article\" \/>\n<meta property=\"og:title\" content=\"Alimentaria 2019 gerou um neg\u00f3cio potencial de 25 milh\u00f5es \u2013 O Jornal Econ\u00f3mico - Super News\" \/>\n<meta property=\"og:description\" content=\"[ad_1] A 15.\u00aa edi\u00e7\u00e3o da \u2018Alimentaria&amp;Horexpo Lisboa 2019\u2019, que decorreu de 24 a 26 de mar\u00e7o,\u00a0 gerou um neg\u00f3cio potencial de 25 milh\u00f5es de euros, segundo a organiza\u00e7\u00e3o do certame, que\u00a0faz um balan\u00e7o muito positivo da iniciativa A Alimentaria 2019 recebeu cerca de 800 empresas participantes, entre diretas e representadas, das quais 38% eram internacionais. [&hellip;]\" \/>\n<meta property=\"og:url\" content=\"https:\/\/super-news.info\/pt\/alimentaria-2019-gerou-um-negocio-potencial-de-25-milhoes-o-jornal-economico\/\" \/>\n<meta property=\"og:site_name\" content=\"Super News\" \/>\n<meta property=\"article:published_time\" content=\"2019-04-22T15:53:15+00:00\" \/>\n<meta property=\"article:modified_time\" content=\"2019-04-22T15:53:16+00:00\" \/>\n<meta property=\"og:image\" content=\"https:\/\/super-news.info\/pt\/wp-content\/uploads\/sites\/2\/2019\/04\/Alimentaria-2019-gerou-um-neg\u00f3cio-potencial-de-25-milh\u00f5es-\u2013.jpg\" \/>\n\t<meta property=\"og:image:width\" content=\"960\" \/>\n\t<meta property=\"og:image:height\" content=\"600\" \/>\n\t<meta property=\"og:image:type\" content=\"image\/jpeg\" \/>\n<meta name=\"author\" content=\"super-news\" \/>\n<meta name=\"twitter:card\" content=\"summary_large_image\" \/>\n<meta name=\"twitter:label1\" content=\"Escrito por\" \/>\n\t<meta name=\"twitter:data1\" content=\"super-news\" \/>\n\t<meta name=\"twitter:label2\" content=\"Tempo estimado de leitura\" \/>\n\t<meta name=\"twitter:data2\" content=\"3 minutos\" \/>\n<script type=\"application\/ld+json\" class=\"yoast-schema-graph\">{\"@context\":\"https:\\\/\\\/schema.org\",\"@graph\":[{\"@type\":\"Article\",\"@id\":\"https:\\\/\\\/super-news.info\\\/pt\\\/alimentaria-2019-gerou-um-negocio-potencial-de-25-milhoes-o-jornal-economico\\\/#article\",\"isPartOf\":{\"@id\":\"https:\\\/\\\/super-news.info\\\/pt\\\/alimentaria-2019-gerou-um-negocio-potencial-de-25-milhoes-o-jornal-economico\\\/\"},\"author\":{\"name\":\"super-news\",\"@id\":\"https:\\\/\\\/super-news.info\\\/pt\\\/#\\\/schema\\\/person\\\/2d4068cb2f39cd10008c2fce578a7356\"},\"headline\":\"Alimentaria 2019 gerou um neg\u00f3cio potencial de 25 milh\u00f5es \u2013 O Jornal Econ\u00f3mico\",\"datePublished\":\"2019-04-22T15:53:15+00:00\",\"dateModified\":\"2019-04-22T15:53:16+00:00\",\"mainEntityOfPage\":{\"@id\":\"https:\\\/\\\/super-news.info\\\/pt\\\/alimentaria-2019-gerou-um-negocio-potencial-de-25-milhoes-o-jornal-economico\\\/\"},\"wordCount\":577,\"commentCount\":0,\"image\":{\"@id\":\"https:\\\/\\\/super-news.info\\\/pt\\\/alimentaria-2019-gerou-um-negocio-potencial-de-25-milhoes-o-jornal-economico\\\/#primaryimage\"},\"thumbnailUrl\":\"https:\\\/\\\/super-news.info\\\/pt\\\/wp-content\\\/uploads\\\/sites\\\/2\\\/2019\\\/04\\\/Alimentaria-2019-gerou-um-neg\u00f3cio-potencial-de-25-milh\u00f5es-\u2013.jpg\",\"articleSection\":[\"NOT\u00cdCIAS FINANCEIRAS\"],\"inLanguage\":\"pt-PT\",\"potentialAction\":[{\"@type\":\"CommentAction\",\"name\":\"Comment\",\"target\":[\"https:\\\/\\\/super-news.info\\\/pt\\\/alimentaria-2019-gerou-um-negocio-potencial-de-25-milhoes-o-jornal-economico\\\/#respond\"]}]},{\"@type\":\"WebPage\",\"@id\":\"https:\\\/\\\/super-news.info\\\/pt\\\/alimentaria-2019-gerou-um-negocio-potencial-de-25-milhoes-o-jornal-economico\\\/\",\"url\":\"https:\\\/\\\/super-news.info\\\/pt\\\/alimentaria-2019-gerou-um-negocio-potencial-de-25-milhoes-o-jornal-economico\\\/\",\"name\":\"Alimentaria 2019 gerou um neg\u00f3cio potencial de 25 milh\u00f5es \u2013 O Jornal Econ\u00f3mico - Super News\",\"isPartOf\":{\"@id\":\"https:\\\/\\\/super-news.info\\\/pt\\\/#website\"},\"primaryImageOfPage\":{\"@id\":\"https:\\\/\\\/super-news.info\\\/pt\\\/alimentaria-2019-gerou-um-negocio-potencial-de-25-milhoes-o-jornal-economico\\\/#primaryimage\"},\"image\":{\"@id\":\"https:\\\/\\\/super-news.info\\\/pt\\\/alimentaria-2019-gerou-um-negocio-potencial-de-25-milhoes-o-jornal-economico\\\/#primaryimage\"},\"thumbnailUrl\":\"https:\\\/\\\/super-news.info\\\/pt\\\/wp-content\\\/uploads\\\/sites\\\/2\\\/2019\\\/04\\\/Alimentaria-2019-gerou-um-neg\u00f3cio-potencial-de-25-milh\u00f5es-\u2013.jpg\",\"datePublished\":\"2019-04-22T15:53:15+00:00\",\"dateModified\":\"2019-04-22T15:53:16+00:00\",\"author\":{\"@id\":\"https:\\\/\\\/super-news.info\\\/pt\\\/#\\\/schema\\\/person\\\/2d4068cb2f39cd10008c2fce578a7356\"},\"breadcrumb\":{\"@id\":\"https:\\\/\\\/super-news.info\\\/pt\\\/alimentaria-2019-gerou-um-negocio-potencial-de-25-milhoes-o-jornal-economico\\\/#breadcrumb\"},\"inLanguage\":\"pt-PT\",\"potentialAction\":[{\"@type\":\"ReadAction\",\"target\":[\"https:\\\/\\\/super-news.info\\\/pt\\\/alimentaria-2019-gerou-um-negocio-potencial-de-25-milhoes-o-jornal-economico\\\/\"]}]},{\"@type\":\"ImageObject\",\"inLanguage\":\"pt-PT\",\"@id\":\"https:\\\/\\\/super-news.info\\\/pt\\\/alimentaria-2019-gerou-um-negocio-potencial-de-25-milhoes-o-jornal-economico\\\/#primaryimage\",\"url\":\"https:\\\/\\\/super-news.info\\\/pt\\\/wp-content\\\/uploads\\\/sites\\\/2\\\/2019\\\/04\\\/Alimentaria-2019-gerou-um-neg\u00f3cio-potencial-de-25-milh\u00f5es-\u2013.jpg\",\"contentUrl\":\"https:\\\/\\\/super-news.info\\\/pt\\\/wp-content\\\/uploads\\\/sites\\\/2\\\/2019\\\/04\\\/Alimentaria-2019-gerou-um-neg\u00f3cio-potencial-de-25-milh\u00f5es-\u2013.jpg\",\"width\":960,\"height\":600,\"caption\":\"Alimentaria 2019 gerou um neg\u00f3cio potencial de 25 milh\u00f5es \u2013 O Jornal Econ\u00f3mico\"},{\"@type\":\"BreadcrumbList\",\"@id\":\"https:\\\/\\\/super-news.info\\\/pt\\\/alimentaria-2019-gerou-um-negocio-potencial-de-25-milhoes-o-jornal-economico\\\/#breadcrumb\",\"itemListElement\":[{\"@type\":\"ListItem\",\"position\":1,\"name\":\"\u0413\u043b\u0430\u0432\u043d\u0430\u044f \u0441\u0442\u0440\u0430\u043d\u0438\u0446\u0430\",\"item\":\"https:\\\/\\\/super-news.info\\\/pt\\\/\"},{\"@type\":\"ListItem\",\"position\":2,\"name\":\"Alimentaria 2019 gerou um neg\u00f3cio potencial de 25 milh\u00f5es \u2013 O Jornal Econ\u00f3mico\"}]},{\"@type\":\"WebSite\",\"@id\":\"https:\\\/\\\/super-news.info\\\/pt\\\/#website\",\"url\":\"https:\\\/\\\/super-news.info\\\/pt\\\/\",\"name\":\"Super News\",\"description\":\"Super News Portugal\",\"potentialAction\":[{\"@type\":\"SearchAction\",\"target\":{\"@type\":\"EntryPoint\",\"urlTemplate\":\"https:\\\/\\\/super-news.info\\\/pt\\\/?s={search_term_string}\"},\"query-input\":{\"@type\":\"PropertyValueSpecification\",\"valueRequired\":true,\"valueName\":\"search_term_string\"}}],\"inLanguage\":\"pt-PT\"},{\"@type\":\"Person\",\"@id\":\"https:\\\/\\\/super-news.info\\\/pt\\\/#\\\/schema\\\/person\\\/2d4068cb2f39cd10008c2fce578a7356\",\"name\":\"super-news\",\"image\":{\"@type\":\"ImageObject\",\"inLanguage\":\"pt-PT\",\"@id\":\"https:\\\/\\\/secure.gravatar.com\\\/avatar\\\/64ebac40b93f26a154f8a9b5b6fdccfc46f442b26b3dd6756dbff3bf9dc76fd7?s=96&d=mm&r=g\",\"url\":\"https:\\\/\\\/secure.gravatar.com\\\/avatar\\\/64ebac40b93f26a154f8a9b5b6fdccfc46f442b26b3dd6756dbff3bf9dc76fd7?s=96&d=mm&r=g\",\"contentUrl\":\"https:\\\/\\\/secure.gravatar.com\\\/avatar\\\/64ebac40b93f26a154f8a9b5b6fdccfc46f442b26b3dd6756dbff3bf9dc76fd7?s=96&d=mm&r=g\",\"caption\":\"super-news\"},\"url\":\"https:\\\/\\\/super-news.info\\\/pt\\\/author\\\/pt\\\/\"}]}<\/script>\n<!-- \/ Yoast SEO plugin. -->","yoast_head_json":{"title":"Alimentaria 2019 gerou um neg\u00f3cio potencial de 25 milh\u00f5es \u2013 O Jornal Econ\u00f3mico - Super News","robots":{"index":"index","follow":"follow","max-snippet":"max-snippet:-1","max-image-preview":"max-image-preview:large","max-video-preview":"max-video-preview:-1"},"canonical":"https:\/\/super-news.info\/pt\/alimentaria-2019-gerou-um-negocio-potencial-de-25-milhoes-o-jornal-economico\/","og_locale":"pt_PT","og_type":"article","og_title":"Alimentaria 2019 gerou um neg\u00f3cio potencial de 25 milh\u00f5es \u2013 O Jornal Econ\u00f3mico - Super News","og_description":"[ad_1] A 15.\u00aa edi\u00e7\u00e3o da \u2018Alimentaria&amp;Horexpo Lisboa 2019\u2019, que decorreu de 24 a 26 de mar\u00e7o,\u00a0 gerou um neg\u00f3cio potencial de 25 milh\u00f5es de euros, segundo a organiza\u00e7\u00e3o do certame, que\u00a0faz um balan\u00e7o muito positivo da iniciativa A Alimentaria 2019 recebeu cerca de 800 empresas participantes, entre diretas e representadas, das quais 38% eram internacionais. [&hellip;]","og_url":"https:\/\/super-news.info\/pt\/alimentaria-2019-gerou-um-negocio-potencial-de-25-milhoes-o-jornal-economico\/","og_site_name":"Super News","article_published_time":"2019-04-22T15:53:15+00:00","article_modified_time":"2019-04-22T15:53:16+00:00","og_image":[{"width":960,"height":600,"url":"https:\/\/super-news.info\/pt\/wp-content\/uploads\/sites\/2\/2019\/04\/Alimentaria-2019-gerou-um-neg\u00f3cio-potencial-de-25-milh\u00f5es-\u2013.jpg","type":"image\/jpeg"}],"author":"super-news","twitter_card":"summary_large_image","twitter_misc":{"Escrito por":"super-news","Tempo estimado de leitura":"3 minutos"},"schema":{"@context":"https:\/\/schema.org","@graph":[{"@type":"Article","@id":"https:\/\/super-news.info\/pt\/alimentaria-2019-gerou-um-negocio-potencial-de-25-milhoes-o-jornal-economico\/#article","isPartOf":{"@id":"https:\/\/super-news.info\/pt\/alimentaria-2019-gerou-um-negocio-potencial-de-25-milhoes-o-jornal-economico\/"},"author":{"name":"super-news","@id":"https:\/\/super-news.info\/pt\/#\/schema\/person\/2d4068cb2f39cd10008c2fce578a7356"},"headline":"Alimentaria 2019 gerou um neg\u00f3cio potencial de 25 milh\u00f5es \u2013 O Jornal Econ\u00f3mico","datePublished":"2019-04-22T15:53:15+00:00","dateModified":"2019-04-22T15:53:16+00:00","mainEntityOfPage":{"@id":"https:\/\/super-news.info\/pt\/alimentaria-2019-gerou-um-negocio-potencial-de-25-milhoes-o-jornal-economico\/"},"wordCount":577,"commentCount":0,"image":{"@id":"https:\/\/super-news.info\/pt\/alimentaria-2019-gerou-um-negocio-potencial-de-25-milhoes-o-jornal-economico\/#primaryimage"},"thumbnailUrl":"https:\/\/super-news.info\/pt\/wp-content\/uploads\/sites\/2\/2019\/04\/Alimentaria-2019-gerou-um-neg\u00f3cio-potencial-de-25-milh\u00f5es-\u2013.jpg","articleSection":["NOT\u00cdCIAS FINANCEIRAS"],"inLanguage":"pt-PT","potentialAction":[{"@type":"CommentAction","name":"Comment","target":["https:\/\/super-news.info\/pt\/alimentaria-2019-gerou-um-negocio-potencial-de-25-milhoes-o-jornal-economico\/#respond"]}]},{"@type":"WebPage","@id":"https:\/\/super-news.info\/pt\/alimentaria-2019-gerou-um-negocio-potencial-de-25-milhoes-o-jornal-economico\/","url":"https:\/\/super-news.info\/pt\/alimentaria-2019-gerou-um-negocio-potencial-de-25-milhoes-o-jornal-economico\/","name":"Alimentaria 2019 gerou um neg\u00f3cio potencial de 25 milh\u00f5es \u2013 O Jornal Econ\u00f3mico - Super News","isPartOf":{"@id":"https:\/\/super-news.info\/pt\/#website"},"primaryImageOfPage":{"@id":"https:\/\/super-news.info\/pt\/alimentaria-2019-gerou-um-negocio-potencial-de-25-milhoes-o-jornal-economico\/#primaryimage"},"image":{"@id":"https:\/\/super-news.info\/pt\/alimentaria-2019-gerou-um-negocio-potencial-de-25-milhoes-o-jornal-economico\/#primaryimage"},"thumbnailUrl":"https:\/\/super-news.info\/pt\/wp-content\/uploads\/sites\/2\/2019\/04\/Alimentaria-2019-gerou-um-neg\u00f3cio-potencial-de-25-milh\u00f5es-\u2013.jpg","datePublished":"2019-04-22T15:53:15+00:00","dateModified":"2019-04-22T15:53:16+00:00","author":{"@id":"https:\/\/super-news.info\/pt\/#\/schema\/person\/2d4068cb2f39cd10008c2fce578a7356"},"breadcrumb":{"@id":"https:\/\/super-news.info\/pt\/alimentaria-2019-gerou-um-negocio-potencial-de-25-milhoes-o-jornal-economico\/#breadcrumb"},"inLanguage":"pt-PT","potentialAction":[{"@type":"ReadAction","target":["https:\/\/super-news.info\/pt\/alimentaria-2019-gerou-um-negocio-potencial-de-25-milhoes-o-jornal-economico\/"]}]},{"@type":"ImageObject","inLanguage":"pt-PT","@id":"https:\/\/super-news.info\/pt\/alimentaria-2019-gerou-um-negocio-potencial-de-25-milhoes-o-jornal-economico\/#primaryimage","url":"https:\/\/super-news.info\/pt\/wp-content\/uploads\/sites\/2\/2019\/04\/Alimentaria-2019-gerou-um-neg\u00f3cio-potencial-de-25-milh\u00f5es-\u2013.jpg","contentUrl":"https:\/\/super-news.info\/pt\/wp-content\/uploads\/sites\/2\/2019\/04\/Alimentaria-2019-gerou-um-neg\u00f3cio-potencial-de-25-milh\u00f5es-\u2013.jpg","width":960,"height":600,"caption":"Alimentaria 2019 gerou um neg\u00f3cio potencial de 25 milh\u00f5es \u2013 O Jornal Econ\u00f3mico"},{"@type":"BreadcrumbList","@id":"https:\/\/super-news.info\/pt\/alimentaria-2019-gerou-um-negocio-potencial-de-25-milhoes-o-jornal-economico\/#breadcrumb","itemListElement":[{"@type":"ListItem","position":1,"name":"\u0413\u043b\u0430\u0432\u043d\u0430\u044f \u0441\u0442\u0440\u0430\u043d\u0438\u0446\u0430","item":"https:\/\/super-news.info\/pt\/"},{"@type":"ListItem","position":2,"name":"Alimentaria 2019 gerou um neg\u00f3cio potencial de 25 milh\u00f5es \u2013 O Jornal Econ\u00f3mico"}]},{"@type":"WebSite","@id":"https:\/\/super-news.info\/pt\/#website","url":"https:\/\/super-news.info\/pt\/","name":"Super News","description":"Super News Portugal","potentialAction":[{"@type":"SearchAction","target":{"@type":"EntryPoint","urlTemplate":"https:\/\/super-news.info\/pt\/?s={search_term_string}"},"query-input":{"@type":"PropertyValueSpecification","valueRequired":true,"valueName":"search_term_string"}}],"inLanguage":"pt-PT"},{"@type":"Person","@id":"https:\/\/super-news.info\/pt\/#\/schema\/person\/2d4068cb2f39cd10008c2fce578a7356","name":"super-news","image":{"@type":"ImageObject","inLanguage":"pt-PT","@id":"https:\/\/secure.gravatar.com\/avatar\/64ebac40b93f26a154f8a9b5b6fdccfc46f442b26b3dd6756dbff3bf9dc76fd7?s=96&d=mm&r=g","url":"https:\/\/secure.gravatar.com\/avatar\/64ebac40b93f26a154f8a9b5b6fdccfc46f442b26b3dd6756dbff3bf9dc76fd7?s=96&d=mm&r=g","contentUrl":"https:\/\/secure.gravatar.com\/avatar\/64ebac40b93f26a154f8a9b5b6fdccfc46f442b26b3dd6756dbff3bf9dc76fd7?s=96&d=mm&r=g","caption":"super-news"},"url":"https:\/\/super-news.info\/pt\/author\/pt\/"}]}},"_links":{"self":[{"href":"https:\/\/super-news.info\/pt\/wp-json\/wp\/v2\/posts\/644","targetHints":{"allow":["GET"]}}],"collection":[{"href":"https:\/\/super-news.info\/pt\/wp-json\/wp\/v2\/posts"}],"about":[{"href":"https:\/\/super-news.info\/pt\/wp-json\/wp\/v2\/types\/post"}],"author":[{"embeddable":true,"href":"https:\/\/super-news.info\/pt\/wp-json\/wp\/v2\/users\/2"}],"replies":[{"embeddable":true,"href":"https:\/\/super-news.info\/pt\/wp-json\/wp\/v2\/comments?post=644"}],"version-history":[{"count":1,"href":"https:\/\/super-news.info\/pt\/wp-json\/wp\/v2\/posts\/644\/revisions"}],"predecessor-version":[{"id":646,"href":"https:\/\/super-news.info\/pt\/wp-json\/wp\/v2\/posts\/644\/revisions\/646"}],"wp:featuredmedia":[{"embeddable":true,"href":"https:\/\/super-news.info\/pt\/wp-json\/wp\/v2\/media\/645"}],"wp:attachment":[{"href":"https:\/\/super-news.info\/pt\/wp-json\/wp\/v2\/media?parent=644"}],"wp:term":[{"taxonomy":"category","embeddable":true,"href":"https:\/\/super-news.info\/pt\/wp-json\/wp\/v2\/categories?post=644"},{"taxonomy":"post_tag","embeddable":true,"href":"https:\/\/super-news.info\/pt\/wp-json\/wp\/v2\/tags?post=644"}],"curies":[{"name":"wp","href":"https:\/\/api.w.org\/{rel}","templated":true}]}}