{"id":626,"date":"2019-04-22T12:07:29","date_gmt":"2019-04-22T09:07:29","guid":{"rendered":"https:\/\/super-news.info\/pt\/governo-de-merkel-propoe-medida-protecionista-para-proteger-empresas-estrategicas-de-opa-estrangeiras-o-jornal-economico\/"},"modified":"2019-04-22T12:07:30","modified_gmt":"2019-04-22T09:07:30","slug":"governo-de-merkel-propoe-medida-protecionista-para-proteger-empresas-estrategicas-de-opa-estrangeiras-o-jornal-economico","status":"publish","type":"post","link":"https:\/\/super-news.info\/pt\/governo-de-merkel-propoe-medida-protecionista-para-proteger-empresas-estrategicas-de-opa-estrangeiras-o-jornal-economico\/","title":{"rendered":"Governo de Merkel prop\u00f5e medida protecionista para proteger empresas estrat\u00e9gicas de OPA estrangeiras \u2013 O Jornal Econ\u00f3mico"},"content":{"rendered":"<p> [ad_1]<br \/>\n<\/p>\n<div>\n<p>O governo alem\u00e3o\u00a0quer criar\u00a0um fundo de investimento do Estado cujo objetivo principal ser\u00e1 o de intervir junto de empresas germ\u00e2nicas para impedir investimentos ou aquisi\u00e7\u00f5es por parte de entidades\u00a0estrangeiras sobre empresas alem\u00e3s consideradas estrat\u00e9gicas.<\/p>\n<p>A proposta partiu do ministro da Economia alem\u00e3o, Peter Altmaier, e, de acordo com o Financial Times, corresponde a uma corrente protecionista de Berlim face \u00e0s cada vez mais frequentes ofertas p\u00fablicas de aquisi\u00e7\u00e3o (OPA) lan\u00e7adas por empresas estrangeiras sobre empresas estatais de pa\u00edses da Uni\u00e3o Europeia, sobretudo por parte de entidades chinesas.<\/p>\n<p>Outro motivo que justifica a proposta de Peter Altmaier \u00e9 que a Alemanha, o conhecido \u201cmotor da Europa\u201d, pois det\u00e9m grandes empresas industrias e de produ\u00e7\u00e3o em massa em v\u00e1rios setores de atividade, quer ser capaz de competir com os gigantes tecnol\u00f3gicos dos Estados Unidos e de pa\u00edses asi\u00e1ticos. Por isso, Berlim delineou uma nova estrat\u00e9gia industrial que visa, sobretudo criar, desenvolver e proteger\u00a0 empresas germ\u00e2nicas em setores estrat\u00e9gicos para aumentar a competitividade alem\u00e3. Fundamentalmente, o governante alem\u00e3o quer dar mais poder ao Estado germ\u00e2nico para intervir e bloquear em poss\u00edveis OPA.<\/p>\n<p>Mas a proposta de Altmaier j\u00e1 provocou criticas, com alguns membros do pr\u00f3prio partido, a CDU, a acusar o ministro da Economia de esquecer os princ\u00edpios do mercado livre. Tamb\u00e9m os patr\u00f5es criticaram o plano que prev\u00ea mais interfer\u00eancia do Estado na economia.<\/p>\n<p>Na origem desta proposta estar\u00e1 a venda da empresa de rob\u00f3tica alem\u00e3 Kuka \u00e0 fabricante de eletrodom\u00e9sticos chinesa Midea, em 2016, que suscitou criticas quanto \u00e0 possibilidade de o <em>know-how<\/em> de tecnologia industrial\u00a0alem\u00e3o acabar nas m\u00e3os de empresas chinesas.<\/p>\n<p>As d\u00favidas da Alemanha sobre sobre as inten\u00e7\u00f5es das empresas chinesas em lan\u00e7ar OPA sobre\u00a0empresas estrangeiras cresceram desde que o presidente chin\u00eas Xi Jinping apresentou o plano \u201cMade in China 2025\u201d, destinado a transformar a China\u00a0numa das principais pot\u00eancias tecnol\u00f3gicas do mundo.<\/p>\n<p>Em Portugal, no plano tecnol\u00f3gico, a vontade das empresas chinesas em expandir as suas atividades a outros pa\u00edses reflete-se no acordo que existe entre a Huawei e a empresa de telecomunica\u00e7\u00f5es Altice Portugal.\u00a0Em dezembro de 2018, durante a visita a Lisboa do Presidente chin\u00eas Xi Jinping, foi assinado entre a Altice e a empresa chinesa um acordo para o desenvolvimento da pr\u00f3xima gera\u00e7\u00e3o da rede m\u00f3vel, o 5G, no mercado portugu\u00eas.<\/p>\n<p>Mas nem s\u00f3 de parcerias se faz esta rela\u00e7\u00e3o luso-chinesa. No setor energ\u00e9tico, a portuguesa EDP enfrenta uma OPA lan\u00e7ada pela China Three Gorges, que \u00e9 uma empresa do Estado chin\u00eas. Atualmente, a OPA atravessa um momento em que poder\u00e1 perder condi\u00e7\u00f5es de vingar, uma vez que a Comiss\u00e3o do Mercado de Valores Mobili\u00e1rios (CMVM) comunicou \u00e0 EDP, a 12 de abril, que a\u00a0OPA da China Three Gorges cair\u00e1 na assembleia geral da EDP, de dia 24 de abril, se a desblindagem de estatutos, que foi\u00a0proposta\u00a0pelo fundo norte-americano Elliott for chumbada.<\/p>\n<p>Tal como o Jornal Econ\u00f3mico avan\u00e7ou\u00a0na sua edi\u00e7\u00e3o impressa, tamb\u00e9m a 12 de abril, a CMVM veio clarificar o seu entendimento que a decis\u00e3o\u00a0 que for tomada na pr\u00f3xima AG sobre a blindagem dos direitos de voto a 25% conta para efeitos do preenchimento da condi\u00e7\u00e3o de lan\u00e7amento da OPA.<\/p>\n<\/div>\n<p><script>\/*<![CDATA[*\/function facebookInit(){var js=document.createElement('script');js.src='https:\/\/connect.facebook.net\/pt_PT\/sdk.js#xfbml=1&#038;version=v3.1&#038;appId=1708066812789184&#038;autoLogAppEvents=1';return document.body.appendChild(js);}\nwindow.onscroll=function(){var rect=document.getElementsByClassName('je-post-content')[0].getBoundingClientRect();if(rect.bottom<window.innerHeight){facebookInit();window.onscroll=null;}}\/*]]>*\/<\/script><br \/>\n<br \/>[ad_2]<br \/>\n<br \/><a href=\"https:\/\/jornaleconomico.sapo.pt\/noticias\/governo-de-merkel-propoe-medida-protecionista-para-proteger-empresas-estrategicas-de-opa-estrangeiras-436115\">Source link <\/a><\/p>\n","protected":false},"excerpt":{"rendered":"<p>[ad_1] O governo alem\u00e3o\u00a0quer criar\u00a0um fundo de investimento do Estado cujo objetivo principal ser\u00e1 o de intervir junto de empresas germ\u00e2nicas para impedir investimentos ou aquisi\u00e7\u00f5es por parte de entidades\u00a0estrangeiras sobre empresas alem\u00e3s consideradas estrat\u00e9gicas. A proposta partiu do ministro da Economia alem\u00e3o, Peter Altmaier, e, de acordo com o Financial Times, corresponde a uma [&hellip;]<\/p>\n","protected":false},"author":2,"featured_media":627,"comment_status":"open","ping_status":"open","sticky":false,"template":"","format":"standard","meta":{"footnotes":""},"categories":[1],"tags":[],"class_list":["post-626","post","type-post","status-publish","format-standard","has-post-thumbnail","hentry","category-noticias-financeiras"],"yoast_head":"<!-- This site is optimized with the Yoast SEO plugin v27.4 - https:\/\/yoast.com\/product\/yoast-seo-wordpress\/ -->\n<title>Governo de Merkel prop\u00f5e medida protecionista para proteger empresas estrat\u00e9gicas de OPA estrangeiras \u2013 O Jornal Econ\u00f3mico - Super News<\/title>\n<meta name=\"robots\" content=\"index, follow, max-snippet:-1, max-image-preview:large, max-video-preview:-1\" \/>\n<link rel=\"canonical\" href=\"https:\/\/super-news.info\/pt\/governo-de-merkel-propoe-medida-protecionista-para-proteger-empresas-estrategicas-de-opa-estrangeiras-o-jornal-economico\/\" \/>\n<meta property=\"og:locale\" content=\"pt_PT\" \/>\n<meta property=\"og:type\" content=\"article\" \/>\n<meta property=\"og:title\" content=\"Governo de Merkel prop\u00f5e medida protecionista para proteger empresas estrat\u00e9gicas de OPA estrangeiras \u2013 O Jornal Econ\u00f3mico - Super News\" \/>\n<meta property=\"og:description\" content=\"[ad_1] O governo alem\u00e3o\u00a0quer criar\u00a0um fundo de investimento do Estado cujo objetivo principal ser\u00e1 o de intervir junto de empresas germ\u00e2nicas para impedir investimentos ou aquisi\u00e7\u00f5es por parte de entidades\u00a0estrangeiras sobre empresas alem\u00e3s consideradas estrat\u00e9gicas. A proposta partiu do ministro da Economia alem\u00e3o, Peter Altmaier, e, de acordo com o Financial Times, corresponde a uma [&hellip;]\" \/>\n<meta property=\"og:url\" content=\"https:\/\/super-news.info\/pt\/governo-de-merkel-propoe-medida-protecionista-para-proteger-empresas-estrategicas-de-opa-estrangeiras-o-jornal-economico\/\" \/>\n<meta property=\"og:site_name\" content=\"Super News\" \/>\n<meta property=\"article:published_time\" content=\"2019-04-22T09:07:29+00:00\" \/>\n<meta property=\"article:modified_time\" content=\"2019-04-22T09:07:30+00:00\" \/>\n<meta property=\"og:image\" content=\"https:\/\/super-news.info\/pt\/wp-content\/uploads\/sites\/2\/2019\/04\/Governo-de-Merkel-prop\u00f5e-medida-protecionista-para-proteger-empresas-estrat\u00e9gicas.jpg\" \/>\n\t<meta property=\"og:image:width\" content=\"960\" \/>\n\t<meta property=\"og:image:height\" content=\"600\" \/>\n\t<meta property=\"og:image:type\" content=\"image\/jpeg\" \/>\n<meta name=\"author\" content=\"super-news\" \/>\n<meta name=\"twitter:card\" content=\"summary_large_image\" \/>\n<meta name=\"twitter:label1\" content=\"Escrito por\" \/>\n\t<meta name=\"twitter:data1\" content=\"super-news\" \/>\n\t<meta name=\"twitter:label2\" content=\"Tempo estimado de leitura\" \/>\n\t<meta name=\"twitter:data2\" content=\"3 minutos\" \/>\n<script type=\"application\/ld+json\" class=\"yoast-schema-graph\">{\"@context\":\"https:\\\/\\\/schema.org\",\"@graph\":[{\"@type\":\"Article\",\"@id\":\"https:\\\/\\\/super-news.info\\\/pt\\\/governo-de-merkel-propoe-medida-protecionista-para-proteger-empresas-estrategicas-de-opa-estrangeiras-o-jornal-economico\\\/#article\",\"isPartOf\":{\"@id\":\"https:\\\/\\\/super-news.info\\\/pt\\\/governo-de-merkel-propoe-medida-protecionista-para-proteger-empresas-estrategicas-de-opa-estrangeiras-o-jornal-economico\\\/\"},\"author\":{\"name\":\"super-news\",\"@id\":\"https:\\\/\\\/super-news.info\\\/pt\\\/#\\\/schema\\\/person\\\/2d4068cb2f39cd10008c2fce578a7356\"},\"headline\":\"Governo de Merkel prop\u00f5e medida protecionista para proteger empresas estrat\u00e9gicas de OPA estrangeiras \u2013 O Jornal Econ\u00f3mico\",\"datePublished\":\"2019-04-22T09:07:29+00:00\",\"dateModified\":\"2019-04-22T09:07:30+00:00\",\"mainEntityOfPage\":{\"@id\":\"https:\\\/\\\/super-news.info\\\/pt\\\/governo-de-merkel-propoe-medida-protecionista-para-proteger-empresas-estrategicas-de-opa-estrangeiras-o-jornal-economico\\\/\"},\"wordCount\":598,\"commentCount\":0,\"image\":{\"@id\":\"https:\\\/\\\/super-news.info\\\/pt\\\/governo-de-merkel-propoe-medida-protecionista-para-proteger-empresas-estrategicas-de-opa-estrangeiras-o-jornal-economico\\\/#primaryimage\"},\"thumbnailUrl\":\"https:\\\/\\\/super-news.info\\\/pt\\\/wp-content\\\/uploads\\\/sites\\\/2\\\/2019\\\/04\\\/Governo-de-Merkel-prop\u00f5e-medida-protecionista-para-proteger-empresas-estrat\u00e9gicas.jpg\",\"articleSection\":[\"NOT\u00cdCIAS FINANCEIRAS\"],\"inLanguage\":\"pt-PT\",\"potentialAction\":[{\"@type\":\"CommentAction\",\"name\":\"Comment\",\"target\":[\"https:\\\/\\\/super-news.info\\\/pt\\\/governo-de-merkel-propoe-medida-protecionista-para-proteger-empresas-estrategicas-de-opa-estrangeiras-o-jornal-economico\\\/#respond\"]}]},{\"@type\":\"WebPage\",\"@id\":\"https:\\\/\\\/super-news.info\\\/pt\\\/governo-de-merkel-propoe-medida-protecionista-para-proteger-empresas-estrategicas-de-opa-estrangeiras-o-jornal-economico\\\/\",\"url\":\"https:\\\/\\\/super-news.info\\\/pt\\\/governo-de-merkel-propoe-medida-protecionista-para-proteger-empresas-estrategicas-de-opa-estrangeiras-o-jornal-economico\\\/\",\"name\":\"Governo de Merkel prop\u00f5e medida protecionista para proteger empresas estrat\u00e9gicas de OPA estrangeiras \u2013 O Jornal Econ\u00f3mico - Super News\",\"isPartOf\":{\"@id\":\"https:\\\/\\\/super-news.info\\\/pt\\\/#website\"},\"primaryImageOfPage\":{\"@id\":\"https:\\\/\\\/super-news.info\\\/pt\\\/governo-de-merkel-propoe-medida-protecionista-para-proteger-empresas-estrategicas-de-opa-estrangeiras-o-jornal-economico\\\/#primaryimage\"},\"image\":{\"@id\":\"https:\\\/\\\/super-news.info\\\/pt\\\/governo-de-merkel-propoe-medida-protecionista-para-proteger-empresas-estrategicas-de-opa-estrangeiras-o-jornal-economico\\\/#primaryimage\"},\"thumbnailUrl\":\"https:\\\/\\\/super-news.info\\\/pt\\\/wp-content\\\/uploads\\\/sites\\\/2\\\/2019\\\/04\\\/Governo-de-Merkel-prop\u00f5e-medida-protecionista-para-proteger-empresas-estrat\u00e9gicas.jpg\",\"datePublished\":\"2019-04-22T09:07:29+00:00\",\"dateModified\":\"2019-04-22T09:07:30+00:00\",\"author\":{\"@id\":\"https:\\\/\\\/super-news.info\\\/pt\\\/#\\\/schema\\\/person\\\/2d4068cb2f39cd10008c2fce578a7356\"},\"breadcrumb\":{\"@id\":\"https:\\\/\\\/super-news.info\\\/pt\\\/governo-de-merkel-propoe-medida-protecionista-para-proteger-empresas-estrategicas-de-opa-estrangeiras-o-jornal-economico\\\/#breadcrumb\"},\"inLanguage\":\"pt-PT\",\"potentialAction\":[{\"@type\":\"ReadAction\",\"target\":[\"https:\\\/\\\/super-news.info\\\/pt\\\/governo-de-merkel-propoe-medida-protecionista-para-proteger-empresas-estrategicas-de-opa-estrangeiras-o-jornal-economico\\\/\"]}]},{\"@type\":\"ImageObject\",\"inLanguage\":\"pt-PT\",\"@id\":\"https:\\\/\\\/super-news.info\\\/pt\\\/governo-de-merkel-propoe-medida-protecionista-para-proteger-empresas-estrategicas-de-opa-estrangeiras-o-jornal-economico\\\/#primaryimage\",\"url\":\"https:\\\/\\\/super-news.info\\\/pt\\\/wp-content\\\/uploads\\\/sites\\\/2\\\/2019\\\/04\\\/Governo-de-Merkel-prop\u00f5e-medida-protecionista-para-proteger-empresas-estrat\u00e9gicas.jpg\",\"contentUrl\":\"https:\\\/\\\/super-news.info\\\/pt\\\/wp-content\\\/uploads\\\/sites\\\/2\\\/2019\\\/04\\\/Governo-de-Merkel-prop\u00f5e-medida-protecionista-para-proteger-empresas-estrat\u00e9gicas.jpg\",\"width\":960,\"height\":600,\"caption\":\"Governo de Merkel prop\u00f5e medida protecionista para proteger empresas estrat\u00e9gicas de OPA estrangeiras \u2013 O Jornal Econ\u00f3mico\"},{\"@type\":\"BreadcrumbList\",\"@id\":\"https:\\\/\\\/super-news.info\\\/pt\\\/governo-de-merkel-propoe-medida-protecionista-para-proteger-empresas-estrategicas-de-opa-estrangeiras-o-jornal-economico\\\/#breadcrumb\",\"itemListElement\":[{\"@type\":\"ListItem\",\"position\":1,\"name\":\"\u0413\u043b\u0430\u0432\u043d\u0430\u044f \u0441\u0442\u0440\u0430\u043d\u0438\u0446\u0430\",\"item\":\"https:\\\/\\\/super-news.info\\\/pt\\\/\"},{\"@type\":\"ListItem\",\"position\":2,\"name\":\"Governo de Merkel prop\u00f5e medida protecionista para proteger empresas estrat\u00e9gicas de OPA estrangeiras \u2013 O Jornal Econ\u00f3mico\"}]},{\"@type\":\"WebSite\",\"@id\":\"https:\\\/\\\/super-news.info\\\/pt\\\/#website\",\"url\":\"https:\\\/\\\/super-news.info\\\/pt\\\/\",\"name\":\"Super News\",\"description\":\"Super News Portugal\",\"potentialAction\":[{\"@type\":\"SearchAction\",\"target\":{\"@type\":\"EntryPoint\",\"urlTemplate\":\"https:\\\/\\\/super-news.info\\\/pt\\\/?s={search_term_string}\"},\"query-input\":{\"@type\":\"PropertyValueSpecification\",\"valueRequired\":true,\"valueName\":\"search_term_string\"}}],\"inLanguage\":\"pt-PT\"},{\"@type\":\"Person\",\"@id\":\"https:\\\/\\\/super-news.info\\\/pt\\\/#\\\/schema\\\/person\\\/2d4068cb2f39cd10008c2fce578a7356\",\"name\":\"super-news\",\"image\":{\"@type\":\"ImageObject\",\"inLanguage\":\"pt-PT\",\"@id\":\"https:\\\/\\\/secure.gravatar.com\\\/avatar\\\/64ebac40b93f26a154f8a9b5b6fdccfc46f442b26b3dd6756dbff3bf9dc76fd7?s=96&d=mm&r=g\",\"url\":\"https:\\\/\\\/secure.gravatar.com\\\/avatar\\\/64ebac40b93f26a154f8a9b5b6fdccfc46f442b26b3dd6756dbff3bf9dc76fd7?s=96&d=mm&r=g\",\"contentUrl\":\"https:\\\/\\\/secure.gravatar.com\\\/avatar\\\/64ebac40b93f26a154f8a9b5b6fdccfc46f442b26b3dd6756dbff3bf9dc76fd7?s=96&d=mm&r=g\",\"caption\":\"super-news\"},\"url\":\"https:\\\/\\\/super-news.info\\\/pt\\\/author\\\/pt\\\/\"}]}<\/script>\n<!-- \/ Yoast SEO plugin. -->","yoast_head_json":{"title":"Governo de Merkel prop\u00f5e medida protecionista para proteger empresas estrat\u00e9gicas de OPA estrangeiras \u2013 O Jornal Econ\u00f3mico - Super News","robots":{"index":"index","follow":"follow","max-snippet":"max-snippet:-1","max-image-preview":"max-image-preview:large","max-video-preview":"max-video-preview:-1"},"canonical":"https:\/\/super-news.info\/pt\/governo-de-merkel-propoe-medida-protecionista-para-proteger-empresas-estrategicas-de-opa-estrangeiras-o-jornal-economico\/","og_locale":"pt_PT","og_type":"article","og_title":"Governo de Merkel prop\u00f5e medida protecionista para proteger empresas estrat\u00e9gicas de OPA estrangeiras \u2013 O Jornal Econ\u00f3mico - Super News","og_description":"[ad_1] O governo alem\u00e3o\u00a0quer criar\u00a0um fundo de investimento do Estado cujo objetivo principal ser\u00e1 o de intervir junto de empresas germ\u00e2nicas para impedir investimentos ou aquisi\u00e7\u00f5es por parte de entidades\u00a0estrangeiras sobre empresas alem\u00e3s consideradas estrat\u00e9gicas. A proposta partiu do ministro da Economia alem\u00e3o, Peter Altmaier, e, de acordo com o Financial Times, corresponde a uma [&hellip;]","og_url":"https:\/\/super-news.info\/pt\/governo-de-merkel-propoe-medida-protecionista-para-proteger-empresas-estrategicas-de-opa-estrangeiras-o-jornal-economico\/","og_site_name":"Super News","article_published_time":"2019-04-22T09:07:29+00:00","article_modified_time":"2019-04-22T09:07:30+00:00","og_image":[{"width":960,"height":600,"url":"https:\/\/super-news.info\/pt\/wp-content\/uploads\/sites\/2\/2019\/04\/Governo-de-Merkel-prop\u00f5e-medida-protecionista-para-proteger-empresas-estrat\u00e9gicas.jpg","type":"image\/jpeg"}],"author":"super-news","twitter_card":"summary_large_image","twitter_misc":{"Escrito por":"super-news","Tempo estimado de leitura":"3 minutos"},"schema":{"@context":"https:\/\/schema.org","@graph":[{"@type":"Article","@id":"https:\/\/super-news.info\/pt\/governo-de-merkel-propoe-medida-protecionista-para-proteger-empresas-estrategicas-de-opa-estrangeiras-o-jornal-economico\/#article","isPartOf":{"@id":"https:\/\/super-news.info\/pt\/governo-de-merkel-propoe-medida-protecionista-para-proteger-empresas-estrategicas-de-opa-estrangeiras-o-jornal-economico\/"},"author":{"name":"super-news","@id":"https:\/\/super-news.info\/pt\/#\/schema\/person\/2d4068cb2f39cd10008c2fce578a7356"},"headline":"Governo de Merkel prop\u00f5e medida protecionista para proteger empresas estrat\u00e9gicas de OPA estrangeiras \u2013 O Jornal Econ\u00f3mico","datePublished":"2019-04-22T09:07:29+00:00","dateModified":"2019-04-22T09:07:30+00:00","mainEntityOfPage":{"@id":"https:\/\/super-news.info\/pt\/governo-de-merkel-propoe-medida-protecionista-para-proteger-empresas-estrategicas-de-opa-estrangeiras-o-jornal-economico\/"},"wordCount":598,"commentCount":0,"image":{"@id":"https:\/\/super-news.info\/pt\/governo-de-merkel-propoe-medida-protecionista-para-proteger-empresas-estrategicas-de-opa-estrangeiras-o-jornal-economico\/#primaryimage"},"thumbnailUrl":"https:\/\/super-news.info\/pt\/wp-content\/uploads\/sites\/2\/2019\/04\/Governo-de-Merkel-prop\u00f5e-medida-protecionista-para-proteger-empresas-estrat\u00e9gicas.jpg","articleSection":["NOT\u00cdCIAS FINANCEIRAS"],"inLanguage":"pt-PT","potentialAction":[{"@type":"CommentAction","name":"Comment","target":["https:\/\/super-news.info\/pt\/governo-de-merkel-propoe-medida-protecionista-para-proteger-empresas-estrategicas-de-opa-estrangeiras-o-jornal-economico\/#respond"]}]},{"@type":"WebPage","@id":"https:\/\/super-news.info\/pt\/governo-de-merkel-propoe-medida-protecionista-para-proteger-empresas-estrategicas-de-opa-estrangeiras-o-jornal-economico\/","url":"https:\/\/super-news.info\/pt\/governo-de-merkel-propoe-medida-protecionista-para-proteger-empresas-estrategicas-de-opa-estrangeiras-o-jornal-economico\/","name":"Governo de Merkel prop\u00f5e medida protecionista para proteger empresas estrat\u00e9gicas de OPA estrangeiras \u2013 O Jornal Econ\u00f3mico - Super News","isPartOf":{"@id":"https:\/\/super-news.info\/pt\/#website"},"primaryImageOfPage":{"@id":"https:\/\/super-news.info\/pt\/governo-de-merkel-propoe-medida-protecionista-para-proteger-empresas-estrategicas-de-opa-estrangeiras-o-jornal-economico\/#primaryimage"},"image":{"@id":"https:\/\/super-news.info\/pt\/governo-de-merkel-propoe-medida-protecionista-para-proteger-empresas-estrategicas-de-opa-estrangeiras-o-jornal-economico\/#primaryimage"},"thumbnailUrl":"https:\/\/super-news.info\/pt\/wp-content\/uploads\/sites\/2\/2019\/04\/Governo-de-Merkel-prop\u00f5e-medida-protecionista-para-proteger-empresas-estrat\u00e9gicas.jpg","datePublished":"2019-04-22T09:07:29+00:00","dateModified":"2019-04-22T09:07:30+00:00","author":{"@id":"https:\/\/super-news.info\/pt\/#\/schema\/person\/2d4068cb2f39cd10008c2fce578a7356"},"breadcrumb":{"@id":"https:\/\/super-news.info\/pt\/governo-de-merkel-propoe-medida-protecionista-para-proteger-empresas-estrategicas-de-opa-estrangeiras-o-jornal-economico\/#breadcrumb"},"inLanguage":"pt-PT","potentialAction":[{"@type":"ReadAction","target":["https:\/\/super-news.info\/pt\/governo-de-merkel-propoe-medida-protecionista-para-proteger-empresas-estrategicas-de-opa-estrangeiras-o-jornal-economico\/"]}]},{"@type":"ImageObject","inLanguage":"pt-PT","@id":"https:\/\/super-news.info\/pt\/governo-de-merkel-propoe-medida-protecionista-para-proteger-empresas-estrategicas-de-opa-estrangeiras-o-jornal-economico\/#primaryimage","url":"https:\/\/super-news.info\/pt\/wp-content\/uploads\/sites\/2\/2019\/04\/Governo-de-Merkel-prop\u00f5e-medida-protecionista-para-proteger-empresas-estrat\u00e9gicas.jpg","contentUrl":"https:\/\/super-news.info\/pt\/wp-content\/uploads\/sites\/2\/2019\/04\/Governo-de-Merkel-prop\u00f5e-medida-protecionista-para-proteger-empresas-estrat\u00e9gicas.jpg","width":960,"height":600,"caption":"Governo de Merkel prop\u00f5e medida protecionista para proteger empresas estrat\u00e9gicas de OPA estrangeiras \u2013 O Jornal Econ\u00f3mico"},{"@type":"BreadcrumbList","@id":"https:\/\/super-news.info\/pt\/governo-de-merkel-propoe-medida-protecionista-para-proteger-empresas-estrategicas-de-opa-estrangeiras-o-jornal-economico\/#breadcrumb","itemListElement":[{"@type":"ListItem","position":1,"name":"\u0413\u043b\u0430\u0432\u043d\u0430\u044f \u0441\u0442\u0440\u0430\u043d\u0438\u0446\u0430","item":"https:\/\/super-news.info\/pt\/"},{"@type":"ListItem","position":2,"name":"Governo de Merkel prop\u00f5e medida protecionista para proteger empresas estrat\u00e9gicas de OPA estrangeiras \u2013 O Jornal Econ\u00f3mico"}]},{"@type":"WebSite","@id":"https:\/\/super-news.info\/pt\/#website","url":"https:\/\/super-news.info\/pt\/","name":"Super News","description":"Super News Portugal","potentialAction":[{"@type":"SearchAction","target":{"@type":"EntryPoint","urlTemplate":"https:\/\/super-news.info\/pt\/?s={search_term_string}"},"query-input":{"@type":"PropertyValueSpecification","valueRequired":true,"valueName":"search_term_string"}}],"inLanguage":"pt-PT"},{"@type":"Person","@id":"https:\/\/super-news.info\/pt\/#\/schema\/person\/2d4068cb2f39cd10008c2fce578a7356","name":"super-news","image":{"@type":"ImageObject","inLanguage":"pt-PT","@id":"https:\/\/secure.gravatar.com\/avatar\/64ebac40b93f26a154f8a9b5b6fdccfc46f442b26b3dd6756dbff3bf9dc76fd7?s=96&d=mm&r=g","url":"https:\/\/secure.gravatar.com\/avatar\/64ebac40b93f26a154f8a9b5b6fdccfc46f442b26b3dd6756dbff3bf9dc76fd7?s=96&d=mm&r=g","contentUrl":"https:\/\/secure.gravatar.com\/avatar\/64ebac40b93f26a154f8a9b5b6fdccfc46f442b26b3dd6756dbff3bf9dc76fd7?s=96&d=mm&r=g","caption":"super-news"},"url":"https:\/\/super-news.info\/pt\/author\/pt\/"}]}},"_links":{"self":[{"href":"https:\/\/super-news.info\/pt\/wp-json\/wp\/v2\/posts\/626","targetHints":{"allow":["GET"]}}],"collection":[{"href":"https:\/\/super-news.info\/pt\/wp-json\/wp\/v2\/posts"}],"about":[{"href":"https:\/\/super-news.info\/pt\/wp-json\/wp\/v2\/types\/post"}],"author":[{"embeddable":true,"href":"https:\/\/super-news.info\/pt\/wp-json\/wp\/v2\/users\/2"}],"replies":[{"embeddable":true,"href":"https:\/\/super-news.info\/pt\/wp-json\/wp\/v2\/comments?post=626"}],"version-history":[{"count":1,"href":"https:\/\/super-news.info\/pt\/wp-json\/wp\/v2\/posts\/626\/revisions"}],"predecessor-version":[{"id":628,"href":"https:\/\/super-news.info\/pt\/wp-json\/wp\/v2\/posts\/626\/revisions\/628"}],"wp:featuredmedia":[{"embeddable":true,"href":"https:\/\/super-news.info\/pt\/wp-json\/wp\/v2\/media\/627"}],"wp:attachment":[{"href":"https:\/\/super-news.info\/pt\/wp-json\/wp\/v2\/media?parent=626"}],"wp:term":[{"taxonomy":"category","embeddable":true,"href":"https:\/\/super-news.info\/pt\/wp-json\/wp\/v2\/categories?post=626"},{"taxonomy":"post_tag","embeddable":true,"href":"https:\/\/super-news.info\/pt\/wp-json\/wp\/v2\/tags?post=626"}],"curies":[{"name":"wp","href":"https:\/\/api.w.org\/{rel}","templated":true}]}}