{"id":623,"date":"2019-04-22T10:39:51","date_gmt":"2019-04-22T07:39:51","guid":{"rendered":"https:\/\/super-news.info\/pt\/menos-npl-so-com-uma-lei-que-teima-em-nao-mudar-o-jornal-economico\/"},"modified":"2019-04-22T10:39:53","modified_gmt":"2019-04-22T07:39:53","slug":"menos-npl-so-com-uma-lei-que-teima-em-nao-mudar-o-jornal-economico","status":"publish","type":"post","link":"https:\/\/super-news.info\/pt\/menos-npl-so-com-uma-lei-que-teima-em-nao-mudar-o-jornal-economico\/","title":{"rendered":"Menos NPL s\u00f3 com uma lei que teima em n\u00e3o mudar \u2013 O Jornal Econ\u00f3mico"},"content":{"rendered":"<p> [ad_1]<br \/>\n<\/p>\n<div>\n<p>O Banco de Portugal, na publica\u00e7\u00e3o \u201cDesenvolvimentos recentes do sistema banc\u00e1rio\u201d, divulgou os \u00faltimos dados sobre o sector. E a radiografia ao cr\u00e9dito malparado portugu\u00eas evidencia que dois ter\u00e7os do NPL teve origem no cr\u00e9dito \u00e0s empresas, segundo a DBRS.<\/p>\n<p>Ter\u00e1 sido assim t\u00e3o dif\u00edcil garantir a satisfa\u00e7\u00e3o dos cr\u00e9ditos? E a pergunta n\u00e3o se reporta s\u00f3 ao cen\u00e1rio de tempestade e crise em que tudo come\u00e7ou a correr mal, mas tamb\u00e9m aos momentos de primavera em flor em que os empr\u00e9stimos foram concedidos \u00e0s empresas.<\/p>\n<p>Os financiamentos eram aprovados sem garantias bastantes ou o que est\u00e1 na lei \u00e9 letra morta ou desconhecida?<\/p>\n<p>Habitualmente os bancos exigem garantias reais \u00e0s empresas financiadas e garantias pessoais aos seus s\u00f3cios ou gerentes. As regras da experi\u00eancia comum assim o dizem. Aos empr\u00e9stimos propriamente ditos, sabemos todos como se somam hipotecas sobre os im\u00f3veis da empresa (quando existem) e fian\u00e7as, avales, letras e livran\u00e7as dos empres\u00e1rios e respectivos c\u00f4njuges.<\/p>\n<p>Mesmo admitindo que a maior parte das empresas n\u00e3o tivesse patrim\u00f3nio imobili\u00e1rio para dar em garantia ou que com a crise o valor desses bens n\u00e3o tenha sido suficiente para realizar o montante dos cr\u00e9ditos incumpridos, ainda restavam as garantias pessoais para executar.<\/p>\n<p>O que aconteceu? O patrim\u00f3nio pessoal dos empres\u00e1rios n\u00e3o foi suficiente? Porqu\u00ea? Desvalorizou subitamente ou j\u00e1 n\u00e3o havia patrim\u00f3nio pessoal quando os bancos quiseram executar? Porqu\u00ea? Foi dissipado ou os empres\u00e1rios j\u00e1 n\u00e3o tinham bens em seu nome quando prestaram as garantais pessoais (ou pouco tempo depois) e os bancos n\u00e3o tiveram o cuidado de verificar? Seria interessante e importante fazer este levantamento.<\/p>\n<p>N\u00e3o cremos que os bancos tenham sido t\u00e3o incautos que n\u00e3o tenham solicitado garantias pessoais em dois ter\u00e7os dos cr\u00e9ditos concedidos \u00e0s empresas e tamb\u00e9m n\u00e3o acreditamos que as garantias pessoais tenham sido prestadas sem os bancos se certificarem que os empres\u00e1rios tinham patrim\u00f3nio.<\/p>\n<p>Nesta equa\u00e7\u00e3o, algo nos diz que ter\u00e1 falhado o acompanhamento da varia\u00e7\u00e3o patrimonial. Isto \u00e9, talvez houvesse bens quando os empres\u00e1rios prestaram garantias pessoais, mas entretanto mudaram de dono sem que os bancos dessem conta e quando se aperceberam j\u00e1 tinham decorrido os cinco anos para a impugna\u00e7\u00e3o pauliana e anula\u00e7\u00e3o dos actos de disposi\u00e7\u00e3o patrimonial.<\/p>\n<p>E quanto a todos os demais mecanismos de conserva\u00e7\u00e3o da garantia patrimonial que a lei faculta a qualquer credor? Ter\u00e1 faltado coragem ou conhecimento da lei para lan\u00e7ar m\u00e3o deles? \u00c9 que h\u00e1 div\u00f3rcios que s\u00f3 o s\u00e3o no papel e pedem coragem aos credores para os atacar como neg\u00f3cio simulado e h\u00e1 transmiss\u00f5es e desvaloriza\u00e7\u00e3o de bens que exigem conhecimentos legais para agir em tempo e exigir o refor\u00e7o de garantias que a lei prev\u00ea.<\/p>\n<p>H\u00e1 muitos instrumentos para a satisfa\u00e7\u00e3o do direito de cr\u00e9dito previstos desde sempre no C\u00f3digo Civil e sempre \u00e0 disposi\u00e7\u00e3o de qualquer credor. N\u00e3o s\u00e3o ferramentas velhas e in\u00fateis, s\u00e3o parte do segredo para menos NPL.<\/p>\n<p>Sem preju\u00edzo, cremos que um futuro com muito menos NPL s\u00f3 vir\u00e1 quando o legislador comunit\u00e1rio impuser a execu\u00e7\u00e3o extrajudicial de todo o tipo de garantias ou quando o legislador nacional tiver a coragem de mudar a lei, prevendo que as vendas judiciais de im\u00f3veis sejam feitas por conservadores de registo predial \u2013 fazendo uso de uma autoriza\u00e7\u00e3o legislativa de 2002 \u2013 e permitindo que por acordo com o devedor, em caso de incumprimento, o credor possa fazer seu o bem ou direito dado em garantia (com a obriga\u00e7\u00e3o legal de devolu\u00e7\u00e3o do eventual excesso de valor da garantia em rela\u00e7\u00e3o ao montante da d\u00edvida n\u00e3o paga).<\/p>\n<p>Coragem ou directiva comunit\u00e1ria? Eis a quest\u00e3o!<\/p>\n<p><em>A autora escreve de acordo com a antiga ortografia.<\/em><\/p>\n<\/div>\n<p><script>\/*<![CDATA[*\/function facebookInit(){var js=document.createElement('script');js.src='https:\/\/connect.facebook.net\/pt_PT\/sdk.js#xfbml=1&#038;version=v3.1&#038;appId=1708066812789184&#038;autoLogAppEvents=1';return document.body.appendChild(js);}\nwindow.onscroll=function(){var rect=document.getElementsByClassName('je-post-content')[0].getBoundingClientRect();if(rect.bottom<window.innerHeight){facebookInit();window.onscroll=null;}}\/*]]>*\/<\/script><br \/>\n<br \/>[ad_2]<br \/>\n<br \/><a href=\"https:\/\/jornaleconomico.sapo.pt\/noticias\/menos-npl-so-com-uma-lei-que-teima-em-nao-mudar-436061\">Source link <\/a><\/p>\n","protected":false},"excerpt":{"rendered":"<p>[ad_1] O Banco de Portugal, na publica\u00e7\u00e3o \u201cDesenvolvimentos recentes do sistema banc\u00e1rio\u201d, divulgou os \u00faltimos dados sobre o sector. E a radiografia ao cr\u00e9dito malparado portugu\u00eas evidencia que dois ter\u00e7os do NPL teve origem no cr\u00e9dito \u00e0s empresas, segundo a DBRS. Ter\u00e1 sido assim t\u00e3o dif\u00edcil garantir a satisfa\u00e7\u00e3o dos cr\u00e9ditos? E a pergunta n\u00e3o [&hellip;]<\/p>\n","protected":false},"author":2,"featured_media":624,"comment_status":"open","ping_status":"open","sticky":false,"template":"","format":"standard","meta":{"footnotes":""},"categories":[1],"tags":[],"class_list":["post-623","post","type-post","status-publish","format-standard","has-post-thumbnail","hentry","category-noticias-financeiras"],"yoast_head":"<!-- This site is optimized with the Yoast SEO plugin v27.4 - https:\/\/yoast.com\/product\/yoast-seo-wordpress\/ -->\n<title>Menos NPL s\u00f3 com uma lei que teima em n\u00e3o mudar \u2013 O Jornal Econ\u00f3mico - Super News<\/title>\n<meta name=\"robots\" content=\"index, follow, max-snippet:-1, max-image-preview:large, max-video-preview:-1\" \/>\n<link rel=\"canonical\" href=\"https:\/\/super-news.info\/pt\/menos-npl-so-com-uma-lei-que-teima-em-nao-mudar-o-jornal-economico\/\" \/>\n<meta property=\"og:locale\" content=\"pt_PT\" \/>\n<meta property=\"og:type\" content=\"article\" \/>\n<meta property=\"og:title\" content=\"Menos NPL s\u00f3 com uma lei que teima em n\u00e3o mudar \u2013 O Jornal Econ\u00f3mico - Super News\" \/>\n<meta property=\"og:description\" content=\"[ad_1] O Banco de Portugal, na publica\u00e7\u00e3o \u201cDesenvolvimentos recentes do sistema banc\u00e1rio\u201d, divulgou os \u00faltimos dados sobre o sector. E a radiografia ao cr\u00e9dito malparado portugu\u00eas evidencia que dois ter\u00e7os do NPL teve origem no cr\u00e9dito \u00e0s empresas, segundo a DBRS. Ter\u00e1 sido assim t\u00e3o dif\u00edcil garantir a satisfa\u00e7\u00e3o dos cr\u00e9ditos? E a pergunta n\u00e3o [&hellip;]\" \/>\n<meta property=\"og:url\" content=\"https:\/\/super-news.info\/pt\/menos-npl-so-com-uma-lei-que-teima-em-nao-mudar-o-jornal-economico\/\" \/>\n<meta property=\"og:site_name\" content=\"Super News\" \/>\n<meta property=\"article:published_time\" content=\"2019-04-22T07:39:51+00:00\" \/>\n<meta property=\"article:modified_time\" content=\"2019-04-22T07:39:53+00:00\" \/>\n<meta property=\"og:image\" content=\"https:\/\/super-news.info\/pt\/wp-content\/uploads\/sites\/2\/2019\/04\/Menos-NPL-s\u00f3-com-uma-lei-que-teima-em-n\u00e3o.png\" \/>\n\t<meta property=\"og:image:width\" content=\"200\" \/>\n\t<meta property=\"og:image:height\" content=\"200\" \/>\n\t<meta property=\"og:image:type\" content=\"image\/png\" \/>\n<meta name=\"author\" content=\"super-news\" \/>\n<meta name=\"twitter:card\" content=\"summary_large_image\" \/>\n<meta name=\"twitter:label1\" content=\"Escrito por\" \/>\n\t<meta name=\"twitter:data1\" content=\"super-news\" \/>\n\t<meta name=\"twitter:label2\" content=\"Tempo estimado de leitura\" \/>\n\t<meta name=\"twitter:data2\" content=\"3 minutos\" \/>\n<script type=\"application\/ld+json\" class=\"yoast-schema-graph\">{\"@context\":\"https:\\\/\\\/schema.org\",\"@graph\":[{\"@type\":\"Article\",\"@id\":\"https:\\\/\\\/super-news.info\\\/pt\\\/menos-npl-so-com-uma-lei-que-teima-em-nao-mudar-o-jornal-economico\\\/#article\",\"isPartOf\":{\"@id\":\"https:\\\/\\\/super-news.info\\\/pt\\\/menos-npl-so-com-uma-lei-que-teima-em-nao-mudar-o-jornal-economico\\\/\"},\"author\":{\"name\":\"super-news\",\"@id\":\"https:\\\/\\\/super-news.info\\\/pt\\\/#\\\/schema\\\/person\\\/2d4068cb2f39cd10008c2fce578a7356\"},\"headline\":\"Menos NPL s\u00f3 com uma lei que teima em n\u00e3o mudar \u2013 O Jornal Econ\u00f3mico\",\"datePublished\":\"2019-04-22T07:39:51+00:00\",\"dateModified\":\"2019-04-22T07:39:53+00:00\",\"mainEntityOfPage\":{\"@id\":\"https:\\\/\\\/super-news.info\\\/pt\\\/menos-npl-so-com-uma-lei-que-teima-em-nao-mudar-o-jornal-economico\\\/\"},\"wordCount\":691,\"commentCount\":0,\"image\":{\"@id\":\"https:\\\/\\\/super-news.info\\\/pt\\\/menos-npl-so-com-uma-lei-que-teima-em-nao-mudar-o-jornal-economico\\\/#primaryimage\"},\"thumbnailUrl\":\"https:\\\/\\\/super-news.info\\\/pt\\\/wp-content\\\/uploads\\\/sites\\\/2\\\/2019\\\/04\\\/Menos-NPL-s\u00f3-com-uma-lei-que-teima-em-n\u00e3o.png\",\"articleSection\":[\"NOT\u00cdCIAS FINANCEIRAS\"],\"inLanguage\":\"pt-PT\",\"potentialAction\":[{\"@type\":\"CommentAction\",\"name\":\"Comment\",\"target\":[\"https:\\\/\\\/super-news.info\\\/pt\\\/menos-npl-so-com-uma-lei-que-teima-em-nao-mudar-o-jornal-economico\\\/#respond\"]}]},{\"@type\":\"WebPage\",\"@id\":\"https:\\\/\\\/super-news.info\\\/pt\\\/menos-npl-so-com-uma-lei-que-teima-em-nao-mudar-o-jornal-economico\\\/\",\"url\":\"https:\\\/\\\/super-news.info\\\/pt\\\/menos-npl-so-com-uma-lei-que-teima-em-nao-mudar-o-jornal-economico\\\/\",\"name\":\"Menos NPL s\u00f3 com uma lei que teima em n\u00e3o mudar \u2013 O Jornal Econ\u00f3mico - Super News\",\"isPartOf\":{\"@id\":\"https:\\\/\\\/super-news.info\\\/pt\\\/#website\"},\"primaryImageOfPage\":{\"@id\":\"https:\\\/\\\/super-news.info\\\/pt\\\/menos-npl-so-com-uma-lei-que-teima-em-nao-mudar-o-jornal-economico\\\/#primaryimage\"},\"image\":{\"@id\":\"https:\\\/\\\/super-news.info\\\/pt\\\/menos-npl-so-com-uma-lei-que-teima-em-nao-mudar-o-jornal-economico\\\/#primaryimage\"},\"thumbnailUrl\":\"https:\\\/\\\/super-news.info\\\/pt\\\/wp-content\\\/uploads\\\/sites\\\/2\\\/2019\\\/04\\\/Menos-NPL-s\u00f3-com-uma-lei-que-teima-em-n\u00e3o.png\",\"datePublished\":\"2019-04-22T07:39:51+00:00\",\"dateModified\":\"2019-04-22T07:39:53+00:00\",\"author\":{\"@id\":\"https:\\\/\\\/super-news.info\\\/pt\\\/#\\\/schema\\\/person\\\/2d4068cb2f39cd10008c2fce578a7356\"},\"breadcrumb\":{\"@id\":\"https:\\\/\\\/super-news.info\\\/pt\\\/menos-npl-so-com-uma-lei-que-teima-em-nao-mudar-o-jornal-economico\\\/#breadcrumb\"},\"inLanguage\":\"pt-PT\",\"potentialAction\":[{\"@type\":\"ReadAction\",\"target\":[\"https:\\\/\\\/super-news.info\\\/pt\\\/menos-npl-so-com-uma-lei-que-teima-em-nao-mudar-o-jornal-economico\\\/\"]}]},{\"@type\":\"ImageObject\",\"inLanguage\":\"pt-PT\",\"@id\":\"https:\\\/\\\/super-news.info\\\/pt\\\/menos-npl-so-com-uma-lei-que-teima-em-nao-mudar-o-jornal-economico\\\/#primaryimage\",\"url\":\"https:\\\/\\\/super-news.info\\\/pt\\\/wp-content\\\/uploads\\\/sites\\\/2\\\/2019\\\/04\\\/Menos-NPL-s\u00f3-com-uma-lei-que-teima-em-n\u00e3o.png\",\"contentUrl\":\"https:\\\/\\\/super-news.info\\\/pt\\\/wp-content\\\/uploads\\\/sites\\\/2\\\/2019\\\/04\\\/Menos-NPL-s\u00f3-com-uma-lei-que-teima-em-n\u00e3o.png\",\"width\":200,\"height\":200,\"caption\":\"Menos NPL s\u00f3 com uma lei que teima em n\u00e3o mudar \u2013 O Jornal Econ\u00f3mico\"},{\"@type\":\"BreadcrumbList\",\"@id\":\"https:\\\/\\\/super-news.info\\\/pt\\\/menos-npl-so-com-uma-lei-que-teima-em-nao-mudar-o-jornal-economico\\\/#breadcrumb\",\"itemListElement\":[{\"@type\":\"ListItem\",\"position\":1,\"name\":\"\u0413\u043b\u0430\u0432\u043d\u0430\u044f \u0441\u0442\u0440\u0430\u043d\u0438\u0446\u0430\",\"item\":\"https:\\\/\\\/super-news.info\\\/pt\\\/\"},{\"@type\":\"ListItem\",\"position\":2,\"name\":\"Menos NPL s\u00f3 com uma lei que teima em n\u00e3o mudar \u2013 O Jornal Econ\u00f3mico\"}]},{\"@type\":\"WebSite\",\"@id\":\"https:\\\/\\\/super-news.info\\\/pt\\\/#website\",\"url\":\"https:\\\/\\\/super-news.info\\\/pt\\\/\",\"name\":\"Super News\",\"description\":\"Super News Portugal\",\"potentialAction\":[{\"@type\":\"SearchAction\",\"target\":{\"@type\":\"EntryPoint\",\"urlTemplate\":\"https:\\\/\\\/super-news.info\\\/pt\\\/?s={search_term_string}\"},\"query-input\":{\"@type\":\"PropertyValueSpecification\",\"valueRequired\":true,\"valueName\":\"search_term_string\"}}],\"inLanguage\":\"pt-PT\"},{\"@type\":\"Person\",\"@id\":\"https:\\\/\\\/super-news.info\\\/pt\\\/#\\\/schema\\\/person\\\/2d4068cb2f39cd10008c2fce578a7356\",\"name\":\"super-news\",\"image\":{\"@type\":\"ImageObject\",\"inLanguage\":\"pt-PT\",\"@id\":\"https:\\\/\\\/secure.gravatar.com\\\/avatar\\\/64ebac40b93f26a154f8a9b5b6fdccfc46f442b26b3dd6756dbff3bf9dc76fd7?s=96&d=mm&r=g\",\"url\":\"https:\\\/\\\/secure.gravatar.com\\\/avatar\\\/64ebac40b93f26a154f8a9b5b6fdccfc46f442b26b3dd6756dbff3bf9dc76fd7?s=96&d=mm&r=g\",\"contentUrl\":\"https:\\\/\\\/secure.gravatar.com\\\/avatar\\\/64ebac40b93f26a154f8a9b5b6fdccfc46f442b26b3dd6756dbff3bf9dc76fd7?s=96&d=mm&r=g\",\"caption\":\"super-news\"},\"url\":\"https:\\\/\\\/super-news.info\\\/pt\\\/author\\\/pt\\\/\"}]}<\/script>\n<!-- \/ Yoast SEO plugin. -->","yoast_head_json":{"title":"Menos NPL s\u00f3 com uma lei que teima em n\u00e3o mudar \u2013 O Jornal Econ\u00f3mico - Super News","robots":{"index":"index","follow":"follow","max-snippet":"max-snippet:-1","max-image-preview":"max-image-preview:large","max-video-preview":"max-video-preview:-1"},"canonical":"https:\/\/super-news.info\/pt\/menos-npl-so-com-uma-lei-que-teima-em-nao-mudar-o-jornal-economico\/","og_locale":"pt_PT","og_type":"article","og_title":"Menos NPL s\u00f3 com uma lei que teima em n\u00e3o mudar \u2013 O Jornal Econ\u00f3mico - Super News","og_description":"[ad_1] O Banco de Portugal, na publica\u00e7\u00e3o \u201cDesenvolvimentos recentes do sistema banc\u00e1rio\u201d, divulgou os \u00faltimos dados sobre o sector. E a radiografia ao cr\u00e9dito malparado portugu\u00eas evidencia que dois ter\u00e7os do NPL teve origem no cr\u00e9dito \u00e0s empresas, segundo a DBRS. Ter\u00e1 sido assim t\u00e3o dif\u00edcil garantir a satisfa\u00e7\u00e3o dos cr\u00e9ditos? E a pergunta n\u00e3o [&hellip;]","og_url":"https:\/\/super-news.info\/pt\/menos-npl-so-com-uma-lei-que-teima-em-nao-mudar-o-jornal-economico\/","og_site_name":"Super News","article_published_time":"2019-04-22T07:39:51+00:00","article_modified_time":"2019-04-22T07:39:53+00:00","og_image":[{"width":200,"height":200,"url":"https:\/\/super-news.info\/pt\/wp-content\/uploads\/sites\/2\/2019\/04\/Menos-NPL-s\u00f3-com-uma-lei-que-teima-em-n\u00e3o.png","type":"image\/png"}],"author":"super-news","twitter_card":"summary_large_image","twitter_misc":{"Escrito por":"super-news","Tempo estimado de leitura":"3 minutos"},"schema":{"@context":"https:\/\/schema.org","@graph":[{"@type":"Article","@id":"https:\/\/super-news.info\/pt\/menos-npl-so-com-uma-lei-que-teima-em-nao-mudar-o-jornal-economico\/#article","isPartOf":{"@id":"https:\/\/super-news.info\/pt\/menos-npl-so-com-uma-lei-que-teima-em-nao-mudar-o-jornal-economico\/"},"author":{"name":"super-news","@id":"https:\/\/super-news.info\/pt\/#\/schema\/person\/2d4068cb2f39cd10008c2fce578a7356"},"headline":"Menos NPL s\u00f3 com uma lei que teima em n\u00e3o mudar \u2013 O Jornal Econ\u00f3mico","datePublished":"2019-04-22T07:39:51+00:00","dateModified":"2019-04-22T07:39:53+00:00","mainEntityOfPage":{"@id":"https:\/\/super-news.info\/pt\/menos-npl-so-com-uma-lei-que-teima-em-nao-mudar-o-jornal-economico\/"},"wordCount":691,"commentCount":0,"image":{"@id":"https:\/\/super-news.info\/pt\/menos-npl-so-com-uma-lei-que-teima-em-nao-mudar-o-jornal-economico\/#primaryimage"},"thumbnailUrl":"https:\/\/super-news.info\/pt\/wp-content\/uploads\/sites\/2\/2019\/04\/Menos-NPL-s\u00f3-com-uma-lei-que-teima-em-n\u00e3o.png","articleSection":["NOT\u00cdCIAS FINANCEIRAS"],"inLanguage":"pt-PT","potentialAction":[{"@type":"CommentAction","name":"Comment","target":["https:\/\/super-news.info\/pt\/menos-npl-so-com-uma-lei-que-teima-em-nao-mudar-o-jornal-economico\/#respond"]}]},{"@type":"WebPage","@id":"https:\/\/super-news.info\/pt\/menos-npl-so-com-uma-lei-que-teima-em-nao-mudar-o-jornal-economico\/","url":"https:\/\/super-news.info\/pt\/menos-npl-so-com-uma-lei-que-teima-em-nao-mudar-o-jornal-economico\/","name":"Menos NPL s\u00f3 com uma lei que teima em n\u00e3o mudar \u2013 O Jornal Econ\u00f3mico - Super News","isPartOf":{"@id":"https:\/\/super-news.info\/pt\/#website"},"primaryImageOfPage":{"@id":"https:\/\/super-news.info\/pt\/menos-npl-so-com-uma-lei-que-teima-em-nao-mudar-o-jornal-economico\/#primaryimage"},"image":{"@id":"https:\/\/super-news.info\/pt\/menos-npl-so-com-uma-lei-que-teima-em-nao-mudar-o-jornal-economico\/#primaryimage"},"thumbnailUrl":"https:\/\/super-news.info\/pt\/wp-content\/uploads\/sites\/2\/2019\/04\/Menos-NPL-s\u00f3-com-uma-lei-que-teima-em-n\u00e3o.png","datePublished":"2019-04-22T07:39:51+00:00","dateModified":"2019-04-22T07:39:53+00:00","author":{"@id":"https:\/\/super-news.info\/pt\/#\/schema\/person\/2d4068cb2f39cd10008c2fce578a7356"},"breadcrumb":{"@id":"https:\/\/super-news.info\/pt\/menos-npl-so-com-uma-lei-que-teima-em-nao-mudar-o-jornal-economico\/#breadcrumb"},"inLanguage":"pt-PT","potentialAction":[{"@type":"ReadAction","target":["https:\/\/super-news.info\/pt\/menos-npl-so-com-uma-lei-que-teima-em-nao-mudar-o-jornal-economico\/"]}]},{"@type":"ImageObject","inLanguage":"pt-PT","@id":"https:\/\/super-news.info\/pt\/menos-npl-so-com-uma-lei-que-teima-em-nao-mudar-o-jornal-economico\/#primaryimage","url":"https:\/\/super-news.info\/pt\/wp-content\/uploads\/sites\/2\/2019\/04\/Menos-NPL-s\u00f3-com-uma-lei-que-teima-em-n\u00e3o.png","contentUrl":"https:\/\/super-news.info\/pt\/wp-content\/uploads\/sites\/2\/2019\/04\/Menos-NPL-s\u00f3-com-uma-lei-que-teima-em-n\u00e3o.png","width":200,"height":200,"caption":"Menos NPL s\u00f3 com uma lei que teima em n\u00e3o mudar \u2013 O Jornal Econ\u00f3mico"},{"@type":"BreadcrumbList","@id":"https:\/\/super-news.info\/pt\/menos-npl-so-com-uma-lei-que-teima-em-nao-mudar-o-jornal-economico\/#breadcrumb","itemListElement":[{"@type":"ListItem","position":1,"name":"\u0413\u043b\u0430\u0432\u043d\u0430\u044f \u0441\u0442\u0440\u0430\u043d\u0438\u0446\u0430","item":"https:\/\/super-news.info\/pt\/"},{"@type":"ListItem","position":2,"name":"Menos NPL s\u00f3 com uma lei que teima em n\u00e3o mudar \u2013 O Jornal Econ\u00f3mico"}]},{"@type":"WebSite","@id":"https:\/\/super-news.info\/pt\/#website","url":"https:\/\/super-news.info\/pt\/","name":"Super News","description":"Super News Portugal","potentialAction":[{"@type":"SearchAction","target":{"@type":"EntryPoint","urlTemplate":"https:\/\/super-news.info\/pt\/?s={search_term_string}"},"query-input":{"@type":"PropertyValueSpecification","valueRequired":true,"valueName":"search_term_string"}}],"inLanguage":"pt-PT"},{"@type":"Person","@id":"https:\/\/super-news.info\/pt\/#\/schema\/person\/2d4068cb2f39cd10008c2fce578a7356","name":"super-news","image":{"@type":"ImageObject","inLanguage":"pt-PT","@id":"https:\/\/secure.gravatar.com\/avatar\/64ebac40b93f26a154f8a9b5b6fdccfc46f442b26b3dd6756dbff3bf9dc76fd7?s=96&d=mm&r=g","url":"https:\/\/secure.gravatar.com\/avatar\/64ebac40b93f26a154f8a9b5b6fdccfc46f442b26b3dd6756dbff3bf9dc76fd7?s=96&d=mm&r=g","contentUrl":"https:\/\/secure.gravatar.com\/avatar\/64ebac40b93f26a154f8a9b5b6fdccfc46f442b26b3dd6756dbff3bf9dc76fd7?s=96&d=mm&r=g","caption":"super-news"},"url":"https:\/\/super-news.info\/pt\/author\/pt\/"}]}},"_links":{"self":[{"href":"https:\/\/super-news.info\/pt\/wp-json\/wp\/v2\/posts\/623","targetHints":{"allow":["GET"]}}],"collection":[{"href":"https:\/\/super-news.info\/pt\/wp-json\/wp\/v2\/posts"}],"about":[{"href":"https:\/\/super-news.info\/pt\/wp-json\/wp\/v2\/types\/post"}],"author":[{"embeddable":true,"href":"https:\/\/super-news.info\/pt\/wp-json\/wp\/v2\/users\/2"}],"replies":[{"embeddable":true,"href":"https:\/\/super-news.info\/pt\/wp-json\/wp\/v2\/comments?post=623"}],"version-history":[{"count":1,"href":"https:\/\/super-news.info\/pt\/wp-json\/wp\/v2\/posts\/623\/revisions"}],"predecessor-version":[{"id":625,"href":"https:\/\/super-news.info\/pt\/wp-json\/wp\/v2\/posts\/623\/revisions\/625"}],"wp:featuredmedia":[{"embeddable":true,"href":"https:\/\/super-news.info\/pt\/wp-json\/wp\/v2\/media\/624"}],"wp:attachment":[{"href":"https:\/\/super-news.info\/pt\/wp-json\/wp\/v2\/media?parent=623"}],"wp:term":[{"taxonomy":"category","embeddable":true,"href":"https:\/\/super-news.info\/pt\/wp-json\/wp\/v2\/categories?post=623"},{"taxonomy":"post_tag","embeddable":true,"href":"https:\/\/super-news.info\/pt\/wp-json\/wp\/v2\/tags?post=623"}],"curies":[{"name":"wp","href":"https:\/\/api.w.org\/{rel}","templated":true}]}}