{"id":615,"date":"2019-04-22T05:52:45","date_gmt":"2019-04-22T02:52:45","guid":{"rendered":"https:\/\/super-news.info\/pt\/habitacao-a-peca-que-faltou-em-45-anos-de-abril-o-jornal-economico\/"},"modified":"2019-04-22T05:52:45","modified_gmt":"2019-04-22T02:52:45","slug":"habitacao-a-peca-que-faltou-em-45-anos-de-abril-o-jornal-economico","status":"publish","type":"post","link":"https:\/\/super-news.info\/pt\/habitacao-a-peca-que-faltou-em-45-anos-de-abril-o-jornal-economico\/","title":{"rendered":"Habita\u00e7\u00e3o, a pe\u00e7a que faltou em 45 anos de Abril \u2013 O Jornal Econ\u00f3mico"},"content":{"rendered":"<p> [ad_1]<br \/>\n<\/p>\n<div>\n<p>Passaram 45 anos sobre a Revolu\u00e7\u00e3o do 25 de Abril. Passaram 45 anos que vivemos em democracia com a promessa de uma sociedade justa, igualit\u00e1ria e fraterna.<\/p>\n<p>Cri\u00e1mos, como quem abre os olhos e constr\u00f3i a madrugada, o Estado social. Massific\u00e1mos e democratiz\u00e1mos a Escola P\u00fablica que arrancou Portugal do atraso de d\u00e9cadas \u2013 relembremos que em 1970, um em cada quatro portugueses n\u00e3o sabia ler ou escrever. Cri\u00e1mos o Servi\u00e7o Nacional de Sa\u00fade, garantindo seguran\u00e7a a quem perdeu a sa\u00fade, e vencemos a mortalidade infantil que dizimava o futuro do pa\u00eds.<\/p>\n<p>E tamb\u00e9m constru\u00edmos juntos, num processo cont\u00ednuo para mais novos e mais velhos, a Seguran\u00e7a Social, assente numa das ideias mais radicais que poder\u00edamos ter: a de que cada um de n\u00f3s \u00e9 respons\u00e1vel por todos n\u00f3s.\u00a0Mas elogiar esse salto qu\u00e2ntico \u00e9 tamb\u00e9m reconhecer que o direito \u00e0 habita\u00e7\u00e3o \u00e9 o pilar do Estado social que ficou para tr\u00e1s nestes 45 anos de democracia.<\/p>\n<p>\u201cTodos t\u00eam direito, para si e para a sua fam\u00edlia, a uma habita\u00e7\u00e3o de dimens\u00e3o adequada em condi\u00e7\u00f5es de higiene e conforto e que preserve a intimidade pessoal e a privacidade familiar. Incumbe ao Estado executar uma pol\u00edtica de habita\u00e7\u00e3o\u201d \u2013 diz o artigo 65\u00ba da Constitui\u00e7\u00e3o. N\u00e3o pode ser letra morta numa Constitui\u00e7\u00e3o t\u00e3o viva.<\/p>\n<p>Precisamos hoje de responder a quem n\u00e3o encontra casa a pre\u00e7os decentes ou a quem vive em habita\u00e7\u00f5es sem condi\u00e7\u00f5es dignas. Para cumprir este pilar da Constitui\u00e7\u00e3o, precisamos hoje de um Servi\u00e7o Nacional de Habita\u00e7\u00e3o.<\/p>\n<p>Em Portugal, onde h\u00e1 tanta gente que vive com medo de n\u00e3o encontrar casa para viver, apenas 2% da habita\u00e7\u00e3o \u00e9 p\u00fablica. Algu\u00e9m admitiria que o Estado tivesse apenas 2% das Escolas do pa\u00eds, ou apenas 2% dos hospitais e dos cuidados de sa\u00fade, ou que apenas 2% dos reformados tivessem pens\u00f5es da Seguran\u00e7a Social?<\/p>\n<p>Infelizmente, o que acontece na habita\u00e7\u00e3o \u00e9 um verdadeiro pesadelo liberal: milhares de agentes atomizados a tomar decis\u00f5es sem qualquer regula\u00e7\u00e3o do mercado. Resultado: a crise na habita\u00e7\u00e3o \u00e9 a mais grave que o pa\u00eds enfrenta e n\u00e3o temos ferramentas para a combater.<\/p>\n<p>Ter ferramentas significa que na Assembleia da Rep\u00fablica se acabe com os vistos <em>Gol<\/em>d que promovem a especula\u00e7\u00e3o e a corrup\u00e7\u00e3o mas em nada ajudam ao emprego. Significa que se acabe com a Lei das Rendas de Assun\u00e7\u00e3o Cristas, porque s\u00f3 recusando as propostas liberais que deram origem \u00e0 <em>lei Cristas<\/em> \u00e9 que poderemos dar seguran\u00e7a a quem vive com medo que o senhorio se lembre de alterar o contrato.<\/p>\n<p>Precisamos tamb\u00e9m de regular o Alojamento Local, que faz subir a especula\u00e7\u00e3o imobili\u00e1ria e impede que se encontrem casas para habitar nas grandes cidades.<\/p>\n<p>O Direito \u00e0 Habita\u00e7\u00e3o foi a pe\u00e7a esquecida do Estado social portugu\u00eas e temos de arrepiar caminho. Se durante 45 anos foi a \u201ca paz, o p\u00e3o, sa\u00fade, educa\u00e7\u00e3o\u201d, este abril voltemos a p\u00f4r a <em>habita\u00e7\u00e3o<\/em> na can\u00e7\u00e3o de S\u00e9rgio Godinho: \u201ca paz, o p\u00e3o, habita\u00e7\u00e3o, sa\u00fade, educa\u00e7\u00e3o\u201d.<\/p>\n<\/div>\n<p><script>\/*<![CDATA[*\/function facebookInit(){var js=document.createElement('script');js.src='https:\/\/connect.facebook.net\/pt_PT\/sdk.js#xfbml=1&#038;version=v3.1&#038;appId=1708066812789184&#038;autoLogAppEvents=1';return document.body.appendChild(js);}\nwindow.onscroll=function(){var rect=document.getElementsByClassName('je-post-content')[0].getBoundingClientRect();if(rect.bottom<window.innerHeight){facebookInit();window.onscroll=null;}}\/*]]>*\/<\/script><br \/>\n<br \/>[ad_2]<br \/>\n<br \/><a href=\"https:\/\/jornaleconomico.sapo.pt\/noticias\/habitacao-a-peca-que-faltou-em-45-anos-de-abril-436031\">Source link <\/a><\/p>\n","protected":false},"excerpt":{"rendered":"<p>[ad_1] Passaram 45 anos sobre a Revolu\u00e7\u00e3o do 25 de Abril. Passaram 45 anos que vivemos em democracia com a promessa de uma sociedade justa, igualit\u00e1ria e fraterna. Cri\u00e1mos, como quem abre os olhos e constr\u00f3i a madrugada, o Estado social. Massific\u00e1mos e democratiz\u00e1mos a Escola P\u00fablica que arrancou Portugal do atraso de d\u00e9cadas \u2013 [&hellip;]<\/p>\n","protected":false},"author":2,"featured_media":136,"comment_status":"open","ping_status":"open","sticky":false,"template":"","format":"standard","meta":{"footnotes":""},"categories":[1],"tags":[],"class_list":["post-615","post","type-post","status-publish","format-standard","has-post-thumbnail","hentry","category-noticias-financeiras"],"yoast_head":"<!-- This site is optimized with the Yoast SEO plugin v27.4 - https:\/\/yoast.com\/product\/yoast-seo-wordpress\/ -->\n<title>Habita\u00e7\u00e3o, a pe\u00e7a que faltou em 45 anos de Abril \u2013 O Jornal Econ\u00f3mico - Super News<\/title>\n<meta name=\"robots\" content=\"index, follow, max-snippet:-1, max-image-preview:large, max-video-preview:-1\" \/>\n<link rel=\"canonical\" href=\"https:\/\/super-news.info\/pt\/habitacao-a-peca-que-faltou-em-45-anos-de-abril-o-jornal-economico\/\" \/>\n<meta property=\"og:locale\" content=\"pt_PT\" \/>\n<meta property=\"og:type\" content=\"article\" \/>\n<meta property=\"og:title\" content=\"Habita\u00e7\u00e3o, a pe\u00e7a que faltou em 45 anos de Abril \u2013 O Jornal Econ\u00f3mico - Super News\" \/>\n<meta property=\"og:description\" content=\"[ad_1] Passaram 45 anos sobre a Revolu\u00e7\u00e3o do 25 de Abril. Passaram 45 anos que vivemos em democracia com a promessa de uma sociedade justa, igualit\u00e1ria e fraterna. Cri\u00e1mos, como quem abre os olhos e constr\u00f3i a madrugada, o Estado social. Massific\u00e1mos e democratiz\u00e1mos a Escola P\u00fablica que arrancou Portugal do atraso de d\u00e9cadas \u2013 [&hellip;]\" \/>\n<meta property=\"og:url\" content=\"https:\/\/super-news.info\/pt\/habitacao-a-peca-que-faltou-em-45-anos-de-abril-o-jornal-economico\/\" \/>\n<meta property=\"og:site_name\" content=\"Super News\" \/>\n<meta property=\"article:published_time\" content=\"2019-04-22T02:52:45+00:00\" \/>\n<meta property=\"og:image\" content=\"https:\/\/super-news.info\/pt\/wp-content\/uploads\/sites\/2\/2019\/04\/J\u00e1-podemos-falar-de-transportes-p\u00fablicos-gr\u00e1tis-\u2013-O-Jornal.png\" \/>\n\t<meta property=\"og:image:width\" content=\"200\" \/>\n\t<meta property=\"og:image:height\" content=\"200\" \/>\n\t<meta property=\"og:image:type\" content=\"image\/png\" \/>\n<meta name=\"author\" content=\"super-news\" \/>\n<meta name=\"twitter:card\" content=\"summary_large_image\" \/>\n<meta name=\"twitter:label1\" content=\"Escrito por\" \/>\n\t<meta name=\"twitter:data1\" content=\"super-news\" \/>\n\t<meta name=\"twitter:label2\" content=\"Tempo estimado de leitura\" \/>\n\t<meta name=\"twitter:data2\" content=\"3 minutos\" \/>\n<script type=\"application\/ld+json\" class=\"yoast-schema-graph\">{\"@context\":\"https:\\\/\\\/schema.org\",\"@graph\":[{\"@type\":\"Article\",\"@id\":\"https:\\\/\\\/super-news.info\\\/pt\\\/habitacao-a-peca-que-faltou-em-45-anos-de-abril-o-jornal-economico\\\/#article\",\"isPartOf\":{\"@id\":\"https:\\\/\\\/super-news.info\\\/pt\\\/habitacao-a-peca-que-faltou-em-45-anos-de-abril-o-jornal-economico\\\/\"},\"author\":{\"name\":\"super-news\",\"@id\":\"https:\\\/\\\/super-news.info\\\/pt\\\/#\\\/schema\\\/person\\\/2d4068cb2f39cd10008c2fce578a7356\"},\"headline\":\"Habita\u00e7\u00e3o, a pe\u00e7a que faltou em 45 anos de Abril \u2013 O Jornal Econ\u00f3mico\",\"datePublished\":\"2019-04-22T02:52:45+00:00\",\"mainEntityOfPage\":{\"@id\":\"https:\\\/\\\/super-news.info\\\/pt\\\/habitacao-a-peca-que-faltou-em-45-anos-de-abril-o-jornal-economico\\\/\"},\"wordCount\":565,\"commentCount\":0,\"image\":{\"@id\":\"https:\\\/\\\/super-news.info\\\/pt\\\/habitacao-a-peca-que-faltou-em-45-anos-de-abril-o-jornal-economico\\\/#primaryimage\"},\"thumbnailUrl\":\"https:\\\/\\\/super-news.info\\\/pt\\\/wp-content\\\/uploads\\\/sites\\\/2\\\/2019\\\/04\\\/J\u00e1-podemos-falar-de-transportes-p\u00fablicos-gr\u00e1tis-\u2013-O-Jornal.png\",\"articleSection\":[\"NOT\u00cdCIAS FINANCEIRAS\"],\"inLanguage\":\"pt-PT\",\"potentialAction\":[{\"@type\":\"CommentAction\",\"name\":\"Comment\",\"target\":[\"https:\\\/\\\/super-news.info\\\/pt\\\/habitacao-a-peca-que-faltou-em-45-anos-de-abril-o-jornal-economico\\\/#respond\"]}]},{\"@type\":\"WebPage\",\"@id\":\"https:\\\/\\\/super-news.info\\\/pt\\\/habitacao-a-peca-que-faltou-em-45-anos-de-abril-o-jornal-economico\\\/\",\"url\":\"https:\\\/\\\/super-news.info\\\/pt\\\/habitacao-a-peca-que-faltou-em-45-anos-de-abril-o-jornal-economico\\\/\",\"name\":\"Habita\u00e7\u00e3o, a pe\u00e7a que faltou em 45 anos de Abril \u2013 O Jornal Econ\u00f3mico - Super News\",\"isPartOf\":{\"@id\":\"https:\\\/\\\/super-news.info\\\/pt\\\/#website\"},\"primaryImageOfPage\":{\"@id\":\"https:\\\/\\\/super-news.info\\\/pt\\\/habitacao-a-peca-que-faltou-em-45-anos-de-abril-o-jornal-economico\\\/#primaryimage\"},\"image\":{\"@id\":\"https:\\\/\\\/super-news.info\\\/pt\\\/habitacao-a-peca-que-faltou-em-45-anos-de-abril-o-jornal-economico\\\/#primaryimage\"},\"thumbnailUrl\":\"https:\\\/\\\/super-news.info\\\/pt\\\/wp-content\\\/uploads\\\/sites\\\/2\\\/2019\\\/04\\\/J\u00e1-podemos-falar-de-transportes-p\u00fablicos-gr\u00e1tis-\u2013-O-Jornal.png\",\"datePublished\":\"2019-04-22T02:52:45+00:00\",\"author\":{\"@id\":\"https:\\\/\\\/super-news.info\\\/pt\\\/#\\\/schema\\\/person\\\/2d4068cb2f39cd10008c2fce578a7356\"},\"breadcrumb\":{\"@id\":\"https:\\\/\\\/super-news.info\\\/pt\\\/habitacao-a-peca-que-faltou-em-45-anos-de-abril-o-jornal-economico\\\/#breadcrumb\"},\"inLanguage\":\"pt-PT\",\"potentialAction\":[{\"@type\":\"ReadAction\",\"target\":[\"https:\\\/\\\/super-news.info\\\/pt\\\/habitacao-a-peca-que-faltou-em-45-anos-de-abril-o-jornal-economico\\\/\"]}]},{\"@type\":\"ImageObject\",\"inLanguage\":\"pt-PT\",\"@id\":\"https:\\\/\\\/super-news.info\\\/pt\\\/habitacao-a-peca-que-faltou-em-45-anos-de-abril-o-jornal-economico\\\/#primaryimage\",\"url\":\"https:\\\/\\\/super-news.info\\\/pt\\\/wp-content\\\/uploads\\\/sites\\\/2\\\/2019\\\/04\\\/J\u00e1-podemos-falar-de-transportes-p\u00fablicos-gr\u00e1tis-\u2013-O-Jornal.png\",\"contentUrl\":\"https:\\\/\\\/super-news.info\\\/pt\\\/wp-content\\\/uploads\\\/sites\\\/2\\\/2019\\\/04\\\/J\u00e1-podemos-falar-de-transportes-p\u00fablicos-gr\u00e1tis-\u2013-O-Jornal.png\",\"width\":200,\"height\":200,\"caption\":\"J\u00e1 podemos falar de transportes p\u00fablicos gr\u00e1tis? \u2013 O Jornal Econ\u00f3mico\"},{\"@type\":\"BreadcrumbList\",\"@id\":\"https:\\\/\\\/super-news.info\\\/pt\\\/habitacao-a-peca-que-faltou-em-45-anos-de-abril-o-jornal-economico\\\/#breadcrumb\",\"itemListElement\":[{\"@type\":\"ListItem\",\"position\":1,\"name\":\"\u0413\u043b\u0430\u0432\u043d\u0430\u044f \u0441\u0442\u0440\u0430\u043d\u0438\u0446\u0430\",\"item\":\"https:\\\/\\\/super-news.info\\\/pt\\\/\"},{\"@type\":\"ListItem\",\"position\":2,\"name\":\"Habita\u00e7\u00e3o, a pe\u00e7a que faltou em 45 anos de Abril \u2013 O Jornal Econ\u00f3mico\"}]},{\"@type\":\"WebSite\",\"@id\":\"https:\\\/\\\/super-news.info\\\/pt\\\/#website\",\"url\":\"https:\\\/\\\/super-news.info\\\/pt\\\/\",\"name\":\"Super News\",\"description\":\"Super News Portugal\",\"potentialAction\":[{\"@type\":\"SearchAction\",\"target\":{\"@type\":\"EntryPoint\",\"urlTemplate\":\"https:\\\/\\\/super-news.info\\\/pt\\\/?s={search_term_string}\"},\"query-input\":{\"@type\":\"PropertyValueSpecification\",\"valueRequired\":true,\"valueName\":\"search_term_string\"}}],\"inLanguage\":\"pt-PT\"},{\"@type\":\"Person\",\"@id\":\"https:\\\/\\\/super-news.info\\\/pt\\\/#\\\/schema\\\/person\\\/2d4068cb2f39cd10008c2fce578a7356\",\"name\":\"super-news\",\"image\":{\"@type\":\"ImageObject\",\"inLanguage\":\"pt-PT\",\"@id\":\"https:\\\/\\\/secure.gravatar.com\\\/avatar\\\/64ebac40b93f26a154f8a9b5b6fdccfc46f442b26b3dd6756dbff3bf9dc76fd7?s=96&d=mm&r=g\",\"url\":\"https:\\\/\\\/secure.gravatar.com\\\/avatar\\\/64ebac40b93f26a154f8a9b5b6fdccfc46f442b26b3dd6756dbff3bf9dc76fd7?s=96&d=mm&r=g\",\"contentUrl\":\"https:\\\/\\\/secure.gravatar.com\\\/avatar\\\/64ebac40b93f26a154f8a9b5b6fdccfc46f442b26b3dd6756dbff3bf9dc76fd7?s=96&d=mm&r=g\",\"caption\":\"super-news\"},\"url\":\"https:\\\/\\\/super-news.info\\\/pt\\\/author\\\/pt\\\/\"}]}<\/script>\n<!-- \/ Yoast SEO plugin. -->","yoast_head_json":{"title":"Habita\u00e7\u00e3o, a pe\u00e7a que faltou em 45 anos de Abril \u2013 O Jornal Econ\u00f3mico - Super News","robots":{"index":"index","follow":"follow","max-snippet":"max-snippet:-1","max-image-preview":"max-image-preview:large","max-video-preview":"max-video-preview:-1"},"canonical":"https:\/\/super-news.info\/pt\/habitacao-a-peca-que-faltou-em-45-anos-de-abril-o-jornal-economico\/","og_locale":"pt_PT","og_type":"article","og_title":"Habita\u00e7\u00e3o, a pe\u00e7a que faltou em 45 anos de Abril \u2013 O Jornal Econ\u00f3mico - Super News","og_description":"[ad_1] Passaram 45 anos sobre a Revolu\u00e7\u00e3o do 25 de Abril. Passaram 45 anos que vivemos em democracia com a promessa de uma sociedade justa, igualit\u00e1ria e fraterna. Cri\u00e1mos, como quem abre os olhos e constr\u00f3i a madrugada, o Estado social. Massific\u00e1mos e democratiz\u00e1mos a Escola P\u00fablica que arrancou Portugal do atraso de d\u00e9cadas \u2013 [&hellip;]","og_url":"https:\/\/super-news.info\/pt\/habitacao-a-peca-que-faltou-em-45-anos-de-abril-o-jornal-economico\/","og_site_name":"Super News","article_published_time":"2019-04-22T02:52:45+00:00","og_image":[{"width":200,"height":200,"url":"https:\/\/super-news.info\/pt\/wp-content\/uploads\/sites\/2\/2019\/04\/J\u00e1-podemos-falar-de-transportes-p\u00fablicos-gr\u00e1tis-\u2013-O-Jornal.png","type":"image\/png"}],"author":"super-news","twitter_card":"summary_large_image","twitter_misc":{"Escrito por":"super-news","Tempo estimado de leitura":"3 minutos"},"schema":{"@context":"https:\/\/schema.org","@graph":[{"@type":"Article","@id":"https:\/\/super-news.info\/pt\/habitacao-a-peca-que-faltou-em-45-anos-de-abril-o-jornal-economico\/#article","isPartOf":{"@id":"https:\/\/super-news.info\/pt\/habitacao-a-peca-que-faltou-em-45-anos-de-abril-o-jornal-economico\/"},"author":{"name":"super-news","@id":"https:\/\/super-news.info\/pt\/#\/schema\/person\/2d4068cb2f39cd10008c2fce578a7356"},"headline":"Habita\u00e7\u00e3o, a pe\u00e7a que faltou em 45 anos de Abril \u2013 O Jornal Econ\u00f3mico","datePublished":"2019-04-22T02:52:45+00:00","mainEntityOfPage":{"@id":"https:\/\/super-news.info\/pt\/habitacao-a-peca-que-faltou-em-45-anos-de-abril-o-jornal-economico\/"},"wordCount":565,"commentCount":0,"image":{"@id":"https:\/\/super-news.info\/pt\/habitacao-a-peca-que-faltou-em-45-anos-de-abril-o-jornal-economico\/#primaryimage"},"thumbnailUrl":"https:\/\/super-news.info\/pt\/wp-content\/uploads\/sites\/2\/2019\/04\/J\u00e1-podemos-falar-de-transportes-p\u00fablicos-gr\u00e1tis-\u2013-O-Jornal.png","articleSection":["NOT\u00cdCIAS FINANCEIRAS"],"inLanguage":"pt-PT","potentialAction":[{"@type":"CommentAction","name":"Comment","target":["https:\/\/super-news.info\/pt\/habitacao-a-peca-que-faltou-em-45-anos-de-abril-o-jornal-economico\/#respond"]}]},{"@type":"WebPage","@id":"https:\/\/super-news.info\/pt\/habitacao-a-peca-que-faltou-em-45-anos-de-abril-o-jornal-economico\/","url":"https:\/\/super-news.info\/pt\/habitacao-a-peca-que-faltou-em-45-anos-de-abril-o-jornal-economico\/","name":"Habita\u00e7\u00e3o, a pe\u00e7a que faltou em 45 anos de Abril \u2013 O Jornal Econ\u00f3mico - Super News","isPartOf":{"@id":"https:\/\/super-news.info\/pt\/#website"},"primaryImageOfPage":{"@id":"https:\/\/super-news.info\/pt\/habitacao-a-peca-que-faltou-em-45-anos-de-abril-o-jornal-economico\/#primaryimage"},"image":{"@id":"https:\/\/super-news.info\/pt\/habitacao-a-peca-que-faltou-em-45-anos-de-abril-o-jornal-economico\/#primaryimage"},"thumbnailUrl":"https:\/\/super-news.info\/pt\/wp-content\/uploads\/sites\/2\/2019\/04\/J\u00e1-podemos-falar-de-transportes-p\u00fablicos-gr\u00e1tis-\u2013-O-Jornal.png","datePublished":"2019-04-22T02:52:45+00:00","author":{"@id":"https:\/\/super-news.info\/pt\/#\/schema\/person\/2d4068cb2f39cd10008c2fce578a7356"},"breadcrumb":{"@id":"https:\/\/super-news.info\/pt\/habitacao-a-peca-que-faltou-em-45-anos-de-abril-o-jornal-economico\/#breadcrumb"},"inLanguage":"pt-PT","potentialAction":[{"@type":"ReadAction","target":["https:\/\/super-news.info\/pt\/habitacao-a-peca-que-faltou-em-45-anos-de-abril-o-jornal-economico\/"]}]},{"@type":"ImageObject","inLanguage":"pt-PT","@id":"https:\/\/super-news.info\/pt\/habitacao-a-peca-que-faltou-em-45-anos-de-abril-o-jornal-economico\/#primaryimage","url":"https:\/\/super-news.info\/pt\/wp-content\/uploads\/sites\/2\/2019\/04\/J\u00e1-podemos-falar-de-transportes-p\u00fablicos-gr\u00e1tis-\u2013-O-Jornal.png","contentUrl":"https:\/\/super-news.info\/pt\/wp-content\/uploads\/sites\/2\/2019\/04\/J\u00e1-podemos-falar-de-transportes-p\u00fablicos-gr\u00e1tis-\u2013-O-Jornal.png","width":200,"height":200,"caption":"J\u00e1 podemos falar de transportes p\u00fablicos gr\u00e1tis? \u2013 O Jornal Econ\u00f3mico"},{"@type":"BreadcrumbList","@id":"https:\/\/super-news.info\/pt\/habitacao-a-peca-que-faltou-em-45-anos-de-abril-o-jornal-economico\/#breadcrumb","itemListElement":[{"@type":"ListItem","position":1,"name":"\u0413\u043b\u0430\u0432\u043d\u0430\u044f \u0441\u0442\u0440\u0430\u043d\u0438\u0446\u0430","item":"https:\/\/super-news.info\/pt\/"},{"@type":"ListItem","position":2,"name":"Habita\u00e7\u00e3o, a pe\u00e7a que faltou em 45 anos de Abril \u2013 O Jornal Econ\u00f3mico"}]},{"@type":"WebSite","@id":"https:\/\/super-news.info\/pt\/#website","url":"https:\/\/super-news.info\/pt\/","name":"Super News","description":"Super News Portugal","potentialAction":[{"@type":"SearchAction","target":{"@type":"EntryPoint","urlTemplate":"https:\/\/super-news.info\/pt\/?s={search_term_string}"},"query-input":{"@type":"PropertyValueSpecification","valueRequired":true,"valueName":"search_term_string"}}],"inLanguage":"pt-PT"},{"@type":"Person","@id":"https:\/\/super-news.info\/pt\/#\/schema\/person\/2d4068cb2f39cd10008c2fce578a7356","name":"super-news","image":{"@type":"ImageObject","inLanguage":"pt-PT","@id":"https:\/\/secure.gravatar.com\/avatar\/64ebac40b93f26a154f8a9b5b6fdccfc46f442b26b3dd6756dbff3bf9dc76fd7?s=96&d=mm&r=g","url":"https:\/\/secure.gravatar.com\/avatar\/64ebac40b93f26a154f8a9b5b6fdccfc46f442b26b3dd6756dbff3bf9dc76fd7?s=96&d=mm&r=g","contentUrl":"https:\/\/secure.gravatar.com\/avatar\/64ebac40b93f26a154f8a9b5b6fdccfc46f442b26b3dd6756dbff3bf9dc76fd7?s=96&d=mm&r=g","caption":"super-news"},"url":"https:\/\/super-news.info\/pt\/author\/pt\/"}]}},"_links":{"self":[{"href":"https:\/\/super-news.info\/pt\/wp-json\/wp\/v2\/posts\/615","targetHints":{"allow":["GET"]}}],"collection":[{"href":"https:\/\/super-news.info\/pt\/wp-json\/wp\/v2\/posts"}],"about":[{"href":"https:\/\/super-news.info\/pt\/wp-json\/wp\/v2\/types\/post"}],"author":[{"embeddable":true,"href":"https:\/\/super-news.info\/pt\/wp-json\/wp\/v2\/users\/2"}],"replies":[{"embeddable":true,"href":"https:\/\/super-news.info\/pt\/wp-json\/wp\/v2\/comments?post=615"}],"version-history":[{"count":1,"href":"https:\/\/super-news.info\/pt\/wp-json\/wp\/v2\/posts\/615\/revisions"}],"predecessor-version":[{"id":616,"href":"https:\/\/super-news.info\/pt\/wp-json\/wp\/v2\/posts\/615\/revisions\/616"}],"wp:featuredmedia":[{"embeddable":true,"href":"https:\/\/super-news.info\/pt\/wp-json\/wp\/v2\/media\/136"}],"wp:attachment":[{"href":"https:\/\/super-news.info\/pt\/wp-json\/wp\/v2\/media?parent=615"}],"wp:term":[{"taxonomy":"category","embeddable":true,"href":"https:\/\/super-news.info\/pt\/wp-json\/wp\/v2\/categories?post=615"},{"taxonomy":"post_tag","embeddable":true,"href":"https:\/\/super-news.info\/pt\/wp-json\/wp\/v2\/tags?post=615"}],"curies":[{"name":"wp","href":"https:\/\/api.w.org\/{rel}","templated":true}]}}