{"id":607,"date":"2019-04-22T01:49:31","date_gmt":"2019-04-21T22:49:31","guid":{"rendered":"https:\/\/super-news.info\/pt\/portugal-em-materia-de-infraestruturas-de-transporte-de-combustivel-esta-no-terceiro-mundo-o-jornal-economico\/"},"modified":"2019-04-22T01:49:32","modified_gmt":"2019-04-21T22:49:32","slug":"portugal-em-materia-de-infraestruturas-de-transporte-de-combustivel-esta-no-terceiro-mundo-o-jornal-economico","status":"publish","type":"post","link":"https:\/\/super-news.info\/pt\/portugal-em-materia-de-infraestruturas-de-transporte-de-combustivel-esta-no-terceiro-mundo-o-jornal-economico\/","title":{"rendered":"Portugal em mat\u00e9ria de infraestruturas de transporte de combust\u00edvel est\u00e1 no terceiro mundo \u2013 O Jornal Econ\u00f3mico"},"content":{"rendered":"<p> [ad_1]<br \/>\n<\/p>\n<div>\n<p>Lu\u00eds Marques Mendes, comentador pol\u00edtico, disse hoje na SIC<\/p>\n<p>\u201cO Governo atual mal antes da greve, quando j\u00e1 se conhecia o pr\u00e9-aviso de greve o Governo\u00a0desvalorizou porque considerou que era uma quest\u00e3o entre privados, mas esqueceu-se que ia ter consequ\u00eancias graves no dom\u00ednio p\u00fablico\u201d, disse o comentador.<\/p>\n<p>\u201cDepois tamb\u00e9m nos dias anteriores \u00e0 greve podia ter mediado o conflito, isto \u00e9, ter feito aquilo que acabou por fazer no final. Podia ter um plano de interven\u00e7\u00e3o mais eficaz, por exemplo no racionamento do combust\u00edvel, se tivesse sido anunciado mais sido tinha sido mais eficiente\u201d, referiu Marques Mendes.<\/p>\n<p>\u201cO Governo decretou os servi\u00e7os m\u00ednimos para a Grande Lisboa e Grande Porto e o resto do pa\u00eds \u00e9 paisagem e s\u00e3o estes pol\u00edticos os que mais falam de descentraliza\u00e7\u00e3o, que\u00a0 mais dizem defender o interior\u201d, criticou.<\/p>\n<p>O Executivo agiu bem na parte final, na noite de quarta para quinta-feira, e conseguiu levar as partes a um acordo, considerou tamb\u00e9m Marques Mendes que elogiou Pedro Nuno Santos, o ministro negociador do Governo.<\/p>\n<p>Sobre a necessidade constru\u00e7\u00e3o de um oleoduto no aeroporto de Lisboa, Marques Mendes\u00a0lembrou que o pa\u00eds est\u00e1 vulner\u00e1vel. O abastecimento ao aeroporto do Porto j\u00e1 se faz com um oleoduto, mas o de Lisboa n\u00e3o. \u201cN\u00e3o h\u00e1 10 milh\u00f5es para um oleoduto que era um instrumento indispens\u00e1vel no aeroporto de Lisboa?\u201d, questiona o comentador.<\/p>\n<p>A AIE (Ag\u00eancia Internacional de Energia) diz que Portugal em mat\u00e9ria de infraestruturas de transporte de combust\u00edvel est\u00e1 no terceiro mundo.\u00a0Espanha tem 4.000 km de oleodutos, n\u00f3s temos 230 km.<\/p>\n<p>Recorde-se que a reuni\u00e3o entre Sindicato nacional dos motoristas de mat\u00e9rias perigosas e patr\u00f5es (ANTRAM) est\u00e1 marcada para dia 29 e o objetivo \u00e9 que at\u00e9 ao final do ano haja um acordo coletivo de trabalho.<\/p>\n<p>O sindicalismo menos politizado \u00e9 positivo, salienta o comentador.\u201dO sindicalismo em novos movimentos \u00e9 um sinal de que o paradigma est\u00e1 a mudar\u201d, falando do novo sindicato que com a greve da semana passada paralisou o pa\u00eds.<\/p>\n<p><strong>Programa de Estabilidade \u00e9 eleitoralista<\/strong><\/p>\n<p>\u00c9 uma exig\u00eancia de Bruxelas, mas o Governo aproveitou para fazer eleitoralismo. V\u00ea-se nas previs\u00f5es de crescimento demasiado otimistas. Por exemplo na previs\u00e3o de crescimento de 1,9% para este ano, na mesma semana em que a Alemanha baixou a sua previs\u00e3o de crescimento para este ano.<\/p>\n<p>Este Governo diz que daqui a dois anos talvez fa\u00e7a uma redu\u00e7\u00e3o da carga fiscal, o que \u00e9 mais um sinal do eleitoralismo.<\/p>\n<p>A sondagem de abril da Aximage volta a p\u00f4r PS e PSD empatados a pouco mais de um m\u00eas para as europeias. Isto apesar de medidas eleitoralistas como a dos passes sociais e o reembolso do IRS que este ano \u00e9 mais generoso.<\/p>\n<p>O veto da lei que pro\u00edbe as PPP \u2013 Parcerias P\u00fablica Privadas na sa\u00fade, noticiado pelo Expresso, foi defendido por Marques Mendes que considera que a op\u00e7\u00e3o ideol\u00f3gica n\u00e3o deve estar na lei de bases e deve sim ser mat\u00e9ria da op\u00e7\u00e3o de cada Governo.<\/p>\n<p>\u00a0<\/p>\n<p>\u00a0<\/p>\n<\/div>\n<p><script>\/*<![CDATA[*\/function facebookInit(){var js=document.createElement('script');js.src='https:\/\/connect.facebook.net\/pt_PT\/sdk.js#xfbml=1&#038;version=v3.1&#038;appId=1708066812789184&#038;autoLogAppEvents=1';return document.body.appendChild(js);}\nwindow.onscroll=function(){var rect=document.getElementsByClassName('je-post-content')[0].getBoundingClientRect();if(rect.bottom<window.innerHeight){facebookInit();window.onscroll=null;}}\/*]]>*\/<\/script><br \/>\n<br \/>[ad_2]<br \/>\n<br \/><a href=\"https:\/\/jornaleconomico.sapo.pt\/noticias\/marques-mendes-portugal-em-materia-de-infraestruturas-de-transporte-de-combustivel-esta-no-terceiro-mundo-436053\">Source link <\/a><\/p>\n","protected":false},"excerpt":{"rendered":"<p>[ad_1] Lu\u00eds Marques Mendes, comentador pol\u00edtico, disse hoje na SIC \u201cO Governo atual mal antes da greve, quando j\u00e1 se conhecia o pr\u00e9-aviso de greve o Governo\u00a0desvalorizou porque considerou que era uma quest\u00e3o entre privados, mas esqueceu-se que ia ter consequ\u00eancias graves no dom\u00ednio p\u00fablico\u201d, disse o comentador. \u201cDepois tamb\u00e9m nos dias anteriores \u00e0 greve [&hellip;]<\/p>\n","protected":false},"author":2,"featured_media":608,"comment_status":"open","ping_status":"open","sticky":false,"template":"","format":"standard","meta":{"footnotes":""},"categories":[1],"tags":[],"class_list":["post-607","post","type-post","status-publish","format-standard","has-post-thumbnail","hentry","category-noticias-financeiras"],"yoast_head":"<!-- This site is optimized with the Yoast SEO plugin v27.4 - https:\/\/yoast.com\/product\/yoast-seo-wordpress\/ -->\n<title>Portugal em mat\u00e9ria de infraestruturas de transporte de combust\u00edvel est\u00e1 no terceiro mundo \u2013 O Jornal Econ\u00f3mico - Super News<\/title>\n<meta name=\"robots\" content=\"index, follow, max-snippet:-1, max-image-preview:large, max-video-preview:-1\" \/>\n<link rel=\"canonical\" href=\"https:\/\/super-news.info\/pt\/portugal-em-materia-de-infraestruturas-de-transporte-de-combustivel-esta-no-terceiro-mundo-o-jornal-economico\/\" \/>\n<meta property=\"og:locale\" content=\"pt_PT\" \/>\n<meta property=\"og:type\" content=\"article\" \/>\n<meta property=\"og:title\" content=\"Portugal em mat\u00e9ria de infraestruturas de transporte de combust\u00edvel est\u00e1 no terceiro mundo \u2013 O Jornal Econ\u00f3mico - Super News\" \/>\n<meta property=\"og:description\" content=\"[ad_1] Lu\u00eds Marques Mendes, comentador pol\u00edtico, disse hoje na SIC \u201cO Governo atual mal antes da greve, quando j\u00e1 se conhecia o pr\u00e9-aviso de greve o Governo\u00a0desvalorizou porque considerou que era uma quest\u00e3o entre privados, mas esqueceu-se que ia ter consequ\u00eancias graves no dom\u00ednio p\u00fablico\u201d, disse o comentador. \u201cDepois tamb\u00e9m nos dias anteriores \u00e0 greve [&hellip;]\" \/>\n<meta property=\"og:url\" content=\"https:\/\/super-news.info\/pt\/portugal-em-materia-de-infraestruturas-de-transporte-de-combustivel-esta-no-terceiro-mundo-o-jornal-economico\/\" \/>\n<meta property=\"og:site_name\" content=\"Super News\" \/>\n<meta property=\"article:published_time\" content=\"2019-04-21T22:49:31+00:00\" \/>\n<meta property=\"article:modified_time\" content=\"2019-04-21T22:49:32+00:00\" \/>\n<meta property=\"og:image\" content=\"https:\/\/super-news.info\/pt\/wp-content\/uploads\/sites\/2\/2019\/04\/Portugal-em-mat\u00e9ria-de-infraestruturas-de-transporte-de-combust\u00edvel-est\u00e1.jpg\" \/>\n\t<meta property=\"og:image:width\" content=\"960\" \/>\n\t<meta property=\"og:image:height\" content=\"600\" \/>\n\t<meta property=\"og:image:type\" content=\"image\/jpeg\" \/>\n<meta name=\"author\" content=\"super-news\" \/>\n<meta name=\"twitter:card\" content=\"summary_large_image\" \/>\n<meta name=\"twitter:label1\" content=\"Escrito por\" \/>\n\t<meta name=\"twitter:data1\" content=\"super-news\" \/>\n\t<meta name=\"twitter:label2\" content=\"Tempo estimado de leitura\" \/>\n\t<meta name=\"twitter:data2\" content=\"3 minutos\" \/>\n<script type=\"application\/ld+json\" class=\"yoast-schema-graph\">{\"@context\":\"https:\\\/\\\/schema.org\",\"@graph\":[{\"@type\":\"Article\",\"@id\":\"https:\\\/\\\/super-news.info\\\/pt\\\/portugal-em-materia-de-infraestruturas-de-transporte-de-combustivel-esta-no-terceiro-mundo-o-jornal-economico\\\/#article\",\"isPartOf\":{\"@id\":\"https:\\\/\\\/super-news.info\\\/pt\\\/portugal-em-materia-de-infraestruturas-de-transporte-de-combustivel-esta-no-terceiro-mundo-o-jornal-economico\\\/\"},\"author\":{\"name\":\"super-news\",\"@id\":\"https:\\\/\\\/super-news.info\\\/pt\\\/#\\\/schema\\\/person\\\/2d4068cb2f39cd10008c2fce578a7356\"},\"headline\":\"Portugal em mat\u00e9ria de infraestruturas de transporte de combust\u00edvel est\u00e1 no terceiro mundo \u2013 O Jornal Econ\u00f3mico\",\"datePublished\":\"2019-04-21T22:49:31+00:00\",\"dateModified\":\"2019-04-21T22:49:32+00:00\",\"mainEntityOfPage\":{\"@id\":\"https:\\\/\\\/super-news.info\\\/pt\\\/portugal-em-materia-de-infraestruturas-de-transporte-de-combustivel-esta-no-terceiro-mundo-o-jornal-economico\\\/\"},\"wordCount\":548,\"commentCount\":0,\"image\":{\"@id\":\"https:\\\/\\\/super-news.info\\\/pt\\\/portugal-em-materia-de-infraestruturas-de-transporte-de-combustivel-esta-no-terceiro-mundo-o-jornal-economico\\\/#primaryimage\"},\"thumbnailUrl\":\"https:\\\/\\\/super-news.info\\\/pt\\\/wp-content\\\/uploads\\\/sites\\\/2\\\/2019\\\/04\\\/Portugal-em-mat\u00e9ria-de-infraestruturas-de-transporte-de-combust\u00edvel-est\u00e1.jpg\",\"articleSection\":[\"NOT\u00cdCIAS FINANCEIRAS\"],\"inLanguage\":\"pt-PT\",\"potentialAction\":[{\"@type\":\"CommentAction\",\"name\":\"Comment\",\"target\":[\"https:\\\/\\\/super-news.info\\\/pt\\\/portugal-em-materia-de-infraestruturas-de-transporte-de-combustivel-esta-no-terceiro-mundo-o-jornal-economico\\\/#respond\"]}]},{\"@type\":\"WebPage\",\"@id\":\"https:\\\/\\\/super-news.info\\\/pt\\\/portugal-em-materia-de-infraestruturas-de-transporte-de-combustivel-esta-no-terceiro-mundo-o-jornal-economico\\\/\",\"url\":\"https:\\\/\\\/super-news.info\\\/pt\\\/portugal-em-materia-de-infraestruturas-de-transporte-de-combustivel-esta-no-terceiro-mundo-o-jornal-economico\\\/\",\"name\":\"Portugal em mat\u00e9ria de infraestruturas de transporte de combust\u00edvel est\u00e1 no terceiro mundo \u2013 O Jornal Econ\u00f3mico - Super News\",\"isPartOf\":{\"@id\":\"https:\\\/\\\/super-news.info\\\/pt\\\/#website\"},\"primaryImageOfPage\":{\"@id\":\"https:\\\/\\\/super-news.info\\\/pt\\\/portugal-em-materia-de-infraestruturas-de-transporte-de-combustivel-esta-no-terceiro-mundo-o-jornal-economico\\\/#primaryimage\"},\"image\":{\"@id\":\"https:\\\/\\\/super-news.info\\\/pt\\\/portugal-em-materia-de-infraestruturas-de-transporte-de-combustivel-esta-no-terceiro-mundo-o-jornal-economico\\\/#primaryimage\"},\"thumbnailUrl\":\"https:\\\/\\\/super-news.info\\\/pt\\\/wp-content\\\/uploads\\\/sites\\\/2\\\/2019\\\/04\\\/Portugal-em-mat\u00e9ria-de-infraestruturas-de-transporte-de-combust\u00edvel-est\u00e1.jpg\",\"datePublished\":\"2019-04-21T22:49:31+00:00\",\"dateModified\":\"2019-04-21T22:49:32+00:00\",\"author\":{\"@id\":\"https:\\\/\\\/super-news.info\\\/pt\\\/#\\\/schema\\\/person\\\/2d4068cb2f39cd10008c2fce578a7356\"},\"breadcrumb\":{\"@id\":\"https:\\\/\\\/super-news.info\\\/pt\\\/portugal-em-materia-de-infraestruturas-de-transporte-de-combustivel-esta-no-terceiro-mundo-o-jornal-economico\\\/#breadcrumb\"},\"inLanguage\":\"pt-PT\",\"potentialAction\":[{\"@type\":\"ReadAction\",\"target\":[\"https:\\\/\\\/super-news.info\\\/pt\\\/portugal-em-materia-de-infraestruturas-de-transporte-de-combustivel-esta-no-terceiro-mundo-o-jornal-economico\\\/\"]}]},{\"@type\":\"ImageObject\",\"inLanguage\":\"pt-PT\",\"@id\":\"https:\\\/\\\/super-news.info\\\/pt\\\/portugal-em-materia-de-infraestruturas-de-transporte-de-combustivel-esta-no-terceiro-mundo-o-jornal-economico\\\/#primaryimage\",\"url\":\"https:\\\/\\\/super-news.info\\\/pt\\\/wp-content\\\/uploads\\\/sites\\\/2\\\/2019\\\/04\\\/Portugal-em-mat\u00e9ria-de-infraestruturas-de-transporte-de-combust\u00edvel-est\u00e1.jpg\",\"contentUrl\":\"https:\\\/\\\/super-news.info\\\/pt\\\/wp-content\\\/uploads\\\/sites\\\/2\\\/2019\\\/04\\\/Portugal-em-mat\u00e9ria-de-infraestruturas-de-transporte-de-combust\u00edvel-est\u00e1.jpg\",\"width\":960,\"height\":600,\"caption\":\"Portugal em mat\u00e9ria de infraestruturas de transporte de combust\u00edvel est\u00e1 no terceiro mundo \u2013 O Jornal Econ\u00f3mico\"},{\"@type\":\"BreadcrumbList\",\"@id\":\"https:\\\/\\\/super-news.info\\\/pt\\\/portugal-em-materia-de-infraestruturas-de-transporte-de-combustivel-esta-no-terceiro-mundo-o-jornal-economico\\\/#breadcrumb\",\"itemListElement\":[{\"@type\":\"ListItem\",\"position\":1,\"name\":\"\u0413\u043b\u0430\u0432\u043d\u0430\u044f \u0441\u0442\u0440\u0430\u043d\u0438\u0446\u0430\",\"item\":\"https:\\\/\\\/super-news.info\\\/pt\\\/\"},{\"@type\":\"ListItem\",\"position\":2,\"name\":\"Portugal em mat\u00e9ria de infraestruturas de transporte de combust\u00edvel est\u00e1 no terceiro mundo \u2013 O Jornal Econ\u00f3mico\"}]},{\"@type\":\"WebSite\",\"@id\":\"https:\\\/\\\/super-news.info\\\/pt\\\/#website\",\"url\":\"https:\\\/\\\/super-news.info\\\/pt\\\/\",\"name\":\"Super News\",\"description\":\"Super News Portugal\",\"potentialAction\":[{\"@type\":\"SearchAction\",\"target\":{\"@type\":\"EntryPoint\",\"urlTemplate\":\"https:\\\/\\\/super-news.info\\\/pt\\\/?s={search_term_string}\"},\"query-input\":{\"@type\":\"PropertyValueSpecification\",\"valueRequired\":true,\"valueName\":\"search_term_string\"}}],\"inLanguage\":\"pt-PT\"},{\"@type\":\"Person\",\"@id\":\"https:\\\/\\\/super-news.info\\\/pt\\\/#\\\/schema\\\/person\\\/2d4068cb2f39cd10008c2fce578a7356\",\"name\":\"super-news\",\"image\":{\"@type\":\"ImageObject\",\"inLanguage\":\"pt-PT\",\"@id\":\"https:\\\/\\\/secure.gravatar.com\\\/avatar\\\/64ebac40b93f26a154f8a9b5b6fdccfc46f442b26b3dd6756dbff3bf9dc76fd7?s=96&d=mm&r=g\",\"url\":\"https:\\\/\\\/secure.gravatar.com\\\/avatar\\\/64ebac40b93f26a154f8a9b5b6fdccfc46f442b26b3dd6756dbff3bf9dc76fd7?s=96&d=mm&r=g\",\"contentUrl\":\"https:\\\/\\\/secure.gravatar.com\\\/avatar\\\/64ebac40b93f26a154f8a9b5b6fdccfc46f442b26b3dd6756dbff3bf9dc76fd7?s=96&d=mm&r=g\",\"caption\":\"super-news\"},\"url\":\"https:\\\/\\\/super-news.info\\\/pt\\\/author\\\/pt\\\/\"}]}<\/script>\n<!-- \/ Yoast SEO plugin. -->","yoast_head_json":{"title":"Portugal em mat\u00e9ria de infraestruturas de transporte de combust\u00edvel est\u00e1 no terceiro mundo \u2013 O Jornal Econ\u00f3mico - Super News","robots":{"index":"index","follow":"follow","max-snippet":"max-snippet:-1","max-image-preview":"max-image-preview:large","max-video-preview":"max-video-preview:-1"},"canonical":"https:\/\/super-news.info\/pt\/portugal-em-materia-de-infraestruturas-de-transporte-de-combustivel-esta-no-terceiro-mundo-o-jornal-economico\/","og_locale":"pt_PT","og_type":"article","og_title":"Portugal em mat\u00e9ria de infraestruturas de transporte de combust\u00edvel est\u00e1 no terceiro mundo \u2013 O Jornal Econ\u00f3mico - Super News","og_description":"[ad_1] Lu\u00eds Marques Mendes, comentador pol\u00edtico, disse hoje na SIC \u201cO Governo atual mal antes da greve, quando j\u00e1 se conhecia o pr\u00e9-aviso de greve o Governo\u00a0desvalorizou porque considerou que era uma quest\u00e3o entre privados, mas esqueceu-se que ia ter consequ\u00eancias graves no dom\u00ednio p\u00fablico\u201d, disse o comentador. \u201cDepois tamb\u00e9m nos dias anteriores \u00e0 greve [&hellip;]","og_url":"https:\/\/super-news.info\/pt\/portugal-em-materia-de-infraestruturas-de-transporte-de-combustivel-esta-no-terceiro-mundo-o-jornal-economico\/","og_site_name":"Super News","article_published_time":"2019-04-21T22:49:31+00:00","article_modified_time":"2019-04-21T22:49:32+00:00","og_image":[{"width":960,"height":600,"url":"https:\/\/super-news.info\/pt\/wp-content\/uploads\/sites\/2\/2019\/04\/Portugal-em-mat\u00e9ria-de-infraestruturas-de-transporte-de-combust\u00edvel-est\u00e1.jpg","type":"image\/jpeg"}],"author":"super-news","twitter_card":"summary_large_image","twitter_misc":{"Escrito por":"super-news","Tempo estimado de leitura":"3 minutos"},"schema":{"@context":"https:\/\/schema.org","@graph":[{"@type":"Article","@id":"https:\/\/super-news.info\/pt\/portugal-em-materia-de-infraestruturas-de-transporte-de-combustivel-esta-no-terceiro-mundo-o-jornal-economico\/#article","isPartOf":{"@id":"https:\/\/super-news.info\/pt\/portugal-em-materia-de-infraestruturas-de-transporte-de-combustivel-esta-no-terceiro-mundo-o-jornal-economico\/"},"author":{"name":"super-news","@id":"https:\/\/super-news.info\/pt\/#\/schema\/person\/2d4068cb2f39cd10008c2fce578a7356"},"headline":"Portugal em mat\u00e9ria de infraestruturas de transporte de combust\u00edvel est\u00e1 no terceiro mundo \u2013 O Jornal Econ\u00f3mico","datePublished":"2019-04-21T22:49:31+00:00","dateModified":"2019-04-21T22:49:32+00:00","mainEntityOfPage":{"@id":"https:\/\/super-news.info\/pt\/portugal-em-materia-de-infraestruturas-de-transporte-de-combustivel-esta-no-terceiro-mundo-o-jornal-economico\/"},"wordCount":548,"commentCount":0,"image":{"@id":"https:\/\/super-news.info\/pt\/portugal-em-materia-de-infraestruturas-de-transporte-de-combustivel-esta-no-terceiro-mundo-o-jornal-economico\/#primaryimage"},"thumbnailUrl":"https:\/\/super-news.info\/pt\/wp-content\/uploads\/sites\/2\/2019\/04\/Portugal-em-mat\u00e9ria-de-infraestruturas-de-transporte-de-combust\u00edvel-est\u00e1.jpg","articleSection":["NOT\u00cdCIAS FINANCEIRAS"],"inLanguage":"pt-PT","potentialAction":[{"@type":"CommentAction","name":"Comment","target":["https:\/\/super-news.info\/pt\/portugal-em-materia-de-infraestruturas-de-transporte-de-combustivel-esta-no-terceiro-mundo-o-jornal-economico\/#respond"]}]},{"@type":"WebPage","@id":"https:\/\/super-news.info\/pt\/portugal-em-materia-de-infraestruturas-de-transporte-de-combustivel-esta-no-terceiro-mundo-o-jornal-economico\/","url":"https:\/\/super-news.info\/pt\/portugal-em-materia-de-infraestruturas-de-transporte-de-combustivel-esta-no-terceiro-mundo-o-jornal-economico\/","name":"Portugal em mat\u00e9ria de infraestruturas de transporte de combust\u00edvel est\u00e1 no terceiro mundo \u2013 O Jornal Econ\u00f3mico - Super News","isPartOf":{"@id":"https:\/\/super-news.info\/pt\/#website"},"primaryImageOfPage":{"@id":"https:\/\/super-news.info\/pt\/portugal-em-materia-de-infraestruturas-de-transporte-de-combustivel-esta-no-terceiro-mundo-o-jornal-economico\/#primaryimage"},"image":{"@id":"https:\/\/super-news.info\/pt\/portugal-em-materia-de-infraestruturas-de-transporte-de-combustivel-esta-no-terceiro-mundo-o-jornal-economico\/#primaryimage"},"thumbnailUrl":"https:\/\/super-news.info\/pt\/wp-content\/uploads\/sites\/2\/2019\/04\/Portugal-em-mat\u00e9ria-de-infraestruturas-de-transporte-de-combust\u00edvel-est\u00e1.jpg","datePublished":"2019-04-21T22:49:31+00:00","dateModified":"2019-04-21T22:49:32+00:00","author":{"@id":"https:\/\/super-news.info\/pt\/#\/schema\/person\/2d4068cb2f39cd10008c2fce578a7356"},"breadcrumb":{"@id":"https:\/\/super-news.info\/pt\/portugal-em-materia-de-infraestruturas-de-transporte-de-combustivel-esta-no-terceiro-mundo-o-jornal-economico\/#breadcrumb"},"inLanguage":"pt-PT","potentialAction":[{"@type":"ReadAction","target":["https:\/\/super-news.info\/pt\/portugal-em-materia-de-infraestruturas-de-transporte-de-combustivel-esta-no-terceiro-mundo-o-jornal-economico\/"]}]},{"@type":"ImageObject","inLanguage":"pt-PT","@id":"https:\/\/super-news.info\/pt\/portugal-em-materia-de-infraestruturas-de-transporte-de-combustivel-esta-no-terceiro-mundo-o-jornal-economico\/#primaryimage","url":"https:\/\/super-news.info\/pt\/wp-content\/uploads\/sites\/2\/2019\/04\/Portugal-em-mat\u00e9ria-de-infraestruturas-de-transporte-de-combust\u00edvel-est\u00e1.jpg","contentUrl":"https:\/\/super-news.info\/pt\/wp-content\/uploads\/sites\/2\/2019\/04\/Portugal-em-mat\u00e9ria-de-infraestruturas-de-transporte-de-combust\u00edvel-est\u00e1.jpg","width":960,"height":600,"caption":"Portugal em mat\u00e9ria de infraestruturas de transporte de combust\u00edvel est\u00e1 no terceiro mundo \u2013 O Jornal Econ\u00f3mico"},{"@type":"BreadcrumbList","@id":"https:\/\/super-news.info\/pt\/portugal-em-materia-de-infraestruturas-de-transporte-de-combustivel-esta-no-terceiro-mundo-o-jornal-economico\/#breadcrumb","itemListElement":[{"@type":"ListItem","position":1,"name":"\u0413\u043b\u0430\u0432\u043d\u0430\u044f \u0441\u0442\u0440\u0430\u043d\u0438\u0446\u0430","item":"https:\/\/super-news.info\/pt\/"},{"@type":"ListItem","position":2,"name":"Portugal em mat\u00e9ria de infraestruturas de transporte de combust\u00edvel est\u00e1 no terceiro mundo \u2013 O Jornal Econ\u00f3mico"}]},{"@type":"WebSite","@id":"https:\/\/super-news.info\/pt\/#website","url":"https:\/\/super-news.info\/pt\/","name":"Super News","description":"Super News Portugal","potentialAction":[{"@type":"SearchAction","target":{"@type":"EntryPoint","urlTemplate":"https:\/\/super-news.info\/pt\/?s={search_term_string}"},"query-input":{"@type":"PropertyValueSpecification","valueRequired":true,"valueName":"search_term_string"}}],"inLanguage":"pt-PT"},{"@type":"Person","@id":"https:\/\/super-news.info\/pt\/#\/schema\/person\/2d4068cb2f39cd10008c2fce578a7356","name":"super-news","image":{"@type":"ImageObject","inLanguage":"pt-PT","@id":"https:\/\/secure.gravatar.com\/avatar\/64ebac40b93f26a154f8a9b5b6fdccfc46f442b26b3dd6756dbff3bf9dc76fd7?s=96&d=mm&r=g","url":"https:\/\/secure.gravatar.com\/avatar\/64ebac40b93f26a154f8a9b5b6fdccfc46f442b26b3dd6756dbff3bf9dc76fd7?s=96&d=mm&r=g","contentUrl":"https:\/\/secure.gravatar.com\/avatar\/64ebac40b93f26a154f8a9b5b6fdccfc46f442b26b3dd6756dbff3bf9dc76fd7?s=96&d=mm&r=g","caption":"super-news"},"url":"https:\/\/super-news.info\/pt\/author\/pt\/"}]}},"_links":{"self":[{"href":"https:\/\/super-news.info\/pt\/wp-json\/wp\/v2\/posts\/607","targetHints":{"allow":["GET"]}}],"collection":[{"href":"https:\/\/super-news.info\/pt\/wp-json\/wp\/v2\/posts"}],"about":[{"href":"https:\/\/super-news.info\/pt\/wp-json\/wp\/v2\/types\/post"}],"author":[{"embeddable":true,"href":"https:\/\/super-news.info\/pt\/wp-json\/wp\/v2\/users\/2"}],"replies":[{"embeddable":true,"href":"https:\/\/super-news.info\/pt\/wp-json\/wp\/v2\/comments?post=607"}],"version-history":[{"count":1,"href":"https:\/\/super-news.info\/pt\/wp-json\/wp\/v2\/posts\/607\/revisions"}],"predecessor-version":[{"id":609,"href":"https:\/\/super-news.info\/pt\/wp-json\/wp\/v2\/posts\/607\/revisions\/609"}],"wp:featuredmedia":[{"embeddable":true,"href":"https:\/\/super-news.info\/pt\/wp-json\/wp\/v2\/media\/608"}],"wp:attachment":[{"href":"https:\/\/super-news.info\/pt\/wp-json\/wp\/v2\/media?parent=607"}],"wp:term":[{"taxonomy":"category","embeddable":true,"href":"https:\/\/super-news.info\/pt\/wp-json\/wp\/v2\/categories?post=607"},{"taxonomy":"post_tag","embeddable":true,"href":"https:\/\/super-news.info\/pt\/wp-json\/wp\/v2\/tags?post=607"}],"curies":[{"name":"wp","href":"https:\/\/api.w.org\/{rel}","templated":true}]}}