{"id":604,"date":"2019-04-21T22:49:50","date_gmt":"2019-04-21T19:49:50","guid":{"rendered":"https:\/\/super-news.info\/pt\/passageiros-da-mafrense-receiam-falta-de-autocarros-o-jornal-economico\/"},"modified":"2019-04-21T22:49:51","modified_gmt":"2019-04-21T19:49:51","slug":"passageiros-da-mafrense-receiam-falta-de-autocarros-o-jornal-economico","status":"publish","type":"post","link":"https:\/\/super-news.info\/pt\/passageiros-da-mafrense-receiam-falta-de-autocarros-o-jornal-economico\/","title":{"rendered":"Passageiros da Mafrense receiam falta de autocarros \u2013 O Jornal Econ\u00f3mico"},"content":{"rendered":"<p> [ad_1]<br \/>\n<\/p>\n<div>\n<p>\u2018\u2019As pessoas est\u00e3o preocupadas\u2019\u2019, desabafa Pedro Dur\u00e3o. \u201cConseguem comprar um passe mais barato mas t\u00eam receio de n\u00e3o conseguir dar-lhe uso\u201d, refere o moderador do grupo de WhatsApp de utentes dos autocarros da Mafrense ao JE.<\/p>\n<p>O coment\u00e1rio foi feito na ter\u00e7a-feira, 2 de abril, um dia depois de terem entrado em vigor os novos tarif\u00e1rios de transportes na \u00c1rea Metropolitana de Lisboa (AML). Esta nova medida, apresentada pelo Governo de Ant\u00f3nio Costa, traz benef\u00edcios aos portugueses tanto a n\u00edvel do acesso aos transportes na AML como tamb\u00e9m em poupan\u00e7as, que poder\u00e3o rondar os mil euros, anualmente.<\/p>\n<p>Apesar destes ganhos, para os clientes da Mafrense a hist\u00f3ria \u00e9 outra: est\u00e3o preocupados com a falta de autocarros para os dias que se avizinham.<\/p>\n<p>Na semana anterior \u00e0 entrada em vigor dos novos passes, os utentes de autocarros de Mafra foram alertados para a possibilidade de constrangimentos na circula\u00e7\u00e3o de transportes devido \u2018\u2019ao aumento de passageiros que se poder\u00e1 verificar\u2019\u2019. Contudo, estes constrangimentos ser\u00e3o, na verdade, provocados pela falta de motoristas.<\/p>\n<p>Em conversa com o JE, Nuno de Carmo, diretor operacional da Mafrense, confirmou a falta de recursos humanos para as opera\u00e7\u00f5es da empresa, real\u00e7ando que \u201ctemos 94 motoristas, mas n\u00e3o v\u00e3o ser suficientes para fazer circular todos os autocarros\u2019\u2019, confessou. \u2018\u2019N\u00e3o h\u00e1 motoristas no mercado, por isso temos dificuldades em recrutar mais profissionais\u2019\u2019.<\/p>\n<p>Por\u00e9m, as dificuldades n\u00e3o se resumem apenas \u00e0 falta de motoristas, mas tamb\u00e9m ao custo da forma\u00e7\u00e3o de profissionais que, segundo apurou o JE, rondam os tr\u00eas mil euros.<\/p>\n<p>O diretor da empresa de autocarros revelou ter havido um aumento significativo na procura dos novos t\u00edtulos.<\/p>\n<p>\u201cS\u00f3 na sexta-feira (30 de mar\u00e7o) registamos 500 novos pedidos de passe\u2019\u2019, explicou, revelando que \u201cregist\u00e1mos um aumento entre 10% a 15%\u201d. Mas considera que o n\u00famero total de pedidos poder\u00e1 crescer.<\/p>\n<p>Com o aumento de novos utentes, tamb\u00e9m a atual circula\u00e7\u00e3o de autocarros poder\u00e1 n\u00e3o ser suficiente apesar da empresa ter 96 autocarros operacionais e seis em plano de conting\u00eancia.<\/p>\n<p>A verdade \u00e9 que o n\u00famero de viaturas dispon\u00edveis n\u00e3o \u00e9 relevante dado n\u00e3o haver profissionais suficientes para conduzi-las.<\/p>\n<p>Quando questionado sobre se j\u00e1 se sentem dificuldades na circula\u00e7\u00e3o e transporte de utentes, Nuno de Carmo garantiu que \u2018\u2019ainda n\u00e3o\u2019\u2019, mas que com a crescente procura o desafio vai intensificar-se, \u2018\u2019vai haver um limite na capacidade de responder \u00e0 procura\u2019\u2019, confessou.<\/p>\n<p>J\u00e1 o porta-voz dos utentes da Mafrense contraria e garante que nos primeiros dois dias, ap\u00f3s a implementa\u00e7\u00e3o do novo passe, j\u00e1 se sentiram constrangimentos.<\/p>\n<p>\u201cUma coisa que n\u00e3o acontecia era ficarem pessoas nas paragens, mas durante esta semana j\u00e1 est\u00e1 a acontecer constantemente. E s\u00f3 se passaram dois dias\u201d, sublinhou. \u201cJ\u00e1 h\u00e1 gente a ficar em terra, muito mais do que na semana passada\u201d, remata.<\/p>\n<p>O aumento, contudo, n\u00e3o se sentiu apenas em Mafra. Segundo dados da OTLIS, que gere a bilh\u00e9tica dos transportes em Lisboa, foram pedidos 34.800 mil cart\u00f5es em mar\u00e7o. O n\u00famero de cart\u00f5es Lisboa VIVA pedidos ao longo do m\u00eas de mar\u00e7o aumentou 42,7% em rela\u00e7\u00e3o ao mesmo m\u00eas do ano passado, segundo dados disponibilizados pela empresa.<\/p>\n<p>O autarca da capital e presidente da AML \u2013 \u00c1rea Metropolitana de Lisboa, Fernando Medina, revelou que em mar\u00e7o de 2019 \u201cforam vendidos mais 70 mil t\u00edtulos Navegante do que em mar\u00e7o de 2018\u201d.<\/p>\n<p>Ainda que nem todos sejam novos utilizadores dos transportes p\u00fablicos, o n\u00famero reflete uma subida da procura na AML, em resultado da descida do pre\u00e7o dos passes, que entrou em vigor na segunda-feira passada.<\/p>\n<p>Cada passe para circular dentro de um dos 18 concelhos da AML, utilizando todos os transportes, fica agora por 30 euros, enquanto o passe para viajar dentro de toda a AML fica por 40 euros.<\/p>\n<p>A CP \u2013 Comboios de Portugal e o Metropolitano de Lisboa j\u00e1 informaram que v\u00e3o ajustar a sua oferta de meios circulantes caso a procura aumente.<\/p>\n<p>Em termos de refor\u00e7o do n\u00famero de autocarros a circular, a Carris, gerida pela C\u00e2mara de Lisboa, anunciou em declara\u00e7\u00f5es \u00e0 \u201cLusa\u201d<br \/>que prev\u00ea \u201cum aumento da oferta dos 8% a 10% em 2019\u201d.<\/p>\n<p>Por seu turno, a CP indica que \u201cmonitoriza em perman\u00eancia a evolu\u00e7\u00e3o da procura dos seus servi\u00e7os, no sentido de efetuar eventuais ajustamentos da oferta, sempre que pertinente e poss\u00edvel, no contexto dos recursos humanos e materiais dispon\u00edveis\u201d.<\/p>\n<p><em><strong>Artigo publicado na edi\u00e7\u00e3o n\u00ba 1983 de 5 de abril do Jornal Econ\u00f3mico<\/strong><\/em><\/p>\n<\/div>\n<p><script>\/*<![CDATA[*\/function facebookInit(){var js=document.createElement('script');js.src='https:\/\/connect.facebook.net\/pt_PT\/sdk.js#xfbml=1&#038;version=v3.1&#038;appId=1708066812789184&#038;autoLogAppEvents=1';return document.body.appendChild(js);}\nwindow.onscroll=function(){var rect=document.getElementsByClassName('je-post-content')[0].getBoundingClientRect();if(rect.bottom<window.innerHeight){facebookInit();window.onscroll=null;}}\/*]]>*\/<\/script><br \/>\n<br \/>[ad_2]<br \/>\n<br \/><a href=\"https:\/\/jornaleconomico.sapo.pt\/noticias\/passageiros-da-mafrense-receiam-falta-de-autocarros-435001\">Source link <\/a><\/p>\n","protected":false},"excerpt":{"rendered":"<p>[ad_1] \u2018\u2019As pessoas est\u00e3o preocupadas\u2019\u2019, desabafa Pedro Dur\u00e3o. \u201cConseguem comprar um passe mais barato mas t\u00eam receio de n\u00e3o conseguir dar-lhe uso\u201d, refere o moderador do grupo de WhatsApp de utentes dos autocarros da Mafrense ao JE. O coment\u00e1rio foi feito na ter\u00e7a-feira, 2 de abril, um dia depois de terem entrado em vigor os [&hellip;]<\/p>\n","protected":false},"author":2,"featured_media":605,"comment_status":"open","ping_status":"open","sticky":false,"template":"","format":"standard","meta":{"footnotes":""},"categories":[1],"tags":[],"class_list":["post-604","post","type-post","status-publish","format-standard","has-post-thumbnail","hentry","category-noticias-financeiras"],"yoast_head":"<!-- This site is optimized with the Yoast SEO plugin v27.4 - https:\/\/yoast.com\/product\/yoast-seo-wordpress\/ -->\n<title>Passageiros da Mafrense receiam falta de autocarros \u2013 O Jornal Econ\u00f3mico - Super News<\/title>\n<meta name=\"robots\" content=\"index, follow, max-snippet:-1, max-image-preview:large, max-video-preview:-1\" \/>\n<link rel=\"canonical\" href=\"https:\/\/super-news.info\/pt\/passageiros-da-mafrense-receiam-falta-de-autocarros-o-jornal-economico\/\" \/>\n<meta property=\"og:locale\" content=\"pt_PT\" \/>\n<meta property=\"og:type\" content=\"article\" \/>\n<meta property=\"og:title\" content=\"Passageiros da Mafrense receiam falta de autocarros \u2013 O Jornal Econ\u00f3mico - Super News\" \/>\n<meta property=\"og:description\" content=\"[ad_1] \u2018\u2019As pessoas est\u00e3o preocupadas\u2019\u2019, desabafa Pedro Dur\u00e3o. \u201cConseguem comprar um passe mais barato mas t\u00eam receio de n\u00e3o conseguir dar-lhe uso\u201d, refere o moderador do grupo de WhatsApp de utentes dos autocarros da Mafrense ao JE. O coment\u00e1rio foi feito na ter\u00e7a-feira, 2 de abril, um dia depois de terem entrado em vigor os [&hellip;]\" \/>\n<meta property=\"og:url\" content=\"https:\/\/super-news.info\/pt\/passageiros-da-mafrense-receiam-falta-de-autocarros-o-jornal-economico\/\" \/>\n<meta property=\"og:site_name\" content=\"Super News\" \/>\n<meta property=\"article:published_time\" content=\"2019-04-21T19:49:50+00:00\" \/>\n<meta property=\"article:modified_time\" content=\"2019-04-21T19:49:51+00:00\" \/>\n<meta property=\"og:image\" content=\"https:\/\/super-news.info\/pt\/wp-content\/uploads\/sites\/2\/2019\/04\/Passageiros-da-Mafrense-receiam-falta-de-autocarros-\u2013-O-Jornal.jpg\" \/>\n\t<meta property=\"og:image:width\" content=\"960\" \/>\n\t<meta property=\"og:image:height\" content=\"600\" \/>\n\t<meta property=\"og:image:type\" content=\"image\/jpeg\" \/>\n<meta name=\"author\" content=\"super-news\" \/>\n<meta name=\"twitter:card\" content=\"summary_large_image\" \/>\n<meta name=\"twitter:label1\" content=\"Escrito por\" \/>\n\t<meta name=\"twitter:data1\" content=\"super-news\" \/>\n\t<meta name=\"twitter:label2\" content=\"Tempo estimado de leitura\" \/>\n\t<meta name=\"twitter:data2\" content=\"4 minutos\" \/>\n<script type=\"application\/ld+json\" class=\"yoast-schema-graph\">{\"@context\":\"https:\\\/\\\/schema.org\",\"@graph\":[{\"@type\":\"Article\",\"@id\":\"https:\\\/\\\/super-news.info\\\/pt\\\/passageiros-da-mafrense-receiam-falta-de-autocarros-o-jornal-economico\\\/#article\",\"isPartOf\":{\"@id\":\"https:\\\/\\\/super-news.info\\\/pt\\\/passageiros-da-mafrense-receiam-falta-de-autocarros-o-jornal-economico\\\/\"},\"author\":{\"name\":\"super-news\",\"@id\":\"https:\\\/\\\/super-news.info\\\/pt\\\/#\\\/schema\\\/person\\\/2d4068cb2f39cd10008c2fce578a7356\"},\"headline\":\"Passageiros da Mafrense receiam falta de autocarros \u2013 O Jornal Econ\u00f3mico\",\"datePublished\":\"2019-04-21T19:49:50+00:00\",\"dateModified\":\"2019-04-21T19:49:51+00:00\",\"mainEntityOfPage\":{\"@id\":\"https:\\\/\\\/super-news.info\\\/pt\\\/passageiros-da-mafrense-receiam-falta-de-autocarros-o-jornal-economico\\\/\"},\"wordCount\":784,\"commentCount\":0,\"image\":{\"@id\":\"https:\\\/\\\/super-news.info\\\/pt\\\/passageiros-da-mafrense-receiam-falta-de-autocarros-o-jornal-economico\\\/#primaryimage\"},\"thumbnailUrl\":\"https:\\\/\\\/super-news.info\\\/pt\\\/wp-content\\\/uploads\\\/sites\\\/2\\\/2019\\\/04\\\/Passageiros-da-Mafrense-receiam-falta-de-autocarros-\u2013-O-Jornal.jpg\",\"articleSection\":[\"NOT\u00cdCIAS FINANCEIRAS\"],\"inLanguage\":\"pt-PT\",\"potentialAction\":[{\"@type\":\"CommentAction\",\"name\":\"Comment\",\"target\":[\"https:\\\/\\\/super-news.info\\\/pt\\\/passageiros-da-mafrense-receiam-falta-de-autocarros-o-jornal-economico\\\/#respond\"]}]},{\"@type\":\"WebPage\",\"@id\":\"https:\\\/\\\/super-news.info\\\/pt\\\/passageiros-da-mafrense-receiam-falta-de-autocarros-o-jornal-economico\\\/\",\"url\":\"https:\\\/\\\/super-news.info\\\/pt\\\/passageiros-da-mafrense-receiam-falta-de-autocarros-o-jornal-economico\\\/\",\"name\":\"Passageiros da Mafrense receiam falta de autocarros \u2013 O Jornal Econ\u00f3mico - Super News\",\"isPartOf\":{\"@id\":\"https:\\\/\\\/super-news.info\\\/pt\\\/#website\"},\"primaryImageOfPage\":{\"@id\":\"https:\\\/\\\/super-news.info\\\/pt\\\/passageiros-da-mafrense-receiam-falta-de-autocarros-o-jornal-economico\\\/#primaryimage\"},\"image\":{\"@id\":\"https:\\\/\\\/super-news.info\\\/pt\\\/passageiros-da-mafrense-receiam-falta-de-autocarros-o-jornal-economico\\\/#primaryimage\"},\"thumbnailUrl\":\"https:\\\/\\\/super-news.info\\\/pt\\\/wp-content\\\/uploads\\\/sites\\\/2\\\/2019\\\/04\\\/Passageiros-da-Mafrense-receiam-falta-de-autocarros-\u2013-O-Jornal.jpg\",\"datePublished\":\"2019-04-21T19:49:50+00:00\",\"dateModified\":\"2019-04-21T19:49:51+00:00\",\"author\":{\"@id\":\"https:\\\/\\\/super-news.info\\\/pt\\\/#\\\/schema\\\/person\\\/2d4068cb2f39cd10008c2fce578a7356\"},\"breadcrumb\":{\"@id\":\"https:\\\/\\\/super-news.info\\\/pt\\\/passageiros-da-mafrense-receiam-falta-de-autocarros-o-jornal-economico\\\/#breadcrumb\"},\"inLanguage\":\"pt-PT\",\"potentialAction\":[{\"@type\":\"ReadAction\",\"target\":[\"https:\\\/\\\/super-news.info\\\/pt\\\/passageiros-da-mafrense-receiam-falta-de-autocarros-o-jornal-economico\\\/\"]}]},{\"@type\":\"ImageObject\",\"inLanguage\":\"pt-PT\",\"@id\":\"https:\\\/\\\/super-news.info\\\/pt\\\/passageiros-da-mafrense-receiam-falta-de-autocarros-o-jornal-economico\\\/#primaryimage\",\"url\":\"https:\\\/\\\/super-news.info\\\/pt\\\/wp-content\\\/uploads\\\/sites\\\/2\\\/2019\\\/04\\\/Passageiros-da-Mafrense-receiam-falta-de-autocarros-\u2013-O-Jornal.jpg\",\"contentUrl\":\"https:\\\/\\\/super-news.info\\\/pt\\\/wp-content\\\/uploads\\\/sites\\\/2\\\/2019\\\/04\\\/Passageiros-da-Mafrense-receiam-falta-de-autocarros-\u2013-O-Jornal.jpg\",\"width\":960,\"height\":600,\"caption\":\"Passageiros da Mafrense receiam falta de autocarros \u2013 O Jornal Econ\u00f3mico\"},{\"@type\":\"BreadcrumbList\",\"@id\":\"https:\\\/\\\/super-news.info\\\/pt\\\/passageiros-da-mafrense-receiam-falta-de-autocarros-o-jornal-economico\\\/#breadcrumb\",\"itemListElement\":[{\"@type\":\"ListItem\",\"position\":1,\"name\":\"\u0413\u043b\u0430\u0432\u043d\u0430\u044f \u0441\u0442\u0440\u0430\u043d\u0438\u0446\u0430\",\"item\":\"https:\\\/\\\/super-news.info\\\/pt\\\/\"},{\"@type\":\"ListItem\",\"position\":2,\"name\":\"Passageiros da Mafrense receiam falta de autocarros \u2013 O Jornal Econ\u00f3mico\"}]},{\"@type\":\"WebSite\",\"@id\":\"https:\\\/\\\/super-news.info\\\/pt\\\/#website\",\"url\":\"https:\\\/\\\/super-news.info\\\/pt\\\/\",\"name\":\"Super News\",\"description\":\"Super News Portugal\",\"potentialAction\":[{\"@type\":\"SearchAction\",\"target\":{\"@type\":\"EntryPoint\",\"urlTemplate\":\"https:\\\/\\\/super-news.info\\\/pt\\\/?s={search_term_string}\"},\"query-input\":{\"@type\":\"PropertyValueSpecification\",\"valueRequired\":true,\"valueName\":\"search_term_string\"}}],\"inLanguage\":\"pt-PT\"},{\"@type\":\"Person\",\"@id\":\"https:\\\/\\\/super-news.info\\\/pt\\\/#\\\/schema\\\/person\\\/2d4068cb2f39cd10008c2fce578a7356\",\"name\":\"super-news\",\"image\":{\"@type\":\"ImageObject\",\"inLanguage\":\"pt-PT\",\"@id\":\"https:\\\/\\\/secure.gravatar.com\\\/avatar\\\/64ebac40b93f26a154f8a9b5b6fdccfc46f442b26b3dd6756dbff3bf9dc76fd7?s=96&d=mm&r=g\",\"url\":\"https:\\\/\\\/secure.gravatar.com\\\/avatar\\\/64ebac40b93f26a154f8a9b5b6fdccfc46f442b26b3dd6756dbff3bf9dc76fd7?s=96&d=mm&r=g\",\"contentUrl\":\"https:\\\/\\\/secure.gravatar.com\\\/avatar\\\/64ebac40b93f26a154f8a9b5b6fdccfc46f442b26b3dd6756dbff3bf9dc76fd7?s=96&d=mm&r=g\",\"caption\":\"super-news\"},\"url\":\"https:\\\/\\\/super-news.info\\\/pt\\\/author\\\/pt\\\/\"}]}<\/script>\n<!-- \/ Yoast SEO plugin. -->","yoast_head_json":{"title":"Passageiros da Mafrense receiam falta de autocarros \u2013 O Jornal Econ\u00f3mico - Super News","robots":{"index":"index","follow":"follow","max-snippet":"max-snippet:-1","max-image-preview":"max-image-preview:large","max-video-preview":"max-video-preview:-1"},"canonical":"https:\/\/super-news.info\/pt\/passageiros-da-mafrense-receiam-falta-de-autocarros-o-jornal-economico\/","og_locale":"pt_PT","og_type":"article","og_title":"Passageiros da Mafrense receiam falta de autocarros \u2013 O Jornal Econ\u00f3mico - Super News","og_description":"[ad_1] \u2018\u2019As pessoas est\u00e3o preocupadas\u2019\u2019, desabafa Pedro Dur\u00e3o. \u201cConseguem comprar um passe mais barato mas t\u00eam receio de n\u00e3o conseguir dar-lhe uso\u201d, refere o moderador do grupo de WhatsApp de utentes dos autocarros da Mafrense ao JE. O coment\u00e1rio foi feito na ter\u00e7a-feira, 2 de abril, um dia depois de terem entrado em vigor os [&hellip;]","og_url":"https:\/\/super-news.info\/pt\/passageiros-da-mafrense-receiam-falta-de-autocarros-o-jornal-economico\/","og_site_name":"Super News","article_published_time":"2019-04-21T19:49:50+00:00","article_modified_time":"2019-04-21T19:49:51+00:00","og_image":[{"width":960,"height":600,"url":"https:\/\/super-news.info\/pt\/wp-content\/uploads\/sites\/2\/2019\/04\/Passageiros-da-Mafrense-receiam-falta-de-autocarros-\u2013-O-Jornal.jpg","type":"image\/jpeg"}],"author":"super-news","twitter_card":"summary_large_image","twitter_misc":{"Escrito por":"super-news","Tempo estimado de leitura":"4 minutos"},"schema":{"@context":"https:\/\/schema.org","@graph":[{"@type":"Article","@id":"https:\/\/super-news.info\/pt\/passageiros-da-mafrense-receiam-falta-de-autocarros-o-jornal-economico\/#article","isPartOf":{"@id":"https:\/\/super-news.info\/pt\/passageiros-da-mafrense-receiam-falta-de-autocarros-o-jornal-economico\/"},"author":{"name":"super-news","@id":"https:\/\/super-news.info\/pt\/#\/schema\/person\/2d4068cb2f39cd10008c2fce578a7356"},"headline":"Passageiros da Mafrense receiam falta de autocarros \u2013 O Jornal Econ\u00f3mico","datePublished":"2019-04-21T19:49:50+00:00","dateModified":"2019-04-21T19:49:51+00:00","mainEntityOfPage":{"@id":"https:\/\/super-news.info\/pt\/passageiros-da-mafrense-receiam-falta-de-autocarros-o-jornal-economico\/"},"wordCount":784,"commentCount":0,"image":{"@id":"https:\/\/super-news.info\/pt\/passageiros-da-mafrense-receiam-falta-de-autocarros-o-jornal-economico\/#primaryimage"},"thumbnailUrl":"https:\/\/super-news.info\/pt\/wp-content\/uploads\/sites\/2\/2019\/04\/Passageiros-da-Mafrense-receiam-falta-de-autocarros-\u2013-O-Jornal.jpg","articleSection":["NOT\u00cdCIAS FINANCEIRAS"],"inLanguage":"pt-PT","potentialAction":[{"@type":"CommentAction","name":"Comment","target":["https:\/\/super-news.info\/pt\/passageiros-da-mafrense-receiam-falta-de-autocarros-o-jornal-economico\/#respond"]}]},{"@type":"WebPage","@id":"https:\/\/super-news.info\/pt\/passageiros-da-mafrense-receiam-falta-de-autocarros-o-jornal-economico\/","url":"https:\/\/super-news.info\/pt\/passageiros-da-mafrense-receiam-falta-de-autocarros-o-jornal-economico\/","name":"Passageiros da Mafrense receiam falta de autocarros \u2013 O Jornal Econ\u00f3mico - Super News","isPartOf":{"@id":"https:\/\/super-news.info\/pt\/#website"},"primaryImageOfPage":{"@id":"https:\/\/super-news.info\/pt\/passageiros-da-mafrense-receiam-falta-de-autocarros-o-jornal-economico\/#primaryimage"},"image":{"@id":"https:\/\/super-news.info\/pt\/passageiros-da-mafrense-receiam-falta-de-autocarros-o-jornal-economico\/#primaryimage"},"thumbnailUrl":"https:\/\/super-news.info\/pt\/wp-content\/uploads\/sites\/2\/2019\/04\/Passageiros-da-Mafrense-receiam-falta-de-autocarros-\u2013-O-Jornal.jpg","datePublished":"2019-04-21T19:49:50+00:00","dateModified":"2019-04-21T19:49:51+00:00","author":{"@id":"https:\/\/super-news.info\/pt\/#\/schema\/person\/2d4068cb2f39cd10008c2fce578a7356"},"breadcrumb":{"@id":"https:\/\/super-news.info\/pt\/passageiros-da-mafrense-receiam-falta-de-autocarros-o-jornal-economico\/#breadcrumb"},"inLanguage":"pt-PT","potentialAction":[{"@type":"ReadAction","target":["https:\/\/super-news.info\/pt\/passageiros-da-mafrense-receiam-falta-de-autocarros-o-jornal-economico\/"]}]},{"@type":"ImageObject","inLanguage":"pt-PT","@id":"https:\/\/super-news.info\/pt\/passageiros-da-mafrense-receiam-falta-de-autocarros-o-jornal-economico\/#primaryimage","url":"https:\/\/super-news.info\/pt\/wp-content\/uploads\/sites\/2\/2019\/04\/Passageiros-da-Mafrense-receiam-falta-de-autocarros-\u2013-O-Jornal.jpg","contentUrl":"https:\/\/super-news.info\/pt\/wp-content\/uploads\/sites\/2\/2019\/04\/Passageiros-da-Mafrense-receiam-falta-de-autocarros-\u2013-O-Jornal.jpg","width":960,"height":600,"caption":"Passageiros da Mafrense receiam falta de autocarros \u2013 O Jornal Econ\u00f3mico"},{"@type":"BreadcrumbList","@id":"https:\/\/super-news.info\/pt\/passageiros-da-mafrense-receiam-falta-de-autocarros-o-jornal-economico\/#breadcrumb","itemListElement":[{"@type":"ListItem","position":1,"name":"\u0413\u043b\u0430\u0432\u043d\u0430\u044f \u0441\u0442\u0440\u0430\u043d\u0438\u0446\u0430","item":"https:\/\/super-news.info\/pt\/"},{"@type":"ListItem","position":2,"name":"Passageiros da Mafrense receiam falta de autocarros \u2013 O Jornal Econ\u00f3mico"}]},{"@type":"WebSite","@id":"https:\/\/super-news.info\/pt\/#website","url":"https:\/\/super-news.info\/pt\/","name":"Super News","description":"Super News Portugal","potentialAction":[{"@type":"SearchAction","target":{"@type":"EntryPoint","urlTemplate":"https:\/\/super-news.info\/pt\/?s={search_term_string}"},"query-input":{"@type":"PropertyValueSpecification","valueRequired":true,"valueName":"search_term_string"}}],"inLanguage":"pt-PT"},{"@type":"Person","@id":"https:\/\/super-news.info\/pt\/#\/schema\/person\/2d4068cb2f39cd10008c2fce578a7356","name":"super-news","image":{"@type":"ImageObject","inLanguage":"pt-PT","@id":"https:\/\/secure.gravatar.com\/avatar\/64ebac40b93f26a154f8a9b5b6fdccfc46f442b26b3dd6756dbff3bf9dc76fd7?s=96&d=mm&r=g","url":"https:\/\/secure.gravatar.com\/avatar\/64ebac40b93f26a154f8a9b5b6fdccfc46f442b26b3dd6756dbff3bf9dc76fd7?s=96&d=mm&r=g","contentUrl":"https:\/\/secure.gravatar.com\/avatar\/64ebac40b93f26a154f8a9b5b6fdccfc46f442b26b3dd6756dbff3bf9dc76fd7?s=96&d=mm&r=g","caption":"super-news"},"url":"https:\/\/super-news.info\/pt\/author\/pt\/"}]}},"_links":{"self":[{"href":"https:\/\/super-news.info\/pt\/wp-json\/wp\/v2\/posts\/604","targetHints":{"allow":["GET"]}}],"collection":[{"href":"https:\/\/super-news.info\/pt\/wp-json\/wp\/v2\/posts"}],"about":[{"href":"https:\/\/super-news.info\/pt\/wp-json\/wp\/v2\/types\/post"}],"author":[{"embeddable":true,"href":"https:\/\/super-news.info\/pt\/wp-json\/wp\/v2\/users\/2"}],"replies":[{"embeddable":true,"href":"https:\/\/super-news.info\/pt\/wp-json\/wp\/v2\/comments?post=604"}],"version-history":[{"count":1,"href":"https:\/\/super-news.info\/pt\/wp-json\/wp\/v2\/posts\/604\/revisions"}],"predecessor-version":[{"id":606,"href":"https:\/\/super-news.info\/pt\/wp-json\/wp\/v2\/posts\/604\/revisions\/606"}],"wp:featuredmedia":[{"embeddable":true,"href":"https:\/\/super-news.info\/pt\/wp-json\/wp\/v2\/media\/605"}],"wp:attachment":[{"href":"https:\/\/super-news.info\/pt\/wp-json\/wp\/v2\/media?parent=604"}],"wp:term":[{"taxonomy":"category","embeddable":true,"href":"https:\/\/super-news.info\/pt\/wp-json\/wp\/v2\/categories?post=604"},{"taxonomy":"post_tag","embeddable":true,"href":"https:\/\/super-news.info\/pt\/wp-json\/wp\/v2\/tags?post=604"}],"curies":[{"name":"wp","href":"https:\/\/api.w.org\/{rel}","templated":true}]}}