{"id":593,"date":"2019-04-21T15:39:42","date_gmt":"2019-04-21T12:39:42","guid":{"rendered":"https:\/\/super-news.info\/pt\/pr-de-angola-atribui-58-me-para-criar-500-mil-empregos-ate-2021-o-jornal-economico\/"},"modified":"2019-04-21T15:39:43","modified_gmt":"2019-04-21T12:39:43","slug":"pr-de-angola-atribui-58-me-para-criar-500-mil-empregos-ate-2021-o-jornal-economico","status":"publish","type":"post","link":"https:\/\/super-news.info\/pt\/pr-de-angola-atribui-58-me-para-criar-500-mil-empregos-ate-2021-o-jornal-economico\/","title":{"rendered":"PR de Angola atribui 58 ME para criar 500 mil empregos at\u00e9 2021 \u2013 O Jornal Econ\u00f3mico"},"content":{"rendered":"<p> [ad_1]<br \/>\n<\/p>\n<div>\n<p>O Presidente angolano aprovou um decreto que prev\u00ea a disponibiliza\u00e7\u00e3o de 21 mil milh\u00f5es de kwanzas (58,3 milh\u00f5es de euros) para combater o desemprego, dando cumprimento \u00e0 promessa feita em 2017 de criar 500 mil empregos na legislatura.<\/p>\n<p>No decreto 113\/19, de 16 deste m\u00eas, a que a ag\u00eancia Lusa teve hoje acesso, Jo\u00e3o Louren\u00e7o aprova o Plano de A\u00e7\u00e3o para Promo\u00e7\u00e3o da Empregabilidade (PAPE), que prev\u00ea que os empregos \u201cdever\u00e3o ser criados e absorvidos pelo setor produtivo da economia e n\u00e3o pela administra\u00e7\u00e3o p\u00fablica, como muitas vezes se afirma\u201d.<\/p>\n<p>A verba ser\u00e1 proveniente do Or\u00e7amento Geral do Estado (GE) e do Fundo de Petr\u00f3leo, l\u00ea-se no documento, que adianta que o PAPE servir\u00e1 de \u201cinstrumento de gest\u00e3o operacional destinado a fomentar e apoiar o esp\u00edrito de iniciativa na juventude\u201d.<\/p>\n<p>O plano pretende apoiar tamb\u00e9m os empreendedores j\u00e1 estabelecidos e os emergentes, bem como formar jovens empreendedores nos dom\u00ednios t\u00e9cnico-profissional e de gest\u00e3o de pequenos neg\u00f3cios, e dever\u00e1 contribuir para o processo de promo\u00e7\u00e3o da inclus\u00e3o financeira, fiscal e social dos jovens, al\u00e9m de fomentar o cooperativismo e o associativismo juvenil.<\/p>\n<p>\u201cContribuir para a melhoria do rendimento familiar\u201d e, consequentemente, \u201cpara o crescimento e o desenvolvimento socioecon\u00f3mico do Pa\u00eds\u201d, e \u201cpara o processo de combate \u00e0 fome e \u00e0 pobreza\u201d, s\u00e3o outros dos objetivos do PAPE, que pretende ainda \u201cvalorizar o exerc\u00edcio das profiss\u00f5es\/ocupa\u00e7\u00f5es, \u00fateis \u00e0 sociedade\u201d.<\/p>\n<p>Na perspetiva do Presidente angolano, o diploma dever\u00e1 tamb\u00e9m \u201ccontribuir para a bancariza\u00e7\u00e3o e educa\u00e7\u00e3o financeira das fam\u00edlias\u201d e para \u201co processo de reconvers\u00e3o da economia informal para a formal\u201d.<\/p>\n<p>\u201cApesar da grande oferta de m\u00e3o-de-obra existente\u201d, refere-se no decreto, \u201co setor produtivo da economia n\u00e3o tem capacidade para absorver a for\u00e7a de trabalho dispon\u00edvel, resultando numa taxa de desemprego estimada em 21%, segundo dados do INE, tratando-se de uma situa\u00e7\u00e3o de desemprego estrutural\u201d.<\/p>\n<p>Segundo os mais recentes dados do INE, referentes a 2018, a que a Lusa teve acesso s\u00e1bado, a taxa de desemprego em Angola situa-se nos 28,8%.<\/p>\n<p>O documento adianta tornar-se \u201cnecess\u00e1rio, a curto e m\u00e9dio prazos, implementar programas e medidas de redu\u00e7\u00e3o do desemprego em combina\u00e7\u00e3o com os demais setores ministeriais, em dom\u00ednios como a agricultura, pescas, pecu\u00e1ria, constru\u00e7\u00e3o civil, energia e \u00e1guas, turismo e outros, propondo-se o ajustamento dos perfis profissionais dos cidad\u00e3os \u00e0s reais necessidades do mercado de emprego e da economia\u201d.<\/p>\n<p>Isto ser\u00e1 feito, acredita o Governo, \u201cpela via da forma\u00e7\u00e3o e requalifica\u00e7\u00e3o profissional, seguramente, uma medida de pol\u00edtica destinada a combater este desemprego estrutural e com grandes oportunidades de obten\u00e7\u00e3o de resultados nos curto e m\u00e9dio prazos\u201d.<\/p>\n<p>Os jovens desempregados e os que est\u00e3o \u00e0 procura do primeiro emprego s\u00e3o o p\u00fablico-alvo do PAPE, que se destina igualmente aos jovens formados com necessidade de obter equipamentos e ferramentas para o exerc\u00edcio de uma actividade geradora de emprego e renda, e \u00e0queles que j\u00e1 exercem uma actividade profissional e que precisam de refor\u00e7o em equipamentos e ferramentas ou de aperfei\u00e7oamento t\u00e9cnico e capacita\u00e7\u00e3o no dom\u00ednio da gest\u00e3o.<\/p>\n<p>O programa ser\u00e1 desenvolvido em todo o territ\u00f3rio nacional por um per\u00edodo de tr\u00eas anos, e o acompanhamento e avalia\u00e7\u00f5es das a\u00e7\u00f5es realizadas e do impacto na comunidade ser\u00e1 da responsabilidade do Instituto Nacional de Emprego e Forma\u00e7\u00e3o Profissional, INEFOP, envolvendo os demais setores.<\/p>\n<p>Cerca de 83 mil e 500 jovens ser\u00e3o direta e preferencialmente abrangidos pelo PAPE, incluindo 12 mil jovens capacitados nos dom\u00ednios do empreendedorismo e gest\u00e3o de neg\u00f3cios, 15 mil capacitados em cursos de curta dura\u00e7\u00e3o, tr\u00eas mil inseridos no mercado informal, atrav\u00e9s da reconvers\u00e3o de pequenas atividades geradoras de ocupa\u00e7\u00e3o e renda, e 1 500 formados nos n\u00edveis 3 e 4 de Forma\u00e7\u00e3o Profissional, inseridos em programas de est\u00e1gios profissionais. Al\u00e9m destes, o PAPE prev\u00ea conceder 10 mil microcr\u00e9ditos e distribuir 42 mil kits profissionais aos jovens em diferentes profiss\u00f5es.<\/p>\n<p>Al\u00e9m dos benefici\u00e1rios diretos, pretende-se com a distribui\u00e7\u00e3o dos \u2018kits\u2019 profissionais, promover o associativismo e, beneficiar indiretamente cerca de 243 mil cidad\u00e3os, pois ser\u00e3o disponibilizados os meios para brigadas de tr\u00eas a cinco profissionais.<\/p>\n<p>De acordo com o diploma, \u201co ano de 2019 \u00e9 crucial, pois ser\u00e1 o de lan\u00e7amento e poder\u00e1 amortecer a press\u00e3o social provocada pela situa\u00e7\u00e3o de desemprego\u201d, pelo que os recursos para o efeito ser\u00e3o assegurados essencialmente no \u00e2mbito da Lei de Bases da Protec\u00e7\u00e3o Social.<\/p>\n<p>Para o primeiro ano de execu\u00e7\u00e3o do PAPE, o Governo estima um custo superior a 7 mil e 600 milh\u00f5es de kwanzas (21,1 milh\u00f5es de euros), estando igualmente prevista a possibilidade de outros financiamentos alheios ao OGE e ao Fundo do Petr\u00f3leo.<\/p>\n<p>Na campanha eleitoral das elei\u00e7\u00f5es presidenciais de 2017, Jo\u00e3o Louren\u00e7o prometeu criar 500 mil novos empregos at\u00e9 ao final da legislatura, em 2022.<\/p>\n<\/div>\n<p><script>\/*<![CDATA[*\/function facebookInit(){var js=document.createElement('script');js.src='https:\/\/connect.facebook.net\/pt_PT\/sdk.js#xfbml=1&#038;version=v3.1&#038;appId=1708066812789184&#038;autoLogAppEvents=1';return document.body.appendChild(js);}\nwindow.onscroll=function(){var rect=document.getElementsByClassName('je-post-content')[0].getBoundingClientRect();if(rect.bottom<window.innerHeight){facebookInit();window.onscroll=null;}}\/*]]>*\/<\/script><br \/>\n<br \/>[ad_2]<br \/>\n<br \/><a href=\"https:\/\/jornaleconomico.sapo.pt\/noticias\/pr-de-angola-atribui-58-me-para-criar-500-mil-empregos-ate-2021-435995\">Source link <\/a><\/p>\n","protected":false},"excerpt":{"rendered":"<p>[ad_1] O Presidente angolano aprovou um decreto que prev\u00ea a disponibiliza\u00e7\u00e3o de 21 mil milh\u00f5es de kwanzas (58,3 milh\u00f5es de euros) para combater o desemprego, dando cumprimento \u00e0 promessa feita em 2017 de criar 500 mil empregos na legislatura. No decreto 113\/19, de 16 deste m\u00eas, a que a ag\u00eancia Lusa teve hoje acesso, Jo\u00e3o [&hellip;]<\/p>\n","protected":false},"author":2,"featured_media":594,"comment_status":"open","ping_status":"open","sticky":false,"template":"","format":"standard","meta":{"footnotes":""},"categories":[1],"tags":[],"class_list":["post-593","post","type-post","status-publish","format-standard","has-post-thumbnail","hentry","category-noticias-financeiras"],"yoast_head":"<!-- This site is optimized with the Yoast SEO plugin v27.4 - https:\/\/yoast.com\/product\/yoast-seo-wordpress\/ -->\n<title>PR de Angola atribui 58 ME para criar 500 mil empregos at\u00e9 2021 \u2013 O Jornal Econ\u00f3mico - Super News<\/title>\n<meta name=\"robots\" content=\"index, follow, max-snippet:-1, max-image-preview:large, max-video-preview:-1\" \/>\n<link rel=\"canonical\" href=\"https:\/\/super-news.info\/pt\/pr-de-angola-atribui-58-me-para-criar-500-mil-empregos-ate-2021-o-jornal-economico\/\" \/>\n<meta property=\"og:locale\" content=\"pt_PT\" \/>\n<meta property=\"og:type\" content=\"article\" \/>\n<meta property=\"og:title\" content=\"PR de Angola atribui 58 ME para criar 500 mil empregos at\u00e9 2021 \u2013 O Jornal Econ\u00f3mico - Super News\" \/>\n<meta property=\"og:description\" content=\"[ad_1] O Presidente angolano aprovou um decreto que prev\u00ea a disponibiliza\u00e7\u00e3o de 21 mil milh\u00f5es de kwanzas (58,3 milh\u00f5es de euros) para combater o desemprego, dando cumprimento \u00e0 promessa feita em 2017 de criar 500 mil empregos na legislatura. No decreto 113\/19, de 16 deste m\u00eas, a que a ag\u00eancia Lusa teve hoje acesso, Jo\u00e3o [&hellip;]\" \/>\n<meta property=\"og:url\" content=\"https:\/\/super-news.info\/pt\/pr-de-angola-atribui-58-me-para-criar-500-mil-empregos-ate-2021-o-jornal-economico\/\" \/>\n<meta property=\"og:site_name\" content=\"Super News\" \/>\n<meta property=\"article:published_time\" content=\"2019-04-21T12:39:42+00:00\" \/>\n<meta property=\"article:modified_time\" content=\"2019-04-21T12:39:43+00:00\" \/>\n<meta property=\"og:image\" content=\"https:\/\/super-news.info\/pt\/wp-content\/uploads\/sites\/2\/2019\/04\/PR-de-Angola-atribui-58-ME-para-criar-500-mil.jpg\" \/>\n\t<meta property=\"og:image:width\" content=\"960\" \/>\n\t<meta property=\"og:image:height\" content=\"600\" \/>\n\t<meta property=\"og:image:type\" content=\"image\/jpeg\" \/>\n<meta name=\"author\" content=\"super-news\" \/>\n<meta name=\"twitter:card\" content=\"summary_large_image\" \/>\n<meta name=\"twitter:label1\" content=\"Escrito por\" \/>\n\t<meta name=\"twitter:data1\" content=\"super-news\" \/>\n\t<meta name=\"twitter:label2\" content=\"Tempo estimado de leitura\" \/>\n\t<meta name=\"twitter:data2\" content=\"4 minutos\" \/>\n<script type=\"application\/ld+json\" class=\"yoast-schema-graph\">{\"@context\":\"https:\\\/\\\/schema.org\",\"@graph\":[{\"@type\":\"Article\",\"@id\":\"https:\\\/\\\/super-news.info\\\/pt\\\/pr-de-angola-atribui-58-me-para-criar-500-mil-empregos-ate-2021-o-jornal-economico\\\/#article\",\"isPartOf\":{\"@id\":\"https:\\\/\\\/super-news.info\\\/pt\\\/pr-de-angola-atribui-58-me-para-criar-500-mil-empregos-ate-2021-o-jornal-economico\\\/\"},\"author\":{\"name\":\"super-news\",\"@id\":\"https:\\\/\\\/super-news.info\\\/pt\\\/#\\\/schema\\\/person\\\/2d4068cb2f39cd10008c2fce578a7356\"},\"headline\":\"PR de Angola atribui 58 ME para criar 500 mil empregos at\u00e9 2021 \u2013 O Jornal Econ\u00f3mico\",\"datePublished\":\"2019-04-21T12:39:42+00:00\",\"dateModified\":\"2019-04-21T12:39:43+00:00\",\"mainEntityOfPage\":{\"@id\":\"https:\\\/\\\/super-news.info\\\/pt\\\/pr-de-angola-atribui-58-me-para-criar-500-mil-empregos-ate-2021-o-jornal-economico\\\/\"},\"wordCount\":861,\"commentCount\":0,\"image\":{\"@id\":\"https:\\\/\\\/super-news.info\\\/pt\\\/pr-de-angola-atribui-58-me-para-criar-500-mil-empregos-ate-2021-o-jornal-economico\\\/#primaryimage\"},\"thumbnailUrl\":\"https:\\\/\\\/super-news.info\\\/pt\\\/wp-content\\\/uploads\\\/sites\\\/2\\\/2019\\\/04\\\/PR-de-Angola-atribui-58-ME-para-criar-500-mil.jpg\",\"articleSection\":[\"NOT\u00cdCIAS FINANCEIRAS\"],\"inLanguage\":\"pt-PT\",\"potentialAction\":[{\"@type\":\"CommentAction\",\"name\":\"Comment\",\"target\":[\"https:\\\/\\\/super-news.info\\\/pt\\\/pr-de-angola-atribui-58-me-para-criar-500-mil-empregos-ate-2021-o-jornal-economico\\\/#respond\"]}]},{\"@type\":\"WebPage\",\"@id\":\"https:\\\/\\\/super-news.info\\\/pt\\\/pr-de-angola-atribui-58-me-para-criar-500-mil-empregos-ate-2021-o-jornal-economico\\\/\",\"url\":\"https:\\\/\\\/super-news.info\\\/pt\\\/pr-de-angola-atribui-58-me-para-criar-500-mil-empregos-ate-2021-o-jornal-economico\\\/\",\"name\":\"PR de Angola atribui 58 ME para criar 500 mil empregos at\u00e9 2021 \u2013 O Jornal Econ\u00f3mico - Super News\",\"isPartOf\":{\"@id\":\"https:\\\/\\\/super-news.info\\\/pt\\\/#website\"},\"primaryImageOfPage\":{\"@id\":\"https:\\\/\\\/super-news.info\\\/pt\\\/pr-de-angola-atribui-58-me-para-criar-500-mil-empregos-ate-2021-o-jornal-economico\\\/#primaryimage\"},\"image\":{\"@id\":\"https:\\\/\\\/super-news.info\\\/pt\\\/pr-de-angola-atribui-58-me-para-criar-500-mil-empregos-ate-2021-o-jornal-economico\\\/#primaryimage\"},\"thumbnailUrl\":\"https:\\\/\\\/super-news.info\\\/pt\\\/wp-content\\\/uploads\\\/sites\\\/2\\\/2019\\\/04\\\/PR-de-Angola-atribui-58-ME-para-criar-500-mil.jpg\",\"datePublished\":\"2019-04-21T12:39:42+00:00\",\"dateModified\":\"2019-04-21T12:39:43+00:00\",\"author\":{\"@id\":\"https:\\\/\\\/super-news.info\\\/pt\\\/#\\\/schema\\\/person\\\/2d4068cb2f39cd10008c2fce578a7356\"},\"breadcrumb\":{\"@id\":\"https:\\\/\\\/super-news.info\\\/pt\\\/pr-de-angola-atribui-58-me-para-criar-500-mil-empregos-ate-2021-o-jornal-economico\\\/#breadcrumb\"},\"inLanguage\":\"pt-PT\",\"potentialAction\":[{\"@type\":\"ReadAction\",\"target\":[\"https:\\\/\\\/super-news.info\\\/pt\\\/pr-de-angola-atribui-58-me-para-criar-500-mil-empregos-ate-2021-o-jornal-economico\\\/\"]}]},{\"@type\":\"ImageObject\",\"inLanguage\":\"pt-PT\",\"@id\":\"https:\\\/\\\/super-news.info\\\/pt\\\/pr-de-angola-atribui-58-me-para-criar-500-mil-empregos-ate-2021-o-jornal-economico\\\/#primaryimage\",\"url\":\"https:\\\/\\\/super-news.info\\\/pt\\\/wp-content\\\/uploads\\\/sites\\\/2\\\/2019\\\/04\\\/PR-de-Angola-atribui-58-ME-para-criar-500-mil.jpg\",\"contentUrl\":\"https:\\\/\\\/super-news.info\\\/pt\\\/wp-content\\\/uploads\\\/sites\\\/2\\\/2019\\\/04\\\/PR-de-Angola-atribui-58-ME-para-criar-500-mil.jpg\",\"width\":960,\"height\":600,\"caption\":\"PR de Angola atribui 58 ME para criar 500 mil empregos at\u00e9 2021 \u2013 O Jornal Econ\u00f3mico\"},{\"@type\":\"BreadcrumbList\",\"@id\":\"https:\\\/\\\/super-news.info\\\/pt\\\/pr-de-angola-atribui-58-me-para-criar-500-mil-empregos-ate-2021-o-jornal-economico\\\/#breadcrumb\",\"itemListElement\":[{\"@type\":\"ListItem\",\"position\":1,\"name\":\"\u0413\u043b\u0430\u0432\u043d\u0430\u044f \u0441\u0442\u0440\u0430\u043d\u0438\u0446\u0430\",\"item\":\"https:\\\/\\\/super-news.info\\\/pt\\\/\"},{\"@type\":\"ListItem\",\"position\":2,\"name\":\"PR de Angola atribui 58 ME para criar 500 mil empregos at\u00e9 2021 \u2013 O Jornal Econ\u00f3mico\"}]},{\"@type\":\"WebSite\",\"@id\":\"https:\\\/\\\/super-news.info\\\/pt\\\/#website\",\"url\":\"https:\\\/\\\/super-news.info\\\/pt\\\/\",\"name\":\"Super News\",\"description\":\"Super News Portugal\",\"potentialAction\":[{\"@type\":\"SearchAction\",\"target\":{\"@type\":\"EntryPoint\",\"urlTemplate\":\"https:\\\/\\\/super-news.info\\\/pt\\\/?s={search_term_string}\"},\"query-input\":{\"@type\":\"PropertyValueSpecification\",\"valueRequired\":true,\"valueName\":\"search_term_string\"}}],\"inLanguage\":\"pt-PT\"},{\"@type\":\"Person\",\"@id\":\"https:\\\/\\\/super-news.info\\\/pt\\\/#\\\/schema\\\/person\\\/2d4068cb2f39cd10008c2fce578a7356\",\"name\":\"super-news\",\"image\":{\"@type\":\"ImageObject\",\"inLanguage\":\"pt-PT\",\"@id\":\"https:\\\/\\\/secure.gravatar.com\\\/avatar\\\/64ebac40b93f26a154f8a9b5b6fdccfc46f442b26b3dd6756dbff3bf9dc76fd7?s=96&d=mm&r=g\",\"url\":\"https:\\\/\\\/secure.gravatar.com\\\/avatar\\\/64ebac40b93f26a154f8a9b5b6fdccfc46f442b26b3dd6756dbff3bf9dc76fd7?s=96&d=mm&r=g\",\"contentUrl\":\"https:\\\/\\\/secure.gravatar.com\\\/avatar\\\/64ebac40b93f26a154f8a9b5b6fdccfc46f442b26b3dd6756dbff3bf9dc76fd7?s=96&d=mm&r=g\",\"caption\":\"super-news\"},\"url\":\"https:\\\/\\\/super-news.info\\\/pt\\\/author\\\/pt\\\/\"}]}<\/script>\n<!-- \/ Yoast SEO plugin. -->","yoast_head_json":{"title":"PR de Angola atribui 58 ME para criar 500 mil empregos at\u00e9 2021 \u2013 O Jornal Econ\u00f3mico - Super News","robots":{"index":"index","follow":"follow","max-snippet":"max-snippet:-1","max-image-preview":"max-image-preview:large","max-video-preview":"max-video-preview:-1"},"canonical":"https:\/\/super-news.info\/pt\/pr-de-angola-atribui-58-me-para-criar-500-mil-empregos-ate-2021-o-jornal-economico\/","og_locale":"pt_PT","og_type":"article","og_title":"PR de Angola atribui 58 ME para criar 500 mil empregos at\u00e9 2021 \u2013 O Jornal Econ\u00f3mico - Super News","og_description":"[ad_1] O Presidente angolano aprovou um decreto que prev\u00ea a disponibiliza\u00e7\u00e3o de 21 mil milh\u00f5es de kwanzas (58,3 milh\u00f5es de euros) para combater o desemprego, dando cumprimento \u00e0 promessa feita em 2017 de criar 500 mil empregos na legislatura. No decreto 113\/19, de 16 deste m\u00eas, a que a ag\u00eancia Lusa teve hoje acesso, Jo\u00e3o [&hellip;]","og_url":"https:\/\/super-news.info\/pt\/pr-de-angola-atribui-58-me-para-criar-500-mil-empregos-ate-2021-o-jornal-economico\/","og_site_name":"Super News","article_published_time":"2019-04-21T12:39:42+00:00","article_modified_time":"2019-04-21T12:39:43+00:00","og_image":[{"width":960,"height":600,"url":"https:\/\/super-news.info\/pt\/wp-content\/uploads\/sites\/2\/2019\/04\/PR-de-Angola-atribui-58-ME-para-criar-500-mil.jpg","type":"image\/jpeg"}],"author":"super-news","twitter_card":"summary_large_image","twitter_misc":{"Escrito por":"super-news","Tempo estimado de leitura":"4 minutos"},"schema":{"@context":"https:\/\/schema.org","@graph":[{"@type":"Article","@id":"https:\/\/super-news.info\/pt\/pr-de-angola-atribui-58-me-para-criar-500-mil-empregos-ate-2021-o-jornal-economico\/#article","isPartOf":{"@id":"https:\/\/super-news.info\/pt\/pr-de-angola-atribui-58-me-para-criar-500-mil-empregos-ate-2021-o-jornal-economico\/"},"author":{"name":"super-news","@id":"https:\/\/super-news.info\/pt\/#\/schema\/person\/2d4068cb2f39cd10008c2fce578a7356"},"headline":"PR de Angola atribui 58 ME para criar 500 mil empregos at\u00e9 2021 \u2013 O Jornal Econ\u00f3mico","datePublished":"2019-04-21T12:39:42+00:00","dateModified":"2019-04-21T12:39:43+00:00","mainEntityOfPage":{"@id":"https:\/\/super-news.info\/pt\/pr-de-angola-atribui-58-me-para-criar-500-mil-empregos-ate-2021-o-jornal-economico\/"},"wordCount":861,"commentCount":0,"image":{"@id":"https:\/\/super-news.info\/pt\/pr-de-angola-atribui-58-me-para-criar-500-mil-empregos-ate-2021-o-jornal-economico\/#primaryimage"},"thumbnailUrl":"https:\/\/super-news.info\/pt\/wp-content\/uploads\/sites\/2\/2019\/04\/PR-de-Angola-atribui-58-ME-para-criar-500-mil.jpg","articleSection":["NOT\u00cdCIAS FINANCEIRAS"],"inLanguage":"pt-PT","potentialAction":[{"@type":"CommentAction","name":"Comment","target":["https:\/\/super-news.info\/pt\/pr-de-angola-atribui-58-me-para-criar-500-mil-empregos-ate-2021-o-jornal-economico\/#respond"]}]},{"@type":"WebPage","@id":"https:\/\/super-news.info\/pt\/pr-de-angola-atribui-58-me-para-criar-500-mil-empregos-ate-2021-o-jornal-economico\/","url":"https:\/\/super-news.info\/pt\/pr-de-angola-atribui-58-me-para-criar-500-mil-empregos-ate-2021-o-jornal-economico\/","name":"PR de Angola atribui 58 ME para criar 500 mil empregos at\u00e9 2021 \u2013 O Jornal Econ\u00f3mico - Super News","isPartOf":{"@id":"https:\/\/super-news.info\/pt\/#website"},"primaryImageOfPage":{"@id":"https:\/\/super-news.info\/pt\/pr-de-angola-atribui-58-me-para-criar-500-mil-empregos-ate-2021-o-jornal-economico\/#primaryimage"},"image":{"@id":"https:\/\/super-news.info\/pt\/pr-de-angola-atribui-58-me-para-criar-500-mil-empregos-ate-2021-o-jornal-economico\/#primaryimage"},"thumbnailUrl":"https:\/\/super-news.info\/pt\/wp-content\/uploads\/sites\/2\/2019\/04\/PR-de-Angola-atribui-58-ME-para-criar-500-mil.jpg","datePublished":"2019-04-21T12:39:42+00:00","dateModified":"2019-04-21T12:39:43+00:00","author":{"@id":"https:\/\/super-news.info\/pt\/#\/schema\/person\/2d4068cb2f39cd10008c2fce578a7356"},"breadcrumb":{"@id":"https:\/\/super-news.info\/pt\/pr-de-angola-atribui-58-me-para-criar-500-mil-empregos-ate-2021-o-jornal-economico\/#breadcrumb"},"inLanguage":"pt-PT","potentialAction":[{"@type":"ReadAction","target":["https:\/\/super-news.info\/pt\/pr-de-angola-atribui-58-me-para-criar-500-mil-empregos-ate-2021-o-jornal-economico\/"]}]},{"@type":"ImageObject","inLanguage":"pt-PT","@id":"https:\/\/super-news.info\/pt\/pr-de-angola-atribui-58-me-para-criar-500-mil-empregos-ate-2021-o-jornal-economico\/#primaryimage","url":"https:\/\/super-news.info\/pt\/wp-content\/uploads\/sites\/2\/2019\/04\/PR-de-Angola-atribui-58-ME-para-criar-500-mil.jpg","contentUrl":"https:\/\/super-news.info\/pt\/wp-content\/uploads\/sites\/2\/2019\/04\/PR-de-Angola-atribui-58-ME-para-criar-500-mil.jpg","width":960,"height":600,"caption":"PR de Angola atribui 58 ME para criar 500 mil empregos at\u00e9 2021 \u2013 O Jornal Econ\u00f3mico"},{"@type":"BreadcrumbList","@id":"https:\/\/super-news.info\/pt\/pr-de-angola-atribui-58-me-para-criar-500-mil-empregos-ate-2021-o-jornal-economico\/#breadcrumb","itemListElement":[{"@type":"ListItem","position":1,"name":"\u0413\u043b\u0430\u0432\u043d\u0430\u044f \u0441\u0442\u0440\u0430\u043d\u0438\u0446\u0430","item":"https:\/\/super-news.info\/pt\/"},{"@type":"ListItem","position":2,"name":"PR de Angola atribui 58 ME para criar 500 mil empregos at\u00e9 2021 \u2013 O Jornal Econ\u00f3mico"}]},{"@type":"WebSite","@id":"https:\/\/super-news.info\/pt\/#website","url":"https:\/\/super-news.info\/pt\/","name":"Super News","description":"Super News Portugal","potentialAction":[{"@type":"SearchAction","target":{"@type":"EntryPoint","urlTemplate":"https:\/\/super-news.info\/pt\/?s={search_term_string}"},"query-input":{"@type":"PropertyValueSpecification","valueRequired":true,"valueName":"search_term_string"}}],"inLanguage":"pt-PT"},{"@type":"Person","@id":"https:\/\/super-news.info\/pt\/#\/schema\/person\/2d4068cb2f39cd10008c2fce578a7356","name":"super-news","image":{"@type":"ImageObject","inLanguage":"pt-PT","@id":"https:\/\/secure.gravatar.com\/avatar\/64ebac40b93f26a154f8a9b5b6fdccfc46f442b26b3dd6756dbff3bf9dc76fd7?s=96&d=mm&r=g","url":"https:\/\/secure.gravatar.com\/avatar\/64ebac40b93f26a154f8a9b5b6fdccfc46f442b26b3dd6756dbff3bf9dc76fd7?s=96&d=mm&r=g","contentUrl":"https:\/\/secure.gravatar.com\/avatar\/64ebac40b93f26a154f8a9b5b6fdccfc46f442b26b3dd6756dbff3bf9dc76fd7?s=96&d=mm&r=g","caption":"super-news"},"url":"https:\/\/super-news.info\/pt\/author\/pt\/"}]}},"_links":{"self":[{"href":"https:\/\/super-news.info\/pt\/wp-json\/wp\/v2\/posts\/593","targetHints":{"allow":["GET"]}}],"collection":[{"href":"https:\/\/super-news.info\/pt\/wp-json\/wp\/v2\/posts"}],"about":[{"href":"https:\/\/super-news.info\/pt\/wp-json\/wp\/v2\/types\/post"}],"author":[{"embeddable":true,"href":"https:\/\/super-news.info\/pt\/wp-json\/wp\/v2\/users\/2"}],"replies":[{"embeddable":true,"href":"https:\/\/super-news.info\/pt\/wp-json\/wp\/v2\/comments?post=593"}],"version-history":[{"count":1,"href":"https:\/\/super-news.info\/pt\/wp-json\/wp\/v2\/posts\/593\/revisions"}],"predecessor-version":[{"id":595,"href":"https:\/\/super-news.info\/pt\/wp-json\/wp\/v2\/posts\/593\/revisions\/595"}],"wp:featuredmedia":[{"embeddable":true,"href":"https:\/\/super-news.info\/pt\/wp-json\/wp\/v2\/media\/594"}],"wp:attachment":[{"href":"https:\/\/super-news.info\/pt\/wp-json\/wp\/v2\/media?parent=593"}],"wp:term":[{"taxonomy":"category","embeddable":true,"href":"https:\/\/super-news.info\/pt\/wp-json\/wp\/v2\/categories?post=593"},{"taxonomy":"post_tag","embeddable":true,"href":"https:\/\/super-news.info\/pt\/wp-json\/wp\/v2\/tags?post=593"}],"curies":[{"name":"wp","href":"https:\/\/api.w.org\/{rel}","templated":true}]}}