{"id":590,"date":"2019-04-21T13:56:33","date_gmt":"2019-04-21T10:56:33","guid":{"rendered":"https:\/\/super-news.info\/pt\/basta-e-alianca-superam-cds-pp-no-orcamento-de-campanha-para-as-europeias-o-jornal-economico\/"},"modified":"2019-04-21T13:56:34","modified_gmt":"2019-04-21T10:56:34","slug":"basta-e-alianca-superam-cds-pp-no-orcamento-de-campanha-para-as-europeias-o-jornal-economico","status":"publish","type":"post","link":"https:\/\/super-news.info\/pt\/basta-e-alianca-superam-cds-pp-no-orcamento-de-campanha-para-as-europeias-o-jornal-economico\/","title":{"rendered":"Basta! e Alian\u00e7a superam CDS-PP no or\u00e7amento de campanha para as europeias \u2013 O Jornal Econ\u00f3mico"},"content":{"rendered":"<p> [ad_1]<br \/>\n<\/p>\n<div>\n<p>A Coliga\u00e7\u00e3o Basta!, liderada por Andr\u00e9 Ventura, e a Alian\u00e7a, partido criado por Pedro Santana Lopes, t\u00eam o quinto e o sexto maiores or\u00e7amentos de campanha para as elei\u00e7\u00f5es europeias de 26 de maio, segundo a documenta\u00e7\u00e3o entregue ao Tribunal Constitucional pelas listas que se apresentam a votos, relegando o CDS-PP para a s\u00e9tima posi\u00e7\u00e3o de um ranking liderado pelo PS e em que PSD, CDU e Bloco de Esquerda v\u00eam logo a seguir.<\/p>\n<p>Apesar de ter um or\u00e7amento distante dos 1,250 milh\u00f5es de euros que o PS pretende gastar para assegurar a vit\u00f3ria da lista encabe\u00e7ada pelo ex-ministro Pedro Marques \u2013 tal como dos 890 mil euros previstos pelo PSD para ajudar Paulo Rangel a tornar-se o mais votado, dos 850 mil euros com que a CDU procura repetir o excelente resultado de Jo\u00e3o Ferreira em 2014 ou at\u00e9 dos 576.200,88 destinados pelo Bloco de Esquerda \u00e0 campanha de Marisa Matias \u2013, a coliga\u00e7\u00e3o formada pelo PPM e PPV (e que conta com os movimentos Chega, de Andr\u00e9 Ventura, e Democracia 21, de Sofia Afonso Ferreira) destaca-se, com um or\u00e7amento de 500 mil euros.<\/p>\n<p>A Coliga\u00e7\u00e3o Basta! espera obter 400 mil euros atrav\u00e9s de angaria\u00e7\u00f5es de fundos, enquanto a Alian\u00e7a, que conta gastar 350 mil euros na campanha para as elei\u00e7\u00f5es europeias, depende inteiramente, segundo a documenta\u00e7\u00e3o entregue ao Tribunal Constitucional, da subven\u00e7\u00e3o estatal que ser\u00e1 obtida em caso de eleger pelo menos o cabe\u00e7a de lista Paulo Sande para o Parlamento Europeu. Mais atr\u00e1s, com apenas 312 mil euros or\u00e7amentados, vem o CDS-PP, que depende a 100% dos cofres do partido para custear a campanha eleitoral que procura melhorar a representa\u00e7\u00e3o em Estrasburgo, onde atualmente s\u00f3 conta com Nuno Melo, que \u00e9 o cabe\u00e7a de lista.<\/p>\n<p>Ainda mais reduzido \u00e9 o or\u00e7amento do Partido Democr\u00e1tico Republicano, que procura manter o seu cabe\u00e7a de lista, Ant\u00f3nio Marinho e Pinto (grande surpresa das europeias de 2014, ent\u00e3o nas listas do Movimento Partido da Terra), no Parlamento Europeu. Contar\u00e1 com apenas 82.500 euros, ainda assim acima dos 78.410,63 euros destinados \u00e0 campanha do PAN.<\/p>\n<p>Entre as restantes listas destaca-se a Iniciativa Liberal, com 28 mil euros que dever\u00e3o ser aproveitados quase por inteiro para cartazes e outdoors. Logo atr\u00e1s vem o PCTP\/MRPP, que recua para 16 mil euros, ap\u00f3s ter apresentado um or\u00e7amento de 60 mil euros em 2014, na sequ\u00eancia do afastamento do ex-l\u00edder Garcia Pereira e da morte de Arnaldo de Matos.<\/p>\n<\/div>\n<p><script>\/*<![CDATA[*\/function facebookInit(){var js=document.createElement('script');js.src='https:\/\/connect.facebook.net\/pt_PT\/sdk.js#xfbml=1&#038;version=v3.1&#038;appId=1708066812789184&#038;autoLogAppEvents=1';return document.body.appendChild(js);}\nwindow.onscroll=function(){var rect=document.getElementsByClassName('je-post-content')[0].getBoundingClientRect();if(rect.bottom<window.innerHeight){facebookInit();window.onscroll=null;}}\/*]]>*\/<\/script><br \/>\n<br \/>[ad_2]<br \/>\n<br \/><a href=\"https:\/\/jornaleconomico.sapo.pt\/noticias\/basta-e-alianca-superam-cds-pp-no-orcamento-de-campanha-para-as-europeias-435952\">Source link <\/a><\/p>\n","protected":false},"excerpt":{"rendered":"<p>[ad_1] A Coliga\u00e7\u00e3o Basta!, liderada por Andr\u00e9 Ventura, e a Alian\u00e7a, partido criado por Pedro Santana Lopes, t\u00eam o quinto e o sexto maiores or\u00e7amentos de campanha para as elei\u00e7\u00f5es europeias de 26 de maio, segundo a documenta\u00e7\u00e3o entregue ao Tribunal Constitucional pelas listas que se apresentam a votos, relegando o CDS-PP para a s\u00e9tima [&hellip;]<\/p>\n","protected":false},"author":2,"featured_media":591,"comment_status":"open","ping_status":"open","sticky":false,"template":"","format":"standard","meta":{"footnotes":""},"categories":[1],"tags":[],"class_list":["post-590","post","type-post","status-publish","format-standard","has-post-thumbnail","hentry","category-noticias-financeiras"],"yoast_head":"<!-- This site is optimized with the Yoast SEO plugin v27.4 - https:\/\/yoast.com\/product\/yoast-seo-wordpress\/ -->\n<title>Basta! e Alian\u00e7a superam CDS-PP no or\u00e7amento de campanha para as europeias \u2013 O Jornal Econ\u00f3mico - Super News<\/title>\n<meta name=\"robots\" content=\"index, follow, max-snippet:-1, max-image-preview:large, max-video-preview:-1\" \/>\n<link rel=\"canonical\" href=\"https:\/\/super-news.info\/pt\/basta-e-alianca-superam-cds-pp-no-orcamento-de-campanha-para-as-europeias-o-jornal-economico\/\" \/>\n<meta property=\"og:locale\" content=\"pt_PT\" \/>\n<meta property=\"og:type\" content=\"article\" \/>\n<meta property=\"og:title\" content=\"Basta! e Alian\u00e7a superam CDS-PP no or\u00e7amento de campanha para as europeias \u2013 O Jornal Econ\u00f3mico - Super News\" \/>\n<meta property=\"og:description\" content=\"[ad_1] A Coliga\u00e7\u00e3o Basta!, liderada por Andr\u00e9 Ventura, e a Alian\u00e7a, partido criado por Pedro Santana Lopes, t\u00eam o quinto e o sexto maiores or\u00e7amentos de campanha para as elei\u00e7\u00f5es europeias de 26 de maio, segundo a documenta\u00e7\u00e3o entregue ao Tribunal Constitucional pelas listas que se apresentam a votos, relegando o CDS-PP para a s\u00e9tima [&hellip;]\" \/>\n<meta property=\"og:url\" content=\"https:\/\/super-news.info\/pt\/basta-e-alianca-superam-cds-pp-no-orcamento-de-campanha-para-as-europeias-o-jornal-economico\/\" \/>\n<meta property=\"og:site_name\" content=\"Super News\" \/>\n<meta property=\"article:published_time\" content=\"2019-04-21T10:56:33+00:00\" \/>\n<meta property=\"article:modified_time\" content=\"2019-04-21T10:56:34+00:00\" \/>\n<meta property=\"og:image\" content=\"https:\/\/super-news.info\/pt\/wp-content\/uploads\/sites\/2\/2019\/04\/Basta-e-Alian\u00e7a-superam-CDS-PP-no-or\u00e7amento-de-campanha-para.jpg\" \/>\n\t<meta property=\"og:image:width\" content=\"960\" \/>\n\t<meta property=\"og:image:height\" content=\"502\" \/>\n\t<meta property=\"og:image:type\" content=\"image\/jpeg\" \/>\n<meta name=\"author\" content=\"super-news\" \/>\n<meta name=\"twitter:card\" content=\"summary_large_image\" \/>\n<meta name=\"twitter:label1\" content=\"Escrito por\" \/>\n\t<meta name=\"twitter:data1\" content=\"super-news\" \/>\n\t<meta name=\"twitter:label2\" content=\"Tempo estimado de leitura\" \/>\n\t<meta name=\"twitter:data2\" content=\"2 minutos\" \/>\n<script type=\"application\/ld+json\" class=\"yoast-schema-graph\">{\"@context\":\"https:\\\/\\\/schema.org\",\"@graph\":[{\"@type\":\"Article\",\"@id\":\"https:\\\/\\\/super-news.info\\\/pt\\\/basta-e-alianca-superam-cds-pp-no-orcamento-de-campanha-para-as-europeias-o-jornal-economico\\\/#article\",\"isPartOf\":{\"@id\":\"https:\\\/\\\/super-news.info\\\/pt\\\/basta-e-alianca-superam-cds-pp-no-orcamento-de-campanha-para-as-europeias-o-jornal-economico\\\/\"},\"author\":{\"name\":\"super-news\",\"@id\":\"https:\\\/\\\/super-news.info\\\/pt\\\/#\\\/schema\\\/person\\\/2d4068cb2f39cd10008c2fce578a7356\"},\"headline\":\"Basta! e Alian\u00e7a superam CDS-PP no or\u00e7amento de campanha para as europeias \u2013 O Jornal Econ\u00f3mico\",\"datePublished\":\"2019-04-21T10:56:33+00:00\",\"dateModified\":\"2019-04-21T10:56:34+00:00\",\"mainEntityOfPage\":{\"@id\":\"https:\\\/\\\/super-news.info\\\/pt\\\/basta-e-alianca-superam-cds-pp-no-orcamento-de-campanha-para-as-europeias-o-jornal-economico\\\/\"},\"wordCount\":440,\"commentCount\":0,\"image\":{\"@id\":\"https:\\\/\\\/super-news.info\\\/pt\\\/basta-e-alianca-superam-cds-pp-no-orcamento-de-campanha-para-as-europeias-o-jornal-economico\\\/#primaryimage\"},\"thumbnailUrl\":\"https:\\\/\\\/super-news.info\\\/pt\\\/wp-content\\\/uploads\\\/sites\\\/2\\\/2019\\\/04\\\/Basta-e-Alian\u00e7a-superam-CDS-PP-no-or\u00e7amento-de-campanha-para.jpg\",\"articleSection\":[\"NOT\u00cdCIAS FINANCEIRAS\"],\"inLanguage\":\"pt-PT\",\"potentialAction\":[{\"@type\":\"CommentAction\",\"name\":\"Comment\",\"target\":[\"https:\\\/\\\/super-news.info\\\/pt\\\/basta-e-alianca-superam-cds-pp-no-orcamento-de-campanha-para-as-europeias-o-jornal-economico\\\/#respond\"]}]},{\"@type\":\"WebPage\",\"@id\":\"https:\\\/\\\/super-news.info\\\/pt\\\/basta-e-alianca-superam-cds-pp-no-orcamento-de-campanha-para-as-europeias-o-jornal-economico\\\/\",\"url\":\"https:\\\/\\\/super-news.info\\\/pt\\\/basta-e-alianca-superam-cds-pp-no-orcamento-de-campanha-para-as-europeias-o-jornal-economico\\\/\",\"name\":\"Basta! e Alian\u00e7a superam CDS-PP no or\u00e7amento de campanha para as europeias \u2013 O Jornal Econ\u00f3mico - Super News\",\"isPartOf\":{\"@id\":\"https:\\\/\\\/super-news.info\\\/pt\\\/#website\"},\"primaryImageOfPage\":{\"@id\":\"https:\\\/\\\/super-news.info\\\/pt\\\/basta-e-alianca-superam-cds-pp-no-orcamento-de-campanha-para-as-europeias-o-jornal-economico\\\/#primaryimage\"},\"image\":{\"@id\":\"https:\\\/\\\/super-news.info\\\/pt\\\/basta-e-alianca-superam-cds-pp-no-orcamento-de-campanha-para-as-europeias-o-jornal-economico\\\/#primaryimage\"},\"thumbnailUrl\":\"https:\\\/\\\/super-news.info\\\/pt\\\/wp-content\\\/uploads\\\/sites\\\/2\\\/2019\\\/04\\\/Basta-e-Alian\u00e7a-superam-CDS-PP-no-or\u00e7amento-de-campanha-para.jpg\",\"datePublished\":\"2019-04-21T10:56:33+00:00\",\"dateModified\":\"2019-04-21T10:56:34+00:00\",\"author\":{\"@id\":\"https:\\\/\\\/super-news.info\\\/pt\\\/#\\\/schema\\\/person\\\/2d4068cb2f39cd10008c2fce578a7356\"},\"breadcrumb\":{\"@id\":\"https:\\\/\\\/super-news.info\\\/pt\\\/basta-e-alianca-superam-cds-pp-no-orcamento-de-campanha-para-as-europeias-o-jornal-economico\\\/#breadcrumb\"},\"inLanguage\":\"pt-PT\",\"potentialAction\":[{\"@type\":\"ReadAction\",\"target\":[\"https:\\\/\\\/super-news.info\\\/pt\\\/basta-e-alianca-superam-cds-pp-no-orcamento-de-campanha-para-as-europeias-o-jornal-economico\\\/\"]}]},{\"@type\":\"ImageObject\",\"inLanguage\":\"pt-PT\",\"@id\":\"https:\\\/\\\/super-news.info\\\/pt\\\/basta-e-alianca-superam-cds-pp-no-orcamento-de-campanha-para-as-europeias-o-jornal-economico\\\/#primaryimage\",\"url\":\"https:\\\/\\\/super-news.info\\\/pt\\\/wp-content\\\/uploads\\\/sites\\\/2\\\/2019\\\/04\\\/Basta-e-Alian\u00e7a-superam-CDS-PP-no-or\u00e7amento-de-campanha-para.jpg\",\"contentUrl\":\"https:\\\/\\\/super-news.info\\\/pt\\\/wp-content\\\/uploads\\\/sites\\\/2\\\/2019\\\/04\\\/Basta-e-Alian\u00e7a-superam-CDS-PP-no-or\u00e7amento-de-campanha-para.jpg\",\"width\":960,\"height\":502,\"caption\":\"Basta! e Alian\u00e7a superam CDS-PP no or\u00e7amento de campanha para as europeias \u2013 O Jornal Econ\u00f3mico\"},{\"@type\":\"BreadcrumbList\",\"@id\":\"https:\\\/\\\/super-news.info\\\/pt\\\/basta-e-alianca-superam-cds-pp-no-orcamento-de-campanha-para-as-europeias-o-jornal-economico\\\/#breadcrumb\",\"itemListElement\":[{\"@type\":\"ListItem\",\"position\":1,\"name\":\"\u0413\u043b\u0430\u0432\u043d\u0430\u044f \u0441\u0442\u0440\u0430\u043d\u0438\u0446\u0430\",\"item\":\"https:\\\/\\\/super-news.info\\\/pt\\\/\"},{\"@type\":\"ListItem\",\"position\":2,\"name\":\"Basta! e Alian\u00e7a superam CDS-PP no or\u00e7amento de campanha para as europeias \u2013 O Jornal Econ\u00f3mico\"}]},{\"@type\":\"WebSite\",\"@id\":\"https:\\\/\\\/super-news.info\\\/pt\\\/#website\",\"url\":\"https:\\\/\\\/super-news.info\\\/pt\\\/\",\"name\":\"Super News\",\"description\":\"Super News Portugal\",\"potentialAction\":[{\"@type\":\"SearchAction\",\"target\":{\"@type\":\"EntryPoint\",\"urlTemplate\":\"https:\\\/\\\/super-news.info\\\/pt\\\/?s={search_term_string}\"},\"query-input\":{\"@type\":\"PropertyValueSpecification\",\"valueRequired\":true,\"valueName\":\"search_term_string\"}}],\"inLanguage\":\"pt-PT\"},{\"@type\":\"Person\",\"@id\":\"https:\\\/\\\/super-news.info\\\/pt\\\/#\\\/schema\\\/person\\\/2d4068cb2f39cd10008c2fce578a7356\",\"name\":\"super-news\",\"image\":{\"@type\":\"ImageObject\",\"inLanguage\":\"pt-PT\",\"@id\":\"https:\\\/\\\/secure.gravatar.com\\\/avatar\\\/64ebac40b93f26a154f8a9b5b6fdccfc46f442b26b3dd6756dbff3bf9dc76fd7?s=96&d=mm&r=g\",\"url\":\"https:\\\/\\\/secure.gravatar.com\\\/avatar\\\/64ebac40b93f26a154f8a9b5b6fdccfc46f442b26b3dd6756dbff3bf9dc76fd7?s=96&d=mm&r=g\",\"contentUrl\":\"https:\\\/\\\/secure.gravatar.com\\\/avatar\\\/64ebac40b93f26a154f8a9b5b6fdccfc46f442b26b3dd6756dbff3bf9dc76fd7?s=96&d=mm&r=g\",\"caption\":\"super-news\"},\"url\":\"https:\\\/\\\/super-news.info\\\/pt\\\/author\\\/pt\\\/\"}]}<\/script>\n<!-- \/ Yoast SEO plugin. -->","yoast_head_json":{"title":"Basta! e Alian\u00e7a superam CDS-PP no or\u00e7amento de campanha para as europeias \u2013 O Jornal Econ\u00f3mico - Super News","robots":{"index":"index","follow":"follow","max-snippet":"max-snippet:-1","max-image-preview":"max-image-preview:large","max-video-preview":"max-video-preview:-1"},"canonical":"https:\/\/super-news.info\/pt\/basta-e-alianca-superam-cds-pp-no-orcamento-de-campanha-para-as-europeias-o-jornal-economico\/","og_locale":"pt_PT","og_type":"article","og_title":"Basta! e Alian\u00e7a superam CDS-PP no or\u00e7amento de campanha para as europeias \u2013 O Jornal Econ\u00f3mico - Super News","og_description":"[ad_1] A Coliga\u00e7\u00e3o Basta!, liderada por Andr\u00e9 Ventura, e a Alian\u00e7a, partido criado por Pedro Santana Lopes, t\u00eam o quinto e o sexto maiores or\u00e7amentos de campanha para as elei\u00e7\u00f5es europeias de 26 de maio, segundo a documenta\u00e7\u00e3o entregue ao Tribunal Constitucional pelas listas que se apresentam a votos, relegando o CDS-PP para a s\u00e9tima [&hellip;]","og_url":"https:\/\/super-news.info\/pt\/basta-e-alianca-superam-cds-pp-no-orcamento-de-campanha-para-as-europeias-o-jornal-economico\/","og_site_name":"Super News","article_published_time":"2019-04-21T10:56:33+00:00","article_modified_time":"2019-04-21T10:56:34+00:00","og_image":[{"width":960,"height":502,"url":"https:\/\/super-news.info\/pt\/wp-content\/uploads\/sites\/2\/2019\/04\/Basta-e-Alian\u00e7a-superam-CDS-PP-no-or\u00e7amento-de-campanha-para.jpg","type":"image\/jpeg"}],"author":"super-news","twitter_card":"summary_large_image","twitter_misc":{"Escrito por":"super-news","Tempo estimado de leitura":"2 minutos"},"schema":{"@context":"https:\/\/schema.org","@graph":[{"@type":"Article","@id":"https:\/\/super-news.info\/pt\/basta-e-alianca-superam-cds-pp-no-orcamento-de-campanha-para-as-europeias-o-jornal-economico\/#article","isPartOf":{"@id":"https:\/\/super-news.info\/pt\/basta-e-alianca-superam-cds-pp-no-orcamento-de-campanha-para-as-europeias-o-jornal-economico\/"},"author":{"name":"super-news","@id":"https:\/\/super-news.info\/pt\/#\/schema\/person\/2d4068cb2f39cd10008c2fce578a7356"},"headline":"Basta! e Alian\u00e7a superam CDS-PP no or\u00e7amento de campanha para as europeias \u2013 O Jornal Econ\u00f3mico","datePublished":"2019-04-21T10:56:33+00:00","dateModified":"2019-04-21T10:56:34+00:00","mainEntityOfPage":{"@id":"https:\/\/super-news.info\/pt\/basta-e-alianca-superam-cds-pp-no-orcamento-de-campanha-para-as-europeias-o-jornal-economico\/"},"wordCount":440,"commentCount":0,"image":{"@id":"https:\/\/super-news.info\/pt\/basta-e-alianca-superam-cds-pp-no-orcamento-de-campanha-para-as-europeias-o-jornal-economico\/#primaryimage"},"thumbnailUrl":"https:\/\/super-news.info\/pt\/wp-content\/uploads\/sites\/2\/2019\/04\/Basta-e-Alian\u00e7a-superam-CDS-PP-no-or\u00e7amento-de-campanha-para.jpg","articleSection":["NOT\u00cdCIAS FINANCEIRAS"],"inLanguage":"pt-PT","potentialAction":[{"@type":"CommentAction","name":"Comment","target":["https:\/\/super-news.info\/pt\/basta-e-alianca-superam-cds-pp-no-orcamento-de-campanha-para-as-europeias-o-jornal-economico\/#respond"]}]},{"@type":"WebPage","@id":"https:\/\/super-news.info\/pt\/basta-e-alianca-superam-cds-pp-no-orcamento-de-campanha-para-as-europeias-o-jornal-economico\/","url":"https:\/\/super-news.info\/pt\/basta-e-alianca-superam-cds-pp-no-orcamento-de-campanha-para-as-europeias-o-jornal-economico\/","name":"Basta! e Alian\u00e7a superam CDS-PP no or\u00e7amento de campanha para as europeias \u2013 O Jornal Econ\u00f3mico - Super News","isPartOf":{"@id":"https:\/\/super-news.info\/pt\/#website"},"primaryImageOfPage":{"@id":"https:\/\/super-news.info\/pt\/basta-e-alianca-superam-cds-pp-no-orcamento-de-campanha-para-as-europeias-o-jornal-economico\/#primaryimage"},"image":{"@id":"https:\/\/super-news.info\/pt\/basta-e-alianca-superam-cds-pp-no-orcamento-de-campanha-para-as-europeias-o-jornal-economico\/#primaryimage"},"thumbnailUrl":"https:\/\/super-news.info\/pt\/wp-content\/uploads\/sites\/2\/2019\/04\/Basta-e-Alian\u00e7a-superam-CDS-PP-no-or\u00e7amento-de-campanha-para.jpg","datePublished":"2019-04-21T10:56:33+00:00","dateModified":"2019-04-21T10:56:34+00:00","author":{"@id":"https:\/\/super-news.info\/pt\/#\/schema\/person\/2d4068cb2f39cd10008c2fce578a7356"},"breadcrumb":{"@id":"https:\/\/super-news.info\/pt\/basta-e-alianca-superam-cds-pp-no-orcamento-de-campanha-para-as-europeias-o-jornal-economico\/#breadcrumb"},"inLanguage":"pt-PT","potentialAction":[{"@type":"ReadAction","target":["https:\/\/super-news.info\/pt\/basta-e-alianca-superam-cds-pp-no-orcamento-de-campanha-para-as-europeias-o-jornal-economico\/"]}]},{"@type":"ImageObject","inLanguage":"pt-PT","@id":"https:\/\/super-news.info\/pt\/basta-e-alianca-superam-cds-pp-no-orcamento-de-campanha-para-as-europeias-o-jornal-economico\/#primaryimage","url":"https:\/\/super-news.info\/pt\/wp-content\/uploads\/sites\/2\/2019\/04\/Basta-e-Alian\u00e7a-superam-CDS-PP-no-or\u00e7amento-de-campanha-para.jpg","contentUrl":"https:\/\/super-news.info\/pt\/wp-content\/uploads\/sites\/2\/2019\/04\/Basta-e-Alian\u00e7a-superam-CDS-PP-no-or\u00e7amento-de-campanha-para.jpg","width":960,"height":502,"caption":"Basta! e Alian\u00e7a superam CDS-PP no or\u00e7amento de campanha para as europeias \u2013 O Jornal Econ\u00f3mico"},{"@type":"BreadcrumbList","@id":"https:\/\/super-news.info\/pt\/basta-e-alianca-superam-cds-pp-no-orcamento-de-campanha-para-as-europeias-o-jornal-economico\/#breadcrumb","itemListElement":[{"@type":"ListItem","position":1,"name":"\u0413\u043b\u0430\u0432\u043d\u0430\u044f \u0441\u0442\u0440\u0430\u043d\u0438\u0446\u0430","item":"https:\/\/super-news.info\/pt\/"},{"@type":"ListItem","position":2,"name":"Basta! e Alian\u00e7a superam CDS-PP no or\u00e7amento de campanha para as europeias \u2013 O Jornal Econ\u00f3mico"}]},{"@type":"WebSite","@id":"https:\/\/super-news.info\/pt\/#website","url":"https:\/\/super-news.info\/pt\/","name":"Super News","description":"Super News Portugal","potentialAction":[{"@type":"SearchAction","target":{"@type":"EntryPoint","urlTemplate":"https:\/\/super-news.info\/pt\/?s={search_term_string}"},"query-input":{"@type":"PropertyValueSpecification","valueRequired":true,"valueName":"search_term_string"}}],"inLanguage":"pt-PT"},{"@type":"Person","@id":"https:\/\/super-news.info\/pt\/#\/schema\/person\/2d4068cb2f39cd10008c2fce578a7356","name":"super-news","image":{"@type":"ImageObject","inLanguage":"pt-PT","@id":"https:\/\/secure.gravatar.com\/avatar\/64ebac40b93f26a154f8a9b5b6fdccfc46f442b26b3dd6756dbff3bf9dc76fd7?s=96&d=mm&r=g","url":"https:\/\/secure.gravatar.com\/avatar\/64ebac40b93f26a154f8a9b5b6fdccfc46f442b26b3dd6756dbff3bf9dc76fd7?s=96&d=mm&r=g","contentUrl":"https:\/\/secure.gravatar.com\/avatar\/64ebac40b93f26a154f8a9b5b6fdccfc46f442b26b3dd6756dbff3bf9dc76fd7?s=96&d=mm&r=g","caption":"super-news"},"url":"https:\/\/super-news.info\/pt\/author\/pt\/"}]}},"_links":{"self":[{"href":"https:\/\/super-news.info\/pt\/wp-json\/wp\/v2\/posts\/590","targetHints":{"allow":["GET"]}}],"collection":[{"href":"https:\/\/super-news.info\/pt\/wp-json\/wp\/v2\/posts"}],"about":[{"href":"https:\/\/super-news.info\/pt\/wp-json\/wp\/v2\/types\/post"}],"author":[{"embeddable":true,"href":"https:\/\/super-news.info\/pt\/wp-json\/wp\/v2\/users\/2"}],"replies":[{"embeddable":true,"href":"https:\/\/super-news.info\/pt\/wp-json\/wp\/v2\/comments?post=590"}],"version-history":[{"count":1,"href":"https:\/\/super-news.info\/pt\/wp-json\/wp\/v2\/posts\/590\/revisions"}],"predecessor-version":[{"id":592,"href":"https:\/\/super-news.info\/pt\/wp-json\/wp\/v2\/posts\/590\/revisions\/592"}],"wp:featuredmedia":[{"embeddable":true,"href":"https:\/\/super-news.info\/pt\/wp-json\/wp\/v2\/media\/591"}],"wp:attachment":[{"href":"https:\/\/super-news.info\/pt\/wp-json\/wp\/v2\/media?parent=590"}],"wp:term":[{"taxonomy":"category","embeddable":true,"href":"https:\/\/super-news.info\/pt\/wp-json\/wp\/v2\/categories?post=590"},{"taxonomy":"post_tag","embeddable":true,"href":"https:\/\/super-news.info\/pt\/wp-json\/wp\/v2\/tags?post=590"}],"curies":[{"name":"wp","href":"https:\/\/api.w.org\/{rel}","templated":true}]}}