{"id":581,"date":"2019-04-21T09:44:33","date_gmt":"2019-04-21T06:44:33","guid":{"rendered":"https:\/\/super-news.info\/pt\/coletes-amarelos-novamente-nas-ruas-de-paris-o-jornal-economico\/"},"modified":"2019-04-21T09:44:34","modified_gmt":"2019-04-21T06:44:34","slug":"coletes-amarelos-novamente-nas-ruas-de-paris-o-jornal-economico","status":"publish","type":"post","link":"https:\/\/super-news.info\/pt\/coletes-amarelos-novamente-nas-ruas-de-paris-o-jornal-economico\/","title":{"rendered":"\u2018Coletes amarelos\u2019 novamente nas ruas de Paris \u2013 O Jornal Econ\u00f3mico"},"content":{"rendered":"<p> [ad_1]<br \/>\n<\/p>\n<div>\n<div class=\"je-readmore\">\n<p>Nem o an\u00fancio iminente de medidas como uma redu\u00e7\u00e3o de impostos, nem o momento de unidade nacional que se vive depois do inc\u00eandio de Notre-Dame e nem mesmo a P\u00e1scoa fizeram desistir os \u2018coletes amarelos\u2019 de voltarem \u00e0s ruas de Paris e de outras grandes cidades de Fran\u00e7a<\/p>\n<p>Cerca de 60 mil policiais foram mobilizados em v\u00e1rias cidades francesas este s\u00e1bado, para fazer frente a milhares de \u2018coletes amarelos\u2019 que voltaram a concentrar-se nas ruas desde as primeiras horas da manh\u00e3, apesar da proibi\u00e7\u00e3o das manifesta\u00e7\u00f5es em pontos-chave de Paris.<\/p>\n<p>Embora o n\u00famero de manifestantes tenha diminu\u00eddo nas \u00faltimas semanas \u2013 31 mil no \u00faltimo s\u00e1bado em todo o pa\u00eds, cinco mil \u2013 as autoridades temem uma nova onda de viol\u00eancia, dias antes do esperado an\u00fancio de Macron de novas medidas econ\u00f3micas, que j\u00e1 deviam ser conhecidas, mas ficaram suspensas depois do inc\u00eandio. Quinta-feira \u00e9 a data esperada.<\/p>\n<p>De acordo com a France Presse, j\u00e1 esta tarde os \u00f3rg\u00e3os de seguran\u00e7a p\u00fablica realizaram mais de 14 mil controlos preventivos e, s\u00f3 em Paris, 137 pessoas foram presas e 70 foram colocadas sob cust\u00f3dia policial. O principal temor das autoridades \u00e9 o regresso da viol\u00eancia como a que ocorreu em 16 de mar\u00e7o, quando militantes radicais se juntaram aos coletes amarelos e provocaram saques e viol\u00eancia generalizada nas ruas de Paris.<\/p>\n<p>Apesar de Macron se preparar para anunciar medidas que s\u00e3o em parte tidas como uma resposta \u00e0s reivindica\u00e7\u00f5es dos \u2018coletes amarelos\u2019, o certo \u00e9 que isso n\u00e3o foi suficiente para levar o grupo a parar as iniciativas de rua \u2013 que o governo considera serem n\u00e3o s\u00f3 ilegais, mas capazes de implicar negativamente na economia.<\/p>\n<p>Pior ainda, diz o governo, a persist\u00eancia da viol\u00eancia nas ruas pode chocar com as iniciativas do governo de Macron de chamar a Fran\u00e7a o investimento direto estrangeiro \u2013 que \u00e9 um dos principais cap\u00edtulos do relan\u00e7amento da economia gaulesa, perigosamente pr\u00f3xima de um crescimento paup\u00e9rrimo.<\/p>\n<p>Alguns analistas previam que os \u2018coletes amarelos\u2019 fossem sens\u00edveis \u00e0 onda de unidade nacional que se manifestou depois do inc\u00eandio desta semana, mas a verdade \u00e9 que n\u00e3o foi isso que aconteceu.<\/p>\n<\/div>\n<\/div>\n<p><script>\/*<![CDATA[*\/function facebookInit(){var js=document.createElement('script');js.src='https:\/\/connect.facebook.net\/pt_PT\/sdk.js#xfbml=1&#038;version=v3.1&#038;appId=1708066812789184&#038;autoLogAppEvents=1';return document.body.appendChild(js);}\nwindow.onscroll=function(){var rect=document.getElementsByClassName('je-post-content')[0].getBoundingClientRect();if(rect.bottom<window.innerHeight){facebookInit();window.onscroll=null;}}\/*]]>*\/<\/script><br \/>\n<br \/>[ad_2]<br \/>\n<br \/><a href=\"https:\/\/jornaleconomico.sapo.pt\/noticias\/coletes-amarelos-novamente-nas-ruas-de-paris-435929\">Source link <\/a><\/p>\n","protected":false},"excerpt":{"rendered":"<p>[ad_1] Nem o an\u00fancio iminente de medidas como uma redu\u00e7\u00e3o de impostos, nem o momento de unidade nacional que se vive depois do inc\u00eandio de Notre-Dame e nem mesmo a P\u00e1scoa fizeram desistir os \u2018coletes amarelos\u2019 de voltarem \u00e0s ruas de Paris e de outras grandes cidades de Fran\u00e7a Cerca de 60 mil policiais foram [&hellip;]<\/p>\n","protected":false},"author":2,"featured_media":582,"comment_status":"open","ping_status":"open","sticky":false,"template":"","format":"standard","meta":{"footnotes":""},"categories":[1],"tags":[],"class_list":["post-581","post","type-post","status-publish","format-standard","has-post-thumbnail","hentry","category-noticias-financeiras"],"yoast_head":"<!-- This site is optimized with the Yoast SEO plugin v27.4 - https:\/\/yoast.com\/product\/yoast-seo-wordpress\/ -->\n<title>\u2018Coletes amarelos\u2019 novamente nas ruas de Paris \u2013 O Jornal Econ\u00f3mico - Super News<\/title>\n<meta name=\"robots\" content=\"index, follow, max-snippet:-1, max-image-preview:large, max-video-preview:-1\" \/>\n<link rel=\"canonical\" href=\"https:\/\/super-news.info\/pt\/coletes-amarelos-novamente-nas-ruas-de-paris-o-jornal-economico\/\" \/>\n<meta property=\"og:locale\" content=\"pt_PT\" \/>\n<meta property=\"og:type\" content=\"article\" \/>\n<meta property=\"og:title\" content=\"\u2018Coletes amarelos\u2019 novamente nas ruas de Paris \u2013 O Jornal Econ\u00f3mico - Super News\" \/>\n<meta property=\"og:description\" content=\"[ad_1] Nem o an\u00fancio iminente de medidas como uma redu\u00e7\u00e3o de impostos, nem o momento de unidade nacional que se vive depois do inc\u00eandio de Notre-Dame e nem mesmo a P\u00e1scoa fizeram desistir os \u2018coletes amarelos\u2019 de voltarem \u00e0s ruas de Paris e de outras grandes cidades de Fran\u00e7a Cerca de 60 mil policiais foram [&hellip;]\" \/>\n<meta property=\"og:url\" content=\"https:\/\/super-news.info\/pt\/coletes-amarelos-novamente-nas-ruas-de-paris-o-jornal-economico\/\" \/>\n<meta property=\"og:site_name\" content=\"Super News\" \/>\n<meta property=\"article:published_time\" content=\"2019-04-21T06:44:33+00:00\" \/>\n<meta property=\"article:modified_time\" content=\"2019-04-21T06:44:34+00:00\" \/>\n<meta property=\"og:image\" content=\"https:\/\/super-news.info\/pt\/wp-content\/uploads\/sites\/2\/2019\/04\/\u2018Coletes-amarelos\u2019-novamente-nas-ruas-de-Paris-\u2013-O-Jornal.jpg\" \/>\n\t<meta property=\"og:image:width\" content=\"960\" \/>\n\t<meta property=\"og:image:height\" content=\"600\" \/>\n\t<meta property=\"og:image:type\" content=\"image\/jpeg\" \/>\n<meta name=\"author\" content=\"super-news\" \/>\n<meta name=\"twitter:card\" content=\"summary_large_image\" \/>\n<meta name=\"twitter:label1\" content=\"Escrito por\" \/>\n\t<meta name=\"twitter:data1\" content=\"super-news\" \/>\n\t<meta name=\"twitter:label2\" content=\"Tempo estimado de leitura\" \/>\n\t<meta name=\"twitter:data2\" content=\"2 minutos\" \/>\n<script type=\"application\/ld+json\" class=\"yoast-schema-graph\">{\"@context\":\"https:\\\/\\\/schema.org\",\"@graph\":[{\"@type\":\"Article\",\"@id\":\"https:\\\/\\\/super-news.info\\\/pt\\\/coletes-amarelos-novamente-nas-ruas-de-paris-o-jornal-economico\\\/#article\",\"isPartOf\":{\"@id\":\"https:\\\/\\\/super-news.info\\\/pt\\\/coletes-amarelos-novamente-nas-ruas-de-paris-o-jornal-economico\\\/\"},\"author\":{\"name\":\"super-news\",\"@id\":\"https:\\\/\\\/super-news.info\\\/pt\\\/#\\\/schema\\\/person\\\/2d4068cb2f39cd10008c2fce578a7356\"},\"headline\":\"\u2018Coletes amarelos\u2019 novamente nas ruas de Paris \u2013 O Jornal Econ\u00f3mico\",\"datePublished\":\"2019-04-21T06:44:33+00:00\",\"dateModified\":\"2019-04-21T06:44:34+00:00\",\"mainEntityOfPage\":{\"@id\":\"https:\\\/\\\/super-news.info\\\/pt\\\/coletes-amarelos-novamente-nas-ruas-de-paris-o-jornal-economico\\\/\"},\"wordCount\":390,\"commentCount\":0,\"image\":{\"@id\":\"https:\\\/\\\/super-news.info\\\/pt\\\/coletes-amarelos-novamente-nas-ruas-de-paris-o-jornal-economico\\\/#primaryimage\"},\"thumbnailUrl\":\"https:\\\/\\\/super-news.info\\\/pt\\\/wp-content\\\/uploads\\\/sites\\\/2\\\/2019\\\/04\\\/\u2018Coletes-amarelos\u2019-novamente-nas-ruas-de-Paris-\u2013-O-Jornal.jpg\",\"articleSection\":[\"NOT\u00cdCIAS FINANCEIRAS\"],\"inLanguage\":\"pt-PT\",\"potentialAction\":[{\"@type\":\"CommentAction\",\"name\":\"Comment\",\"target\":[\"https:\\\/\\\/super-news.info\\\/pt\\\/coletes-amarelos-novamente-nas-ruas-de-paris-o-jornal-economico\\\/#respond\"]}]},{\"@type\":\"WebPage\",\"@id\":\"https:\\\/\\\/super-news.info\\\/pt\\\/coletes-amarelos-novamente-nas-ruas-de-paris-o-jornal-economico\\\/\",\"url\":\"https:\\\/\\\/super-news.info\\\/pt\\\/coletes-amarelos-novamente-nas-ruas-de-paris-o-jornal-economico\\\/\",\"name\":\"\u2018Coletes amarelos\u2019 novamente nas ruas de Paris \u2013 O Jornal Econ\u00f3mico - Super News\",\"isPartOf\":{\"@id\":\"https:\\\/\\\/super-news.info\\\/pt\\\/#website\"},\"primaryImageOfPage\":{\"@id\":\"https:\\\/\\\/super-news.info\\\/pt\\\/coletes-amarelos-novamente-nas-ruas-de-paris-o-jornal-economico\\\/#primaryimage\"},\"image\":{\"@id\":\"https:\\\/\\\/super-news.info\\\/pt\\\/coletes-amarelos-novamente-nas-ruas-de-paris-o-jornal-economico\\\/#primaryimage\"},\"thumbnailUrl\":\"https:\\\/\\\/super-news.info\\\/pt\\\/wp-content\\\/uploads\\\/sites\\\/2\\\/2019\\\/04\\\/\u2018Coletes-amarelos\u2019-novamente-nas-ruas-de-Paris-\u2013-O-Jornal.jpg\",\"datePublished\":\"2019-04-21T06:44:33+00:00\",\"dateModified\":\"2019-04-21T06:44:34+00:00\",\"author\":{\"@id\":\"https:\\\/\\\/super-news.info\\\/pt\\\/#\\\/schema\\\/person\\\/2d4068cb2f39cd10008c2fce578a7356\"},\"breadcrumb\":{\"@id\":\"https:\\\/\\\/super-news.info\\\/pt\\\/coletes-amarelos-novamente-nas-ruas-de-paris-o-jornal-economico\\\/#breadcrumb\"},\"inLanguage\":\"pt-PT\",\"potentialAction\":[{\"@type\":\"ReadAction\",\"target\":[\"https:\\\/\\\/super-news.info\\\/pt\\\/coletes-amarelos-novamente-nas-ruas-de-paris-o-jornal-economico\\\/\"]}]},{\"@type\":\"ImageObject\",\"inLanguage\":\"pt-PT\",\"@id\":\"https:\\\/\\\/super-news.info\\\/pt\\\/coletes-amarelos-novamente-nas-ruas-de-paris-o-jornal-economico\\\/#primaryimage\",\"url\":\"https:\\\/\\\/super-news.info\\\/pt\\\/wp-content\\\/uploads\\\/sites\\\/2\\\/2019\\\/04\\\/\u2018Coletes-amarelos\u2019-novamente-nas-ruas-de-Paris-\u2013-O-Jornal.jpg\",\"contentUrl\":\"https:\\\/\\\/super-news.info\\\/pt\\\/wp-content\\\/uploads\\\/sites\\\/2\\\/2019\\\/04\\\/\u2018Coletes-amarelos\u2019-novamente-nas-ruas-de-Paris-\u2013-O-Jornal.jpg\",\"width\":960,\"height\":600,\"caption\":\"\u2018Coletes amarelos\u2019 novamente nas ruas de Paris \u2013 O Jornal Econ\u00f3mico\"},{\"@type\":\"BreadcrumbList\",\"@id\":\"https:\\\/\\\/super-news.info\\\/pt\\\/coletes-amarelos-novamente-nas-ruas-de-paris-o-jornal-economico\\\/#breadcrumb\",\"itemListElement\":[{\"@type\":\"ListItem\",\"position\":1,\"name\":\"\u0413\u043b\u0430\u0432\u043d\u0430\u044f \u0441\u0442\u0440\u0430\u043d\u0438\u0446\u0430\",\"item\":\"https:\\\/\\\/super-news.info\\\/pt\\\/\"},{\"@type\":\"ListItem\",\"position\":2,\"name\":\"\u2018Coletes amarelos\u2019 novamente nas ruas de Paris \u2013 O Jornal Econ\u00f3mico\"}]},{\"@type\":\"WebSite\",\"@id\":\"https:\\\/\\\/super-news.info\\\/pt\\\/#website\",\"url\":\"https:\\\/\\\/super-news.info\\\/pt\\\/\",\"name\":\"Super News\",\"description\":\"Super News Portugal\",\"potentialAction\":[{\"@type\":\"SearchAction\",\"target\":{\"@type\":\"EntryPoint\",\"urlTemplate\":\"https:\\\/\\\/super-news.info\\\/pt\\\/?s={search_term_string}\"},\"query-input\":{\"@type\":\"PropertyValueSpecification\",\"valueRequired\":true,\"valueName\":\"search_term_string\"}}],\"inLanguage\":\"pt-PT\"},{\"@type\":\"Person\",\"@id\":\"https:\\\/\\\/super-news.info\\\/pt\\\/#\\\/schema\\\/person\\\/2d4068cb2f39cd10008c2fce578a7356\",\"name\":\"super-news\",\"image\":{\"@type\":\"ImageObject\",\"inLanguage\":\"pt-PT\",\"@id\":\"https:\\\/\\\/secure.gravatar.com\\\/avatar\\\/64ebac40b93f26a154f8a9b5b6fdccfc46f442b26b3dd6756dbff3bf9dc76fd7?s=96&d=mm&r=g\",\"url\":\"https:\\\/\\\/secure.gravatar.com\\\/avatar\\\/64ebac40b93f26a154f8a9b5b6fdccfc46f442b26b3dd6756dbff3bf9dc76fd7?s=96&d=mm&r=g\",\"contentUrl\":\"https:\\\/\\\/secure.gravatar.com\\\/avatar\\\/64ebac40b93f26a154f8a9b5b6fdccfc46f442b26b3dd6756dbff3bf9dc76fd7?s=96&d=mm&r=g\",\"caption\":\"super-news\"},\"url\":\"https:\\\/\\\/super-news.info\\\/pt\\\/author\\\/pt\\\/\"}]}<\/script>\n<!-- \/ Yoast SEO plugin. -->","yoast_head_json":{"title":"\u2018Coletes amarelos\u2019 novamente nas ruas de Paris \u2013 O Jornal Econ\u00f3mico - Super News","robots":{"index":"index","follow":"follow","max-snippet":"max-snippet:-1","max-image-preview":"max-image-preview:large","max-video-preview":"max-video-preview:-1"},"canonical":"https:\/\/super-news.info\/pt\/coletes-amarelos-novamente-nas-ruas-de-paris-o-jornal-economico\/","og_locale":"pt_PT","og_type":"article","og_title":"\u2018Coletes amarelos\u2019 novamente nas ruas de Paris \u2013 O Jornal Econ\u00f3mico - Super News","og_description":"[ad_1] Nem o an\u00fancio iminente de medidas como uma redu\u00e7\u00e3o de impostos, nem o momento de unidade nacional que se vive depois do inc\u00eandio de Notre-Dame e nem mesmo a P\u00e1scoa fizeram desistir os \u2018coletes amarelos\u2019 de voltarem \u00e0s ruas de Paris e de outras grandes cidades de Fran\u00e7a Cerca de 60 mil policiais foram [&hellip;]","og_url":"https:\/\/super-news.info\/pt\/coletes-amarelos-novamente-nas-ruas-de-paris-o-jornal-economico\/","og_site_name":"Super News","article_published_time":"2019-04-21T06:44:33+00:00","article_modified_time":"2019-04-21T06:44:34+00:00","og_image":[{"width":960,"height":600,"url":"https:\/\/super-news.info\/pt\/wp-content\/uploads\/sites\/2\/2019\/04\/\u2018Coletes-amarelos\u2019-novamente-nas-ruas-de-Paris-\u2013-O-Jornal.jpg","type":"image\/jpeg"}],"author":"super-news","twitter_card":"summary_large_image","twitter_misc":{"Escrito por":"super-news","Tempo estimado de leitura":"2 minutos"},"schema":{"@context":"https:\/\/schema.org","@graph":[{"@type":"Article","@id":"https:\/\/super-news.info\/pt\/coletes-amarelos-novamente-nas-ruas-de-paris-o-jornal-economico\/#article","isPartOf":{"@id":"https:\/\/super-news.info\/pt\/coletes-amarelos-novamente-nas-ruas-de-paris-o-jornal-economico\/"},"author":{"name":"super-news","@id":"https:\/\/super-news.info\/pt\/#\/schema\/person\/2d4068cb2f39cd10008c2fce578a7356"},"headline":"\u2018Coletes amarelos\u2019 novamente nas ruas de Paris \u2013 O Jornal Econ\u00f3mico","datePublished":"2019-04-21T06:44:33+00:00","dateModified":"2019-04-21T06:44:34+00:00","mainEntityOfPage":{"@id":"https:\/\/super-news.info\/pt\/coletes-amarelos-novamente-nas-ruas-de-paris-o-jornal-economico\/"},"wordCount":390,"commentCount":0,"image":{"@id":"https:\/\/super-news.info\/pt\/coletes-amarelos-novamente-nas-ruas-de-paris-o-jornal-economico\/#primaryimage"},"thumbnailUrl":"https:\/\/super-news.info\/pt\/wp-content\/uploads\/sites\/2\/2019\/04\/\u2018Coletes-amarelos\u2019-novamente-nas-ruas-de-Paris-\u2013-O-Jornal.jpg","articleSection":["NOT\u00cdCIAS FINANCEIRAS"],"inLanguage":"pt-PT","potentialAction":[{"@type":"CommentAction","name":"Comment","target":["https:\/\/super-news.info\/pt\/coletes-amarelos-novamente-nas-ruas-de-paris-o-jornal-economico\/#respond"]}]},{"@type":"WebPage","@id":"https:\/\/super-news.info\/pt\/coletes-amarelos-novamente-nas-ruas-de-paris-o-jornal-economico\/","url":"https:\/\/super-news.info\/pt\/coletes-amarelos-novamente-nas-ruas-de-paris-o-jornal-economico\/","name":"\u2018Coletes amarelos\u2019 novamente nas ruas de Paris \u2013 O Jornal Econ\u00f3mico - Super News","isPartOf":{"@id":"https:\/\/super-news.info\/pt\/#website"},"primaryImageOfPage":{"@id":"https:\/\/super-news.info\/pt\/coletes-amarelos-novamente-nas-ruas-de-paris-o-jornal-economico\/#primaryimage"},"image":{"@id":"https:\/\/super-news.info\/pt\/coletes-amarelos-novamente-nas-ruas-de-paris-o-jornal-economico\/#primaryimage"},"thumbnailUrl":"https:\/\/super-news.info\/pt\/wp-content\/uploads\/sites\/2\/2019\/04\/\u2018Coletes-amarelos\u2019-novamente-nas-ruas-de-Paris-\u2013-O-Jornal.jpg","datePublished":"2019-04-21T06:44:33+00:00","dateModified":"2019-04-21T06:44:34+00:00","author":{"@id":"https:\/\/super-news.info\/pt\/#\/schema\/person\/2d4068cb2f39cd10008c2fce578a7356"},"breadcrumb":{"@id":"https:\/\/super-news.info\/pt\/coletes-amarelos-novamente-nas-ruas-de-paris-o-jornal-economico\/#breadcrumb"},"inLanguage":"pt-PT","potentialAction":[{"@type":"ReadAction","target":["https:\/\/super-news.info\/pt\/coletes-amarelos-novamente-nas-ruas-de-paris-o-jornal-economico\/"]}]},{"@type":"ImageObject","inLanguage":"pt-PT","@id":"https:\/\/super-news.info\/pt\/coletes-amarelos-novamente-nas-ruas-de-paris-o-jornal-economico\/#primaryimage","url":"https:\/\/super-news.info\/pt\/wp-content\/uploads\/sites\/2\/2019\/04\/\u2018Coletes-amarelos\u2019-novamente-nas-ruas-de-Paris-\u2013-O-Jornal.jpg","contentUrl":"https:\/\/super-news.info\/pt\/wp-content\/uploads\/sites\/2\/2019\/04\/\u2018Coletes-amarelos\u2019-novamente-nas-ruas-de-Paris-\u2013-O-Jornal.jpg","width":960,"height":600,"caption":"\u2018Coletes amarelos\u2019 novamente nas ruas de Paris \u2013 O Jornal Econ\u00f3mico"},{"@type":"BreadcrumbList","@id":"https:\/\/super-news.info\/pt\/coletes-amarelos-novamente-nas-ruas-de-paris-o-jornal-economico\/#breadcrumb","itemListElement":[{"@type":"ListItem","position":1,"name":"\u0413\u043b\u0430\u0432\u043d\u0430\u044f \u0441\u0442\u0440\u0430\u043d\u0438\u0446\u0430","item":"https:\/\/super-news.info\/pt\/"},{"@type":"ListItem","position":2,"name":"\u2018Coletes amarelos\u2019 novamente nas ruas de Paris \u2013 O Jornal Econ\u00f3mico"}]},{"@type":"WebSite","@id":"https:\/\/super-news.info\/pt\/#website","url":"https:\/\/super-news.info\/pt\/","name":"Super News","description":"Super News Portugal","potentialAction":[{"@type":"SearchAction","target":{"@type":"EntryPoint","urlTemplate":"https:\/\/super-news.info\/pt\/?s={search_term_string}"},"query-input":{"@type":"PropertyValueSpecification","valueRequired":true,"valueName":"search_term_string"}}],"inLanguage":"pt-PT"},{"@type":"Person","@id":"https:\/\/super-news.info\/pt\/#\/schema\/person\/2d4068cb2f39cd10008c2fce578a7356","name":"super-news","image":{"@type":"ImageObject","inLanguage":"pt-PT","@id":"https:\/\/secure.gravatar.com\/avatar\/64ebac40b93f26a154f8a9b5b6fdccfc46f442b26b3dd6756dbff3bf9dc76fd7?s=96&d=mm&r=g","url":"https:\/\/secure.gravatar.com\/avatar\/64ebac40b93f26a154f8a9b5b6fdccfc46f442b26b3dd6756dbff3bf9dc76fd7?s=96&d=mm&r=g","contentUrl":"https:\/\/secure.gravatar.com\/avatar\/64ebac40b93f26a154f8a9b5b6fdccfc46f442b26b3dd6756dbff3bf9dc76fd7?s=96&d=mm&r=g","caption":"super-news"},"url":"https:\/\/super-news.info\/pt\/author\/pt\/"}]}},"_links":{"self":[{"href":"https:\/\/super-news.info\/pt\/wp-json\/wp\/v2\/posts\/581","targetHints":{"allow":["GET"]}}],"collection":[{"href":"https:\/\/super-news.info\/pt\/wp-json\/wp\/v2\/posts"}],"about":[{"href":"https:\/\/super-news.info\/pt\/wp-json\/wp\/v2\/types\/post"}],"author":[{"embeddable":true,"href":"https:\/\/super-news.info\/pt\/wp-json\/wp\/v2\/users\/2"}],"replies":[{"embeddable":true,"href":"https:\/\/super-news.info\/pt\/wp-json\/wp\/v2\/comments?post=581"}],"version-history":[{"count":1,"href":"https:\/\/super-news.info\/pt\/wp-json\/wp\/v2\/posts\/581\/revisions"}],"predecessor-version":[{"id":583,"href":"https:\/\/super-news.info\/pt\/wp-json\/wp\/v2\/posts\/581\/revisions\/583"}],"wp:featuredmedia":[{"embeddable":true,"href":"https:\/\/super-news.info\/pt\/wp-json\/wp\/v2\/media\/582"}],"wp:attachment":[{"href":"https:\/\/super-news.info\/pt\/wp-json\/wp\/v2\/media?parent=581"}],"wp:term":[{"taxonomy":"category","embeddable":true,"href":"https:\/\/super-news.info\/pt\/wp-json\/wp\/v2\/categories?post=581"},{"taxonomy":"post_tag","embeddable":true,"href":"https:\/\/super-news.info\/pt\/wp-json\/wp\/v2\/tags?post=581"}],"curies":[{"name":"wp","href":"https:\/\/api.w.org\/{rel}","templated":true}]}}