{"id":569,"date":"2019-04-21T04:56:32","date_gmt":"2019-04-21T01:56:32","guid":{"rendered":"https:\/\/super-news.info\/pt\/greve-de-veterinarios-e-de-trabalhadores-da-inspecao-sanitaria-com-adesao-de-50-o-jornal-economico\/"},"modified":"2019-04-21T04:56:34","modified_gmt":"2019-04-21T01:56:34","slug":"greve-de-veterinarios-e-de-trabalhadores-da-inspecao-sanitaria-com-adesao-de-50-o-jornal-economico","status":"publish","type":"post","link":"https:\/\/super-news.info\/pt\/greve-de-veterinarios-e-de-trabalhadores-da-inspecao-sanitaria-com-adesao-de-50-o-jornal-economico\/","title":{"rendered":"Greve de veterin\u00e1rios e de trabalhadores da inspe\u00e7\u00e3o sanit\u00e1ria com ades\u00e3o de 50% \u2013 O Jornal Econ\u00f3mico"},"content":{"rendered":"<p> [ad_1]<br \/>\n<\/p>\n<div>\n<p>A greve dos veterin\u00e1rios e inspetores sanit\u00e1rios da Dire\u00e7\u00e3o-Geral da Alimenta\u00e7\u00e3o e Veterin\u00e1ria (DGAV) registou uma ades\u00e3o de 50%, provocando constrangimentos nos matadouros, avan\u00e7ou este s\u00e1bado, \u00e0 ag\u00eancia Lusa, o Sindicato dos Trabalhadores em Fun\u00e7\u00f5es P\u00fablicas e Sociais do Norte (STFPSN).<\/p>\n<p>A paralisa\u00e7\u00e3o, que come\u00e7ou na ter\u00e7a-feira e termina hoje, \u201cteve uma ades\u00e3o de perto de 50%\u201d e afetou v\u00e1rios matadouros no pa\u00eds que, nalguns casos, \u201cpararam totalmente\u201d e noutros funcionaram \u201ca meio g\u00e1s\u201d, disse a delegada sindical Gra\u00e7a Martins.<\/p>\n<p>\u201cMuitas equipas de inspe\u00e7\u00e3o viram-se reduzidas e houve matadouros que laboraram com apenas um inspetor quando normalmente est\u00e3o cinco ou seis pessoas\u201d, acrescentou a sindicalista.<\/p>\n<p>Gra\u00e7a Martins contou que, num dos principais matadouros de su\u00ednos, situado no Norte do pa\u00eds, foram abatidos, num dos dias, cerca de 800 porcos para exporta\u00e7\u00e3o no Brasil, um processo que requer \u201cuma inspe\u00e7\u00e3o muito rigorosa\u201d, com apenas um veterin\u00e1rio.<\/p>\n<p>Apesar das dificuldades devido \u00e0 greve, \u201ca DGAV continuou a dar autoriza\u00e7\u00e3o para que a labora\u00e7\u00e3o prosseguisse\u201d, afirmou a delegada sindical, que acusou ainda a dire\u00e7\u00e3o-geral de \u201cnotificar os trabalhadores em plena greve para cumprirem, n\u00e3o os servi\u00e7os m\u00ednimos, mas servi\u00e7os m\u00e1ximos\u201d.<\/p>\n<p>Os trabalhadores est\u00e3o em greve para reivindicar a cria\u00e7\u00e3o da carreira especial de inspetor sanit\u00e1rio e, segundo Gra\u00e7a Martins, j\u00e1 foi, entretanto, agendada uma reuni\u00e3o com o secret\u00e1rio de Estado da Agricultura e Alimenta\u00e7\u00e3o, Lu\u00eds Medeiros Vieira.Matadouros<\/p>\n<\/div>\n<p><script>\/*<![CDATA[*\/function facebookInit(){var js=document.createElement('script');js.src='https:\/\/connect.facebook.net\/pt_PT\/sdk.js#xfbml=1&#038;version=v3.1&#038;appId=1708066812789184&#038;autoLogAppEvents=1';return document.body.appendChild(js);}\nwindow.onscroll=function(){var rect=document.getElementsByClassName('je-post-content')[0].getBoundingClientRect();if(rect.bottom<window.innerHeight){facebookInit();window.onscroll=null;}}\/*]]>*\/<\/script><br \/>\n<br \/>[ad_2]<br \/>\n<br \/><a href=\"https:\/\/jornaleconomico.sapo.pt\/noticias\/greve-de-veterinarios-e-de-trabalhadores-da-inspecao-sanitaria-com-adesao-de-50-435939\">Source link <\/a><\/p>\n","protected":false},"excerpt":{"rendered":"<p>[ad_1] A greve dos veterin\u00e1rios e inspetores sanit\u00e1rios da Dire\u00e7\u00e3o-Geral da Alimenta\u00e7\u00e3o e Veterin\u00e1ria (DGAV) registou uma ades\u00e3o de 50%, provocando constrangimentos nos matadouros, avan\u00e7ou este s\u00e1bado, \u00e0 ag\u00eancia Lusa, o Sindicato dos Trabalhadores em Fun\u00e7\u00f5es P\u00fablicas e Sociais do Norte (STFPSN). A paralisa\u00e7\u00e3o, que come\u00e7ou na ter\u00e7a-feira e termina hoje, \u201cteve uma ades\u00e3o de [&hellip;]<\/p>\n","protected":false},"author":2,"featured_media":570,"comment_status":"open","ping_status":"open","sticky":false,"template":"","format":"standard","meta":{"footnotes":""},"categories":[1],"tags":[],"class_list":["post-569","post","type-post","status-publish","format-standard","has-post-thumbnail","hentry","category-noticias-financeiras"],"yoast_head":"<!-- This site is optimized with the Yoast SEO plugin v27.4 - https:\/\/yoast.com\/product\/yoast-seo-wordpress\/ -->\n<title>Greve de veterin\u00e1rios e de trabalhadores da inspe\u00e7\u00e3o sanit\u00e1ria com ades\u00e3o de 50% \u2013 O Jornal Econ\u00f3mico - Super News<\/title>\n<meta name=\"robots\" content=\"index, follow, max-snippet:-1, max-image-preview:large, max-video-preview:-1\" \/>\n<link rel=\"canonical\" href=\"https:\/\/super-news.info\/pt\/greve-de-veterinarios-e-de-trabalhadores-da-inspecao-sanitaria-com-adesao-de-50-o-jornal-economico\/\" \/>\n<meta property=\"og:locale\" content=\"pt_PT\" \/>\n<meta property=\"og:type\" content=\"article\" \/>\n<meta property=\"og:title\" content=\"Greve de veterin\u00e1rios e de trabalhadores da inspe\u00e7\u00e3o sanit\u00e1ria com ades\u00e3o de 50% \u2013 O Jornal Econ\u00f3mico - Super News\" \/>\n<meta property=\"og:description\" content=\"[ad_1] A greve dos veterin\u00e1rios e inspetores sanit\u00e1rios da Dire\u00e7\u00e3o-Geral da Alimenta\u00e7\u00e3o e Veterin\u00e1ria (DGAV) registou uma ades\u00e3o de 50%, provocando constrangimentos nos matadouros, avan\u00e7ou este s\u00e1bado, \u00e0 ag\u00eancia Lusa, o Sindicato dos Trabalhadores em Fun\u00e7\u00f5es P\u00fablicas e Sociais do Norte (STFPSN). A paralisa\u00e7\u00e3o, que come\u00e7ou na ter\u00e7a-feira e termina hoje, \u201cteve uma ades\u00e3o de [&hellip;]\" \/>\n<meta property=\"og:url\" content=\"https:\/\/super-news.info\/pt\/greve-de-veterinarios-e-de-trabalhadores-da-inspecao-sanitaria-com-adesao-de-50-o-jornal-economico\/\" \/>\n<meta property=\"og:site_name\" content=\"Super News\" \/>\n<meta property=\"article:published_time\" content=\"2019-04-21T01:56:32+00:00\" \/>\n<meta property=\"article:modified_time\" content=\"2019-04-21T01:56:34+00:00\" \/>\n<meta property=\"og:image\" content=\"https:\/\/super-news.info\/pt\/wp-content\/uploads\/sites\/2\/2019\/04\/Greve-de-veterin\u00e1rios-e-de-trabalhadores-da-inspe\u00e7\u00e3o-sanit\u00e1ria-com.jpg\" \/>\n\t<meta property=\"og:image:width\" content=\"961\" \/>\n\t<meta property=\"og:image:height\" content=\"600\" \/>\n\t<meta property=\"og:image:type\" content=\"image\/jpeg\" \/>\n<meta name=\"author\" content=\"super-news\" \/>\n<meta name=\"twitter:card\" content=\"summary_large_image\" \/>\n<meta name=\"twitter:label1\" content=\"Escrito por\" \/>\n\t<meta name=\"twitter:data1\" content=\"super-news\" \/>\n\t<meta name=\"twitter:label2\" content=\"Tempo estimado de leitura\" \/>\n\t<meta name=\"twitter:data2\" content=\"1 minuto\" \/>\n<script type=\"application\/ld+json\" class=\"yoast-schema-graph\">{\"@context\":\"https:\\\/\\\/schema.org\",\"@graph\":[{\"@type\":\"Article\",\"@id\":\"https:\\\/\\\/super-news.info\\\/pt\\\/greve-de-veterinarios-e-de-trabalhadores-da-inspecao-sanitaria-com-adesao-de-50-o-jornal-economico\\\/#article\",\"isPartOf\":{\"@id\":\"https:\\\/\\\/super-news.info\\\/pt\\\/greve-de-veterinarios-e-de-trabalhadores-da-inspecao-sanitaria-com-adesao-de-50-o-jornal-economico\\\/\"},\"author\":{\"name\":\"super-news\",\"@id\":\"https:\\\/\\\/super-news.info\\\/pt\\\/#\\\/schema\\\/person\\\/2d4068cb2f39cd10008c2fce578a7356\"},\"headline\":\"Greve de veterin\u00e1rios e de trabalhadores da inspe\u00e7\u00e3o sanit\u00e1ria com ades\u00e3o de 50% \u2013 O Jornal Econ\u00f3mico\",\"datePublished\":\"2019-04-21T01:56:32+00:00\",\"dateModified\":\"2019-04-21T01:56:34+00:00\",\"mainEntityOfPage\":{\"@id\":\"https:\\\/\\\/super-news.info\\\/pt\\\/greve-de-veterinarios-e-de-trabalhadores-da-inspecao-sanitaria-com-adesao-de-50-o-jornal-economico\\\/\"},\"wordCount\":287,\"commentCount\":0,\"image\":{\"@id\":\"https:\\\/\\\/super-news.info\\\/pt\\\/greve-de-veterinarios-e-de-trabalhadores-da-inspecao-sanitaria-com-adesao-de-50-o-jornal-economico\\\/#primaryimage\"},\"thumbnailUrl\":\"https:\\\/\\\/super-news.info\\\/pt\\\/wp-content\\\/uploads\\\/sites\\\/2\\\/2019\\\/04\\\/Greve-de-veterin\u00e1rios-e-de-trabalhadores-da-inspe\u00e7\u00e3o-sanit\u00e1ria-com.jpg\",\"articleSection\":[\"NOT\u00cdCIAS FINANCEIRAS\"],\"inLanguage\":\"pt-PT\",\"potentialAction\":[{\"@type\":\"CommentAction\",\"name\":\"Comment\",\"target\":[\"https:\\\/\\\/super-news.info\\\/pt\\\/greve-de-veterinarios-e-de-trabalhadores-da-inspecao-sanitaria-com-adesao-de-50-o-jornal-economico\\\/#respond\"]}]},{\"@type\":\"WebPage\",\"@id\":\"https:\\\/\\\/super-news.info\\\/pt\\\/greve-de-veterinarios-e-de-trabalhadores-da-inspecao-sanitaria-com-adesao-de-50-o-jornal-economico\\\/\",\"url\":\"https:\\\/\\\/super-news.info\\\/pt\\\/greve-de-veterinarios-e-de-trabalhadores-da-inspecao-sanitaria-com-adesao-de-50-o-jornal-economico\\\/\",\"name\":\"Greve de veterin\u00e1rios e de trabalhadores da inspe\u00e7\u00e3o sanit\u00e1ria com ades\u00e3o de 50% \u2013 O Jornal Econ\u00f3mico - Super News\",\"isPartOf\":{\"@id\":\"https:\\\/\\\/super-news.info\\\/pt\\\/#website\"},\"primaryImageOfPage\":{\"@id\":\"https:\\\/\\\/super-news.info\\\/pt\\\/greve-de-veterinarios-e-de-trabalhadores-da-inspecao-sanitaria-com-adesao-de-50-o-jornal-economico\\\/#primaryimage\"},\"image\":{\"@id\":\"https:\\\/\\\/super-news.info\\\/pt\\\/greve-de-veterinarios-e-de-trabalhadores-da-inspecao-sanitaria-com-adesao-de-50-o-jornal-economico\\\/#primaryimage\"},\"thumbnailUrl\":\"https:\\\/\\\/super-news.info\\\/pt\\\/wp-content\\\/uploads\\\/sites\\\/2\\\/2019\\\/04\\\/Greve-de-veterin\u00e1rios-e-de-trabalhadores-da-inspe\u00e7\u00e3o-sanit\u00e1ria-com.jpg\",\"datePublished\":\"2019-04-21T01:56:32+00:00\",\"dateModified\":\"2019-04-21T01:56:34+00:00\",\"author\":{\"@id\":\"https:\\\/\\\/super-news.info\\\/pt\\\/#\\\/schema\\\/person\\\/2d4068cb2f39cd10008c2fce578a7356\"},\"breadcrumb\":{\"@id\":\"https:\\\/\\\/super-news.info\\\/pt\\\/greve-de-veterinarios-e-de-trabalhadores-da-inspecao-sanitaria-com-adesao-de-50-o-jornal-economico\\\/#breadcrumb\"},\"inLanguage\":\"pt-PT\",\"potentialAction\":[{\"@type\":\"ReadAction\",\"target\":[\"https:\\\/\\\/super-news.info\\\/pt\\\/greve-de-veterinarios-e-de-trabalhadores-da-inspecao-sanitaria-com-adesao-de-50-o-jornal-economico\\\/\"]}]},{\"@type\":\"ImageObject\",\"inLanguage\":\"pt-PT\",\"@id\":\"https:\\\/\\\/super-news.info\\\/pt\\\/greve-de-veterinarios-e-de-trabalhadores-da-inspecao-sanitaria-com-adesao-de-50-o-jornal-economico\\\/#primaryimage\",\"url\":\"https:\\\/\\\/super-news.info\\\/pt\\\/wp-content\\\/uploads\\\/sites\\\/2\\\/2019\\\/04\\\/Greve-de-veterin\u00e1rios-e-de-trabalhadores-da-inspe\u00e7\u00e3o-sanit\u00e1ria-com.jpg\",\"contentUrl\":\"https:\\\/\\\/super-news.info\\\/pt\\\/wp-content\\\/uploads\\\/sites\\\/2\\\/2019\\\/04\\\/Greve-de-veterin\u00e1rios-e-de-trabalhadores-da-inspe\u00e7\u00e3o-sanit\u00e1ria-com.jpg\",\"width\":961,\"height\":600,\"caption\":\"Greve de veterin\u00e1rios e de trabalhadores da inspe\u00e7\u00e3o sanit\u00e1ria com ades\u00e3o de 50% \u2013 O Jornal Econ\u00f3mico\"},{\"@type\":\"BreadcrumbList\",\"@id\":\"https:\\\/\\\/super-news.info\\\/pt\\\/greve-de-veterinarios-e-de-trabalhadores-da-inspecao-sanitaria-com-adesao-de-50-o-jornal-economico\\\/#breadcrumb\",\"itemListElement\":[{\"@type\":\"ListItem\",\"position\":1,\"name\":\"\u0413\u043b\u0430\u0432\u043d\u0430\u044f \u0441\u0442\u0440\u0430\u043d\u0438\u0446\u0430\",\"item\":\"https:\\\/\\\/super-news.info\\\/pt\\\/\"},{\"@type\":\"ListItem\",\"position\":2,\"name\":\"Greve de veterin\u00e1rios e de trabalhadores da inspe\u00e7\u00e3o sanit\u00e1ria com ades\u00e3o de 50% \u2013 O Jornal Econ\u00f3mico\"}]},{\"@type\":\"WebSite\",\"@id\":\"https:\\\/\\\/super-news.info\\\/pt\\\/#website\",\"url\":\"https:\\\/\\\/super-news.info\\\/pt\\\/\",\"name\":\"Super News\",\"description\":\"Super News Portugal\",\"potentialAction\":[{\"@type\":\"SearchAction\",\"target\":{\"@type\":\"EntryPoint\",\"urlTemplate\":\"https:\\\/\\\/super-news.info\\\/pt\\\/?s={search_term_string}\"},\"query-input\":{\"@type\":\"PropertyValueSpecification\",\"valueRequired\":true,\"valueName\":\"search_term_string\"}}],\"inLanguage\":\"pt-PT\"},{\"@type\":\"Person\",\"@id\":\"https:\\\/\\\/super-news.info\\\/pt\\\/#\\\/schema\\\/person\\\/2d4068cb2f39cd10008c2fce578a7356\",\"name\":\"super-news\",\"image\":{\"@type\":\"ImageObject\",\"inLanguage\":\"pt-PT\",\"@id\":\"https:\\\/\\\/secure.gravatar.com\\\/avatar\\\/64ebac40b93f26a154f8a9b5b6fdccfc46f442b26b3dd6756dbff3bf9dc76fd7?s=96&d=mm&r=g\",\"url\":\"https:\\\/\\\/secure.gravatar.com\\\/avatar\\\/64ebac40b93f26a154f8a9b5b6fdccfc46f442b26b3dd6756dbff3bf9dc76fd7?s=96&d=mm&r=g\",\"contentUrl\":\"https:\\\/\\\/secure.gravatar.com\\\/avatar\\\/64ebac40b93f26a154f8a9b5b6fdccfc46f442b26b3dd6756dbff3bf9dc76fd7?s=96&d=mm&r=g\",\"caption\":\"super-news\"},\"url\":\"https:\\\/\\\/super-news.info\\\/pt\\\/author\\\/pt\\\/\"}]}<\/script>\n<!-- \/ Yoast SEO plugin. -->","yoast_head_json":{"title":"Greve de veterin\u00e1rios e de trabalhadores da inspe\u00e7\u00e3o sanit\u00e1ria com ades\u00e3o de 50% \u2013 O Jornal Econ\u00f3mico - Super News","robots":{"index":"index","follow":"follow","max-snippet":"max-snippet:-1","max-image-preview":"max-image-preview:large","max-video-preview":"max-video-preview:-1"},"canonical":"https:\/\/super-news.info\/pt\/greve-de-veterinarios-e-de-trabalhadores-da-inspecao-sanitaria-com-adesao-de-50-o-jornal-economico\/","og_locale":"pt_PT","og_type":"article","og_title":"Greve de veterin\u00e1rios e de trabalhadores da inspe\u00e7\u00e3o sanit\u00e1ria com ades\u00e3o de 50% \u2013 O Jornal Econ\u00f3mico - Super News","og_description":"[ad_1] A greve dos veterin\u00e1rios e inspetores sanit\u00e1rios da Dire\u00e7\u00e3o-Geral da Alimenta\u00e7\u00e3o e Veterin\u00e1ria (DGAV) registou uma ades\u00e3o de 50%, provocando constrangimentos nos matadouros, avan\u00e7ou este s\u00e1bado, \u00e0 ag\u00eancia Lusa, o Sindicato dos Trabalhadores em Fun\u00e7\u00f5es P\u00fablicas e Sociais do Norte (STFPSN). A paralisa\u00e7\u00e3o, que come\u00e7ou na ter\u00e7a-feira e termina hoje, \u201cteve uma ades\u00e3o de [&hellip;]","og_url":"https:\/\/super-news.info\/pt\/greve-de-veterinarios-e-de-trabalhadores-da-inspecao-sanitaria-com-adesao-de-50-o-jornal-economico\/","og_site_name":"Super News","article_published_time":"2019-04-21T01:56:32+00:00","article_modified_time":"2019-04-21T01:56:34+00:00","og_image":[{"width":961,"height":600,"url":"https:\/\/super-news.info\/pt\/wp-content\/uploads\/sites\/2\/2019\/04\/Greve-de-veterin\u00e1rios-e-de-trabalhadores-da-inspe\u00e7\u00e3o-sanit\u00e1ria-com.jpg","type":"image\/jpeg"}],"author":"super-news","twitter_card":"summary_large_image","twitter_misc":{"Escrito por":"super-news","Tempo estimado de leitura":"1 minuto"},"schema":{"@context":"https:\/\/schema.org","@graph":[{"@type":"Article","@id":"https:\/\/super-news.info\/pt\/greve-de-veterinarios-e-de-trabalhadores-da-inspecao-sanitaria-com-adesao-de-50-o-jornal-economico\/#article","isPartOf":{"@id":"https:\/\/super-news.info\/pt\/greve-de-veterinarios-e-de-trabalhadores-da-inspecao-sanitaria-com-adesao-de-50-o-jornal-economico\/"},"author":{"name":"super-news","@id":"https:\/\/super-news.info\/pt\/#\/schema\/person\/2d4068cb2f39cd10008c2fce578a7356"},"headline":"Greve de veterin\u00e1rios e de trabalhadores da inspe\u00e7\u00e3o sanit\u00e1ria com ades\u00e3o de 50% \u2013 O Jornal Econ\u00f3mico","datePublished":"2019-04-21T01:56:32+00:00","dateModified":"2019-04-21T01:56:34+00:00","mainEntityOfPage":{"@id":"https:\/\/super-news.info\/pt\/greve-de-veterinarios-e-de-trabalhadores-da-inspecao-sanitaria-com-adesao-de-50-o-jornal-economico\/"},"wordCount":287,"commentCount":0,"image":{"@id":"https:\/\/super-news.info\/pt\/greve-de-veterinarios-e-de-trabalhadores-da-inspecao-sanitaria-com-adesao-de-50-o-jornal-economico\/#primaryimage"},"thumbnailUrl":"https:\/\/super-news.info\/pt\/wp-content\/uploads\/sites\/2\/2019\/04\/Greve-de-veterin\u00e1rios-e-de-trabalhadores-da-inspe\u00e7\u00e3o-sanit\u00e1ria-com.jpg","articleSection":["NOT\u00cdCIAS FINANCEIRAS"],"inLanguage":"pt-PT","potentialAction":[{"@type":"CommentAction","name":"Comment","target":["https:\/\/super-news.info\/pt\/greve-de-veterinarios-e-de-trabalhadores-da-inspecao-sanitaria-com-adesao-de-50-o-jornal-economico\/#respond"]}]},{"@type":"WebPage","@id":"https:\/\/super-news.info\/pt\/greve-de-veterinarios-e-de-trabalhadores-da-inspecao-sanitaria-com-adesao-de-50-o-jornal-economico\/","url":"https:\/\/super-news.info\/pt\/greve-de-veterinarios-e-de-trabalhadores-da-inspecao-sanitaria-com-adesao-de-50-o-jornal-economico\/","name":"Greve de veterin\u00e1rios e de trabalhadores da inspe\u00e7\u00e3o sanit\u00e1ria com ades\u00e3o de 50% \u2013 O Jornal Econ\u00f3mico - Super News","isPartOf":{"@id":"https:\/\/super-news.info\/pt\/#website"},"primaryImageOfPage":{"@id":"https:\/\/super-news.info\/pt\/greve-de-veterinarios-e-de-trabalhadores-da-inspecao-sanitaria-com-adesao-de-50-o-jornal-economico\/#primaryimage"},"image":{"@id":"https:\/\/super-news.info\/pt\/greve-de-veterinarios-e-de-trabalhadores-da-inspecao-sanitaria-com-adesao-de-50-o-jornal-economico\/#primaryimage"},"thumbnailUrl":"https:\/\/super-news.info\/pt\/wp-content\/uploads\/sites\/2\/2019\/04\/Greve-de-veterin\u00e1rios-e-de-trabalhadores-da-inspe\u00e7\u00e3o-sanit\u00e1ria-com.jpg","datePublished":"2019-04-21T01:56:32+00:00","dateModified":"2019-04-21T01:56:34+00:00","author":{"@id":"https:\/\/super-news.info\/pt\/#\/schema\/person\/2d4068cb2f39cd10008c2fce578a7356"},"breadcrumb":{"@id":"https:\/\/super-news.info\/pt\/greve-de-veterinarios-e-de-trabalhadores-da-inspecao-sanitaria-com-adesao-de-50-o-jornal-economico\/#breadcrumb"},"inLanguage":"pt-PT","potentialAction":[{"@type":"ReadAction","target":["https:\/\/super-news.info\/pt\/greve-de-veterinarios-e-de-trabalhadores-da-inspecao-sanitaria-com-adesao-de-50-o-jornal-economico\/"]}]},{"@type":"ImageObject","inLanguage":"pt-PT","@id":"https:\/\/super-news.info\/pt\/greve-de-veterinarios-e-de-trabalhadores-da-inspecao-sanitaria-com-adesao-de-50-o-jornal-economico\/#primaryimage","url":"https:\/\/super-news.info\/pt\/wp-content\/uploads\/sites\/2\/2019\/04\/Greve-de-veterin\u00e1rios-e-de-trabalhadores-da-inspe\u00e7\u00e3o-sanit\u00e1ria-com.jpg","contentUrl":"https:\/\/super-news.info\/pt\/wp-content\/uploads\/sites\/2\/2019\/04\/Greve-de-veterin\u00e1rios-e-de-trabalhadores-da-inspe\u00e7\u00e3o-sanit\u00e1ria-com.jpg","width":961,"height":600,"caption":"Greve de veterin\u00e1rios e de trabalhadores da inspe\u00e7\u00e3o sanit\u00e1ria com ades\u00e3o de 50% \u2013 O Jornal Econ\u00f3mico"},{"@type":"BreadcrumbList","@id":"https:\/\/super-news.info\/pt\/greve-de-veterinarios-e-de-trabalhadores-da-inspecao-sanitaria-com-adesao-de-50-o-jornal-economico\/#breadcrumb","itemListElement":[{"@type":"ListItem","position":1,"name":"\u0413\u043b\u0430\u0432\u043d\u0430\u044f \u0441\u0442\u0440\u0430\u043d\u0438\u0446\u0430","item":"https:\/\/super-news.info\/pt\/"},{"@type":"ListItem","position":2,"name":"Greve de veterin\u00e1rios e de trabalhadores da inspe\u00e7\u00e3o sanit\u00e1ria com ades\u00e3o de 50% \u2013 O Jornal Econ\u00f3mico"}]},{"@type":"WebSite","@id":"https:\/\/super-news.info\/pt\/#website","url":"https:\/\/super-news.info\/pt\/","name":"Super News","description":"Super News Portugal","potentialAction":[{"@type":"SearchAction","target":{"@type":"EntryPoint","urlTemplate":"https:\/\/super-news.info\/pt\/?s={search_term_string}"},"query-input":{"@type":"PropertyValueSpecification","valueRequired":true,"valueName":"search_term_string"}}],"inLanguage":"pt-PT"},{"@type":"Person","@id":"https:\/\/super-news.info\/pt\/#\/schema\/person\/2d4068cb2f39cd10008c2fce578a7356","name":"super-news","image":{"@type":"ImageObject","inLanguage":"pt-PT","@id":"https:\/\/secure.gravatar.com\/avatar\/64ebac40b93f26a154f8a9b5b6fdccfc46f442b26b3dd6756dbff3bf9dc76fd7?s=96&d=mm&r=g","url":"https:\/\/secure.gravatar.com\/avatar\/64ebac40b93f26a154f8a9b5b6fdccfc46f442b26b3dd6756dbff3bf9dc76fd7?s=96&d=mm&r=g","contentUrl":"https:\/\/secure.gravatar.com\/avatar\/64ebac40b93f26a154f8a9b5b6fdccfc46f442b26b3dd6756dbff3bf9dc76fd7?s=96&d=mm&r=g","caption":"super-news"},"url":"https:\/\/super-news.info\/pt\/author\/pt\/"}]}},"_links":{"self":[{"href":"https:\/\/super-news.info\/pt\/wp-json\/wp\/v2\/posts\/569","targetHints":{"allow":["GET"]}}],"collection":[{"href":"https:\/\/super-news.info\/pt\/wp-json\/wp\/v2\/posts"}],"about":[{"href":"https:\/\/super-news.info\/pt\/wp-json\/wp\/v2\/types\/post"}],"author":[{"embeddable":true,"href":"https:\/\/super-news.info\/pt\/wp-json\/wp\/v2\/users\/2"}],"replies":[{"embeddable":true,"href":"https:\/\/super-news.info\/pt\/wp-json\/wp\/v2\/comments?post=569"}],"version-history":[{"count":1,"href":"https:\/\/super-news.info\/pt\/wp-json\/wp\/v2\/posts\/569\/revisions"}],"predecessor-version":[{"id":571,"href":"https:\/\/super-news.info\/pt\/wp-json\/wp\/v2\/posts\/569\/revisions\/571"}],"wp:featuredmedia":[{"embeddable":true,"href":"https:\/\/super-news.info\/pt\/wp-json\/wp\/v2\/media\/570"}],"wp:attachment":[{"href":"https:\/\/super-news.info\/pt\/wp-json\/wp\/v2\/media?parent=569"}],"wp:term":[{"taxonomy":"category","embeddable":true,"href":"https:\/\/super-news.info\/pt\/wp-json\/wp\/v2\/categories?post=569"},{"taxonomy":"post_tag","embeddable":true,"href":"https:\/\/super-news.info\/pt\/wp-json\/wp\/v2\/tags?post=569"}],"curies":[{"name":"wp","href":"https:\/\/api.w.org\/{rel}","templated":true}]}}