{"id":5539,"date":"2020-12-10T22:47:37","date_gmt":"2020-12-10T19:47:37","guid":{"rendered":"https:\/\/super-news.info\/pt\/fnac-pede-desculpa-por-campanha-promocional-com-album-de-sara-carreira-meios-publicidade\/"},"modified":"2020-12-10T22:47:38","modified_gmt":"2020-12-10T19:47:38","slug":"fnac-pede-desculpa-por-campanha-promocional-com-album-de-sara-carreira-meios-publicidade","status":"publish","type":"post","link":"https:\/\/super-news.info\/pt\/fnac-pede-desculpa-por-campanha-promocional-com-album-de-sara-carreira-meios-publicidade\/","title":{"rendered":"Fnac pede desculpa por campanha promocional com \u00e1lbum de Sara Carreira &#8211; Meios &#038; Publicidade"},"content":{"rendered":"<p>Um cartaz colocado nas lojas Fnac em homenagem a Sara Carreira, mas que estava associado a uma campanha promocional do \u00e1lbum da cantora falecida no s\u00e1bado passado, gerou uma onda de cr\u00edticas nas redes sociais. Ap\u00f3s ser considerado por alguns consumidores um \u201cgolpe de marketing\u201d e uma campanha \u201coportunista\u201d, o cartaz foi retirado das lojas e a ins\u00edgnia emitiu um pedido de desculpas.<br \/>\n\u201cAgradecemos a todos as mensagens e alertas recebidos durante o dia de hoje relativos \u00e0 publica\u00e7\u00e3o de um cartaz em loja relativo a uma homenagem \u00e0 Sara Carreira\u201d, come\u00e7a por referir a empresa, assegurando que \u201cfoi feito sem maldade e sem antecipar a conota\u00e7\u00e3o negativa que poderia ter por estar junto da sua obra\u201d. \u201cQuando coloc\u00e1mos esta comunica\u00e7\u00e3o nas nossas lojas n\u00e3o era nossa inten\u00e7\u00e3o estar associada \u00e0 venda do seu \u00e1lbum, mas sim uma simples forma de prestar homenagem a Sara Carreira\u201d, esclarece a ins\u00edgnia em nota publicada no site e nas redes sociais, sublinhando que \u201ca comunica\u00e7\u00e3o em causa foi imediatamente retirada\u201d.<br \/>\nNa mesma publica\u00e7\u00e3o, a Fnac refor\u00e7a ainda que \u201ca prioridade \u00e9 mostrar a nossa solidariedade com a fam\u00edlia e os amigos de Sara Carreira neste momento t\u00e3o doloroso, pelo que vimos pedir desculpas pela forma como foi prestada esta homenagem\u201d.<\/p>\n<p>\n<!--noindex--><br \/>\n<a href=\"https:\/\/www.meiosepublicidade.pt\/2020\/12\/fnac-pede-desculpa-campanha-promocional-album-sara-carreira\/\" rel=\"nofollow\">Source link <\/a><br \/>\n<!--\/noindex--><\/p>\n","protected":false},"excerpt":{"rendered":"<p>Um cartaz colocado nas lojas Fnac em homenagem a Sara Carreira, mas que estava associado a uma campanha promocional do \u00e1lbum da cantora falecida no s\u00e1bado passado, gerou uma onda de cr\u00edticas nas redes sociais. Ap\u00f3s ser considerado por alguns consumidores um \u201cgolpe de marketing\u201d e uma campanha \u201coportunista\u201d, o cartaz foi retirado das lojas [&hellip;]<\/p>\n","protected":false},"author":2,"featured_media":5540,"comment_status":"open","ping_status":"open","sticky":false,"template":"","format":"standard","meta":{"footnotes":""},"categories":[2],"tags":[],"class_list":["post-5539","post","type-post","status-publish","format-standard","has-post-thumbnail","hentry","category-noticias-de-marketing-digital"],"yoast_head":"<!-- This site is optimized with the Yoast SEO plugin v27.4 - https:\/\/yoast.com\/product\/yoast-seo-wordpress\/ -->\n<title>Fnac pede desculpa por campanha promocional com \u00e1lbum de Sara Carreira - Meios &amp; Publicidade - Super News<\/title>\n<meta name=\"robots\" content=\"index, follow, max-snippet:-1, max-image-preview:large, max-video-preview:-1\" \/>\n<link rel=\"canonical\" href=\"https:\/\/super-news.info\/pt\/fnac-pede-desculpa-por-campanha-promocional-com-album-de-sara-carreira-meios-publicidade\/\" \/>\n<meta property=\"og:locale\" content=\"pt_PT\" \/>\n<meta property=\"og:type\" content=\"article\" \/>\n<meta property=\"og:title\" content=\"Fnac pede desculpa por campanha promocional com \u00e1lbum de Sara Carreira - Meios &amp; Publicidade - Super News\" \/>\n<meta property=\"og:description\" content=\"Um cartaz colocado nas lojas Fnac em homenagem a Sara Carreira, mas que estava associado a uma campanha promocional do \u00e1lbum da cantora falecida no s\u00e1bado passado, gerou uma onda de cr\u00edticas nas redes sociais. Ap\u00f3s ser considerado por alguns consumidores um \u201cgolpe de marketing\u201d e uma campanha \u201coportunista\u201d, o cartaz foi retirado das lojas [&hellip;]\" \/>\n<meta property=\"og:url\" content=\"https:\/\/super-news.info\/pt\/fnac-pede-desculpa-por-campanha-promocional-com-album-de-sara-carreira-meios-publicidade\/\" \/>\n<meta property=\"og:site_name\" content=\"Super News\" \/>\n<meta property=\"article:published_time\" content=\"2020-12-10T19:47:37+00:00\" \/>\n<meta property=\"article:modified_time\" content=\"2020-12-10T19:47:38+00:00\" \/>\n<meta property=\"og:image\" content=\"https:\/\/super-news.info\/pt\/wp-content\/uploads\/sites\/2\/2020\/12\/Fnac-pede-desculpa-por-campanha-promocional-com-lbum-de-Sara.jpg\" \/>\n\t<meta property=\"og:image:width\" content=\"593\" \/>\n\t<meta property=\"og:image:height\" content=\"419\" \/>\n\t<meta property=\"og:image:type\" content=\"image\/jpeg\" \/>\n<meta name=\"author\" content=\"super-news\" \/>\n<meta name=\"twitter:card\" content=\"summary_large_image\" \/>\n<meta name=\"twitter:label1\" content=\"Escrito por\" \/>\n\t<meta name=\"twitter:data1\" content=\"super-news\" \/>\n\t<meta name=\"twitter:label2\" content=\"Tempo estimado de leitura\" \/>\n\t<meta name=\"twitter:data2\" content=\"1 minuto\" \/>\n<script type=\"application\/ld+json\" class=\"yoast-schema-graph\">{\"@context\":\"https:\\\/\\\/schema.org\",\"@graph\":[{\"@type\":\"Article\",\"@id\":\"https:\\\/\\\/super-news.info\\\/pt\\\/fnac-pede-desculpa-por-campanha-promocional-com-album-de-sara-carreira-meios-publicidade\\\/#article\",\"isPartOf\":{\"@id\":\"https:\\\/\\\/super-news.info\\\/pt\\\/fnac-pede-desculpa-por-campanha-promocional-com-album-de-sara-carreira-meios-publicidade\\\/\"},\"author\":{\"name\":\"super-news\",\"@id\":\"https:\\\/\\\/super-news.info\\\/pt\\\/#\\\/schema\\\/person\\\/2d4068cb2f39cd10008c2fce578a7356\"},\"headline\":\"Fnac pede desculpa por campanha promocional com \u00e1lbum de Sara Carreira &#8211; Meios &#038; Publicidade\",\"datePublished\":\"2020-12-10T19:47:37+00:00\",\"dateModified\":\"2020-12-10T19:47:38+00:00\",\"mainEntityOfPage\":{\"@id\":\"https:\\\/\\\/super-news.info\\\/pt\\\/fnac-pede-desculpa-por-campanha-promocional-com-album-de-sara-carreira-meios-publicidade\\\/\"},\"wordCount\":236,\"commentCount\":0,\"image\":{\"@id\":\"https:\\\/\\\/super-news.info\\\/pt\\\/fnac-pede-desculpa-por-campanha-promocional-com-album-de-sara-carreira-meios-publicidade\\\/#primaryimage\"},\"thumbnailUrl\":\"https:\\\/\\\/super-news.info\\\/pt\\\/wp-content\\\/uploads\\\/sites\\\/2\\\/2020\\\/12\\\/Fnac-pede-desculpa-por-campanha-promocional-com-lbum-de-Sara.jpg\",\"articleSection\":[\"NOT\u00cdCIAS DE MARKETING DIGITAL\"],\"inLanguage\":\"pt-PT\",\"potentialAction\":[{\"@type\":\"CommentAction\",\"name\":\"Comment\",\"target\":[\"https:\\\/\\\/super-news.info\\\/pt\\\/fnac-pede-desculpa-por-campanha-promocional-com-album-de-sara-carreira-meios-publicidade\\\/#respond\"]}]},{\"@type\":\"WebPage\",\"@id\":\"https:\\\/\\\/super-news.info\\\/pt\\\/fnac-pede-desculpa-por-campanha-promocional-com-album-de-sara-carreira-meios-publicidade\\\/\",\"url\":\"https:\\\/\\\/super-news.info\\\/pt\\\/fnac-pede-desculpa-por-campanha-promocional-com-album-de-sara-carreira-meios-publicidade\\\/\",\"name\":\"Fnac pede desculpa por campanha promocional com \u00e1lbum de Sara Carreira - Meios & Publicidade - Super News\",\"isPartOf\":{\"@id\":\"https:\\\/\\\/super-news.info\\\/pt\\\/#website\"},\"primaryImageOfPage\":{\"@id\":\"https:\\\/\\\/super-news.info\\\/pt\\\/fnac-pede-desculpa-por-campanha-promocional-com-album-de-sara-carreira-meios-publicidade\\\/#primaryimage\"},\"image\":{\"@id\":\"https:\\\/\\\/super-news.info\\\/pt\\\/fnac-pede-desculpa-por-campanha-promocional-com-album-de-sara-carreira-meios-publicidade\\\/#primaryimage\"},\"thumbnailUrl\":\"https:\\\/\\\/super-news.info\\\/pt\\\/wp-content\\\/uploads\\\/sites\\\/2\\\/2020\\\/12\\\/Fnac-pede-desculpa-por-campanha-promocional-com-lbum-de-Sara.jpg\",\"datePublished\":\"2020-12-10T19:47:37+00:00\",\"dateModified\":\"2020-12-10T19:47:38+00:00\",\"author\":{\"@id\":\"https:\\\/\\\/super-news.info\\\/pt\\\/#\\\/schema\\\/person\\\/2d4068cb2f39cd10008c2fce578a7356\"},\"breadcrumb\":{\"@id\":\"https:\\\/\\\/super-news.info\\\/pt\\\/fnac-pede-desculpa-por-campanha-promocional-com-album-de-sara-carreira-meios-publicidade\\\/#breadcrumb\"},\"inLanguage\":\"pt-PT\",\"potentialAction\":[{\"@type\":\"ReadAction\",\"target\":[\"https:\\\/\\\/super-news.info\\\/pt\\\/fnac-pede-desculpa-por-campanha-promocional-com-album-de-sara-carreira-meios-publicidade\\\/\"]}]},{\"@type\":\"ImageObject\",\"inLanguage\":\"pt-PT\",\"@id\":\"https:\\\/\\\/super-news.info\\\/pt\\\/fnac-pede-desculpa-por-campanha-promocional-com-album-de-sara-carreira-meios-publicidade\\\/#primaryimage\",\"url\":\"https:\\\/\\\/super-news.info\\\/pt\\\/wp-content\\\/uploads\\\/sites\\\/2\\\/2020\\\/12\\\/Fnac-pede-desculpa-por-campanha-promocional-com-lbum-de-Sara.jpg\",\"contentUrl\":\"https:\\\/\\\/super-news.info\\\/pt\\\/wp-content\\\/uploads\\\/sites\\\/2\\\/2020\\\/12\\\/Fnac-pede-desculpa-por-campanha-promocional-com-lbum-de-Sara.jpg\",\"width\":593,\"height\":419,\"caption\":\"Fnac pede desculpa por campanha promocional com \u00e1lbum de Sara Carreira - Meios & Publicidade\"},{\"@type\":\"BreadcrumbList\",\"@id\":\"https:\\\/\\\/super-news.info\\\/pt\\\/fnac-pede-desculpa-por-campanha-promocional-com-album-de-sara-carreira-meios-publicidade\\\/#breadcrumb\",\"itemListElement\":[{\"@type\":\"ListItem\",\"position\":1,\"name\":\"\u0413\u043b\u0430\u0432\u043d\u0430\u044f \u0441\u0442\u0440\u0430\u043d\u0438\u0446\u0430\",\"item\":\"https:\\\/\\\/super-news.info\\\/pt\\\/\"},{\"@type\":\"ListItem\",\"position\":2,\"name\":\"Fnac pede desculpa por campanha promocional com \u00e1lbum de Sara Carreira &#8211; Meios &#038; Publicidade\"}]},{\"@type\":\"WebSite\",\"@id\":\"https:\\\/\\\/super-news.info\\\/pt\\\/#website\",\"url\":\"https:\\\/\\\/super-news.info\\\/pt\\\/\",\"name\":\"Super News\",\"description\":\"Super News Portugal\",\"potentialAction\":[{\"@type\":\"SearchAction\",\"target\":{\"@type\":\"EntryPoint\",\"urlTemplate\":\"https:\\\/\\\/super-news.info\\\/pt\\\/?s={search_term_string}\"},\"query-input\":{\"@type\":\"PropertyValueSpecification\",\"valueRequired\":true,\"valueName\":\"search_term_string\"}}],\"inLanguage\":\"pt-PT\"},{\"@type\":\"Person\",\"@id\":\"https:\\\/\\\/super-news.info\\\/pt\\\/#\\\/schema\\\/person\\\/2d4068cb2f39cd10008c2fce578a7356\",\"name\":\"super-news\",\"image\":{\"@type\":\"ImageObject\",\"inLanguage\":\"pt-PT\",\"@id\":\"https:\\\/\\\/secure.gravatar.com\\\/avatar\\\/64ebac40b93f26a154f8a9b5b6fdccfc46f442b26b3dd6756dbff3bf9dc76fd7?s=96&d=mm&r=g\",\"url\":\"https:\\\/\\\/secure.gravatar.com\\\/avatar\\\/64ebac40b93f26a154f8a9b5b6fdccfc46f442b26b3dd6756dbff3bf9dc76fd7?s=96&d=mm&r=g\",\"contentUrl\":\"https:\\\/\\\/secure.gravatar.com\\\/avatar\\\/64ebac40b93f26a154f8a9b5b6fdccfc46f442b26b3dd6756dbff3bf9dc76fd7?s=96&d=mm&r=g\",\"caption\":\"super-news\"},\"url\":\"https:\\\/\\\/super-news.info\\\/pt\\\/author\\\/pt\\\/\"}]}<\/script>\n<!-- \/ Yoast SEO plugin. -->","yoast_head_json":{"title":"Fnac pede desculpa por campanha promocional com \u00e1lbum de Sara Carreira - Meios & Publicidade - Super News","robots":{"index":"index","follow":"follow","max-snippet":"max-snippet:-1","max-image-preview":"max-image-preview:large","max-video-preview":"max-video-preview:-1"},"canonical":"https:\/\/super-news.info\/pt\/fnac-pede-desculpa-por-campanha-promocional-com-album-de-sara-carreira-meios-publicidade\/","og_locale":"pt_PT","og_type":"article","og_title":"Fnac pede desculpa por campanha promocional com \u00e1lbum de Sara Carreira - Meios & Publicidade - Super News","og_description":"Um cartaz colocado nas lojas Fnac em homenagem a Sara Carreira, mas que estava associado a uma campanha promocional do \u00e1lbum da cantora falecida no s\u00e1bado passado, gerou uma onda de cr\u00edticas nas redes sociais. Ap\u00f3s ser considerado por alguns consumidores um \u201cgolpe de marketing\u201d e uma campanha \u201coportunista\u201d, o cartaz foi retirado das lojas [&hellip;]","og_url":"https:\/\/super-news.info\/pt\/fnac-pede-desculpa-por-campanha-promocional-com-album-de-sara-carreira-meios-publicidade\/","og_site_name":"Super News","article_published_time":"2020-12-10T19:47:37+00:00","article_modified_time":"2020-12-10T19:47:38+00:00","og_image":[{"width":593,"height":419,"url":"https:\/\/super-news.info\/pt\/wp-content\/uploads\/sites\/2\/2020\/12\/Fnac-pede-desculpa-por-campanha-promocional-com-lbum-de-Sara.jpg","type":"image\/jpeg"}],"author":"super-news","twitter_card":"summary_large_image","twitter_misc":{"Escrito por":"super-news","Tempo estimado de leitura":"1 minuto"},"schema":{"@context":"https:\/\/schema.org","@graph":[{"@type":"Article","@id":"https:\/\/super-news.info\/pt\/fnac-pede-desculpa-por-campanha-promocional-com-album-de-sara-carreira-meios-publicidade\/#article","isPartOf":{"@id":"https:\/\/super-news.info\/pt\/fnac-pede-desculpa-por-campanha-promocional-com-album-de-sara-carreira-meios-publicidade\/"},"author":{"name":"super-news","@id":"https:\/\/super-news.info\/pt\/#\/schema\/person\/2d4068cb2f39cd10008c2fce578a7356"},"headline":"Fnac pede desculpa por campanha promocional com \u00e1lbum de Sara Carreira &#8211; Meios &#038; Publicidade","datePublished":"2020-12-10T19:47:37+00:00","dateModified":"2020-12-10T19:47:38+00:00","mainEntityOfPage":{"@id":"https:\/\/super-news.info\/pt\/fnac-pede-desculpa-por-campanha-promocional-com-album-de-sara-carreira-meios-publicidade\/"},"wordCount":236,"commentCount":0,"image":{"@id":"https:\/\/super-news.info\/pt\/fnac-pede-desculpa-por-campanha-promocional-com-album-de-sara-carreira-meios-publicidade\/#primaryimage"},"thumbnailUrl":"https:\/\/super-news.info\/pt\/wp-content\/uploads\/sites\/2\/2020\/12\/Fnac-pede-desculpa-por-campanha-promocional-com-lbum-de-Sara.jpg","articleSection":["NOT\u00cdCIAS DE MARKETING DIGITAL"],"inLanguage":"pt-PT","potentialAction":[{"@type":"CommentAction","name":"Comment","target":["https:\/\/super-news.info\/pt\/fnac-pede-desculpa-por-campanha-promocional-com-album-de-sara-carreira-meios-publicidade\/#respond"]}]},{"@type":"WebPage","@id":"https:\/\/super-news.info\/pt\/fnac-pede-desculpa-por-campanha-promocional-com-album-de-sara-carreira-meios-publicidade\/","url":"https:\/\/super-news.info\/pt\/fnac-pede-desculpa-por-campanha-promocional-com-album-de-sara-carreira-meios-publicidade\/","name":"Fnac pede desculpa por campanha promocional com \u00e1lbum de Sara Carreira - Meios & Publicidade - Super News","isPartOf":{"@id":"https:\/\/super-news.info\/pt\/#website"},"primaryImageOfPage":{"@id":"https:\/\/super-news.info\/pt\/fnac-pede-desculpa-por-campanha-promocional-com-album-de-sara-carreira-meios-publicidade\/#primaryimage"},"image":{"@id":"https:\/\/super-news.info\/pt\/fnac-pede-desculpa-por-campanha-promocional-com-album-de-sara-carreira-meios-publicidade\/#primaryimage"},"thumbnailUrl":"https:\/\/super-news.info\/pt\/wp-content\/uploads\/sites\/2\/2020\/12\/Fnac-pede-desculpa-por-campanha-promocional-com-lbum-de-Sara.jpg","datePublished":"2020-12-10T19:47:37+00:00","dateModified":"2020-12-10T19:47:38+00:00","author":{"@id":"https:\/\/super-news.info\/pt\/#\/schema\/person\/2d4068cb2f39cd10008c2fce578a7356"},"breadcrumb":{"@id":"https:\/\/super-news.info\/pt\/fnac-pede-desculpa-por-campanha-promocional-com-album-de-sara-carreira-meios-publicidade\/#breadcrumb"},"inLanguage":"pt-PT","potentialAction":[{"@type":"ReadAction","target":["https:\/\/super-news.info\/pt\/fnac-pede-desculpa-por-campanha-promocional-com-album-de-sara-carreira-meios-publicidade\/"]}]},{"@type":"ImageObject","inLanguage":"pt-PT","@id":"https:\/\/super-news.info\/pt\/fnac-pede-desculpa-por-campanha-promocional-com-album-de-sara-carreira-meios-publicidade\/#primaryimage","url":"https:\/\/super-news.info\/pt\/wp-content\/uploads\/sites\/2\/2020\/12\/Fnac-pede-desculpa-por-campanha-promocional-com-lbum-de-Sara.jpg","contentUrl":"https:\/\/super-news.info\/pt\/wp-content\/uploads\/sites\/2\/2020\/12\/Fnac-pede-desculpa-por-campanha-promocional-com-lbum-de-Sara.jpg","width":593,"height":419,"caption":"Fnac pede desculpa por campanha promocional com \u00e1lbum de Sara Carreira - Meios & Publicidade"},{"@type":"BreadcrumbList","@id":"https:\/\/super-news.info\/pt\/fnac-pede-desculpa-por-campanha-promocional-com-album-de-sara-carreira-meios-publicidade\/#breadcrumb","itemListElement":[{"@type":"ListItem","position":1,"name":"\u0413\u043b\u0430\u0432\u043d\u0430\u044f \u0441\u0442\u0440\u0430\u043d\u0438\u0446\u0430","item":"https:\/\/super-news.info\/pt\/"},{"@type":"ListItem","position":2,"name":"Fnac pede desculpa por campanha promocional com \u00e1lbum de Sara Carreira &#8211; Meios &#038; Publicidade"}]},{"@type":"WebSite","@id":"https:\/\/super-news.info\/pt\/#website","url":"https:\/\/super-news.info\/pt\/","name":"Super News","description":"Super News Portugal","potentialAction":[{"@type":"SearchAction","target":{"@type":"EntryPoint","urlTemplate":"https:\/\/super-news.info\/pt\/?s={search_term_string}"},"query-input":{"@type":"PropertyValueSpecification","valueRequired":true,"valueName":"search_term_string"}}],"inLanguage":"pt-PT"},{"@type":"Person","@id":"https:\/\/super-news.info\/pt\/#\/schema\/person\/2d4068cb2f39cd10008c2fce578a7356","name":"super-news","image":{"@type":"ImageObject","inLanguage":"pt-PT","@id":"https:\/\/secure.gravatar.com\/avatar\/64ebac40b93f26a154f8a9b5b6fdccfc46f442b26b3dd6756dbff3bf9dc76fd7?s=96&d=mm&r=g","url":"https:\/\/secure.gravatar.com\/avatar\/64ebac40b93f26a154f8a9b5b6fdccfc46f442b26b3dd6756dbff3bf9dc76fd7?s=96&d=mm&r=g","contentUrl":"https:\/\/secure.gravatar.com\/avatar\/64ebac40b93f26a154f8a9b5b6fdccfc46f442b26b3dd6756dbff3bf9dc76fd7?s=96&d=mm&r=g","caption":"super-news"},"url":"https:\/\/super-news.info\/pt\/author\/pt\/"}]}},"_links":{"self":[{"href":"https:\/\/super-news.info\/pt\/wp-json\/wp\/v2\/posts\/5539","targetHints":{"allow":["GET"]}}],"collection":[{"href":"https:\/\/super-news.info\/pt\/wp-json\/wp\/v2\/posts"}],"about":[{"href":"https:\/\/super-news.info\/pt\/wp-json\/wp\/v2\/types\/post"}],"author":[{"embeddable":true,"href":"https:\/\/super-news.info\/pt\/wp-json\/wp\/v2\/users\/2"}],"replies":[{"embeddable":true,"href":"https:\/\/super-news.info\/pt\/wp-json\/wp\/v2\/comments?post=5539"}],"version-history":[{"count":1,"href":"https:\/\/super-news.info\/pt\/wp-json\/wp\/v2\/posts\/5539\/revisions"}],"predecessor-version":[{"id":5541,"href":"https:\/\/super-news.info\/pt\/wp-json\/wp\/v2\/posts\/5539\/revisions\/5541"}],"wp:featuredmedia":[{"embeddable":true,"href":"https:\/\/super-news.info\/pt\/wp-json\/wp\/v2\/media\/5540"}],"wp:attachment":[{"href":"https:\/\/super-news.info\/pt\/wp-json\/wp\/v2\/media?parent=5539"}],"wp:term":[{"taxonomy":"category","embeddable":true,"href":"https:\/\/super-news.info\/pt\/wp-json\/wp\/v2\/categories?post=5539"},{"taxonomy":"post_tag","embeddable":true,"href":"https:\/\/super-news.info\/pt\/wp-json\/wp\/v2\/tags?post=5539"}],"curies":[{"name":"wp","href":"https:\/\/api.w.org\/{rel}","templated":true}]}}