{"id":5509,"date":"2020-12-08T10:28:58","date_gmt":"2020-12-08T07:28:58","guid":{"rendered":"https:\/\/super-news.info\/pt\/a-coleccao-lidl-fan-foi-um-fenomeno-em-todos-os-paises-meios-publicidade\/"},"modified":"2020-12-08T10:28:59","modified_gmt":"2020-12-08T07:28:59","slug":"a-coleccao-lidl-fan-foi-um-fenomeno-em-todos-os-paises-meios-publicidade","status":"publish","type":"post","link":"https:\/\/super-news.info\/pt\/a-coleccao-lidl-fan-foi-um-fenomeno-em-todos-os-paises-meios-publicidade\/","title":{"rendered":"\u201cA colec\u00e7\u00e3o Lidl Fan foi um fen\u00f3meno em todos os pa\u00edses\u201d &#8211; Meios &#038; Publicidade"},"content":{"rendered":"<p>O Lidl n\u00e3o divulga quantos exemplares de cada produto de merchandising Lidl Fan ficaram \u00e0 venda em Portugal. \u201cPor norma, o Lidl Portugal n\u00e3o divulga dados mercadoria que coloca \u00e0 venda nas suas lojas\u201d, refere ao M&amp;P fonte oficial do departamento de comunica\u00e7\u00e3o corporativa do Lidl, a prop\u00f3sito da linha composta por t-shirts, chinelos, meias e t\u00e9nis, que em pouco tempo esgotou e que se tornou num fen\u00f3meno nas redes sociais.<br \/>\nA colec\u00e7\u00e3o chegou primeiro a\u00a0\u00a0pa\u00edses como a Alemanha, Finl\u00e2ndia, Holanda e B\u00e9lgica, onde ficou \u00e0 venda em Julho.\u00a0 \u201cA colec\u00e7\u00e3o Lidl Fan tem sido muito bem recebida pelos clientes em Portugal. Entrou nas lojas no dia 30 de Novembro e em apenas tr\u00eas dias, e em alguns dos quais com hor\u00e1rio reduzido de abertura de loja, decorrente dos constrangimentos da pandemia, vendemos mais de metade da colec\u00e7\u00e3o, tendo as meias e os t\u00e9nis para homem tido maior procura\u201d, comenta ainda a mesma fonte.<br \/>\nOs produtos deram origem a dezenas de memes e centenas de publica\u00e7\u00f5es nas redes sociais, em alguns casos acompanhadas por hashtags como #Lidlfan, #lidlfancollections, #lidlgang, #lidlportugal ou #Lidlfanboys. As publica\u00e7\u00f5es do Lidl nas suas pr\u00f3prias redes sociais, sobre este assunto, tiveram um engagement acima da m\u00e9dia, em compara\u00e7\u00e3o com as publica\u00e7\u00f5es da marca com melhor performance, de acordo com a rede de supermercados.<br \/>\n\u201cA colec\u00e7\u00e3o Lidl Fan foi um fen\u00f3meno em todos os pa\u00edses onde o Lidl est\u00e1 presente e que receberam a colec\u00e7\u00e3o primeiro que o Lidl Portugal. No nosso caso, antecip\u00e1mos que pudesse ter o mesmo sucesso\u201d, refor\u00e7a ainda a mesma fonte, que destaca dois exemplos de publica\u00e7\u00f5es no Instagram que ajudaram a amplificar a iniciativa da marca: uma do Ins\u00f3nias de Carv\u00e3o e outra youtuber Miguel Para\u00edso.<\/p>\n<p>O fen\u00f3meno do merchandising do Lidl em 8 tweets<\/p>\n<p>\n<!--noindex--><br \/>\n<a href=\"https:\/\/www.meiosepublicidade.pt\/2020\/12\/coleccao-lidl-fan-um-fenomeno-os-paises\/\" rel=\"nofollow\">Source link <\/a><br \/>\n<!--\/noindex--><\/p>\n","protected":false},"excerpt":{"rendered":"<p>O Lidl n\u00e3o divulga quantos exemplares de cada produto de merchandising Lidl Fan ficaram \u00e0 venda em Portugal. \u201cPor norma, o Lidl Portugal n\u00e3o divulga dados mercadoria que coloca \u00e0 venda nas suas lojas\u201d, refere ao M&amp;P fonte oficial do departamento de comunica\u00e7\u00e3o corporativa do Lidl, a prop\u00f3sito da linha composta por t-shirts, chinelos, meias [&hellip;]<\/p>\n","protected":false},"author":2,"featured_media":5510,"comment_status":"open","ping_status":"open","sticky":false,"template":"","format":"standard","meta":{"footnotes":""},"categories":[2],"tags":[],"class_list":["post-5509","post","type-post","status-publish","format-standard","has-post-thumbnail","hentry","category-noticias-de-marketing-digital"],"yoast_head":"<!-- This site is optimized with the Yoast SEO plugin v27.4 - https:\/\/yoast.com\/product\/yoast-seo-wordpress\/ -->\n<title>\u201cA colec\u00e7\u00e3o Lidl Fan foi um fen\u00f3meno em todos os pa\u00edses\u201d - Meios &amp; Publicidade - Super News<\/title>\n<meta name=\"robots\" content=\"index, follow, max-snippet:-1, max-image-preview:large, max-video-preview:-1\" \/>\n<link rel=\"canonical\" href=\"https:\/\/super-news.info\/pt\/a-coleccao-lidl-fan-foi-um-fenomeno-em-todos-os-paises-meios-publicidade\/\" \/>\n<meta property=\"og:locale\" content=\"pt_PT\" \/>\n<meta property=\"og:type\" content=\"article\" \/>\n<meta property=\"og:title\" content=\"\u201cA colec\u00e7\u00e3o Lidl Fan foi um fen\u00f3meno em todos os pa\u00edses\u201d - Meios &amp; Publicidade - Super News\" \/>\n<meta property=\"og:description\" content=\"O Lidl n\u00e3o divulga quantos exemplares de cada produto de merchandising Lidl Fan ficaram \u00e0 venda em Portugal. \u201cPor norma, o Lidl Portugal n\u00e3o divulga dados mercadoria que coloca \u00e0 venda nas suas lojas\u201d, refere ao M&amp;P fonte oficial do departamento de comunica\u00e7\u00e3o corporativa do Lidl, a prop\u00f3sito da linha composta por t-shirts, chinelos, meias [&hellip;]\" \/>\n<meta property=\"og:url\" content=\"https:\/\/super-news.info\/pt\/a-coleccao-lidl-fan-foi-um-fenomeno-em-todos-os-paises-meios-publicidade\/\" \/>\n<meta property=\"og:site_name\" content=\"Super News\" \/>\n<meta property=\"article:published_time\" content=\"2020-12-08T07:28:58+00:00\" \/>\n<meta property=\"article:modified_time\" content=\"2020-12-08T07:28:59+00:00\" \/>\n<meta property=\"og:image\" content=\"https:\/\/super-news.info\/pt\/wp-content\/uploads\/sites\/2\/2020\/12\/A-colec-o-Lidl-Fan-foi-um-fen-meno-em-todos-os.jpg\" \/>\n\t<meta property=\"og:image:width\" content=\"580\" \/>\n\t<meta property=\"og:image:height\" content=\"554\" \/>\n\t<meta property=\"og:image:type\" content=\"image\/jpeg\" \/>\n<meta name=\"author\" content=\"super-news\" \/>\n<meta name=\"twitter:card\" content=\"summary_large_image\" \/>\n<meta name=\"twitter:label1\" content=\"Escrito por\" \/>\n\t<meta name=\"twitter:data1\" content=\"super-news\" \/>\n\t<meta name=\"twitter:label2\" content=\"Tempo estimado de leitura\" \/>\n\t<meta name=\"twitter:data2\" content=\"2 minutos\" \/>\n<script type=\"application\/ld+json\" class=\"yoast-schema-graph\">{\"@context\":\"https:\\\/\\\/schema.org\",\"@graph\":[{\"@type\":\"Article\",\"@id\":\"https:\\\/\\\/super-news.info\\\/pt\\\/a-coleccao-lidl-fan-foi-um-fenomeno-em-todos-os-paises-meios-publicidade\\\/#article\",\"isPartOf\":{\"@id\":\"https:\\\/\\\/super-news.info\\\/pt\\\/a-coleccao-lidl-fan-foi-um-fenomeno-em-todos-os-paises-meios-publicidade\\\/\"},\"author\":{\"name\":\"super-news\",\"@id\":\"https:\\\/\\\/super-news.info\\\/pt\\\/#\\\/schema\\\/person\\\/2d4068cb2f39cd10008c2fce578a7356\"},\"headline\":\"\u201cA colec\u00e7\u00e3o Lidl Fan foi um fen\u00f3meno em todos os pa\u00edses\u201d &#8211; Meios &#038; Publicidade\",\"datePublished\":\"2020-12-08T07:28:58+00:00\",\"dateModified\":\"2020-12-08T07:28:59+00:00\",\"mainEntityOfPage\":{\"@id\":\"https:\\\/\\\/super-news.info\\\/pt\\\/a-coleccao-lidl-fan-foi-um-fenomeno-em-todos-os-paises-meios-publicidade\\\/\"},\"wordCount\":342,\"commentCount\":0,\"image\":{\"@id\":\"https:\\\/\\\/super-news.info\\\/pt\\\/a-coleccao-lidl-fan-foi-um-fenomeno-em-todos-os-paises-meios-publicidade\\\/#primaryimage\"},\"thumbnailUrl\":\"https:\\\/\\\/super-news.info\\\/pt\\\/wp-content\\\/uploads\\\/sites\\\/2\\\/2020\\\/12\\\/A-colec-o-Lidl-Fan-foi-um-fen-meno-em-todos-os.jpg\",\"articleSection\":[\"NOT\u00cdCIAS DE MARKETING DIGITAL\"],\"inLanguage\":\"pt-PT\",\"potentialAction\":[{\"@type\":\"CommentAction\",\"name\":\"Comment\",\"target\":[\"https:\\\/\\\/super-news.info\\\/pt\\\/a-coleccao-lidl-fan-foi-um-fenomeno-em-todos-os-paises-meios-publicidade\\\/#respond\"]}]},{\"@type\":\"WebPage\",\"@id\":\"https:\\\/\\\/super-news.info\\\/pt\\\/a-coleccao-lidl-fan-foi-um-fenomeno-em-todos-os-paises-meios-publicidade\\\/\",\"url\":\"https:\\\/\\\/super-news.info\\\/pt\\\/a-coleccao-lidl-fan-foi-um-fenomeno-em-todos-os-paises-meios-publicidade\\\/\",\"name\":\"\u201cA colec\u00e7\u00e3o Lidl Fan foi um fen\u00f3meno em todos os pa\u00edses\u201d - Meios & Publicidade - Super News\",\"isPartOf\":{\"@id\":\"https:\\\/\\\/super-news.info\\\/pt\\\/#website\"},\"primaryImageOfPage\":{\"@id\":\"https:\\\/\\\/super-news.info\\\/pt\\\/a-coleccao-lidl-fan-foi-um-fenomeno-em-todos-os-paises-meios-publicidade\\\/#primaryimage\"},\"image\":{\"@id\":\"https:\\\/\\\/super-news.info\\\/pt\\\/a-coleccao-lidl-fan-foi-um-fenomeno-em-todos-os-paises-meios-publicidade\\\/#primaryimage\"},\"thumbnailUrl\":\"https:\\\/\\\/super-news.info\\\/pt\\\/wp-content\\\/uploads\\\/sites\\\/2\\\/2020\\\/12\\\/A-colec-o-Lidl-Fan-foi-um-fen-meno-em-todos-os.jpg\",\"datePublished\":\"2020-12-08T07:28:58+00:00\",\"dateModified\":\"2020-12-08T07:28:59+00:00\",\"author\":{\"@id\":\"https:\\\/\\\/super-news.info\\\/pt\\\/#\\\/schema\\\/person\\\/2d4068cb2f39cd10008c2fce578a7356\"},\"breadcrumb\":{\"@id\":\"https:\\\/\\\/super-news.info\\\/pt\\\/a-coleccao-lidl-fan-foi-um-fenomeno-em-todos-os-paises-meios-publicidade\\\/#breadcrumb\"},\"inLanguage\":\"pt-PT\",\"potentialAction\":[{\"@type\":\"ReadAction\",\"target\":[\"https:\\\/\\\/super-news.info\\\/pt\\\/a-coleccao-lidl-fan-foi-um-fenomeno-em-todos-os-paises-meios-publicidade\\\/\"]}]},{\"@type\":\"ImageObject\",\"inLanguage\":\"pt-PT\",\"@id\":\"https:\\\/\\\/super-news.info\\\/pt\\\/a-coleccao-lidl-fan-foi-um-fenomeno-em-todos-os-paises-meios-publicidade\\\/#primaryimage\",\"url\":\"https:\\\/\\\/super-news.info\\\/pt\\\/wp-content\\\/uploads\\\/sites\\\/2\\\/2020\\\/12\\\/A-colec-o-Lidl-Fan-foi-um-fen-meno-em-todos-os.jpg\",\"contentUrl\":\"https:\\\/\\\/super-news.info\\\/pt\\\/wp-content\\\/uploads\\\/sites\\\/2\\\/2020\\\/12\\\/A-colec-o-Lidl-Fan-foi-um-fen-meno-em-todos-os.jpg\",\"width\":580,\"height\":554,\"caption\":\"\u201cA colec\u00e7\u00e3o Lidl Fan foi um fen\u00f3meno em todos os pa\u00edses\u201d - Meios & Publicidade\"},{\"@type\":\"BreadcrumbList\",\"@id\":\"https:\\\/\\\/super-news.info\\\/pt\\\/a-coleccao-lidl-fan-foi-um-fenomeno-em-todos-os-paises-meios-publicidade\\\/#breadcrumb\",\"itemListElement\":[{\"@type\":\"ListItem\",\"position\":1,\"name\":\"\u0413\u043b\u0430\u0432\u043d\u0430\u044f \u0441\u0442\u0440\u0430\u043d\u0438\u0446\u0430\",\"item\":\"https:\\\/\\\/super-news.info\\\/pt\\\/\"},{\"@type\":\"ListItem\",\"position\":2,\"name\":\"\u201cA colec\u00e7\u00e3o Lidl Fan foi um fen\u00f3meno em todos os pa\u00edses\u201d &#8211; Meios &#038; Publicidade\"}]},{\"@type\":\"WebSite\",\"@id\":\"https:\\\/\\\/super-news.info\\\/pt\\\/#website\",\"url\":\"https:\\\/\\\/super-news.info\\\/pt\\\/\",\"name\":\"Super News\",\"description\":\"Super News Portugal\",\"potentialAction\":[{\"@type\":\"SearchAction\",\"target\":{\"@type\":\"EntryPoint\",\"urlTemplate\":\"https:\\\/\\\/super-news.info\\\/pt\\\/?s={search_term_string}\"},\"query-input\":{\"@type\":\"PropertyValueSpecification\",\"valueRequired\":true,\"valueName\":\"search_term_string\"}}],\"inLanguage\":\"pt-PT\"},{\"@type\":\"Person\",\"@id\":\"https:\\\/\\\/super-news.info\\\/pt\\\/#\\\/schema\\\/person\\\/2d4068cb2f39cd10008c2fce578a7356\",\"name\":\"super-news\",\"image\":{\"@type\":\"ImageObject\",\"inLanguage\":\"pt-PT\",\"@id\":\"https:\\\/\\\/secure.gravatar.com\\\/avatar\\\/64ebac40b93f26a154f8a9b5b6fdccfc46f442b26b3dd6756dbff3bf9dc76fd7?s=96&d=mm&r=g\",\"url\":\"https:\\\/\\\/secure.gravatar.com\\\/avatar\\\/64ebac40b93f26a154f8a9b5b6fdccfc46f442b26b3dd6756dbff3bf9dc76fd7?s=96&d=mm&r=g\",\"contentUrl\":\"https:\\\/\\\/secure.gravatar.com\\\/avatar\\\/64ebac40b93f26a154f8a9b5b6fdccfc46f442b26b3dd6756dbff3bf9dc76fd7?s=96&d=mm&r=g\",\"caption\":\"super-news\"},\"url\":\"https:\\\/\\\/super-news.info\\\/pt\\\/author\\\/pt\\\/\"}]}<\/script>\n<!-- \/ Yoast SEO plugin. -->","yoast_head_json":{"title":"\u201cA colec\u00e7\u00e3o Lidl Fan foi um fen\u00f3meno em todos os pa\u00edses\u201d - Meios & Publicidade - Super News","robots":{"index":"index","follow":"follow","max-snippet":"max-snippet:-1","max-image-preview":"max-image-preview:large","max-video-preview":"max-video-preview:-1"},"canonical":"https:\/\/super-news.info\/pt\/a-coleccao-lidl-fan-foi-um-fenomeno-em-todos-os-paises-meios-publicidade\/","og_locale":"pt_PT","og_type":"article","og_title":"\u201cA colec\u00e7\u00e3o Lidl Fan foi um fen\u00f3meno em todos os pa\u00edses\u201d - Meios & Publicidade - Super News","og_description":"O Lidl n\u00e3o divulga quantos exemplares de cada produto de merchandising Lidl Fan ficaram \u00e0 venda em Portugal. \u201cPor norma, o Lidl Portugal n\u00e3o divulga dados mercadoria que coloca \u00e0 venda nas suas lojas\u201d, refere ao M&amp;P fonte oficial do departamento de comunica\u00e7\u00e3o corporativa do Lidl, a prop\u00f3sito da linha composta por t-shirts, chinelos, meias [&hellip;]","og_url":"https:\/\/super-news.info\/pt\/a-coleccao-lidl-fan-foi-um-fenomeno-em-todos-os-paises-meios-publicidade\/","og_site_name":"Super News","article_published_time":"2020-12-08T07:28:58+00:00","article_modified_time":"2020-12-08T07:28:59+00:00","og_image":[{"width":580,"height":554,"url":"https:\/\/super-news.info\/pt\/wp-content\/uploads\/sites\/2\/2020\/12\/A-colec-o-Lidl-Fan-foi-um-fen-meno-em-todos-os.jpg","type":"image\/jpeg"}],"author":"super-news","twitter_card":"summary_large_image","twitter_misc":{"Escrito por":"super-news","Tempo estimado de leitura":"2 minutos"},"schema":{"@context":"https:\/\/schema.org","@graph":[{"@type":"Article","@id":"https:\/\/super-news.info\/pt\/a-coleccao-lidl-fan-foi-um-fenomeno-em-todos-os-paises-meios-publicidade\/#article","isPartOf":{"@id":"https:\/\/super-news.info\/pt\/a-coleccao-lidl-fan-foi-um-fenomeno-em-todos-os-paises-meios-publicidade\/"},"author":{"name":"super-news","@id":"https:\/\/super-news.info\/pt\/#\/schema\/person\/2d4068cb2f39cd10008c2fce578a7356"},"headline":"\u201cA colec\u00e7\u00e3o Lidl Fan foi um fen\u00f3meno em todos os pa\u00edses\u201d &#8211; Meios &#038; Publicidade","datePublished":"2020-12-08T07:28:58+00:00","dateModified":"2020-12-08T07:28:59+00:00","mainEntityOfPage":{"@id":"https:\/\/super-news.info\/pt\/a-coleccao-lidl-fan-foi-um-fenomeno-em-todos-os-paises-meios-publicidade\/"},"wordCount":342,"commentCount":0,"image":{"@id":"https:\/\/super-news.info\/pt\/a-coleccao-lidl-fan-foi-um-fenomeno-em-todos-os-paises-meios-publicidade\/#primaryimage"},"thumbnailUrl":"https:\/\/super-news.info\/pt\/wp-content\/uploads\/sites\/2\/2020\/12\/A-colec-o-Lidl-Fan-foi-um-fen-meno-em-todos-os.jpg","articleSection":["NOT\u00cdCIAS DE MARKETING DIGITAL"],"inLanguage":"pt-PT","potentialAction":[{"@type":"CommentAction","name":"Comment","target":["https:\/\/super-news.info\/pt\/a-coleccao-lidl-fan-foi-um-fenomeno-em-todos-os-paises-meios-publicidade\/#respond"]}]},{"@type":"WebPage","@id":"https:\/\/super-news.info\/pt\/a-coleccao-lidl-fan-foi-um-fenomeno-em-todos-os-paises-meios-publicidade\/","url":"https:\/\/super-news.info\/pt\/a-coleccao-lidl-fan-foi-um-fenomeno-em-todos-os-paises-meios-publicidade\/","name":"\u201cA colec\u00e7\u00e3o Lidl Fan foi um fen\u00f3meno em todos os pa\u00edses\u201d - Meios & Publicidade - Super News","isPartOf":{"@id":"https:\/\/super-news.info\/pt\/#website"},"primaryImageOfPage":{"@id":"https:\/\/super-news.info\/pt\/a-coleccao-lidl-fan-foi-um-fenomeno-em-todos-os-paises-meios-publicidade\/#primaryimage"},"image":{"@id":"https:\/\/super-news.info\/pt\/a-coleccao-lidl-fan-foi-um-fenomeno-em-todos-os-paises-meios-publicidade\/#primaryimage"},"thumbnailUrl":"https:\/\/super-news.info\/pt\/wp-content\/uploads\/sites\/2\/2020\/12\/A-colec-o-Lidl-Fan-foi-um-fen-meno-em-todos-os.jpg","datePublished":"2020-12-08T07:28:58+00:00","dateModified":"2020-12-08T07:28:59+00:00","author":{"@id":"https:\/\/super-news.info\/pt\/#\/schema\/person\/2d4068cb2f39cd10008c2fce578a7356"},"breadcrumb":{"@id":"https:\/\/super-news.info\/pt\/a-coleccao-lidl-fan-foi-um-fenomeno-em-todos-os-paises-meios-publicidade\/#breadcrumb"},"inLanguage":"pt-PT","potentialAction":[{"@type":"ReadAction","target":["https:\/\/super-news.info\/pt\/a-coleccao-lidl-fan-foi-um-fenomeno-em-todos-os-paises-meios-publicidade\/"]}]},{"@type":"ImageObject","inLanguage":"pt-PT","@id":"https:\/\/super-news.info\/pt\/a-coleccao-lidl-fan-foi-um-fenomeno-em-todos-os-paises-meios-publicidade\/#primaryimage","url":"https:\/\/super-news.info\/pt\/wp-content\/uploads\/sites\/2\/2020\/12\/A-colec-o-Lidl-Fan-foi-um-fen-meno-em-todos-os.jpg","contentUrl":"https:\/\/super-news.info\/pt\/wp-content\/uploads\/sites\/2\/2020\/12\/A-colec-o-Lidl-Fan-foi-um-fen-meno-em-todos-os.jpg","width":580,"height":554,"caption":"\u201cA colec\u00e7\u00e3o Lidl Fan foi um fen\u00f3meno em todos os pa\u00edses\u201d - Meios & Publicidade"},{"@type":"BreadcrumbList","@id":"https:\/\/super-news.info\/pt\/a-coleccao-lidl-fan-foi-um-fenomeno-em-todos-os-paises-meios-publicidade\/#breadcrumb","itemListElement":[{"@type":"ListItem","position":1,"name":"\u0413\u043b\u0430\u0432\u043d\u0430\u044f \u0441\u0442\u0440\u0430\u043d\u0438\u0446\u0430","item":"https:\/\/super-news.info\/pt\/"},{"@type":"ListItem","position":2,"name":"\u201cA colec\u00e7\u00e3o Lidl Fan foi um fen\u00f3meno em todos os pa\u00edses\u201d &#8211; Meios &#038; Publicidade"}]},{"@type":"WebSite","@id":"https:\/\/super-news.info\/pt\/#website","url":"https:\/\/super-news.info\/pt\/","name":"Super News","description":"Super News Portugal","potentialAction":[{"@type":"SearchAction","target":{"@type":"EntryPoint","urlTemplate":"https:\/\/super-news.info\/pt\/?s={search_term_string}"},"query-input":{"@type":"PropertyValueSpecification","valueRequired":true,"valueName":"search_term_string"}}],"inLanguage":"pt-PT"},{"@type":"Person","@id":"https:\/\/super-news.info\/pt\/#\/schema\/person\/2d4068cb2f39cd10008c2fce578a7356","name":"super-news","image":{"@type":"ImageObject","inLanguage":"pt-PT","@id":"https:\/\/secure.gravatar.com\/avatar\/64ebac40b93f26a154f8a9b5b6fdccfc46f442b26b3dd6756dbff3bf9dc76fd7?s=96&d=mm&r=g","url":"https:\/\/secure.gravatar.com\/avatar\/64ebac40b93f26a154f8a9b5b6fdccfc46f442b26b3dd6756dbff3bf9dc76fd7?s=96&d=mm&r=g","contentUrl":"https:\/\/secure.gravatar.com\/avatar\/64ebac40b93f26a154f8a9b5b6fdccfc46f442b26b3dd6756dbff3bf9dc76fd7?s=96&d=mm&r=g","caption":"super-news"},"url":"https:\/\/super-news.info\/pt\/author\/pt\/"}]}},"_links":{"self":[{"href":"https:\/\/super-news.info\/pt\/wp-json\/wp\/v2\/posts\/5509","targetHints":{"allow":["GET"]}}],"collection":[{"href":"https:\/\/super-news.info\/pt\/wp-json\/wp\/v2\/posts"}],"about":[{"href":"https:\/\/super-news.info\/pt\/wp-json\/wp\/v2\/types\/post"}],"author":[{"embeddable":true,"href":"https:\/\/super-news.info\/pt\/wp-json\/wp\/v2\/users\/2"}],"replies":[{"embeddable":true,"href":"https:\/\/super-news.info\/pt\/wp-json\/wp\/v2\/comments?post=5509"}],"version-history":[{"count":1,"href":"https:\/\/super-news.info\/pt\/wp-json\/wp\/v2\/posts\/5509\/revisions"}],"predecessor-version":[{"id":5511,"href":"https:\/\/super-news.info\/pt\/wp-json\/wp\/v2\/posts\/5509\/revisions\/5511"}],"wp:featuredmedia":[{"embeddable":true,"href":"https:\/\/super-news.info\/pt\/wp-json\/wp\/v2\/media\/5510"}],"wp:attachment":[{"href":"https:\/\/super-news.info\/pt\/wp-json\/wp\/v2\/media?parent=5509"}],"wp:term":[{"taxonomy":"category","embeddable":true,"href":"https:\/\/super-news.info\/pt\/wp-json\/wp\/v2\/categories?post=5509"},{"taxonomy":"post_tag","embeddable":true,"href":"https:\/\/super-news.info\/pt\/wp-json\/wp\/v2\/tags?post=5509"}],"curies":[{"name":"wp","href":"https:\/\/api.w.org\/{rel}","templated":true}]}}