{"id":5497,"date":"2020-12-07T10:23:05","date_gmt":"2020-12-07T07:23:05","guid":{"rendered":"https:\/\/super-news.info\/pt\/o-fenomeno-do-merchandising-do-lidl-em-8-tweets-meios-publicidade\/"},"modified":"2020-12-14T20:58:35","modified_gmt":"2020-12-14T17:58:35","slug":"o-fenomeno-do-merchandising-do-lidl-em-8-tweets-meios-publicidade","status":"publish","type":"post","link":"https:\/\/super-news.info\/pt\/o-fenomeno-do-merchandising-do-lidl-em-8-tweets-meios-publicidade\/","title":{"rendered":"O fen\u00f3meno do merchandising do Lidl em 8 tweets &#8211; Meios &#038; Publicidade"},"content":{"rendered":"<p>A linha de roupa e cal\u00e7ado com a marca e cores da ins\u00edgnia Lidl tornou-se num fen\u00f3meno nas redes sociais em Portugal. A colec\u00e7\u00e3o, que ficou \u00e0 venda a 30 de Novembro, \u00e9 composta por t-shirts e chinelos (4,99 euros), meias (3,99 euros) e t\u00e9nis (14,99 euros).<br \/>\nInicialmente lan\u00e7ada em Julho, em pa\u00edses como Alemanha, Finl\u00e2ndia, Holanda e B\u00e9lgica, a colec\u00e7\u00e3o chegou a estar \u00e0 venda no site eBay por dois mil euros. Em Portugal j\u00e1 se encontra no OLX a colec\u00e7\u00e3o completa por 600 euros.<br \/>\nO Twitter serve de bar\u00f3metro \u00e0 reac\u00e7\u00e3o dos consumidores. Confirme algumas das mensagens e imagens que est\u00e3o a ser partilhadas.<\/p>\n<p>Lidl trending na sec\u00e7\u00e3o Moda, what a time to be alive. pic.twitter.com\/RD4GZDDndC<br \/>\n\u2014 In\u00eas Rebelo (@inesrebelop) November 30, 2020<\/p>\n<p>NAO VOLTES A DESRESPEITAR O LIDL M\u00c3E pic.twitter.com\/QuJTxZB3J5<br \/>\n\u2014 Leo (@nbkfellas) November 30, 2020<\/p>\n<p>Olhem a prenda de natal q vou dar \u00e1 @bsfigueira06 ,eu com lidl e ela com pingo doce ?\ufff0\uff9f\uffa4\uffa3 https:\/\/t.co\/P3adr5VJJy<br \/>\n\u2014 ?\ufff0\uff9d\uff9a\uff8a?\ufff0\uff9d\uff9a\uff9d? (@marta_nvs) December 3, 2020<\/p>\n<p>todos odeiam o capitalismo at\u00e9 sair merch do lidl<br \/>\n\u2014 cryptoguida ?\ufff0\uff9f\uff87\uffb0?\ufff0\uff9f\uff87\uffbc (@merdosamente) November 30, 2020<\/p>\n<p>Pessoas que vestem La Martina ou Ralph Lauren com emblemas garrafais n\u00e3o entendem o hip da cole\u00e7\u00e3o do Lidl.J\u00e1 h\u00e1 um ano que \u00e9 um sucesso entre na Europa,chegou agora a Portugal. Se uns collants rasgados da Gucci a custar 600 \u20ac s\u00e3o trendy porqu\u00ea que uns t\u00e9nis de 14\u20ac n\u00e3o o s\u00e3o ? pic.twitter.com\/eYa0qe7GcS<br \/>\n\u2014 Helena Ferro Gouveia (@camalees) December 1, 2020<\/p>\n<p>30 de novembro o dia em que o lidl vendeu mais roupa que pacotes de arroz https:\/\/t.co\/dJPZfTLAB8<br \/>\n\u2014 Yuri (@paxecu9) November 30, 2020<\/p>\n<p>O marketing do LIDL est\u00e1 com um gato ao colo a rir-se de todos.<br \/>\n\u2014 Salvador Martinha (@SalvasMartinha) December 2, 2020<\/p>\n<p>Fui ao LIDL comprar Panettone ?#LIDL pic.twitter.com\/rWFzbjt1Mu<br \/>\n\u2014 RicFazeres (@RicFazeres) December 2, 2020<\/p>\n<p><!--noindex--><br \/>\n<a href=\"https:\/\/www.meiosepublicidade.pt\/2020\/12\/fenomeno-do-merchandising-do-lidl-8-tweets\/\" rel=\"nofollow\">Source link <\/a><br \/>\n<!--\/noindex--><\/p>\n","protected":false},"excerpt":{"rendered":"<p>A linha de roupa e cal\u00e7ado com a marca e cores da ins\u00edgnia Lidl tornou-se num fen\u00f3meno nas redes sociais em Portugal. A colec\u00e7\u00e3o, que ficou \u00e0 venda a 30 de Novembro, \u00e9 composta por t-shirts e chinelos (4,99 euros), meias (3,99 euros) e t\u00e9nis (14,99 euros). Inicialmente lan\u00e7ada em Julho, em pa\u00edses como Alemanha, [&hellip;]<\/p>\n","protected":false},"author":2,"featured_media":5498,"comment_status":"open","ping_status":"open","sticky":false,"template":"","format":"standard","meta":{"footnotes":""},"categories":[2],"tags":[],"class_list":["post-5497","post","type-post","status-publish","format-standard","has-post-thumbnail","hentry","category-noticias-de-marketing-digital"],"yoast_head":"<!-- This site is optimized with the Yoast SEO plugin v27.4 - https:\/\/yoast.com\/product\/yoast-seo-wordpress\/ -->\n<title>O fen\u00f3meno do merchandising do Lidl em 8 tweets - Meios &amp; Publicidade - Super News<\/title>\n<meta name=\"robots\" content=\"index, follow, max-snippet:-1, max-image-preview:large, max-video-preview:-1\" \/>\n<link rel=\"canonical\" href=\"https:\/\/super-news.info\/pt\/o-fenomeno-do-merchandising-do-lidl-em-8-tweets-meios-publicidade\/\" \/>\n<meta property=\"og:locale\" content=\"pt_PT\" \/>\n<meta property=\"og:type\" content=\"article\" \/>\n<meta property=\"og:title\" content=\"O fen\u00f3meno do merchandising do Lidl em 8 tweets - Meios &amp; Publicidade - Super News\" \/>\n<meta property=\"og:description\" content=\"A linha de roupa e cal\u00e7ado com a marca e cores da ins\u00edgnia Lidl tornou-se num fen\u00f3meno nas redes sociais em Portugal. A colec\u00e7\u00e3o, que ficou \u00e0 venda a 30 de Novembro, \u00e9 composta por t-shirts e chinelos (4,99 euros), meias (3,99 euros) e t\u00e9nis (14,99 euros). Inicialmente lan\u00e7ada em Julho, em pa\u00edses como Alemanha, [&hellip;]\" \/>\n<meta property=\"og:url\" content=\"https:\/\/super-news.info\/pt\/o-fenomeno-do-merchandising-do-lidl-em-8-tweets-meios-publicidade\/\" \/>\n<meta property=\"og:site_name\" content=\"Super News\" \/>\n<meta property=\"article:published_time\" content=\"2020-12-07T07:23:05+00:00\" \/>\n<meta property=\"article:modified_time\" content=\"2020-12-14T17:58:35+00:00\" \/>\n<meta property=\"og:image\" content=\"https:\/\/super-news.info\/pt\/wp-content\/uploads\/sites\/2\/2020\/12\/O-fen-meno-do-merchandising-do-Lidl-em-8-tweets.png\" \/>\n\t<meta property=\"og:image:width\" content=\"668\" \/>\n\t<meta property=\"og:image:height\" content=\"436\" \/>\n\t<meta property=\"og:image:type\" content=\"image\/png\" \/>\n<meta name=\"author\" content=\"super-news\" \/>\n<meta name=\"twitter:card\" content=\"summary_large_image\" \/>\n<meta name=\"twitter:label1\" content=\"Escrito por\" \/>\n\t<meta name=\"twitter:data1\" content=\"super-news\" \/>\n\t<meta name=\"twitter:label2\" content=\"Tempo estimado de leitura\" \/>\n\t<meta name=\"twitter:data2\" content=\"2 minutos\" \/>\n<script type=\"application\/ld+json\" class=\"yoast-schema-graph\">{\"@context\":\"https:\\\/\\\/schema.org\",\"@graph\":[{\"@type\":\"Article\",\"@id\":\"https:\\\/\\\/super-news.info\\\/pt\\\/o-fenomeno-do-merchandising-do-lidl-em-8-tweets-meios-publicidade\\\/#article\",\"isPartOf\":{\"@id\":\"https:\\\/\\\/super-news.info\\\/pt\\\/o-fenomeno-do-merchandising-do-lidl-em-8-tweets-meios-publicidade\\\/\"},\"author\":{\"name\":\"super-news\",\"@id\":\"https:\\\/\\\/super-news.info\\\/pt\\\/#\\\/schema\\\/person\\\/2d4068cb2f39cd10008c2fce578a7356\"},\"headline\":\"O fen\u00f3meno do merchandising do Lidl em 8 tweets &#8211; Meios &#038; Publicidade\",\"datePublished\":\"2020-12-07T07:23:05+00:00\",\"dateModified\":\"2020-12-14T17:58:35+00:00\",\"mainEntityOfPage\":{\"@id\":\"https:\\\/\\\/super-news.info\\\/pt\\\/o-fenomeno-do-merchandising-do-lidl-em-8-tweets-meios-publicidade\\\/\"},\"wordCount\":323,\"commentCount\":0,\"image\":{\"@id\":\"https:\\\/\\\/super-news.info\\\/pt\\\/o-fenomeno-do-merchandising-do-lidl-em-8-tweets-meios-publicidade\\\/#primaryimage\"},\"thumbnailUrl\":\"https:\\\/\\\/super-news.info\\\/pt\\\/wp-content\\\/uploads\\\/sites\\\/2\\\/2020\\\/12\\\/O-fen-meno-do-merchandising-do-Lidl-em-8-tweets.png\",\"articleSection\":[\"NOT\u00cdCIAS DE MARKETING DIGITAL\"],\"inLanguage\":\"pt-PT\",\"potentialAction\":[{\"@type\":\"CommentAction\",\"name\":\"Comment\",\"target\":[\"https:\\\/\\\/super-news.info\\\/pt\\\/o-fenomeno-do-merchandising-do-lidl-em-8-tweets-meios-publicidade\\\/#respond\"]}]},{\"@type\":\"WebPage\",\"@id\":\"https:\\\/\\\/super-news.info\\\/pt\\\/o-fenomeno-do-merchandising-do-lidl-em-8-tweets-meios-publicidade\\\/\",\"url\":\"https:\\\/\\\/super-news.info\\\/pt\\\/o-fenomeno-do-merchandising-do-lidl-em-8-tweets-meios-publicidade\\\/\",\"name\":\"O fen\u00f3meno do merchandising do Lidl em 8 tweets - Meios & Publicidade - Super News\",\"isPartOf\":{\"@id\":\"https:\\\/\\\/super-news.info\\\/pt\\\/#website\"},\"primaryImageOfPage\":{\"@id\":\"https:\\\/\\\/super-news.info\\\/pt\\\/o-fenomeno-do-merchandising-do-lidl-em-8-tweets-meios-publicidade\\\/#primaryimage\"},\"image\":{\"@id\":\"https:\\\/\\\/super-news.info\\\/pt\\\/o-fenomeno-do-merchandising-do-lidl-em-8-tweets-meios-publicidade\\\/#primaryimage\"},\"thumbnailUrl\":\"https:\\\/\\\/super-news.info\\\/pt\\\/wp-content\\\/uploads\\\/sites\\\/2\\\/2020\\\/12\\\/O-fen-meno-do-merchandising-do-Lidl-em-8-tweets.png\",\"datePublished\":\"2020-12-07T07:23:05+00:00\",\"dateModified\":\"2020-12-14T17:58:35+00:00\",\"author\":{\"@id\":\"https:\\\/\\\/super-news.info\\\/pt\\\/#\\\/schema\\\/person\\\/2d4068cb2f39cd10008c2fce578a7356\"},\"breadcrumb\":{\"@id\":\"https:\\\/\\\/super-news.info\\\/pt\\\/o-fenomeno-do-merchandising-do-lidl-em-8-tweets-meios-publicidade\\\/#breadcrumb\"},\"inLanguage\":\"pt-PT\",\"potentialAction\":[{\"@type\":\"ReadAction\",\"target\":[\"https:\\\/\\\/super-news.info\\\/pt\\\/o-fenomeno-do-merchandising-do-lidl-em-8-tweets-meios-publicidade\\\/\"]}]},{\"@type\":\"ImageObject\",\"inLanguage\":\"pt-PT\",\"@id\":\"https:\\\/\\\/super-news.info\\\/pt\\\/o-fenomeno-do-merchandising-do-lidl-em-8-tweets-meios-publicidade\\\/#primaryimage\",\"url\":\"https:\\\/\\\/super-news.info\\\/pt\\\/wp-content\\\/uploads\\\/sites\\\/2\\\/2020\\\/12\\\/O-fen-meno-do-merchandising-do-Lidl-em-8-tweets.png\",\"contentUrl\":\"https:\\\/\\\/super-news.info\\\/pt\\\/wp-content\\\/uploads\\\/sites\\\/2\\\/2020\\\/12\\\/O-fen-meno-do-merchandising-do-Lidl-em-8-tweets.png\",\"width\":668,\"height\":436,\"caption\":\"O fen\u00f3meno do merchandising do Lidl em 8 tweets - Meios & Publicidade\"},{\"@type\":\"BreadcrumbList\",\"@id\":\"https:\\\/\\\/super-news.info\\\/pt\\\/o-fenomeno-do-merchandising-do-lidl-em-8-tweets-meios-publicidade\\\/#breadcrumb\",\"itemListElement\":[{\"@type\":\"ListItem\",\"position\":1,\"name\":\"\u0413\u043b\u0430\u0432\u043d\u0430\u044f \u0441\u0442\u0440\u0430\u043d\u0438\u0446\u0430\",\"item\":\"https:\\\/\\\/super-news.info\\\/pt\\\/\"},{\"@type\":\"ListItem\",\"position\":2,\"name\":\"O fen\u00f3meno do merchandising do Lidl em 8 tweets &#8211; Meios &#038; Publicidade\"}]},{\"@type\":\"WebSite\",\"@id\":\"https:\\\/\\\/super-news.info\\\/pt\\\/#website\",\"url\":\"https:\\\/\\\/super-news.info\\\/pt\\\/\",\"name\":\"Super News\",\"description\":\"Super News Portugal\",\"potentialAction\":[{\"@type\":\"SearchAction\",\"target\":{\"@type\":\"EntryPoint\",\"urlTemplate\":\"https:\\\/\\\/super-news.info\\\/pt\\\/?s={search_term_string}\"},\"query-input\":{\"@type\":\"PropertyValueSpecification\",\"valueRequired\":true,\"valueName\":\"search_term_string\"}}],\"inLanguage\":\"pt-PT\"},{\"@type\":\"Person\",\"@id\":\"https:\\\/\\\/super-news.info\\\/pt\\\/#\\\/schema\\\/person\\\/2d4068cb2f39cd10008c2fce578a7356\",\"name\":\"super-news\",\"image\":{\"@type\":\"ImageObject\",\"inLanguage\":\"pt-PT\",\"@id\":\"https:\\\/\\\/secure.gravatar.com\\\/avatar\\\/64ebac40b93f26a154f8a9b5b6fdccfc46f442b26b3dd6756dbff3bf9dc76fd7?s=96&d=mm&r=g\",\"url\":\"https:\\\/\\\/secure.gravatar.com\\\/avatar\\\/64ebac40b93f26a154f8a9b5b6fdccfc46f442b26b3dd6756dbff3bf9dc76fd7?s=96&d=mm&r=g\",\"contentUrl\":\"https:\\\/\\\/secure.gravatar.com\\\/avatar\\\/64ebac40b93f26a154f8a9b5b6fdccfc46f442b26b3dd6756dbff3bf9dc76fd7?s=96&d=mm&r=g\",\"caption\":\"super-news\"},\"url\":\"https:\\\/\\\/super-news.info\\\/pt\\\/author\\\/pt\\\/\"}]}<\/script>\n<!-- \/ Yoast SEO plugin. -->","yoast_head_json":{"title":"O fen\u00f3meno do merchandising do Lidl em 8 tweets - Meios & Publicidade - Super News","robots":{"index":"index","follow":"follow","max-snippet":"max-snippet:-1","max-image-preview":"max-image-preview:large","max-video-preview":"max-video-preview:-1"},"canonical":"https:\/\/super-news.info\/pt\/o-fenomeno-do-merchandising-do-lidl-em-8-tweets-meios-publicidade\/","og_locale":"pt_PT","og_type":"article","og_title":"O fen\u00f3meno do merchandising do Lidl em 8 tweets - Meios & Publicidade - Super News","og_description":"A linha de roupa e cal\u00e7ado com a marca e cores da ins\u00edgnia Lidl tornou-se num fen\u00f3meno nas redes sociais em Portugal. A colec\u00e7\u00e3o, que ficou \u00e0 venda a 30 de Novembro, \u00e9 composta por t-shirts e chinelos (4,99 euros), meias (3,99 euros) e t\u00e9nis (14,99 euros). Inicialmente lan\u00e7ada em Julho, em pa\u00edses como Alemanha, [&hellip;]","og_url":"https:\/\/super-news.info\/pt\/o-fenomeno-do-merchandising-do-lidl-em-8-tweets-meios-publicidade\/","og_site_name":"Super News","article_published_time":"2020-12-07T07:23:05+00:00","article_modified_time":"2020-12-14T17:58:35+00:00","og_image":[{"width":668,"height":436,"url":"https:\/\/super-news.info\/pt\/wp-content\/uploads\/sites\/2\/2020\/12\/O-fen-meno-do-merchandising-do-Lidl-em-8-tweets.png","type":"image\/png"}],"author":"super-news","twitter_card":"summary_large_image","twitter_misc":{"Escrito por":"super-news","Tempo estimado de leitura":"2 minutos"},"schema":{"@context":"https:\/\/schema.org","@graph":[{"@type":"Article","@id":"https:\/\/super-news.info\/pt\/o-fenomeno-do-merchandising-do-lidl-em-8-tweets-meios-publicidade\/#article","isPartOf":{"@id":"https:\/\/super-news.info\/pt\/o-fenomeno-do-merchandising-do-lidl-em-8-tweets-meios-publicidade\/"},"author":{"name":"super-news","@id":"https:\/\/super-news.info\/pt\/#\/schema\/person\/2d4068cb2f39cd10008c2fce578a7356"},"headline":"O fen\u00f3meno do merchandising do Lidl em 8 tweets &#8211; Meios &#038; Publicidade","datePublished":"2020-12-07T07:23:05+00:00","dateModified":"2020-12-14T17:58:35+00:00","mainEntityOfPage":{"@id":"https:\/\/super-news.info\/pt\/o-fenomeno-do-merchandising-do-lidl-em-8-tweets-meios-publicidade\/"},"wordCount":323,"commentCount":0,"image":{"@id":"https:\/\/super-news.info\/pt\/o-fenomeno-do-merchandising-do-lidl-em-8-tweets-meios-publicidade\/#primaryimage"},"thumbnailUrl":"https:\/\/super-news.info\/pt\/wp-content\/uploads\/sites\/2\/2020\/12\/O-fen-meno-do-merchandising-do-Lidl-em-8-tweets.png","articleSection":["NOT\u00cdCIAS DE MARKETING DIGITAL"],"inLanguage":"pt-PT","potentialAction":[{"@type":"CommentAction","name":"Comment","target":["https:\/\/super-news.info\/pt\/o-fenomeno-do-merchandising-do-lidl-em-8-tweets-meios-publicidade\/#respond"]}]},{"@type":"WebPage","@id":"https:\/\/super-news.info\/pt\/o-fenomeno-do-merchandising-do-lidl-em-8-tweets-meios-publicidade\/","url":"https:\/\/super-news.info\/pt\/o-fenomeno-do-merchandising-do-lidl-em-8-tweets-meios-publicidade\/","name":"O fen\u00f3meno do merchandising do Lidl em 8 tweets - Meios & Publicidade - Super News","isPartOf":{"@id":"https:\/\/super-news.info\/pt\/#website"},"primaryImageOfPage":{"@id":"https:\/\/super-news.info\/pt\/o-fenomeno-do-merchandising-do-lidl-em-8-tweets-meios-publicidade\/#primaryimage"},"image":{"@id":"https:\/\/super-news.info\/pt\/o-fenomeno-do-merchandising-do-lidl-em-8-tweets-meios-publicidade\/#primaryimage"},"thumbnailUrl":"https:\/\/super-news.info\/pt\/wp-content\/uploads\/sites\/2\/2020\/12\/O-fen-meno-do-merchandising-do-Lidl-em-8-tweets.png","datePublished":"2020-12-07T07:23:05+00:00","dateModified":"2020-12-14T17:58:35+00:00","author":{"@id":"https:\/\/super-news.info\/pt\/#\/schema\/person\/2d4068cb2f39cd10008c2fce578a7356"},"breadcrumb":{"@id":"https:\/\/super-news.info\/pt\/o-fenomeno-do-merchandising-do-lidl-em-8-tweets-meios-publicidade\/#breadcrumb"},"inLanguage":"pt-PT","potentialAction":[{"@type":"ReadAction","target":["https:\/\/super-news.info\/pt\/o-fenomeno-do-merchandising-do-lidl-em-8-tweets-meios-publicidade\/"]}]},{"@type":"ImageObject","inLanguage":"pt-PT","@id":"https:\/\/super-news.info\/pt\/o-fenomeno-do-merchandising-do-lidl-em-8-tweets-meios-publicidade\/#primaryimage","url":"https:\/\/super-news.info\/pt\/wp-content\/uploads\/sites\/2\/2020\/12\/O-fen-meno-do-merchandising-do-Lidl-em-8-tweets.png","contentUrl":"https:\/\/super-news.info\/pt\/wp-content\/uploads\/sites\/2\/2020\/12\/O-fen-meno-do-merchandising-do-Lidl-em-8-tweets.png","width":668,"height":436,"caption":"O fen\u00f3meno do merchandising do Lidl em 8 tweets - Meios & Publicidade"},{"@type":"BreadcrumbList","@id":"https:\/\/super-news.info\/pt\/o-fenomeno-do-merchandising-do-lidl-em-8-tweets-meios-publicidade\/#breadcrumb","itemListElement":[{"@type":"ListItem","position":1,"name":"\u0413\u043b\u0430\u0432\u043d\u0430\u044f \u0441\u0442\u0440\u0430\u043d\u0438\u0446\u0430","item":"https:\/\/super-news.info\/pt\/"},{"@type":"ListItem","position":2,"name":"O fen\u00f3meno do merchandising do Lidl em 8 tweets &#8211; Meios &#038; Publicidade"}]},{"@type":"WebSite","@id":"https:\/\/super-news.info\/pt\/#website","url":"https:\/\/super-news.info\/pt\/","name":"Super News","description":"Super News Portugal","potentialAction":[{"@type":"SearchAction","target":{"@type":"EntryPoint","urlTemplate":"https:\/\/super-news.info\/pt\/?s={search_term_string}"},"query-input":{"@type":"PropertyValueSpecification","valueRequired":true,"valueName":"search_term_string"}}],"inLanguage":"pt-PT"},{"@type":"Person","@id":"https:\/\/super-news.info\/pt\/#\/schema\/person\/2d4068cb2f39cd10008c2fce578a7356","name":"super-news","image":{"@type":"ImageObject","inLanguage":"pt-PT","@id":"https:\/\/secure.gravatar.com\/avatar\/64ebac40b93f26a154f8a9b5b6fdccfc46f442b26b3dd6756dbff3bf9dc76fd7?s=96&d=mm&r=g","url":"https:\/\/secure.gravatar.com\/avatar\/64ebac40b93f26a154f8a9b5b6fdccfc46f442b26b3dd6756dbff3bf9dc76fd7?s=96&d=mm&r=g","contentUrl":"https:\/\/secure.gravatar.com\/avatar\/64ebac40b93f26a154f8a9b5b6fdccfc46f442b26b3dd6756dbff3bf9dc76fd7?s=96&d=mm&r=g","caption":"super-news"},"url":"https:\/\/super-news.info\/pt\/author\/pt\/"}]}},"_links":{"self":[{"href":"https:\/\/super-news.info\/pt\/wp-json\/wp\/v2\/posts\/5497","targetHints":{"allow":["GET"]}}],"collection":[{"href":"https:\/\/super-news.info\/pt\/wp-json\/wp\/v2\/posts"}],"about":[{"href":"https:\/\/super-news.info\/pt\/wp-json\/wp\/v2\/types\/post"}],"author":[{"embeddable":true,"href":"https:\/\/super-news.info\/pt\/wp-json\/wp\/v2\/users\/2"}],"replies":[{"embeddable":true,"href":"https:\/\/super-news.info\/pt\/wp-json\/wp\/v2\/comments?post=5497"}],"version-history":[{"count":2,"href":"https:\/\/super-news.info\/pt\/wp-json\/wp\/v2\/posts\/5497\/revisions"}],"predecessor-version":[{"id":5586,"href":"https:\/\/super-news.info\/pt\/wp-json\/wp\/v2\/posts\/5497\/revisions\/5586"}],"wp:featuredmedia":[{"embeddable":true,"href":"https:\/\/super-news.info\/pt\/wp-json\/wp\/v2\/media\/5498"}],"wp:attachment":[{"href":"https:\/\/super-news.info\/pt\/wp-json\/wp\/v2\/media?parent=5497"}],"wp:term":[{"taxonomy":"category","embeddable":true,"href":"https:\/\/super-news.info\/pt\/wp-json\/wp\/v2\/categories?post=5497"},{"taxonomy":"post_tag","embeddable":true,"href":"https:\/\/super-news.info\/pt\/wp-json\/wp\/v2\/tags?post=5497"}],"curies":[{"name":"wp","href":"https:\/\/api.w.org\/{rel}","templated":true}]}}