{"id":5491,"date":"2020-12-06T22:20:44","date_gmt":"2020-12-06T19:20:44","guid":{"rendered":"https:\/\/super-news.info\/pt\/marketing-da-whirlpool-no-mercado-portugues-a-cargo-de-lluis-diaz-badia-meios-publicidade\/"},"modified":"2020-12-06T22:20:46","modified_gmt":"2020-12-06T19:20:46","slug":"marketing-da-whirlpool-no-mercado-portugues-a-cargo-de-lluis-diaz-badia-meios-publicidade","status":"publish","type":"post","link":"https:\/\/super-news.info\/pt\/marketing-da-whirlpool-no-mercado-portugues-a-cargo-de-lluis-diaz-badia-meios-publicidade\/","title":{"rendered":"Marketing da Whirlpool no mercado portugu\u00eas a cargo de Lluis Diaz Badia &#8211; Meios &#038; Publicidade"},"content":{"rendered":"<p>Lluis Diaz Badia \u00e9 o novo respons\u00e1vel pelo marketing da Whirlpool em Portugal e Espanha, substituindo Niccol\u00f2 Pietrucci, que assume fun\u00e7\u00f5es ao n\u00edvel da estrat\u00e9gia digital &amp; omnicanal da marca na regi\u00e3o EMEA. \u201cUma das minhas prioridades \u00e9 o desenvolvimento das nossas marcas, proporcionando inova\u00e7\u00e3o e valor atrav\u00e9s de produtos focados nas necessidades do consumidor e na melhoria da sua qualidade de vida\u201d, aponta o novo marketing manager, que ir\u00e1 liderar o departamento de marketing para os mercados ib\u00e9ricos trabalhando \u201cem conjunto com a equipa comercial na divulga\u00e7\u00e3o da marca no mercado\u201d.<br \/>\n\u201cEntre os meus objectivos est\u00e1 continuar a ajudar a construir um neg\u00f3cio saud\u00e1vel para a Whirlpool e para os nossos parceiros comerciais, assim como contribuir para o crescimento da grande equipa de profissionais que comp\u00f5e a nossa empresa\u201d, tra\u00e7a Lluis Diaz Badia, profissional que iniciou a sua carreira na Accenture, onde participou na implanta\u00e7\u00e3o de projectos nos EUA para a The Home Depot, empresa do retalho especializada na distribui\u00e7\u00e3o de equipamentos para a casa.<br \/>\nA chegada ao sector dos electrodom\u00e9sticos acontece em 2008 atrav\u00e9s da Philips, onde foi account manager at\u00e9 2012, altura em que integra os quadros da Whirlpool Espanha. At\u00e9 2017, desempenhou fun\u00e7\u00f5es como key account manager, trade marketing e category manager, com especializa\u00e7\u00e3o na \u00e1rea de vendas e marketing. Seguiram-se passagens pela Fluidra, como gestor de produto global na categoria de robots, e pelo grupo Haier, antes de regressar, no in\u00edcio deste ano, \u00e0 Whirlpool, onde assumiu at\u00e9 aqui fun\u00e7\u00f5es como senior category manager.<\/p>\n<p>\n<!--noindex--><br \/>\n<a href=\"https:\/\/www.meiosepublicidade.pt\/2020\/12\/marketing-da-whirlpool-no-mercado-portugues-cargo-lluis-diaz-badia\/\" rel=\"nofollow\">Source link <\/a><br \/>\n<!--\/noindex--><\/p>\n","protected":false},"excerpt":{"rendered":"<p>Lluis Diaz Badia \u00e9 o novo respons\u00e1vel pelo marketing da Whirlpool em Portugal e Espanha, substituindo Niccol\u00f2 Pietrucci, que assume fun\u00e7\u00f5es ao n\u00edvel da estrat\u00e9gia digital &amp; omnicanal da marca na regi\u00e3o EMEA. \u201cUma das minhas prioridades \u00e9 o desenvolvimento das nossas marcas, proporcionando inova\u00e7\u00e3o e valor atrav\u00e9s de produtos focados nas necessidades do consumidor [&hellip;]<\/p>\n","protected":false},"author":2,"featured_media":5492,"comment_status":"open","ping_status":"open","sticky":false,"template":"","format":"standard","meta":{"footnotes":""},"categories":[2],"tags":[],"class_list":["post-5491","post","type-post","status-publish","format-standard","has-post-thumbnail","hentry","category-noticias-de-marketing-digital"],"yoast_head":"<!-- This site is optimized with the Yoast SEO plugin v27.4 - https:\/\/yoast.com\/product\/yoast-seo-wordpress\/ -->\n<title>Marketing da Whirlpool no mercado portugu\u00eas a cargo de Lluis Diaz Badia - Meios &amp; Publicidade - Super News<\/title>\n<meta name=\"robots\" content=\"index, follow, max-snippet:-1, max-image-preview:large, max-video-preview:-1\" \/>\n<link rel=\"canonical\" href=\"https:\/\/super-news.info\/pt\/marketing-da-whirlpool-no-mercado-portugues-a-cargo-de-lluis-diaz-badia-meios-publicidade\/\" \/>\n<meta property=\"og:locale\" content=\"pt_PT\" \/>\n<meta property=\"og:type\" content=\"article\" \/>\n<meta property=\"og:title\" content=\"Marketing da Whirlpool no mercado portugu\u00eas a cargo de Lluis Diaz Badia - Meios &amp; Publicidade - Super News\" \/>\n<meta property=\"og:description\" content=\"Lluis Diaz Badia \u00e9 o novo respons\u00e1vel pelo marketing da Whirlpool em Portugal e Espanha, substituindo Niccol\u00f2 Pietrucci, que assume fun\u00e7\u00f5es ao n\u00edvel da estrat\u00e9gia digital &amp; omnicanal da marca na regi\u00e3o EMEA. \u201cUma das minhas prioridades \u00e9 o desenvolvimento das nossas marcas, proporcionando inova\u00e7\u00e3o e valor atrav\u00e9s de produtos focados nas necessidades do consumidor [&hellip;]\" \/>\n<meta property=\"og:url\" content=\"https:\/\/super-news.info\/pt\/marketing-da-whirlpool-no-mercado-portugues-a-cargo-de-lluis-diaz-badia-meios-publicidade\/\" \/>\n<meta property=\"og:site_name\" content=\"Super News\" \/>\n<meta property=\"article:published_time\" content=\"2020-12-06T19:20:44+00:00\" \/>\n<meta property=\"article:modified_time\" content=\"2020-12-06T19:20:46+00:00\" \/>\n<meta property=\"og:image\" content=\"https:\/\/super-news.info\/pt\/wp-content\/uploads\/sites\/2\/2020\/12\/Marketing-da-Whirlpool-no-mercado-portugu-s-a-cargo-de-Lluis.jpg\" \/>\n\t<meta property=\"og:image:width\" content=\"1239\" \/>\n\t<meta property=\"og:image:height\" content=\"1620\" \/>\n\t<meta property=\"og:image:type\" content=\"image\/jpeg\" \/>\n<meta name=\"author\" content=\"super-news\" \/>\n<meta name=\"twitter:card\" content=\"summary_large_image\" \/>\n<meta name=\"twitter:label1\" content=\"Escrito por\" \/>\n\t<meta name=\"twitter:data1\" content=\"super-news\" \/>\n\t<meta name=\"twitter:label2\" content=\"Tempo estimado de leitura\" \/>\n\t<meta name=\"twitter:data2\" content=\"1 minuto\" \/>\n<script type=\"application\/ld+json\" class=\"yoast-schema-graph\">{\"@context\":\"https:\\\/\\\/schema.org\",\"@graph\":[{\"@type\":\"Article\",\"@id\":\"https:\\\/\\\/super-news.info\\\/pt\\\/marketing-da-whirlpool-no-mercado-portugues-a-cargo-de-lluis-diaz-badia-meios-publicidade\\\/#article\",\"isPartOf\":{\"@id\":\"https:\\\/\\\/super-news.info\\\/pt\\\/marketing-da-whirlpool-no-mercado-portugues-a-cargo-de-lluis-diaz-badia-meios-publicidade\\\/\"},\"author\":{\"name\":\"super-news\",\"@id\":\"https:\\\/\\\/super-news.info\\\/pt\\\/#\\\/schema\\\/person\\\/2d4068cb2f39cd10008c2fce578a7356\"},\"headline\":\"Marketing da Whirlpool no mercado portugu\u00eas a cargo de Lluis Diaz Badia &#8211; Meios &#038; Publicidade\",\"datePublished\":\"2020-12-06T19:20:44+00:00\",\"dateModified\":\"2020-12-06T19:20:46+00:00\",\"mainEntityOfPage\":{\"@id\":\"https:\\\/\\\/super-news.info\\\/pt\\\/marketing-da-whirlpool-no-mercado-portugues-a-cargo-de-lluis-diaz-badia-meios-publicidade\\\/\"},\"wordCount\":282,\"commentCount\":0,\"image\":{\"@id\":\"https:\\\/\\\/super-news.info\\\/pt\\\/marketing-da-whirlpool-no-mercado-portugues-a-cargo-de-lluis-diaz-badia-meios-publicidade\\\/#primaryimage\"},\"thumbnailUrl\":\"https:\\\/\\\/super-news.info\\\/pt\\\/wp-content\\\/uploads\\\/sites\\\/2\\\/2020\\\/12\\\/Marketing-da-Whirlpool-no-mercado-portugu-s-a-cargo-de-Lluis.jpg\",\"articleSection\":[\"NOT\u00cdCIAS DE MARKETING DIGITAL\"],\"inLanguage\":\"pt-PT\",\"potentialAction\":[{\"@type\":\"CommentAction\",\"name\":\"Comment\",\"target\":[\"https:\\\/\\\/super-news.info\\\/pt\\\/marketing-da-whirlpool-no-mercado-portugues-a-cargo-de-lluis-diaz-badia-meios-publicidade\\\/#respond\"]}]},{\"@type\":\"WebPage\",\"@id\":\"https:\\\/\\\/super-news.info\\\/pt\\\/marketing-da-whirlpool-no-mercado-portugues-a-cargo-de-lluis-diaz-badia-meios-publicidade\\\/\",\"url\":\"https:\\\/\\\/super-news.info\\\/pt\\\/marketing-da-whirlpool-no-mercado-portugues-a-cargo-de-lluis-diaz-badia-meios-publicidade\\\/\",\"name\":\"Marketing da Whirlpool no mercado portugu\u00eas a cargo de Lluis Diaz Badia - Meios & Publicidade - Super News\",\"isPartOf\":{\"@id\":\"https:\\\/\\\/super-news.info\\\/pt\\\/#website\"},\"primaryImageOfPage\":{\"@id\":\"https:\\\/\\\/super-news.info\\\/pt\\\/marketing-da-whirlpool-no-mercado-portugues-a-cargo-de-lluis-diaz-badia-meios-publicidade\\\/#primaryimage\"},\"image\":{\"@id\":\"https:\\\/\\\/super-news.info\\\/pt\\\/marketing-da-whirlpool-no-mercado-portugues-a-cargo-de-lluis-diaz-badia-meios-publicidade\\\/#primaryimage\"},\"thumbnailUrl\":\"https:\\\/\\\/super-news.info\\\/pt\\\/wp-content\\\/uploads\\\/sites\\\/2\\\/2020\\\/12\\\/Marketing-da-Whirlpool-no-mercado-portugu-s-a-cargo-de-Lluis.jpg\",\"datePublished\":\"2020-12-06T19:20:44+00:00\",\"dateModified\":\"2020-12-06T19:20:46+00:00\",\"author\":{\"@id\":\"https:\\\/\\\/super-news.info\\\/pt\\\/#\\\/schema\\\/person\\\/2d4068cb2f39cd10008c2fce578a7356\"},\"breadcrumb\":{\"@id\":\"https:\\\/\\\/super-news.info\\\/pt\\\/marketing-da-whirlpool-no-mercado-portugues-a-cargo-de-lluis-diaz-badia-meios-publicidade\\\/#breadcrumb\"},\"inLanguage\":\"pt-PT\",\"potentialAction\":[{\"@type\":\"ReadAction\",\"target\":[\"https:\\\/\\\/super-news.info\\\/pt\\\/marketing-da-whirlpool-no-mercado-portugues-a-cargo-de-lluis-diaz-badia-meios-publicidade\\\/\"]}]},{\"@type\":\"ImageObject\",\"inLanguage\":\"pt-PT\",\"@id\":\"https:\\\/\\\/super-news.info\\\/pt\\\/marketing-da-whirlpool-no-mercado-portugues-a-cargo-de-lluis-diaz-badia-meios-publicidade\\\/#primaryimage\",\"url\":\"https:\\\/\\\/super-news.info\\\/pt\\\/wp-content\\\/uploads\\\/sites\\\/2\\\/2020\\\/12\\\/Marketing-da-Whirlpool-no-mercado-portugu-s-a-cargo-de-Lluis.jpg\",\"contentUrl\":\"https:\\\/\\\/super-news.info\\\/pt\\\/wp-content\\\/uploads\\\/sites\\\/2\\\/2020\\\/12\\\/Marketing-da-Whirlpool-no-mercado-portugu-s-a-cargo-de-Lluis.jpg\",\"width\":1239,\"height\":1620,\"caption\":\"Marketing da Whirlpool no mercado portugu\u00eas a cargo de Lluis Diaz Badia - Meios & Publicidade\"},{\"@type\":\"BreadcrumbList\",\"@id\":\"https:\\\/\\\/super-news.info\\\/pt\\\/marketing-da-whirlpool-no-mercado-portugues-a-cargo-de-lluis-diaz-badia-meios-publicidade\\\/#breadcrumb\",\"itemListElement\":[{\"@type\":\"ListItem\",\"position\":1,\"name\":\"\u0413\u043b\u0430\u0432\u043d\u0430\u044f \u0441\u0442\u0440\u0430\u043d\u0438\u0446\u0430\",\"item\":\"https:\\\/\\\/super-news.info\\\/pt\\\/\"},{\"@type\":\"ListItem\",\"position\":2,\"name\":\"Marketing da Whirlpool no mercado portugu\u00eas a cargo de Lluis Diaz Badia &#8211; Meios &#038; Publicidade\"}]},{\"@type\":\"WebSite\",\"@id\":\"https:\\\/\\\/super-news.info\\\/pt\\\/#website\",\"url\":\"https:\\\/\\\/super-news.info\\\/pt\\\/\",\"name\":\"Super News\",\"description\":\"Super News Portugal\",\"potentialAction\":[{\"@type\":\"SearchAction\",\"target\":{\"@type\":\"EntryPoint\",\"urlTemplate\":\"https:\\\/\\\/super-news.info\\\/pt\\\/?s={search_term_string}\"},\"query-input\":{\"@type\":\"PropertyValueSpecification\",\"valueRequired\":true,\"valueName\":\"search_term_string\"}}],\"inLanguage\":\"pt-PT\"},{\"@type\":\"Person\",\"@id\":\"https:\\\/\\\/super-news.info\\\/pt\\\/#\\\/schema\\\/person\\\/2d4068cb2f39cd10008c2fce578a7356\",\"name\":\"super-news\",\"image\":{\"@type\":\"ImageObject\",\"inLanguage\":\"pt-PT\",\"@id\":\"https:\\\/\\\/secure.gravatar.com\\\/avatar\\\/64ebac40b93f26a154f8a9b5b6fdccfc46f442b26b3dd6756dbff3bf9dc76fd7?s=96&d=mm&r=g\",\"url\":\"https:\\\/\\\/secure.gravatar.com\\\/avatar\\\/64ebac40b93f26a154f8a9b5b6fdccfc46f442b26b3dd6756dbff3bf9dc76fd7?s=96&d=mm&r=g\",\"contentUrl\":\"https:\\\/\\\/secure.gravatar.com\\\/avatar\\\/64ebac40b93f26a154f8a9b5b6fdccfc46f442b26b3dd6756dbff3bf9dc76fd7?s=96&d=mm&r=g\",\"caption\":\"super-news\"},\"url\":\"https:\\\/\\\/super-news.info\\\/pt\\\/author\\\/pt\\\/\"}]}<\/script>\n<!-- \/ Yoast SEO plugin. -->","yoast_head_json":{"title":"Marketing da Whirlpool no mercado portugu\u00eas a cargo de Lluis Diaz Badia - Meios & Publicidade - Super News","robots":{"index":"index","follow":"follow","max-snippet":"max-snippet:-1","max-image-preview":"max-image-preview:large","max-video-preview":"max-video-preview:-1"},"canonical":"https:\/\/super-news.info\/pt\/marketing-da-whirlpool-no-mercado-portugues-a-cargo-de-lluis-diaz-badia-meios-publicidade\/","og_locale":"pt_PT","og_type":"article","og_title":"Marketing da Whirlpool no mercado portugu\u00eas a cargo de Lluis Diaz Badia - Meios & Publicidade - Super News","og_description":"Lluis Diaz Badia \u00e9 o novo respons\u00e1vel pelo marketing da Whirlpool em Portugal e Espanha, substituindo Niccol\u00f2 Pietrucci, que assume fun\u00e7\u00f5es ao n\u00edvel da estrat\u00e9gia digital &amp; omnicanal da marca na regi\u00e3o EMEA. \u201cUma das minhas prioridades \u00e9 o desenvolvimento das nossas marcas, proporcionando inova\u00e7\u00e3o e valor atrav\u00e9s de produtos focados nas necessidades do consumidor [&hellip;]","og_url":"https:\/\/super-news.info\/pt\/marketing-da-whirlpool-no-mercado-portugues-a-cargo-de-lluis-diaz-badia-meios-publicidade\/","og_site_name":"Super News","article_published_time":"2020-12-06T19:20:44+00:00","article_modified_time":"2020-12-06T19:20:46+00:00","og_image":[{"width":1239,"height":1620,"url":"https:\/\/super-news.info\/pt\/wp-content\/uploads\/sites\/2\/2020\/12\/Marketing-da-Whirlpool-no-mercado-portugu-s-a-cargo-de-Lluis.jpg","type":"image\/jpeg"}],"author":"super-news","twitter_card":"summary_large_image","twitter_misc":{"Escrito por":"super-news","Tempo estimado de leitura":"1 minuto"},"schema":{"@context":"https:\/\/schema.org","@graph":[{"@type":"Article","@id":"https:\/\/super-news.info\/pt\/marketing-da-whirlpool-no-mercado-portugues-a-cargo-de-lluis-diaz-badia-meios-publicidade\/#article","isPartOf":{"@id":"https:\/\/super-news.info\/pt\/marketing-da-whirlpool-no-mercado-portugues-a-cargo-de-lluis-diaz-badia-meios-publicidade\/"},"author":{"name":"super-news","@id":"https:\/\/super-news.info\/pt\/#\/schema\/person\/2d4068cb2f39cd10008c2fce578a7356"},"headline":"Marketing da Whirlpool no mercado portugu\u00eas a cargo de Lluis Diaz Badia &#8211; Meios &#038; Publicidade","datePublished":"2020-12-06T19:20:44+00:00","dateModified":"2020-12-06T19:20:46+00:00","mainEntityOfPage":{"@id":"https:\/\/super-news.info\/pt\/marketing-da-whirlpool-no-mercado-portugues-a-cargo-de-lluis-diaz-badia-meios-publicidade\/"},"wordCount":282,"commentCount":0,"image":{"@id":"https:\/\/super-news.info\/pt\/marketing-da-whirlpool-no-mercado-portugues-a-cargo-de-lluis-diaz-badia-meios-publicidade\/#primaryimage"},"thumbnailUrl":"https:\/\/super-news.info\/pt\/wp-content\/uploads\/sites\/2\/2020\/12\/Marketing-da-Whirlpool-no-mercado-portugu-s-a-cargo-de-Lluis.jpg","articleSection":["NOT\u00cdCIAS DE MARKETING DIGITAL"],"inLanguage":"pt-PT","potentialAction":[{"@type":"CommentAction","name":"Comment","target":["https:\/\/super-news.info\/pt\/marketing-da-whirlpool-no-mercado-portugues-a-cargo-de-lluis-diaz-badia-meios-publicidade\/#respond"]}]},{"@type":"WebPage","@id":"https:\/\/super-news.info\/pt\/marketing-da-whirlpool-no-mercado-portugues-a-cargo-de-lluis-diaz-badia-meios-publicidade\/","url":"https:\/\/super-news.info\/pt\/marketing-da-whirlpool-no-mercado-portugues-a-cargo-de-lluis-diaz-badia-meios-publicidade\/","name":"Marketing da Whirlpool no mercado portugu\u00eas a cargo de Lluis Diaz Badia - Meios & Publicidade - Super News","isPartOf":{"@id":"https:\/\/super-news.info\/pt\/#website"},"primaryImageOfPage":{"@id":"https:\/\/super-news.info\/pt\/marketing-da-whirlpool-no-mercado-portugues-a-cargo-de-lluis-diaz-badia-meios-publicidade\/#primaryimage"},"image":{"@id":"https:\/\/super-news.info\/pt\/marketing-da-whirlpool-no-mercado-portugues-a-cargo-de-lluis-diaz-badia-meios-publicidade\/#primaryimage"},"thumbnailUrl":"https:\/\/super-news.info\/pt\/wp-content\/uploads\/sites\/2\/2020\/12\/Marketing-da-Whirlpool-no-mercado-portugu-s-a-cargo-de-Lluis.jpg","datePublished":"2020-12-06T19:20:44+00:00","dateModified":"2020-12-06T19:20:46+00:00","author":{"@id":"https:\/\/super-news.info\/pt\/#\/schema\/person\/2d4068cb2f39cd10008c2fce578a7356"},"breadcrumb":{"@id":"https:\/\/super-news.info\/pt\/marketing-da-whirlpool-no-mercado-portugues-a-cargo-de-lluis-diaz-badia-meios-publicidade\/#breadcrumb"},"inLanguage":"pt-PT","potentialAction":[{"@type":"ReadAction","target":["https:\/\/super-news.info\/pt\/marketing-da-whirlpool-no-mercado-portugues-a-cargo-de-lluis-diaz-badia-meios-publicidade\/"]}]},{"@type":"ImageObject","inLanguage":"pt-PT","@id":"https:\/\/super-news.info\/pt\/marketing-da-whirlpool-no-mercado-portugues-a-cargo-de-lluis-diaz-badia-meios-publicidade\/#primaryimage","url":"https:\/\/super-news.info\/pt\/wp-content\/uploads\/sites\/2\/2020\/12\/Marketing-da-Whirlpool-no-mercado-portugu-s-a-cargo-de-Lluis.jpg","contentUrl":"https:\/\/super-news.info\/pt\/wp-content\/uploads\/sites\/2\/2020\/12\/Marketing-da-Whirlpool-no-mercado-portugu-s-a-cargo-de-Lluis.jpg","width":1239,"height":1620,"caption":"Marketing da Whirlpool no mercado portugu\u00eas a cargo de Lluis Diaz Badia - Meios & Publicidade"},{"@type":"BreadcrumbList","@id":"https:\/\/super-news.info\/pt\/marketing-da-whirlpool-no-mercado-portugues-a-cargo-de-lluis-diaz-badia-meios-publicidade\/#breadcrumb","itemListElement":[{"@type":"ListItem","position":1,"name":"\u0413\u043b\u0430\u0432\u043d\u0430\u044f \u0441\u0442\u0440\u0430\u043d\u0438\u0446\u0430","item":"https:\/\/super-news.info\/pt\/"},{"@type":"ListItem","position":2,"name":"Marketing da Whirlpool no mercado portugu\u00eas a cargo de Lluis Diaz Badia &#8211; Meios &#038; Publicidade"}]},{"@type":"WebSite","@id":"https:\/\/super-news.info\/pt\/#website","url":"https:\/\/super-news.info\/pt\/","name":"Super News","description":"Super News Portugal","potentialAction":[{"@type":"SearchAction","target":{"@type":"EntryPoint","urlTemplate":"https:\/\/super-news.info\/pt\/?s={search_term_string}"},"query-input":{"@type":"PropertyValueSpecification","valueRequired":true,"valueName":"search_term_string"}}],"inLanguage":"pt-PT"},{"@type":"Person","@id":"https:\/\/super-news.info\/pt\/#\/schema\/person\/2d4068cb2f39cd10008c2fce578a7356","name":"super-news","image":{"@type":"ImageObject","inLanguage":"pt-PT","@id":"https:\/\/secure.gravatar.com\/avatar\/64ebac40b93f26a154f8a9b5b6fdccfc46f442b26b3dd6756dbff3bf9dc76fd7?s=96&d=mm&r=g","url":"https:\/\/secure.gravatar.com\/avatar\/64ebac40b93f26a154f8a9b5b6fdccfc46f442b26b3dd6756dbff3bf9dc76fd7?s=96&d=mm&r=g","contentUrl":"https:\/\/secure.gravatar.com\/avatar\/64ebac40b93f26a154f8a9b5b6fdccfc46f442b26b3dd6756dbff3bf9dc76fd7?s=96&d=mm&r=g","caption":"super-news"},"url":"https:\/\/super-news.info\/pt\/author\/pt\/"}]}},"_links":{"self":[{"href":"https:\/\/super-news.info\/pt\/wp-json\/wp\/v2\/posts\/5491","targetHints":{"allow":["GET"]}}],"collection":[{"href":"https:\/\/super-news.info\/pt\/wp-json\/wp\/v2\/posts"}],"about":[{"href":"https:\/\/super-news.info\/pt\/wp-json\/wp\/v2\/types\/post"}],"author":[{"embeddable":true,"href":"https:\/\/super-news.info\/pt\/wp-json\/wp\/v2\/users\/2"}],"replies":[{"embeddable":true,"href":"https:\/\/super-news.info\/pt\/wp-json\/wp\/v2\/comments?post=5491"}],"version-history":[{"count":1,"href":"https:\/\/super-news.info\/pt\/wp-json\/wp\/v2\/posts\/5491\/revisions"}],"predecessor-version":[{"id":5493,"href":"https:\/\/super-news.info\/pt\/wp-json\/wp\/v2\/posts\/5491\/revisions\/5493"}],"wp:featuredmedia":[{"embeddable":true,"href":"https:\/\/super-news.info\/pt\/wp-json\/wp\/v2\/media\/5492"}],"wp:attachment":[{"href":"https:\/\/super-news.info\/pt\/wp-json\/wp\/v2\/media?parent=5491"}],"wp:term":[{"taxonomy":"category","embeddable":true,"href":"https:\/\/super-news.info\/pt\/wp-json\/wp\/v2\/categories?post=5491"},{"taxonomy":"post_tag","embeddable":true,"href":"https:\/\/super-news.info\/pt\/wp-json\/wp\/v2\/tags?post=5491"}],"curies":[{"name":"wp","href":"https:\/\/api.w.org\/{rel}","templated":true}]}}