{"id":5473,"date":"2020-12-05T10:12:54","date_gmt":"2020-12-05T07:12:54","guid":{"rendered":"https:\/\/super-news.info\/pt\/ja-e-conhecida-a-imagem-da-presidencia-portuguesa-da-ue-meios-publicidade\/"},"modified":"2020-12-14T20:59:14","modified_gmt":"2020-12-14T17:59:14","slug":"ja-e-conhecida-a-imagem-da-presidencia-portuguesa-da-ue-meios-publicidade","status":"publish","type":"post","link":"https:\/\/super-news.info\/pt\/ja-e-conhecida-a-imagem-da-presidencia-portuguesa-da-ue-meios-publicidade\/","title":{"rendered":"J\u00e1 \u00e9 conhecida a imagem da Presid\u00eancia Portuguesa da UE &#8211; Meios &#038; Publicidade"},"content":{"rendered":"<p>Numa cerim\u00f3nia conduzida pelo ministro dos Neg\u00f3cios Estrangeiros, Augusto Santos Silva, foi dada a conhecer esta sexta-feira \u00e0 tarde a identidade gr\u00e1fica da Presid\u00eancia Portuguesa do Conselho da Uni\u00e3o Europeia 2021.<br \/>\nA imagem \u00e9 da autoria do atelier de Francisco Provid\u00eancia, Provi\u00eancia Design, que saiu vencedor de\u00a0 um convite lan\u00e7ado a 10 designers para apresentarem uma proposta.<br \/>\nA imagem destaca as cores da bandeira da Uni\u00e3o Europeia. As estrelas da bandeira europeia inspiram os 27 c\u00edrculos que formam um leme, que \u00e9 o elemento central da identidade. O leme tamb\u00e9m pode ser interpretado como um sol. O lema da Presid\u00eancia ser\u00e1 \u201cTempo de Agir\u201d, apontando para um \u201crecupera\u00e7\u00e3o justa, verde e digital\u201d, na sequ\u00eancia da crise provocada pela covid-19.<br \/>\nO Centro Cultural de Bel\u00e9m ser\u00e1 o centro operacional da presid\u00eancia portuguesa, durante o primeiro semestre de 2021. Outras cidades portuguesas ir\u00e3o acolher alguns eventos, estando tamb\u00e9m previstos encontros exclusivamente digitais.<\/p>\n<p>? Em direto: Apresenta\u00e7\u00e3o da identidade visual da Presid\u00eancia Portuguesa do Conselho da Uni\u00e3o Europeia 2021 https:\/\/t.co\/B5CfllsHkV<br \/>\n\u2014 Rep\u00fablica Portuguesa (@govpt) December 4, 2020<\/p>\n<p><!--noindex--><br \/>\n<a href=\"https:\/\/www.meiosepublicidade.pt\/2020\/12\/ja-conhecida-imagem-da-presidencia-portuguesa-da-ue\/\" rel=\"nofollow\">Source link <\/a><br \/>\n<!--\/noindex--><\/p>\n","protected":false},"excerpt":{"rendered":"<p>Numa cerim\u00f3nia conduzida pelo ministro dos Neg\u00f3cios Estrangeiros, Augusto Santos Silva, foi dada a conhecer esta sexta-feira \u00e0 tarde a identidade gr\u00e1fica da Presid\u00eancia Portuguesa do Conselho da Uni\u00e3o Europeia 2021. A imagem \u00e9 da autoria do atelier de Francisco Provid\u00eancia, Provi\u00eancia Design, que saiu vencedor de\u00a0 um convite lan\u00e7ado a 10 designers para apresentarem [&hellip;]<\/p>\n","protected":false},"author":2,"featured_media":5474,"comment_status":"open","ping_status":"open","sticky":false,"template":"","format":"standard","meta":{"footnotes":""},"categories":[2],"tags":[],"class_list":["post-5473","post","type-post","status-publish","format-standard","has-post-thumbnail","hentry","category-noticias-de-marketing-digital"],"yoast_head":"<!-- This site is optimized with the Yoast SEO plugin v27.4 - https:\/\/yoast.com\/product\/yoast-seo-wordpress\/ -->\n<title>J\u00e1 \u00e9 conhecida a imagem da Presid\u00eancia Portuguesa da UE - Meios &amp; Publicidade - Super News<\/title>\n<meta name=\"robots\" content=\"index, follow, max-snippet:-1, max-image-preview:large, max-video-preview:-1\" \/>\n<link rel=\"canonical\" href=\"https:\/\/super-news.info\/pt\/ja-e-conhecida-a-imagem-da-presidencia-portuguesa-da-ue-meios-publicidade\/\" \/>\n<meta property=\"og:locale\" content=\"pt_PT\" \/>\n<meta property=\"og:type\" content=\"article\" \/>\n<meta property=\"og:title\" content=\"J\u00e1 \u00e9 conhecida a imagem da Presid\u00eancia Portuguesa da UE - Meios &amp; Publicidade - Super News\" \/>\n<meta property=\"og:description\" content=\"Numa cerim\u00f3nia conduzida pelo ministro dos Neg\u00f3cios Estrangeiros, Augusto Santos Silva, foi dada a conhecer esta sexta-feira \u00e0 tarde a identidade gr\u00e1fica da Presid\u00eancia Portuguesa do Conselho da Uni\u00e3o Europeia 2021. A imagem \u00e9 da autoria do atelier de Francisco Provid\u00eancia, Provi\u00eancia Design, que saiu vencedor de\u00a0 um convite lan\u00e7ado a 10 designers para apresentarem [&hellip;]\" \/>\n<meta property=\"og:url\" content=\"https:\/\/super-news.info\/pt\/ja-e-conhecida-a-imagem-da-presidencia-portuguesa-da-ue-meios-publicidade\/\" \/>\n<meta property=\"og:site_name\" content=\"Super News\" \/>\n<meta property=\"article:published_time\" content=\"2020-12-05T07:12:54+00:00\" \/>\n<meta property=\"article:modified_time\" content=\"2020-12-14T17:59:14+00:00\" \/>\n<meta property=\"og:image\" content=\"https:\/\/super-news.info\/pt\/wp-content\/uploads\/sites\/2\/2020\/12\/J-conhecida-a-imagem-da-Presid-ncia-Portuguesa-da-UE.jpg\" \/>\n\t<meta property=\"og:image:width\" content=\"439\" \/>\n\t<meta property=\"og:image:height\" content=\"228\" \/>\n\t<meta property=\"og:image:type\" content=\"image\/jpeg\" \/>\n<meta name=\"author\" content=\"super-news\" \/>\n<meta name=\"twitter:card\" content=\"summary_large_image\" \/>\n<meta name=\"twitter:label1\" content=\"Escrito por\" \/>\n\t<meta name=\"twitter:data1\" content=\"super-news\" \/>\n\t<meta name=\"twitter:label2\" content=\"Tempo estimado de leitura\" \/>\n\t<meta name=\"twitter:data2\" content=\"1 minuto\" \/>\n<script type=\"application\/ld+json\" class=\"yoast-schema-graph\">{\"@context\":\"https:\\\/\\\/schema.org\",\"@graph\":[{\"@type\":\"Article\",\"@id\":\"https:\\\/\\\/super-news.info\\\/pt\\\/ja-e-conhecida-a-imagem-da-presidencia-portuguesa-da-ue-meios-publicidade\\\/#article\",\"isPartOf\":{\"@id\":\"https:\\\/\\\/super-news.info\\\/pt\\\/ja-e-conhecida-a-imagem-da-presidencia-portuguesa-da-ue-meios-publicidade\\\/\"},\"author\":{\"name\":\"super-news\",\"@id\":\"https:\\\/\\\/super-news.info\\\/pt\\\/#\\\/schema\\\/person\\\/2d4068cb2f39cd10008c2fce578a7356\"},\"headline\":\"J\u00e1 \u00e9 conhecida a imagem da Presid\u00eancia Portuguesa da UE &#8211; Meios &#038; Publicidade\",\"datePublished\":\"2020-12-05T07:12:54+00:00\",\"dateModified\":\"2020-12-14T17:59:14+00:00\",\"mainEntityOfPage\":{\"@id\":\"https:\\\/\\\/super-news.info\\\/pt\\\/ja-e-conhecida-a-imagem-da-presidencia-portuguesa-da-ue-meios-publicidade\\\/\"},\"wordCount\":203,\"commentCount\":0,\"image\":{\"@id\":\"https:\\\/\\\/super-news.info\\\/pt\\\/ja-e-conhecida-a-imagem-da-presidencia-portuguesa-da-ue-meios-publicidade\\\/#primaryimage\"},\"thumbnailUrl\":\"https:\\\/\\\/super-news.info\\\/pt\\\/wp-content\\\/uploads\\\/sites\\\/2\\\/2020\\\/12\\\/J-conhecida-a-imagem-da-Presid-ncia-Portuguesa-da-UE.jpg\",\"articleSection\":[\"NOT\u00cdCIAS DE MARKETING DIGITAL\"],\"inLanguage\":\"pt-PT\",\"potentialAction\":[{\"@type\":\"CommentAction\",\"name\":\"Comment\",\"target\":[\"https:\\\/\\\/super-news.info\\\/pt\\\/ja-e-conhecida-a-imagem-da-presidencia-portuguesa-da-ue-meios-publicidade\\\/#respond\"]}]},{\"@type\":\"WebPage\",\"@id\":\"https:\\\/\\\/super-news.info\\\/pt\\\/ja-e-conhecida-a-imagem-da-presidencia-portuguesa-da-ue-meios-publicidade\\\/\",\"url\":\"https:\\\/\\\/super-news.info\\\/pt\\\/ja-e-conhecida-a-imagem-da-presidencia-portuguesa-da-ue-meios-publicidade\\\/\",\"name\":\"J\u00e1 \u00e9 conhecida a imagem da Presid\u00eancia Portuguesa da UE - Meios & Publicidade - Super News\",\"isPartOf\":{\"@id\":\"https:\\\/\\\/super-news.info\\\/pt\\\/#website\"},\"primaryImageOfPage\":{\"@id\":\"https:\\\/\\\/super-news.info\\\/pt\\\/ja-e-conhecida-a-imagem-da-presidencia-portuguesa-da-ue-meios-publicidade\\\/#primaryimage\"},\"image\":{\"@id\":\"https:\\\/\\\/super-news.info\\\/pt\\\/ja-e-conhecida-a-imagem-da-presidencia-portuguesa-da-ue-meios-publicidade\\\/#primaryimage\"},\"thumbnailUrl\":\"https:\\\/\\\/super-news.info\\\/pt\\\/wp-content\\\/uploads\\\/sites\\\/2\\\/2020\\\/12\\\/J-conhecida-a-imagem-da-Presid-ncia-Portuguesa-da-UE.jpg\",\"datePublished\":\"2020-12-05T07:12:54+00:00\",\"dateModified\":\"2020-12-14T17:59:14+00:00\",\"author\":{\"@id\":\"https:\\\/\\\/super-news.info\\\/pt\\\/#\\\/schema\\\/person\\\/2d4068cb2f39cd10008c2fce578a7356\"},\"breadcrumb\":{\"@id\":\"https:\\\/\\\/super-news.info\\\/pt\\\/ja-e-conhecida-a-imagem-da-presidencia-portuguesa-da-ue-meios-publicidade\\\/#breadcrumb\"},\"inLanguage\":\"pt-PT\",\"potentialAction\":[{\"@type\":\"ReadAction\",\"target\":[\"https:\\\/\\\/super-news.info\\\/pt\\\/ja-e-conhecida-a-imagem-da-presidencia-portuguesa-da-ue-meios-publicidade\\\/\"]}]},{\"@type\":\"ImageObject\",\"inLanguage\":\"pt-PT\",\"@id\":\"https:\\\/\\\/super-news.info\\\/pt\\\/ja-e-conhecida-a-imagem-da-presidencia-portuguesa-da-ue-meios-publicidade\\\/#primaryimage\",\"url\":\"https:\\\/\\\/super-news.info\\\/pt\\\/wp-content\\\/uploads\\\/sites\\\/2\\\/2020\\\/12\\\/J-conhecida-a-imagem-da-Presid-ncia-Portuguesa-da-UE.jpg\",\"contentUrl\":\"https:\\\/\\\/super-news.info\\\/pt\\\/wp-content\\\/uploads\\\/sites\\\/2\\\/2020\\\/12\\\/J-conhecida-a-imagem-da-Presid-ncia-Portuguesa-da-UE.jpg\",\"width\":439,\"height\":228,\"caption\":\"J\u00e1 \u00e9 conhecida a imagem da Presid\u00eancia Portuguesa da UE - Meios & Publicidade\"},{\"@type\":\"BreadcrumbList\",\"@id\":\"https:\\\/\\\/super-news.info\\\/pt\\\/ja-e-conhecida-a-imagem-da-presidencia-portuguesa-da-ue-meios-publicidade\\\/#breadcrumb\",\"itemListElement\":[{\"@type\":\"ListItem\",\"position\":1,\"name\":\"\u0413\u043b\u0430\u0432\u043d\u0430\u044f \u0441\u0442\u0440\u0430\u043d\u0438\u0446\u0430\",\"item\":\"https:\\\/\\\/super-news.info\\\/pt\\\/\"},{\"@type\":\"ListItem\",\"position\":2,\"name\":\"J\u00e1 \u00e9 conhecida a imagem da Presid\u00eancia Portuguesa da UE &#8211; Meios &#038; Publicidade\"}]},{\"@type\":\"WebSite\",\"@id\":\"https:\\\/\\\/super-news.info\\\/pt\\\/#website\",\"url\":\"https:\\\/\\\/super-news.info\\\/pt\\\/\",\"name\":\"Super News\",\"description\":\"Super News Portugal\",\"potentialAction\":[{\"@type\":\"SearchAction\",\"target\":{\"@type\":\"EntryPoint\",\"urlTemplate\":\"https:\\\/\\\/super-news.info\\\/pt\\\/?s={search_term_string}\"},\"query-input\":{\"@type\":\"PropertyValueSpecification\",\"valueRequired\":true,\"valueName\":\"search_term_string\"}}],\"inLanguage\":\"pt-PT\"},{\"@type\":\"Person\",\"@id\":\"https:\\\/\\\/super-news.info\\\/pt\\\/#\\\/schema\\\/person\\\/2d4068cb2f39cd10008c2fce578a7356\",\"name\":\"super-news\",\"image\":{\"@type\":\"ImageObject\",\"inLanguage\":\"pt-PT\",\"@id\":\"https:\\\/\\\/secure.gravatar.com\\\/avatar\\\/64ebac40b93f26a154f8a9b5b6fdccfc46f442b26b3dd6756dbff3bf9dc76fd7?s=96&d=mm&r=g\",\"url\":\"https:\\\/\\\/secure.gravatar.com\\\/avatar\\\/64ebac40b93f26a154f8a9b5b6fdccfc46f442b26b3dd6756dbff3bf9dc76fd7?s=96&d=mm&r=g\",\"contentUrl\":\"https:\\\/\\\/secure.gravatar.com\\\/avatar\\\/64ebac40b93f26a154f8a9b5b6fdccfc46f442b26b3dd6756dbff3bf9dc76fd7?s=96&d=mm&r=g\",\"caption\":\"super-news\"},\"url\":\"https:\\\/\\\/super-news.info\\\/pt\\\/author\\\/pt\\\/\"}]}<\/script>\n<!-- \/ Yoast SEO plugin. -->","yoast_head_json":{"title":"J\u00e1 \u00e9 conhecida a imagem da Presid\u00eancia Portuguesa da UE - Meios & Publicidade - Super News","robots":{"index":"index","follow":"follow","max-snippet":"max-snippet:-1","max-image-preview":"max-image-preview:large","max-video-preview":"max-video-preview:-1"},"canonical":"https:\/\/super-news.info\/pt\/ja-e-conhecida-a-imagem-da-presidencia-portuguesa-da-ue-meios-publicidade\/","og_locale":"pt_PT","og_type":"article","og_title":"J\u00e1 \u00e9 conhecida a imagem da Presid\u00eancia Portuguesa da UE - Meios & Publicidade - Super News","og_description":"Numa cerim\u00f3nia conduzida pelo ministro dos Neg\u00f3cios Estrangeiros, Augusto Santos Silva, foi dada a conhecer esta sexta-feira \u00e0 tarde a identidade gr\u00e1fica da Presid\u00eancia Portuguesa do Conselho da Uni\u00e3o Europeia 2021. A imagem \u00e9 da autoria do atelier de Francisco Provid\u00eancia, Provi\u00eancia Design, que saiu vencedor de\u00a0 um convite lan\u00e7ado a 10 designers para apresentarem [&hellip;]","og_url":"https:\/\/super-news.info\/pt\/ja-e-conhecida-a-imagem-da-presidencia-portuguesa-da-ue-meios-publicidade\/","og_site_name":"Super News","article_published_time":"2020-12-05T07:12:54+00:00","article_modified_time":"2020-12-14T17:59:14+00:00","og_image":[{"width":439,"height":228,"url":"https:\/\/super-news.info\/pt\/wp-content\/uploads\/sites\/2\/2020\/12\/J-conhecida-a-imagem-da-Presid-ncia-Portuguesa-da-UE.jpg","type":"image\/jpeg"}],"author":"super-news","twitter_card":"summary_large_image","twitter_misc":{"Escrito por":"super-news","Tempo estimado de leitura":"1 minuto"},"schema":{"@context":"https:\/\/schema.org","@graph":[{"@type":"Article","@id":"https:\/\/super-news.info\/pt\/ja-e-conhecida-a-imagem-da-presidencia-portuguesa-da-ue-meios-publicidade\/#article","isPartOf":{"@id":"https:\/\/super-news.info\/pt\/ja-e-conhecida-a-imagem-da-presidencia-portuguesa-da-ue-meios-publicidade\/"},"author":{"name":"super-news","@id":"https:\/\/super-news.info\/pt\/#\/schema\/person\/2d4068cb2f39cd10008c2fce578a7356"},"headline":"J\u00e1 \u00e9 conhecida a imagem da Presid\u00eancia Portuguesa da UE &#8211; Meios &#038; Publicidade","datePublished":"2020-12-05T07:12:54+00:00","dateModified":"2020-12-14T17:59:14+00:00","mainEntityOfPage":{"@id":"https:\/\/super-news.info\/pt\/ja-e-conhecida-a-imagem-da-presidencia-portuguesa-da-ue-meios-publicidade\/"},"wordCount":203,"commentCount":0,"image":{"@id":"https:\/\/super-news.info\/pt\/ja-e-conhecida-a-imagem-da-presidencia-portuguesa-da-ue-meios-publicidade\/#primaryimage"},"thumbnailUrl":"https:\/\/super-news.info\/pt\/wp-content\/uploads\/sites\/2\/2020\/12\/J-conhecida-a-imagem-da-Presid-ncia-Portuguesa-da-UE.jpg","articleSection":["NOT\u00cdCIAS DE MARKETING DIGITAL"],"inLanguage":"pt-PT","potentialAction":[{"@type":"CommentAction","name":"Comment","target":["https:\/\/super-news.info\/pt\/ja-e-conhecida-a-imagem-da-presidencia-portuguesa-da-ue-meios-publicidade\/#respond"]}]},{"@type":"WebPage","@id":"https:\/\/super-news.info\/pt\/ja-e-conhecida-a-imagem-da-presidencia-portuguesa-da-ue-meios-publicidade\/","url":"https:\/\/super-news.info\/pt\/ja-e-conhecida-a-imagem-da-presidencia-portuguesa-da-ue-meios-publicidade\/","name":"J\u00e1 \u00e9 conhecida a imagem da Presid\u00eancia Portuguesa da UE - Meios & Publicidade - Super News","isPartOf":{"@id":"https:\/\/super-news.info\/pt\/#website"},"primaryImageOfPage":{"@id":"https:\/\/super-news.info\/pt\/ja-e-conhecida-a-imagem-da-presidencia-portuguesa-da-ue-meios-publicidade\/#primaryimage"},"image":{"@id":"https:\/\/super-news.info\/pt\/ja-e-conhecida-a-imagem-da-presidencia-portuguesa-da-ue-meios-publicidade\/#primaryimage"},"thumbnailUrl":"https:\/\/super-news.info\/pt\/wp-content\/uploads\/sites\/2\/2020\/12\/J-conhecida-a-imagem-da-Presid-ncia-Portuguesa-da-UE.jpg","datePublished":"2020-12-05T07:12:54+00:00","dateModified":"2020-12-14T17:59:14+00:00","author":{"@id":"https:\/\/super-news.info\/pt\/#\/schema\/person\/2d4068cb2f39cd10008c2fce578a7356"},"breadcrumb":{"@id":"https:\/\/super-news.info\/pt\/ja-e-conhecida-a-imagem-da-presidencia-portuguesa-da-ue-meios-publicidade\/#breadcrumb"},"inLanguage":"pt-PT","potentialAction":[{"@type":"ReadAction","target":["https:\/\/super-news.info\/pt\/ja-e-conhecida-a-imagem-da-presidencia-portuguesa-da-ue-meios-publicidade\/"]}]},{"@type":"ImageObject","inLanguage":"pt-PT","@id":"https:\/\/super-news.info\/pt\/ja-e-conhecida-a-imagem-da-presidencia-portuguesa-da-ue-meios-publicidade\/#primaryimage","url":"https:\/\/super-news.info\/pt\/wp-content\/uploads\/sites\/2\/2020\/12\/J-conhecida-a-imagem-da-Presid-ncia-Portuguesa-da-UE.jpg","contentUrl":"https:\/\/super-news.info\/pt\/wp-content\/uploads\/sites\/2\/2020\/12\/J-conhecida-a-imagem-da-Presid-ncia-Portuguesa-da-UE.jpg","width":439,"height":228,"caption":"J\u00e1 \u00e9 conhecida a imagem da Presid\u00eancia Portuguesa da UE - Meios & Publicidade"},{"@type":"BreadcrumbList","@id":"https:\/\/super-news.info\/pt\/ja-e-conhecida-a-imagem-da-presidencia-portuguesa-da-ue-meios-publicidade\/#breadcrumb","itemListElement":[{"@type":"ListItem","position":1,"name":"\u0413\u043b\u0430\u0432\u043d\u0430\u044f \u0441\u0442\u0440\u0430\u043d\u0438\u0446\u0430","item":"https:\/\/super-news.info\/pt\/"},{"@type":"ListItem","position":2,"name":"J\u00e1 \u00e9 conhecida a imagem da Presid\u00eancia Portuguesa da UE &#8211; Meios &#038; Publicidade"}]},{"@type":"WebSite","@id":"https:\/\/super-news.info\/pt\/#website","url":"https:\/\/super-news.info\/pt\/","name":"Super News","description":"Super News Portugal","potentialAction":[{"@type":"SearchAction","target":{"@type":"EntryPoint","urlTemplate":"https:\/\/super-news.info\/pt\/?s={search_term_string}"},"query-input":{"@type":"PropertyValueSpecification","valueRequired":true,"valueName":"search_term_string"}}],"inLanguage":"pt-PT"},{"@type":"Person","@id":"https:\/\/super-news.info\/pt\/#\/schema\/person\/2d4068cb2f39cd10008c2fce578a7356","name":"super-news","image":{"@type":"ImageObject","inLanguage":"pt-PT","@id":"https:\/\/secure.gravatar.com\/avatar\/64ebac40b93f26a154f8a9b5b6fdccfc46f442b26b3dd6756dbff3bf9dc76fd7?s=96&d=mm&r=g","url":"https:\/\/secure.gravatar.com\/avatar\/64ebac40b93f26a154f8a9b5b6fdccfc46f442b26b3dd6756dbff3bf9dc76fd7?s=96&d=mm&r=g","contentUrl":"https:\/\/secure.gravatar.com\/avatar\/64ebac40b93f26a154f8a9b5b6fdccfc46f442b26b3dd6756dbff3bf9dc76fd7?s=96&d=mm&r=g","caption":"super-news"},"url":"https:\/\/super-news.info\/pt\/author\/pt\/"}]}},"_links":{"self":[{"href":"https:\/\/super-news.info\/pt\/wp-json\/wp\/v2\/posts\/5473","targetHints":{"allow":["GET"]}}],"collection":[{"href":"https:\/\/super-news.info\/pt\/wp-json\/wp\/v2\/posts"}],"about":[{"href":"https:\/\/super-news.info\/pt\/wp-json\/wp\/v2\/types\/post"}],"author":[{"embeddable":true,"href":"https:\/\/super-news.info\/pt\/wp-json\/wp\/v2\/users\/2"}],"replies":[{"embeddable":true,"href":"https:\/\/super-news.info\/pt\/wp-json\/wp\/v2\/comments?post=5473"}],"version-history":[{"count":2,"href":"https:\/\/super-news.info\/pt\/wp-json\/wp\/v2\/posts\/5473\/revisions"}],"predecessor-version":[{"id":5587,"href":"https:\/\/super-news.info\/pt\/wp-json\/wp\/v2\/posts\/5473\/revisions\/5587"}],"wp:featuredmedia":[{"embeddable":true,"href":"https:\/\/super-news.info\/pt\/wp-json\/wp\/v2\/media\/5474"}],"wp:attachment":[{"href":"https:\/\/super-news.info\/pt\/wp-json\/wp\/v2\/media?parent=5473"}],"wp:term":[{"taxonomy":"category","embeddable":true,"href":"https:\/\/super-news.info\/pt\/wp-json\/wp\/v2\/categories?post=5473"},{"taxonomy":"post_tag","embeddable":true,"href":"https:\/\/super-news.info\/pt\/wp-json\/wp\/v2\/tags?post=5473"}],"curies":[{"name":"wp","href":"https:\/\/api.w.org\/{rel}","templated":true}]}}