{"id":5455,"date":"2020-12-03T21:57:58","date_gmt":"2020-12-03T18:57:58","guid":{"rendered":"https:\/\/super-news.info\/pt\/new-creativity-alarga-negocio-a-comunicacao-interna-e-formacao-meios-publicidade\/"},"modified":"2020-12-03T21:57:59","modified_gmt":"2020-12-03T18:57:59","slug":"new-creativity-alarga-negocio-a-comunicacao-interna-e-formacao-meios-publicidade","status":"publish","type":"post","link":"https:\/\/super-news.info\/pt\/new-creativity-alarga-negocio-a-comunicacao-interna-e-formacao-meios-publicidade\/","title":{"rendered":"New Creativity alarga neg\u00f3cio \u00e0 comunica\u00e7\u00e3o interna e forma\u00e7\u00e3o &#8211; Meios &#038; Publicidade"},"content":{"rendered":"<p>Nuno Simo\u0303es, CEO da New Creativity<br \/>\nA comunica\u00e7\u00e3o interna e a forma\u00e7\u00e3o em comunica\u00e7\u00e3o para gestores e l\u00edderes empresariais s\u00e3o o foco da nova unidade de neg\u00f3cio da New Creativity, criada em parceria com a Both People &amp; Comms. \u201cNovas realidades obrigam as novos desafios e adapta\u00e7\u00f5es nas organiza\u00e7\u00f5es, por isso acreditamos que a comunica\u00e7\u00e3o interna e, consequentemente, a forma\u00e7\u00e3o s\u00e3o cada vez mais relevantes nos dias de hoje\u201d, justifica Nuno Sim\u00f5es, fundador e CEO da ag\u00eancia, argumentando que \u201cas organiza\u00e7\u00f5es t\u00eam de se adaptar rapidamente e capacitar os seus gestores para os novos desafios\u201d.<br \/>\nPublic speaking e apresenta\u00e7\u00e3o de impacto, lideran\u00e7a &amp; empowerment feminino, storytelling: a arte de contar hist\u00f3rias, marca pessoal para gestores de topo, comunica\u00e7\u00e3o &amp; lideran\u00e7a e comunica\u00e7\u00e3o &amp; change management est\u00e3o entre as forma\u00e7\u00f5es, dirigidas \u201csobretudo a gestores de primeira e de segunda linhas\u201d, que integram a oferta da nova \u00e1rea de neg\u00f3cio lan\u00e7ada em conjunto com a ag\u00eancia espanhola, com a qual a New Creativity havia j\u00e1 estabelecido uma parceria para operar nos mercados ib\u00e9ricos.<br \/>\n\u201cAcreditamos que a aposta nesta \u00e1rea de neg\u00f3cio ser\u00e1 um sucesso porque, por um lado, existe essa oportunidade no mercado e, por outro lado, temos o parceiro ideal\u201d, afirma Nuno Sim\u00f5es, sublinhando que a Both People &amp; Comms \u00e9 \u201cespecialista em comunica\u00e7\u00e3o interna e forma\u00e7\u00e3o h\u00e1 mais de 20 anos\u201d.<\/p>\n<p>\n<!--noindex--><br \/>\n<a href=\"https:\/\/www.meiosepublicidade.pt\/2020\/12\/new-creativity-alarga-negocio-comunicacao-interna-formacao\/\" rel=\"nofollow\">Source link <\/a><br \/>\n<!--\/noindex--><\/p>\n","protected":false},"excerpt":{"rendered":"<p>Nuno Simo\u0303es, CEO da New Creativity A comunica\u00e7\u00e3o interna e a forma\u00e7\u00e3o em comunica\u00e7\u00e3o para gestores e l\u00edderes empresariais s\u00e3o o foco da nova unidade de neg\u00f3cio da New Creativity, criada em parceria com a Both People &amp; Comms. \u201cNovas realidades obrigam as novos desafios e adapta\u00e7\u00f5es nas organiza\u00e7\u00f5es, por isso acreditamos que a comunica\u00e7\u00e3o [&hellip;]<\/p>\n","protected":false},"author":2,"featured_media":5456,"comment_status":"open","ping_status":"open","sticky":false,"template":"","format":"standard","meta":{"footnotes":""},"categories":[2],"tags":[],"class_list":["post-5455","post","type-post","status-publish","format-standard","has-post-thumbnail","hentry","category-noticias-de-marketing-digital"],"yoast_head":"<!-- This site is optimized with the Yoast SEO plugin v27.4 - https:\/\/yoast.com\/product\/yoast-seo-wordpress\/ -->\n<title>New Creativity alarga neg\u00f3cio \u00e0 comunica\u00e7\u00e3o interna e forma\u00e7\u00e3o - Meios &amp; Publicidade - Super News<\/title>\n<meta name=\"robots\" content=\"index, follow, max-snippet:-1, max-image-preview:large, max-video-preview:-1\" \/>\n<link rel=\"canonical\" href=\"https:\/\/super-news.info\/pt\/new-creativity-alarga-negocio-a-comunicacao-interna-e-formacao-meios-publicidade\/\" \/>\n<meta property=\"og:locale\" content=\"pt_PT\" \/>\n<meta property=\"og:type\" content=\"article\" \/>\n<meta property=\"og:title\" content=\"New Creativity alarga neg\u00f3cio \u00e0 comunica\u00e7\u00e3o interna e forma\u00e7\u00e3o - Meios &amp; Publicidade - Super News\" \/>\n<meta property=\"og:description\" content=\"Nuno Simo\u0303es, CEO da New Creativity A comunica\u00e7\u00e3o interna e a forma\u00e7\u00e3o em comunica\u00e7\u00e3o para gestores e l\u00edderes empresariais s\u00e3o o foco da nova unidade de neg\u00f3cio da New Creativity, criada em parceria com a Both People &amp; Comms. \u201cNovas realidades obrigam as novos desafios e adapta\u00e7\u00f5es nas organiza\u00e7\u00f5es, por isso acreditamos que a comunica\u00e7\u00e3o [&hellip;]\" \/>\n<meta property=\"og:url\" content=\"https:\/\/super-news.info\/pt\/new-creativity-alarga-negocio-a-comunicacao-interna-e-formacao-meios-publicidade\/\" \/>\n<meta property=\"og:site_name\" content=\"Super News\" \/>\n<meta property=\"article:published_time\" content=\"2020-12-03T18:57:58+00:00\" \/>\n<meta property=\"article:modified_time\" content=\"2020-12-03T18:57:59+00:00\" \/>\n<meta property=\"og:image\" content=\"https:\/\/super-news.info\/pt\/wp-content\/uploads\/sites\/2\/2020\/12\/New-Creativity-alarga-neg-cio-comunica-o-interna-e-forma-o.jpeg\" \/>\n\t<meta property=\"og:image:width\" content=\"640\" \/>\n\t<meta property=\"og:image:height\" content=\"480\" \/>\n\t<meta property=\"og:image:type\" content=\"image\/jpeg\" \/>\n<meta name=\"author\" content=\"super-news\" \/>\n<meta name=\"twitter:card\" content=\"summary_large_image\" \/>\n<meta name=\"twitter:label1\" content=\"Escrito por\" \/>\n\t<meta name=\"twitter:data1\" content=\"super-news\" \/>\n\t<meta name=\"twitter:label2\" content=\"Tempo estimado de leitura\" \/>\n\t<meta name=\"twitter:data2\" content=\"1 minuto\" \/>\n<script type=\"application\/ld+json\" class=\"yoast-schema-graph\">{\"@context\":\"https:\\\/\\\/schema.org\",\"@graph\":[{\"@type\":\"Article\",\"@id\":\"https:\\\/\\\/super-news.info\\\/pt\\\/new-creativity-alarga-negocio-a-comunicacao-interna-e-formacao-meios-publicidade\\\/#article\",\"isPartOf\":{\"@id\":\"https:\\\/\\\/super-news.info\\\/pt\\\/new-creativity-alarga-negocio-a-comunicacao-interna-e-formacao-meios-publicidade\\\/\"},\"author\":{\"name\":\"super-news\",\"@id\":\"https:\\\/\\\/super-news.info\\\/pt\\\/#\\\/schema\\\/person\\\/2d4068cb2f39cd10008c2fce578a7356\"},\"headline\":\"New Creativity alarga neg\u00f3cio \u00e0 comunica\u00e7\u00e3o interna e forma\u00e7\u00e3o &#8211; Meios &#038; Publicidade\",\"datePublished\":\"2020-12-03T18:57:58+00:00\",\"dateModified\":\"2020-12-03T18:57:59+00:00\",\"mainEntityOfPage\":{\"@id\":\"https:\\\/\\\/super-news.info\\\/pt\\\/new-creativity-alarga-negocio-a-comunicacao-interna-e-formacao-meios-publicidade\\\/\"},\"wordCount\":267,\"commentCount\":0,\"image\":{\"@id\":\"https:\\\/\\\/super-news.info\\\/pt\\\/new-creativity-alarga-negocio-a-comunicacao-interna-e-formacao-meios-publicidade\\\/#primaryimage\"},\"thumbnailUrl\":\"https:\\\/\\\/super-news.info\\\/pt\\\/wp-content\\\/uploads\\\/sites\\\/2\\\/2020\\\/12\\\/New-Creativity-alarga-neg-cio-comunica-o-interna-e-forma-o.jpeg\",\"articleSection\":[\"NOT\u00cdCIAS DE MARKETING DIGITAL\"],\"inLanguage\":\"pt-PT\",\"potentialAction\":[{\"@type\":\"CommentAction\",\"name\":\"Comment\",\"target\":[\"https:\\\/\\\/super-news.info\\\/pt\\\/new-creativity-alarga-negocio-a-comunicacao-interna-e-formacao-meios-publicidade\\\/#respond\"]}]},{\"@type\":\"WebPage\",\"@id\":\"https:\\\/\\\/super-news.info\\\/pt\\\/new-creativity-alarga-negocio-a-comunicacao-interna-e-formacao-meios-publicidade\\\/\",\"url\":\"https:\\\/\\\/super-news.info\\\/pt\\\/new-creativity-alarga-negocio-a-comunicacao-interna-e-formacao-meios-publicidade\\\/\",\"name\":\"New Creativity alarga neg\u00f3cio \u00e0 comunica\u00e7\u00e3o interna e forma\u00e7\u00e3o - Meios & Publicidade - Super News\",\"isPartOf\":{\"@id\":\"https:\\\/\\\/super-news.info\\\/pt\\\/#website\"},\"primaryImageOfPage\":{\"@id\":\"https:\\\/\\\/super-news.info\\\/pt\\\/new-creativity-alarga-negocio-a-comunicacao-interna-e-formacao-meios-publicidade\\\/#primaryimage\"},\"image\":{\"@id\":\"https:\\\/\\\/super-news.info\\\/pt\\\/new-creativity-alarga-negocio-a-comunicacao-interna-e-formacao-meios-publicidade\\\/#primaryimage\"},\"thumbnailUrl\":\"https:\\\/\\\/super-news.info\\\/pt\\\/wp-content\\\/uploads\\\/sites\\\/2\\\/2020\\\/12\\\/New-Creativity-alarga-neg-cio-comunica-o-interna-e-forma-o.jpeg\",\"datePublished\":\"2020-12-03T18:57:58+00:00\",\"dateModified\":\"2020-12-03T18:57:59+00:00\",\"author\":{\"@id\":\"https:\\\/\\\/super-news.info\\\/pt\\\/#\\\/schema\\\/person\\\/2d4068cb2f39cd10008c2fce578a7356\"},\"breadcrumb\":{\"@id\":\"https:\\\/\\\/super-news.info\\\/pt\\\/new-creativity-alarga-negocio-a-comunicacao-interna-e-formacao-meios-publicidade\\\/#breadcrumb\"},\"inLanguage\":\"pt-PT\",\"potentialAction\":[{\"@type\":\"ReadAction\",\"target\":[\"https:\\\/\\\/super-news.info\\\/pt\\\/new-creativity-alarga-negocio-a-comunicacao-interna-e-formacao-meios-publicidade\\\/\"]}]},{\"@type\":\"ImageObject\",\"inLanguage\":\"pt-PT\",\"@id\":\"https:\\\/\\\/super-news.info\\\/pt\\\/new-creativity-alarga-negocio-a-comunicacao-interna-e-formacao-meios-publicidade\\\/#primaryimage\",\"url\":\"https:\\\/\\\/super-news.info\\\/pt\\\/wp-content\\\/uploads\\\/sites\\\/2\\\/2020\\\/12\\\/New-Creativity-alarga-neg-cio-comunica-o-interna-e-forma-o.jpeg\",\"contentUrl\":\"https:\\\/\\\/super-news.info\\\/pt\\\/wp-content\\\/uploads\\\/sites\\\/2\\\/2020\\\/12\\\/New-Creativity-alarga-neg-cio-comunica-o-interna-e-forma-o.jpeg\",\"width\":640,\"height\":480,\"caption\":\"New Creativity alarga neg\u00f3cio \u00e0 comunica\u00e7\u00e3o interna e forma\u00e7\u00e3o - Meios & Publicidade\"},{\"@type\":\"BreadcrumbList\",\"@id\":\"https:\\\/\\\/super-news.info\\\/pt\\\/new-creativity-alarga-negocio-a-comunicacao-interna-e-formacao-meios-publicidade\\\/#breadcrumb\",\"itemListElement\":[{\"@type\":\"ListItem\",\"position\":1,\"name\":\"\u0413\u043b\u0430\u0432\u043d\u0430\u044f \u0441\u0442\u0440\u0430\u043d\u0438\u0446\u0430\",\"item\":\"https:\\\/\\\/super-news.info\\\/pt\\\/\"},{\"@type\":\"ListItem\",\"position\":2,\"name\":\"New Creativity alarga neg\u00f3cio \u00e0 comunica\u00e7\u00e3o interna e forma\u00e7\u00e3o &#8211; Meios &#038; Publicidade\"}]},{\"@type\":\"WebSite\",\"@id\":\"https:\\\/\\\/super-news.info\\\/pt\\\/#website\",\"url\":\"https:\\\/\\\/super-news.info\\\/pt\\\/\",\"name\":\"Super News\",\"description\":\"Super News Portugal\",\"potentialAction\":[{\"@type\":\"SearchAction\",\"target\":{\"@type\":\"EntryPoint\",\"urlTemplate\":\"https:\\\/\\\/super-news.info\\\/pt\\\/?s={search_term_string}\"},\"query-input\":{\"@type\":\"PropertyValueSpecification\",\"valueRequired\":true,\"valueName\":\"search_term_string\"}}],\"inLanguage\":\"pt-PT\"},{\"@type\":\"Person\",\"@id\":\"https:\\\/\\\/super-news.info\\\/pt\\\/#\\\/schema\\\/person\\\/2d4068cb2f39cd10008c2fce578a7356\",\"name\":\"super-news\",\"image\":{\"@type\":\"ImageObject\",\"inLanguage\":\"pt-PT\",\"@id\":\"https:\\\/\\\/secure.gravatar.com\\\/avatar\\\/64ebac40b93f26a154f8a9b5b6fdccfc46f442b26b3dd6756dbff3bf9dc76fd7?s=96&d=mm&r=g\",\"url\":\"https:\\\/\\\/secure.gravatar.com\\\/avatar\\\/64ebac40b93f26a154f8a9b5b6fdccfc46f442b26b3dd6756dbff3bf9dc76fd7?s=96&d=mm&r=g\",\"contentUrl\":\"https:\\\/\\\/secure.gravatar.com\\\/avatar\\\/64ebac40b93f26a154f8a9b5b6fdccfc46f442b26b3dd6756dbff3bf9dc76fd7?s=96&d=mm&r=g\",\"caption\":\"super-news\"},\"url\":\"https:\\\/\\\/super-news.info\\\/pt\\\/author\\\/pt\\\/\"}]}<\/script>\n<!-- \/ Yoast SEO plugin. -->","yoast_head_json":{"title":"New Creativity alarga neg\u00f3cio \u00e0 comunica\u00e7\u00e3o interna e forma\u00e7\u00e3o - Meios & Publicidade - Super News","robots":{"index":"index","follow":"follow","max-snippet":"max-snippet:-1","max-image-preview":"max-image-preview:large","max-video-preview":"max-video-preview:-1"},"canonical":"https:\/\/super-news.info\/pt\/new-creativity-alarga-negocio-a-comunicacao-interna-e-formacao-meios-publicidade\/","og_locale":"pt_PT","og_type":"article","og_title":"New Creativity alarga neg\u00f3cio \u00e0 comunica\u00e7\u00e3o interna e forma\u00e7\u00e3o - Meios & Publicidade - Super News","og_description":"Nuno Simo\u0303es, CEO da New Creativity A comunica\u00e7\u00e3o interna e a forma\u00e7\u00e3o em comunica\u00e7\u00e3o para gestores e l\u00edderes empresariais s\u00e3o o foco da nova unidade de neg\u00f3cio da New Creativity, criada em parceria com a Both People &amp; Comms. \u201cNovas realidades obrigam as novos desafios e adapta\u00e7\u00f5es nas organiza\u00e7\u00f5es, por isso acreditamos que a comunica\u00e7\u00e3o [&hellip;]","og_url":"https:\/\/super-news.info\/pt\/new-creativity-alarga-negocio-a-comunicacao-interna-e-formacao-meios-publicidade\/","og_site_name":"Super News","article_published_time":"2020-12-03T18:57:58+00:00","article_modified_time":"2020-12-03T18:57:59+00:00","og_image":[{"width":640,"height":480,"url":"https:\/\/super-news.info\/pt\/wp-content\/uploads\/sites\/2\/2020\/12\/New-Creativity-alarga-neg-cio-comunica-o-interna-e-forma-o.jpeg","type":"image\/jpeg"}],"author":"super-news","twitter_card":"summary_large_image","twitter_misc":{"Escrito por":"super-news","Tempo estimado de leitura":"1 minuto"},"schema":{"@context":"https:\/\/schema.org","@graph":[{"@type":"Article","@id":"https:\/\/super-news.info\/pt\/new-creativity-alarga-negocio-a-comunicacao-interna-e-formacao-meios-publicidade\/#article","isPartOf":{"@id":"https:\/\/super-news.info\/pt\/new-creativity-alarga-negocio-a-comunicacao-interna-e-formacao-meios-publicidade\/"},"author":{"name":"super-news","@id":"https:\/\/super-news.info\/pt\/#\/schema\/person\/2d4068cb2f39cd10008c2fce578a7356"},"headline":"New Creativity alarga neg\u00f3cio \u00e0 comunica\u00e7\u00e3o interna e forma\u00e7\u00e3o &#8211; Meios &#038; Publicidade","datePublished":"2020-12-03T18:57:58+00:00","dateModified":"2020-12-03T18:57:59+00:00","mainEntityOfPage":{"@id":"https:\/\/super-news.info\/pt\/new-creativity-alarga-negocio-a-comunicacao-interna-e-formacao-meios-publicidade\/"},"wordCount":267,"commentCount":0,"image":{"@id":"https:\/\/super-news.info\/pt\/new-creativity-alarga-negocio-a-comunicacao-interna-e-formacao-meios-publicidade\/#primaryimage"},"thumbnailUrl":"https:\/\/super-news.info\/pt\/wp-content\/uploads\/sites\/2\/2020\/12\/New-Creativity-alarga-neg-cio-comunica-o-interna-e-forma-o.jpeg","articleSection":["NOT\u00cdCIAS DE MARKETING DIGITAL"],"inLanguage":"pt-PT","potentialAction":[{"@type":"CommentAction","name":"Comment","target":["https:\/\/super-news.info\/pt\/new-creativity-alarga-negocio-a-comunicacao-interna-e-formacao-meios-publicidade\/#respond"]}]},{"@type":"WebPage","@id":"https:\/\/super-news.info\/pt\/new-creativity-alarga-negocio-a-comunicacao-interna-e-formacao-meios-publicidade\/","url":"https:\/\/super-news.info\/pt\/new-creativity-alarga-negocio-a-comunicacao-interna-e-formacao-meios-publicidade\/","name":"New Creativity alarga neg\u00f3cio \u00e0 comunica\u00e7\u00e3o interna e forma\u00e7\u00e3o - Meios & Publicidade - Super News","isPartOf":{"@id":"https:\/\/super-news.info\/pt\/#website"},"primaryImageOfPage":{"@id":"https:\/\/super-news.info\/pt\/new-creativity-alarga-negocio-a-comunicacao-interna-e-formacao-meios-publicidade\/#primaryimage"},"image":{"@id":"https:\/\/super-news.info\/pt\/new-creativity-alarga-negocio-a-comunicacao-interna-e-formacao-meios-publicidade\/#primaryimage"},"thumbnailUrl":"https:\/\/super-news.info\/pt\/wp-content\/uploads\/sites\/2\/2020\/12\/New-Creativity-alarga-neg-cio-comunica-o-interna-e-forma-o.jpeg","datePublished":"2020-12-03T18:57:58+00:00","dateModified":"2020-12-03T18:57:59+00:00","author":{"@id":"https:\/\/super-news.info\/pt\/#\/schema\/person\/2d4068cb2f39cd10008c2fce578a7356"},"breadcrumb":{"@id":"https:\/\/super-news.info\/pt\/new-creativity-alarga-negocio-a-comunicacao-interna-e-formacao-meios-publicidade\/#breadcrumb"},"inLanguage":"pt-PT","potentialAction":[{"@type":"ReadAction","target":["https:\/\/super-news.info\/pt\/new-creativity-alarga-negocio-a-comunicacao-interna-e-formacao-meios-publicidade\/"]}]},{"@type":"ImageObject","inLanguage":"pt-PT","@id":"https:\/\/super-news.info\/pt\/new-creativity-alarga-negocio-a-comunicacao-interna-e-formacao-meios-publicidade\/#primaryimage","url":"https:\/\/super-news.info\/pt\/wp-content\/uploads\/sites\/2\/2020\/12\/New-Creativity-alarga-neg-cio-comunica-o-interna-e-forma-o.jpeg","contentUrl":"https:\/\/super-news.info\/pt\/wp-content\/uploads\/sites\/2\/2020\/12\/New-Creativity-alarga-neg-cio-comunica-o-interna-e-forma-o.jpeg","width":640,"height":480,"caption":"New Creativity alarga neg\u00f3cio \u00e0 comunica\u00e7\u00e3o interna e forma\u00e7\u00e3o - Meios & Publicidade"},{"@type":"BreadcrumbList","@id":"https:\/\/super-news.info\/pt\/new-creativity-alarga-negocio-a-comunicacao-interna-e-formacao-meios-publicidade\/#breadcrumb","itemListElement":[{"@type":"ListItem","position":1,"name":"\u0413\u043b\u0430\u0432\u043d\u0430\u044f \u0441\u0442\u0440\u0430\u043d\u0438\u0446\u0430","item":"https:\/\/super-news.info\/pt\/"},{"@type":"ListItem","position":2,"name":"New Creativity alarga neg\u00f3cio \u00e0 comunica\u00e7\u00e3o interna e forma\u00e7\u00e3o &#8211; Meios &#038; Publicidade"}]},{"@type":"WebSite","@id":"https:\/\/super-news.info\/pt\/#website","url":"https:\/\/super-news.info\/pt\/","name":"Super News","description":"Super News Portugal","potentialAction":[{"@type":"SearchAction","target":{"@type":"EntryPoint","urlTemplate":"https:\/\/super-news.info\/pt\/?s={search_term_string}"},"query-input":{"@type":"PropertyValueSpecification","valueRequired":true,"valueName":"search_term_string"}}],"inLanguage":"pt-PT"},{"@type":"Person","@id":"https:\/\/super-news.info\/pt\/#\/schema\/person\/2d4068cb2f39cd10008c2fce578a7356","name":"super-news","image":{"@type":"ImageObject","inLanguage":"pt-PT","@id":"https:\/\/secure.gravatar.com\/avatar\/64ebac40b93f26a154f8a9b5b6fdccfc46f442b26b3dd6756dbff3bf9dc76fd7?s=96&d=mm&r=g","url":"https:\/\/secure.gravatar.com\/avatar\/64ebac40b93f26a154f8a9b5b6fdccfc46f442b26b3dd6756dbff3bf9dc76fd7?s=96&d=mm&r=g","contentUrl":"https:\/\/secure.gravatar.com\/avatar\/64ebac40b93f26a154f8a9b5b6fdccfc46f442b26b3dd6756dbff3bf9dc76fd7?s=96&d=mm&r=g","caption":"super-news"},"url":"https:\/\/super-news.info\/pt\/author\/pt\/"}]}},"_links":{"self":[{"href":"https:\/\/super-news.info\/pt\/wp-json\/wp\/v2\/posts\/5455","targetHints":{"allow":["GET"]}}],"collection":[{"href":"https:\/\/super-news.info\/pt\/wp-json\/wp\/v2\/posts"}],"about":[{"href":"https:\/\/super-news.info\/pt\/wp-json\/wp\/v2\/types\/post"}],"author":[{"embeddable":true,"href":"https:\/\/super-news.info\/pt\/wp-json\/wp\/v2\/users\/2"}],"replies":[{"embeddable":true,"href":"https:\/\/super-news.info\/pt\/wp-json\/wp\/v2\/comments?post=5455"}],"version-history":[{"count":1,"href":"https:\/\/super-news.info\/pt\/wp-json\/wp\/v2\/posts\/5455\/revisions"}],"predecessor-version":[{"id":5457,"href":"https:\/\/super-news.info\/pt\/wp-json\/wp\/v2\/posts\/5455\/revisions\/5457"}],"wp:featuredmedia":[{"embeddable":true,"href":"https:\/\/super-news.info\/pt\/wp-json\/wp\/v2\/media\/5456"}],"wp:attachment":[{"href":"https:\/\/super-news.info\/pt\/wp-json\/wp\/v2\/media?parent=5455"}],"wp:term":[{"taxonomy":"category","embeddable":true,"href":"https:\/\/super-news.info\/pt\/wp-json\/wp\/v2\/categories?post=5455"},{"taxonomy":"post_tag","embeddable":true,"href":"https:\/\/super-news.info\/pt\/wp-json\/wp\/v2\/tags?post=5455"}],"curies":[{"name":"wp","href":"https:\/\/api.w.org\/{rel}","templated":true}]}}