{"id":544,"date":"2019-04-20T07:49:58","date_gmt":"2019-04-20T04:49:58","guid":{"rendered":"https:\/\/super-news.info\/pt\/mais-de-70-mil-condutores-perderam-pontos-nos-primeiros-tres-meses-do-ano-o-jornal-economico\/"},"modified":"2019-04-20T07:49:59","modified_gmt":"2019-04-20T04:49:59","slug":"mais-de-70-mil-condutores-perderam-pontos-nos-primeiros-tres-meses-do-ano-o-jornal-economico","status":"publish","type":"post","link":"https:\/\/super-news.info\/pt\/mais-de-70-mil-condutores-perderam-pontos-nos-primeiros-tres-meses-do-ano-o-jornal-economico\/","title":{"rendered":"Mais de 70 mil condutores perderam pontos nos primeiros tr\u00eas meses do ano \u2013 O Jornal Econ\u00f3mico"},"content":{"rendered":"<p> [ad_1]<br \/>\n<\/p>\n<div>\n<p>No 1.\u00ba trimestre deste ano houve 73 mil automobilistas a perder pontos nas cartas de condu\u00e7\u00e3o e foram cassadas mais cartas de condu\u00e7\u00e3o (168) que em todo o ano de 2018 (17), disse hoje fonte oficial.<\/p>\n<p>\u201cEste ano j\u00e1 regist\u00e1mos cerca de 73 mil automobilistas com perdas de pontos na carta de condu\u00e7\u00e3o e no primeiro trimestre j\u00e1 foram cassadas (anuladas) mais cartas [de condu\u00e7\u00e3o] do que em todo o ano de 2018\u201d, avan\u00e7ou o secret\u00e1rio de Estado da Prote\u00e7\u00e3o Civil, Jos\u00e9 Neves, \u00e0 margem de uma a\u00e7\u00e3o de sensibiliza\u00e7\u00e3o e fiscaliza\u00e7\u00e3o rodovi\u00e1ria no \u00e2mbito da Opera\u00e7\u00e3o P\u00e1scoa 2019, que decorreu esta manh\u00e3, na A1, junto \u00e0s portagens dos Carvalhos, Porto.<\/p>\n<p>Dados da Secretaria de Estado da Prote\u00e7\u00e3o Civil avan\u00e7ados hoje \u00e0 Lusa indicam que no primeiro trimestre de 2019 foram cassadas \u201c168 cartas\u201d, enquanto que no per\u00edodo hom\u00f3logo de 2018 foram cassadas \u201c17 cartas de condu\u00e7\u00e3o\u201d.<\/p>\n<p>O secret\u00e1rio de Estado da Prote\u00e7\u00e3o Civil, Jos\u00e9 Neves, participou hoje numa a\u00e7\u00e3o de sensibiliza\u00e7\u00e3o e fiscaliza\u00e7\u00e3o rodovi\u00e1ria na A1, junto \u00e0s portagens dos Carvalhos, no Porto, onde esteve a entregar panfletos sobre seguran\u00e7a rodovi\u00e1ria aos automobilistas que eram mandados parar pela GNR.<\/p>\n<p>Na Opera\u00e7\u00e3o P\u00e1scoa 2019 da GNR est\u00e3o, em m\u00e9dia, 1.200 militares a efetuar um patrulhamento de preven\u00e7\u00e3o aos condutores, que s\u00e3o sensibilizados pelas autoridades a terem uma condu\u00e7\u00e3o mais seguran\u00e7a, recebendo um panfleto onde constam os principais comportamentos de risco, como a n\u00e3o utiliza\u00e7\u00e3o de cinto de seguran\u00e7a, uso indevido de telem\u00f3vel ou velocidade e manobras perigosas.<\/p>\n<p>A Opera\u00e7\u00e3o P\u00e1scoa 2019 da GNR, que termina \u00e0 meia noite da pr\u00f3xima segunda-feira, dia 22 de abril, registou at\u00e9 esta quinta-feira passada um total de 250 acidentes e cinco feridos graves, disse hoje fonte da GNR.<\/p>\n<\/div>\n<p><script>\/*<![CDATA[*\/function facebookInit(){var js=document.createElement('script');js.src='https:\/\/connect.facebook.net\/pt_PT\/sdk.js#xfbml=1&#038;version=v3.1&#038;appId=1708066812789184&#038;autoLogAppEvents=1';return document.body.appendChild(js);}\nwindow.onscroll=function(){var rect=document.getElementsByClassName('je-post-content')[0].getBoundingClientRect();if(rect.bottom<window.innerHeight){facebookInit();window.onscroll=null;}}\/*]]>*\/<\/script><br \/>\n<br \/>[ad_2]<br \/>\n<br \/><a href=\"https:\/\/jornaleconomico.sapo.pt\/noticias\/mais-de-70-mil-condutores-perderam-pontos-nos-primeiros-tres-meses-do-ano-435908\">Source link <\/a><\/p>\n","protected":false},"excerpt":{"rendered":"<p>[ad_1] No 1.\u00ba trimestre deste ano houve 73 mil automobilistas a perder pontos nas cartas de condu\u00e7\u00e3o e foram cassadas mais cartas de condu\u00e7\u00e3o (168) que em todo o ano de 2018 (17), disse hoje fonte oficial. \u201cEste ano j\u00e1 regist\u00e1mos cerca de 73 mil automobilistas com perdas de pontos na carta de condu\u00e7\u00e3o e [&hellip;]<\/p>\n","protected":false},"author":2,"featured_media":545,"comment_status":"open","ping_status":"open","sticky":false,"template":"","format":"standard","meta":{"footnotes":""},"categories":[1],"tags":[],"class_list":["post-544","post","type-post","status-publish","format-standard","has-post-thumbnail","hentry","category-noticias-financeiras"],"yoast_head":"<!-- This site is optimized with the Yoast SEO plugin v27.4 - https:\/\/yoast.com\/product\/yoast-seo-wordpress\/ -->\n<title>Mais de 70 mil condutores perderam pontos nos primeiros tr\u00eas meses do ano \u2013 O Jornal Econ\u00f3mico - Super News<\/title>\n<meta name=\"robots\" content=\"index, follow, max-snippet:-1, max-image-preview:large, max-video-preview:-1\" \/>\n<link rel=\"canonical\" href=\"https:\/\/super-news.info\/pt\/mais-de-70-mil-condutores-perderam-pontos-nos-primeiros-tres-meses-do-ano-o-jornal-economico\/\" \/>\n<meta property=\"og:locale\" content=\"pt_PT\" \/>\n<meta property=\"og:type\" content=\"article\" \/>\n<meta property=\"og:title\" content=\"Mais de 70 mil condutores perderam pontos nos primeiros tr\u00eas meses do ano \u2013 O Jornal Econ\u00f3mico - Super News\" \/>\n<meta property=\"og:description\" content=\"[ad_1] No 1.\u00ba trimestre deste ano houve 73 mil automobilistas a perder pontos nas cartas de condu\u00e7\u00e3o e foram cassadas mais cartas de condu\u00e7\u00e3o (168) que em todo o ano de 2018 (17), disse hoje fonte oficial. \u201cEste ano j\u00e1 regist\u00e1mos cerca de 73 mil automobilistas com perdas de pontos na carta de condu\u00e7\u00e3o e [&hellip;]\" \/>\n<meta property=\"og:url\" content=\"https:\/\/super-news.info\/pt\/mais-de-70-mil-condutores-perderam-pontos-nos-primeiros-tres-meses-do-ano-o-jornal-economico\/\" \/>\n<meta property=\"og:site_name\" content=\"Super News\" \/>\n<meta property=\"article:published_time\" content=\"2019-04-20T04:49:58+00:00\" \/>\n<meta property=\"article:modified_time\" content=\"2019-04-20T04:49:59+00:00\" \/>\n<meta property=\"og:image\" content=\"https:\/\/super-news.info\/pt\/wp-content\/uploads\/sites\/2\/2019\/04\/Mais-de-70-mil-condutores-perderam-pontos-nos-primeiros-tr\u00eas.jpg\" \/>\n\t<meta property=\"og:image:width\" content=\"960\" \/>\n\t<meta property=\"og:image:height\" content=\"600\" \/>\n\t<meta property=\"og:image:type\" content=\"image\/jpeg\" \/>\n<meta name=\"author\" content=\"super-news\" \/>\n<meta name=\"twitter:card\" content=\"summary_large_image\" \/>\n<meta name=\"twitter:label1\" content=\"Escrito por\" \/>\n\t<meta name=\"twitter:data1\" content=\"super-news\" \/>\n\t<meta name=\"twitter:label2\" content=\"Tempo estimado de leitura\" \/>\n\t<meta name=\"twitter:data2\" content=\"2 minutos\" \/>\n<script type=\"application\/ld+json\" class=\"yoast-schema-graph\">{\"@context\":\"https:\\\/\\\/schema.org\",\"@graph\":[{\"@type\":\"Article\",\"@id\":\"https:\\\/\\\/super-news.info\\\/pt\\\/mais-de-70-mil-condutores-perderam-pontos-nos-primeiros-tres-meses-do-ano-o-jornal-economico\\\/#article\",\"isPartOf\":{\"@id\":\"https:\\\/\\\/super-news.info\\\/pt\\\/mais-de-70-mil-condutores-perderam-pontos-nos-primeiros-tres-meses-do-ano-o-jornal-economico\\\/\"},\"author\":{\"name\":\"super-news\",\"@id\":\"https:\\\/\\\/super-news.info\\\/pt\\\/#\\\/schema\\\/person\\\/2d4068cb2f39cd10008c2fce578a7356\"},\"headline\":\"Mais de 70 mil condutores perderam pontos nos primeiros tr\u00eas meses do ano \u2013 O Jornal Econ\u00f3mico\",\"datePublished\":\"2019-04-20T04:49:58+00:00\",\"dateModified\":\"2019-04-20T04:49:59+00:00\",\"mainEntityOfPage\":{\"@id\":\"https:\\\/\\\/super-news.info\\\/pt\\\/mais-de-70-mil-condutores-perderam-pontos-nos-primeiros-tres-meses-do-ano-o-jornal-economico\\\/\"},\"wordCount\":327,\"commentCount\":0,\"image\":{\"@id\":\"https:\\\/\\\/super-news.info\\\/pt\\\/mais-de-70-mil-condutores-perderam-pontos-nos-primeiros-tres-meses-do-ano-o-jornal-economico\\\/#primaryimage\"},\"thumbnailUrl\":\"https:\\\/\\\/super-news.info\\\/pt\\\/wp-content\\\/uploads\\\/sites\\\/2\\\/2019\\\/04\\\/Mais-de-70-mil-condutores-perderam-pontos-nos-primeiros-tr\u00eas.jpg\",\"articleSection\":[\"NOT\u00cdCIAS FINANCEIRAS\"],\"inLanguage\":\"pt-PT\",\"potentialAction\":[{\"@type\":\"CommentAction\",\"name\":\"Comment\",\"target\":[\"https:\\\/\\\/super-news.info\\\/pt\\\/mais-de-70-mil-condutores-perderam-pontos-nos-primeiros-tres-meses-do-ano-o-jornal-economico\\\/#respond\"]}]},{\"@type\":\"WebPage\",\"@id\":\"https:\\\/\\\/super-news.info\\\/pt\\\/mais-de-70-mil-condutores-perderam-pontos-nos-primeiros-tres-meses-do-ano-o-jornal-economico\\\/\",\"url\":\"https:\\\/\\\/super-news.info\\\/pt\\\/mais-de-70-mil-condutores-perderam-pontos-nos-primeiros-tres-meses-do-ano-o-jornal-economico\\\/\",\"name\":\"Mais de 70 mil condutores perderam pontos nos primeiros tr\u00eas meses do ano \u2013 O Jornal Econ\u00f3mico - Super News\",\"isPartOf\":{\"@id\":\"https:\\\/\\\/super-news.info\\\/pt\\\/#website\"},\"primaryImageOfPage\":{\"@id\":\"https:\\\/\\\/super-news.info\\\/pt\\\/mais-de-70-mil-condutores-perderam-pontos-nos-primeiros-tres-meses-do-ano-o-jornal-economico\\\/#primaryimage\"},\"image\":{\"@id\":\"https:\\\/\\\/super-news.info\\\/pt\\\/mais-de-70-mil-condutores-perderam-pontos-nos-primeiros-tres-meses-do-ano-o-jornal-economico\\\/#primaryimage\"},\"thumbnailUrl\":\"https:\\\/\\\/super-news.info\\\/pt\\\/wp-content\\\/uploads\\\/sites\\\/2\\\/2019\\\/04\\\/Mais-de-70-mil-condutores-perderam-pontos-nos-primeiros-tr\u00eas.jpg\",\"datePublished\":\"2019-04-20T04:49:58+00:00\",\"dateModified\":\"2019-04-20T04:49:59+00:00\",\"author\":{\"@id\":\"https:\\\/\\\/super-news.info\\\/pt\\\/#\\\/schema\\\/person\\\/2d4068cb2f39cd10008c2fce578a7356\"},\"breadcrumb\":{\"@id\":\"https:\\\/\\\/super-news.info\\\/pt\\\/mais-de-70-mil-condutores-perderam-pontos-nos-primeiros-tres-meses-do-ano-o-jornal-economico\\\/#breadcrumb\"},\"inLanguage\":\"pt-PT\",\"potentialAction\":[{\"@type\":\"ReadAction\",\"target\":[\"https:\\\/\\\/super-news.info\\\/pt\\\/mais-de-70-mil-condutores-perderam-pontos-nos-primeiros-tres-meses-do-ano-o-jornal-economico\\\/\"]}]},{\"@type\":\"ImageObject\",\"inLanguage\":\"pt-PT\",\"@id\":\"https:\\\/\\\/super-news.info\\\/pt\\\/mais-de-70-mil-condutores-perderam-pontos-nos-primeiros-tres-meses-do-ano-o-jornal-economico\\\/#primaryimage\",\"url\":\"https:\\\/\\\/super-news.info\\\/pt\\\/wp-content\\\/uploads\\\/sites\\\/2\\\/2019\\\/04\\\/Mais-de-70-mil-condutores-perderam-pontos-nos-primeiros-tr\u00eas.jpg\",\"contentUrl\":\"https:\\\/\\\/super-news.info\\\/pt\\\/wp-content\\\/uploads\\\/sites\\\/2\\\/2019\\\/04\\\/Mais-de-70-mil-condutores-perderam-pontos-nos-primeiros-tr\u00eas.jpg\",\"width\":960,\"height\":600,\"caption\":\"Mais de 70 mil condutores perderam pontos nos primeiros tr\u00eas meses do ano \u2013 O Jornal Econ\u00f3mico\"},{\"@type\":\"BreadcrumbList\",\"@id\":\"https:\\\/\\\/super-news.info\\\/pt\\\/mais-de-70-mil-condutores-perderam-pontos-nos-primeiros-tres-meses-do-ano-o-jornal-economico\\\/#breadcrumb\",\"itemListElement\":[{\"@type\":\"ListItem\",\"position\":1,\"name\":\"\u0413\u043b\u0430\u0432\u043d\u0430\u044f \u0441\u0442\u0440\u0430\u043d\u0438\u0446\u0430\",\"item\":\"https:\\\/\\\/super-news.info\\\/pt\\\/\"},{\"@type\":\"ListItem\",\"position\":2,\"name\":\"Mais de 70 mil condutores perderam pontos nos primeiros tr\u00eas meses do ano \u2013 O Jornal Econ\u00f3mico\"}]},{\"@type\":\"WebSite\",\"@id\":\"https:\\\/\\\/super-news.info\\\/pt\\\/#website\",\"url\":\"https:\\\/\\\/super-news.info\\\/pt\\\/\",\"name\":\"Super News\",\"description\":\"Super News Portugal\",\"potentialAction\":[{\"@type\":\"SearchAction\",\"target\":{\"@type\":\"EntryPoint\",\"urlTemplate\":\"https:\\\/\\\/super-news.info\\\/pt\\\/?s={search_term_string}\"},\"query-input\":{\"@type\":\"PropertyValueSpecification\",\"valueRequired\":true,\"valueName\":\"search_term_string\"}}],\"inLanguage\":\"pt-PT\"},{\"@type\":\"Person\",\"@id\":\"https:\\\/\\\/super-news.info\\\/pt\\\/#\\\/schema\\\/person\\\/2d4068cb2f39cd10008c2fce578a7356\",\"name\":\"super-news\",\"image\":{\"@type\":\"ImageObject\",\"inLanguage\":\"pt-PT\",\"@id\":\"https:\\\/\\\/secure.gravatar.com\\\/avatar\\\/64ebac40b93f26a154f8a9b5b6fdccfc46f442b26b3dd6756dbff3bf9dc76fd7?s=96&d=mm&r=g\",\"url\":\"https:\\\/\\\/secure.gravatar.com\\\/avatar\\\/64ebac40b93f26a154f8a9b5b6fdccfc46f442b26b3dd6756dbff3bf9dc76fd7?s=96&d=mm&r=g\",\"contentUrl\":\"https:\\\/\\\/secure.gravatar.com\\\/avatar\\\/64ebac40b93f26a154f8a9b5b6fdccfc46f442b26b3dd6756dbff3bf9dc76fd7?s=96&d=mm&r=g\",\"caption\":\"super-news\"},\"url\":\"https:\\\/\\\/super-news.info\\\/pt\\\/author\\\/pt\\\/\"}]}<\/script>\n<!-- \/ Yoast SEO plugin. -->","yoast_head_json":{"title":"Mais de 70 mil condutores perderam pontos nos primeiros tr\u00eas meses do ano \u2013 O Jornal Econ\u00f3mico - Super News","robots":{"index":"index","follow":"follow","max-snippet":"max-snippet:-1","max-image-preview":"max-image-preview:large","max-video-preview":"max-video-preview:-1"},"canonical":"https:\/\/super-news.info\/pt\/mais-de-70-mil-condutores-perderam-pontos-nos-primeiros-tres-meses-do-ano-o-jornal-economico\/","og_locale":"pt_PT","og_type":"article","og_title":"Mais de 70 mil condutores perderam pontos nos primeiros tr\u00eas meses do ano \u2013 O Jornal Econ\u00f3mico - Super News","og_description":"[ad_1] No 1.\u00ba trimestre deste ano houve 73 mil automobilistas a perder pontos nas cartas de condu\u00e7\u00e3o e foram cassadas mais cartas de condu\u00e7\u00e3o (168) que em todo o ano de 2018 (17), disse hoje fonte oficial. \u201cEste ano j\u00e1 regist\u00e1mos cerca de 73 mil automobilistas com perdas de pontos na carta de condu\u00e7\u00e3o e [&hellip;]","og_url":"https:\/\/super-news.info\/pt\/mais-de-70-mil-condutores-perderam-pontos-nos-primeiros-tres-meses-do-ano-o-jornal-economico\/","og_site_name":"Super News","article_published_time":"2019-04-20T04:49:58+00:00","article_modified_time":"2019-04-20T04:49:59+00:00","og_image":[{"width":960,"height":600,"url":"https:\/\/super-news.info\/pt\/wp-content\/uploads\/sites\/2\/2019\/04\/Mais-de-70-mil-condutores-perderam-pontos-nos-primeiros-tr\u00eas.jpg","type":"image\/jpeg"}],"author":"super-news","twitter_card":"summary_large_image","twitter_misc":{"Escrito por":"super-news","Tempo estimado de leitura":"2 minutos"},"schema":{"@context":"https:\/\/schema.org","@graph":[{"@type":"Article","@id":"https:\/\/super-news.info\/pt\/mais-de-70-mil-condutores-perderam-pontos-nos-primeiros-tres-meses-do-ano-o-jornal-economico\/#article","isPartOf":{"@id":"https:\/\/super-news.info\/pt\/mais-de-70-mil-condutores-perderam-pontos-nos-primeiros-tres-meses-do-ano-o-jornal-economico\/"},"author":{"name":"super-news","@id":"https:\/\/super-news.info\/pt\/#\/schema\/person\/2d4068cb2f39cd10008c2fce578a7356"},"headline":"Mais de 70 mil condutores perderam pontos nos primeiros tr\u00eas meses do ano \u2013 O Jornal Econ\u00f3mico","datePublished":"2019-04-20T04:49:58+00:00","dateModified":"2019-04-20T04:49:59+00:00","mainEntityOfPage":{"@id":"https:\/\/super-news.info\/pt\/mais-de-70-mil-condutores-perderam-pontos-nos-primeiros-tres-meses-do-ano-o-jornal-economico\/"},"wordCount":327,"commentCount":0,"image":{"@id":"https:\/\/super-news.info\/pt\/mais-de-70-mil-condutores-perderam-pontos-nos-primeiros-tres-meses-do-ano-o-jornal-economico\/#primaryimage"},"thumbnailUrl":"https:\/\/super-news.info\/pt\/wp-content\/uploads\/sites\/2\/2019\/04\/Mais-de-70-mil-condutores-perderam-pontos-nos-primeiros-tr\u00eas.jpg","articleSection":["NOT\u00cdCIAS FINANCEIRAS"],"inLanguage":"pt-PT","potentialAction":[{"@type":"CommentAction","name":"Comment","target":["https:\/\/super-news.info\/pt\/mais-de-70-mil-condutores-perderam-pontos-nos-primeiros-tres-meses-do-ano-o-jornal-economico\/#respond"]}]},{"@type":"WebPage","@id":"https:\/\/super-news.info\/pt\/mais-de-70-mil-condutores-perderam-pontos-nos-primeiros-tres-meses-do-ano-o-jornal-economico\/","url":"https:\/\/super-news.info\/pt\/mais-de-70-mil-condutores-perderam-pontos-nos-primeiros-tres-meses-do-ano-o-jornal-economico\/","name":"Mais de 70 mil condutores perderam pontos nos primeiros tr\u00eas meses do ano \u2013 O Jornal Econ\u00f3mico - Super News","isPartOf":{"@id":"https:\/\/super-news.info\/pt\/#website"},"primaryImageOfPage":{"@id":"https:\/\/super-news.info\/pt\/mais-de-70-mil-condutores-perderam-pontos-nos-primeiros-tres-meses-do-ano-o-jornal-economico\/#primaryimage"},"image":{"@id":"https:\/\/super-news.info\/pt\/mais-de-70-mil-condutores-perderam-pontos-nos-primeiros-tres-meses-do-ano-o-jornal-economico\/#primaryimage"},"thumbnailUrl":"https:\/\/super-news.info\/pt\/wp-content\/uploads\/sites\/2\/2019\/04\/Mais-de-70-mil-condutores-perderam-pontos-nos-primeiros-tr\u00eas.jpg","datePublished":"2019-04-20T04:49:58+00:00","dateModified":"2019-04-20T04:49:59+00:00","author":{"@id":"https:\/\/super-news.info\/pt\/#\/schema\/person\/2d4068cb2f39cd10008c2fce578a7356"},"breadcrumb":{"@id":"https:\/\/super-news.info\/pt\/mais-de-70-mil-condutores-perderam-pontos-nos-primeiros-tres-meses-do-ano-o-jornal-economico\/#breadcrumb"},"inLanguage":"pt-PT","potentialAction":[{"@type":"ReadAction","target":["https:\/\/super-news.info\/pt\/mais-de-70-mil-condutores-perderam-pontos-nos-primeiros-tres-meses-do-ano-o-jornal-economico\/"]}]},{"@type":"ImageObject","inLanguage":"pt-PT","@id":"https:\/\/super-news.info\/pt\/mais-de-70-mil-condutores-perderam-pontos-nos-primeiros-tres-meses-do-ano-o-jornal-economico\/#primaryimage","url":"https:\/\/super-news.info\/pt\/wp-content\/uploads\/sites\/2\/2019\/04\/Mais-de-70-mil-condutores-perderam-pontos-nos-primeiros-tr\u00eas.jpg","contentUrl":"https:\/\/super-news.info\/pt\/wp-content\/uploads\/sites\/2\/2019\/04\/Mais-de-70-mil-condutores-perderam-pontos-nos-primeiros-tr\u00eas.jpg","width":960,"height":600,"caption":"Mais de 70 mil condutores perderam pontos nos primeiros tr\u00eas meses do ano \u2013 O Jornal Econ\u00f3mico"},{"@type":"BreadcrumbList","@id":"https:\/\/super-news.info\/pt\/mais-de-70-mil-condutores-perderam-pontos-nos-primeiros-tres-meses-do-ano-o-jornal-economico\/#breadcrumb","itemListElement":[{"@type":"ListItem","position":1,"name":"\u0413\u043b\u0430\u0432\u043d\u0430\u044f \u0441\u0442\u0440\u0430\u043d\u0438\u0446\u0430","item":"https:\/\/super-news.info\/pt\/"},{"@type":"ListItem","position":2,"name":"Mais de 70 mil condutores perderam pontos nos primeiros tr\u00eas meses do ano \u2013 O Jornal Econ\u00f3mico"}]},{"@type":"WebSite","@id":"https:\/\/super-news.info\/pt\/#website","url":"https:\/\/super-news.info\/pt\/","name":"Super News","description":"Super News Portugal","potentialAction":[{"@type":"SearchAction","target":{"@type":"EntryPoint","urlTemplate":"https:\/\/super-news.info\/pt\/?s={search_term_string}"},"query-input":{"@type":"PropertyValueSpecification","valueRequired":true,"valueName":"search_term_string"}}],"inLanguage":"pt-PT"},{"@type":"Person","@id":"https:\/\/super-news.info\/pt\/#\/schema\/person\/2d4068cb2f39cd10008c2fce578a7356","name":"super-news","image":{"@type":"ImageObject","inLanguage":"pt-PT","@id":"https:\/\/secure.gravatar.com\/avatar\/64ebac40b93f26a154f8a9b5b6fdccfc46f442b26b3dd6756dbff3bf9dc76fd7?s=96&d=mm&r=g","url":"https:\/\/secure.gravatar.com\/avatar\/64ebac40b93f26a154f8a9b5b6fdccfc46f442b26b3dd6756dbff3bf9dc76fd7?s=96&d=mm&r=g","contentUrl":"https:\/\/secure.gravatar.com\/avatar\/64ebac40b93f26a154f8a9b5b6fdccfc46f442b26b3dd6756dbff3bf9dc76fd7?s=96&d=mm&r=g","caption":"super-news"},"url":"https:\/\/super-news.info\/pt\/author\/pt\/"}]}},"_links":{"self":[{"href":"https:\/\/super-news.info\/pt\/wp-json\/wp\/v2\/posts\/544","targetHints":{"allow":["GET"]}}],"collection":[{"href":"https:\/\/super-news.info\/pt\/wp-json\/wp\/v2\/posts"}],"about":[{"href":"https:\/\/super-news.info\/pt\/wp-json\/wp\/v2\/types\/post"}],"author":[{"embeddable":true,"href":"https:\/\/super-news.info\/pt\/wp-json\/wp\/v2\/users\/2"}],"replies":[{"embeddable":true,"href":"https:\/\/super-news.info\/pt\/wp-json\/wp\/v2\/comments?post=544"}],"version-history":[{"count":1,"href":"https:\/\/super-news.info\/pt\/wp-json\/wp\/v2\/posts\/544\/revisions"}],"predecessor-version":[{"id":546,"href":"https:\/\/super-news.info\/pt\/wp-json\/wp\/v2\/posts\/544\/revisions\/546"}],"wp:featuredmedia":[{"embeddable":true,"href":"https:\/\/super-news.info\/pt\/wp-json\/wp\/v2\/media\/545"}],"wp:attachment":[{"href":"https:\/\/super-news.info\/pt\/wp-json\/wp\/v2\/media?parent=544"}],"wp:term":[{"taxonomy":"category","embeddable":true,"href":"https:\/\/super-news.info\/pt\/wp-json\/wp\/v2\/categories?post=544"},{"taxonomy":"post_tag","embeddable":true,"href":"https:\/\/super-news.info\/pt\/wp-json\/wp\/v2\/tags?post=544"}],"curies":[{"name":"wp","href":"https:\/\/api.w.org\/{rel}","templated":true}]}}