{"id":5419,"date":"2020-11-30T21:38:02","date_gmt":"2020-11-30T18:38:02","guid":{"rendered":"https:\/\/super-news.info\/pt\/comunicacao-das-marcas-em-tempo-de-pandemia-meios-publicidade\/"},"modified":"2020-11-30T21:38:03","modified_gmt":"2020-11-30T18:38:03","slug":"comunicacao-das-marcas-em-tempo-de-pandemia-meios-publicidade","status":"publish","type":"post","link":"https:\/\/super-news.info\/pt\/comunicacao-das-marcas-em-tempo-de-pandemia-meios-publicidade\/","title":{"rendered":"Comunica\u00e7\u00e3o das marcas em tempo de pandemia &#8211; Meios &#038; Publicidade"},"content":{"rendered":"<p>Disrup\u00e7\u00e3o. A reboque da pandemia global que ainda vivemos, este ser\u00e1, com certeza, o grande conceito que 2020 nos trouxe. Segundo o dicion\u00e1rio \u2018Houaiss\u2019, trata-se do acto de romper, rotura, fractura e interrup\u00e7\u00e3o do curso normal de um processo.<br \/>\nA disrup\u00e7\u00e3o chegou e instalou-se na nossa vida pessoal e profissional. Num \u00e1pice, tudo quanto eram processos estabelecidos, inimaginavelmente, foram postos em causa e tiveram de ser reinventados.<br \/>\nDos \u00f3bvios eventos, aos suportes f\u00edsicos de comunica\u00e7\u00e3o das marcas, como brindes, cat\u00e1logos, e muitos outros, todos foram impactados de rompante. Mas ter\u00e1 sido apenas esta camada vis\u00edvel? E por quanto tempo?<br \/>\nDa minha experi\u00eancia quotidiana, ainda encontro uns quantos negacionistas, que acham que, mais tarde ou mais cedo, tudo voltar\u00e1 a ser como dantes. S\u00e3o os que ainda n\u00e3o perceberam que a comunica\u00e7\u00e3o das marcas \u2013 da publicidade \u00e0 comunica\u00e7\u00e3o de produto e at\u00e9 institucional \u2013 em tempos de pandemia, e mesmo depois dela, nunca mais voltar\u00e1 a ser a mesma.<br \/>\nTer\u00e3o as marcas a mesma relev\u00e2ncia para o consumidor? Como devem comunicar? Como se poder\u00e3o preparar para o desconhecido tempo do p\u00f3s-pandemia? Estas, s\u00e3o algumas das million dollar question em gest\u00e3o e comunica\u00e7\u00e3o de marcas.<br \/>\nJ\u00e1 \u00e9 claro que os consumidores, em tempos de pandemia, exigem uma miss\u00e3o que assente num prop\u00f3sito n\u00e3o apenas comercial; que h\u00e1 uma import\u00e2ncia crescente da empatia gerada, atrav\u00e9s da valoriza\u00e7\u00e3o da opini\u00e3o e expetativas do consumidor; e flexibilidade, assente na capacidade de estas introduzirem as mudan\u00e7as necess\u00e1rias e se adaptarem ao mercado.<br \/>\nO tempo n\u00e3o \u00e9 de lockdown. Pelo contr\u00e1rio. As marcas devem adaptar os seus conceitos, comunica\u00e7\u00e3o estrat\u00e9gica e at\u00e9 mesmo modelos de neg\u00f3cio ao momento que ainda vivemos e que veio alterar o status quo existente. Exige-se agora que as narrativas e valores das marcas resultem em a\u00e7\u00f5es concretas, materializadas, escrutin\u00e1veis e assentes num customer experiece que n\u00e3o defraude expectativas. No fundo, o consumidor exige ins\u00edgnias mais verdadeiras e socialmente envolvidas.<br \/>\nAs marcas continuam a ser fundamentais para se atingirem objetivos de neg\u00f3cio. Todavia, para serem eficientes, n\u00e3o lhes basta oferecerem um excelente produto e satisfazer as necessidades do cliente ou at\u00e9 mesmo surpreender. T\u00eam de seguir a narrativa social e cultural vigentes e gerar envolvimento e di\u00e1logo com os consumidores. S\u00f3 assim conseguir\u00e3o construir rela\u00e7\u00f5es de lealdade e aumentar o lifetime value.<br \/>\nSegundo uma grande consultora de gest\u00e3o, as narrativas culturais dominantes s\u00e3o tr\u00eas: apenas as iniciativas essenciais e de valor devem sobreviver, \u2018a friend in need is a friend indeed\u2019 e, juntos, poderemos fazer mais, mesmo que estejamos separados.<br \/>\nEstes tr\u00eas pressupostos ajudam claramente a definir se o prop\u00f3sito de uma marca \u00e9 real, actual e se est\u00e1 alinhado com os interesses dos consumidores, bem como se responde \u00e0s expectativas que estes lhe depositam.Assim, a comunica\u00e7\u00e3o de uma marca deve ser positiva, assentar na verdade e honestidade, gerar empatia e seguran\u00e7a, criar uma comunidade, ser social e ambientalmente respons\u00e1vel, bem como focada no cliente e na audi\u00eancia.<br \/>\nSinais claros do empowerment do consumidor e de uma nova compreens\u00e3o do que significa o impacto positivo de uma marca. Agora, n\u00e3o apenas na satisfa\u00e7\u00e3o imediata de um fugaz momento de consumo, mas tamb\u00e9m, a termo, na realidade social, ambiental, ou noutras vertentes que a marca possa moldar positivamente. A aliada do consumidor na constru\u00e7\u00e3o de uma nova normalidade nascida por dirup\u00e7\u00e3o em tempos de pandemia.<br \/>\nArtigo de opini\u00e3o de Jos\u00e9 Amaral, managing director da Marca Criativa | Sendys Group<\/p>\n<p>\n<!--noindex--><br \/>\n<a href=\"https:\/\/www.meiosepublicidade.pt\/2020\/11\/comunicacao-das-marcas-tempo-pandemia\/\" rel=\"nofollow\">Source link <\/a><br \/>\n<!--\/noindex--><\/p>\n","protected":false},"excerpt":{"rendered":"<p>Disrup\u00e7\u00e3o. A reboque da pandemia global que ainda vivemos, este ser\u00e1, com certeza, o grande conceito que 2020 nos trouxe. Segundo o dicion\u00e1rio \u2018Houaiss\u2019, trata-se do acto de romper, rotura, fractura e interrup\u00e7\u00e3o do curso normal de um processo. A disrup\u00e7\u00e3o chegou e instalou-se na nossa vida pessoal e profissional. Num \u00e1pice, tudo quanto eram [&hellip;]<\/p>\n","protected":false},"author":2,"featured_media":5420,"comment_status":"open","ping_status":"open","sticky":false,"template":"","format":"standard","meta":{"footnotes":""},"categories":[2],"tags":[],"class_list":["post-5419","post","type-post","status-publish","format-standard","has-post-thumbnail","hentry","category-noticias-de-marketing-digital"],"yoast_head":"<!-- This site is optimized with the Yoast SEO plugin v27.4 - https:\/\/yoast.com\/product\/yoast-seo-wordpress\/ -->\n<title>Comunica\u00e7\u00e3o das marcas em tempo de pandemia - Meios &amp; Publicidade - Super News<\/title>\n<meta name=\"robots\" content=\"index, follow, max-snippet:-1, max-image-preview:large, max-video-preview:-1\" \/>\n<link rel=\"canonical\" href=\"https:\/\/super-news.info\/pt\/comunicacao-das-marcas-em-tempo-de-pandemia-meios-publicidade\/\" \/>\n<meta property=\"og:locale\" content=\"pt_PT\" \/>\n<meta property=\"og:type\" content=\"article\" \/>\n<meta property=\"og:title\" content=\"Comunica\u00e7\u00e3o das marcas em tempo de pandemia - Meios &amp; Publicidade - Super News\" \/>\n<meta property=\"og:description\" content=\"Disrup\u00e7\u00e3o. A reboque da pandemia global que ainda vivemos, este ser\u00e1, com certeza, o grande conceito que 2020 nos trouxe. Segundo o dicion\u00e1rio \u2018Houaiss\u2019, trata-se do acto de romper, rotura, fractura e interrup\u00e7\u00e3o do curso normal de um processo. A disrup\u00e7\u00e3o chegou e instalou-se na nossa vida pessoal e profissional. Num \u00e1pice, tudo quanto eram [&hellip;]\" \/>\n<meta property=\"og:url\" content=\"https:\/\/super-news.info\/pt\/comunicacao-das-marcas-em-tempo-de-pandemia-meios-publicidade\/\" \/>\n<meta property=\"og:site_name\" content=\"Super News\" \/>\n<meta property=\"article:published_time\" content=\"2020-11-30T18:38:02+00:00\" \/>\n<meta property=\"article:modified_time\" content=\"2020-11-30T18:38:03+00:00\" \/>\n<meta property=\"og:image\" content=\"https:\/\/super-news.info\/pt\/wp-content\/uploads\/sites\/2\/2020\/11\/Comunica-o-das-marcas-em-tempo-de-pandemia-Meios.jpg\" \/>\n\t<meta property=\"og:image:width\" content=\"490\" \/>\n\t<meta property=\"og:image:height\" content=\"386\" \/>\n\t<meta property=\"og:image:type\" content=\"image\/jpeg\" \/>\n<meta name=\"author\" content=\"super-news\" \/>\n<meta name=\"twitter:card\" content=\"summary_large_image\" \/>\n<meta name=\"twitter:label1\" content=\"Escrito por\" \/>\n\t<meta name=\"twitter:data1\" content=\"super-news\" \/>\n\t<meta name=\"twitter:label2\" content=\"Tempo estimado de leitura\" \/>\n\t<meta name=\"twitter:data2\" content=\"3 minutos\" \/>\n<script type=\"application\/ld+json\" class=\"yoast-schema-graph\">{\"@context\":\"https:\\\/\\\/schema.org\",\"@graph\":[{\"@type\":\"Article\",\"@id\":\"https:\\\/\\\/super-news.info\\\/pt\\\/comunicacao-das-marcas-em-tempo-de-pandemia-meios-publicidade\\\/#article\",\"isPartOf\":{\"@id\":\"https:\\\/\\\/super-news.info\\\/pt\\\/comunicacao-das-marcas-em-tempo-de-pandemia-meios-publicidade\\\/\"},\"author\":{\"name\":\"super-news\",\"@id\":\"https:\\\/\\\/super-news.info\\\/pt\\\/#\\\/schema\\\/person\\\/2d4068cb2f39cd10008c2fce578a7356\"},\"headline\":\"Comunica\u00e7\u00e3o das marcas em tempo de pandemia &#8211; Meios &#038; Publicidade\",\"datePublished\":\"2020-11-30T18:38:02+00:00\",\"dateModified\":\"2020-11-30T18:38:03+00:00\",\"mainEntityOfPage\":{\"@id\":\"https:\\\/\\\/super-news.info\\\/pt\\\/comunicacao-das-marcas-em-tempo-de-pandemia-meios-publicidade\\\/\"},\"wordCount\":632,\"commentCount\":0,\"image\":{\"@id\":\"https:\\\/\\\/super-news.info\\\/pt\\\/comunicacao-das-marcas-em-tempo-de-pandemia-meios-publicidade\\\/#primaryimage\"},\"thumbnailUrl\":\"https:\\\/\\\/super-news.info\\\/pt\\\/wp-content\\\/uploads\\\/sites\\\/2\\\/2020\\\/11\\\/Comunica-o-das-marcas-em-tempo-de-pandemia-Meios.jpg\",\"articleSection\":[\"NOT\u00cdCIAS DE MARKETING DIGITAL\"],\"inLanguage\":\"pt-PT\",\"potentialAction\":[{\"@type\":\"CommentAction\",\"name\":\"Comment\",\"target\":[\"https:\\\/\\\/super-news.info\\\/pt\\\/comunicacao-das-marcas-em-tempo-de-pandemia-meios-publicidade\\\/#respond\"]}]},{\"@type\":\"WebPage\",\"@id\":\"https:\\\/\\\/super-news.info\\\/pt\\\/comunicacao-das-marcas-em-tempo-de-pandemia-meios-publicidade\\\/\",\"url\":\"https:\\\/\\\/super-news.info\\\/pt\\\/comunicacao-das-marcas-em-tempo-de-pandemia-meios-publicidade\\\/\",\"name\":\"Comunica\u00e7\u00e3o das marcas em tempo de pandemia - Meios & Publicidade - Super News\",\"isPartOf\":{\"@id\":\"https:\\\/\\\/super-news.info\\\/pt\\\/#website\"},\"primaryImageOfPage\":{\"@id\":\"https:\\\/\\\/super-news.info\\\/pt\\\/comunicacao-das-marcas-em-tempo-de-pandemia-meios-publicidade\\\/#primaryimage\"},\"image\":{\"@id\":\"https:\\\/\\\/super-news.info\\\/pt\\\/comunicacao-das-marcas-em-tempo-de-pandemia-meios-publicidade\\\/#primaryimage\"},\"thumbnailUrl\":\"https:\\\/\\\/super-news.info\\\/pt\\\/wp-content\\\/uploads\\\/sites\\\/2\\\/2020\\\/11\\\/Comunica-o-das-marcas-em-tempo-de-pandemia-Meios.jpg\",\"datePublished\":\"2020-11-30T18:38:02+00:00\",\"dateModified\":\"2020-11-30T18:38:03+00:00\",\"author\":{\"@id\":\"https:\\\/\\\/super-news.info\\\/pt\\\/#\\\/schema\\\/person\\\/2d4068cb2f39cd10008c2fce578a7356\"},\"breadcrumb\":{\"@id\":\"https:\\\/\\\/super-news.info\\\/pt\\\/comunicacao-das-marcas-em-tempo-de-pandemia-meios-publicidade\\\/#breadcrumb\"},\"inLanguage\":\"pt-PT\",\"potentialAction\":[{\"@type\":\"ReadAction\",\"target\":[\"https:\\\/\\\/super-news.info\\\/pt\\\/comunicacao-das-marcas-em-tempo-de-pandemia-meios-publicidade\\\/\"]}]},{\"@type\":\"ImageObject\",\"inLanguage\":\"pt-PT\",\"@id\":\"https:\\\/\\\/super-news.info\\\/pt\\\/comunicacao-das-marcas-em-tempo-de-pandemia-meios-publicidade\\\/#primaryimage\",\"url\":\"https:\\\/\\\/super-news.info\\\/pt\\\/wp-content\\\/uploads\\\/sites\\\/2\\\/2020\\\/11\\\/Comunica-o-das-marcas-em-tempo-de-pandemia-Meios.jpg\",\"contentUrl\":\"https:\\\/\\\/super-news.info\\\/pt\\\/wp-content\\\/uploads\\\/sites\\\/2\\\/2020\\\/11\\\/Comunica-o-das-marcas-em-tempo-de-pandemia-Meios.jpg\",\"width\":490,\"height\":386,\"caption\":\"Comunica\u00e7\u00e3o das marcas em tempo de pandemia - Meios & Publicidade\"},{\"@type\":\"BreadcrumbList\",\"@id\":\"https:\\\/\\\/super-news.info\\\/pt\\\/comunicacao-das-marcas-em-tempo-de-pandemia-meios-publicidade\\\/#breadcrumb\",\"itemListElement\":[{\"@type\":\"ListItem\",\"position\":1,\"name\":\"\u0413\u043b\u0430\u0432\u043d\u0430\u044f \u0441\u0442\u0440\u0430\u043d\u0438\u0446\u0430\",\"item\":\"https:\\\/\\\/super-news.info\\\/pt\\\/\"},{\"@type\":\"ListItem\",\"position\":2,\"name\":\"Comunica\u00e7\u00e3o das marcas em tempo de pandemia &#8211; Meios &#038; Publicidade\"}]},{\"@type\":\"WebSite\",\"@id\":\"https:\\\/\\\/super-news.info\\\/pt\\\/#website\",\"url\":\"https:\\\/\\\/super-news.info\\\/pt\\\/\",\"name\":\"Super News\",\"description\":\"Super News Portugal\",\"potentialAction\":[{\"@type\":\"SearchAction\",\"target\":{\"@type\":\"EntryPoint\",\"urlTemplate\":\"https:\\\/\\\/super-news.info\\\/pt\\\/?s={search_term_string}\"},\"query-input\":{\"@type\":\"PropertyValueSpecification\",\"valueRequired\":true,\"valueName\":\"search_term_string\"}}],\"inLanguage\":\"pt-PT\"},{\"@type\":\"Person\",\"@id\":\"https:\\\/\\\/super-news.info\\\/pt\\\/#\\\/schema\\\/person\\\/2d4068cb2f39cd10008c2fce578a7356\",\"name\":\"super-news\",\"image\":{\"@type\":\"ImageObject\",\"inLanguage\":\"pt-PT\",\"@id\":\"https:\\\/\\\/secure.gravatar.com\\\/avatar\\\/64ebac40b93f26a154f8a9b5b6fdccfc46f442b26b3dd6756dbff3bf9dc76fd7?s=96&d=mm&r=g\",\"url\":\"https:\\\/\\\/secure.gravatar.com\\\/avatar\\\/64ebac40b93f26a154f8a9b5b6fdccfc46f442b26b3dd6756dbff3bf9dc76fd7?s=96&d=mm&r=g\",\"contentUrl\":\"https:\\\/\\\/secure.gravatar.com\\\/avatar\\\/64ebac40b93f26a154f8a9b5b6fdccfc46f442b26b3dd6756dbff3bf9dc76fd7?s=96&d=mm&r=g\",\"caption\":\"super-news\"},\"url\":\"https:\\\/\\\/super-news.info\\\/pt\\\/author\\\/pt\\\/\"}]}<\/script>\n<!-- \/ Yoast SEO plugin. -->","yoast_head_json":{"title":"Comunica\u00e7\u00e3o das marcas em tempo de pandemia - Meios & Publicidade - Super News","robots":{"index":"index","follow":"follow","max-snippet":"max-snippet:-1","max-image-preview":"max-image-preview:large","max-video-preview":"max-video-preview:-1"},"canonical":"https:\/\/super-news.info\/pt\/comunicacao-das-marcas-em-tempo-de-pandemia-meios-publicidade\/","og_locale":"pt_PT","og_type":"article","og_title":"Comunica\u00e7\u00e3o das marcas em tempo de pandemia - Meios & Publicidade - Super News","og_description":"Disrup\u00e7\u00e3o. A reboque da pandemia global que ainda vivemos, este ser\u00e1, com certeza, o grande conceito que 2020 nos trouxe. Segundo o dicion\u00e1rio \u2018Houaiss\u2019, trata-se do acto de romper, rotura, fractura e interrup\u00e7\u00e3o do curso normal de um processo. A disrup\u00e7\u00e3o chegou e instalou-se na nossa vida pessoal e profissional. Num \u00e1pice, tudo quanto eram [&hellip;]","og_url":"https:\/\/super-news.info\/pt\/comunicacao-das-marcas-em-tempo-de-pandemia-meios-publicidade\/","og_site_name":"Super News","article_published_time":"2020-11-30T18:38:02+00:00","article_modified_time":"2020-11-30T18:38:03+00:00","og_image":[{"width":490,"height":386,"url":"https:\/\/super-news.info\/pt\/wp-content\/uploads\/sites\/2\/2020\/11\/Comunica-o-das-marcas-em-tempo-de-pandemia-Meios.jpg","type":"image\/jpeg"}],"author":"super-news","twitter_card":"summary_large_image","twitter_misc":{"Escrito por":"super-news","Tempo estimado de leitura":"3 minutos"},"schema":{"@context":"https:\/\/schema.org","@graph":[{"@type":"Article","@id":"https:\/\/super-news.info\/pt\/comunicacao-das-marcas-em-tempo-de-pandemia-meios-publicidade\/#article","isPartOf":{"@id":"https:\/\/super-news.info\/pt\/comunicacao-das-marcas-em-tempo-de-pandemia-meios-publicidade\/"},"author":{"name":"super-news","@id":"https:\/\/super-news.info\/pt\/#\/schema\/person\/2d4068cb2f39cd10008c2fce578a7356"},"headline":"Comunica\u00e7\u00e3o das marcas em tempo de pandemia &#8211; Meios &#038; Publicidade","datePublished":"2020-11-30T18:38:02+00:00","dateModified":"2020-11-30T18:38:03+00:00","mainEntityOfPage":{"@id":"https:\/\/super-news.info\/pt\/comunicacao-das-marcas-em-tempo-de-pandemia-meios-publicidade\/"},"wordCount":632,"commentCount":0,"image":{"@id":"https:\/\/super-news.info\/pt\/comunicacao-das-marcas-em-tempo-de-pandemia-meios-publicidade\/#primaryimage"},"thumbnailUrl":"https:\/\/super-news.info\/pt\/wp-content\/uploads\/sites\/2\/2020\/11\/Comunica-o-das-marcas-em-tempo-de-pandemia-Meios.jpg","articleSection":["NOT\u00cdCIAS DE MARKETING DIGITAL"],"inLanguage":"pt-PT","potentialAction":[{"@type":"CommentAction","name":"Comment","target":["https:\/\/super-news.info\/pt\/comunicacao-das-marcas-em-tempo-de-pandemia-meios-publicidade\/#respond"]}]},{"@type":"WebPage","@id":"https:\/\/super-news.info\/pt\/comunicacao-das-marcas-em-tempo-de-pandemia-meios-publicidade\/","url":"https:\/\/super-news.info\/pt\/comunicacao-das-marcas-em-tempo-de-pandemia-meios-publicidade\/","name":"Comunica\u00e7\u00e3o das marcas em tempo de pandemia - Meios & Publicidade - Super News","isPartOf":{"@id":"https:\/\/super-news.info\/pt\/#website"},"primaryImageOfPage":{"@id":"https:\/\/super-news.info\/pt\/comunicacao-das-marcas-em-tempo-de-pandemia-meios-publicidade\/#primaryimage"},"image":{"@id":"https:\/\/super-news.info\/pt\/comunicacao-das-marcas-em-tempo-de-pandemia-meios-publicidade\/#primaryimage"},"thumbnailUrl":"https:\/\/super-news.info\/pt\/wp-content\/uploads\/sites\/2\/2020\/11\/Comunica-o-das-marcas-em-tempo-de-pandemia-Meios.jpg","datePublished":"2020-11-30T18:38:02+00:00","dateModified":"2020-11-30T18:38:03+00:00","author":{"@id":"https:\/\/super-news.info\/pt\/#\/schema\/person\/2d4068cb2f39cd10008c2fce578a7356"},"breadcrumb":{"@id":"https:\/\/super-news.info\/pt\/comunicacao-das-marcas-em-tempo-de-pandemia-meios-publicidade\/#breadcrumb"},"inLanguage":"pt-PT","potentialAction":[{"@type":"ReadAction","target":["https:\/\/super-news.info\/pt\/comunicacao-das-marcas-em-tempo-de-pandemia-meios-publicidade\/"]}]},{"@type":"ImageObject","inLanguage":"pt-PT","@id":"https:\/\/super-news.info\/pt\/comunicacao-das-marcas-em-tempo-de-pandemia-meios-publicidade\/#primaryimage","url":"https:\/\/super-news.info\/pt\/wp-content\/uploads\/sites\/2\/2020\/11\/Comunica-o-das-marcas-em-tempo-de-pandemia-Meios.jpg","contentUrl":"https:\/\/super-news.info\/pt\/wp-content\/uploads\/sites\/2\/2020\/11\/Comunica-o-das-marcas-em-tempo-de-pandemia-Meios.jpg","width":490,"height":386,"caption":"Comunica\u00e7\u00e3o das marcas em tempo de pandemia - Meios & Publicidade"},{"@type":"BreadcrumbList","@id":"https:\/\/super-news.info\/pt\/comunicacao-das-marcas-em-tempo-de-pandemia-meios-publicidade\/#breadcrumb","itemListElement":[{"@type":"ListItem","position":1,"name":"\u0413\u043b\u0430\u0432\u043d\u0430\u044f \u0441\u0442\u0440\u0430\u043d\u0438\u0446\u0430","item":"https:\/\/super-news.info\/pt\/"},{"@type":"ListItem","position":2,"name":"Comunica\u00e7\u00e3o das marcas em tempo de pandemia &#8211; Meios &#038; Publicidade"}]},{"@type":"WebSite","@id":"https:\/\/super-news.info\/pt\/#website","url":"https:\/\/super-news.info\/pt\/","name":"Super News","description":"Super News Portugal","potentialAction":[{"@type":"SearchAction","target":{"@type":"EntryPoint","urlTemplate":"https:\/\/super-news.info\/pt\/?s={search_term_string}"},"query-input":{"@type":"PropertyValueSpecification","valueRequired":true,"valueName":"search_term_string"}}],"inLanguage":"pt-PT"},{"@type":"Person","@id":"https:\/\/super-news.info\/pt\/#\/schema\/person\/2d4068cb2f39cd10008c2fce578a7356","name":"super-news","image":{"@type":"ImageObject","inLanguage":"pt-PT","@id":"https:\/\/secure.gravatar.com\/avatar\/64ebac40b93f26a154f8a9b5b6fdccfc46f442b26b3dd6756dbff3bf9dc76fd7?s=96&d=mm&r=g","url":"https:\/\/secure.gravatar.com\/avatar\/64ebac40b93f26a154f8a9b5b6fdccfc46f442b26b3dd6756dbff3bf9dc76fd7?s=96&d=mm&r=g","contentUrl":"https:\/\/secure.gravatar.com\/avatar\/64ebac40b93f26a154f8a9b5b6fdccfc46f442b26b3dd6756dbff3bf9dc76fd7?s=96&d=mm&r=g","caption":"super-news"},"url":"https:\/\/super-news.info\/pt\/author\/pt\/"}]}},"_links":{"self":[{"href":"https:\/\/super-news.info\/pt\/wp-json\/wp\/v2\/posts\/5419","targetHints":{"allow":["GET"]}}],"collection":[{"href":"https:\/\/super-news.info\/pt\/wp-json\/wp\/v2\/posts"}],"about":[{"href":"https:\/\/super-news.info\/pt\/wp-json\/wp\/v2\/types\/post"}],"author":[{"embeddable":true,"href":"https:\/\/super-news.info\/pt\/wp-json\/wp\/v2\/users\/2"}],"replies":[{"embeddable":true,"href":"https:\/\/super-news.info\/pt\/wp-json\/wp\/v2\/comments?post=5419"}],"version-history":[{"count":1,"href":"https:\/\/super-news.info\/pt\/wp-json\/wp\/v2\/posts\/5419\/revisions"}],"predecessor-version":[{"id":5421,"href":"https:\/\/super-news.info\/pt\/wp-json\/wp\/v2\/posts\/5419\/revisions\/5421"}],"wp:featuredmedia":[{"embeddable":true,"href":"https:\/\/super-news.info\/pt\/wp-json\/wp\/v2\/media\/5420"}],"wp:attachment":[{"href":"https:\/\/super-news.info\/pt\/wp-json\/wp\/v2\/media?parent=5419"}],"wp:term":[{"taxonomy":"category","embeddable":true,"href":"https:\/\/super-news.info\/pt\/wp-json\/wp\/v2\/categories?post=5419"},{"taxonomy":"post_tag","embeddable":true,"href":"https:\/\/super-news.info\/pt\/wp-json\/wp\/v2\/tags?post=5419"}],"curies":[{"name":"wp","href":"https:\/\/api.w.org\/{rel}","templated":true}]}}