{"id":5407,"date":"2020-11-29T21:33:57","date_gmt":"2020-11-29T18:33:57","guid":{"rendered":"https:\/\/super-news.info\/pt\/nervo-leva-projecto-da-liga-portuguesa-contra-o-cancro-nas-escolas-para-o-digital-meios-publicidade\/"},"modified":"2020-11-29T21:33:59","modified_gmt":"2020-11-29T18:33:59","slug":"nervo-leva-projecto-da-liga-portuguesa-contra-o-cancro-nas-escolas-para-o-digital-meios-publicidade","status":"publish","type":"post","link":"https:\/\/super-news.info\/pt\/nervo-leva-projecto-da-liga-portuguesa-contra-o-cancro-nas-escolas-para-o-digital-meios-publicidade\/","title":{"rendered":"Nervo leva projecto da Liga Portuguesa Contra o Cancro nas escolas para o digital &#8211; Meios &#038; Publicidade"},"content":{"rendered":"<p>Ap\u00f3s uma primeira edi\u00e7\u00e3o com roadshow por escolas de todo o pa\u00eds, a pandemia obrigou o projecto HPV e Qu\u00ea? da Liga Portuguesa Contra o Cancro a reinventar-se, assumindo agora um formato digital atrav\u00e9s de live streaming. \u201cAcabar com os qu\u00eas e os porqu\u00eas sobre o HPV junto da popula\u00e7\u00e3o jovem\u201d continua a ser o objectivo da iniciativa, que troca este ano o contacto directo com os jovens nos recreios das escolas por sess\u00f5es de live streaming com \u201cnovas escolas, novo cen\u00e1rio e novas formas de interac\u00e7\u00e3o totalmente adequadas \u00e0 realidade actual\u201d.<br \/>\n\u201cPrepar\u00e1mos 25 sess\u00f5es de live streaming, conduzidas a partir de um est\u00fadio virtual nos nossos HQ em directo para as salas de aula pelo pa\u00eds fora, com desafios em realidade aumentada, quizes respondidos via smartphone, esclarecimento de d\u00favidas ao vivo por m\u00e9dicos convidados pela LPCC e muitos pr\u00e9mios\u201d, explica Miguel Pires, creative partner da Nervo, acrescentando que \u201ccinco destas sess\u00f5es v\u00e3o ainda contar com um concerto digital e exclusivo de Waze, o m\u00fasico embaixador do projecto, que criou uma nova m\u00fasica para marcar o in\u00edcio desta segunda edi\u00e7\u00e3o\u201d.<br \/>\nA m\u00fasica \u201cT\u00e1 Seguro\u201d conta com um videoclip alusivo \u00e0 primeira edi\u00e7\u00e3o do projecto, presente no YouTube, e pode ser ouvida tamb\u00e9m no Spotify, numa \u201cestrat\u00e9gia para manter a mensagem activa junto do target a longo prazo\u201d. \u201cCom uma primeira edi\u00e7\u00e3o vencedora, confirmada pelo retorno medi\u00e1tico alcan\u00e7ado e que nos valeu at\u00e9 um pr\u00e9mio CCP, era imperativo que a experi\u00eancia que cri\u00e1mos para levar a novas escolas n\u00e3o defraudasse as expectativas. E, na verdade, acredito que subimos a fasquia\u201d, afirma Miguel Pires.<\/p>\n<p>\n<!--noindex--><br \/>\n<a href=\"https:\/\/www.meiosepublicidade.pt\/2020\/11\/nervo-leva-projecto-da-liga-portuguesa-cancro-nas-escolas-digital\/\" rel=\"nofollow\">Source link <\/a><br \/>\n<!--\/noindex--><\/p>\n","protected":false},"excerpt":{"rendered":"<p>Ap\u00f3s uma primeira edi\u00e7\u00e3o com roadshow por escolas de todo o pa\u00eds, a pandemia obrigou o projecto HPV e Qu\u00ea? da Liga Portuguesa Contra o Cancro a reinventar-se, assumindo agora um formato digital atrav\u00e9s de live streaming. \u201cAcabar com os qu\u00eas e os porqu\u00eas sobre o HPV junto da popula\u00e7\u00e3o jovem\u201d continua a ser o [&hellip;]<\/p>\n","protected":false},"author":2,"featured_media":5408,"comment_status":"open","ping_status":"open","sticky":false,"template":"","format":"standard","meta":{"footnotes":""},"categories":[2],"tags":[],"class_list":["post-5407","post","type-post","status-publish","format-standard","has-post-thumbnail","hentry","category-noticias-de-marketing-digital"],"yoast_head":"<!-- This site is optimized with the Yoast SEO plugin v27.4 - https:\/\/yoast.com\/product\/yoast-seo-wordpress\/ -->\n<title>Nervo leva projecto da Liga Portuguesa Contra o Cancro nas escolas para o digital - Meios &amp; Publicidade - Super News<\/title>\n<meta name=\"robots\" content=\"index, follow, max-snippet:-1, max-image-preview:large, max-video-preview:-1\" \/>\n<link rel=\"canonical\" href=\"https:\/\/super-news.info\/pt\/nervo-leva-projecto-da-liga-portuguesa-contra-o-cancro-nas-escolas-para-o-digital-meios-publicidade\/\" \/>\n<meta property=\"og:locale\" content=\"pt_PT\" \/>\n<meta property=\"og:type\" content=\"article\" \/>\n<meta property=\"og:title\" content=\"Nervo leva projecto da Liga Portuguesa Contra o Cancro nas escolas para o digital - Meios &amp; Publicidade - Super News\" \/>\n<meta property=\"og:description\" content=\"Ap\u00f3s uma primeira edi\u00e7\u00e3o com roadshow por escolas de todo o pa\u00eds, a pandemia obrigou o projecto HPV e Qu\u00ea? da Liga Portuguesa Contra o Cancro a reinventar-se, assumindo agora um formato digital atrav\u00e9s de live streaming. \u201cAcabar com os qu\u00eas e os porqu\u00eas sobre o HPV junto da popula\u00e7\u00e3o jovem\u201d continua a ser o [&hellip;]\" \/>\n<meta property=\"og:url\" content=\"https:\/\/super-news.info\/pt\/nervo-leva-projecto-da-liga-portuguesa-contra-o-cancro-nas-escolas-para-o-digital-meios-publicidade\/\" \/>\n<meta property=\"og:site_name\" content=\"Super News\" \/>\n<meta property=\"article:published_time\" content=\"2020-11-29T18:33:57+00:00\" \/>\n<meta property=\"article:modified_time\" content=\"2020-11-29T18:33:59+00:00\" \/>\n<meta property=\"og:image\" content=\"https:\/\/super-news.info\/pt\/wp-content\/uploads\/sites\/2\/2020\/11\/Nervo-leva-projecto-da-Liga-Portuguesa-Contra-o-Cancro-nas.jpg\" \/>\n\t<meta property=\"og:image:width\" content=\"2048\" \/>\n\t<meta property=\"og:image:height\" content=\"1106\" \/>\n\t<meta property=\"og:image:type\" content=\"image\/jpeg\" \/>\n<meta name=\"author\" content=\"super-news\" \/>\n<meta name=\"twitter:card\" content=\"summary_large_image\" \/>\n<meta name=\"twitter:label1\" content=\"Escrito por\" \/>\n\t<meta name=\"twitter:data1\" content=\"super-news\" \/>\n\t<meta name=\"twitter:label2\" content=\"Tempo estimado de leitura\" \/>\n\t<meta name=\"twitter:data2\" content=\"1 minuto\" \/>\n<script type=\"application\/ld+json\" class=\"yoast-schema-graph\">{\"@context\":\"https:\\\/\\\/schema.org\",\"@graph\":[{\"@type\":\"Article\",\"@id\":\"https:\\\/\\\/super-news.info\\\/pt\\\/nervo-leva-projecto-da-liga-portuguesa-contra-o-cancro-nas-escolas-para-o-digital-meios-publicidade\\\/#article\",\"isPartOf\":{\"@id\":\"https:\\\/\\\/super-news.info\\\/pt\\\/nervo-leva-projecto-da-liga-portuguesa-contra-o-cancro-nas-escolas-para-o-digital-meios-publicidade\\\/\"},\"author\":{\"name\":\"super-news\",\"@id\":\"https:\\\/\\\/super-news.info\\\/pt\\\/#\\\/schema\\\/person\\\/2d4068cb2f39cd10008c2fce578a7356\"},\"headline\":\"Nervo leva projecto da Liga Portuguesa Contra o Cancro nas escolas para o digital &#8211; Meios &#038; Publicidade\",\"datePublished\":\"2020-11-29T18:33:57+00:00\",\"dateModified\":\"2020-11-29T18:33:59+00:00\",\"mainEntityOfPage\":{\"@id\":\"https:\\\/\\\/super-news.info\\\/pt\\\/nervo-leva-projecto-da-liga-portuguesa-contra-o-cancro-nas-escolas-para-o-digital-meios-publicidade\\\/\"},\"wordCount\":312,\"commentCount\":0,\"image\":{\"@id\":\"https:\\\/\\\/super-news.info\\\/pt\\\/nervo-leva-projecto-da-liga-portuguesa-contra-o-cancro-nas-escolas-para-o-digital-meios-publicidade\\\/#primaryimage\"},\"thumbnailUrl\":\"https:\\\/\\\/super-news.info\\\/pt\\\/wp-content\\\/uploads\\\/sites\\\/2\\\/2020\\\/11\\\/Nervo-leva-projecto-da-Liga-Portuguesa-Contra-o-Cancro-nas.jpg\",\"articleSection\":[\"NOT\u00cdCIAS DE MARKETING DIGITAL\"],\"inLanguage\":\"pt-PT\",\"potentialAction\":[{\"@type\":\"CommentAction\",\"name\":\"Comment\",\"target\":[\"https:\\\/\\\/super-news.info\\\/pt\\\/nervo-leva-projecto-da-liga-portuguesa-contra-o-cancro-nas-escolas-para-o-digital-meios-publicidade\\\/#respond\"]}]},{\"@type\":\"WebPage\",\"@id\":\"https:\\\/\\\/super-news.info\\\/pt\\\/nervo-leva-projecto-da-liga-portuguesa-contra-o-cancro-nas-escolas-para-o-digital-meios-publicidade\\\/\",\"url\":\"https:\\\/\\\/super-news.info\\\/pt\\\/nervo-leva-projecto-da-liga-portuguesa-contra-o-cancro-nas-escolas-para-o-digital-meios-publicidade\\\/\",\"name\":\"Nervo leva projecto da Liga Portuguesa Contra o Cancro nas escolas para o digital - Meios & Publicidade - Super News\",\"isPartOf\":{\"@id\":\"https:\\\/\\\/super-news.info\\\/pt\\\/#website\"},\"primaryImageOfPage\":{\"@id\":\"https:\\\/\\\/super-news.info\\\/pt\\\/nervo-leva-projecto-da-liga-portuguesa-contra-o-cancro-nas-escolas-para-o-digital-meios-publicidade\\\/#primaryimage\"},\"image\":{\"@id\":\"https:\\\/\\\/super-news.info\\\/pt\\\/nervo-leva-projecto-da-liga-portuguesa-contra-o-cancro-nas-escolas-para-o-digital-meios-publicidade\\\/#primaryimage\"},\"thumbnailUrl\":\"https:\\\/\\\/super-news.info\\\/pt\\\/wp-content\\\/uploads\\\/sites\\\/2\\\/2020\\\/11\\\/Nervo-leva-projecto-da-Liga-Portuguesa-Contra-o-Cancro-nas.jpg\",\"datePublished\":\"2020-11-29T18:33:57+00:00\",\"dateModified\":\"2020-11-29T18:33:59+00:00\",\"author\":{\"@id\":\"https:\\\/\\\/super-news.info\\\/pt\\\/#\\\/schema\\\/person\\\/2d4068cb2f39cd10008c2fce578a7356\"},\"breadcrumb\":{\"@id\":\"https:\\\/\\\/super-news.info\\\/pt\\\/nervo-leva-projecto-da-liga-portuguesa-contra-o-cancro-nas-escolas-para-o-digital-meios-publicidade\\\/#breadcrumb\"},\"inLanguage\":\"pt-PT\",\"potentialAction\":[{\"@type\":\"ReadAction\",\"target\":[\"https:\\\/\\\/super-news.info\\\/pt\\\/nervo-leva-projecto-da-liga-portuguesa-contra-o-cancro-nas-escolas-para-o-digital-meios-publicidade\\\/\"]}]},{\"@type\":\"ImageObject\",\"inLanguage\":\"pt-PT\",\"@id\":\"https:\\\/\\\/super-news.info\\\/pt\\\/nervo-leva-projecto-da-liga-portuguesa-contra-o-cancro-nas-escolas-para-o-digital-meios-publicidade\\\/#primaryimage\",\"url\":\"https:\\\/\\\/super-news.info\\\/pt\\\/wp-content\\\/uploads\\\/sites\\\/2\\\/2020\\\/11\\\/Nervo-leva-projecto-da-Liga-Portuguesa-Contra-o-Cancro-nas.jpg\",\"contentUrl\":\"https:\\\/\\\/super-news.info\\\/pt\\\/wp-content\\\/uploads\\\/sites\\\/2\\\/2020\\\/11\\\/Nervo-leva-projecto-da-Liga-Portuguesa-Contra-o-Cancro-nas.jpg\",\"width\":2048,\"height\":1106,\"caption\":\"Nervo leva projecto da Liga Portuguesa Contra o Cancro nas escolas para o digital - Meios & Publicidade\"},{\"@type\":\"BreadcrumbList\",\"@id\":\"https:\\\/\\\/super-news.info\\\/pt\\\/nervo-leva-projecto-da-liga-portuguesa-contra-o-cancro-nas-escolas-para-o-digital-meios-publicidade\\\/#breadcrumb\",\"itemListElement\":[{\"@type\":\"ListItem\",\"position\":1,\"name\":\"\u0413\u043b\u0430\u0432\u043d\u0430\u044f \u0441\u0442\u0440\u0430\u043d\u0438\u0446\u0430\",\"item\":\"https:\\\/\\\/super-news.info\\\/pt\\\/\"},{\"@type\":\"ListItem\",\"position\":2,\"name\":\"Nervo leva projecto da Liga Portuguesa Contra o Cancro nas escolas para o digital &#8211; Meios &#038; Publicidade\"}]},{\"@type\":\"WebSite\",\"@id\":\"https:\\\/\\\/super-news.info\\\/pt\\\/#website\",\"url\":\"https:\\\/\\\/super-news.info\\\/pt\\\/\",\"name\":\"Super News\",\"description\":\"Super News Portugal\",\"potentialAction\":[{\"@type\":\"SearchAction\",\"target\":{\"@type\":\"EntryPoint\",\"urlTemplate\":\"https:\\\/\\\/super-news.info\\\/pt\\\/?s={search_term_string}\"},\"query-input\":{\"@type\":\"PropertyValueSpecification\",\"valueRequired\":true,\"valueName\":\"search_term_string\"}}],\"inLanguage\":\"pt-PT\"},{\"@type\":\"Person\",\"@id\":\"https:\\\/\\\/super-news.info\\\/pt\\\/#\\\/schema\\\/person\\\/2d4068cb2f39cd10008c2fce578a7356\",\"name\":\"super-news\",\"image\":{\"@type\":\"ImageObject\",\"inLanguage\":\"pt-PT\",\"@id\":\"https:\\\/\\\/secure.gravatar.com\\\/avatar\\\/64ebac40b93f26a154f8a9b5b6fdccfc46f442b26b3dd6756dbff3bf9dc76fd7?s=96&d=mm&r=g\",\"url\":\"https:\\\/\\\/secure.gravatar.com\\\/avatar\\\/64ebac40b93f26a154f8a9b5b6fdccfc46f442b26b3dd6756dbff3bf9dc76fd7?s=96&d=mm&r=g\",\"contentUrl\":\"https:\\\/\\\/secure.gravatar.com\\\/avatar\\\/64ebac40b93f26a154f8a9b5b6fdccfc46f442b26b3dd6756dbff3bf9dc76fd7?s=96&d=mm&r=g\",\"caption\":\"super-news\"},\"url\":\"https:\\\/\\\/super-news.info\\\/pt\\\/author\\\/pt\\\/\"}]}<\/script>\n<!-- \/ Yoast SEO plugin. -->","yoast_head_json":{"title":"Nervo leva projecto da Liga Portuguesa Contra o Cancro nas escolas para o digital - Meios & Publicidade - Super News","robots":{"index":"index","follow":"follow","max-snippet":"max-snippet:-1","max-image-preview":"max-image-preview:large","max-video-preview":"max-video-preview:-1"},"canonical":"https:\/\/super-news.info\/pt\/nervo-leva-projecto-da-liga-portuguesa-contra-o-cancro-nas-escolas-para-o-digital-meios-publicidade\/","og_locale":"pt_PT","og_type":"article","og_title":"Nervo leva projecto da Liga Portuguesa Contra o Cancro nas escolas para o digital - Meios & Publicidade - Super News","og_description":"Ap\u00f3s uma primeira edi\u00e7\u00e3o com roadshow por escolas de todo o pa\u00eds, a pandemia obrigou o projecto HPV e Qu\u00ea? da Liga Portuguesa Contra o Cancro a reinventar-se, assumindo agora um formato digital atrav\u00e9s de live streaming. \u201cAcabar com os qu\u00eas e os porqu\u00eas sobre o HPV junto da popula\u00e7\u00e3o jovem\u201d continua a ser o [&hellip;]","og_url":"https:\/\/super-news.info\/pt\/nervo-leva-projecto-da-liga-portuguesa-contra-o-cancro-nas-escolas-para-o-digital-meios-publicidade\/","og_site_name":"Super News","article_published_time":"2020-11-29T18:33:57+00:00","article_modified_time":"2020-11-29T18:33:59+00:00","og_image":[{"width":2048,"height":1106,"url":"https:\/\/super-news.info\/pt\/wp-content\/uploads\/sites\/2\/2020\/11\/Nervo-leva-projecto-da-Liga-Portuguesa-Contra-o-Cancro-nas.jpg","type":"image\/jpeg"}],"author":"super-news","twitter_card":"summary_large_image","twitter_misc":{"Escrito por":"super-news","Tempo estimado de leitura":"1 minuto"},"schema":{"@context":"https:\/\/schema.org","@graph":[{"@type":"Article","@id":"https:\/\/super-news.info\/pt\/nervo-leva-projecto-da-liga-portuguesa-contra-o-cancro-nas-escolas-para-o-digital-meios-publicidade\/#article","isPartOf":{"@id":"https:\/\/super-news.info\/pt\/nervo-leva-projecto-da-liga-portuguesa-contra-o-cancro-nas-escolas-para-o-digital-meios-publicidade\/"},"author":{"name":"super-news","@id":"https:\/\/super-news.info\/pt\/#\/schema\/person\/2d4068cb2f39cd10008c2fce578a7356"},"headline":"Nervo leva projecto da Liga Portuguesa Contra o Cancro nas escolas para o digital &#8211; Meios &#038; Publicidade","datePublished":"2020-11-29T18:33:57+00:00","dateModified":"2020-11-29T18:33:59+00:00","mainEntityOfPage":{"@id":"https:\/\/super-news.info\/pt\/nervo-leva-projecto-da-liga-portuguesa-contra-o-cancro-nas-escolas-para-o-digital-meios-publicidade\/"},"wordCount":312,"commentCount":0,"image":{"@id":"https:\/\/super-news.info\/pt\/nervo-leva-projecto-da-liga-portuguesa-contra-o-cancro-nas-escolas-para-o-digital-meios-publicidade\/#primaryimage"},"thumbnailUrl":"https:\/\/super-news.info\/pt\/wp-content\/uploads\/sites\/2\/2020\/11\/Nervo-leva-projecto-da-Liga-Portuguesa-Contra-o-Cancro-nas.jpg","articleSection":["NOT\u00cdCIAS DE MARKETING DIGITAL"],"inLanguage":"pt-PT","potentialAction":[{"@type":"CommentAction","name":"Comment","target":["https:\/\/super-news.info\/pt\/nervo-leva-projecto-da-liga-portuguesa-contra-o-cancro-nas-escolas-para-o-digital-meios-publicidade\/#respond"]}]},{"@type":"WebPage","@id":"https:\/\/super-news.info\/pt\/nervo-leva-projecto-da-liga-portuguesa-contra-o-cancro-nas-escolas-para-o-digital-meios-publicidade\/","url":"https:\/\/super-news.info\/pt\/nervo-leva-projecto-da-liga-portuguesa-contra-o-cancro-nas-escolas-para-o-digital-meios-publicidade\/","name":"Nervo leva projecto da Liga Portuguesa Contra o Cancro nas escolas para o digital - Meios & Publicidade - Super News","isPartOf":{"@id":"https:\/\/super-news.info\/pt\/#website"},"primaryImageOfPage":{"@id":"https:\/\/super-news.info\/pt\/nervo-leva-projecto-da-liga-portuguesa-contra-o-cancro-nas-escolas-para-o-digital-meios-publicidade\/#primaryimage"},"image":{"@id":"https:\/\/super-news.info\/pt\/nervo-leva-projecto-da-liga-portuguesa-contra-o-cancro-nas-escolas-para-o-digital-meios-publicidade\/#primaryimage"},"thumbnailUrl":"https:\/\/super-news.info\/pt\/wp-content\/uploads\/sites\/2\/2020\/11\/Nervo-leva-projecto-da-Liga-Portuguesa-Contra-o-Cancro-nas.jpg","datePublished":"2020-11-29T18:33:57+00:00","dateModified":"2020-11-29T18:33:59+00:00","author":{"@id":"https:\/\/super-news.info\/pt\/#\/schema\/person\/2d4068cb2f39cd10008c2fce578a7356"},"breadcrumb":{"@id":"https:\/\/super-news.info\/pt\/nervo-leva-projecto-da-liga-portuguesa-contra-o-cancro-nas-escolas-para-o-digital-meios-publicidade\/#breadcrumb"},"inLanguage":"pt-PT","potentialAction":[{"@type":"ReadAction","target":["https:\/\/super-news.info\/pt\/nervo-leva-projecto-da-liga-portuguesa-contra-o-cancro-nas-escolas-para-o-digital-meios-publicidade\/"]}]},{"@type":"ImageObject","inLanguage":"pt-PT","@id":"https:\/\/super-news.info\/pt\/nervo-leva-projecto-da-liga-portuguesa-contra-o-cancro-nas-escolas-para-o-digital-meios-publicidade\/#primaryimage","url":"https:\/\/super-news.info\/pt\/wp-content\/uploads\/sites\/2\/2020\/11\/Nervo-leva-projecto-da-Liga-Portuguesa-Contra-o-Cancro-nas.jpg","contentUrl":"https:\/\/super-news.info\/pt\/wp-content\/uploads\/sites\/2\/2020\/11\/Nervo-leva-projecto-da-Liga-Portuguesa-Contra-o-Cancro-nas.jpg","width":2048,"height":1106,"caption":"Nervo leva projecto da Liga Portuguesa Contra o Cancro nas escolas para o digital - Meios & Publicidade"},{"@type":"BreadcrumbList","@id":"https:\/\/super-news.info\/pt\/nervo-leva-projecto-da-liga-portuguesa-contra-o-cancro-nas-escolas-para-o-digital-meios-publicidade\/#breadcrumb","itemListElement":[{"@type":"ListItem","position":1,"name":"\u0413\u043b\u0430\u0432\u043d\u0430\u044f \u0441\u0442\u0440\u0430\u043d\u0438\u0446\u0430","item":"https:\/\/super-news.info\/pt\/"},{"@type":"ListItem","position":2,"name":"Nervo leva projecto da Liga Portuguesa Contra o Cancro nas escolas para o digital &#8211; Meios &#038; Publicidade"}]},{"@type":"WebSite","@id":"https:\/\/super-news.info\/pt\/#website","url":"https:\/\/super-news.info\/pt\/","name":"Super News","description":"Super News Portugal","potentialAction":[{"@type":"SearchAction","target":{"@type":"EntryPoint","urlTemplate":"https:\/\/super-news.info\/pt\/?s={search_term_string}"},"query-input":{"@type":"PropertyValueSpecification","valueRequired":true,"valueName":"search_term_string"}}],"inLanguage":"pt-PT"},{"@type":"Person","@id":"https:\/\/super-news.info\/pt\/#\/schema\/person\/2d4068cb2f39cd10008c2fce578a7356","name":"super-news","image":{"@type":"ImageObject","inLanguage":"pt-PT","@id":"https:\/\/secure.gravatar.com\/avatar\/64ebac40b93f26a154f8a9b5b6fdccfc46f442b26b3dd6756dbff3bf9dc76fd7?s=96&d=mm&r=g","url":"https:\/\/secure.gravatar.com\/avatar\/64ebac40b93f26a154f8a9b5b6fdccfc46f442b26b3dd6756dbff3bf9dc76fd7?s=96&d=mm&r=g","contentUrl":"https:\/\/secure.gravatar.com\/avatar\/64ebac40b93f26a154f8a9b5b6fdccfc46f442b26b3dd6756dbff3bf9dc76fd7?s=96&d=mm&r=g","caption":"super-news"},"url":"https:\/\/super-news.info\/pt\/author\/pt\/"}]}},"_links":{"self":[{"href":"https:\/\/super-news.info\/pt\/wp-json\/wp\/v2\/posts\/5407","targetHints":{"allow":["GET"]}}],"collection":[{"href":"https:\/\/super-news.info\/pt\/wp-json\/wp\/v2\/posts"}],"about":[{"href":"https:\/\/super-news.info\/pt\/wp-json\/wp\/v2\/types\/post"}],"author":[{"embeddable":true,"href":"https:\/\/super-news.info\/pt\/wp-json\/wp\/v2\/users\/2"}],"replies":[{"embeddable":true,"href":"https:\/\/super-news.info\/pt\/wp-json\/wp\/v2\/comments?post=5407"}],"version-history":[{"count":1,"href":"https:\/\/super-news.info\/pt\/wp-json\/wp\/v2\/posts\/5407\/revisions"}],"predecessor-version":[{"id":5409,"href":"https:\/\/super-news.info\/pt\/wp-json\/wp\/v2\/posts\/5407\/revisions\/5409"}],"wp:featuredmedia":[{"embeddable":true,"href":"https:\/\/super-news.info\/pt\/wp-json\/wp\/v2\/media\/5408"}],"wp:attachment":[{"href":"https:\/\/super-news.info\/pt\/wp-json\/wp\/v2\/media?parent=5407"}],"wp:term":[{"taxonomy":"category","embeddable":true,"href":"https:\/\/super-news.info\/pt\/wp-json\/wp\/v2\/categories?post=5407"},{"taxonomy":"post_tag","embeddable":true,"href":"https:\/\/super-news.info\/pt\/wp-json\/wp\/v2\/tags?post=5407"}],"curies":[{"name":"wp","href":"https:\/\/api.w.org\/{rel}","templated":true}]}}