{"id":5401,"date":"2020-11-29T09:32:47","date_gmt":"2020-11-29T06:32:47","guid":{"rendered":"https:\/\/super-news.info\/pt\/medis-estreia-podcast-para-esclarecer-duvidas-na-area-da-saude-meios-publicidade\/"},"modified":"2020-11-29T09:32:49","modified_gmt":"2020-11-29T06:32:49","slug":"medis-estreia-podcast-para-esclarecer-duvidas-na-area-da-saude-meios-publicidade","status":"publish","type":"post","link":"https:\/\/super-news.info\/pt\/medis-estreia-podcast-para-esclarecer-duvidas-na-area-da-saude-meios-publicidade\/","title":{"rendered":"M\u00e9dis estreia podcast para esclarecer d\u00favidas na \u00e1rea da sa\u00fade &#8211; Meios &#038; Publicidade"},"content":{"rendered":"<p>Hipertens\u00e3o, diagn\u00f3stico precoce do cancro ou o estigma da sa\u00fade mental s\u00e3o alguns dos temas que marcar\u00e3o presen\u00e7a no podcast \u201cFaz bem \u00e0 sa\u00fade\u201d, o mais recente projecto de comunica\u00e7\u00e3o da seguradora M\u00e9dis. \u201cA informa\u00e7\u00e3o \u00e9 o primeiro passo para a preven\u00e7\u00e3o e, por isso mesmo, \u00e9 necess\u00e1rio procurar novas ferramentas de comunica\u00e7\u00e3o que permitam massificar esta mensagem e levar estes conte\u00fados ao maior n\u00famero de pessoas poss\u00edvel, sejam ou n\u00e3o clientes M\u00e9dis\u201d, justifica Filipa Campos Alves, directora de marketing da seguradora.<br \/>\nO rastreio e a detec\u00e7\u00e3o precoce do cancro \u00e9 o tema escolhido para o primeiro epis\u00f3dio, que conta com a participa\u00e7\u00e3o de F\u00e1tima Cardoso, directora da Unidade de Mama do Centro Cl\u00ednico Champalimaud. O formato, com epis\u00f3dios de cerca de 20 minutos conduzidos por Patr\u00edcia Figueiredo e uma periodicidade mensal, tem produ\u00e7\u00e3o a cargo da Adagietto.<br \/>\n\u201cCom este podcast pretendemos explorar os temas de sa\u00fade relevantes para a marca e sociedade, numa l\u00f3gica de alinhamento com o trabalho que temos vindo a desenvolver noutras plataformas, refor\u00e7ando assim o nosso posicionamento de Servi\u00e7o Pessoal de Sa\u00fade\u201d, explica Filipa Campos Alves. O podcast est\u00e1 dispon\u00edvel no site da M\u00e9dis, bem como nas plataformas de streaming Spotify, iTtunes, SoundCloud, Castbox, PlayerFM e Google Podcasts.<\/p>\n<p>\n<!--noindex--><br \/>\n<a href=\"https:\/\/www.meiosepublicidade.pt\/2020\/11\/medis-estreia-podcast-esclarecer-duvidas-na-area-da-saude\/\" rel=\"nofollow\">Source link <\/a><br \/>\n<!--\/noindex--><\/p>\n","protected":false},"excerpt":{"rendered":"<p>Hipertens\u00e3o, diagn\u00f3stico precoce do cancro ou o estigma da sa\u00fade mental s\u00e3o alguns dos temas que marcar\u00e3o presen\u00e7a no podcast \u201cFaz bem \u00e0 sa\u00fade\u201d, o mais recente projecto de comunica\u00e7\u00e3o da seguradora M\u00e9dis. \u201cA informa\u00e7\u00e3o \u00e9 o primeiro passo para a preven\u00e7\u00e3o e, por isso mesmo, \u00e9 necess\u00e1rio procurar novas ferramentas de comunica\u00e7\u00e3o que permitam [&hellip;]<\/p>\n","protected":false},"author":2,"featured_media":5402,"comment_status":"open","ping_status":"open","sticky":false,"template":"","format":"standard","meta":{"footnotes":""},"categories":[2],"tags":[],"class_list":["post-5401","post","type-post","status-publish","format-standard","has-post-thumbnail","hentry","category-noticias-de-marketing-digital"],"yoast_head":"<!-- This site is optimized with the Yoast SEO plugin v27.4 - https:\/\/yoast.com\/product\/yoast-seo-wordpress\/ -->\n<title>M\u00e9dis estreia podcast para esclarecer d\u00favidas na \u00e1rea da sa\u00fade - Meios &amp; Publicidade - Super News<\/title>\n<meta name=\"robots\" content=\"index, follow, max-snippet:-1, max-image-preview:large, max-video-preview:-1\" \/>\n<link rel=\"canonical\" href=\"https:\/\/super-news.info\/pt\/medis-estreia-podcast-para-esclarecer-duvidas-na-area-da-saude-meios-publicidade\/\" \/>\n<meta property=\"og:locale\" content=\"pt_PT\" \/>\n<meta property=\"og:type\" content=\"article\" \/>\n<meta property=\"og:title\" content=\"M\u00e9dis estreia podcast para esclarecer d\u00favidas na \u00e1rea da sa\u00fade - Meios &amp; Publicidade - Super News\" \/>\n<meta property=\"og:description\" content=\"Hipertens\u00e3o, diagn\u00f3stico precoce do cancro ou o estigma da sa\u00fade mental s\u00e3o alguns dos temas que marcar\u00e3o presen\u00e7a no podcast \u201cFaz bem \u00e0 sa\u00fade\u201d, o mais recente projecto de comunica\u00e7\u00e3o da seguradora M\u00e9dis. \u201cA informa\u00e7\u00e3o \u00e9 o primeiro passo para a preven\u00e7\u00e3o e, por isso mesmo, \u00e9 necess\u00e1rio procurar novas ferramentas de comunica\u00e7\u00e3o que permitam [&hellip;]\" \/>\n<meta property=\"og:url\" content=\"https:\/\/super-news.info\/pt\/medis-estreia-podcast-para-esclarecer-duvidas-na-area-da-saude-meios-publicidade\/\" \/>\n<meta property=\"og:site_name\" content=\"Super News\" \/>\n<meta property=\"article:published_time\" content=\"2020-11-29T06:32:47+00:00\" \/>\n<meta property=\"article:modified_time\" content=\"2020-11-29T06:32:49+00:00\" \/>\n<meta property=\"og:image\" content=\"https:\/\/super-news.info\/pt\/wp-content\/uploads\/sites\/2\/2020\/11\/M-dis-estreia-podcast-para-esclarecer-d-vidas-na-rea-da-sa-de.jpg\" \/>\n\t<meta property=\"og:image:width\" content=\"860\" \/>\n\t<meta property=\"og:image:height\" content=\"420\" \/>\n\t<meta property=\"og:image:type\" content=\"image\/jpeg\" \/>\n<meta name=\"author\" content=\"super-news\" \/>\n<meta name=\"twitter:card\" content=\"summary_large_image\" \/>\n<meta name=\"twitter:label1\" content=\"Escrito por\" \/>\n\t<meta name=\"twitter:data1\" content=\"super-news\" \/>\n\t<meta name=\"twitter:label2\" content=\"Tempo estimado de leitura\" \/>\n\t<meta name=\"twitter:data2\" content=\"1 minuto\" \/>\n<script type=\"application\/ld+json\" class=\"yoast-schema-graph\">{\"@context\":\"https:\\\/\\\/schema.org\",\"@graph\":[{\"@type\":\"Article\",\"@id\":\"https:\\\/\\\/super-news.info\\\/pt\\\/medis-estreia-podcast-para-esclarecer-duvidas-na-area-da-saude-meios-publicidade\\\/#article\",\"isPartOf\":{\"@id\":\"https:\\\/\\\/super-news.info\\\/pt\\\/medis-estreia-podcast-para-esclarecer-duvidas-na-area-da-saude-meios-publicidade\\\/\"},\"author\":{\"name\":\"super-news\",\"@id\":\"https:\\\/\\\/super-news.info\\\/pt\\\/#\\\/schema\\\/person\\\/2d4068cb2f39cd10008c2fce578a7356\"},\"headline\":\"M\u00e9dis estreia podcast para esclarecer d\u00favidas na \u00e1rea da sa\u00fade &#8211; Meios &#038; Publicidade\",\"datePublished\":\"2020-11-29T06:32:47+00:00\",\"dateModified\":\"2020-11-29T06:32:49+00:00\",\"mainEntityOfPage\":{\"@id\":\"https:\\\/\\\/super-news.info\\\/pt\\\/medis-estreia-podcast-para-esclarecer-duvidas-na-area-da-saude-meios-publicidade\\\/\"},\"wordCount\":249,\"commentCount\":0,\"image\":{\"@id\":\"https:\\\/\\\/super-news.info\\\/pt\\\/medis-estreia-podcast-para-esclarecer-duvidas-na-area-da-saude-meios-publicidade\\\/#primaryimage\"},\"thumbnailUrl\":\"https:\\\/\\\/super-news.info\\\/pt\\\/wp-content\\\/uploads\\\/sites\\\/2\\\/2020\\\/11\\\/M-dis-estreia-podcast-para-esclarecer-d-vidas-na-rea-da-sa-de.jpg\",\"articleSection\":[\"NOT\u00cdCIAS DE MARKETING DIGITAL\"],\"inLanguage\":\"pt-PT\",\"potentialAction\":[{\"@type\":\"CommentAction\",\"name\":\"Comment\",\"target\":[\"https:\\\/\\\/super-news.info\\\/pt\\\/medis-estreia-podcast-para-esclarecer-duvidas-na-area-da-saude-meios-publicidade\\\/#respond\"]}]},{\"@type\":\"WebPage\",\"@id\":\"https:\\\/\\\/super-news.info\\\/pt\\\/medis-estreia-podcast-para-esclarecer-duvidas-na-area-da-saude-meios-publicidade\\\/\",\"url\":\"https:\\\/\\\/super-news.info\\\/pt\\\/medis-estreia-podcast-para-esclarecer-duvidas-na-area-da-saude-meios-publicidade\\\/\",\"name\":\"M\u00e9dis estreia podcast para esclarecer d\u00favidas na \u00e1rea da sa\u00fade - Meios & Publicidade - Super News\",\"isPartOf\":{\"@id\":\"https:\\\/\\\/super-news.info\\\/pt\\\/#website\"},\"primaryImageOfPage\":{\"@id\":\"https:\\\/\\\/super-news.info\\\/pt\\\/medis-estreia-podcast-para-esclarecer-duvidas-na-area-da-saude-meios-publicidade\\\/#primaryimage\"},\"image\":{\"@id\":\"https:\\\/\\\/super-news.info\\\/pt\\\/medis-estreia-podcast-para-esclarecer-duvidas-na-area-da-saude-meios-publicidade\\\/#primaryimage\"},\"thumbnailUrl\":\"https:\\\/\\\/super-news.info\\\/pt\\\/wp-content\\\/uploads\\\/sites\\\/2\\\/2020\\\/11\\\/M-dis-estreia-podcast-para-esclarecer-d-vidas-na-rea-da-sa-de.jpg\",\"datePublished\":\"2020-11-29T06:32:47+00:00\",\"dateModified\":\"2020-11-29T06:32:49+00:00\",\"author\":{\"@id\":\"https:\\\/\\\/super-news.info\\\/pt\\\/#\\\/schema\\\/person\\\/2d4068cb2f39cd10008c2fce578a7356\"},\"breadcrumb\":{\"@id\":\"https:\\\/\\\/super-news.info\\\/pt\\\/medis-estreia-podcast-para-esclarecer-duvidas-na-area-da-saude-meios-publicidade\\\/#breadcrumb\"},\"inLanguage\":\"pt-PT\",\"potentialAction\":[{\"@type\":\"ReadAction\",\"target\":[\"https:\\\/\\\/super-news.info\\\/pt\\\/medis-estreia-podcast-para-esclarecer-duvidas-na-area-da-saude-meios-publicidade\\\/\"]}]},{\"@type\":\"ImageObject\",\"inLanguage\":\"pt-PT\",\"@id\":\"https:\\\/\\\/super-news.info\\\/pt\\\/medis-estreia-podcast-para-esclarecer-duvidas-na-area-da-saude-meios-publicidade\\\/#primaryimage\",\"url\":\"https:\\\/\\\/super-news.info\\\/pt\\\/wp-content\\\/uploads\\\/sites\\\/2\\\/2020\\\/11\\\/M-dis-estreia-podcast-para-esclarecer-d-vidas-na-rea-da-sa-de.jpg\",\"contentUrl\":\"https:\\\/\\\/super-news.info\\\/pt\\\/wp-content\\\/uploads\\\/sites\\\/2\\\/2020\\\/11\\\/M-dis-estreia-podcast-para-esclarecer-d-vidas-na-rea-da-sa-de.jpg\",\"width\":860,\"height\":420,\"caption\":\"M\u00e9dis estreia podcast para esclarecer d\u00favidas na \u00e1rea da sa\u00fade - Meios & Publicidade\"},{\"@type\":\"BreadcrumbList\",\"@id\":\"https:\\\/\\\/super-news.info\\\/pt\\\/medis-estreia-podcast-para-esclarecer-duvidas-na-area-da-saude-meios-publicidade\\\/#breadcrumb\",\"itemListElement\":[{\"@type\":\"ListItem\",\"position\":1,\"name\":\"\u0413\u043b\u0430\u0432\u043d\u0430\u044f \u0441\u0442\u0440\u0430\u043d\u0438\u0446\u0430\",\"item\":\"https:\\\/\\\/super-news.info\\\/pt\\\/\"},{\"@type\":\"ListItem\",\"position\":2,\"name\":\"M\u00e9dis estreia podcast para esclarecer d\u00favidas na \u00e1rea da sa\u00fade &#8211; Meios &#038; Publicidade\"}]},{\"@type\":\"WebSite\",\"@id\":\"https:\\\/\\\/super-news.info\\\/pt\\\/#website\",\"url\":\"https:\\\/\\\/super-news.info\\\/pt\\\/\",\"name\":\"Super News\",\"description\":\"Super News Portugal\",\"potentialAction\":[{\"@type\":\"SearchAction\",\"target\":{\"@type\":\"EntryPoint\",\"urlTemplate\":\"https:\\\/\\\/super-news.info\\\/pt\\\/?s={search_term_string}\"},\"query-input\":{\"@type\":\"PropertyValueSpecification\",\"valueRequired\":true,\"valueName\":\"search_term_string\"}}],\"inLanguage\":\"pt-PT\"},{\"@type\":\"Person\",\"@id\":\"https:\\\/\\\/super-news.info\\\/pt\\\/#\\\/schema\\\/person\\\/2d4068cb2f39cd10008c2fce578a7356\",\"name\":\"super-news\",\"image\":{\"@type\":\"ImageObject\",\"inLanguage\":\"pt-PT\",\"@id\":\"https:\\\/\\\/secure.gravatar.com\\\/avatar\\\/64ebac40b93f26a154f8a9b5b6fdccfc46f442b26b3dd6756dbff3bf9dc76fd7?s=96&d=mm&r=g\",\"url\":\"https:\\\/\\\/secure.gravatar.com\\\/avatar\\\/64ebac40b93f26a154f8a9b5b6fdccfc46f442b26b3dd6756dbff3bf9dc76fd7?s=96&d=mm&r=g\",\"contentUrl\":\"https:\\\/\\\/secure.gravatar.com\\\/avatar\\\/64ebac40b93f26a154f8a9b5b6fdccfc46f442b26b3dd6756dbff3bf9dc76fd7?s=96&d=mm&r=g\",\"caption\":\"super-news\"},\"url\":\"https:\\\/\\\/super-news.info\\\/pt\\\/author\\\/pt\\\/\"}]}<\/script>\n<!-- \/ Yoast SEO plugin. -->","yoast_head_json":{"title":"M\u00e9dis estreia podcast para esclarecer d\u00favidas na \u00e1rea da sa\u00fade - Meios & Publicidade - Super News","robots":{"index":"index","follow":"follow","max-snippet":"max-snippet:-1","max-image-preview":"max-image-preview:large","max-video-preview":"max-video-preview:-1"},"canonical":"https:\/\/super-news.info\/pt\/medis-estreia-podcast-para-esclarecer-duvidas-na-area-da-saude-meios-publicidade\/","og_locale":"pt_PT","og_type":"article","og_title":"M\u00e9dis estreia podcast para esclarecer d\u00favidas na \u00e1rea da sa\u00fade - Meios & Publicidade - Super News","og_description":"Hipertens\u00e3o, diagn\u00f3stico precoce do cancro ou o estigma da sa\u00fade mental s\u00e3o alguns dos temas que marcar\u00e3o presen\u00e7a no podcast \u201cFaz bem \u00e0 sa\u00fade\u201d, o mais recente projecto de comunica\u00e7\u00e3o da seguradora M\u00e9dis. \u201cA informa\u00e7\u00e3o \u00e9 o primeiro passo para a preven\u00e7\u00e3o e, por isso mesmo, \u00e9 necess\u00e1rio procurar novas ferramentas de comunica\u00e7\u00e3o que permitam [&hellip;]","og_url":"https:\/\/super-news.info\/pt\/medis-estreia-podcast-para-esclarecer-duvidas-na-area-da-saude-meios-publicidade\/","og_site_name":"Super News","article_published_time":"2020-11-29T06:32:47+00:00","article_modified_time":"2020-11-29T06:32:49+00:00","og_image":[{"width":860,"height":420,"url":"https:\/\/super-news.info\/pt\/wp-content\/uploads\/sites\/2\/2020\/11\/M-dis-estreia-podcast-para-esclarecer-d-vidas-na-rea-da-sa-de.jpg","type":"image\/jpeg"}],"author":"super-news","twitter_card":"summary_large_image","twitter_misc":{"Escrito por":"super-news","Tempo estimado de leitura":"1 minuto"},"schema":{"@context":"https:\/\/schema.org","@graph":[{"@type":"Article","@id":"https:\/\/super-news.info\/pt\/medis-estreia-podcast-para-esclarecer-duvidas-na-area-da-saude-meios-publicidade\/#article","isPartOf":{"@id":"https:\/\/super-news.info\/pt\/medis-estreia-podcast-para-esclarecer-duvidas-na-area-da-saude-meios-publicidade\/"},"author":{"name":"super-news","@id":"https:\/\/super-news.info\/pt\/#\/schema\/person\/2d4068cb2f39cd10008c2fce578a7356"},"headline":"M\u00e9dis estreia podcast para esclarecer d\u00favidas na \u00e1rea da sa\u00fade &#8211; Meios &#038; Publicidade","datePublished":"2020-11-29T06:32:47+00:00","dateModified":"2020-11-29T06:32:49+00:00","mainEntityOfPage":{"@id":"https:\/\/super-news.info\/pt\/medis-estreia-podcast-para-esclarecer-duvidas-na-area-da-saude-meios-publicidade\/"},"wordCount":249,"commentCount":0,"image":{"@id":"https:\/\/super-news.info\/pt\/medis-estreia-podcast-para-esclarecer-duvidas-na-area-da-saude-meios-publicidade\/#primaryimage"},"thumbnailUrl":"https:\/\/super-news.info\/pt\/wp-content\/uploads\/sites\/2\/2020\/11\/M-dis-estreia-podcast-para-esclarecer-d-vidas-na-rea-da-sa-de.jpg","articleSection":["NOT\u00cdCIAS DE MARKETING DIGITAL"],"inLanguage":"pt-PT","potentialAction":[{"@type":"CommentAction","name":"Comment","target":["https:\/\/super-news.info\/pt\/medis-estreia-podcast-para-esclarecer-duvidas-na-area-da-saude-meios-publicidade\/#respond"]}]},{"@type":"WebPage","@id":"https:\/\/super-news.info\/pt\/medis-estreia-podcast-para-esclarecer-duvidas-na-area-da-saude-meios-publicidade\/","url":"https:\/\/super-news.info\/pt\/medis-estreia-podcast-para-esclarecer-duvidas-na-area-da-saude-meios-publicidade\/","name":"M\u00e9dis estreia podcast para esclarecer d\u00favidas na \u00e1rea da sa\u00fade - Meios & Publicidade - Super News","isPartOf":{"@id":"https:\/\/super-news.info\/pt\/#website"},"primaryImageOfPage":{"@id":"https:\/\/super-news.info\/pt\/medis-estreia-podcast-para-esclarecer-duvidas-na-area-da-saude-meios-publicidade\/#primaryimage"},"image":{"@id":"https:\/\/super-news.info\/pt\/medis-estreia-podcast-para-esclarecer-duvidas-na-area-da-saude-meios-publicidade\/#primaryimage"},"thumbnailUrl":"https:\/\/super-news.info\/pt\/wp-content\/uploads\/sites\/2\/2020\/11\/M-dis-estreia-podcast-para-esclarecer-d-vidas-na-rea-da-sa-de.jpg","datePublished":"2020-11-29T06:32:47+00:00","dateModified":"2020-11-29T06:32:49+00:00","author":{"@id":"https:\/\/super-news.info\/pt\/#\/schema\/person\/2d4068cb2f39cd10008c2fce578a7356"},"breadcrumb":{"@id":"https:\/\/super-news.info\/pt\/medis-estreia-podcast-para-esclarecer-duvidas-na-area-da-saude-meios-publicidade\/#breadcrumb"},"inLanguage":"pt-PT","potentialAction":[{"@type":"ReadAction","target":["https:\/\/super-news.info\/pt\/medis-estreia-podcast-para-esclarecer-duvidas-na-area-da-saude-meios-publicidade\/"]}]},{"@type":"ImageObject","inLanguage":"pt-PT","@id":"https:\/\/super-news.info\/pt\/medis-estreia-podcast-para-esclarecer-duvidas-na-area-da-saude-meios-publicidade\/#primaryimage","url":"https:\/\/super-news.info\/pt\/wp-content\/uploads\/sites\/2\/2020\/11\/M-dis-estreia-podcast-para-esclarecer-d-vidas-na-rea-da-sa-de.jpg","contentUrl":"https:\/\/super-news.info\/pt\/wp-content\/uploads\/sites\/2\/2020\/11\/M-dis-estreia-podcast-para-esclarecer-d-vidas-na-rea-da-sa-de.jpg","width":860,"height":420,"caption":"M\u00e9dis estreia podcast para esclarecer d\u00favidas na \u00e1rea da sa\u00fade - Meios & Publicidade"},{"@type":"BreadcrumbList","@id":"https:\/\/super-news.info\/pt\/medis-estreia-podcast-para-esclarecer-duvidas-na-area-da-saude-meios-publicidade\/#breadcrumb","itemListElement":[{"@type":"ListItem","position":1,"name":"\u0413\u043b\u0430\u0432\u043d\u0430\u044f \u0441\u0442\u0440\u0430\u043d\u0438\u0446\u0430","item":"https:\/\/super-news.info\/pt\/"},{"@type":"ListItem","position":2,"name":"M\u00e9dis estreia podcast para esclarecer d\u00favidas na \u00e1rea da sa\u00fade &#8211; Meios &#038; Publicidade"}]},{"@type":"WebSite","@id":"https:\/\/super-news.info\/pt\/#website","url":"https:\/\/super-news.info\/pt\/","name":"Super News","description":"Super News Portugal","potentialAction":[{"@type":"SearchAction","target":{"@type":"EntryPoint","urlTemplate":"https:\/\/super-news.info\/pt\/?s={search_term_string}"},"query-input":{"@type":"PropertyValueSpecification","valueRequired":true,"valueName":"search_term_string"}}],"inLanguage":"pt-PT"},{"@type":"Person","@id":"https:\/\/super-news.info\/pt\/#\/schema\/person\/2d4068cb2f39cd10008c2fce578a7356","name":"super-news","image":{"@type":"ImageObject","inLanguage":"pt-PT","@id":"https:\/\/secure.gravatar.com\/avatar\/64ebac40b93f26a154f8a9b5b6fdccfc46f442b26b3dd6756dbff3bf9dc76fd7?s=96&d=mm&r=g","url":"https:\/\/secure.gravatar.com\/avatar\/64ebac40b93f26a154f8a9b5b6fdccfc46f442b26b3dd6756dbff3bf9dc76fd7?s=96&d=mm&r=g","contentUrl":"https:\/\/secure.gravatar.com\/avatar\/64ebac40b93f26a154f8a9b5b6fdccfc46f442b26b3dd6756dbff3bf9dc76fd7?s=96&d=mm&r=g","caption":"super-news"},"url":"https:\/\/super-news.info\/pt\/author\/pt\/"}]}},"_links":{"self":[{"href":"https:\/\/super-news.info\/pt\/wp-json\/wp\/v2\/posts\/5401","targetHints":{"allow":["GET"]}}],"collection":[{"href":"https:\/\/super-news.info\/pt\/wp-json\/wp\/v2\/posts"}],"about":[{"href":"https:\/\/super-news.info\/pt\/wp-json\/wp\/v2\/types\/post"}],"author":[{"embeddable":true,"href":"https:\/\/super-news.info\/pt\/wp-json\/wp\/v2\/users\/2"}],"replies":[{"embeddable":true,"href":"https:\/\/super-news.info\/pt\/wp-json\/wp\/v2\/comments?post=5401"}],"version-history":[{"count":1,"href":"https:\/\/super-news.info\/pt\/wp-json\/wp\/v2\/posts\/5401\/revisions"}],"predecessor-version":[{"id":5403,"href":"https:\/\/super-news.info\/pt\/wp-json\/wp\/v2\/posts\/5401\/revisions\/5403"}],"wp:featuredmedia":[{"embeddable":true,"href":"https:\/\/super-news.info\/pt\/wp-json\/wp\/v2\/media\/5402"}],"wp:attachment":[{"href":"https:\/\/super-news.info\/pt\/wp-json\/wp\/v2\/media?parent=5401"}],"wp:term":[{"taxonomy":"category","embeddable":true,"href":"https:\/\/super-news.info\/pt\/wp-json\/wp\/v2\/categories?post=5401"},{"taxonomy":"post_tag","embeddable":true,"href":"https:\/\/super-news.info\/pt\/wp-json\/wp\/v2\/tags?post=5401"}],"curies":[{"name":"wp","href":"https:\/\/api.w.org\/{rel}","templated":true}]}}