{"id":5395,"date":"2020-11-28T21:30:32","date_gmt":"2020-11-28T18:30:32","guid":{"rendered":"https:\/\/super-news.info\/pt\/uniao-audiovisual-esta-a-prestar-apoio-mensal-a-cerca-de-250-familias-meios-publicidade\/"},"modified":"2020-11-28T21:30:34","modified_gmt":"2020-11-28T18:30:34","slug":"uniao-audiovisual-esta-a-prestar-apoio-mensal-a-cerca-de-250-familias-meios-publicidade","status":"publish","type":"post","link":"https:\/\/super-news.info\/pt\/uniao-audiovisual-esta-a-prestar-apoio-mensal-a-cerca-de-250-familias-meios-publicidade\/","title":{"rendered":"Uni\u00e3o Audiovisual est\u00e1 a prestar apoio mensal a cerca de 250 fam\u00edlias &#8211; Meios &#038; Publicidade"},"content":{"rendered":"<p>S\u00e3o j\u00e1 cerca de 250 as fam\u00edlias apoiadas todos os meses pela Uni\u00e3o Audiovisual, grupo informal criado em resposta ao impacto da pandemia covid-19 no sector dos eventos, festivais e espect\u00e1culos. A informa\u00e7\u00e3o foi avan\u00e7ada \u00e0 ag\u00eancia Lusa por Ricardo Queluz, um dos elementos do grupo criado no passado m\u00eas de Mar\u00e7o, altura em que o sector se viu paralisado pelo contexto pand\u00e9mico, com os eventos cancelados ou adiados. O n\u00famero de fam\u00edlias a necessitar de ajuda, quase metade na zona de Lisboa, tem vindo a aumentar j\u00e1 que o mesmo respons\u00e1vel havia referido, em Julho, que a Uni\u00e3o Audiovisual estava a apoiar entre 150 a 160 pessoas por semana.<br \/>\n\u201cTemos muito mais fam\u00edlias agora em Lisboa do que em Julho\u201d, indica Ricardo Queluz, referindo que, das 250 fam\u00edlias apoiadas, 110 correspondem a pedidos de apoio na regi\u00e3o de Lisboa. Quanto aos profissionais apoiados, \u201cestamos a falar de tudo o que esteja dentro do audiovisual\u201d, explica Ricardo Queluz, apontando que \u201ch\u00e1 s\u00f3cios-gerentes que ainda n\u00e3o tiveram apoio, trabalhadores independentes que tiverem apoio em Junho e agora n\u00e3o t\u00eam, h\u00e1 uns que tiveram agora e que n\u00e3o tiveram no in\u00edcio [da pandemia], e h\u00e1 uns que ainda n\u00e3o conseguiram ter nada\u201d no que diz respeito aos apoios sociais anunciados pelo Governo.<br \/>\nActualmente, a Uni\u00e3o Audiovisual conta com 20 pontos de recolha de bens alimentares fixos em todo o pa\u00eds (\u00c9vora, Aljezur, Faro, Olh\u00e3o, Ponta Delgada, Coimbra, Lisboa, Queluz, Amadora, Pinhal Novo, Montijo, Almada, Feij\u00f3, Corroios, Caldas da Rainha, Peniche e Porto). Al\u00e9m da recolha regular de bens alimentares nestes pontos fixos ou em espect\u00e1culos que se associam ao grupo, t\u00eam surgido igualmente outras iniciativas de apoio aos profissionais do sector dos eventos, espect\u00e1culos e audiovisual.<br \/>\n\u00c9 o caso do projecto Uncancel Collection, uma plataforma online tempor\u00e1ria atrav\u00e9s da qual ser\u00e3o vendidos os produtos de merchandising dos eventos que teriam lugar em 2020 mas acabaram cancelados por for\u00e7a da pandemia, sendo que a receita obtida reverter\u00e1 na totalidade para a Uni\u00e3o Audiovisual. Impulsionada pela Stream and Tough Guy e desenvolvida em parceria com a H2N, Nossa e Corpcom, o loja online estar\u00e1 dispon\u00edvel at\u00e9 ao pr\u00f3ximo dia 15 de Dezembro e contar\u00e1 com \u201cmilhares de artigos\u201d, havendo ainda \u201cespa\u00e7o para mais marcas se juntarem\u201d, j\u00e1 que \u201ca organiza\u00e7\u00e3o espera que outros eventos e marcas adiram a esta campanha que pretende ajudar quem mais precisa nesta fase negra que a ind\u00fastria est\u00e1 a viver, e onde a fome \u00e9 j\u00e1 uma realidade\u201d.<\/p>\n<p>\n<!--noindex--><br \/>\n<a href=\"https:\/\/www.meiosepublicidade.pt\/2020\/11\/uniao-audiovisual-esta-prestar-apoio-mensal-cerca-250-familias\/\" rel=\"nofollow\">Source link <\/a><br \/>\n<!--\/noindex--><\/p>\n","protected":false},"excerpt":{"rendered":"<p>S\u00e3o j\u00e1 cerca de 250 as fam\u00edlias apoiadas todos os meses pela Uni\u00e3o Audiovisual, grupo informal criado em resposta ao impacto da pandemia covid-19 no sector dos eventos, festivais e espect\u00e1culos. A informa\u00e7\u00e3o foi avan\u00e7ada \u00e0 ag\u00eancia Lusa por Ricardo Queluz, um dos elementos do grupo criado no passado m\u00eas de Mar\u00e7o, altura em que [&hellip;]<\/p>\n","protected":false},"author":2,"featured_media":5396,"comment_status":"open","ping_status":"open","sticky":false,"template":"","format":"standard","meta":{"footnotes":""},"categories":[2],"tags":[],"class_list":["post-5395","post","type-post","status-publish","format-standard","has-post-thumbnail","hentry","category-noticias-de-marketing-digital"],"yoast_head":"<!-- This site is optimized with the Yoast SEO plugin v27.4 - https:\/\/yoast.com\/product\/yoast-seo-wordpress\/ -->\n<title>Uni\u00e3o Audiovisual est\u00e1 a prestar apoio mensal a cerca de 250 fam\u00edlias - Meios &amp; Publicidade - Super News<\/title>\n<meta name=\"robots\" content=\"index, follow, max-snippet:-1, max-image-preview:large, max-video-preview:-1\" \/>\n<link rel=\"canonical\" href=\"https:\/\/super-news.info\/pt\/uniao-audiovisual-esta-a-prestar-apoio-mensal-a-cerca-de-250-familias-meios-publicidade\/\" \/>\n<meta property=\"og:locale\" content=\"pt_PT\" \/>\n<meta property=\"og:type\" content=\"article\" \/>\n<meta property=\"og:title\" content=\"Uni\u00e3o Audiovisual est\u00e1 a prestar apoio mensal a cerca de 250 fam\u00edlias - Meios &amp; Publicidade - Super News\" \/>\n<meta property=\"og:description\" content=\"S\u00e3o j\u00e1 cerca de 250 as fam\u00edlias apoiadas todos os meses pela Uni\u00e3o Audiovisual, grupo informal criado em resposta ao impacto da pandemia covid-19 no sector dos eventos, festivais e espect\u00e1culos. A informa\u00e7\u00e3o foi avan\u00e7ada \u00e0 ag\u00eancia Lusa por Ricardo Queluz, um dos elementos do grupo criado no passado m\u00eas de Mar\u00e7o, altura em que [&hellip;]\" \/>\n<meta property=\"og:url\" content=\"https:\/\/super-news.info\/pt\/uniao-audiovisual-esta-a-prestar-apoio-mensal-a-cerca-de-250-familias-meios-publicidade\/\" \/>\n<meta property=\"og:site_name\" content=\"Super News\" \/>\n<meta property=\"article:published_time\" content=\"2020-11-28T18:30:32+00:00\" \/>\n<meta property=\"article:modified_time\" content=\"2020-11-28T18:30:34+00:00\" \/>\n<meta property=\"og:image\" content=\"https:\/\/super-news.info\/pt\/wp-content\/uploads\/sites\/2\/2020\/11\/Uni-o-Audiovisual-est-a-prestar-apoio-mensal-a-cerca-de.jpg\" \/>\n\t<meta property=\"og:image:width\" content=\"1000\" \/>\n\t<meta property=\"og:image:height\" content=\"562\" \/>\n\t<meta property=\"og:image:type\" content=\"image\/jpeg\" \/>\n<meta name=\"author\" content=\"super-news\" \/>\n<meta name=\"twitter:card\" content=\"summary_large_image\" \/>\n<meta name=\"twitter:label1\" content=\"Escrito por\" \/>\n\t<meta name=\"twitter:data1\" content=\"super-news\" \/>\n\t<meta name=\"twitter:label2\" content=\"Tempo estimado de leitura\" \/>\n\t<meta name=\"twitter:data2\" content=\"2 minutos\" \/>\n<script type=\"application\/ld+json\" class=\"yoast-schema-graph\">{\"@context\":\"https:\\\/\\\/schema.org\",\"@graph\":[{\"@type\":\"Article\",\"@id\":\"https:\\\/\\\/super-news.info\\\/pt\\\/uniao-audiovisual-esta-a-prestar-apoio-mensal-a-cerca-de-250-familias-meios-publicidade\\\/#article\",\"isPartOf\":{\"@id\":\"https:\\\/\\\/super-news.info\\\/pt\\\/uniao-audiovisual-esta-a-prestar-apoio-mensal-a-cerca-de-250-familias-meios-publicidade\\\/\"},\"author\":{\"name\":\"super-news\",\"@id\":\"https:\\\/\\\/super-news.info\\\/pt\\\/#\\\/schema\\\/person\\\/2d4068cb2f39cd10008c2fce578a7356\"},\"headline\":\"Uni\u00e3o Audiovisual est\u00e1 a prestar apoio mensal a cerca de 250 fam\u00edlias &#8211; Meios &#038; Publicidade\",\"datePublished\":\"2020-11-28T18:30:32+00:00\",\"dateModified\":\"2020-11-28T18:30:34+00:00\",\"mainEntityOfPage\":{\"@id\":\"https:\\\/\\\/super-news.info\\\/pt\\\/uniao-audiovisual-esta-a-prestar-apoio-mensal-a-cerca-de-250-familias-meios-publicidade\\\/\"},\"wordCount\":458,\"commentCount\":0,\"image\":{\"@id\":\"https:\\\/\\\/super-news.info\\\/pt\\\/uniao-audiovisual-esta-a-prestar-apoio-mensal-a-cerca-de-250-familias-meios-publicidade\\\/#primaryimage\"},\"thumbnailUrl\":\"https:\\\/\\\/super-news.info\\\/pt\\\/wp-content\\\/uploads\\\/sites\\\/2\\\/2020\\\/11\\\/Uni-o-Audiovisual-est-a-prestar-apoio-mensal-a-cerca-de.jpg\",\"articleSection\":[\"NOT\u00cdCIAS DE MARKETING DIGITAL\"],\"inLanguage\":\"pt-PT\",\"potentialAction\":[{\"@type\":\"CommentAction\",\"name\":\"Comment\",\"target\":[\"https:\\\/\\\/super-news.info\\\/pt\\\/uniao-audiovisual-esta-a-prestar-apoio-mensal-a-cerca-de-250-familias-meios-publicidade\\\/#respond\"]}]},{\"@type\":\"WebPage\",\"@id\":\"https:\\\/\\\/super-news.info\\\/pt\\\/uniao-audiovisual-esta-a-prestar-apoio-mensal-a-cerca-de-250-familias-meios-publicidade\\\/\",\"url\":\"https:\\\/\\\/super-news.info\\\/pt\\\/uniao-audiovisual-esta-a-prestar-apoio-mensal-a-cerca-de-250-familias-meios-publicidade\\\/\",\"name\":\"Uni\u00e3o Audiovisual est\u00e1 a prestar apoio mensal a cerca de 250 fam\u00edlias - Meios & Publicidade - Super News\",\"isPartOf\":{\"@id\":\"https:\\\/\\\/super-news.info\\\/pt\\\/#website\"},\"primaryImageOfPage\":{\"@id\":\"https:\\\/\\\/super-news.info\\\/pt\\\/uniao-audiovisual-esta-a-prestar-apoio-mensal-a-cerca-de-250-familias-meios-publicidade\\\/#primaryimage\"},\"image\":{\"@id\":\"https:\\\/\\\/super-news.info\\\/pt\\\/uniao-audiovisual-esta-a-prestar-apoio-mensal-a-cerca-de-250-familias-meios-publicidade\\\/#primaryimage\"},\"thumbnailUrl\":\"https:\\\/\\\/super-news.info\\\/pt\\\/wp-content\\\/uploads\\\/sites\\\/2\\\/2020\\\/11\\\/Uni-o-Audiovisual-est-a-prestar-apoio-mensal-a-cerca-de.jpg\",\"datePublished\":\"2020-11-28T18:30:32+00:00\",\"dateModified\":\"2020-11-28T18:30:34+00:00\",\"author\":{\"@id\":\"https:\\\/\\\/super-news.info\\\/pt\\\/#\\\/schema\\\/person\\\/2d4068cb2f39cd10008c2fce578a7356\"},\"breadcrumb\":{\"@id\":\"https:\\\/\\\/super-news.info\\\/pt\\\/uniao-audiovisual-esta-a-prestar-apoio-mensal-a-cerca-de-250-familias-meios-publicidade\\\/#breadcrumb\"},\"inLanguage\":\"pt-PT\",\"potentialAction\":[{\"@type\":\"ReadAction\",\"target\":[\"https:\\\/\\\/super-news.info\\\/pt\\\/uniao-audiovisual-esta-a-prestar-apoio-mensal-a-cerca-de-250-familias-meios-publicidade\\\/\"]}]},{\"@type\":\"ImageObject\",\"inLanguage\":\"pt-PT\",\"@id\":\"https:\\\/\\\/super-news.info\\\/pt\\\/uniao-audiovisual-esta-a-prestar-apoio-mensal-a-cerca-de-250-familias-meios-publicidade\\\/#primaryimage\",\"url\":\"https:\\\/\\\/super-news.info\\\/pt\\\/wp-content\\\/uploads\\\/sites\\\/2\\\/2020\\\/11\\\/Uni-o-Audiovisual-est-a-prestar-apoio-mensal-a-cerca-de.jpg\",\"contentUrl\":\"https:\\\/\\\/super-news.info\\\/pt\\\/wp-content\\\/uploads\\\/sites\\\/2\\\/2020\\\/11\\\/Uni-o-Audiovisual-est-a-prestar-apoio-mensal-a-cerca-de.jpg\",\"width\":1000,\"height\":562,\"caption\":\"Uni\u00e3o Audiovisual est\u00e1 a prestar apoio mensal a cerca de 250 fam\u00edlias - Meios & Publicidade\"},{\"@type\":\"BreadcrumbList\",\"@id\":\"https:\\\/\\\/super-news.info\\\/pt\\\/uniao-audiovisual-esta-a-prestar-apoio-mensal-a-cerca-de-250-familias-meios-publicidade\\\/#breadcrumb\",\"itemListElement\":[{\"@type\":\"ListItem\",\"position\":1,\"name\":\"\u0413\u043b\u0430\u0432\u043d\u0430\u044f \u0441\u0442\u0440\u0430\u043d\u0438\u0446\u0430\",\"item\":\"https:\\\/\\\/super-news.info\\\/pt\\\/\"},{\"@type\":\"ListItem\",\"position\":2,\"name\":\"Uni\u00e3o Audiovisual est\u00e1 a prestar apoio mensal a cerca de 250 fam\u00edlias &#8211; Meios &#038; Publicidade\"}]},{\"@type\":\"WebSite\",\"@id\":\"https:\\\/\\\/super-news.info\\\/pt\\\/#website\",\"url\":\"https:\\\/\\\/super-news.info\\\/pt\\\/\",\"name\":\"Super News\",\"description\":\"Super News Portugal\",\"potentialAction\":[{\"@type\":\"SearchAction\",\"target\":{\"@type\":\"EntryPoint\",\"urlTemplate\":\"https:\\\/\\\/super-news.info\\\/pt\\\/?s={search_term_string}\"},\"query-input\":{\"@type\":\"PropertyValueSpecification\",\"valueRequired\":true,\"valueName\":\"search_term_string\"}}],\"inLanguage\":\"pt-PT\"},{\"@type\":\"Person\",\"@id\":\"https:\\\/\\\/super-news.info\\\/pt\\\/#\\\/schema\\\/person\\\/2d4068cb2f39cd10008c2fce578a7356\",\"name\":\"super-news\",\"image\":{\"@type\":\"ImageObject\",\"inLanguage\":\"pt-PT\",\"@id\":\"https:\\\/\\\/secure.gravatar.com\\\/avatar\\\/64ebac40b93f26a154f8a9b5b6fdccfc46f442b26b3dd6756dbff3bf9dc76fd7?s=96&d=mm&r=g\",\"url\":\"https:\\\/\\\/secure.gravatar.com\\\/avatar\\\/64ebac40b93f26a154f8a9b5b6fdccfc46f442b26b3dd6756dbff3bf9dc76fd7?s=96&d=mm&r=g\",\"contentUrl\":\"https:\\\/\\\/secure.gravatar.com\\\/avatar\\\/64ebac40b93f26a154f8a9b5b6fdccfc46f442b26b3dd6756dbff3bf9dc76fd7?s=96&d=mm&r=g\",\"caption\":\"super-news\"},\"url\":\"https:\\\/\\\/super-news.info\\\/pt\\\/author\\\/pt\\\/\"}]}<\/script>\n<!-- \/ Yoast SEO plugin. -->","yoast_head_json":{"title":"Uni\u00e3o Audiovisual est\u00e1 a prestar apoio mensal a cerca de 250 fam\u00edlias - Meios & Publicidade - Super News","robots":{"index":"index","follow":"follow","max-snippet":"max-snippet:-1","max-image-preview":"max-image-preview:large","max-video-preview":"max-video-preview:-1"},"canonical":"https:\/\/super-news.info\/pt\/uniao-audiovisual-esta-a-prestar-apoio-mensal-a-cerca-de-250-familias-meios-publicidade\/","og_locale":"pt_PT","og_type":"article","og_title":"Uni\u00e3o Audiovisual est\u00e1 a prestar apoio mensal a cerca de 250 fam\u00edlias - Meios & Publicidade - Super News","og_description":"S\u00e3o j\u00e1 cerca de 250 as fam\u00edlias apoiadas todos os meses pela Uni\u00e3o Audiovisual, grupo informal criado em resposta ao impacto da pandemia covid-19 no sector dos eventos, festivais e espect\u00e1culos. A informa\u00e7\u00e3o foi avan\u00e7ada \u00e0 ag\u00eancia Lusa por Ricardo Queluz, um dos elementos do grupo criado no passado m\u00eas de Mar\u00e7o, altura em que [&hellip;]","og_url":"https:\/\/super-news.info\/pt\/uniao-audiovisual-esta-a-prestar-apoio-mensal-a-cerca-de-250-familias-meios-publicidade\/","og_site_name":"Super News","article_published_time":"2020-11-28T18:30:32+00:00","article_modified_time":"2020-11-28T18:30:34+00:00","og_image":[{"width":1000,"height":562,"url":"https:\/\/super-news.info\/pt\/wp-content\/uploads\/sites\/2\/2020\/11\/Uni-o-Audiovisual-est-a-prestar-apoio-mensal-a-cerca-de.jpg","type":"image\/jpeg"}],"author":"super-news","twitter_card":"summary_large_image","twitter_misc":{"Escrito por":"super-news","Tempo estimado de leitura":"2 minutos"},"schema":{"@context":"https:\/\/schema.org","@graph":[{"@type":"Article","@id":"https:\/\/super-news.info\/pt\/uniao-audiovisual-esta-a-prestar-apoio-mensal-a-cerca-de-250-familias-meios-publicidade\/#article","isPartOf":{"@id":"https:\/\/super-news.info\/pt\/uniao-audiovisual-esta-a-prestar-apoio-mensal-a-cerca-de-250-familias-meios-publicidade\/"},"author":{"name":"super-news","@id":"https:\/\/super-news.info\/pt\/#\/schema\/person\/2d4068cb2f39cd10008c2fce578a7356"},"headline":"Uni\u00e3o Audiovisual est\u00e1 a prestar apoio mensal a cerca de 250 fam\u00edlias &#8211; Meios &#038; Publicidade","datePublished":"2020-11-28T18:30:32+00:00","dateModified":"2020-11-28T18:30:34+00:00","mainEntityOfPage":{"@id":"https:\/\/super-news.info\/pt\/uniao-audiovisual-esta-a-prestar-apoio-mensal-a-cerca-de-250-familias-meios-publicidade\/"},"wordCount":458,"commentCount":0,"image":{"@id":"https:\/\/super-news.info\/pt\/uniao-audiovisual-esta-a-prestar-apoio-mensal-a-cerca-de-250-familias-meios-publicidade\/#primaryimage"},"thumbnailUrl":"https:\/\/super-news.info\/pt\/wp-content\/uploads\/sites\/2\/2020\/11\/Uni-o-Audiovisual-est-a-prestar-apoio-mensal-a-cerca-de.jpg","articleSection":["NOT\u00cdCIAS DE MARKETING DIGITAL"],"inLanguage":"pt-PT","potentialAction":[{"@type":"CommentAction","name":"Comment","target":["https:\/\/super-news.info\/pt\/uniao-audiovisual-esta-a-prestar-apoio-mensal-a-cerca-de-250-familias-meios-publicidade\/#respond"]}]},{"@type":"WebPage","@id":"https:\/\/super-news.info\/pt\/uniao-audiovisual-esta-a-prestar-apoio-mensal-a-cerca-de-250-familias-meios-publicidade\/","url":"https:\/\/super-news.info\/pt\/uniao-audiovisual-esta-a-prestar-apoio-mensal-a-cerca-de-250-familias-meios-publicidade\/","name":"Uni\u00e3o Audiovisual est\u00e1 a prestar apoio mensal a cerca de 250 fam\u00edlias - Meios & Publicidade - Super News","isPartOf":{"@id":"https:\/\/super-news.info\/pt\/#website"},"primaryImageOfPage":{"@id":"https:\/\/super-news.info\/pt\/uniao-audiovisual-esta-a-prestar-apoio-mensal-a-cerca-de-250-familias-meios-publicidade\/#primaryimage"},"image":{"@id":"https:\/\/super-news.info\/pt\/uniao-audiovisual-esta-a-prestar-apoio-mensal-a-cerca-de-250-familias-meios-publicidade\/#primaryimage"},"thumbnailUrl":"https:\/\/super-news.info\/pt\/wp-content\/uploads\/sites\/2\/2020\/11\/Uni-o-Audiovisual-est-a-prestar-apoio-mensal-a-cerca-de.jpg","datePublished":"2020-11-28T18:30:32+00:00","dateModified":"2020-11-28T18:30:34+00:00","author":{"@id":"https:\/\/super-news.info\/pt\/#\/schema\/person\/2d4068cb2f39cd10008c2fce578a7356"},"breadcrumb":{"@id":"https:\/\/super-news.info\/pt\/uniao-audiovisual-esta-a-prestar-apoio-mensal-a-cerca-de-250-familias-meios-publicidade\/#breadcrumb"},"inLanguage":"pt-PT","potentialAction":[{"@type":"ReadAction","target":["https:\/\/super-news.info\/pt\/uniao-audiovisual-esta-a-prestar-apoio-mensal-a-cerca-de-250-familias-meios-publicidade\/"]}]},{"@type":"ImageObject","inLanguage":"pt-PT","@id":"https:\/\/super-news.info\/pt\/uniao-audiovisual-esta-a-prestar-apoio-mensal-a-cerca-de-250-familias-meios-publicidade\/#primaryimage","url":"https:\/\/super-news.info\/pt\/wp-content\/uploads\/sites\/2\/2020\/11\/Uni-o-Audiovisual-est-a-prestar-apoio-mensal-a-cerca-de.jpg","contentUrl":"https:\/\/super-news.info\/pt\/wp-content\/uploads\/sites\/2\/2020\/11\/Uni-o-Audiovisual-est-a-prestar-apoio-mensal-a-cerca-de.jpg","width":1000,"height":562,"caption":"Uni\u00e3o Audiovisual est\u00e1 a prestar apoio mensal a cerca de 250 fam\u00edlias - Meios & Publicidade"},{"@type":"BreadcrumbList","@id":"https:\/\/super-news.info\/pt\/uniao-audiovisual-esta-a-prestar-apoio-mensal-a-cerca-de-250-familias-meios-publicidade\/#breadcrumb","itemListElement":[{"@type":"ListItem","position":1,"name":"\u0413\u043b\u0430\u0432\u043d\u0430\u044f \u0441\u0442\u0440\u0430\u043d\u0438\u0446\u0430","item":"https:\/\/super-news.info\/pt\/"},{"@type":"ListItem","position":2,"name":"Uni\u00e3o Audiovisual est\u00e1 a prestar apoio mensal a cerca de 250 fam\u00edlias &#8211; Meios &#038; Publicidade"}]},{"@type":"WebSite","@id":"https:\/\/super-news.info\/pt\/#website","url":"https:\/\/super-news.info\/pt\/","name":"Super News","description":"Super News Portugal","potentialAction":[{"@type":"SearchAction","target":{"@type":"EntryPoint","urlTemplate":"https:\/\/super-news.info\/pt\/?s={search_term_string}"},"query-input":{"@type":"PropertyValueSpecification","valueRequired":true,"valueName":"search_term_string"}}],"inLanguage":"pt-PT"},{"@type":"Person","@id":"https:\/\/super-news.info\/pt\/#\/schema\/person\/2d4068cb2f39cd10008c2fce578a7356","name":"super-news","image":{"@type":"ImageObject","inLanguage":"pt-PT","@id":"https:\/\/secure.gravatar.com\/avatar\/64ebac40b93f26a154f8a9b5b6fdccfc46f442b26b3dd6756dbff3bf9dc76fd7?s=96&d=mm&r=g","url":"https:\/\/secure.gravatar.com\/avatar\/64ebac40b93f26a154f8a9b5b6fdccfc46f442b26b3dd6756dbff3bf9dc76fd7?s=96&d=mm&r=g","contentUrl":"https:\/\/secure.gravatar.com\/avatar\/64ebac40b93f26a154f8a9b5b6fdccfc46f442b26b3dd6756dbff3bf9dc76fd7?s=96&d=mm&r=g","caption":"super-news"},"url":"https:\/\/super-news.info\/pt\/author\/pt\/"}]}},"_links":{"self":[{"href":"https:\/\/super-news.info\/pt\/wp-json\/wp\/v2\/posts\/5395","targetHints":{"allow":["GET"]}}],"collection":[{"href":"https:\/\/super-news.info\/pt\/wp-json\/wp\/v2\/posts"}],"about":[{"href":"https:\/\/super-news.info\/pt\/wp-json\/wp\/v2\/types\/post"}],"author":[{"embeddable":true,"href":"https:\/\/super-news.info\/pt\/wp-json\/wp\/v2\/users\/2"}],"replies":[{"embeddable":true,"href":"https:\/\/super-news.info\/pt\/wp-json\/wp\/v2\/comments?post=5395"}],"version-history":[{"count":1,"href":"https:\/\/super-news.info\/pt\/wp-json\/wp\/v2\/posts\/5395\/revisions"}],"predecessor-version":[{"id":5397,"href":"https:\/\/super-news.info\/pt\/wp-json\/wp\/v2\/posts\/5395\/revisions\/5397"}],"wp:featuredmedia":[{"embeddable":true,"href":"https:\/\/super-news.info\/pt\/wp-json\/wp\/v2\/media\/5396"}],"wp:attachment":[{"href":"https:\/\/super-news.info\/pt\/wp-json\/wp\/v2\/media?parent=5395"}],"wp:term":[{"taxonomy":"category","embeddable":true,"href":"https:\/\/super-news.info\/pt\/wp-json\/wp\/v2\/categories?post=5395"},{"taxonomy":"post_tag","embeddable":true,"href":"https:\/\/super-news.info\/pt\/wp-json\/wp\/v2\/tags?post=5395"}],"curies":[{"name":"wp","href":"https:\/\/api.w.org\/{rel}","templated":true}]}}