{"id":5371,"date":"2020-11-26T21:24:28","date_gmt":"2020-11-26T18:24:28","guid":{"rendered":"https:\/\/super-news.info\/pt\/ultimos-dias-de-inscricoes-nos-premios-de-marketing-m-p-meios-publicidade\/"},"modified":"2020-11-26T21:24:31","modified_gmt":"2020-11-26T18:24:31","slug":"ultimos-dias-de-inscricoes-nos-premios-de-marketing-m-p-meios-publicidade","status":"publish","type":"post","link":"https:\/\/super-news.info\/pt\/ultimos-dias-de-inscricoes-nos-premios-de-marketing-m-p-meios-publicidade\/","title":{"rendered":"\u00daltimos dias de inscri\u00e7\u00f5es nos Pr\u00e9mios de Marketing M&#038;P &#8211; Meios &#038; Publicidade"},"content":{"rendered":"<p>Pelo s\u00e9timo ano\u00a0 vamos premiar as melhores estrat\u00e9gias de marketing, as campanhas, ac\u00e7\u00f5es e decis\u00f5es que podem fazer a diferen\u00e7a para marcas e empresas, contribu\u00eddo assim para a sua notoriedade e crescimento. Nesta s\u00e9tima edi\u00e7\u00e3o temos 32 categorias a concurso, integradas em nove grandes categorias (Sectores de Actividade, Meios, Rela\u00e7\u00f5es P\u00fablicas, Branded Content, Sustentabilidade e Responsabilidade Social, Eventos e Patroc\u00ednios, Low Budget, Mercados Internacionais e Inova\u00e7\u00e3o).<br \/>\nPara al\u00e9m dos trof\u00e9us categoria, ser\u00e1 igualmente entregue, se o j\u00fari assim o entender, um Grande Pr\u00e9mio, para aquele que for considerado o melhor caso de todos os que se apresentaram a concurso. Ser\u00e1 ainda atribu\u00eddo o pr\u00e9mio Ag\u00eancia Criativa do Ano e Ag\u00eancia de Meios do Ano \u00e0s ag\u00eancias que tenham sido mais premiadas nesta s\u00e9tima edi\u00e7\u00e3o dos Pr\u00e9mios de Marketing Meios &amp; Publicidade. O director de marketing que veja as ac\u00e7\u00f5es de comunica\u00e7\u00e3o dos produtos\/servi\u00e7os da sua empresa serem mais premiados recebe o trof\u00e9u Marketeer do Ano.<br \/>\nAndr\u00e9 Freire de Andrade (Dentsu Iberia &amp; SSAfrica), Andreia Vaz (Nestl\u00e9), Bernardo Rodo (OMD), Cristina Vaz Tom\u00e9 (Grupo Impresa), Erik Lassche (Grupo Fullsix Portugal), Fernando Braz (Salesforce Portugal), Jo\u00e3o Cardoso (GroupM), Jorge Vinha da Silva (Arena Atl\u00e2ntico), Judite Mota (VMLY&amp;R), Loara Costa (Sovena), Luis Pereira Santos (WeCann Portugal), Pedro Janela (WYgroup), Pedro Teles Baltazar (Nova Express\u00e3o), Ricardo Tom\u00e9 (Media Capital Digital), Ricardo Valadares (Millennium bcp), Rita Amzalak (Havas Media), Rui Freire (Initiative), S\u00e9rgio Leal (McDonald\u2019s Portugal) e Susana Albuquerque (Uzina e Clube de Criativos de Portugal) s\u00e3o os profissionais que t\u00eam a seu cargo a avalia\u00e7\u00e3o dos casos.<br \/>\nConsulte\u00a0aqui\u00a0toda a informa\u00e7\u00e3o sobre a edi\u00e7\u00e3o deste ano dos Pr\u00e9mios de Marketing M&amp;P<\/p>\n<p>\n<!--noindex--><br \/>\n<a href=\"https:\/\/www.meiosepublicidade.pt\/2020\/11\/ultimos-dias-inscricoes-nos-premios-marketing-mp\/\" rel=\"nofollow\">Source link <\/a><br \/>\n<!--\/noindex--><\/p>\n","protected":false},"excerpt":{"rendered":"<p>Pelo s\u00e9timo ano\u00a0 vamos premiar as melhores estrat\u00e9gias de marketing, as campanhas, ac\u00e7\u00f5es e decis\u00f5es que podem fazer a diferen\u00e7a para marcas e empresas, contribu\u00eddo assim para a sua notoriedade e crescimento. Nesta s\u00e9tima edi\u00e7\u00e3o temos 32 categorias a concurso, integradas em nove grandes categorias (Sectores de Actividade, Meios, Rela\u00e7\u00f5es P\u00fablicas, Branded Content, Sustentabilidade e [&hellip;]<\/p>\n","protected":false},"author":2,"featured_media":5372,"comment_status":"open","ping_status":"open","sticky":false,"template":"","format":"standard","meta":{"footnotes":""},"categories":[2],"tags":[],"class_list":["post-5371","post","type-post","status-publish","format-standard","has-post-thumbnail","hentry","category-noticias-de-marketing-digital"],"yoast_head":"<!-- This site is optimized with the Yoast SEO plugin v27.4 - https:\/\/yoast.com\/product\/yoast-seo-wordpress\/ -->\n<title>\u00daltimos dias de inscri\u00e7\u00f5es nos Pr\u00e9mios de Marketing M&amp;P - Meios &amp; Publicidade - Super News<\/title>\n<meta name=\"robots\" content=\"index, follow, max-snippet:-1, max-image-preview:large, max-video-preview:-1\" \/>\n<link rel=\"canonical\" href=\"https:\/\/super-news.info\/pt\/ultimos-dias-de-inscricoes-nos-premios-de-marketing-m-p-meios-publicidade\/\" \/>\n<meta property=\"og:locale\" content=\"pt_PT\" \/>\n<meta property=\"og:type\" content=\"article\" \/>\n<meta property=\"og:title\" content=\"\u00daltimos dias de inscri\u00e7\u00f5es nos Pr\u00e9mios de Marketing M&amp;P - Meios &amp; Publicidade - Super News\" \/>\n<meta property=\"og:description\" content=\"Pelo s\u00e9timo ano\u00a0 vamos premiar as melhores estrat\u00e9gias de marketing, as campanhas, ac\u00e7\u00f5es e decis\u00f5es que podem fazer a diferen\u00e7a para marcas e empresas, contribu\u00eddo assim para a sua notoriedade e crescimento. Nesta s\u00e9tima edi\u00e7\u00e3o temos 32 categorias a concurso, integradas em nove grandes categorias (Sectores de Actividade, Meios, Rela\u00e7\u00f5es P\u00fablicas, Branded Content, Sustentabilidade e [&hellip;]\" \/>\n<meta property=\"og:url\" content=\"https:\/\/super-news.info\/pt\/ultimos-dias-de-inscricoes-nos-premios-de-marketing-m-p-meios-publicidade\/\" \/>\n<meta property=\"og:site_name\" content=\"Super News\" \/>\n<meta property=\"article:published_time\" content=\"2020-11-26T18:24:28+00:00\" \/>\n<meta property=\"article:modified_time\" content=\"2020-11-26T18:24:31+00:00\" \/>\n<meta property=\"og:image\" content=\"https:\/\/super-news.info\/pt\/wp-content\/uploads\/sites\/2\/2020\/11\/ltimos-dias-de-inscri-es-nos-Pr-mios-de-Marketing-MP.jpg\" \/>\n\t<meta property=\"og:image:width\" content=\"2000\" \/>\n\t<meta property=\"og:image:height\" content=\"1077\" \/>\n\t<meta property=\"og:image:type\" content=\"image\/jpeg\" \/>\n<meta name=\"author\" content=\"super-news\" \/>\n<meta name=\"twitter:card\" content=\"summary_large_image\" \/>\n<meta name=\"twitter:label1\" content=\"Escrito por\" \/>\n\t<meta name=\"twitter:data1\" content=\"super-news\" \/>\n\t<meta name=\"twitter:label2\" content=\"Tempo estimado de leitura\" \/>\n\t<meta name=\"twitter:data2\" content=\"2 minutos\" \/>\n<script type=\"application\/ld+json\" class=\"yoast-schema-graph\">{\"@context\":\"https:\\\/\\\/schema.org\",\"@graph\":[{\"@type\":\"Article\",\"@id\":\"https:\\\/\\\/super-news.info\\\/pt\\\/ultimos-dias-de-inscricoes-nos-premios-de-marketing-m-p-meios-publicidade\\\/#article\",\"isPartOf\":{\"@id\":\"https:\\\/\\\/super-news.info\\\/pt\\\/ultimos-dias-de-inscricoes-nos-premios-de-marketing-m-p-meios-publicidade\\\/\"},\"author\":{\"name\":\"super-news\",\"@id\":\"https:\\\/\\\/super-news.info\\\/pt\\\/#\\\/schema\\\/person\\\/2d4068cb2f39cd10008c2fce578a7356\"},\"headline\":\"\u00daltimos dias de inscri\u00e7\u00f5es nos Pr\u00e9mios de Marketing M&#038;P &#8211; Meios &#038; Publicidade\",\"datePublished\":\"2020-11-26T18:24:28+00:00\",\"dateModified\":\"2020-11-26T18:24:31+00:00\",\"mainEntityOfPage\":{\"@id\":\"https:\\\/\\\/super-news.info\\\/pt\\\/ultimos-dias-de-inscricoes-nos-premios-de-marketing-m-p-meios-publicidade\\\/\"},\"wordCount\":328,\"commentCount\":0,\"image\":{\"@id\":\"https:\\\/\\\/super-news.info\\\/pt\\\/ultimos-dias-de-inscricoes-nos-premios-de-marketing-m-p-meios-publicidade\\\/#primaryimage\"},\"thumbnailUrl\":\"https:\\\/\\\/super-news.info\\\/pt\\\/wp-content\\\/uploads\\\/sites\\\/2\\\/2020\\\/11\\\/ltimos-dias-de-inscri-es-nos-Pr-mios-de-Marketing-MP.jpg\",\"articleSection\":[\"NOT\u00cdCIAS DE MARKETING DIGITAL\"],\"inLanguage\":\"pt-PT\",\"potentialAction\":[{\"@type\":\"CommentAction\",\"name\":\"Comment\",\"target\":[\"https:\\\/\\\/super-news.info\\\/pt\\\/ultimos-dias-de-inscricoes-nos-premios-de-marketing-m-p-meios-publicidade\\\/#respond\"]}]},{\"@type\":\"WebPage\",\"@id\":\"https:\\\/\\\/super-news.info\\\/pt\\\/ultimos-dias-de-inscricoes-nos-premios-de-marketing-m-p-meios-publicidade\\\/\",\"url\":\"https:\\\/\\\/super-news.info\\\/pt\\\/ultimos-dias-de-inscricoes-nos-premios-de-marketing-m-p-meios-publicidade\\\/\",\"name\":\"\u00daltimos dias de inscri\u00e7\u00f5es nos Pr\u00e9mios de Marketing M&P - Meios & Publicidade - Super News\",\"isPartOf\":{\"@id\":\"https:\\\/\\\/super-news.info\\\/pt\\\/#website\"},\"primaryImageOfPage\":{\"@id\":\"https:\\\/\\\/super-news.info\\\/pt\\\/ultimos-dias-de-inscricoes-nos-premios-de-marketing-m-p-meios-publicidade\\\/#primaryimage\"},\"image\":{\"@id\":\"https:\\\/\\\/super-news.info\\\/pt\\\/ultimos-dias-de-inscricoes-nos-premios-de-marketing-m-p-meios-publicidade\\\/#primaryimage\"},\"thumbnailUrl\":\"https:\\\/\\\/super-news.info\\\/pt\\\/wp-content\\\/uploads\\\/sites\\\/2\\\/2020\\\/11\\\/ltimos-dias-de-inscri-es-nos-Pr-mios-de-Marketing-MP.jpg\",\"datePublished\":\"2020-11-26T18:24:28+00:00\",\"dateModified\":\"2020-11-26T18:24:31+00:00\",\"author\":{\"@id\":\"https:\\\/\\\/super-news.info\\\/pt\\\/#\\\/schema\\\/person\\\/2d4068cb2f39cd10008c2fce578a7356\"},\"breadcrumb\":{\"@id\":\"https:\\\/\\\/super-news.info\\\/pt\\\/ultimos-dias-de-inscricoes-nos-premios-de-marketing-m-p-meios-publicidade\\\/#breadcrumb\"},\"inLanguage\":\"pt-PT\",\"potentialAction\":[{\"@type\":\"ReadAction\",\"target\":[\"https:\\\/\\\/super-news.info\\\/pt\\\/ultimos-dias-de-inscricoes-nos-premios-de-marketing-m-p-meios-publicidade\\\/\"]}]},{\"@type\":\"ImageObject\",\"inLanguage\":\"pt-PT\",\"@id\":\"https:\\\/\\\/super-news.info\\\/pt\\\/ultimos-dias-de-inscricoes-nos-premios-de-marketing-m-p-meios-publicidade\\\/#primaryimage\",\"url\":\"https:\\\/\\\/super-news.info\\\/pt\\\/wp-content\\\/uploads\\\/sites\\\/2\\\/2020\\\/11\\\/ltimos-dias-de-inscri-es-nos-Pr-mios-de-Marketing-MP.jpg\",\"contentUrl\":\"https:\\\/\\\/super-news.info\\\/pt\\\/wp-content\\\/uploads\\\/sites\\\/2\\\/2020\\\/11\\\/ltimos-dias-de-inscri-es-nos-Pr-mios-de-Marketing-MP.jpg\",\"width\":2000,\"height\":1077,\"caption\":\"\u00daltimos dias de inscri\u00e7\u00f5es nos Pr\u00e9mios de Marketing M&P - Meios & Publicidade\"},{\"@type\":\"BreadcrumbList\",\"@id\":\"https:\\\/\\\/super-news.info\\\/pt\\\/ultimos-dias-de-inscricoes-nos-premios-de-marketing-m-p-meios-publicidade\\\/#breadcrumb\",\"itemListElement\":[{\"@type\":\"ListItem\",\"position\":1,\"name\":\"\u0413\u043b\u0430\u0432\u043d\u0430\u044f \u0441\u0442\u0440\u0430\u043d\u0438\u0446\u0430\",\"item\":\"https:\\\/\\\/super-news.info\\\/pt\\\/\"},{\"@type\":\"ListItem\",\"position\":2,\"name\":\"\u00daltimos dias de inscri\u00e7\u00f5es nos Pr\u00e9mios de Marketing M&#038;P &#8211; Meios &#038; Publicidade\"}]},{\"@type\":\"WebSite\",\"@id\":\"https:\\\/\\\/super-news.info\\\/pt\\\/#website\",\"url\":\"https:\\\/\\\/super-news.info\\\/pt\\\/\",\"name\":\"Super News\",\"description\":\"Super News Portugal\",\"potentialAction\":[{\"@type\":\"SearchAction\",\"target\":{\"@type\":\"EntryPoint\",\"urlTemplate\":\"https:\\\/\\\/super-news.info\\\/pt\\\/?s={search_term_string}\"},\"query-input\":{\"@type\":\"PropertyValueSpecification\",\"valueRequired\":true,\"valueName\":\"search_term_string\"}}],\"inLanguage\":\"pt-PT\"},{\"@type\":\"Person\",\"@id\":\"https:\\\/\\\/super-news.info\\\/pt\\\/#\\\/schema\\\/person\\\/2d4068cb2f39cd10008c2fce578a7356\",\"name\":\"super-news\",\"image\":{\"@type\":\"ImageObject\",\"inLanguage\":\"pt-PT\",\"@id\":\"https:\\\/\\\/secure.gravatar.com\\\/avatar\\\/64ebac40b93f26a154f8a9b5b6fdccfc46f442b26b3dd6756dbff3bf9dc76fd7?s=96&d=mm&r=g\",\"url\":\"https:\\\/\\\/secure.gravatar.com\\\/avatar\\\/64ebac40b93f26a154f8a9b5b6fdccfc46f442b26b3dd6756dbff3bf9dc76fd7?s=96&d=mm&r=g\",\"contentUrl\":\"https:\\\/\\\/secure.gravatar.com\\\/avatar\\\/64ebac40b93f26a154f8a9b5b6fdccfc46f442b26b3dd6756dbff3bf9dc76fd7?s=96&d=mm&r=g\",\"caption\":\"super-news\"},\"url\":\"https:\\\/\\\/super-news.info\\\/pt\\\/author\\\/pt\\\/\"}]}<\/script>\n<!-- \/ Yoast SEO plugin. -->","yoast_head_json":{"title":"\u00daltimos dias de inscri\u00e7\u00f5es nos Pr\u00e9mios de Marketing M&P - Meios & Publicidade - Super News","robots":{"index":"index","follow":"follow","max-snippet":"max-snippet:-1","max-image-preview":"max-image-preview:large","max-video-preview":"max-video-preview:-1"},"canonical":"https:\/\/super-news.info\/pt\/ultimos-dias-de-inscricoes-nos-premios-de-marketing-m-p-meios-publicidade\/","og_locale":"pt_PT","og_type":"article","og_title":"\u00daltimos dias de inscri\u00e7\u00f5es nos Pr\u00e9mios de Marketing M&P - Meios & Publicidade - Super News","og_description":"Pelo s\u00e9timo ano\u00a0 vamos premiar as melhores estrat\u00e9gias de marketing, as campanhas, ac\u00e7\u00f5es e decis\u00f5es que podem fazer a diferen\u00e7a para marcas e empresas, contribu\u00eddo assim para a sua notoriedade e crescimento. Nesta s\u00e9tima edi\u00e7\u00e3o temos 32 categorias a concurso, integradas em nove grandes categorias (Sectores de Actividade, Meios, Rela\u00e7\u00f5es P\u00fablicas, Branded Content, Sustentabilidade e [&hellip;]","og_url":"https:\/\/super-news.info\/pt\/ultimos-dias-de-inscricoes-nos-premios-de-marketing-m-p-meios-publicidade\/","og_site_name":"Super News","article_published_time":"2020-11-26T18:24:28+00:00","article_modified_time":"2020-11-26T18:24:31+00:00","og_image":[{"width":2000,"height":1077,"url":"https:\/\/super-news.info\/pt\/wp-content\/uploads\/sites\/2\/2020\/11\/ltimos-dias-de-inscri-es-nos-Pr-mios-de-Marketing-MP.jpg","type":"image\/jpeg"}],"author":"super-news","twitter_card":"summary_large_image","twitter_misc":{"Escrito por":"super-news","Tempo estimado de leitura":"2 minutos"},"schema":{"@context":"https:\/\/schema.org","@graph":[{"@type":"Article","@id":"https:\/\/super-news.info\/pt\/ultimos-dias-de-inscricoes-nos-premios-de-marketing-m-p-meios-publicidade\/#article","isPartOf":{"@id":"https:\/\/super-news.info\/pt\/ultimos-dias-de-inscricoes-nos-premios-de-marketing-m-p-meios-publicidade\/"},"author":{"name":"super-news","@id":"https:\/\/super-news.info\/pt\/#\/schema\/person\/2d4068cb2f39cd10008c2fce578a7356"},"headline":"\u00daltimos dias de inscri\u00e7\u00f5es nos Pr\u00e9mios de Marketing M&#038;P &#8211; Meios &#038; Publicidade","datePublished":"2020-11-26T18:24:28+00:00","dateModified":"2020-11-26T18:24:31+00:00","mainEntityOfPage":{"@id":"https:\/\/super-news.info\/pt\/ultimos-dias-de-inscricoes-nos-premios-de-marketing-m-p-meios-publicidade\/"},"wordCount":328,"commentCount":0,"image":{"@id":"https:\/\/super-news.info\/pt\/ultimos-dias-de-inscricoes-nos-premios-de-marketing-m-p-meios-publicidade\/#primaryimage"},"thumbnailUrl":"https:\/\/super-news.info\/pt\/wp-content\/uploads\/sites\/2\/2020\/11\/ltimos-dias-de-inscri-es-nos-Pr-mios-de-Marketing-MP.jpg","articleSection":["NOT\u00cdCIAS DE MARKETING DIGITAL"],"inLanguage":"pt-PT","potentialAction":[{"@type":"CommentAction","name":"Comment","target":["https:\/\/super-news.info\/pt\/ultimos-dias-de-inscricoes-nos-premios-de-marketing-m-p-meios-publicidade\/#respond"]}]},{"@type":"WebPage","@id":"https:\/\/super-news.info\/pt\/ultimos-dias-de-inscricoes-nos-premios-de-marketing-m-p-meios-publicidade\/","url":"https:\/\/super-news.info\/pt\/ultimos-dias-de-inscricoes-nos-premios-de-marketing-m-p-meios-publicidade\/","name":"\u00daltimos dias de inscri\u00e7\u00f5es nos Pr\u00e9mios de Marketing M&P - Meios & Publicidade - Super News","isPartOf":{"@id":"https:\/\/super-news.info\/pt\/#website"},"primaryImageOfPage":{"@id":"https:\/\/super-news.info\/pt\/ultimos-dias-de-inscricoes-nos-premios-de-marketing-m-p-meios-publicidade\/#primaryimage"},"image":{"@id":"https:\/\/super-news.info\/pt\/ultimos-dias-de-inscricoes-nos-premios-de-marketing-m-p-meios-publicidade\/#primaryimage"},"thumbnailUrl":"https:\/\/super-news.info\/pt\/wp-content\/uploads\/sites\/2\/2020\/11\/ltimos-dias-de-inscri-es-nos-Pr-mios-de-Marketing-MP.jpg","datePublished":"2020-11-26T18:24:28+00:00","dateModified":"2020-11-26T18:24:31+00:00","author":{"@id":"https:\/\/super-news.info\/pt\/#\/schema\/person\/2d4068cb2f39cd10008c2fce578a7356"},"breadcrumb":{"@id":"https:\/\/super-news.info\/pt\/ultimos-dias-de-inscricoes-nos-premios-de-marketing-m-p-meios-publicidade\/#breadcrumb"},"inLanguage":"pt-PT","potentialAction":[{"@type":"ReadAction","target":["https:\/\/super-news.info\/pt\/ultimos-dias-de-inscricoes-nos-premios-de-marketing-m-p-meios-publicidade\/"]}]},{"@type":"ImageObject","inLanguage":"pt-PT","@id":"https:\/\/super-news.info\/pt\/ultimos-dias-de-inscricoes-nos-premios-de-marketing-m-p-meios-publicidade\/#primaryimage","url":"https:\/\/super-news.info\/pt\/wp-content\/uploads\/sites\/2\/2020\/11\/ltimos-dias-de-inscri-es-nos-Pr-mios-de-Marketing-MP.jpg","contentUrl":"https:\/\/super-news.info\/pt\/wp-content\/uploads\/sites\/2\/2020\/11\/ltimos-dias-de-inscri-es-nos-Pr-mios-de-Marketing-MP.jpg","width":2000,"height":1077,"caption":"\u00daltimos dias de inscri\u00e7\u00f5es nos Pr\u00e9mios de Marketing M&P - Meios & Publicidade"},{"@type":"BreadcrumbList","@id":"https:\/\/super-news.info\/pt\/ultimos-dias-de-inscricoes-nos-premios-de-marketing-m-p-meios-publicidade\/#breadcrumb","itemListElement":[{"@type":"ListItem","position":1,"name":"\u0413\u043b\u0430\u0432\u043d\u0430\u044f \u0441\u0442\u0440\u0430\u043d\u0438\u0446\u0430","item":"https:\/\/super-news.info\/pt\/"},{"@type":"ListItem","position":2,"name":"\u00daltimos dias de inscri\u00e7\u00f5es nos Pr\u00e9mios de Marketing M&#038;P &#8211; Meios &#038; Publicidade"}]},{"@type":"WebSite","@id":"https:\/\/super-news.info\/pt\/#website","url":"https:\/\/super-news.info\/pt\/","name":"Super News","description":"Super News Portugal","potentialAction":[{"@type":"SearchAction","target":{"@type":"EntryPoint","urlTemplate":"https:\/\/super-news.info\/pt\/?s={search_term_string}"},"query-input":{"@type":"PropertyValueSpecification","valueRequired":true,"valueName":"search_term_string"}}],"inLanguage":"pt-PT"},{"@type":"Person","@id":"https:\/\/super-news.info\/pt\/#\/schema\/person\/2d4068cb2f39cd10008c2fce578a7356","name":"super-news","image":{"@type":"ImageObject","inLanguage":"pt-PT","@id":"https:\/\/secure.gravatar.com\/avatar\/64ebac40b93f26a154f8a9b5b6fdccfc46f442b26b3dd6756dbff3bf9dc76fd7?s=96&d=mm&r=g","url":"https:\/\/secure.gravatar.com\/avatar\/64ebac40b93f26a154f8a9b5b6fdccfc46f442b26b3dd6756dbff3bf9dc76fd7?s=96&d=mm&r=g","contentUrl":"https:\/\/secure.gravatar.com\/avatar\/64ebac40b93f26a154f8a9b5b6fdccfc46f442b26b3dd6756dbff3bf9dc76fd7?s=96&d=mm&r=g","caption":"super-news"},"url":"https:\/\/super-news.info\/pt\/author\/pt\/"}]}},"_links":{"self":[{"href":"https:\/\/super-news.info\/pt\/wp-json\/wp\/v2\/posts\/5371","targetHints":{"allow":["GET"]}}],"collection":[{"href":"https:\/\/super-news.info\/pt\/wp-json\/wp\/v2\/posts"}],"about":[{"href":"https:\/\/super-news.info\/pt\/wp-json\/wp\/v2\/types\/post"}],"author":[{"embeddable":true,"href":"https:\/\/super-news.info\/pt\/wp-json\/wp\/v2\/users\/2"}],"replies":[{"embeddable":true,"href":"https:\/\/super-news.info\/pt\/wp-json\/wp\/v2\/comments?post=5371"}],"version-history":[{"count":1,"href":"https:\/\/super-news.info\/pt\/wp-json\/wp\/v2\/posts\/5371\/revisions"}],"predecessor-version":[{"id":5373,"href":"https:\/\/super-news.info\/pt\/wp-json\/wp\/v2\/posts\/5371\/revisions\/5373"}],"wp:featuredmedia":[{"embeddable":true,"href":"https:\/\/super-news.info\/pt\/wp-json\/wp\/v2\/media\/5372"}],"wp:attachment":[{"href":"https:\/\/super-news.info\/pt\/wp-json\/wp\/v2\/media?parent=5371"}],"wp:term":[{"taxonomy":"category","embeddable":true,"href":"https:\/\/super-news.info\/pt\/wp-json\/wp\/v2\/categories?post=5371"},{"taxonomy":"post_tag","embeddable":true,"href":"https:\/\/super-news.info\/pt\/wp-json\/wp\/v2\/tags?post=5371"}],"curies":[{"name":"wp","href":"https:\/\/api.w.org\/{rel}","templated":true}]}}