{"id":5365,"date":"2020-11-26T09:23:56","date_gmt":"2020-11-26T06:23:56","guid":{"rendered":"https:\/\/super-news.info\/pt\/nuno-gama-fecha-loja-do-chiado-meios-publicidade\/"},"modified":"2020-11-26T09:23:58","modified_gmt":"2020-11-26T06:23:58","slug":"nuno-gama-fecha-loja-do-chiado-meios-publicidade","status":"publish","type":"post","link":"https:\/\/super-news.info\/pt\/nuno-gama-fecha-loja-do-chiado-meios-publicidade\/","title":{"rendered":"Nuno Gama fecha loja do Chiado &#8211; Meios &#038; Publicidade"},"content":{"rendered":"<p>O criador Nuno Gama anunciou esta ter\u00e7a-feira o encerramento da sua loja no Chiado (Lisboa). A loja entrar\u00e1 agora em promo\u00e7\u00f5es at\u00e9 ao fecho definitivo.<br \/>\nAp\u00f3s cinco anos com um espa\u00e7o pr\u00f3prio no Pr\u00edncipe Real, Nuno Gama decidiu no ano passado instalar-se na rua Nova da Trindade, num espa\u00e7o de 160 metros quadrados, de forma a captar os turistas que visitavam a capital.<br \/>\n\u201cAtravessamos o maior desafio das nossas vidas, arrega\u00e7ando mais uma vez as mangas, despedimo-nos no Natal, sem presente, mas sem desistir do futuro\u201d, declarou Nuno Gama, numa nota publicada no Facebook.<\/p>\n<p>\n<!--noindex--><br \/>\n<a href=\"https:\/\/www.meiosepublicidade.pt\/2020\/11\/nuno-gama-fecha-loja-do-chiado\/\" rel=\"nofollow\">Source link <\/a><br \/>\n<!--\/noindex--><\/p>\n","protected":false},"excerpt":{"rendered":"<p>O criador Nuno Gama anunciou esta ter\u00e7a-feira o encerramento da sua loja no Chiado (Lisboa). A loja entrar\u00e1 agora em promo\u00e7\u00f5es at\u00e9 ao fecho definitivo. Ap\u00f3s cinco anos com um espa\u00e7o pr\u00f3prio no Pr\u00edncipe Real, Nuno Gama decidiu no ano passado instalar-se na rua Nova da Trindade, num espa\u00e7o de 160 metros quadrados, de forma [&hellip;]<\/p>\n","protected":false},"author":2,"featured_media":5366,"comment_status":"open","ping_status":"open","sticky":false,"template":"","format":"standard","meta":{"footnotes":""},"categories":[2],"tags":[],"class_list":["post-5365","post","type-post","status-publish","format-standard","has-post-thumbnail","hentry","category-noticias-de-marketing-digital"],"yoast_head":"<!-- This site is optimized with the Yoast SEO plugin v27.4 - https:\/\/yoast.com\/product\/yoast-seo-wordpress\/ -->\n<title>Nuno Gama fecha loja do Chiado - Meios &amp; Publicidade - Super News<\/title>\n<meta name=\"robots\" content=\"index, follow, max-snippet:-1, max-image-preview:large, max-video-preview:-1\" \/>\n<link rel=\"canonical\" href=\"https:\/\/super-news.info\/pt\/nuno-gama-fecha-loja-do-chiado-meios-publicidade\/\" \/>\n<meta property=\"og:locale\" content=\"pt_PT\" \/>\n<meta property=\"og:type\" content=\"article\" \/>\n<meta property=\"og:title\" content=\"Nuno Gama fecha loja do Chiado - Meios &amp; Publicidade - Super News\" \/>\n<meta property=\"og:description\" content=\"O criador Nuno Gama anunciou esta ter\u00e7a-feira o encerramento da sua loja no Chiado (Lisboa). A loja entrar\u00e1 agora em promo\u00e7\u00f5es at\u00e9 ao fecho definitivo. Ap\u00f3s cinco anos com um espa\u00e7o pr\u00f3prio no Pr\u00edncipe Real, Nuno Gama decidiu no ano passado instalar-se na rua Nova da Trindade, num espa\u00e7o de 160 metros quadrados, de forma [&hellip;]\" \/>\n<meta property=\"og:url\" content=\"https:\/\/super-news.info\/pt\/nuno-gama-fecha-loja-do-chiado-meios-publicidade\/\" \/>\n<meta property=\"og:site_name\" content=\"Super News\" \/>\n<meta property=\"article:published_time\" content=\"2020-11-26T06:23:56+00:00\" \/>\n<meta property=\"article:modified_time\" content=\"2020-11-26T06:23:58+00:00\" \/>\n<meta property=\"og:image\" content=\"https:\/\/super-news.info\/pt\/wp-content\/uploads\/sites\/2\/2020\/11\/Nuno-Gama-fecha-loja-do-Chiado-Meios-Publicidade.jpg\" \/>\n\t<meta property=\"og:image:width\" content=\"225\" \/>\n\t<meta property=\"og:image:height\" content=\"225\" \/>\n\t<meta property=\"og:image:type\" content=\"image\/jpeg\" \/>\n<meta name=\"author\" content=\"super-news\" \/>\n<meta name=\"twitter:card\" content=\"summary_large_image\" \/>\n<meta name=\"twitter:label1\" content=\"Escrito por\" \/>\n\t<meta name=\"twitter:data1\" content=\"super-news\" \/>\n\t<meta name=\"twitter:label2\" content=\"Tempo estimado de leitura\" \/>\n\t<meta name=\"twitter:data2\" content=\"1 minuto\" \/>\n<script type=\"application\/ld+json\" class=\"yoast-schema-graph\">{\"@context\":\"https:\\\/\\\/schema.org\",\"@graph\":[{\"@type\":\"Article\",\"@id\":\"https:\\\/\\\/super-news.info\\\/pt\\\/nuno-gama-fecha-loja-do-chiado-meios-publicidade\\\/#article\",\"isPartOf\":{\"@id\":\"https:\\\/\\\/super-news.info\\\/pt\\\/nuno-gama-fecha-loja-do-chiado-meios-publicidade\\\/\"},\"author\":{\"name\":\"super-news\",\"@id\":\"https:\\\/\\\/super-news.info\\\/pt\\\/#\\\/schema\\\/person\\\/2d4068cb2f39cd10008c2fce578a7356\"},\"headline\":\"Nuno Gama fecha loja do Chiado &#8211; Meios &#038; Publicidade\",\"datePublished\":\"2020-11-26T06:23:56+00:00\",\"dateModified\":\"2020-11-26T06:23:58+00:00\",\"mainEntityOfPage\":{\"@id\":\"https:\\\/\\\/super-news.info\\\/pt\\\/nuno-gama-fecha-loja-do-chiado-meios-publicidade\\\/\"},\"wordCount\":112,\"commentCount\":0,\"image\":{\"@id\":\"https:\\\/\\\/super-news.info\\\/pt\\\/nuno-gama-fecha-loja-do-chiado-meios-publicidade\\\/#primaryimage\"},\"thumbnailUrl\":\"https:\\\/\\\/super-news.info\\\/pt\\\/wp-content\\\/uploads\\\/sites\\\/2\\\/2020\\\/11\\\/Nuno-Gama-fecha-loja-do-Chiado-Meios-Publicidade.jpg\",\"articleSection\":[\"NOT\u00cdCIAS DE MARKETING DIGITAL\"],\"inLanguage\":\"pt-PT\",\"potentialAction\":[{\"@type\":\"CommentAction\",\"name\":\"Comment\",\"target\":[\"https:\\\/\\\/super-news.info\\\/pt\\\/nuno-gama-fecha-loja-do-chiado-meios-publicidade\\\/#respond\"]}]},{\"@type\":\"WebPage\",\"@id\":\"https:\\\/\\\/super-news.info\\\/pt\\\/nuno-gama-fecha-loja-do-chiado-meios-publicidade\\\/\",\"url\":\"https:\\\/\\\/super-news.info\\\/pt\\\/nuno-gama-fecha-loja-do-chiado-meios-publicidade\\\/\",\"name\":\"Nuno Gama fecha loja do Chiado - Meios & Publicidade - Super News\",\"isPartOf\":{\"@id\":\"https:\\\/\\\/super-news.info\\\/pt\\\/#website\"},\"primaryImageOfPage\":{\"@id\":\"https:\\\/\\\/super-news.info\\\/pt\\\/nuno-gama-fecha-loja-do-chiado-meios-publicidade\\\/#primaryimage\"},\"image\":{\"@id\":\"https:\\\/\\\/super-news.info\\\/pt\\\/nuno-gama-fecha-loja-do-chiado-meios-publicidade\\\/#primaryimage\"},\"thumbnailUrl\":\"https:\\\/\\\/super-news.info\\\/pt\\\/wp-content\\\/uploads\\\/sites\\\/2\\\/2020\\\/11\\\/Nuno-Gama-fecha-loja-do-Chiado-Meios-Publicidade.jpg\",\"datePublished\":\"2020-11-26T06:23:56+00:00\",\"dateModified\":\"2020-11-26T06:23:58+00:00\",\"author\":{\"@id\":\"https:\\\/\\\/super-news.info\\\/pt\\\/#\\\/schema\\\/person\\\/2d4068cb2f39cd10008c2fce578a7356\"},\"breadcrumb\":{\"@id\":\"https:\\\/\\\/super-news.info\\\/pt\\\/nuno-gama-fecha-loja-do-chiado-meios-publicidade\\\/#breadcrumb\"},\"inLanguage\":\"pt-PT\",\"potentialAction\":[{\"@type\":\"ReadAction\",\"target\":[\"https:\\\/\\\/super-news.info\\\/pt\\\/nuno-gama-fecha-loja-do-chiado-meios-publicidade\\\/\"]}]},{\"@type\":\"ImageObject\",\"inLanguage\":\"pt-PT\",\"@id\":\"https:\\\/\\\/super-news.info\\\/pt\\\/nuno-gama-fecha-loja-do-chiado-meios-publicidade\\\/#primaryimage\",\"url\":\"https:\\\/\\\/super-news.info\\\/pt\\\/wp-content\\\/uploads\\\/sites\\\/2\\\/2020\\\/11\\\/Nuno-Gama-fecha-loja-do-Chiado-Meios-Publicidade.jpg\",\"contentUrl\":\"https:\\\/\\\/super-news.info\\\/pt\\\/wp-content\\\/uploads\\\/sites\\\/2\\\/2020\\\/11\\\/Nuno-Gama-fecha-loja-do-Chiado-Meios-Publicidade.jpg\",\"width\":225,\"height\":225,\"caption\":\"Nuno Gama fecha loja do Chiado - Meios & Publicidade\"},{\"@type\":\"BreadcrumbList\",\"@id\":\"https:\\\/\\\/super-news.info\\\/pt\\\/nuno-gama-fecha-loja-do-chiado-meios-publicidade\\\/#breadcrumb\",\"itemListElement\":[{\"@type\":\"ListItem\",\"position\":1,\"name\":\"\u0413\u043b\u0430\u0432\u043d\u0430\u044f \u0441\u0442\u0440\u0430\u043d\u0438\u0446\u0430\",\"item\":\"https:\\\/\\\/super-news.info\\\/pt\\\/\"},{\"@type\":\"ListItem\",\"position\":2,\"name\":\"Nuno Gama fecha loja do Chiado &#8211; Meios &#038; Publicidade\"}]},{\"@type\":\"WebSite\",\"@id\":\"https:\\\/\\\/super-news.info\\\/pt\\\/#website\",\"url\":\"https:\\\/\\\/super-news.info\\\/pt\\\/\",\"name\":\"Super News\",\"description\":\"Super News Portugal\",\"potentialAction\":[{\"@type\":\"SearchAction\",\"target\":{\"@type\":\"EntryPoint\",\"urlTemplate\":\"https:\\\/\\\/super-news.info\\\/pt\\\/?s={search_term_string}\"},\"query-input\":{\"@type\":\"PropertyValueSpecification\",\"valueRequired\":true,\"valueName\":\"search_term_string\"}}],\"inLanguage\":\"pt-PT\"},{\"@type\":\"Person\",\"@id\":\"https:\\\/\\\/super-news.info\\\/pt\\\/#\\\/schema\\\/person\\\/2d4068cb2f39cd10008c2fce578a7356\",\"name\":\"super-news\",\"image\":{\"@type\":\"ImageObject\",\"inLanguage\":\"pt-PT\",\"@id\":\"https:\\\/\\\/secure.gravatar.com\\\/avatar\\\/64ebac40b93f26a154f8a9b5b6fdccfc46f442b26b3dd6756dbff3bf9dc76fd7?s=96&d=mm&r=g\",\"url\":\"https:\\\/\\\/secure.gravatar.com\\\/avatar\\\/64ebac40b93f26a154f8a9b5b6fdccfc46f442b26b3dd6756dbff3bf9dc76fd7?s=96&d=mm&r=g\",\"contentUrl\":\"https:\\\/\\\/secure.gravatar.com\\\/avatar\\\/64ebac40b93f26a154f8a9b5b6fdccfc46f442b26b3dd6756dbff3bf9dc76fd7?s=96&d=mm&r=g\",\"caption\":\"super-news\"},\"url\":\"https:\\\/\\\/super-news.info\\\/pt\\\/author\\\/pt\\\/\"}]}<\/script>\n<!-- \/ Yoast SEO plugin. -->","yoast_head_json":{"title":"Nuno Gama fecha loja do Chiado - Meios & Publicidade - Super News","robots":{"index":"index","follow":"follow","max-snippet":"max-snippet:-1","max-image-preview":"max-image-preview:large","max-video-preview":"max-video-preview:-1"},"canonical":"https:\/\/super-news.info\/pt\/nuno-gama-fecha-loja-do-chiado-meios-publicidade\/","og_locale":"pt_PT","og_type":"article","og_title":"Nuno Gama fecha loja do Chiado - Meios & Publicidade - Super News","og_description":"O criador Nuno Gama anunciou esta ter\u00e7a-feira o encerramento da sua loja no Chiado (Lisboa). A loja entrar\u00e1 agora em promo\u00e7\u00f5es at\u00e9 ao fecho definitivo. Ap\u00f3s cinco anos com um espa\u00e7o pr\u00f3prio no Pr\u00edncipe Real, Nuno Gama decidiu no ano passado instalar-se na rua Nova da Trindade, num espa\u00e7o de 160 metros quadrados, de forma [&hellip;]","og_url":"https:\/\/super-news.info\/pt\/nuno-gama-fecha-loja-do-chiado-meios-publicidade\/","og_site_name":"Super News","article_published_time":"2020-11-26T06:23:56+00:00","article_modified_time":"2020-11-26T06:23:58+00:00","og_image":[{"width":225,"height":225,"url":"https:\/\/super-news.info\/pt\/wp-content\/uploads\/sites\/2\/2020\/11\/Nuno-Gama-fecha-loja-do-Chiado-Meios-Publicidade.jpg","type":"image\/jpeg"}],"author":"super-news","twitter_card":"summary_large_image","twitter_misc":{"Escrito por":"super-news","Tempo estimado de leitura":"1 minuto"},"schema":{"@context":"https:\/\/schema.org","@graph":[{"@type":"Article","@id":"https:\/\/super-news.info\/pt\/nuno-gama-fecha-loja-do-chiado-meios-publicidade\/#article","isPartOf":{"@id":"https:\/\/super-news.info\/pt\/nuno-gama-fecha-loja-do-chiado-meios-publicidade\/"},"author":{"name":"super-news","@id":"https:\/\/super-news.info\/pt\/#\/schema\/person\/2d4068cb2f39cd10008c2fce578a7356"},"headline":"Nuno Gama fecha loja do Chiado &#8211; Meios &#038; Publicidade","datePublished":"2020-11-26T06:23:56+00:00","dateModified":"2020-11-26T06:23:58+00:00","mainEntityOfPage":{"@id":"https:\/\/super-news.info\/pt\/nuno-gama-fecha-loja-do-chiado-meios-publicidade\/"},"wordCount":112,"commentCount":0,"image":{"@id":"https:\/\/super-news.info\/pt\/nuno-gama-fecha-loja-do-chiado-meios-publicidade\/#primaryimage"},"thumbnailUrl":"https:\/\/super-news.info\/pt\/wp-content\/uploads\/sites\/2\/2020\/11\/Nuno-Gama-fecha-loja-do-Chiado-Meios-Publicidade.jpg","articleSection":["NOT\u00cdCIAS DE MARKETING DIGITAL"],"inLanguage":"pt-PT","potentialAction":[{"@type":"CommentAction","name":"Comment","target":["https:\/\/super-news.info\/pt\/nuno-gama-fecha-loja-do-chiado-meios-publicidade\/#respond"]}]},{"@type":"WebPage","@id":"https:\/\/super-news.info\/pt\/nuno-gama-fecha-loja-do-chiado-meios-publicidade\/","url":"https:\/\/super-news.info\/pt\/nuno-gama-fecha-loja-do-chiado-meios-publicidade\/","name":"Nuno Gama fecha loja do Chiado - Meios & Publicidade - Super News","isPartOf":{"@id":"https:\/\/super-news.info\/pt\/#website"},"primaryImageOfPage":{"@id":"https:\/\/super-news.info\/pt\/nuno-gama-fecha-loja-do-chiado-meios-publicidade\/#primaryimage"},"image":{"@id":"https:\/\/super-news.info\/pt\/nuno-gama-fecha-loja-do-chiado-meios-publicidade\/#primaryimage"},"thumbnailUrl":"https:\/\/super-news.info\/pt\/wp-content\/uploads\/sites\/2\/2020\/11\/Nuno-Gama-fecha-loja-do-Chiado-Meios-Publicidade.jpg","datePublished":"2020-11-26T06:23:56+00:00","dateModified":"2020-11-26T06:23:58+00:00","author":{"@id":"https:\/\/super-news.info\/pt\/#\/schema\/person\/2d4068cb2f39cd10008c2fce578a7356"},"breadcrumb":{"@id":"https:\/\/super-news.info\/pt\/nuno-gama-fecha-loja-do-chiado-meios-publicidade\/#breadcrumb"},"inLanguage":"pt-PT","potentialAction":[{"@type":"ReadAction","target":["https:\/\/super-news.info\/pt\/nuno-gama-fecha-loja-do-chiado-meios-publicidade\/"]}]},{"@type":"ImageObject","inLanguage":"pt-PT","@id":"https:\/\/super-news.info\/pt\/nuno-gama-fecha-loja-do-chiado-meios-publicidade\/#primaryimage","url":"https:\/\/super-news.info\/pt\/wp-content\/uploads\/sites\/2\/2020\/11\/Nuno-Gama-fecha-loja-do-Chiado-Meios-Publicidade.jpg","contentUrl":"https:\/\/super-news.info\/pt\/wp-content\/uploads\/sites\/2\/2020\/11\/Nuno-Gama-fecha-loja-do-Chiado-Meios-Publicidade.jpg","width":225,"height":225,"caption":"Nuno Gama fecha loja do Chiado - Meios & Publicidade"},{"@type":"BreadcrumbList","@id":"https:\/\/super-news.info\/pt\/nuno-gama-fecha-loja-do-chiado-meios-publicidade\/#breadcrumb","itemListElement":[{"@type":"ListItem","position":1,"name":"\u0413\u043b\u0430\u0432\u043d\u0430\u044f \u0441\u0442\u0440\u0430\u043d\u0438\u0446\u0430","item":"https:\/\/super-news.info\/pt\/"},{"@type":"ListItem","position":2,"name":"Nuno Gama fecha loja do Chiado &#8211; Meios &#038; Publicidade"}]},{"@type":"WebSite","@id":"https:\/\/super-news.info\/pt\/#website","url":"https:\/\/super-news.info\/pt\/","name":"Super News","description":"Super News Portugal","potentialAction":[{"@type":"SearchAction","target":{"@type":"EntryPoint","urlTemplate":"https:\/\/super-news.info\/pt\/?s={search_term_string}"},"query-input":{"@type":"PropertyValueSpecification","valueRequired":true,"valueName":"search_term_string"}}],"inLanguage":"pt-PT"},{"@type":"Person","@id":"https:\/\/super-news.info\/pt\/#\/schema\/person\/2d4068cb2f39cd10008c2fce578a7356","name":"super-news","image":{"@type":"ImageObject","inLanguage":"pt-PT","@id":"https:\/\/secure.gravatar.com\/avatar\/64ebac40b93f26a154f8a9b5b6fdccfc46f442b26b3dd6756dbff3bf9dc76fd7?s=96&d=mm&r=g","url":"https:\/\/secure.gravatar.com\/avatar\/64ebac40b93f26a154f8a9b5b6fdccfc46f442b26b3dd6756dbff3bf9dc76fd7?s=96&d=mm&r=g","contentUrl":"https:\/\/secure.gravatar.com\/avatar\/64ebac40b93f26a154f8a9b5b6fdccfc46f442b26b3dd6756dbff3bf9dc76fd7?s=96&d=mm&r=g","caption":"super-news"},"url":"https:\/\/super-news.info\/pt\/author\/pt\/"}]}},"_links":{"self":[{"href":"https:\/\/super-news.info\/pt\/wp-json\/wp\/v2\/posts\/5365","targetHints":{"allow":["GET"]}}],"collection":[{"href":"https:\/\/super-news.info\/pt\/wp-json\/wp\/v2\/posts"}],"about":[{"href":"https:\/\/super-news.info\/pt\/wp-json\/wp\/v2\/types\/post"}],"author":[{"embeddable":true,"href":"https:\/\/super-news.info\/pt\/wp-json\/wp\/v2\/users\/2"}],"replies":[{"embeddable":true,"href":"https:\/\/super-news.info\/pt\/wp-json\/wp\/v2\/comments?post=5365"}],"version-history":[{"count":1,"href":"https:\/\/super-news.info\/pt\/wp-json\/wp\/v2\/posts\/5365\/revisions"}],"predecessor-version":[{"id":5367,"href":"https:\/\/super-news.info\/pt\/wp-json\/wp\/v2\/posts\/5365\/revisions\/5367"}],"wp:featuredmedia":[{"embeddable":true,"href":"https:\/\/super-news.info\/pt\/wp-json\/wp\/v2\/media\/5366"}],"wp:attachment":[{"href":"https:\/\/super-news.info\/pt\/wp-json\/wp\/v2\/media?parent=5365"}],"wp:term":[{"taxonomy":"category","embeddable":true,"href":"https:\/\/super-news.info\/pt\/wp-json\/wp\/v2\/categories?post=5365"},{"taxonomy":"post_tag","embeddable":true,"href":"https:\/\/super-news.info\/pt\/wp-json\/wp\/v2\/tags?post=5365"}],"curies":[{"name":"wp","href":"https:\/\/api.w.org\/{rel}","templated":true}]}}