{"id":5329,"date":"2020-11-23T09:14:29","date_gmt":"2020-11-23T06:14:29","guid":{"rendered":"https:\/\/super-news.info\/pt\/castor-julio-representa-herois-da-pandemia-em-campanha-solidaria-da-auchan-meios-publicidade\/"},"modified":"2020-11-23T09:14:31","modified_gmt":"2020-11-23T06:14:31","slug":"castor-julio-representa-herois-da-pandemia-em-campanha-solidaria-da-auchan-meios-publicidade","status":"publish","type":"post","link":"https:\/\/super-news.info\/pt\/castor-julio-representa-herois-da-pandemia-em-campanha-solidaria-da-auchan-meios-publicidade\/","title":{"rendered":"Castor J\u00falio representa her\u00f3is da pandemia em campanha solid\u00e1ria da Auchan &#8211; Meios &#038; Publicidade"},"content":{"rendered":"<p>O castor J\u00falio, personagem que \u00e9 o rosto habitual da campanha solid\u00e1ria da Auchan sob o mote \u201cD\u00ea lugar aos verdadeiros her\u00f3is\u201d, representa este ano os her\u00f3is da pandemia. M\u00e9dico, pol\u00edcia, bombeiro e colaborador das lojas Auchan s\u00e3o as quatro vers\u00f5es da edi\u00e7\u00e3o deste ano do peluche, que pretende assim vestir \u201ca capa de quatro her\u00f3is nas \u00e1reas da sa\u00fade, seguran\u00e7a e grande distribui\u00e7\u00e3o que, em tempos de pandemia, t\u00eam dado o seu melhor para zelar pela sa\u00fade e seguran\u00e7a de todos\u201d.<br \/>\nOs peluches, que integram a campanha solid\u00e1ria de Natal da ins\u00edgnia desde 2018, est\u00e3o dispon\u00edveis nas lojas Auchan e no site com um custo de cinco euros, sendo que, por cada J\u00falio vendido, a Auchan vai doar 1,5 euros a institui\u00e7\u00f5es de apoio \u00e0 sa\u00fade na \u00e1rea de interven\u00e7\u00e3o das suas lojas. A iniciativa, integrada na pol\u00edtica de responsabilidade social, representou, segundo a empresa, a doa\u00e7\u00e3o de cerca de 145 mil euros a dezenas de associa\u00e7\u00f5es entre 2018 e 2019.<\/p>\n<p>\n<!--noindex--><br \/>\n<a href=\"https:\/\/www.meiosepublicidade.pt\/2020\/11\/castor-julio-representa-herois-da-pandemia-campanha-solidaria-da-auchan\/\" rel=\"nofollow\">Source link <\/a><br \/>\n<!--\/noindex--><\/p>\n","protected":false},"excerpt":{"rendered":"<p>O castor J\u00falio, personagem que \u00e9 o rosto habitual da campanha solid\u00e1ria da Auchan sob o mote \u201cD\u00ea lugar aos verdadeiros her\u00f3is\u201d, representa este ano os her\u00f3is da pandemia. M\u00e9dico, pol\u00edcia, bombeiro e colaborador das lojas Auchan s\u00e3o as quatro vers\u00f5es da edi\u00e7\u00e3o deste ano do peluche, que pretende assim vestir \u201ca capa de quatro [&hellip;]<\/p>\n","protected":false},"author":2,"featured_media":5330,"comment_status":"open","ping_status":"open","sticky":false,"template":"","format":"standard","meta":{"footnotes":""},"categories":[2],"tags":[],"class_list":["post-5329","post","type-post","status-publish","format-standard","has-post-thumbnail","hentry","category-noticias-de-marketing-digital"],"yoast_head":"<!-- This site is optimized with the Yoast SEO plugin v27.4 - https:\/\/yoast.com\/product\/yoast-seo-wordpress\/ -->\n<title>Castor J\u00falio representa her\u00f3is da pandemia em campanha solid\u00e1ria da Auchan - Meios &amp; Publicidade - Super News<\/title>\n<meta name=\"robots\" content=\"index, follow, max-snippet:-1, max-image-preview:large, max-video-preview:-1\" \/>\n<link rel=\"canonical\" href=\"https:\/\/super-news.info\/pt\/castor-julio-representa-herois-da-pandemia-em-campanha-solidaria-da-auchan-meios-publicidade\/\" \/>\n<meta property=\"og:locale\" content=\"pt_PT\" \/>\n<meta property=\"og:type\" content=\"article\" \/>\n<meta property=\"og:title\" content=\"Castor J\u00falio representa her\u00f3is da pandemia em campanha solid\u00e1ria da Auchan - Meios &amp; Publicidade - Super News\" \/>\n<meta property=\"og:description\" content=\"O castor J\u00falio, personagem que \u00e9 o rosto habitual da campanha solid\u00e1ria da Auchan sob o mote \u201cD\u00ea lugar aos verdadeiros her\u00f3is\u201d, representa este ano os her\u00f3is da pandemia. M\u00e9dico, pol\u00edcia, bombeiro e colaborador das lojas Auchan s\u00e3o as quatro vers\u00f5es da edi\u00e7\u00e3o deste ano do peluche, que pretende assim vestir \u201ca capa de quatro [&hellip;]\" \/>\n<meta property=\"og:url\" content=\"https:\/\/super-news.info\/pt\/castor-julio-representa-herois-da-pandemia-em-campanha-solidaria-da-auchan-meios-publicidade\/\" \/>\n<meta property=\"og:site_name\" content=\"Super News\" \/>\n<meta property=\"article:published_time\" content=\"2020-11-23T06:14:29+00:00\" \/>\n<meta property=\"article:modified_time\" content=\"2020-11-23T06:14:31+00:00\" \/>\n<meta property=\"og:image\" content=\"https:\/\/super-news.info\/pt\/wp-content\/uploads\/sites\/2\/2020\/11\/Castor-J-lio-representa-her-is-da-pandemia-em-campanha-solid-ria-da.jpg\" \/>\n\t<meta property=\"og:image:width\" content=\"1000\" \/>\n\t<meta property=\"og:image:height\" content=\"707\" \/>\n\t<meta property=\"og:image:type\" content=\"image\/jpeg\" \/>\n<meta name=\"author\" content=\"super-news\" \/>\n<meta name=\"twitter:card\" content=\"summary_large_image\" \/>\n<meta name=\"twitter:label1\" content=\"Escrito por\" \/>\n\t<meta name=\"twitter:data1\" content=\"super-news\" \/>\n\t<meta name=\"twitter:label2\" content=\"Tempo estimado de leitura\" \/>\n\t<meta name=\"twitter:data2\" content=\"1 minuto\" \/>\n<script type=\"application\/ld+json\" class=\"yoast-schema-graph\">{\"@context\":\"https:\\\/\\\/schema.org\",\"@graph\":[{\"@type\":\"Article\",\"@id\":\"https:\\\/\\\/super-news.info\\\/pt\\\/castor-julio-representa-herois-da-pandemia-em-campanha-solidaria-da-auchan-meios-publicidade\\\/#article\",\"isPartOf\":{\"@id\":\"https:\\\/\\\/super-news.info\\\/pt\\\/castor-julio-representa-herois-da-pandemia-em-campanha-solidaria-da-auchan-meios-publicidade\\\/\"},\"author\":{\"name\":\"super-news\",\"@id\":\"https:\\\/\\\/super-news.info\\\/pt\\\/#\\\/schema\\\/person\\\/2d4068cb2f39cd10008c2fce578a7356\"},\"headline\":\"Castor J\u00falio representa her\u00f3is da pandemia em campanha solid\u00e1ria da Auchan &#8211; Meios &#038; Publicidade\",\"datePublished\":\"2020-11-23T06:14:29+00:00\",\"dateModified\":\"2020-11-23T06:14:31+00:00\",\"mainEntityOfPage\":{\"@id\":\"https:\\\/\\\/super-news.info\\\/pt\\\/castor-julio-representa-herois-da-pandemia-em-campanha-solidaria-da-auchan-meios-publicidade\\\/\"},\"wordCount\":201,\"commentCount\":0,\"image\":{\"@id\":\"https:\\\/\\\/super-news.info\\\/pt\\\/castor-julio-representa-herois-da-pandemia-em-campanha-solidaria-da-auchan-meios-publicidade\\\/#primaryimage\"},\"thumbnailUrl\":\"https:\\\/\\\/super-news.info\\\/pt\\\/wp-content\\\/uploads\\\/sites\\\/2\\\/2020\\\/11\\\/Castor-J-lio-representa-her-is-da-pandemia-em-campanha-solid-ria-da.jpg\",\"articleSection\":[\"NOT\u00cdCIAS DE MARKETING DIGITAL\"],\"inLanguage\":\"pt-PT\",\"potentialAction\":[{\"@type\":\"CommentAction\",\"name\":\"Comment\",\"target\":[\"https:\\\/\\\/super-news.info\\\/pt\\\/castor-julio-representa-herois-da-pandemia-em-campanha-solidaria-da-auchan-meios-publicidade\\\/#respond\"]}]},{\"@type\":\"WebPage\",\"@id\":\"https:\\\/\\\/super-news.info\\\/pt\\\/castor-julio-representa-herois-da-pandemia-em-campanha-solidaria-da-auchan-meios-publicidade\\\/\",\"url\":\"https:\\\/\\\/super-news.info\\\/pt\\\/castor-julio-representa-herois-da-pandemia-em-campanha-solidaria-da-auchan-meios-publicidade\\\/\",\"name\":\"Castor J\u00falio representa her\u00f3is da pandemia em campanha solid\u00e1ria da Auchan - Meios & Publicidade - Super News\",\"isPartOf\":{\"@id\":\"https:\\\/\\\/super-news.info\\\/pt\\\/#website\"},\"primaryImageOfPage\":{\"@id\":\"https:\\\/\\\/super-news.info\\\/pt\\\/castor-julio-representa-herois-da-pandemia-em-campanha-solidaria-da-auchan-meios-publicidade\\\/#primaryimage\"},\"image\":{\"@id\":\"https:\\\/\\\/super-news.info\\\/pt\\\/castor-julio-representa-herois-da-pandemia-em-campanha-solidaria-da-auchan-meios-publicidade\\\/#primaryimage\"},\"thumbnailUrl\":\"https:\\\/\\\/super-news.info\\\/pt\\\/wp-content\\\/uploads\\\/sites\\\/2\\\/2020\\\/11\\\/Castor-J-lio-representa-her-is-da-pandemia-em-campanha-solid-ria-da.jpg\",\"datePublished\":\"2020-11-23T06:14:29+00:00\",\"dateModified\":\"2020-11-23T06:14:31+00:00\",\"author\":{\"@id\":\"https:\\\/\\\/super-news.info\\\/pt\\\/#\\\/schema\\\/person\\\/2d4068cb2f39cd10008c2fce578a7356\"},\"breadcrumb\":{\"@id\":\"https:\\\/\\\/super-news.info\\\/pt\\\/castor-julio-representa-herois-da-pandemia-em-campanha-solidaria-da-auchan-meios-publicidade\\\/#breadcrumb\"},\"inLanguage\":\"pt-PT\",\"potentialAction\":[{\"@type\":\"ReadAction\",\"target\":[\"https:\\\/\\\/super-news.info\\\/pt\\\/castor-julio-representa-herois-da-pandemia-em-campanha-solidaria-da-auchan-meios-publicidade\\\/\"]}]},{\"@type\":\"ImageObject\",\"inLanguage\":\"pt-PT\",\"@id\":\"https:\\\/\\\/super-news.info\\\/pt\\\/castor-julio-representa-herois-da-pandemia-em-campanha-solidaria-da-auchan-meios-publicidade\\\/#primaryimage\",\"url\":\"https:\\\/\\\/super-news.info\\\/pt\\\/wp-content\\\/uploads\\\/sites\\\/2\\\/2020\\\/11\\\/Castor-J-lio-representa-her-is-da-pandemia-em-campanha-solid-ria-da.jpg\",\"contentUrl\":\"https:\\\/\\\/super-news.info\\\/pt\\\/wp-content\\\/uploads\\\/sites\\\/2\\\/2020\\\/11\\\/Castor-J-lio-representa-her-is-da-pandemia-em-campanha-solid-ria-da.jpg\",\"width\":1000,\"height\":707,\"caption\":\"Castor J\u00falio representa her\u00f3is da pandemia em campanha solid\u00e1ria da Auchan - Meios & Publicidade\"},{\"@type\":\"BreadcrumbList\",\"@id\":\"https:\\\/\\\/super-news.info\\\/pt\\\/castor-julio-representa-herois-da-pandemia-em-campanha-solidaria-da-auchan-meios-publicidade\\\/#breadcrumb\",\"itemListElement\":[{\"@type\":\"ListItem\",\"position\":1,\"name\":\"\u0413\u043b\u0430\u0432\u043d\u0430\u044f \u0441\u0442\u0440\u0430\u043d\u0438\u0446\u0430\",\"item\":\"https:\\\/\\\/super-news.info\\\/pt\\\/\"},{\"@type\":\"ListItem\",\"position\":2,\"name\":\"Castor J\u00falio representa her\u00f3is da pandemia em campanha solid\u00e1ria da Auchan &#8211; Meios &#038; Publicidade\"}]},{\"@type\":\"WebSite\",\"@id\":\"https:\\\/\\\/super-news.info\\\/pt\\\/#website\",\"url\":\"https:\\\/\\\/super-news.info\\\/pt\\\/\",\"name\":\"Super News\",\"description\":\"Super News Portugal\",\"potentialAction\":[{\"@type\":\"SearchAction\",\"target\":{\"@type\":\"EntryPoint\",\"urlTemplate\":\"https:\\\/\\\/super-news.info\\\/pt\\\/?s={search_term_string}\"},\"query-input\":{\"@type\":\"PropertyValueSpecification\",\"valueRequired\":true,\"valueName\":\"search_term_string\"}}],\"inLanguage\":\"pt-PT\"},{\"@type\":\"Person\",\"@id\":\"https:\\\/\\\/super-news.info\\\/pt\\\/#\\\/schema\\\/person\\\/2d4068cb2f39cd10008c2fce578a7356\",\"name\":\"super-news\",\"image\":{\"@type\":\"ImageObject\",\"inLanguage\":\"pt-PT\",\"@id\":\"https:\\\/\\\/secure.gravatar.com\\\/avatar\\\/64ebac40b93f26a154f8a9b5b6fdccfc46f442b26b3dd6756dbff3bf9dc76fd7?s=96&d=mm&r=g\",\"url\":\"https:\\\/\\\/secure.gravatar.com\\\/avatar\\\/64ebac40b93f26a154f8a9b5b6fdccfc46f442b26b3dd6756dbff3bf9dc76fd7?s=96&d=mm&r=g\",\"contentUrl\":\"https:\\\/\\\/secure.gravatar.com\\\/avatar\\\/64ebac40b93f26a154f8a9b5b6fdccfc46f442b26b3dd6756dbff3bf9dc76fd7?s=96&d=mm&r=g\",\"caption\":\"super-news\"},\"url\":\"https:\\\/\\\/super-news.info\\\/pt\\\/author\\\/pt\\\/\"}]}<\/script>\n<!-- \/ Yoast SEO plugin. -->","yoast_head_json":{"title":"Castor J\u00falio representa her\u00f3is da pandemia em campanha solid\u00e1ria da Auchan - Meios & Publicidade - Super News","robots":{"index":"index","follow":"follow","max-snippet":"max-snippet:-1","max-image-preview":"max-image-preview:large","max-video-preview":"max-video-preview:-1"},"canonical":"https:\/\/super-news.info\/pt\/castor-julio-representa-herois-da-pandemia-em-campanha-solidaria-da-auchan-meios-publicidade\/","og_locale":"pt_PT","og_type":"article","og_title":"Castor J\u00falio representa her\u00f3is da pandemia em campanha solid\u00e1ria da Auchan - Meios & Publicidade - Super News","og_description":"O castor J\u00falio, personagem que \u00e9 o rosto habitual da campanha solid\u00e1ria da Auchan sob o mote \u201cD\u00ea lugar aos verdadeiros her\u00f3is\u201d, representa este ano os her\u00f3is da pandemia. M\u00e9dico, pol\u00edcia, bombeiro e colaborador das lojas Auchan s\u00e3o as quatro vers\u00f5es da edi\u00e7\u00e3o deste ano do peluche, que pretende assim vestir \u201ca capa de quatro [&hellip;]","og_url":"https:\/\/super-news.info\/pt\/castor-julio-representa-herois-da-pandemia-em-campanha-solidaria-da-auchan-meios-publicidade\/","og_site_name":"Super News","article_published_time":"2020-11-23T06:14:29+00:00","article_modified_time":"2020-11-23T06:14:31+00:00","og_image":[{"width":1000,"height":707,"url":"https:\/\/super-news.info\/pt\/wp-content\/uploads\/sites\/2\/2020\/11\/Castor-J-lio-representa-her-is-da-pandemia-em-campanha-solid-ria-da.jpg","type":"image\/jpeg"}],"author":"super-news","twitter_card":"summary_large_image","twitter_misc":{"Escrito por":"super-news","Tempo estimado de leitura":"1 minuto"},"schema":{"@context":"https:\/\/schema.org","@graph":[{"@type":"Article","@id":"https:\/\/super-news.info\/pt\/castor-julio-representa-herois-da-pandemia-em-campanha-solidaria-da-auchan-meios-publicidade\/#article","isPartOf":{"@id":"https:\/\/super-news.info\/pt\/castor-julio-representa-herois-da-pandemia-em-campanha-solidaria-da-auchan-meios-publicidade\/"},"author":{"name":"super-news","@id":"https:\/\/super-news.info\/pt\/#\/schema\/person\/2d4068cb2f39cd10008c2fce578a7356"},"headline":"Castor J\u00falio representa her\u00f3is da pandemia em campanha solid\u00e1ria da Auchan &#8211; Meios &#038; Publicidade","datePublished":"2020-11-23T06:14:29+00:00","dateModified":"2020-11-23T06:14:31+00:00","mainEntityOfPage":{"@id":"https:\/\/super-news.info\/pt\/castor-julio-representa-herois-da-pandemia-em-campanha-solidaria-da-auchan-meios-publicidade\/"},"wordCount":201,"commentCount":0,"image":{"@id":"https:\/\/super-news.info\/pt\/castor-julio-representa-herois-da-pandemia-em-campanha-solidaria-da-auchan-meios-publicidade\/#primaryimage"},"thumbnailUrl":"https:\/\/super-news.info\/pt\/wp-content\/uploads\/sites\/2\/2020\/11\/Castor-J-lio-representa-her-is-da-pandemia-em-campanha-solid-ria-da.jpg","articleSection":["NOT\u00cdCIAS DE MARKETING DIGITAL"],"inLanguage":"pt-PT","potentialAction":[{"@type":"CommentAction","name":"Comment","target":["https:\/\/super-news.info\/pt\/castor-julio-representa-herois-da-pandemia-em-campanha-solidaria-da-auchan-meios-publicidade\/#respond"]}]},{"@type":"WebPage","@id":"https:\/\/super-news.info\/pt\/castor-julio-representa-herois-da-pandemia-em-campanha-solidaria-da-auchan-meios-publicidade\/","url":"https:\/\/super-news.info\/pt\/castor-julio-representa-herois-da-pandemia-em-campanha-solidaria-da-auchan-meios-publicidade\/","name":"Castor J\u00falio representa her\u00f3is da pandemia em campanha solid\u00e1ria da Auchan - Meios & Publicidade - Super News","isPartOf":{"@id":"https:\/\/super-news.info\/pt\/#website"},"primaryImageOfPage":{"@id":"https:\/\/super-news.info\/pt\/castor-julio-representa-herois-da-pandemia-em-campanha-solidaria-da-auchan-meios-publicidade\/#primaryimage"},"image":{"@id":"https:\/\/super-news.info\/pt\/castor-julio-representa-herois-da-pandemia-em-campanha-solidaria-da-auchan-meios-publicidade\/#primaryimage"},"thumbnailUrl":"https:\/\/super-news.info\/pt\/wp-content\/uploads\/sites\/2\/2020\/11\/Castor-J-lio-representa-her-is-da-pandemia-em-campanha-solid-ria-da.jpg","datePublished":"2020-11-23T06:14:29+00:00","dateModified":"2020-11-23T06:14:31+00:00","author":{"@id":"https:\/\/super-news.info\/pt\/#\/schema\/person\/2d4068cb2f39cd10008c2fce578a7356"},"breadcrumb":{"@id":"https:\/\/super-news.info\/pt\/castor-julio-representa-herois-da-pandemia-em-campanha-solidaria-da-auchan-meios-publicidade\/#breadcrumb"},"inLanguage":"pt-PT","potentialAction":[{"@type":"ReadAction","target":["https:\/\/super-news.info\/pt\/castor-julio-representa-herois-da-pandemia-em-campanha-solidaria-da-auchan-meios-publicidade\/"]}]},{"@type":"ImageObject","inLanguage":"pt-PT","@id":"https:\/\/super-news.info\/pt\/castor-julio-representa-herois-da-pandemia-em-campanha-solidaria-da-auchan-meios-publicidade\/#primaryimage","url":"https:\/\/super-news.info\/pt\/wp-content\/uploads\/sites\/2\/2020\/11\/Castor-J-lio-representa-her-is-da-pandemia-em-campanha-solid-ria-da.jpg","contentUrl":"https:\/\/super-news.info\/pt\/wp-content\/uploads\/sites\/2\/2020\/11\/Castor-J-lio-representa-her-is-da-pandemia-em-campanha-solid-ria-da.jpg","width":1000,"height":707,"caption":"Castor J\u00falio representa her\u00f3is da pandemia em campanha solid\u00e1ria da Auchan - Meios & Publicidade"},{"@type":"BreadcrumbList","@id":"https:\/\/super-news.info\/pt\/castor-julio-representa-herois-da-pandemia-em-campanha-solidaria-da-auchan-meios-publicidade\/#breadcrumb","itemListElement":[{"@type":"ListItem","position":1,"name":"\u0413\u043b\u0430\u0432\u043d\u0430\u044f \u0441\u0442\u0440\u0430\u043d\u0438\u0446\u0430","item":"https:\/\/super-news.info\/pt\/"},{"@type":"ListItem","position":2,"name":"Castor J\u00falio representa her\u00f3is da pandemia em campanha solid\u00e1ria da Auchan &#8211; Meios &#038; Publicidade"}]},{"@type":"WebSite","@id":"https:\/\/super-news.info\/pt\/#website","url":"https:\/\/super-news.info\/pt\/","name":"Super News","description":"Super News Portugal","potentialAction":[{"@type":"SearchAction","target":{"@type":"EntryPoint","urlTemplate":"https:\/\/super-news.info\/pt\/?s={search_term_string}"},"query-input":{"@type":"PropertyValueSpecification","valueRequired":true,"valueName":"search_term_string"}}],"inLanguage":"pt-PT"},{"@type":"Person","@id":"https:\/\/super-news.info\/pt\/#\/schema\/person\/2d4068cb2f39cd10008c2fce578a7356","name":"super-news","image":{"@type":"ImageObject","inLanguage":"pt-PT","@id":"https:\/\/secure.gravatar.com\/avatar\/64ebac40b93f26a154f8a9b5b6fdccfc46f442b26b3dd6756dbff3bf9dc76fd7?s=96&d=mm&r=g","url":"https:\/\/secure.gravatar.com\/avatar\/64ebac40b93f26a154f8a9b5b6fdccfc46f442b26b3dd6756dbff3bf9dc76fd7?s=96&d=mm&r=g","contentUrl":"https:\/\/secure.gravatar.com\/avatar\/64ebac40b93f26a154f8a9b5b6fdccfc46f442b26b3dd6756dbff3bf9dc76fd7?s=96&d=mm&r=g","caption":"super-news"},"url":"https:\/\/super-news.info\/pt\/author\/pt\/"}]}},"_links":{"self":[{"href":"https:\/\/super-news.info\/pt\/wp-json\/wp\/v2\/posts\/5329","targetHints":{"allow":["GET"]}}],"collection":[{"href":"https:\/\/super-news.info\/pt\/wp-json\/wp\/v2\/posts"}],"about":[{"href":"https:\/\/super-news.info\/pt\/wp-json\/wp\/v2\/types\/post"}],"author":[{"embeddable":true,"href":"https:\/\/super-news.info\/pt\/wp-json\/wp\/v2\/users\/2"}],"replies":[{"embeddable":true,"href":"https:\/\/super-news.info\/pt\/wp-json\/wp\/v2\/comments?post=5329"}],"version-history":[{"count":1,"href":"https:\/\/super-news.info\/pt\/wp-json\/wp\/v2\/posts\/5329\/revisions"}],"predecessor-version":[{"id":5331,"href":"https:\/\/super-news.info\/pt\/wp-json\/wp\/v2\/posts\/5329\/revisions\/5331"}],"wp:featuredmedia":[{"embeddable":true,"href":"https:\/\/super-news.info\/pt\/wp-json\/wp\/v2\/media\/5330"}],"wp:attachment":[{"href":"https:\/\/super-news.info\/pt\/wp-json\/wp\/v2\/media?parent=5329"}],"wp:term":[{"taxonomy":"category","embeddable":true,"href":"https:\/\/super-news.info\/pt\/wp-json\/wp\/v2\/categories?post=5329"},{"taxonomy":"post_tag","embeddable":true,"href":"https:\/\/super-news.info\/pt\/wp-json\/wp\/v2\/tags?post=5329"}],"curies":[{"name":"wp","href":"https:\/\/api.w.org\/{rel}","templated":true}]}}