{"id":5299,"date":"2020-11-20T20:59:26","date_gmt":"2020-11-20T17:59:26","guid":{"rendered":"https:\/\/super-news.info\/pt\/portal-da-queixa-nao-quer-que-portugueses-sejam-patos-nesta-black-friday-meios-publicidade\/"},"modified":"2020-11-20T20:59:28","modified_gmt":"2020-11-20T17:59:28","slug":"portal-da-queixa-nao-quer-que-portugueses-sejam-patos-nesta-black-friday-meios-publicidade","status":"publish","type":"post","link":"https:\/\/super-news.info\/pt\/portal-da-queixa-nao-quer-que-portugueses-sejam-patos-nesta-black-friday-meios-publicidade\/","title":{"rendered":"Portal da Queixa n\u00e3o quer que portugueses sejam patos nesta Black Friday &#8211; Meios &#038; Publicidade"},"content":{"rendered":"<p>N\u00e3o Sejas Pato \u00e9 o aviso lan\u00e7ado pelo Portugal da Queixa numa iniciativa que conta com a participa\u00e7\u00e3o do OLX, MB Way, Worten, CTT, Kuanto Kusta e euPago. Num ano em que a Black Friday, devido \u00e0s restri\u00e7\u00f5es que se colocam em contexto pand\u00e9mico, tender\u00e1 a ficar marcada por um incremento das compras online, os objectivos da campanha #N\u00e3oSejasPato passam por \u201caumentar a literacia digital dos consumidores, alertar para os perigos da internet, evitar burlas e esquemas fraudulentos, ajudar a popula\u00e7\u00e3o a fazer compras com maior seguran\u00e7a e confian\u00e7a\u201d, sendo que a iniciativa se prolongar\u00e1 depois por um ano.<br \/>\nNo \u00e2mbito desta campanha, que pretende ser \u201cum movimento c\u00edvico nacional\u201d, o Portal da Queixa desenvolveu uma plataforma l\u00fadica no sentido de fornecer conhecimento para \u201cajudar os consumidores portugueses a identificarem os perigos online para poderem efectuar as suas compras em maior seguran\u00e7a, sabendo como evitar as burlas e os esquemas enganosos\u201d. A plataforma inclui um jogo, que consiste num quiz formulado pelas marcas que aderiram \u00e0 campanha, permitindo aos \u201cvisitantes que, de uma forma inclusiva e divertida, fa\u00e7am um teste de conhecimento acerca das boas pr\u00e1ticas de compras atrav\u00e9s da internet\u201d.<br \/>\n\u201cInfelizmente, assistimos \u00e0 total in\u00e9rcia por parte dos organismos do estado, a quem foram atribu\u00eddas as fun\u00e7\u00f5es de promover a pol\u00edtica de salvaguarda de direitos dos consumidores, relativamente \u00e0 discrimina\u00e7\u00e3o de milhares de portugueses que se aventuram, todos os dias, pela internet fora, na tentativa de conseguirem obter os produtos ao melhor pre\u00e7o, cumprindo os condicionalismos que a pandemia tem causado\u201d, justifica Pedro Louren\u00e7o, CEO do Portal da Queixa, explicando que \u201cna falta da iniciativa dos respons\u00e1veis governamentais, decidimos dar o passo em frente e criar um movimento c\u00edvico pela literacia digital dos portugueses em plena crise pand\u00e9mica\u201d.<br \/>\n\u201cMais do que uma inten\u00e7\u00e3o, trata-se de uma parceria c\u00edvica e social que convida \u00e0 luta todos os que n\u00e3o ficam indiferentes a estes fen\u00f3menos e aos consequentes perigos di\u00e1rios que representam para milh\u00f5es de consumidores\u201d, prossegue o respons\u00e1vel, defendendo que \u201cesta realidade s\u00f3 poder\u00e1 ser invertida com a partilha de conhecimento, assente numa estrat\u00e9gia global e com a mobiliza\u00e7\u00e3o de todos na constru\u00e7\u00e3o desta mudan\u00e7a social\u201d.<br \/>\nNo \u00faltimo ano, entre 1 de Novembro a 15 de Dezembro de 2019, o Portal da Queixa diz ter registado 274 reclama\u00e7\u00f5es relativas \u00e0 Black Friday, um aumento de 51% face ao per\u00edodo hom\u00f3logo (182 reclama\u00e7\u00f5es). No per\u00edodo em an\u00e1lise, segundo o portal, por categoria, 45% das queixas est\u00e3o relacionadas com tecnologia, TV e electrodom\u00e9sticos, 15% com vestu\u00e1rio e acess\u00f3rios, 8% com perfumarias, 8% com mobili\u00e1rio e decora\u00e7\u00e3o, 5% com companhias a\u00e9reas, 4% com h\u00edper e supermercados, 3% com livraria, 2% com Marketplaces e Outros (10%). Os principais motivos apontados pelos consumidores para as queixas estiveram associados a falha e atraso de entrega (41%), burla (23%), apoio ao cliente (18%), pagamento (11%), devolu\u00e7\u00f5es e\/ou troca (4%) e envio de produto errado (3%).<br \/>\nNa Black Friday deste ano, segundo um estudo da Worten, quase 40% dos portugueses admite comprar exclusivamente online e 84% dos consumidores mant\u00e9m a expectativa de poder aproveitar as campanhas promocionais.<\/p>\n<p>\n<!--noindex--><br \/>\n<a href=\"https:\/\/www.meiosepublicidade.pt\/2020\/11\/portal-da-queixa-nao-quer-portugueses-sejam-patos-nesta-black-friday\/\" rel=\"nofollow\">Source link <\/a><br \/>\n<!--\/noindex--><\/p>\n","protected":false},"excerpt":{"rendered":"<p>N\u00e3o Sejas Pato \u00e9 o aviso lan\u00e7ado pelo Portugal da Queixa numa iniciativa que conta com a participa\u00e7\u00e3o do OLX, MB Way, Worten, CTT, Kuanto Kusta e euPago. Num ano em que a Black Friday, devido \u00e0s restri\u00e7\u00f5es que se colocam em contexto pand\u00e9mico, tender\u00e1 a ficar marcada por um incremento das compras online, os [&hellip;]<\/p>\n","protected":false},"author":2,"featured_media":5300,"comment_status":"open","ping_status":"open","sticky":false,"template":"","format":"standard","meta":{"footnotes":""},"categories":[2],"tags":[],"class_list":["post-5299","post","type-post","status-publish","format-standard","has-post-thumbnail","hentry","category-noticias-de-marketing-digital"],"yoast_head":"<!-- This site is optimized with the Yoast SEO plugin v27.4 - https:\/\/yoast.com\/product\/yoast-seo-wordpress\/ -->\n<title>Portal da Queixa n\u00e3o quer que portugueses sejam patos nesta Black Friday - Meios &amp; Publicidade - Super News<\/title>\n<meta name=\"robots\" content=\"index, follow, max-snippet:-1, max-image-preview:large, max-video-preview:-1\" \/>\n<link rel=\"canonical\" href=\"https:\/\/super-news.info\/pt\/portal-da-queixa-nao-quer-que-portugueses-sejam-patos-nesta-black-friday-meios-publicidade\/\" \/>\n<meta property=\"og:locale\" content=\"pt_PT\" \/>\n<meta property=\"og:type\" content=\"article\" \/>\n<meta property=\"og:title\" content=\"Portal da Queixa n\u00e3o quer que portugueses sejam patos nesta Black Friday - Meios &amp; Publicidade - Super News\" \/>\n<meta property=\"og:description\" content=\"N\u00e3o Sejas Pato \u00e9 o aviso lan\u00e7ado pelo Portugal da Queixa numa iniciativa que conta com a participa\u00e7\u00e3o do OLX, MB Way, Worten, CTT, Kuanto Kusta e euPago. Num ano em que a Black Friday, devido \u00e0s restri\u00e7\u00f5es que se colocam em contexto pand\u00e9mico, tender\u00e1 a ficar marcada por um incremento das compras online, os [&hellip;]\" \/>\n<meta property=\"og:url\" content=\"https:\/\/super-news.info\/pt\/portal-da-queixa-nao-quer-que-portugueses-sejam-patos-nesta-black-friday-meios-publicidade\/\" \/>\n<meta property=\"og:site_name\" content=\"Super News\" \/>\n<meta property=\"article:published_time\" content=\"2020-11-20T17:59:26+00:00\" \/>\n<meta property=\"article:modified_time\" content=\"2020-11-20T17:59:28+00:00\" \/>\n<meta property=\"og:image\" content=\"https:\/\/super-news.info\/pt\/wp-content\/uploads\/sites\/2\/2020\/11\/Portal-da-Queixa-n-o-quer-que-portugueses-sejam-patos-nesta.png\" \/>\n\t<meta property=\"og:image:width\" content=\"1920\" \/>\n\t<meta property=\"og:image:height\" content=\"966\" \/>\n\t<meta property=\"og:image:type\" content=\"image\/png\" \/>\n<meta name=\"author\" content=\"super-news\" \/>\n<meta name=\"twitter:card\" content=\"summary_large_image\" \/>\n<meta name=\"twitter:label1\" content=\"Escrito por\" \/>\n\t<meta name=\"twitter:data1\" content=\"super-news\" \/>\n\t<meta name=\"twitter:label2\" content=\"Tempo estimado de leitura\" \/>\n\t<meta name=\"twitter:data2\" content=\"3 minutos\" \/>\n<script type=\"application\/ld+json\" class=\"yoast-schema-graph\">{\"@context\":\"https:\\\/\\\/schema.org\",\"@graph\":[{\"@type\":\"Article\",\"@id\":\"https:\\\/\\\/super-news.info\\\/pt\\\/portal-da-queixa-nao-quer-que-portugueses-sejam-patos-nesta-black-friday-meios-publicidade\\\/#article\",\"isPartOf\":{\"@id\":\"https:\\\/\\\/super-news.info\\\/pt\\\/portal-da-queixa-nao-quer-que-portugueses-sejam-patos-nesta-black-friday-meios-publicidade\\\/\"},\"author\":{\"name\":\"super-news\",\"@id\":\"https:\\\/\\\/super-news.info\\\/pt\\\/#\\\/schema\\\/person\\\/2d4068cb2f39cd10008c2fce578a7356\"},\"headline\":\"Portal da Queixa n\u00e3o quer que portugueses sejam patos nesta Black Friday &#8211; Meios &#038; Publicidade\",\"datePublished\":\"2020-11-20T17:59:26+00:00\",\"dateModified\":\"2020-11-20T17:59:28+00:00\",\"mainEntityOfPage\":{\"@id\":\"https:\\\/\\\/super-news.info\\\/pt\\\/portal-da-queixa-nao-quer-que-portugueses-sejam-patos-nesta-black-friday-meios-publicidade\\\/\"},\"wordCount\":551,\"commentCount\":0,\"image\":{\"@id\":\"https:\\\/\\\/super-news.info\\\/pt\\\/portal-da-queixa-nao-quer-que-portugueses-sejam-patos-nesta-black-friday-meios-publicidade\\\/#primaryimage\"},\"thumbnailUrl\":\"https:\\\/\\\/super-news.info\\\/pt\\\/wp-content\\\/uploads\\\/sites\\\/2\\\/2020\\\/11\\\/Portal-da-Queixa-n-o-quer-que-portugueses-sejam-patos-nesta.png\",\"articleSection\":[\"NOT\u00cdCIAS DE MARKETING DIGITAL\"],\"inLanguage\":\"pt-PT\",\"potentialAction\":[{\"@type\":\"CommentAction\",\"name\":\"Comment\",\"target\":[\"https:\\\/\\\/super-news.info\\\/pt\\\/portal-da-queixa-nao-quer-que-portugueses-sejam-patos-nesta-black-friday-meios-publicidade\\\/#respond\"]}]},{\"@type\":\"WebPage\",\"@id\":\"https:\\\/\\\/super-news.info\\\/pt\\\/portal-da-queixa-nao-quer-que-portugueses-sejam-patos-nesta-black-friday-meios-publicidade\\\/\",\"url\":\"https:\\\/\\\/super-news.info\\\/pt\\\/portal-da-queixa-nao-quer-que-portugueses-sejam-patos-nesta-black-friday-meios-publicidade\\\/\",\"name\":\"Portal da Queixa n\u00e3o quer que portugueses sejam patos nesta Black Friday - Meios & Publicidade - Super News\",\"isPartOf\":{\"@id\":\"https:\\\/\\\/super-news.info\\\/pt\\\/#website\"},\"primaryImageOfPage\":{\"@id\":\"https:\\\/\\\/super-news.info\\\/pt\\\/portal-da-queixa-nao-quer-que-portugueses-sejam-patos-nesta-black-friday-meios-publicidade\\\/#primaryimage\"},\"image\":{\"@id\":\"https:\\\/\\\/super-news.info\\\/pt\\\/portal-da-queixa-nao-quer-que-portugueses-sejam-patos-nesta-black-friday-meios-publicidade\\\/#primaryimage\"},\"thumbnailUrl\":\"https:\\\/\\\/super-news.info\\\/pt\\\/wp-content\\\/uploads\\\/sites\\\/2\\\/2020\\\/11\\\/Portal-da-Queixa-n-o-quer-que-portugueses-sejam-patos-nesta.png\",\"datePublished\":\"2020-11-20T17:59:26+00:00\",\"dateModified\":\"2020-11-20T17:59:28+00:00\",\"author\":{\"@id\":\"https:\\\/\\\/super-news.info\\\/pt\\\/#\\\/schema\\\/person\\\/2d4068cb2f39cd10008c2fce578a7356\"},\"breadcrumb\":{\"@id\":\"https:\\\/\\\/super-news.info\\\/pt\\\/portal-da-queixa-nao-quer-que-portugueses-sejam-patos-nesta-black-friday-meios-publicidade\\\/#breadcrumb\"},\"inLanguage\":\"pt-PT\",\"potentialAction\":[{\"@type\":\"ReadAction\",\"target\":[\"https:\\\/\\\/super-news.info\\\/pt\\\/portal-da-queixa-nao-quer-que-portugueses-sejam-patos-nesta-black-friday-meios-publicidade\\\/\"]}]},{\"@type\":\"ImageObject\",\"inLanguage\":\"pt-PT\",\"@id\":\"https:\\\/\\\/super-news.info\\\/pt\\\/portal-da-queixa-nao-quer-que-portugueses-sejam-patos-nesta-black-friday-meios-publicidade\\\/#primaryimage\",\"url\":\"https:\\\/\\\/super-news.info\\\/pt\\\/wp-content\\\/uploads\\\/sites\\\/2\\\/2020\\\/11\\\/Portal-da-Queixa-n-o-quer-que-portugueses-sejam-patos-nesta.png\",\"contentUrl\":\"https:\\\/\\\/super-news.info\\\/pt\\\/wp-content\\\/uploads\\\/sites\\\/2\\\/2020\\\/11\\\/Portal-da-Queixa-n-o-quer-que-portugueses-sejam-patos-nesta.png\",\"width\":1920,\"height\":966,\"caption\":\"Portal da Queixa n\u00e3o quer que portugueses sejam patos nesta Black Friday - Meios & Publicidade\"},{\"@type\":\"BreadcrumbList\",\"@id\":\"https:\\\/\\\/super-news.info\\\/pt\\\/portal-da-queixa-nao-quer-que-portugueses-sejam-patos-nesta-black-friday-meios-publicidade\\\/#breadcrumb\",\"itemListElement\":[{\"@type\":\"ListItem\",\"position\":1,\"name\":\"\u0413\u043b\u0430\u0432\u043d\u0430\u044f \u0441\u0442\u0440\u0430\u043d\u0438\u0446\u0430\",\"item\":\"https:\\\/\\\/super-news.info\\\/pt\\\/\"},{\"@type\":\"ListItem\",\"position\":2,\"name\":\"Portal da Queixa n\u00e3o quer que portugueses sejam patos nesta Black Friday &#8211; Meios &#038; Publicidade\"}]},{\"@type\":\"WebSite\",\"@id\":\"https:\\\/\\\/super-news.info\\\/pt\\\/#website\",\"url\":\"https:\\\/\\\/super-news.info\\\/pt\\\/\",\"name\":\"Super News\",\"description\":\"Super News Portugal\",\"potentialAction\":[{\"@type\":\"SearchAction\",\"target\":{\"@type\":\"EntryPoint\",\"urlTemplate\":\"https:\\\/\\\/super-news.info\\\/pt\\\/?s={search_term_string}\"},\"query-input\":{\"@type\":\"PropertyValueSpecification\",\"valueRequired\":true,\"valueName\":\"search_term_string\"}}],\"inLanguage\":\"pt-PT\"},{\"@type\":\"Person\",\"@id\":\"https:\\\/\\\/super-news.info\\\/pt\\\/#\\\/schema\\\/person\\\/2d4068cb2f39cd10008c2fce578a7356\",\"name\":\"super-news\",\"image\":{\"@type\":\"ImageObject\",\"inLanguage\":\"pt-PT\",\"@id\":\"https:\\\/\\\/secure.gravatar.com\\\/avatar\\\/64ebac40b93f26a154f8a9b5b6fdccfc46f442b26b3dd6756dbff3bf9dc76fd7?s=96&d=mm&r=g\",\"url\":\"https:\\\/\\\/secure.gravatar.com\\\/avatar\\\/64ebac40b93f26a154f8a9b5b6fdccfc46f442b26b3dd6756dbff3bf9dc76fd7?s=96&d=mm&r=g\",\"contentUrl\":\"https:\\\/\\\/secure.gravatar.com\\\/avatar\\\/64ebac40b93f26a154f8a9b5b6fdccfc46f442b26b3dd6756dbff3bf9dc76fd7?s=96&d=mm&r=g\",\"caption\":\"super-news\"},\"url\":\"https:\\\/\\\/super-news.info\\\/pt\\\/author\\\/pt\\\/\"}]}<\/script>\n<!-- \/ Yoast SEO plugin. -->","yoast_head_json":{"title":"Portal da Queixa n\u00e3o quer que portugueses sejam patos nesta Black Friday - Meios & Publicidade - Super News","robots":{"index":"index","follow":"follow","max-snippet":"max-snippet:-1","max-image-preview":"max-image-preview:large","max-video-preview":"max-video-preview:-1"},"canonical":"https:\/\/super-news.info\/pt\/portal-da-queixa-nao-quer-que-portugueses-sejam-patos-nesta-black-friday-meios-publicidade\/","og_locale":"pt_PT","og_type":"article","og_title":"Portal da Queixa n\u00e3o quer que portugueses sejam patos nesta Black Friday - Meios & Publicidade - Super News","og_description":"N\u00e3o Sejas Pato \u00e9 o aviso lan\u00e7ado pelo Portugal da Queixa numa iniciativa que conta com a participa\u00e7\u00e3o do OLX, MB Way, Worten, CTT, Kuanto Kusta e euPago. Num ano em que a Black Friday, devido \u00e0s restri\u00e7\u00f5es que se colocam em contexto pand\u00e9mico, tender\u00e1 a ficar marcada por um incremento das compras online, os [&hellip;]","og_url":"https:\/\/super-news.info\/pt\/portal-da-queixa-nao-quer-que-portugueses-sejam-patos-nesta-black-friday-meios-publicidade\/","og_site_name":"Super News","article_published_time":"2020-11-20T17:59:26+00:00","article_modified_time":"2020-11-20T17:59:28+00:00","og_image":[{"width":1920,"height":966,"url":"https:\/\/super-news.info\/pt\/wp-content\/uploads\/sites\/2\/2020\/11\/Portal-da-Queixa-n-o-quer-que-portugueses-sejam-patos-nesta.png","type":"image\/png"}],"author":"super-news","twitter_card":"summary_large_image","twitter_misc":{"Escrito por":"super-news","Tempo estimado de leitura":"3 minutos"},"schema":{"@context":"https:\/\/schema.org","@graph":[{"@type":"Article","@id":"https:\/\/super-news.info\/pt\/portal-da-queixa-nao-quer-que-portugueses-sejam-patos-nesta-black-friday-meios-publicidade\/#article","isPartOf":{"@id":"https:\/\/super-news.info\/pt\/portal-da-queixa-nao-quer-que-portugueses-sejam-patos-nesta-black-friday-meios-publicidade\/"},"author":{"name":"super-news","@id":"https:\/\/super-news.info\/pt\/#\/schema\/person\/2d4068cb2f39cd10008c2fce578a7356"},"headline":"Portal da Queixa n\u00e3o quer que portugueses sejam patos nesta Black Friday &#8211; Meios &#038; Publicidade","datePublished":"2020-11-20T17:59:26+00:00","dateModified":"2020-11-20T17:59:28+00:00","mainEntityOfPage":{"@id":"https:\/\/super-news.info\/pt\/portal-da-queixa-nao-quer-que-portugueses-sejam-patos-nesta-black-friday-meios-publicidade\/"},"wordCount":551,"commentCount":0,"image":{"@id":"https:\/\/super-news.info\/pt\/portal-da-queixa-nao-quer-que-portugueses-sejam-patos-nesta-black-friday-meios-publicidade\/#primaryimage"},"thumbnailUrl":"https:\/\/super-news.info\/pt\/wp-content\/uploads\/sites\/2\/2020\/11\/Portal-da-Queixa-n-o-quer-que-portugueses-sejam-patos-nesta.png","articleSection":["NOT\u00cdCIAS DE MARKETING DIGITAL"],"inLanguage":"pt-PT","potentialAction":[{"@type":"CommentAction","name":"Comment","target":["https:\/\/super-news.info\/pt\/portal-da-queixa-nao-quer-que-portugueses-sejam-patos-nesta-black-friday-meios-publicidade\/#respond"]}]},{"@type":"WebPage","@id":"https:\/\/super-news.info\/pt\/portal-da-queixa-nao-quer-que-portugueses-sejam-patos-nesta-black-friday-meios-publicidade\/","url":"https:\/\/super-news.info\/pt\/portal-da-queixa-nao-quer-que-portugueses-sejam-patos-nesta-black-friday-meios-publicidade\/","name":"Portal da Queixa n\u00e3o quer que portugueses sejam patos nesta Black Friday - Meios & Publicidade - Super News","isPartOf":{"@id":"https:\/\/super-news.info\/pt\/#website"},"primaryImageOfPage":{"@id":"https:\/\/super-news.info\/pt\/portal-da-queixa-nao-quer-que-portugueses-sejam-patos-nesta-black-friday-meios-publicidade\/#primaryimage"},"image":{"@id":"https:\/\/super-news.info\/pt\/portal-da-queixa-nao-quer-que-portugueses-sejam-patos-nesta-black-friday-meios-publicidade\/#primaryimage"},"thumbnailUrl":"https:\/\/super-news.info\/pt\/wp-content\/uploads\/sites\/2\/2020\/11\/Portal-da-Queixa-n-o-quer-que-portugueses-sejam-patos-nesta.png","datePublished":"2020-11-20T17:59:26+00:00","dateModified":"2020-11-20T17:59:28+00:00","author":{"@id":"https:\/\/super-news.info\/pt\/#\/schema\/person\/2d4068cb2f39cd10008c2fce578a7356"},"breadcrumb":{"@id":"https:\/\/super-news.info\/pt\/portal-da-queixa-nao-quer-que-portugueses-sejam-patos-nesta-black-friday-meios-publicidade\/#breadcrumb"},"inLanguage":"pt-PT","potentialAction":[{"@type":"ReadAction","target":["https:\/\/super-news.info\/pt\/portal-da-queixa-nao-quer-que-portugueses-sejam-patos-nesta-black-friday-meios-publicidade\/"]}]},{"@type":"ImageObject","inLanguage":"pt-PT","@id":"https:\/\/super-news.info\/pt\/portal-da-queixa-nao-quer-que-portugueses-sejam-patos-nesta-black-friday-meios-publicidade\/#primaryimage","url":"https:\/\/super-news.info\/pt\/wp-content\/uploads\/sites\/2\/2020\/11\/Portal-da-Queixa-n-o-quer-que-portugueses-sejam-patos-nesta.png","contentUrl":"https:\/\/super-news.info\/pt\/wp-content\/uploads\/sites\/2\/2020\/11\/Portal-da-Queixa-n-o-quer-que-portugueses-sejam-patos-nesta.png","width":1920,"height":966,"caption":"Portal da Queixa n\u00e3o quer que portugueses sejam patos nesta Black Friday - Meios & Publicidade"},{"@type":"BreadcrumbList","@id":"https:\/\/super-news.info\/pt\/portal-da-queixa-nao-quer-que-portugueses-sejam-patos-nesta-black-friday-meios-publicidade\/#breadcrumb","itemListElement":[{"@type":"ListItem","position":1,"name":"\u0413\u043b\u0430\u0432\u043d\u0430\u044f \u0441\u0442\u0440\u0430\u043d\u0438\u0446\u0430","item":"https:\/\/super-news.info\/pt\/"},{"@type":"ListItem","position":2,"name":"Portal da Queixa n\u00e3o quer que portugueses sejam patos nesta Black Friday &#8211; Meios &#038; Publicidade"}]},{"@type":"WebSite","@id":"https:\/\/super-news.info\/pt\/#website","url":"https:\/\/super-news.info\/pt\/","name":"Super News","description":"Super News Portugal","potentialAction":[{"@type":"SearchAction","target":{"@type":"EntryPoint","urlTemplate":"https:\/\/super-news.info\/pt\/?s={search_term_string}"},"query-input":{"@type":"PropertyValueSpecification","valueRequired":true,"valueName":"search_term_string"}}],"inLanguage":"pt-PT"},{"@type":"Person","@id":"https:\/\/super-news.info\/pt\/#\/schema\/person\/2d4068cb2f39cd10008c2fce578a7356","name":"super-news","image":{"@type":"ImageObject","inLanguage":"pt-PT","@id":"https:\/\/secure.gravatar.com\/avatar\/64ebac40b93f26a154f8a9b5b6fdccfc46f442b26b3dd6756dbff3bf9dc76fd7?s=96&d=mm&r=g","url":"https:\/\/secure.gravatar.com\/avatar\/64ebac40b93f26a154f8a9b5b6fdccfc46f442b26b3dd6756dbff3bf9dc76fd7?s=96&d=mm&r=g","contentUrl":"https:\/\/secure.gravatar.com\/avatar\/64ebac40b93f26a154f8a9b5b6fdccfc46f442b26b3dd6756dbff3bf9dc76fd7?s=96&d=mm&r=g","caption":"super-news"},"url":"https:\/\/super-news.info\/pt\/author\/pt\/"}]}},"_links":{"self":[{"href":"https:\/\/super-news.info\/pt\/wp-json\/wp\/v2\/posts\/5299","targetHints":{"allow":["GET"]}}],"collection":[{"href":"https:\/\/super-news.info\/pt\/wp-json\/wp\/v2\/posts"}],"about":[{"href":"https:\/\/super-news.info\/pt\/wp-json\/wp\/v2\/types\/post"}],"author":[{"embeddable":true,"href":"https:\/\/super-news.info\/pt\/wp-json\/wp\/v2\/users\/2"}],"replies":[{"embeddable":true,"href":"https:\/\/super-news.info\/pt\/wp-json\/wp\/v2\/comments?post=5299"}],"version-history":[{"count":1,"href":"https:\/\/super-news.info\/pt\/wp-json\/wp\/v2\/posts\/5299\/revisions"}],"predecessor-version":[{"id":5301,"href":"https:\/\/super-news.info\/pt\/wp-json\/wp\/v2\/posts\/5299\/revisions\/5301"}],"wp:featuredmedia":[{"embeddable":true,"href":"https:\/\/super-news.info\/pt\/wp-json\/wp\/v2\/media\/5300"}],"wp:attachment":[{"href":"https:\/\/super-news.info\/pt\/wp-json\/wp\/v2\/media?parent=5299"}],"wp:term":[{"taxonomy":"category","embeddable":true,"href":"https:\/\/super-news.info\/pt\/wp-json\/wp\/v2\/categories?post=5299"},{"taxonomy":"post_tag","embeddable":true,"href":"https:\/\/super-news.info\/pt\/wp-json\/wp\/v2\/tags?post=5299"}],"curies":[{"name":"wp","href":"https:\/\/api.w.org\/{rel}","templated":true}]}}