{"id":529,"date":"2019-04-19T05:38:31","date_gmt":"2019-04-19T02:38:31","guid":{"rendered":"https:\/\/super-news.info\/pt\/as-criancas-sao-a-prioridade-o-jornal-economico\/"},"modified":"2019-04-19T05:38:32","modified_gmt":"2019-04-19T02:38:32","slug":"as-criancas-sao-a-prioridade-o-jornal-economico","status":"publish","type":"post","link":"https:\/\/super-news.info\/pt\/as-criancas-sao-a-prioridade-o-jornal-economico\/","title":{"rendered":"As crian\u00e7as s\u00e3o a prioridade \u2013 O Jornal Econ\u00f3mico"},"content":{"rendered":"<p> [ad_1]<br \/>\n<\/p>\n<div>\n<p>Portugal necessita de medidas urgentes que deem prioridade \u00e0 crian\u00e7a, bem como de um plano de emerg\u00eancia infantil. \u00c9 necess\u00e1rio que a nossa sociedade reconhe\u00e7a que a crian\u00e7a tem direitos e que o primeiro deles \u00e9 poder crescer numa fam\u00edlia que a queira e a proteja, mesmo que n\u00e3o seja a sua fam\u00edlia biol\u00f3gica.<\/p>\n<p>A consci\u00eancia coletiva do dever de proteger os que s\u00e3o mais vulner\u00e1veis deve afirmar-se cada vez mais, embora infelizmente nem sempre motive a sociedade civil para um verdadeiro compromisso proativo.<\/p>\n<p>O facto \u00e9 que os problemas relacionados com as crian\u00e7as continuam a n\u00e3o ser uma prioridade na agenda pol\u00edtica. O investimento na resolu\u00e7\u00e3o da crise da popula\u00e7\u00e3o infantil \u00e9 essencial. Urge definir uma estrat\u00e9gia que passe por um refor\u00e7o da parentalidade positiva e por um observat\u00f3rio dos cuidados \u00e0s crian\u00e7as.<\/p>\n<p>Mais vale orgulharmo-nos da felicidade delas do que de um d\u00e9fice or\u00e7amental que atinja m\u00ednimos hist\u00f3ricos. Ali\u00e1s, o grau de desenvolvimento de um pa\u00eds mede-se mais pelo bem-estar que dispensa \u00e0s suas crian\u00e7as do que pelo sucesso dos seus indicadores econ\u00f3micos.<\/p>\n<p>Todos devemos estar sens\u00edveis aos sinais de alerta dados por jovens que conhe\u00e7amos e ser proativos perante quadros de tristeza, isolamento, comportamentos autodestrutivos e agressividade.<\/p>\n<p>\u00c9 essencial aumentar as molduras penais dos prevaricadores e refor\u00e7ar a qualidade das redes de apoio \u00e0 v\u00edtima, bem como permitir mecanismos de monitoriza\u00e7\u00e3o e supervis\u00e3o parental nas fam\u00edlias de risco.<\/p>\n<p>Urge criar programas espec\u00edficos de interven\u00e7\u00e3o que visem uma eficaz integra\u00e7\u00e3o familiar e socioeducativa de crian\u00e7as em risco de exclus\u00e3o familiar e social. Mas n\u00e3o vale a pena fazer a lei se a rede social n\u00e3o tiver os meios necess\u00e1rios para executar as decis\u00f5es tomadas e \u00e9 isso que est\u00e1 a acontecer, neste momento, em Portugal.<\/p>\n<p>Enquanto n\u00e3o se apelar \u00e0 participa\u00e7\u00e3o ativa da comunidade numa rela\u00e7\u00e3o de parceria com o Estado, n\u00e3o ser\u00e1 poss\u00edvel evoluir para uma sociedade que possa garantir o bem-estar e o desenvolvimento integral dos seus jovens.<\/p>\n<\/div>\n<p><script>\/*<![CDATA[*\/function facebookInit(){var js=document.createElement('script');js.src='https:\/\/connect.facebook.net\/pt_PT\/sdk.js#xfbml=1&#038;version=v3.1&#038;appId=1708066812789184&#038;autoLogAppEvents=1';return document.body.appendChild(js);}\nwindow.onscroll=function(){var rect=document.getElementsByClassName('je-post-content')[0].getBoundingClientRect();if(rect.bottom<window.innerHeight){facebookInit();window.onscroll=null;}}\/*]]>*\/<\/script><br \/>\n<br \/>[ad_2]<br \/>\n<br \/><a href=\"https:\/\/jornaleconomico.sapo.pt\/noticias\/as-criancas-sao-a-prioridade-435612\">Source link <\/a><\/p>\n","protected":false},"excerpt":{"rendered":"<p>[ad_1] Portugal necessita de medidas urgentes que deem prioridade \u00e0 crian\u00e7a, bem como de um plano de emerg\u00eancia infantil. \u00c9 necess\u00e1rio que a nossa sociedade reconhe\u00e7a que a crian\u00e7a tem direitos e que o primeiro deles \u00e9 poder crescer numa fam\u00edlia que a queira e a proteja, mesmo que n\u00e3o seja a sua fam\u00edlia biol\u00f3gica. [&hellip;]<\/p>\n","protected":false},"author":2,"featured_media":530,"comment_status":"open","ping_status":"open","sticky":false,"template":"","format":"standard","meta":{"footnotes":""},"categories":[1],"tags":[],"class_list":["post-529","post","type-post","status-publish","format-standard","has-post-thumbnail","hentry","category-noticias-financeiras"],"yoast_head":"<!-- This site is optimized with the Yoast SEO plugin v27.4 - https:\/\/yoast.com\/product\/yoast-seo-wordpress\/ -->\n<title>As crian\u00e7as s\u00e3o a prioridade \u2013 O Jornal Econ\u00f3mico - Super News<\/title>\n<meta name=\"robots\" content=\"index, follow, max-snippet:-1, max-image-preview:large, max-video-preview:-1\" \/>\n<link rel=\"canonical\" href=\"https:\/\/super-news.info\/pt\/as-criancas-sao-a-prioridade-o-jornal-economico\/\" \/>\n<meta property=\"og:locale\" content=\"pt_PT\" \/>\n<meta property=\"og:type\" content=\"article\" \/>\n<meta property=\"og:title\" content=\"As crian\u00e7as s\u00e3o a prioridade \u2013 O Jornal Econ\u00f3mico - Super News\" \/>\n<meta property=\"og:description\" content=\"[ad_1] Portugal necessita de medidas urgentes que deem prioridade \u00e0 crian\u00e7a, bem como de um plano de emerg\u00eancia infantil. \u00c9 necess\u00e1rio que a nossa sociedade reconhe\u00e7a que a crian\u00e7a tem direitos e que o primeiro deles \u00e9 poder crescer numa fam\u00edlia que a queira e a proteja, mesmo que n\u00e3o seja a sua fam\u00edlia biol\u00f3gica. [&hellip;]\" \/>\n<meta property=\"og:url\" content=\"https:\/\/super-news.info\/pt\/as-criancas-sao-a-prioridade-o-jornal-economico\/\" \/>\n<meta property=\"og:site_name\" content=\"Super News\" \/>\n<meta property=\"article:published_time\" content=\"2019-04-19T02:38:31+00:00\" \/>\n<meta property=\"article:modified_time\" content=\"2019-04-19T02:38:32+00:00\" \/>\n<meta property=\"og:image\" content=\"https:\/\/super-news.info\/pt\/wp-content\/uploads\/sites\/2\/2019\/04\/As-crian\u00e7as-s\u00e3o-a-prioridade-\u2013-O-Jornal-Econ\u00f3mico.png\" \/>\n\t<meta property=\"og:image:width\" content=\"200\" \/>\n\t<meta property=\"og:image:height\" content=\"200\" \/>\n\t<meta property=\"og:image:type\" content=\"image\/png\" \/>\n<meta name=\"author\" content=\"super-news\" \/>\n<meta name=\"twitter:card\" content=\"summary_large_image\" \/>\n<meta name=\"twitter:label1\" content=\"Escrito por\" \/>\n\t<meta name=\"twitter:data1\" content=\"super-news\" \/>\n\t<meta name=\"twitter:label2\" content=\"Tempo estimado de leitura\" \/>\n\t<meta name=\"twitter:data2\" content=\"2 minutos\" \/>\n<script type=\"application\/ld+json\" class=\"yoast-schema-graph\">{\"@context\":\"https:\\\/\\\/schema.org\",\"@graph\":[{\"@type\":\"Article\",\"@id\":\"https:\\\/\\\/super-news.info\\\/pt\\\/as-criancas-sao-a-prioridade-o-jornal-economico\\\/#article\",\"isPartOf\":{\"@id\":\"https:\\\/\\\/super-news.info\\\/pt\\\/as-criancas-sao-a-prioridade-o-jornal-economico\\\/\"},\"author\":{\"name\":\"super-news\",\"@id\":\"https:\\\/\\\/super-news.info\\\/pt\\\/#\\\/schema\\\/person\\\/2d4068cb2f39cd10008c2fce578a7356\"},\"headline\":\"As crian\u00e7as s\u00e3o a prioridade \u2013 O Jornal Econ\u00f3mico\",\"datePublished\":\"2019-04-19T02:38:31+00:00\",\"dateModified\":\"2019-04-19T02:38:32+00:00\",\"mainEntityOfPage\":{\"@id\":\"https:\\\/\\\/super-news.info\\\/pt\\\/as-criancas-sao-a-prioridade-o-jornal-economico\\\/\"},\"wordCount\":378,\"commentCount\":0,\"image\":{\"@id\":\"https:\\\/\\\/super-news.info\\\/pt\\\/as-criancas-sao-a-prioridade-o-jornal-economico\\\/#primaryimage\"},\"thumbnailUrl\":\"https:\\\/\\\/super-news.info\\\/pt\\\/wp-content\\\/uploads\\\/sites\\\/2\\\/2019\\\/04\\\/As-crian\u00e7as-s\u00e3o-a-prioridade-\u2013-O-Jornal-Econ\u00f3mico.png\",\"articleSection\":[\"NOT\u00cdCIAS FINANCEIRAS\"],\"inLanguage\":\"pt-PT\",\"potentialAction\":[{\"@type\":\"CommentAction\",\"name\":\"Comment\",\"target\":[\"https:\\\/\\\/super-news.info\\\/pt\\\/as-criancas-sao-a-prioridade-o-jornal-economico\\\/#respond\"]}]},{\"@type\":\"WebPage\",\"@id\":\"https:\\\/\\\/super-news.info\\\/pt\\\/as-criancas-sao-a-prioridade-o-jornal-economico\\\/\",\"url\":\"https:\\\/\\\/super-news.info\\\/pt\\\/as-criancas-sao-a-prioridade-o-jornal-economico\\\/\",\"name\":\"As crian\u00e7as s\u00e3o a prioridade \u2013 O Jornal Econ\u00f3mico - Super News\",\"isPartOf\":{\"@id\":\"https:\\\/\\\/super-news.info\\\/pt\\\/#website\"},\"primaryImageOfPage\":{\"@id\":\"https:\\\/\\\/super-news.info\\\/pt\\\/as-criancas-sao-a-prioridade-o-jornal-economico\\\/#primaryimage\"},\"image\":{\"@id\":\"https:\\\/\\\/super-news.info\\\/pt\\\/as-criancas-sao-a-prioridade-o-jornal-economico\\\/#primaryimage\"},\"thumbnailUrl\":\"https:\\\/\\\/super-news.info\\\/pt\\\/wp-content\\\/uploads\\\/sites\\\/2\\\/2019\\\/04\\\/As-crian\u00e7as-s\u00e3o-a-prioridade-\u2013-O-Jornal-Econ\u00f3mico.png\",\"datePublished\":\"2019-04-19T02:38:31+00:00\",\"dateModified\":\"2019-04-19T02:38:32+00:00\",\"author\":{\"@id\":\"https:\\\/\\\/super-news.info\\\/pt\\\/#\\\/schema\\\/person\\\/2d4068cb2f39cd10008c2fce578a7356\"},\"breadcrumb\":{\"@id\":\"https:\\\/\\\/super-news.info\\\/pt\\\/as-criancas-sao-a-prioridade-o-jornal-economico\\\/#breadcrumb\"},\"inLanguage\":\"pt-PT\",\"potentialAction\":[{\"@type\":\"ReadAction\",\"target\":[\"https:\\\/\\\/super-news.info\\\/pt\\\/as-criancas-sao-a-prioridade-o-jornal-economico\\\/\"]}]},{\"@type\":\"ImageObject\",\"inLanguage\":\"pt-PT\",\"@id\":\"https:\\\/\\\/super-news.info\\\/pt\\\/as-criancas-sao-a-prioridade-o-jornal-economico\\\/#primaryimage\",\"url\":\"https:\\\/\\\/super-news.info\\\/pt\\\/wp-content\\\/uploads\\\/sites\\\/2\\\/2019\\\/04\\\/As-crian\u00e7as-s\u00e3o-a-prioridade-\u2013-O-Jornal-Econ\u00f3mico.png\",\"contentUrl\":\"https:\\\/\\\/super-news.info\\\/pt\\\/wp-content\\\/uploads\\\/sites\\\/2\\\/2019\\\/04\\\/As-crian\u00e7as-s\u00e3o-a-prioridade-\u2013-O-Jornal-Econ\u00f3mico.png\",\"width\":200,\"height\":200,\"caption\":\"As crian\u00e7as s\u00e3o a prioridade \u2013 O Jornal Econ\u00f3mico\"},{\"@type\":\"BreadcrumbList\",\"@id\":\"https:\\\/\\\/super-news.info\\\/pt\\\/as-criancas-sao-a-prioridade-o-jornal-economico\\\/#breadcrumb\",\"itemListElement\":[{\"@type\":\"ListItem\",\"position\":1,\"name\":\"\u0413\u043b\u0430\u0432\u043d\u0430\u044f \u0441\u0442\u0440\u0430\u043d\u0438\u0446\u0430\",\"item\":\"https:\\\/\\\/super-news.info\\\/pt\\\/\"},{\"@type\":\"ListItem\",\"position\":2,\"name\":\"As crian\u00e7as s\u00e3o a prioridade \u2013 O Jornal Econ\u00f3mico\"}]},{\"@type\":\"WebSite\",\"@id\":\"https:\\\/\\\/super-news.info\\\/pt\\\/#website\",\"url\":\"https:\\\/\\\/super-news.info\\\/pt\\\/\",\"name\":\"Super News\",\"description\":\"Super News Portugal\",\"potentialAction\":[{\"@type\":\"SearchAction\",\"target\":{\"@type\":\"EntryPoint\",\"urlTemplate\":\"https:\\\/\\\/super-news.info\\\/pt\\\/?s={search_term_string}\"},\"query-input\":{\"@type\":\"PropertyValueSpecification\",\"valueRequired\":true,\"valueName\":\"search_term_string\"}}],\"inLanguage\":\"pt-PT\"},{\"@type\":\"Person\",\"@id\":\"https:\\\/\\\/super-news.info\\\/pt\\\/#\\\/schema\\\/person\\\/2d4068cb2f39cd10008c2fce578a7356\",\"name\":\"super-news\",\"image\":{\"@type\":\"ImageObject\",\"inLanguage\":\"pt-PT\",\"@id\":\"https:\\\/\\\/secure.gravatar.com\\\/avatar\\\/64ebac40b93f26a154f8a9b5b6fdccfc46f442b26b3dd6756dbff3bf9dc76fd7?s=96&d=mm&r=g\",\"url\":\"https:\\\/\\\/secure.gravatar.com\\\/avatar\\\/64ebac40b93f26a154f8a9b5b6fdccfc46f442b26b3dd6756dbff3bf9dc76fd7?s=96&d=mm&r=g\",\"contentUrl\":\"https:\\\/\\\/secure.gravatar.com\\\/avatar\\\/64ebac40b93f26a154f8a9b5b6fdccfc46f442b26b3dd6756dbff3bf9dc76fd7?s=96&d=mm&r=g\",\"caption\":\"super-news\"},\"url\":\"https:\\\/\\\/super-news.info\\\/pt\\\/author\\\/pt\\\/\"}]}<\/script>\n<!-- \/ Yoast SEO plugin. -->","yoast_head_json":{"title":"As crian\u00e7as s\u00e3o a prioridade \u2013 O Jornal Econ\u00f3mico - Super News","robots":{"index":"index","follow":"follow","max-snippet":"max-snippet:-1","max-image-preview":"max-image-preview:large","max-video-preview":"max-video-preview:-1"},"canonical":"https:\/\/super-news.info\/pt\/as-criancas-sao-a-prioridade-o-jornal-economico\/","og_locale":"pt_PT","og_type":"article","og_title":"As crian\u00e7as s\u00e3o a prioridade \u2013 O Jornal Econ\u00f3mico - Super News","og_description":"[ad_1] Portugal necessita de medidas urgentes que deem prioridade \u00e0 crian\u00e7a, bem como de um plano de emerg\u00eancia infantil. \u00c9 necess\u00e1rio que a nossa sociedade reconhe\u00e7a que a crian\u00e7a tem direitos e que o primeiro deles \u00e9 poder crescer numa fam\u00edlia que a queira e a proteja, mesmo que n\u00e3o seja a sua fam\u00edlia biol\u00f3gica. [&hellip;]","og_url":"https:\/\/super-news.info\/pt\/as-criancas-sao-a-prioridade-o-jornal-economico\/","og_site_name":"Super News","article_published_time":"2019-04-19T02:38:31+00:00","article_modified_time":"2019-04-19T02:38:32+00:00","og_image":[{"width":200,"height":200,"url":"https:\/\/super-news.info\/pt\/wp-content\/uploads\/sites\/2\/2019\/04\/As-crian\u00e7as-s\u00e3o-a-prioridade-\u2013-O-Jornal-Econ\u00f3mico.png","type":"image\/png"}],"author":"super-news","twitter_card":"summary_large_image","twitter_misc":{"Escrito por":"super-news","Tempo estimado de leitura":"2 minutos"},"schema":{"@context":"https:\/\/schema.org","@graph":[{"@type":"Article","@id":"https:\/\/super-news.info\/pt\/as-criancas-sao-a-prioridade-o-jornal-economico\/#article","isPartOf":{"@id":"https:\/\/super-news.info\/pt\/as-criancas-sao-a-prioridade-o-jornal-economico\/"},"author":{"name":"super-news","@id":"https:\/\/super-news.info\/pt\/#\/schema\/person\/2d4068cb2f39cd10008c2fce578a7356"},"headline":"As crian\u00e7as s\u00e3o a prioridade \u2013 O Jornal Econ\u00f3mico","datePublished":"2019-04-19T02:38:31+00:00","dateModified":"2019-04-19T02:38:32+00:00","mainEntityOfPage":{"@id":"https:\/\/super-news.info\/pt\/as-criancas-sao-a-prioridade-o-jornal-economico\/"},"wordCount":378,"commentCount":0,"image":{"@id":"https:\/\/super-news.info\/pt\/as-criancas-sao-a-prioridade-o-jornal-economico\/#primaryimage"},"thumbnailUrl":"https:\/\/super-news.info\/pt\/wp-content\/uploads\/sites\/2\/2019\/04\/As-crian\u00e7as-s\u00e3o-a-prioridade-\u2013-O-Jornal-Econ\u00f3mico.png","articleSection":["NOT\u00cdCIAS FINANCEIRAS"],"inLanguage":"pt-PT","potentialAction":[{"@type":"CommentAction","name":"Comment","target":["https:\/\/super-news.info\/pt\/as-criancas-sao-a-prioridade-o-jornal-economico\/#respond"]}]},{"@type":"WebPage","@id":"https:\/\/super-news.info\/pt\/as-criancas-sao-a-prioridade-o-jornal-economico\/","url":"https:\/\/super-news.info\/pt\/as-criancas-sao-a-prioridade-o-jornal-economico\/","name":"As crian\u00e7as s\u00e3o a prioridade \u2013 O Jornal Econ\u00f3mico - Super News","isPartOf":{"@id":"https:\/\/super-news.info\/pt\/#website"},"primaryImageOfPage":{"@id":"https:\/\/super-news.info\/pt\/as-criancas-sao-a-prioridade-o-jornal-economico\/#primaryimage"},"image":{"@id":"https:\/\/super-news.info\/pt\/as-criancas-sao-a-prioridade-o-jornal-economico\/#primaryimage"},"thumbnailUrl":"https:\/\/super-news.info\/pt\/wp-content\/uploads\/sites\/2\/2019\/04\/As-crian\u00e7as-s\u00e3o-a-prioridade-\u2013-O-Jornal-Econ\u00f3mico.png","datePublished":"2019-04-19T02:38:31+00:00","dateModified":"2019-04-19T02:38:32+00:00","author":{"@id":"https:\/\/super-news.info\/pt\/#\/schema\/person\/2d4068cb2f39cd10008c2fce578a7356"},"breadcrumb":{"@id":"https:\/\/super-news.info\/pt\/as-criancas-sao-a-prioridade-o-jornal-economico\/#breadcrumb"},"inLanguage":"pt-PT","potentialAction":[{"@type":"ReadAction","target":["https:\/\/super-news.info\/pt\/as-criancas-sao-a-prioridade-o-jornal-economico\/"]}]},{"@type":"ImageObject","inLanguage":"pt-PT","@id":"https:\/\/super-news.info\/pt\/as-criancas-sao-a-prioridade-o-jornal-economico\/#primaryimage","url":"https:\/\/super-news.info\/pt\/wp-content\/uploads\/sites\/2\/2019\/04\/As-crian\u00e7as-s\u00e3o-a-prioridade-\u2013-O-Jornal-Econ\u00f3mico.png","contentUrl":"https:\/\/super-news.info\/pt\/wp-content\/uploads\/sites\/2\/2019\/04\/As-crian\u00e7as-s\u00e3o-a-prioridade-\u2013-O-Jornal-Econ\u00f3mico.png","width":200,"height":200,"caption":"As crian\u00e7as s\u00e3o a prioridade \u2013 O Jornal Econ\u00f3mico"},{"@type":"BreadcrumbList","@id":"https:\/\/super-news.info\/pt\/as-criancas-sao-a-prioridade-o-jornal-economico\/#breadcrumb","itemListElement":[{"@type":"ListItem","position":1,"name":"\u0413\u043b\u0430\u0432\u043d\u0430\u044f \u0441\u0442\u0440\u0430\u043d\u0438\u0446\u0430","item":"https:\/\/super-news.info\/pt\/"},{"@type":"ListItem","position":2,"name":"As crian\u00e7as s\u00e3o a prioridade \u2013 O Jornal Econ\u00f3mico"}]},{"@type":"WebSite","@id":"https:\/\/super-news.info\/pt\/#website","url":"https:\/\/super-news.info\/pt\/","name":"Super News","description":"Super News Portugal","potentialAction":[{"@type":"SearchAction","target":{"@type":"EntryPoint","urlTemplate":"https:\/\/super-news.info\/pt\/?s={search_term_string}"},"query-input":{"@type":"PropertyValueSpecification","valueRequired":true,"valueName":"search_term_string"}}],"inLanguage":"pt-PT"},{"@type":"Person","@id":"https:\/\/super-news.info\/pt\/#\/schema\/person\/2d4068cb2f39cd10008c2fce578a7356","name":"super-news","image":{"@type":"ImageObject","inLanguage":"pt-PT","@id":"https:\/\/secure.gravatar.com\/avatar\/64ebac40b93f26a154f8a9b5b6fdccfc46f442b26b3dd6756dbff3bf9dc76fd7?s=96&d=mm&r=g","url":"https:\/\/secure.gravatar.com\/avatar\/64ebac40b93f26a154f8a9b5b6fdccfc46f442b26b3dd6756dbff3bf9dc76fd7?s=96&d=mm&r=g","contentUrl":"https:\/\/secure.gravatar.com\/avatar\/64ebac40b93f26a154f8a9b5b6fdccfc46f442b26b3dd6756dbff3bf9dc76fd7?s=96&d=mm&r=g","caption":"super-news"},"url":"https:\/\/super-news.info\/pt\/author\/pt\/"}]}},"_links":{"self":[{"href":"https:\/\/super-news.info\/pt\/wp-json\/wp\/v2\/posts\/529","targetHints":{"allow":["GET"]}}],"collection":[{"href":"https:\/\/super-news.info\/pt\/wp-json\/wp\/v2\/posts"}],"about":[{"href":"https:\/\/super-news.info\/pt\/wp-json\/wp\/v2\/types\/post"}],"author":[{"embeddable":true,"href":"https:\/\/super-news.info\/pt\/wp-json\/wp\/v2\/users\/2"}],"replies":[{"embeddable":true,"href":"https:\/\/super-news.info\/pt\/wp-json\/wp\/v2\/comments?post=529"}],"version-history":[{"count":1,"href":"https:\/\/super-news.info\/pt\/wp-json\/wp\/v2\/posts\/529\/revisions"}],"predecessor-version":[{"id":531,"href":"https:\/\/super-news.info\/pt\/wp-json\/wp\/v2\/posts\/529\/revisions\/531"}],"wp:featuredmedia":[{"embeddable":true,"href":"https:\/\/super-news.info\/pt\/wp-json\/wp\/v2\/media\/530"}],"wp:attachment":[{"href":"https:\/\/super-news.info\/pt\/wp-json\/wp\/v2\/media?parent=529"}],"wp:term":[{"taxonomy":"category","embeddable":true,"href":"https:\/\/super-news.info\/pt\/wp-json\/wp\/v2\/categories?post=529"},{"taxonomy":"post_tag","embeddable":true,"href":"https:\/\/super-news.info\/pt\/wp-json\/wp\/v2\/tags?post=529"}],"curies":[{"name":"wp","href":"https:\/\/api.w.org\/{rel}","templated":true}]}}