{"id":5282,"date":"2020-11-20T08:58:13","date_gmt":"2020-11-20T05:58:13","guid":{"rendered":"https:\/\/super-news.info\/pt\/grupo-do-ikea-entra-no-negocio-dos-servicos-domesticos-e-reparacoes-em-portugal-meios-publicidade\/"},"modified":"2020-11-20T08:58:16","modified_gmt":"2020-11-20T05:58:16","slug":"grupo-do-ikea-entra-no-negocio-dos-servicos-domesticos-e-reparacoes-em-portugal-meios-publicidade","status":"publish","type":"post","link":"https:\/\/super-news.info\/pt\/grupo-do-ikea-entra-no-negocio-dos-servicos-domesticos-e-reparacoes-em-portugal-meios-publicidade\/","title":{"rendered":"Grupo do Ikea entra no neg\u00f3cio dos servi\u00e7os dom\u00e9sticos e repara\u00e7\u00f5es em Portugal &#8211; Meios &#038; Publicidade"},"content":{"rendered":"<p>O grupo Ingka, propriet\u00e1rio da cadeia de lojas Ikea, est\u00e1 a lan\u00e7ar em Portugal a TaskRabbit. Trata-se de uma rede de servi\u00e7os dom\u00e9sticos, em mais de 50 categorias, que inclui pequenas repara\u00e7\u00f5es dom\u00e9sticas, limpeza, canaliza\u00e7\u00e3o ou montagem de m\u00f3veis.<br \/>\nO servi\u00e7o est\u00e1 dispon\u00edvel em Portugal Continental, atrav\u00e9s da aplica\u00e7\u00e3o m\u00f3vel, da plataforma online e nas lojas Ikea em Lisboa, Matosinhos, Braga e Loul\u00e9.<br \/>\nPortugal \u00e9 o s\u00e9timo pa\u00eds onde a TaskRabbit, com sede nos Estados Unidos, lan\u00e7a os seus servi\u00e7os. A TaskRabbit tamb\u00e9m investiu num centro outsourcing para apoio ao cliente para os mercados europeus, localizado no Porto.<br \/>\n\u201cH\u00e1 muitos trabalhadores qualificados em Portugal \u00e0 procura de novos clientes ou de expandir os seus neg\u00f3cios \u2013 j\u00e1 temos mais de 4500 taskers registados na plataforma. Estamos entusiasmados em ajudar a gerar novas oportunidades de trabalho para a economia portuguesa num momento de crise global causada pela covid-19\u201d, refere Ania Smith, CEO da TaskRabbit.<\/p>\n<p>\n<!--noindex--><br \/>\n<a href=\"https:\/\/www.meiosepublicidade.pt\/2020\/11\/grupo-do-ikea-entra-no-negocio-dos-servicos-domesticos-reparacoes-portugal\/\" rel=\"nofollow\">Source link <\/a><br \/>\n<!--\/noindex--><\/p>\n","protected":false},"excerpt":{"rendered":"<p>O grupo Ingka, propriet\u00e1rio da cadeia de lojas Ikea, est\u00e1 a lan\u00e7ar em Portugal a TaskRabbit. Trata-se de uma rede de servi\u00e7os dom\u00e9sticos, em mais de 50 categorias, que inclui pequenas repara\u00e7\u00f5es dom\u00e9sticas, limpeza, canaliza\u00e7\u00e3o ou montagem de m\u00f3veis. O servi\u00e7o est\u00e1 dispon\u00edvel em Portugal Continental, atrav\u00e9s da aplica\u00e7\u00e3o m\u00f3vel, da plataforma online e nas [&hellip;]<\/p>\n","protected":false},"author":2,"featured_media":5283,"comment_status":"open","ping_status":"open","sticky":false,"template":"","format":"standard","meta":{"footnotes":""},"categories":[2],"tags":[],"class_list":["post-5282","post","type-post","status-publish","format-standard","has-post-thumbnail","hentry","category-noticias-de-marketing-digital"],"yoast_head":"<!-- This site is optimized with the Yoast SEO plugin v27.4 - https:\/\/yoast.com\/product\/yoast-seo-wordpress\/ -->\n<title>Grupo do Ikea entra no neg\u00f3cio dos servi\u00e7os dom\u00e9sticos e repara\u00e7\u00f5es em Portugal - Meios &amp; Publicidade - Super News<\/title>\n<meta name=\"robots\" content=\"index, follow, max-snippet:-1, max-image-preview:large, max-video-preview:-1\" \/>\n<link rel=\"canonical\" href=\"https:\/\/super-news.info\/pt\/grupo-do-ikea-entra-no-negocio-dos-servicos-domesticos-e-reparacoes-em-portugal-meios-publicidade\/\" \/>\n<meta property=\"og:locale\" content=\"pt_PT\" \/>\n<meta property=\"og:type\" content=\"article\" \/>\n<meta property=\"og:title\" content=\"Grupo do Ikea entra no neg\u00f3cio dos servi\u00e7os dom\u00e9sticos e repara\u00e7\u00f5es em Portugal - Meios &amp; Publicidade - Super News\" \/>\n<meta property=\"og:description\" content=\"O grupo Ingka, propriet\u00e1rio da cadeia de lojas Ikea, est\u00e1 a lan\u00e7ar em Portugal a TaskRabbit. Trata-se de uma rede de servi\u00e7os dom\u00e9sticos, em mais de 50 categorias, que inclui pequenas repara\u00e7\u00f5es dom\u00e9sticas, limpeza, canaliza\u00e7\u00e3o ou montagem de m\u00f3veis. O servi\u00e7o est\u00e1 dispon\u00edvel em Portugal Continental, atrav\u00e9s da aplica\u00e7\u00e3o m\u00f3vel, da plataforma online e nas [&hellip;]\" \/>\n<meta property=\"og:url\" content=\"https:\/\/super-news.info\/pt\/grupo-do-ikea-entra-no-negocio-dos-servicos-domesticos-e-reparacoes-em-portugal-meios-publicidade\/\" \/>\n<meta property=\"og:site_name\" content=\"Super News\" \/>\n<meta property=\"article:published_time\" content=\"2020-11-20T05:58:13+00:00\" \/>\n<meta property=\"article:modified_time\" content=\"2020-11-20T05:58:16+00:00\" \/>\n<meta property=\"og:image\" content=\"https:\/\/super-news.info\/pt\/wp-content\/uploads\/sites\/2\/2020\/11\/Grupo-do-Ikea-entra-no-neg-cio-dos-servi-os-dom-sticos-e.jpg\" \/>\n\t<meta property=\"og:image:width\" content=\"1104\" \/>\n\t<meta property=\"og:image:height\" content=\"736\" \/>\n\t<meta property=\"og:image:type\" content=\"image\/jpeg\" \/>\n<meta name=\"author\" content=\"super-news\" \/>\n<meta name=\"twitter:card\" content=\"summary_large_image\" \/>\n<meta name=\"twitter:label1\" content=\"Escrito por\" \/>\n\t<meta name=\"twitter:data1\" content=\"super-news\" \/>\n\t<meta name=\"twitter:label2\" content=\"Tempo estimado de leitura\" \/>\n\t<meta name=\"twitter:data2\" content=\"1 minuto\" \/>\n<script type=\"application\/ld+json\" class=\"yoast-schema-graph\">{\"@context\":\"https:\\\/\\\/schema.org\",\"@graph\":[{\"@type\":\"Article\",\"@id\":\"https:\\\/\\\/super-news.info\\\/pt\\\/grupo-do-ikea-entra-no-negocio-dos-servicos-domesticos-e-reparacoes-em-portugal-meios-publicidade\\\/#article\",\"isPartOf\":{\"@id\":\"https:\\\/\\\/super-news.info\\\/pt\\\/grupo-do-ikea-entra-no-negocio-dos-servicos-domesticos-e-reparacoes-em-portugal-meios-publicidade\\\/\"},\"author\":{\"name\":\"super-news\",\"@id\":\"https:\\\/\\\/super-news.info\\\/pt\\\/#\\\/schema\\\/person\\\/2d4068cb2f39cd10008c2fce578a7356\"},\"headline\":\"Grupo do Ikea entra no neg\u00f3cio dos servi\u00e7os dom\u00e9sticos e repara\u00e7\u00f5es em Portugal &#8211; Meios &#038; Publicidade\",\"datePublished\":\"2020-11-20T05:58:13+00:00\",\"dateModified\":\"2020-11-20T05:58:16+00:00\",\"mainEntityOfPage\":{\"@id\":\"https:\\\/\\\/super-news.info\\\/pt\\\/grupo-do-ikea-entra-no-negocio-dos-servicos-domesticos-e-reparacoes-em-portugal-meios-publicidade\\\/\"},\"wordCount\":189,\"commentCount\":0,\"image\":{\"@id\":\"https:\\\/\\\/super-news.info\\\/pt\\\/grupo-do-ikea-entra-no-negocio-dos-servicos-domesticos-e-reparacoes-em-portugal-meios-publicidade\\\/#primaryimage\"},\"thumbnailUrl\":\"https:\\\/\\\/super-news.info\\\/pt\\\/wp-content\\\/uploads\\\/sites\\\/2\\\/2020\\\/11\\\/Grupo-do-Ikea-entra-no-neg-cio-dos-servi-os-dom-sticos-e.jpg\",\"articleSection\":[\"NOT\u00cdCIAS DE MARKETING DIGITAL\"],\"inLanguage\":\"pt-PT\",\"potentialAction\":[{\"@type\":\"CommentAction\",\"name\":\"Comment\",\"target\":[\"https:\\\/\\\/super-news.info\\\/pt\\\/grupo-do-ikea-entra-no-negocio-dos-servicos-domesticos-e-reparacoes-em-portugal-meios-publicidade\\\/#respond\"]}]},{\"@type\":\"WebPage\",\"@id\":\"https:\\\/\\\/super-news.info\\\/pt\\\/grupo-do-ikea-entra-no-negocio-dos-servicos-domesticos-e-reparacoes-em-portugal-meios-publicidade\\\/\",\"url\":\"https:\\\/\\\/super-news.info\\\/pt\\\/grupo-do-ikea-entra-no-negocio-dos-servicos-domesticos-e-reparacoes-em-portugal-meios-publicidade\\\/\",\"name\":\"Grupo do Ikea entra no neg\u00f3cio dos servi\u00e7os dom\u00e9sticos e repara\u00e7\u00f5es em Portugal - Meios & Publicidade - Super News\",\"isPartOf\":{\"@id\":\"https:\\\/\\\/super-news.info\\\/pt\\\/#website\"},\"primaryImageOfPage\":{\"@id\":\"https:\\\/\\\/super-news.info\\\/pt\\\/grupo-do-ikea-entra-no-negocio-dos-servicos-domesticos-e-reparacoes-em-portugal-meios-publicidade\\\/#primaryimage\"},\"image\":{\"@id\":\"https:\\\/\\\/super-news.info\\\/pt\\\/grupo-do-ikea-entra-no-negocio-dos-servicos-domesticos-e-reparacoes-em-portugal-meios-publicidade\\\/#primaryimage\"},\"thumbnailUrl\":\"https:\\\/\\\/super-news.info\\\/pt\\\/wp-content\\\/uploads\\\/sites\\\/2\\\/2020\\\/11\\\/Grupo-do-Ikea-entra-no-neg-cio-dos-servi-os-dom-sticos-e.jpg\",\"datePublished\":\"2020-11-20T05:58:13+00:00\",\"dateModified\":\"2020-11-20T05:58:16+00:00\",\"author\":{\"@id\":\"https:\\\/\\\/super-news.info\\\/pt\\\/#\\\/schema\\\/person\\\/2d4068cb2f39cd10008c2fce578a7356\"},\"breadcrumb\":{\"@id\":\"https:\\\/\\\/super-news.info\\\/pt\\\/grupo-do-ikea-entra-no-negocio-dos-servicos-domesticos-e-reparacoes-em-portugal-meios-publicidade\\\/#breadcrumb\"},\"inLanguage\":\"pt-PT\",\"potentialAction\":[{\"@type\":\"ReadAction\",\"target\":[\"https:\\\/\\\/super-news.info\\\/pt\\\/grupo-do-ikea-entra-no-negocio-dos-servicos-domesticos-e-reparacoes-em-portugal-meios-publicidade\\\/\"]}]},{\"@type\":\"ImageObject\",\"inLanguage\":\"pt-PT\",\"@id\":\"https:\\\/\\\/super-news.info\\\/pt\\\/grupo-do-ikea-entra-no-negocio-dos-servicos-domesticos-e-reparacoes-em-portugal-meios-publicidade\\\/#primaryimage\",\"url\":\"https:\\\/\\\/super-news.info\\\/pt\\\/wp-content\\\/uploads\\\/sites\\\/2\\\/2020\\\/11\\\/Grupo-do-Ikea-entra-no-neg-cio-dos-servi-os-dom-sticos-e.jpg\",\"contentUrl\":\"https:\\\/\\\/super-news.info\\\/pt\\\/wp-content\\\/uploads\\\/sites\\\/2\\\/2020\\\/11\\\/Grupo-do-Ikea-entra-no-neg-cio-dos-servi-os-dom-sticos-e.jpg\",\"width\":1104,\"height\":736,\"caption\":\"Grupo do Ikea entra no neg\u00f3cio dos servi\u00e7os dom\u00e9sticos e repara\u00e7\u00f5es em Portugal - Meios & Publicidade\"},{\"@type\":\"BreadcrumbList\",\"@id\":\"https:\\\/\\\/super-news.info\\\/pt\\\/grupo-do-ikea-entra-no-negocio-dos-servicos-domesticos-e-reparacoes-em-portugal-meios-publicidade\\\/#breadcrumb\",\"itemListElement\":[{\"@type\":\"ListItem\",\"position\":1,\"name\":\"\u0413\u043b\u0430\u0432\u043d\u0430\u044f \u0441\u0442\u0440\u0430\u043d\u0438\u0446\u0430\",\"item\":\"https:\\\/\\\/super-news.info\\\/pt\\\/\"},{\"@type\":\"ListItem\",\"position\":2,\"name\":\"Grupo do Ikea entra no neg\u00f3cio dos servi\u00e7os dom\u00e9sticos e repara\u00e7\u00f5es em Portugal &#8211; Meios &#038; Publicidade\"}]},{\"@type\":\"WebSite\",\"@id\":\"https:\\\/\\\/super-news.info\\\/pt\\\/#website\",\"url\":\"https:\\\/\\\/super-news.info\\\/pt\\\/\",\"name\":\"Super News\",\"description\":\"Super News Portugal\",\"potentialAction\":[{\"@type\":\"SearchAction\",\"target\":{\"@type\":\"EntryPoint\",\"urlTemplate\":\"https:\\\/\\\/super-news.info\\\/pt\\\/?s={search_term_string}\"},\"query-input\":{\"@type\":\"PropertyValueSpecification\",\"valueRequired\":true,\"valueName\":\"search_term_string\"}}],\"inLanguage\":\"pt-PT\"},{\"@type\":\"Person\",\"@id\":\"https:\\\/\\\/super-news.info\\\/pt\\\/#\\\/schema\\\/person\\\/2d4068cb2f39cd10008c2fce578a7356\",\"name\":\"super-news\",\"image\":{\"@type\":\"ImageObject\",\"inLanguage\":\"pt-PT\",\"@id\":\"https:\\\/\\\/secure.gravatar.com\\\/avatar\\\/64ebac40b93f26a154f8a9b5b6fdccfc46f442b26b3dd6756dbff3bf9dc76fd7?s=96&d=mm&r=g\",\"url\":\"https:\\\/\\\/secure.gravatar.com\\\/avatar\\\/64ebac40b93f26a154f8a9b5b6fdccfc46f442b26b3dd6756dbff3bf9dc76fd7?s=96&d=mm&r=g\",\"contentUrl\":\"https:\\\/\\\/secure.gravatar.com\\\/avatar\\\/64ebac40b93f26a154f8a9b5b6fdccfc46f442b26b3dd6756dbff3bf9dc76fd7?s=96&d=mm&r=g\",\"caption\":\"super-news\"},\"url\":\"https:\\\/\\\/super-news.info\\\/pt\\\/author\\\/pt\\\/\"}]}<\/script>\n<!-- \/ Yoast SEO plugin. -->","yoast_head_json":{"title":"Grupo do Ikea entra no neg\u00f3cio dos servi\u00e7os dom\u00e9sticos e repara\u00e7\u00f5es em Portugal - Meios & Publicidade - Super News","robots":{"index":"index","follow":"follow","max-snippet":"max-snippet:-1","max-image-preview":"max-image-preview:large","max-video-preview":"max-video-preview:-1"},"canonical":"https:\/\/super-news.info\/pt\/grupo-do-ikea-entra-no-negocio-dos-servicos-domesticos-e-reparacoes-em-portugal-meios-publicidade\/","og_locale":"pt_PT","og_type":"article","og_title":"Grupo do Ikea entra no neg\u00f3cio dos servi\u00e7os dom\u00e9sticos e repara\u00e7\u00f5es em Portugal - Meios & Publicidade - Super News","og_description":"O grupo Ingka, propriet\u00e1rio da cadeia de lojas Ikea, est\u00e1 a lan\u00e7ar em Portugal a TaskRabbit. Trata-se de uma rede de servi\u00e7os dom\u00e9sticos, em mais de 50 categorias, que inclui pequenas repara\u00e7\u00f5es dom\u00e9sticas, limpeza, canaliza\u00e7\u00e3o ou montagem de m\u00f3veis. O servi\u00e7o est\u00e1 dispon\u00edvel em Portugal Continental, atrav\u00e9s da aplica\u00e7\u00e3o m\u00f3vel, da plataforma online e nas [&hellip;]","og_url":"https:\/\/super-news.info\/pt\/grupo-do-ikea-entra-no-negocio-dos-servicos-domesticos-e-reparacoes-em-portugal-meios-publicidade\/","og_site_name":"Super News","article_published_time":"2020-11-20T05:58:13+00:00","article_modified_time":"2020-11-20T05:58:16+00:00","og_image":[{"width":1104,"height":736,"url":"https:\/\/super-news.info\/pt\/wp-content\/uploads\/sites\/2\/2020\/11\/Grupo-do-Ikea-entra-no-neg-cio-dos-servi-os-dom-sticos-e.jpg","type":"image\/jpeg"}],"author":"super-news","twitter_card":"summary_large_image","twitter_misc":{"Escrito por":"super-news","Tempo estimado de leitura":"1 minuto"},"schema":{"@context":"https:\/\/schema.org","@graph":[{"@type":"Article","@id":"https:\/\/super-news.info\/pt\/grupo-do-ikea-entra-no-negocio-dos-servicos-domesticos-e-reparacoes-em-portugal-meios-publicidade\/#article","isPartOf":{"@id":"https:\/\/super-news.info\/pt\/grupo-do-ikea-entra-no-negocio-dos-servicos-domesticos-e-reparacoes-em-portugal-meios-publicidade\/"},"author":{"name":"super-news","@id":"https:\/\/super-news.info\/pt\/#\/schema\/person\/2d4068cb2f39cd10008c2fce578a7356"},"headline":"Grupo do Ikea entra no neg\u00f3cio dos servi\u00e7os dom\u00e9sticos e repara\u00e7\u00f5es em Portugal &#8211; Meios &#038; Publicidade","datePublished":"2020-11-20T05:58:13+00:00","dateModified":"2020-11-20T05:58:16+00:00","mainEntityOfPage":{"@id":"https:\/\/super-news.info\/pt\/grupo-do-ikea-entra-no-negocio-dos-servicos-domesticos-e-reparacoes-em-portugal-meios-publicidade\/"},"wordCount":189,"commentCount":0,"image":{"@id":"https:\/\/super-news.info\/pt\/grupo-do-ikea-entra-no-negocio-dos-servicos-domesticos-e-reparacoes-em-portugal-meios-publicidade\/#primaryimage"},"thumbnailUrl":"https:\/\/super-news.info\/pt\/wp-content\/uploads\/sites\/2\/2020\/11\/Grupo-do-Ikea-entra-no-neg-cio-dos-servi-os-dom-sticos-e.jpg","articleSection":["NOT\u00cdCIAS DE MARKETING DIGITAL"],"inLanguage":"pt-PT","potentialAction":[{"@type":"CommentAction","name":"Comment","target":["https:\/\/super-news.info\/pt\/grupo-do-ikea-entra-no-negocio-dos-servicos-domesticos-e-reparacoes-em-portugal-meios-publicidade\/#respond"]}]},{"@type":"WebPage","@id":"https:\/\/super-news.info\/pt\/grupo-do-ikea-entra-no-negocio-dos-servicos-domesticos-e-reparacoes-em-portugal-meios-publicidade\/","url":"https:\/\/super-news.info\/pt\/grupo-do-ikea-entra-no-negocio-dos-servicos-domesticos-e-reparacoes-em-portugal-meios-publicidade\/","name":"Grupo do Ikea entra no neg\u00f3cio dos servi\u00e7os dom\u00e9sticos e repara\u00e7\u00f5es em Portugal - Meios & Publicidade - Super News","isPartOf":{"@id":"https:\/\/super-news.info\/pt\/#website"},"primaryImageOfPage":{"@id":"https:\/\/super-news.info\/pt\/grupo-do-ikea-entra-no-negocio-dos-servicos-domesticos-e-reparacoes-em-portugal-meios-publicidade\/#primaryimage"},"image":{"@id":"https:\/\/super-news.info\/pt\/grupo-do-ikea-entra-no-negocio-dos-servicos-domesticos-e-reparacoes-em-portugal-meios-publicidade\/#primaryimage"},"thumbnailUrl":"https:\/\/super-news.info\/pt\/wp-content\/uploads\/sites\/2\/2020\/11\/Grupo-do-Ikea-entra-no-neg-cio-dos-servi-os-dom-sticos-e.jpg","datePublished":"2020-11-20T05:58:13+00:00","dateModified":"2020-11-20T05:58:16+00:00","author":{"@id":"https:\/\/super-news.info\/pt\/#\/schema\/person\/2d4068cb2f39cd10008c2fce578a7356"},"breadcrumb":{"@id":"https:\/\/super-news.info\/pt\/grupo-do-ikea-entra-no-negocio-dos-servicos-domesticos-e-reparacoes-em-portugal-meios-publicidade\/#breadcrumb"},"inLanguage":"pt-PT","potentialAction":[{"@type":"ReadAction","target":["https:\/\/super-news.info\/pt\/grupo-do-ikea-entra-no-negocio-dos-servicos-domesticos-e-reparacoes-em-portugal-meios-publicidade\/"]}]},{"@type":"ImageObject","inLanguage":"pt-PT","@id":"https:\/\/super-news.info\/pt\/grupo-do-ikea-entra-no-negocio-dos-servicos-domesticos-e-reparacoes-em-portugal-meios-publicidade\/#primaryimage","url":"https:\/\/super-news.info\/pt\/wp-content\/uploads\/sites\/2\/2020\/11\/Grupo-do-Ikea-entra-no-neg-cio-dos-servi-os-dom-sticos-e.jpg","contentUrl":"https:\/\/super-news.info\/pt\/wp-content\/uploads\/sites\/2\/2020\/11\/Grupo-do-Ikea-entra-no-neg-cio-dos-servi-os-dom-sticos-e.jpg","width":1104,"height":736,"caption":"Grupo do Ikea entra no neg\u00f3cio dos servi\u00e7os dom\u00e9sticos e repara\u00e7\u00f5es em Portugal - Meios & Publicidade"},{"@type":"BreadcrumbList","@id":"https:\/\/super-news.info\/pt\/grupo-do-ikea-entra-no-negocio-dos-servicos-domesticos-e-reparacoes-em-portugal-meios-publicidade\/#breadcrumb","itemListElement":[{"@type":"ListItem","position":1,"name":"\u0413\u043b\u0430\u0432\u043d\u0430\u044f \u0441\u0442\u0440\u0430\u043d\u0438\u0446\u0430","item":"https:\/\/super-news.info\/pt\/"},{"@type":"ListItem","position":2,"name":"Grupo do Ikea entra no neg\u00f3cio dos servi\u00e7os dom\u00e9sticos e repara\u00e7\u00f5es em Portugal &#8211; Meios &#038; Publicidade"}]},{"@type":"WebSite","@id":"https:\/\/super-news.info\/pt\/#website","url":"https:\/\/super-news.info\/pt\/","name":"Super News","description":"Super News Portugal","potentialAction":[{"@type":"SearchAction","target":{"@type":"EntryPoint","urlTemplate":"https:\/\/super-news.info\/pt\/?s={search_term_string}"},"query-input":{"@type":"PropertyValueSpecification","valueRequired":true,"valueName":"search_term_string"}}],"inLanguage":"pt-PT"},{"@type":"Person","@id":"https:\/\/super-news.info\/pt\/#\/schema\/person\/2d4068cb2f39cd10008c2fce578a7356","name":"super-news","image":{"@type":"ImageObject","inLanguage":"pt-PT","@id":"https:\/\/secure.gravatar.com\/avatar\/64ebac40b93f26a154f8a9b5b6fdccfc46f442b26b3dd6756dbff3bf9dc76fd7?s=96&d=mm&r=g","url":"https:\/\/secure.gravatar.com\/avatar\/64ebac40b93f26a154f8a9b5b6fdccfc46f442b26b3dd6756dbff3bf9dc76fd7?s=96&d=mm&r=g","contentUrl":"https:\/\/secure.gravatar.com\/avatar\/64ebac40b93f26a154f8a9b5b6fdccfc46f442b26b3dd6756dbff3bf9dc76fd7?s=96&d=mm&r=g","caption":"super-news"},"url":"https:\/\/super-news.info\/pt\/author\/pt\/"}]}},"_links":{"self":[{"href":"https:\/\/super-news.info\/pt\/wp-json\/wp\/v2\/posts\/5282","targetHints":{"allow":["GET"]}}],"collection":[{"href":"https:\/\/super-news.info\/pt\/wp-json\/wp\/v2\/posts"}],"about":[{"href":"https:\/\/super-news.info\/pt\/wp-json\/wp\/v2\/types\/post"}],"author":[{"embeddable":true,"href":"https:\/\/super-news.info\/pt\/wp-json\/wp\/v2\/users\/2"}],"replies":[{"embeddable":true,"href":"https:\/\/super-news.info\/pt\/wp-json\/wp\/v2\/comments?post=5282"}],"version-history":[{"count":1,"href":"https:\/\/super-news.info\/pt\/wp-json\/wp\/v2\/posts\/5282\/revisions"}],"predecessor-version":[{"id":5284,"href":"https:\/\/super-news.info\/pt\/wp-json\/wp\/v2\/posts\/5282\/revisions\/5284"}],"wp:featuredmedia":[{"embeddable":true,"href":"https:\/\/super-news.info\/pt\/wp-json\/wp\/v2\/media\/5283"}],"wp:attachment":[{"href":"https:\/\/super-news.info\/pt\/wp-json\/wp\/v2\/media?parent=5282"}],"wp:term":[{"taxonomy":"category","embeddable":true,"href":"https:\/\/super-news.info\/pt\/wp-json\/wp\/v2\/categories?post=5282"},{"taxonomy":"post_tag","embeddable":true,"href":"https:\/\/super-news.info\/pt\/wp-json\/wp\/v2\/tags?post=5282"}],"curies":[{"name":"wp","href":"https:\/\/api.w.org\/{rel}","templated":true}]}}