{"id":526,"date":"2019-04-19T04:56:33","date_gmt":"2019-04-19T01:56:33","guid":{"rendered":"https:\/\/super-news.info\/pt\/a-globalizacao-da-economia-o-jornal-economico\/"},"modified":"2019-04-19T04:56:34","modified_gmt":"2019-04-19T01:56:34","slug":"a-globalizacao-da-economia-o-jornal-economico","status":"publish","type":"post","link":"https:\/\/super-news.info\/pt\/a-globalizacao-da-economia-o-jornal-economico\/","title":{"rendered":"A globaliza\u00e7\u00e3o da economia \u2013 O Jornal Econ\u00f3mico"},"content":{"rendered":"<p> [ad_1]<br \/>\n<\/p>\n<div>\n<p>Se perguntar a algu\u00e9m onde \u00e9 produzido um iPhone, talvez a maioria lhe responda que \u00e9 nos Estados Unidos da Am\u00e9rica. Ou na China. Contudo, se consultar a lista de fornecedores disponibilizada pela Apple, vai perceber que o processo produtivo envolve muito mais do que isso: Alemanha, \u00c1ustria, B\u00e9lgica, Brasil, Camboja, China, Coreia do Sul, Costa Rica, EUA, Filipinas, Fran\u00e7a, Holanda, \u00cdndia, Indon\u00e9sia, Irlanda, Israel, It\u00e1lia, Jap\u00e3o, Mal\u00e1sia, Malta, M\u00e9xico, Noruega, Reino Unido, Rep\u00fablica Checa, Singapura, Tail\u00e2ndia, Taiwan e Vietname.<\/p>\n<p>Impressionado? A isto chama-se globaliza\u00e7\u00e3o. E o crescente fen\u00f3meno de globaliza\u00e7\u00e3o tem, claramente, benef\u00edcios. Mas e quanto ao outro lado da moeda?<\/p>\n<p>Quando um pa\u00eds sofre um choque, este tende a propagar-se \u00e0s restantes economias, dependendo do seu peso relativo na economia mundial. Segundo o \u201cWorld Economic Outlook\u201d publicado em abril pelo FMI, a tend\u00eancia de desacelera\u00e7\u00e3o da economia mundial verificada em 2018 prolongar-se-\u00e1 em 2019, principalmente devido \u00e0 tens\u00e3o comercial entre os EUA e a China, \u00e0s tens\u00f5es macroecon\u00f3micas na Argentina e na Turquia, \u00e0s perturba\u00e7\u00f5es no setor autom\u00f3vel na Alemanha e \u00e0s pol\u00edticas de cr\u00e9dito mais r\u00edgidas na China. Em 2019, o crescimento econ\u00f3mico global dever\u00e1 abrandar para 3,3%.<\/p>\n<p>O \u201cGlobal Financial Stability Report\u201d do FMI, tamb\u00e9m publicado em abril, alerta para o aumento do pre\u00e7o das habita\u00e7\u00f5es tanto em economias desenvolvidas como em economias emergentes, o que reflete a maior sincroniza\u00e7\u00e3o dos pre\u00e7os da habita\u00e7\u00e3o, a qual pode indicar a presen\u00e7a de riscos sist\u00e9micos negativos para a atividade econ\u00f3mica global.<\/p>\n<p>Mais de dois ter\u00e7os das quase 50 crises banc\u00e1rias nas \u00faltimas d\u00e9cadas foram precedidas por uma expans\u00e3o e subsequente queda no pre\u00e7o das habita\u00e7\u00f5es: veja-se a crise financeira de 2007\/08. Embora com origem nos EUA, esta crise tornou-se global, afetando tamb\u00e9m Portugal, que sofreu uma grave recess\u00e3o econ\u00f3mica \u2013 mais um efeito da globaliza\u00e7\u00e3o.<\/p>\n<p>Adicionalmente, a globaliza\u00e7\u00e3o tem o seu papel na intensifica\u00e7\u00e3o das desigualdades. Os trabalhadores recebem sal\u00e1rios cada vez mais baixos e os propriet\u00e1rios dos meios de produ\u00e7\u00e3o ou acionistas recebem cada vez mais lucros. Isto porque a globaliza\u00e7\u00e3o est\u00e1 associada \u00e0 prolifera\u00e7\u00e3o das multinacionais, cujos trabalhadores tendem a aceitar piores condi\u00e7\u00f5es salariais com receio que as empresas se desloquem para locais onde os sal\u00e1rios sejam menores, perdendo assim os seus empregos.<\/p>\n<p>A subida do pre\u00e7o das casas tem o mesmo efeito. Quando as fam\u00edlias compram casa, recorrem sobretudo ao cr\u00e9dito, o que aumenta o seu endividamento. Com pre\u00e7os mais elevados, maior o endividamento. Por sua vez, quanto maior o endividamento, menor o poder de negocia\u00e7\u00e3o salarial das fam\u00edlias que, n\u00e3o querendo ser despedidas, se sujeitam a piores condi\u00e7\u00f5es salariais porque t\u00eam presta\u00e7\u00f5es a pagar ao banco.<\/p>\n<p>Os efeitos da globaliza\u00e7\u00e3o s\u00e3o muito vastos. Apesar de permitir o acesso a tecnologias mais avan\u00e7adas, torna as economias mais vulner\u00e1veis, potencia a desigualdade na distribui\u00e7\u00e3o dos rendimentos e chega inclusive a comprometer o ambiente.<\/p>\n<p>O que pesa mais na balan\u00e7a da globaliza\u00e7\u00e3o: os ganhos ou as perdas?<\/p>\n<\/div>\n<p><script>\/*<![CDATA[*\/function facebookInit(){var js=document.createElement('script');js.src='https:\/\/connect.facebook.net\/pt_PT\/sdk.js#xfbml=1&#038;version=v3.1&#038;appId=1708066812789184&#038;autoLogAppEvents=1';return document.body.appendChild(js);}\nwindow.onscroll=function(){var rect=document.getElementsByClassName('je-post-content')[0].getBoundingClientRect();if(rect.bottom<window.innerHeight){facebookInit();window.onscroll=null;}}\/*]]>*\/<\/script><br \/>\n<br \/>[ad_2]<br \/>\n<br \/><a href=\"https:\/\/jornaleconomico.sapo.pt\/noticias\/a-globalizacao-da-economia-435632\">Source link <\/a><\/p>\n","protected":false},"excerpt":{"rendered":"<p>[ad_1] Se perguntar a algu\u00e9m onde \u00e9 produzido um iPhone, talvez a maioria lhe responda que \u00e9 nos Estados Unidos da Am\u00e9rica. Ou na China. Contudo, se consultar a lista de fornecedores disponibilizada pela Apple, vai perceber que o processo produtivo envolve muito mais do que isso: Alemanha, \u00c1ustria, B\u00e9lgica, Brasil, Camboja, China, Coreia do [&hellip;]<\/p>\n","protected":false},"author":2,"featured_media":527,"comment_status":"open","ping_status":"open","sticky":false,"template":"","format":"standard","meta":{"footnotes":""},"categories":[1],"tags":[],"class_list":["post-526","post","type-post","status-publish","format-standard","has-post-thumbnail","hentry","category-noticias-financeiras"],"yoast_head":"<!-- This site is optimized with the Yoast SEO plugin v27.4 - https:\/\/yoast.com\/product\/yoast-seo-wordpress\/ -->\n<title>A globaliza\u00e7\u00e3o da economia \u2013 O Jornal Econ\u00f3mico - Super News<\/title>\n<meta name=\"robots\" content=\"index, follow, max-snippet:-1, max-image-preview:large, max-video-preview:-1\" \/>\n<link rel=\"canonical\" href=\"https:\/\/super-news.info\/pt\/a-globalizacao-da-economia-o-jornal-economico\/\" \/>\n<meta property=\"og:locale\" content=\"pt_PT\" \/>\n<meta property=\"og:type\" content=\"article\" \/>\n<meta property=\"og:title\" content=\"A globaliza\u00e7\u00e3o da economia \u2013 O Jornal Econ\u00f3mico - Super News\" \/>\n<meta property=\"og:description\" content=\"[ad_1] Se perguntar a algu\u00e9m onde \u00e9 produzido um iPhone, talvez a maioria lhe responda que \u00e9 nos Estados Unidos da Am\u00e9rica. Ou na China. Contudo, se consultar a lista de fornecedores disponibilizada pela Apple, vai perceber que o processo produtivo envolve muito mais do que isso: Alemanha, \u00c1ustria, B\u00e9lgica, Brasil, Camboja, China, Coreia do [&hellip;]\" \/>\n<meta property=\"og:url\" content=\"https:\/\/super-news.info\/pt\/a-globalizacao-da-economia-o-jornal-economico\/\" \/>\n<meta property=\"og:site_name\" content=\"Super News\" \/>\n<meta property=\"article:published_time\" content=\"2019-04-19T01:56:33+00:00\" \/>\n<meta property=\"article:modified_time\" content=\"2019-04-19T01:56:34+00:00\" \/>\n<meta property=\"og:image\" content=\"https:\/\/super-news.info\/pt\/wp-content\/uploads\/sites\/2\/2019\/04\/A-globaliza\u00e7\u00e3o-da-economia-\u2013-O-Jornal-Econ\u00f3mico.jpg\" \/>\n\t<meta property=\"og:image:width\" content=\"824\" \/>\n\t<meta property=\"og:image:height\" content=\"1420\" \/>\n\t<meta property=\"og:image:type\" content=\"image\/jpeg\" \/>\n<meta name=\"author\" content=\"super-news\" \/>\n<meta name=\"twitter:card\" content=\"summary_large_image\" \/>\n<meta name=\"twitter:label1\" content=\"Escrito por\" \/>\n\t<meta name=\"twitter:data1\" content=\"super-news\" \/>\n\t<meta name=\"twitter:label2\" content=\"Tempo estimado de leitura\" \/>\n\t<meta name=\"twitter:data2\" content=\"3 minutos\" \/>\n<script type=\"application\/ld+json\" class=\"yoast-schema-graph\">{\"@context\":\"https:\\\/\\\/schema.org\",\"@graph\":[{\"@type\":\"Article\",\"@id\":\"https:\\\/\\\/super-news.info\\\/pt\\\/a-globalizacao-da-economia-o-jornal-economico\\\/#article\",\"isPartOf\":{\"@id\":\"https:\\\/\\\/super-news.info\\\/pt\\\/a-globalizacao-da-economia-o-jornal-economico\\\/\"},\"author\":{\"name\":\"super-news\",\"@id\":\"https:\\\/\\\/super-news.info\\\/pt\\\/#\\\/schema\\\/person\\\/2d4068cb2f39cd10008c2fce578a7356\"},\"headline\":\"A globaliza\u00e7\u00e3o da economia \u2013 O Jornal Econ\u00f3mico\",\"datePublished\":\"2019-04-19T01:56:33+00:00\",\"dateModified\":\"2019-04-19T01:56:34+00:00\",\"mainEntityOfPage\":{\"@id\":\"https:\\\/\\\/super-news.info\\\/pt\\\/a-globalizacao-da-economia-o-jornal-economico\\\/\"},\"wordCount\":554,\"commentCount\":0,\"image\":{\"@id\":\"https:\\\/\\\/super-news.info\\\/pt\\\/a-globalizacao-da-economia-o-jornal-economico\\\/#primaryimage\"},\"thumbnailUrl\":\"https:\\\/\\\/super-news.info\\\/pt\\\/wp-content\\\/uploads\\\/sites\\\/2\\\/2019\\\/04\\\/A-globaliza\u00e7\u00e3o-da-economia-\u2013-O-Jornal-Econ\u00f3mico.jpg\",\"articleSection\":[\"NOT\u00cdCIAS FINANCEIRAS\"],\"inLanguage\":\"pt-PT\",\"potentialAction\":[{\"@type\":\"CommentAction\",\"name\":\"Comment\",\"target\":[\"https:\\\/\\\/super-news.info\\\/pt\\\/a-globalizacao-da-economia-o-jornal-economico\\\/#respond\"]}]},{\"@type\":\"WebPage\",\"@id\":\"https:\\\/\\\/super-news.info\\\/pt\\\/a-globalizacao-da-economia-o-jornal-economico\\\/\",\"url\":\"https:\\\/\\\/super-news.info\\\/pt\\\/a-globalizacao-da-economia-o-jornal-economico\\\/\",\"name\":\"A globaliza\u00e7\u00e3o da economia \u2013 O Jornal Econ\u00f3mico - Super News\",\"isPartOf\":{\"@id\":\"https:\\\/\\\/super-news.info\\\/pt\\\/#website\"},\"primaryImageOfPage\":{\"@id\":\"https:\\\/\\\/super-news.info\\\/pt\\\/a-globalizacao-da-economia-o-jornal-economico\\\/#primaryimage\"},\"image\":{\"@id\":\"https:\\\/\\\/super-news.info\\\/pt\\\/a-globalizacao-da-economia-o-jornal-economico\\\/#primaryimage\"},\"thumbnailUrl\":\"https:\\\/\\\/super-news.info\\\/pt\\\/wp-content\\\/uploads\\\/sites\\\/2\\\/2019\\\/04\\\/A-globaliza\u00e7\u00e3o-da-economia-\u2013-O-Jornal-Econ\u00f3mico.jpg\",\"datePublished\":\"2019-04-19T01:56:33+00:00\",\"dateModified\":\"2019-04-19T01:56:34+00:00\",\"author\":{\"@id\":\"https:\\\/\\\/super-news.info\\\/pt\\\/#\\\/schema\\\/person\\\/2d4068cb2f39cd10008c2fce578a7356\"},\"breadcrumb\":{\"@id\":\"https:\\\/\\\/super-news.info\\\/pt\\\/a-globalizacao-da-economia-o-jornal-economico\\\/#breadcrumb\"},\"inLanguage\":\"pt-PT\",\"potentialAction\":[{\"@type\":\"ReadAction\",\"target\":[\"https:\\\/\\\/super-news.info\\\/pt\\\/a-globalizacao-da-economia-o-jornal-economico\\\/\"]}]},{\"@type\":\"ImageObject\",\"inLanguage\":\"pt-PT\",\"@id\":\"https:\\\/\\\/super-news.info\\\/pt\\\/a-globalizacao-da-economia-o-jornal-economico\\\/#primaryimage\",\"url\":\"https:\\\/\\\/super-news.info\\\/pt\\\/wp-content\\\/uploads\\\/sites\\\/2\\\/2019\\\/04\\\/A-globaliza\u00e7\u00e3o-da-economia-\u2013-O-Jornal-Econ\u00f3mico.jpg\",\"contentUrl\":\"https:\\\/\\\/super-news.info\\\/pt\\\/wp-content\\\/uploads\\\/sites\\\/2\\\/2019\\\/04\\\/A-globaliza\u00e7\u00e3o-da-economia-\u2013-O-Jornal-Econ\u00f3mico.jpg\",\"width\":824,\"height\":1420,\"caption\":\"A globaliza\u00e7\u00e3o da economia \u2013 O Jornal Econ\u00f3mico\"},{\"@type\":\"BreadcrumbList\",\"@id\":\"https:\\\/\\\/super-news.info\\\/pt\\\/a-globalizacao-da-economia-o-jornal-economico\\\/#breadcrumb\",\"itemListElement\":[{\"@type\":\"ListItem\",\"position\":1,\"name\":\"\u0413\u043b\u0430\u0432\u043d\u0430\u044f \u0441\u0442\u0440\u0430\u043d\u0438\u0446\u0430\",\"item\":\"https:\\\/\\\/super-news.info\\\/pt\\\/\"},{\"@type\":\"ListItem\",\"position\":2,\"name\":\"A globaliza\u00e7\u00e3o da economia \u2013 O Jornal Econ\u00f3mico\"}]},{\"@type\":\"WebSite\",\"@id\":\"https:\\\/\\\/super-news.info\\\/pt\\\/#website\",\"url\":\"https:\\\/\\\/super-news.info\\\/pt\\\/\",\"name\":\"Super News\",\"description\":\"Super News Portugal\",\"potentialAction\":[{\"@type\":\"SearchAction\",\"target\":{\"@type\":\"EntryPoint\",\"urlTemplate\":\"https:\\\/\\\/super-news.info\\\/pt\\\/?s={search_term_string}\"},\"query-input\":{\"@type\":\"PropertyValueSpecification\",\"valueRequired\":true,\"valueName\":\"search_term_string\"}}],\"inLanguage\":\"pt-PT\"},{\"@type\":\"Person\",\"@id\":\"https:\\\/\\\/super-news.info\\\/pt\\\/#\\\/schema\\\/person\\\/2d4068cb2f39cd10008c2fce578a7356\",\"name\":\"super-news\",\"image\":{\"@type\":\"ImageObject\",\"inLanguage\":\"pt-PT\",\"@id\":\"https:\\\/\\\/secure.gravatar.com\\\/avatar\\\/64ebac40b93f26a154f8a9b5b6fdccfc46f442b26b3dd6756dbff3bf9dc76fd7?s=96&d=mm&r=g\",\"url\":\"https:\\\/\\\/secure.gravatar.com\\\/avatar\\\/64ebac40b93f26a154f8a9b5b6fdccfc46f442b26b3dd6756dbff3bf9dc76fd7?s=96&d=mm&r=g\",\"contentUrl\":\"https:\\\/\\\/secure.gravatar.com\\\/avatar\\\/64ebac40b93f26a154f8a9b5b6fdccfc46f442b26b3dd6756dbff3bf9dc76fd7?s=96&d=mm&r=g\",\"caption\":\"super-news\"},\"url\":\"https:\\\/\\\/super-news.info\\\/pt\\\/author\\\/pt\\\/\"}]}<\/script>\n<!-- \/ Yoast SEO plugin. -->","yoast_head_json":{"title":"A globaliza\u00e7\u00e3o da economia \u2013 O Jornal Econ\u00f3mico - Super News","robots":{"index":"index","follow":"follow","max-snippet":"max-snippet:-1","max-image-preview":"max-image-preview:large","max-video-preview":"max-video-preview:-1"},"canonical":"https:\/\/super-news.info\/pt\/a-globalizacao-da-economia-o-jornal-economico\/","og_locale":"pt_PT","og_type":"article","og_title":"A globaliza\u00e7\u00e3o da economia \u2013 O Jornal Econ\u00f3mico - Super News","og_description":"[ad_1] Se perguntar a algu\u00e9m onde \u00e9 produzido um iPhone, talvez a maioria lhe responda que \u00e9 nos Estados Unidos da Am\u00e9rica. Ou na China. Contudo, se consultar a lista de fornecedores disponibilizada pela Apple, vai perceber que o processo produtivo envolve muito mais do que isso: Alemanha, \u00c1ustria, B\u00e9lgica, Brasil, Camboja, China, Coreia do [&hellip;]","og_url":"https:\/\/super-news.info\/pt\/a-globalizacao-da-economia-o-jornal-economico\/","og_site_name":"Super News","article_published_time":"2019-04-19T01:56:33+00:00","article_modified_time":"2019-04-19T01:56:34+00:00","og_image":[{"width":824,"height":1420,"url":"https:\/\/super-news.info\/pt\/wp-content\/uploads\/sites\/2\/2019\/04\/A-globaliza\u00e7\u00e3o-da-economia-\u2013-O-Jornal-Econ\u00f3mico.jpg","type":"image\/jpeg"}],"author":"super-news","twitter_card":"summary_large_image","twitter_misc":{"Escrito por":"super-news","Tempo estimado de leitura":"3 minutos"},"schema":{"@context":"https:\/\/schema.org","@graph":[{"@type":"Article","@id":"https:\/\/super-news.info\/pt\/a-globalizacao-da-economia-o-jornal-economico\/#article","isPartOf":{"@id":"https:\/\/super-news.info\/pt\/a-globalizacao-da-economia-o-jornal-economico\/"},"author":{"name":"super-news","@id":"https:\/\/super-news.info\/pt\/#\/schema\/person\/2d4068cb2f39cd10008c2fce578a7356"},"headline":"A globaliza\u00e7\u00e3o da economia \u2013 O Jornal Econ\u00f3mico","datePublished":"2019-04-19T01:56:33+00:00","dateModified":"2019-04-19T01:56:34+00:00","mainEntityOfPage":{"@id":"https:\/\/super-news.info\/pt\/a-globalizacao-da-economia-o-jornal-economico\/"},"wordCount":554,"commentCount":0,"image":{"@id":"https:\/\/super-news.info\/pt\/a-globalizacao-da-economia-o-jornal-economico\/#primaryimage"},"thumbnailUrl":"https:\/\/super-news.info\/pt\/wp-content\/uploads\/sites\/2\/2019\/04\/A-globaliza\u00e7\u00e3o-da-economia-\u2013-O-Jornal-Econ\u00f3mico.jpg","articleSection":["NOT\u00cdCIAS FINANCEIRAS"],"inLanguage":"pt-PT","potentialAction":[{"@type":"CommentAction","name":"Comment","target":["https:\/\/super-news.info\/pt\/a-globalizacao-da-economia-o-jornal-economico\/#respond"]}]},{"@type":"WebPage","@id":"https:\/\/super-news.info\/pt\/a-globalizacao-da-economia-o-jornal-economico\/","url":"https:\/\/super-news.info\/pt\/a-globalizacao-da-economia-o-jornal-economico\/","name":"A globaliza\u00e7\u00e3o da economia \u2013 O Jornal Econ\u00f3mico - Super News","isPartOf":{"@id":"https:\/\/super-news.info\/pt\/#website"},"primaryImageOfPage":{"@id":"https:\/\/super-news.info\/pt\/a-globalizacao-da-economia-o-jornal-economico\/#primaryimage"},"image":{"@id":"https:\/\/super-news.info\/pt\/a-globalizacao-da-economia-o-jornal-economico\/#primaryimage"},"thumbnailUrl":"https:\/\/super-news.info\/pt\/wp-content\/uploads\/sites\/2\/2019\/04\/A-globaliza\u00e7\u00e3o-da-economia-\u2013-O-Jornal-Econ\u00f3mico.jpg","datePublished":"2019-04-19T01:56:33+00:00","dateModified":"2019-04-19T01:56:34+00:00","author":{"@id":"https:\/\/super-news.info\/pt\/#\/schema\/person\/2d4068cb2f39cd10008c2fce578a7356"},"breadcrumb":{"@id":"https:\/\/super-news.info\/pt\/a-globalizacao-da-economia-o-jornal-economico\/#breadcrumb"},"inLanguage":"pt-PT","potentialAction":[{"@type":"ReadAction","target":["https:\/\/super-news.info\/pt\/a-globalizacao-da-economia-o-jornal-economico\/"]}]},{"@type":"ImageObject","inLanguage":"pt-PT","@id":"https:\/\/super-news.info\/pt\/a-globalizacao-da-economia-o-jornal-economico\/#primaryimage","url":"https:\/\/super-news.info\/pt\/wp-content\/uploads\/sites\/2\/2019\/04\/A-globaliza\u00e7\u00e3o-da-economia-\u2013-O-Jornal-Econ\u00f3mico.jpg","contentUrl":"https:\/\/super-news.info\/pt\/wp-content\/uploads\/sites\/2\/2019\/04\/A-globaliza\u00e7\u00e3o-da-economia-\u2013-O-Jornal-Econ\u00f3mico.jpg","width":824,"height":1420,"caption":"A globaliza\u00e7\u00e3o da economia \u2013 O Jornal Econ\u00f3mico"},{"@type":"BreadcrumbList","@id":"https:\/\/super-news.info\/pt\/a-globalizacao-da-economia-o-jornal-economico\/#breadcrumb","itemListElement":[{"@type":"ListItem","position":1,"name":"\u0413\u043b\u0430\u0432\u043d\u0430\u044f \u0441\u0442\u0440\u0430\u043d\u0438\u0446\u0430","item":"https:\/\/super-news.info\/pt\/"},{"@type":"ListItem","position":2,"name":"A globaliza\u00e7\u00e3o da economia \u2013 O Jornal Econ\u00f3mico"}]},{"@type":"WebSite","@id":"https:\/\/super-news.info\/pt\/#website","url":"https:\/\/super-news.info\/pt\/","name":"Super News","description":"Super News Portugal","potentialAction":[{"@type":"SearchAction","target":{"@type":"EntryPoint","urlTemplate":"https:\/\/super-news.info\/pt\/?s={search_term_string}"},"query-input":{"@type":"PropertyValueSpecification","valueRequired":true,"valueName":"search_term_string"}}],"inLanguage":"pt-PT"},{"@type":"Person","@id":"https:\/\/super-news.info\/pt\/#\/schema\/person\/2d4068cb2f39cd10008c2fce578a7356","name":"super-news","image":{"@type":"ImageObject","inLanguage":"pt-PT","@id":"https:\/\/secure.gravatar.com\/avatar\/64ebac40b93f26a154f8a9b5b6fdccfc46f442b26b3dd6756dbff3bf9dc76fd7?s=96&d=mm&r=g","url":"https:\/\/secure.gravatar.com\/avatar\/64ebac40b93f26a154f8a9b5b6fdccfc46f442b26b3dd6756dbff3bf9dc76fd7?s=96&d=mm&r=g","contentUrl":"https:\/\/secure.gravatar.com\/avatar\/64ebac40b93f26a154f8a9b5b6fdccfc46f442b26b3dd6756dbff3bf9dc76fd7?s=96&d=mm&r=g","caption":"super-news"},"url":"https:\/\/super-news.info\/pt\/author\/pt\/"}]}},"_links":{"self":[{"href":"https:\/\/super-news.info\/pt\/wp-json\/wp\/v2\/posts\/526","targetHints":{"allow":["GET"]}}],"collection":[{"href":"https:\/\/super-news.info\/pt\/wp-json\/wp\/v2\/posts"}],"about":[{"href":"https:\/\/super-news.info\/pt\/wp-json\/wp\/v2\/types\/post"}],"author":[{"embeddable":true,"href":"https:\/\/super-news.info\/pt\/wp-json\/wp\/v2\/users\/2"}],"replies":[{"embeddable":true,"href":"https:\/\/super-news.info\/pt\/wp-json\/wp\/v2\/comments?post=526"}],"version-history":[{"count":1,"href":"https:\/\/super-news.info\/pt\/wp-json\/wp\/v2\/posts\/526\/revisions"}],"predecessor-version":[{"id":528,"href":"https:\/\/super-news.info\/pt\/wp-json\/wp\/v2\/posts\/526\/revisions\/528"}],"wp:featuredmedia":[{"embeddable":true,"href":"https:\/\/super-news.info\/pt\/wp-json\/wp\/v2\/media\/527"}],"wp:attachment":[{"href":"https:\/\/super-news.info\/pt\/wp-json\/wp\/v2\/media?parent=526"}],"wp:term":[{"taxonomy":"category","embeddable":true,"href":"https:\/\/super-news.info\/pt\/wp-json\/wp\/v2\/categories?post=526"},{"taxonomy":"post_tag","embeddable":true,"href":"https:\/\/super-news.info\/pt\/wp-json\/wp\/v2\/tags?post=526"}],"curies":[{"name":"wp","href":"https:\/\/api.w.org\/{rel}","templated":true}]}}