{"id":5258,"date":"2020-11-19T08:54:16","date_gmt":"2020-11-19T05:54:16","guid":{"rendered":"https:\/\/super-news.info\/pt\/vendas-dos-centros-comerciais-cairam-20-9-por-cento-em-outubro-meios-publicidade\/"},"modified":"2020-11-19T08:54:17","modified_gmt":"2020-11-19T05:54:17","slug":"vendas-dos-centros-comerciais-cairam-20-9-por-cento-em-outubro-meios-publicidade","status":"publish","type":"post","link":"https:\/\/super-news.info\/pt\/vendas-dos-centros-comerciais-cairam-20-9-por-cento-em-outubro-meios-publicidade\/","title":{"rendered":"Vendas dos centros comerciais ca\u00edram 20,9 por cento em Outubro &#8211; Meios &#038; Publicidade"},"content":{"rendered":"<p>Os 93 conjuntos comerciais representados pela Associa\u00e7\u00e3o Portuguesa de Centros Comerciais (APCC) registaram quebras de 20,9 por cento nas vendas em Outubro, divulgou a associa\u00e7\u00e3o.<br \/>\n\u201cAp\u00f3s os meses de agosto e setembro onde assistimos a uma recupera\u00e7\u00e3o das vendas nos centros comerciais, no m\u00eas de outubro as quebras de vendas voltaram a aumentar, embora ligeiramente\u201d, explica a APCC, em comunicado citado pela Lusa.<br \/>\nA diminui\u00e7\u00e3o de 20,9 por cento das vendas em outubro segue-se a uma descida de 19,7 por cento registada em Setembro.<br \/>\nPara o presidente da associa\u00e7\u00e3o, Ant\u00f3nio Mattos, \u201cestes dados v\u00eam confirmar que restri\u00e7\u00f5es em excesso, que n\u00e3o se justificam, dado os elevados padr\u00f5es de seguran\u00e7a demonstrados por esta ind\u00fastria, t\u00eam efeitos graves no sector\u201d.<\/p>\n<p>\n<!--noindex--><br \/>\n<a href=\"https:\/\/www.meiosepublicidade.pt\/2020\/11\/vendas-dos-centros-comerciais-cairam-209-cento-outubro\/\" rel=\"nofollow\">Source link <\/a><br \/>\n<!--\/noindex--><\/p>\n","protected":false},"excerpt":{"rendered":"<p>Os 93 conjuntos comerciais representados pela Associa\u00e7\u00e3o Portuguesa de Centros Comerciais (APCC) registaram quebras de 20,9 por cento nas vendas em Outubro, divulgou a associa\u00e7\u00e3o. \u201cAp\u00f3s os meses de agosto e setembro onde assistimos a uma recupera\u00e7\u00e3o das vendas nos centros comerciais, no m\u00eas de outubro as quebras de vendas voltaram a aumentar, embora ligeiramente\u201d, [&hellip;]<\/p>\n","protected":false},"author":2,"featured_media":5259,"comment_status":"open","ping_status":"open","sticky":false,"template":"","format":"standard","meta":{"footnotes":""},"categories":[2],"tags":[],"class_list":["post-5258","post","type-post","status-publish","format-standard","has-post-thumbnail","hentry","category-noticias-de-marketing-digital"],"yoast_head":"<!-- This site is optimized with the Yoast SEO plugin v27.4 - https:\/\/yoast.com\/product\/yoast-seo-wordpress\/ -->\n<title>Vendas dos centros comerciais ca\u00edram 20,9 por cento em Outubro - Meios &amp; Publicidade - Super News<\/title>\n<meta name=\"robots\" content=\"index, follow, max-snippet:-1, max-image-preview:large, max-video-preview:-1\" \/>\n<link rel=\"canonical\" href=\"https:\/\/super-news.info\/pt\/vendas-dos-centros-comerciais-cairam-20-9-por-cento-em-outubro-meios-publicidade\/\" \/>\n<meta property=\"og:locale\" content=\"pt_PT\" \/>\n<meta property=\"og:type\" content=\"article\" \/>\n<meta property=\"og:title\" content=\"Vendas dos centros comerciais ca\u00edram 20,9 por cento em Outubro - Meios &amp; Publicidade - Super News\" \/>\n<meta property=\"og:description\" content=\"Os 93 conjuntos comerciais representados pela Associa\u00e7\u00e3o Portuguesa de Centros Comerciais (APCC) registaram quebras de 20,9 por cento nas vendas em Outubro, divulgou a associa\u00e7\u00e3o. \u201cAp\u00f3s os meses de agosto e setembro onde assistimos a uma recupera\u00e7\u00e3o das vendas nos centros comerciais, no m\u00eas de outubro as quebras de vendas voltaram a aumentar, embora ligeiramente\u201d, [&hellip;]\" \/>\n<meta property=\"og:url\" content=\"https:\/\/super-news.info\/pt\/vendas-dos-centros-comerciais-cairam-20-9-por-cento-em-outubro-meios-publicidade\/\" \/>\n<meta property=\"og:site_name\" content=\"Super News\" \/>\n<meta property=\"article:published_time\" content=\"2020-11-19T05:54:16+00:00\" \/>\n<meta property=\"article:modified_time\" content=\"2020-11-19T05:54:17+00:00\" \/>\n<meta property=\"og:image\" content=\"https:\/\/super-news.info\/pt\/wp-content\/uploads\/sites\/2\/2020\/11\/Vendas-dos-centros-comerciais-ca-ram-209-por-cento-em-Outubro.jpg\" \/>\n\t<meta property=\"og:image:width\" content=\"735\" \/>\n\t<meta property=\"og:image:height\" content=\"437\" \/>\n\t<meta property=\"og:image:type\" content=\"image\/jpeg\" \/>\n<meta name=\"author\" content=\"super-news\" \/>\n<meta name=\"twitter:card\" content=\"summary_large_image\" \/>\n<meta name=\"twitter:label1\" content=\"Escrito por\" \/>\n\t<meta name=\"twitter:data1\" content=\"super-news\" \/>\n\t<meta name=\"twitter:label2\" content=\"Tempo estimado de leitura\" \/>\n\t<meta name=\"twitter:data2\" content=\"1 minuto\" \/>\n<script type=\"application\/ld+json\" class=\"yoast-schema-graph\">{\"@context\":\"https:\\\/\\\/schema.org\",\"@graph\":[{\"@type\":\"Article\",\"@id\":\"https:\\\/\\\/super-news.info\\\/pt\\\/vendas-dos-centros-comerciais-cairam-20-9-por-cento-em-outubro-meios-publicidade\\\/#article\",\"isPartOf\":{\"@id\":\"https:\\\/\\\/super-news.info\\\/pt\\\/vendas-dos-centros-comerciais-cairam-20-9-por-cento-em-outubro-meios-publicidade\\\/\"},\"author\":{\"name\":\"super-news\",\"@id\":\"https:\\\/\\\/super-news.info\\\/pt\\\/#\\\/schema\\\/person\\\/2d4068cb2f39cd10008c2fce578a7356\"},\"headline\":\"Vendas dos centros comerciais ca\u00edram 20,9 por cento em Outubro &#8211; Meios &#038; Publicidade\",\"datePublished\":\"2020-11-19T05:54:16+00:00\",\"dateModified\":\"2020-11-19T05:54:17+00:00\",\"mainEntityOfPage\":{\"@id\":\"https:\\\/\\\/super-news.info\\\/pt\\\/vendas-dos-centros-comerciais-cairam-20-9-por-cento-em-outubro-meios-publicidade\\\/\"},\"wordCount\":144,\"commentCount\":0,\"image\":{\"@id\":\"https:\\\/\\\/super-news.info\\\/pt\\\/vendas-dos-centros-comerciais-cairam-20-9-por-cento-em-outubro-meios-publicidade\\\/#primaryimage\"},\"thumbnailUrl\":\"https:\\\/\\\/super-news.info\\\/pt\\\/wp-content\\\/uploads\\\/sites\\\/2\\\/2020\\\/11\\\/Vendas-dos-centros-comerciais-ca-ram-209-por-cento-em-Outubro.jpg\",\"articleSection\":[\"NOT\u00cdCIAS DE MARKETING DIGITAL\"],\"inLanguage\":\"pt-PT\",\"potentialAction\":[{\"@type\":\"CommentAction\",\"name\":\"Comment\",\"target\":[\"https:\\\/\\\/super-news.info\\\/pt\\\/vendas-dos-centros-comerciais-cairam-20-9-por-cento-em-outubro-meios-publicidade\\\/#respond\"]}]},{\"@type\":\"WebPage\",\"@id\":\"https:\\\/\\\/super-news.info\\\/pt\\\/vendas-dos-centros-comerciais-cairam-20-9-por-cento-em-outubro-meios-publicidade\\\/\",\"url\":\"https:\\\/\\\/super-news.info\\\/pt\\\/vendas-dos-centros-comerciais-cairam-20-9-por-cento-em-outubro-meios-publicidade\\\/\",\"name\":\"Vendas dos centros comerciais ca\u00edram 20,9 por cento em Outubro - Meios & Publicidade - Super News\",\"isPartOf\":{\"@id\":\"https:\\\/\\\/super-news.info\\\/pt\\\/#website\"},\"primaryImageOfPage\":{\"@id\":\"https:\\\/\\\/super-news.info\\\/pt\\\/vendas-dos-centros-comerciais-cairam-20-9-por-cento-em-outubro-meios-publicidade\\\/#primaryimage\"},\"image\":{\"@id\":\"https:\\\/\\\/super-news.info\\\/pt\\\/vendas-dos-centros-comerciais-cairam-20-9-por-cento-em-outubro-meios-publicidade\\\/#primaryimage\"},\"thumbnailUrl\":\"https:\\\/\\\/super-news.info\\\/pt\\\/wp-content\\\/uploads\\\/sites\\\/2\\\/2020\\\/11\\\/Vendas-dos-centros-comerciais-ca-ram-209-por-cento-em-Outubro.jpg\",\"datePublished\":\"2020-11-19T05:54:16+00:00\",\"dateModified\":\"2020-11-19T05:54:17+00:00\",\"author\":{\"@id\":\"https:\\\/\\\/super-news.info\\\/pt\\\/#\\\/schema\\\/person\\\/2d4068cb2f39cd10008c2fce578a7356\"},\"breadcrumb\":{\"@id\":\"https:\\\/\\\/super-news.info\\\/pt\\\/vendas-dos-centros-comerciais-cairam-20-9-por-cento-em-outubro-meios-publicidade\\\/#breadcrumb\"},\"inLanguage\":\"pt-PT\",\"potentialAction\":[{\"@type\":\"ReadAction\",\"target\":[\"https:\\\/\\\/super-news.info\\\/pt\\\/vendas-dos-centros-comerciais-cairam-20-9-por-cento-em-outubro-meios-publicidade\\\/\"]}]},{\"@type\":\"ImageObject\",\"inLanguage\":\"pt-PT\",\"@id\":\"https:\\\/\\\/super-news.info\\\/pt\\\/vendas-dos-centros-comerciais-cairam-20-9-por-cento-em-outubro-meios-publicidade\\\/#primaryimage\",\"url\":\"https:\\\/\\\/super-news.info\\\/pt\\\/wp-content\\\/uploads\\\/sites\\\/2\\\/2020\\\/11\\\/Vendas-dos-centros-comerciais-ca-ram-209-por-cento-em-Outubro.jpg\",\"contentUrl\":\"https:\\\/\\\/super-news.info\\\/pt\\\/wp-content\\\/uploads\\\/sites\\\/2\\\/2020\\\/11\\\/Vendas-dos-centros-comerciais-ca-ram-209-por-cento-em-Outubro.jpg\",\"width\":735,\"height\":437,\"caption\":\"Vendas dos centros comerciais ca\u00edram 20,9 por cento em Outubro - Meios & Publicidade\"},{\"@type\":\"BreadcrumbList\",\"@id\":\"https:\\\/\\\/super-news.info\\\/pt\\\/vendas-dos-centros-comerciais-cairam-20-9-por-cento-em-outubro-meios-publicidade\\\/#breadcrumb\",\"itemListElement\":[{\"@type\":\"ListItem\",\"position\":1,\"name\":\"\u0413\u043b\u0430\u0432\u043d\u0430\u044f \u0441\u0442\u0440\u0430\u043d\u0438\u0446\u0430\",\"item\":\"https:\\\/\\\/super-news.info\\\/pt\\\/\"},{\"@type\":\"ListItem\",\"position\":2,\"name\":\"Vendas dos centros comerciais ca\u00edram 20,9 por cento em Outubro &#8211; Meios &#038; Publicidade\"}]},{\"@type\":\"WebSite\",\"@id\":\"https:\\\/\\\/super-news.info\\\/pt\\\/#website\",\"url\":\"https:\\\/\\\/super-news.info\\\/pt\\\/\",\"name\":\"Super News\",\"description\":\"Super News Portugal\",\"potentialAction\":[{\"@type\":\"SearchAction\",\"target\":{\"@type\":\"EntryPoint\",\"urlTemplate\":\"https:\\\/\\\/super-news.info\\\/pt\\\/?s={search_term_string}\"},\"query-input\":{\"@type\":\"PropertyValueSpecification\",\"valueRequired\":true,\"valueName\":\"search_term_string\"}}],\"inLanguage\":\"pt-PT\"},{\"@type\":\"Person\",\"@id\":\"https:\\\/\\\/super-news.info\\\/pt\\\/#\\\/schema\\\/person\\\/2d4068cb2f39cd10008c2fce578a7356\",\"name\":\"super-news\",\"image\":{\"@type\":\"ImageObject\",\"inLanguage\":\"pt-PT\",\"@id\":\"https:\\\/\\\/secure.gravatar.com\\\/avatar\\\/64ebac40b93f26a154f8a9b5b6fdccfc46f442b26b3dd6756dbff3bf9dc76fd7?s=96&d=mm&r=g\",\"url\":\"https:\\\/\\\/secure.gravatar.com\\\/avatar\\\/64ebac40b93f26a154f8a9b5b6fdccfc46f442b26b3dd6756dbff3bf9dc76fd7?s=96&d=mm&r=g\",\"contentUrl\":\"https:\\\/\\\/secure.gravatar.com\\\/avatar\\\/64ebac40b93f26a154f8a9b5b6fdccfc46f442b26b3dd6756dbff3bf9dc76fd7?s=96&d=mm&r=g\",\"caption\":\"super-news\"},\"url\":\"https:\\\/\\\/super-news.info\\\/pt\\\/author\\\/pt\\\/\"}]}<\/script>\n<!-- \/ Yoast SEO plugin. -->","yoast_head_json":{"title":"Vendas dos centros comerciais ca\u00edram 20,9 por cento em Outubro - Meios & Publicidade - Super News","robots":{"index":"index","follow":"follow","max-snippet":"max-snippet:-1","max-image-preview":"max-image-preview:large","max-video-preview":"max-video-preview:-1"},"canonical":"https:\/\/super-news.info\/pt\/vendas-dos-centros-comerciais-cairam-20-9-por-cento-em-outubro-meios-publicidade\/","og_locale":"pt_PT","og_type":"article","og_title":"Vendas dos centros comerciais ca\u00edram 20,9 por cento em Outubro - Meios & Publicidade - Super News","og_description":"Os 93 conjuntos comerciais representados pela Associa\u00e7\u00e3o Portuguesa de Centros Comerciais (APCC) registaram quebras de 20,9 por cento nas vendas em Outubro, divulgou a associa\u00e7\u00e3o. \u201cAp\u00f3s os meses de agosto e setembro onde assistimos a uma recupera\u00e7\u00e3o das vendas nos centros comerciais, no m\u00eas de outubro as quebras de vendas voltaram a aumentar, embora ligeiramente\u201d, [&hellip;]","og_url":"https:\/\/super-news.info\/pt\/vendas-dos-centros-comerciais-cairam-20-9-por-cento-em-outubro-meios-publicidade\/","og_site_name":"Super News","article_published_time":"2020-11-19T05:54:16+00:00","article_modified_time":"2020-11-19T05:54:17+00:00","og_image":[{"width":735,"height":437,"url":"https:\/\/super-news.info\/pt\/wp-content\/uploads\/sites\/2\/2020\/11\/Vendas-dos-centros-comerciais-ca-ram-209-por-cento-em-Outubro.jpg","type":"image\/jpeg"}],"author":"super-news","twitter_card":"summary_large_image","twitter_misc":{"Escrito por":"super-news","Tempo estimado de leitura":"1 minuto"},"schema":{"@context":"https:\/\/schema.org","@graph":[{"@type":"Article","@id":"https:\/\/super-news.info\/pt\/vendas-dos-centros-comerciais-cairam-20-9-por-cento-em-outubro-meios-publicidade\/#article","isPartOf":{"@id":"https:\/\/super-news.info\/pt\/vendas-dos-centros-comerciais-cairam-20-9-por-cento-em-outubro-meios-publicidade\/"},"author":{"name":"super-news","@id":"https:\/\/super-news.info\/pt\/#\/schema\/person\/2d4068cb2f39cd10008c2fce578a7356"},"headline":"Vendas dos centros comerciais ca\u00edram 20,9 por cento em Outubro &#8211; Meios &#038; Publicidade","datePublished":"2020-11-19T05:54:16+00:00","dateModified":"2020-11-19T05:54:17+00:00","mainEntityOfPage":{"@id":"https:\/\/super-news.info\/pt\/vendas-dos-centros-comerciais-cairam-20-9-por-cento-em-outubro-meios-publicidade\/"},"wordCount":144,"commentCount":0,"image":{"@id":"https:\/\/super-news.info\/pt\/vendas-dos-centros-comerciais-cairam-20-9-por-cento-em-outubro-meios-publicidade\/#primaryimage"},"thumbnailUrl":"https:\/\/super-news.info\/pt\/wp-content\/uploads\/sites\/2\/2020\/11\/Vendas-dos-centros-comerciais-ca-ram-209-por-cento-em-Outubro.jpg","articleSection":["NOT\u00cdCIAS DE MARKETING DIGITAL"],"inLanguage":"pt-PT","potentialAction":[{"@type":"CommentAction","name":"Comment","target":["https:\/\/super-news.info\/pt\/vendas-dos-centros-comerciais-cairam-20-9-por-cento-em-outubro-meios-publicidade\/#respond"]}]},{"@type":"WebPage","@id":"https:\/\/super-news.info\/pt\/vendas-dos-centros-comerciais-cairam-20-9-por-cento-em-outubro-meios-publicidade\/","url":"https:\/\/super-news.info\/pt\/vendas-dos-centros-comerciais-cairam-20-9-por-cento-em-outubro-meios-publicidade\/","name":"Vendas dos centros comerciais ca\u00edram 20,9 por cento em Outubro - Meios & Publicidade - Super News","isPartOf":{"@id":"https:\/\/super-news.info\/pt\/#website"},"primaryImageOfPage":{"@id":"https:\/\/super-news.info\/pt\/vendas-dos-centros-comerciais-cairam-20-9-por-cento-em-outubro-meios-publicidade\/#primaryimage"},"image":{"@id":"https:\/\/super-news.info\/pt\/vendas-dos-centros-comerciais-cairam-20-9-por-cento-em-outubro-meios-publicidade\/#primaryimage"},"thumbnailUrl":"https:\/\/super-news.info\/pt\/wp-content\/uploads\/sites\/2\/2020\/11\/Vendas-dos-centros-comerciais-ca-ram-209-por-cento-em-Outubro.jpg","datePublished":"2020-11-19T05:54:16+00:00","dateModified":"2020-11-19T05:54:17+00:00","author":{"@id":"https:\/\/super-news.info\/pt\/#\/schema\/person\/2d4068cb2f39cd10008c2fce578a7356"},"breadcrumb":{"@id":"https:\/\/super-news.info\/pt\/vendas-dos-centros-comerciais-cairam-20-9-por-cento-em-outubro-meios-publicidade\/#breadcrumb"},"inLanguage":"pt-PT","potentialAction":[{"@type":"ReadAction","target":["https:\/\/super-news.info\/pt\/vendas-dos-centros-comerciais-cairam-20-9-por-cento-em-outubro-meios-publicidade\/"]}]},{"@type":"ImageObject","inLanguage":"pt-PT","@id":"https:\/\/super-news.info\/pt\/vendas-dos-centros-comerciais-cairam-20-9-por-cento-em-outubro-meios-publicidade\/#primaryimage","url":"https:\/\/super-news.info\/pt\/wp-content\/uploads\/sites\/2\/2020\/11\/Vendas-dos-centros-comerciais-ca-ram-209-por-cento-em-Outubro.jpg","contentUrl":"https:\/\/super-news.info\/pt\/wp-content\/uploads\/sites\/2\/2020\/11\/Vendas-dos-centros-comerciais-ca-ram-209-por-cento-em-Outubro.jpg","width":735,"height":437,"caption":"Vendas dos centros comerciais ca\u00edram 20,9 por cento em Outubro - Meios & Publicidade"},{"@type":"BreadcrumbList","@id":"https:\/\/super-news.info\/pt\/vendas-dos-centros-comerciais-cairam-20-9-por-cento-em-outubro-meios-publicidade\/#breadcrumb","itemListElement":[{"@type":"ListItem","position":1,"name":"\u0413\u043b\u0430\u0432\u043d\u0430\u044f \u0441\u0442\u0440\u0430\u043d\u0438\u0446\u0430","item":"https:\/\/super-news.info\/pt\/"},{"@type":"ListItem","position":2,"name":"Vendas dos centros comerciais ca\u00edram 20,9 por cento em Outubro &#8211; Meios &#038; Publicidade"}]},{"@type":"WebSite","@id":"https:\/\/super-news.info\/pt\/#website","url":"https:\/\/super-news.info\/pt\/","name":"Super News","description":"Super News Portugal","potentialAction":[{"@type":"SearchAction","target":{"@type":"EntryPoint","urlTemplate":"https:\/\/super-news.info\/pt\/?s={search_term_string}"},"query-input":{"@type":"PropertyValueSpecification","valueRequired":true,"valueName":"search_term_string"}}],"inLanguage":"pt-PT"},{"@type":"Person","@id":"https:\/\/super-news.info\/pt\/#\/schema\/person\/2d4068cb2f39cd10008c2fce578a7356","name":"super-news","image":{"@type":"ImageObject","inLanguage":"pt-PT","@id":"https:\/\/secure.gravatar.com\/avatar\/64ebac40b93f26a154f8a9b5b6fdccfc46f442b26b3dd6756dbff3bf9dc76fd7?s=96&d=mm&r=g","url":"https:\/\/secure.gravatar.com\/avatar\/64ebac40b93f26a154f8a9b5b6fdccfc46f442b26b3dd6756dbff3bf9dc76fd7?s=96&d=mm&r=g","contentUrl":"https:\/\/secure.gravatar.com\/avatar\/64ebac40b93f26a154f8a9b5b6fdccfc46f442b26b3dd6756dbff3bf9dc76fd7?s=96&d=mm&r=g","caption":"super-news"},"url":"https:\/\/super-news.info\/pt\/author\/pt\/"}]}},"_links":{"self":[{"href":"https:\/\/super-news.info\/pt\/wp-json\/wp\/v2\/posts\/5258","targetHints":{"allow":["GET"]}}],"collection":[{"href":"https:\/\/super-news.info\/pt\/wp-json\/wp\/v2\/posts"}],"about":[{"href":"https:\/\/super-news.info\/pt\/wp-json\/wp\/v2\/types\/post"}],"author":[{"embeddable":true,"href":"https:\/\/super-news.info\/pt\/wp-json\/wp\/v2\/users\/2"}],"replies":[{"embeddable":true,"href":"https:\/\/super-news.info\/pt\/wp-json\/wp\/v2\/comments?post=5258"}],"version-history":[{"count":1,"href":"https:\/\/super-news.info\/pt\/wp-json\/wp\/v2\/posts\/5258\/revisions"}],"predecessor-version":[{"id":5260,"href":"https:\/\/super-news.info\/pt\/wp-json\/wp\/v2\/posts\/5258\/revisions\/5260"}],"wp:featuredmedia":[{"embeddable":true,"href":"https:\/\/super-news.info\/pt\/wp-json\/wp\/v2\/media\/5259"}],"wp:attachment":[{"href":"https:\/\/super-news.info\/pt\/wp-json\/wp\/v2\/media?parent=5258"}],"wp:term":[{"taxonomy":"category","embeddable":true,"href":"https:\/\/super-news.info\/pt\/wp-json\/wp\/v2\/categories?post=5258"},{"taxonomy":"post_tag","embeddable":true,"href":"https:\/\/super-news.info\/pt\/wp-json\/wp\/v2\/tags?post=5258"}],"curies":[{"name":"wp","href":"https:\/\/api.w.org\/{rel}","templated":true}]}}