{"id":523,"date":"2019-04-19T03:44:36","date_gmt":"2019-04-19T00:44:36","guid":{"rendered":"https:\/\/super-news.info\/pt\/o-caos-na-libia-um-agradecimento-a-franca-e-a-inglaterra-o-jornal-economico\/"},"modified":"2019-04-19T03:44:37","modified_gmt":"2019-04-19T00:44:37","slug":"o-caos-na-libia-um-agradecimento-a-franca-e-a-inglaterra-o-jornal-economico","status":"publish","type":"post","link":"https:\/\/super-news.info\/pt\/o-caos-na-libia-um-agradecimento-a-franca-e-a-inglaterra-o-jornal-economico\/","title":{"rendered":"O caos na L\u00edbia, um agradecimento \u00e0 Fran\u00e7a e \u00e0 Inglaterra \u2013 O Jornal Econ\u00f3mico"},"content":{"rendered":"<p> [ad_1]<br \/>\n<\/p>\n<div>\n<p>V\u00e3o longe os tempos em que as opera\u00e7\u00f5es de mudan\u00e7a de regime eram feitas de um modo competente. Recordamos os derrubes do primeiro-ministro iraniano Mohammad Mosaddegh, em 1953, e do presidente chileno Salvador Allende, em 1973, ambos eleitos democraticamente pelo voto popular. A nova ordem n\u00e3o era bem aquilo que os liberais defendiam, mas os seus promotores eram, pelo menos, capazes de instaurar um poder do seu agrado.<\/p>\n<p>Com o ficheiro das li\u00e7\u00f5es aprendidas esquecido nalguma diretoria inacess\u00edvel, tornou-se moda fazer opera\u00e7\u00f5es de mudan\u00e7a de regime sem alternativas pol\u00edticas para o p\u00f3s golpe de Estado, fosse ele feito atrav\u00e9s do recurso \u00e0 for\u00e7a ou n\u00e3o. O derrube de Kadhafi \u00e9 um entre v\u00e1rios destes casos. O golpe de Estado que o derrubou, consumado militarmente em 2011, foi gizado pela Fran\u00e7a e Inglaterra. Sem o apoio de <em>intelligence<\/em> e de reabastecimento a\u00e9reo proporcionado pelos EUA, a opera\u00e7\u00e3o n\u00e3o teria sido vi\u00e1vel.<\/p>\n<p>Esse \u201clapso\u201d foi fatal. Os anos que se seguiram caracterizaram-se por constantes lutas fratricidas entre senhores da guerra. Regressou-se ao tribalismo. Kadhafi era \u00fatil para a Europa por combater o radicalismo isl\u00e2mico e impedir a imigra\u00e7\u00e3o ilegal. Ningu\u00e9m o substituiu nessas fun\u00e7\u00f5es. O v\u00e1cuo de poder resultante tornou os 1.770 km da costa l\u00edbia com o Mediterr\u00e2neo uma porta aberta para os traficantes de seres humanos. Para al\u00e9m do imenso sofrimento que o fen\u00f3meno migrat\u00f3rio descontrolado causa, a imigra\u00e7\u00e3o ilegal tornou-se terreno f\u00e9rtil para a verborreia populista anti Europa.<\/p>\n<p>Sem um poder forte, v\u00e1rios grupos islamistas fizeram da L\u00edbia um santu\u00e1rio. Uma das v\u00edtimas da sua presen\u00e7a foram os cemit\u00e9rios da \u201cCommonwealth\u201d, preservados durante o regime de Kadhafi, agora sistematicamente dessecrados e destru\u00eddos. Correspons\u00e1vel pelo caos criado, a Fran\u00e7a, que todos os meses anuncia uma medida nova para aprofundar a coopera\u00e7\u00e3o europeia, fecha agora os seus portos \u00e0 imigra\u00e7\u00e3o.<\/p>\n<p>Ap\u00f3s a vit\u00f3ria militar, a Fran\u00e7a e a Inglaterra desinteressaram-se da reconstru\u00e7\u00e3o e da reforma das institui\u00e7\u00f5es do pa\u00eds, deixando essa tarefa herc\u00falea e dif\u00edcil, evidente no \u201cprogresso\u201d registado, \u00e0 responsabilidade das organiza\u00e7\u00f5es internacionais, passando a \u201cbatata quente\u201d para a Uni\u00e3o Europeia e Na\u00e7\u00f5es Unidas, esta \u00faltima com a tarefa adicional de mediar uma solu\u00e7\u00e3o pol\u00edtica.<\/p>\n<p>As organiza\u00e7\u00f5es internacionais, pelas caracter\u00edsticas do seu processo de decis\u00e3o e recursos dispon\u00edveis, n\u00e3o est\u00e3o vocacionadas para conduzir estrat\u00e9gias de media\u00e7\u00e3o manipulativa, necess\u00e1rias para dirimir processos de elevada complexidade, como \u00e9 o caso. Esse papel est\u00e1 reservado para as grandes pot\u00eancias. Tanto a Fran\u00e7a como a Inglaterra assobiaram irresponsavelmente para o ar, deixando essa \u00e1rdua tarefa para as Na\u00e7\u00f5es Unidas.<\/p>\n<p>A L\u00edbia tornou-se um campo de batalha nas disputas existentes no campo sunita, com o Egito, os Emiratos e a Ar\u00e1bia Saudita do lado de Khalifa Haftar, o senhor da guerra que recentemente se rebelou contra o Governo de Fayez al-Sarraj, reconhecido pela ONU, e apoiado pela Turquia e pelo Qatar.<\/p>\n<p>O desinteresse da Fran\u00e7a na obten\u00e7\u00e3o de uma solu\u00e7\u00e3o pol\u00edtica n\u00e3o significa ina\u00e7\u00e3o. Tem estado bastante ativa apoiando pol\u00edtica e militarmente o <em>spoiler<\/em>, ou seja, Khalifa Hakfar. Por sua vez, a It\u00e1lia tamb\u00e9m tem estado igualmente empenhad\u00edssima, mas patrocinando o governo reconhecido internacionalmente. A Europa do sul no seu melhor atuando em \u201cplena sintonia\u201d.<\/p>\n<p>No longo prazo, as opera\u00e7\u00f5es de mudan\u00e7a de regime tendem a produzir resultados mal\u00e9ficos. Por exemplo, as novas ordens instauradas no Ir\u00e3o e no Iraque, no seguimento do derrube de Mosaddegh e de Sadam Hussein, contribu\u00edram diretamente, no primeiro caso, para a revolu\u00e7\u00e3o isl\u00e2mica, e no segundo para o surgimento do Daesh. Para al\u00e9m do tremendo caos gerado e do impacto pol\u00edtico que a vaga migrat\u00f3ria est\u00e1 a ter no espa\u00e7o europeu, os resultados da opera\u00e7\u00e3o de mudan\u00e7a de regime na L\u00edbia s\u00e3o ainda dif\u00edceis de prever na sua plenitude, dada a ebuli\u00e7\u00e3o social e pol\u00edtica em curso na Arg\u00e9lia.<\/p>\n<\/div>\n<p><script>\/*<![CDATA[*\/function facebookInit(){var js=document.createElement('script');js.src='https:\/\/connect.facebook.net\/pt_PT\/sdk.js#xfbml=1&#038;version=v3.1&#038;appId=1708066812789184&#038;autoLogAppEvents=1';return document.body.appendChild(js);}\nwindow.onscroll=function(){var rect=document.getElementsByClassName('je-post-content')[0].getBoundingClientRect();if(rect.bottom<window.innerHeight){facebookInit();window.onscroll=null;}}\/*]]>*\/<\/script><br \/>\n<br \/>[ad_2]<br \/>\n<br \/><a href=\"https:\/\/jornaleconomico.sapo.pt\/noticias\/o-caos-na-libia-um-agradecimento-a-franca-e-a-inglaterra-435661\">Source link <\/a><\/p>\n","protected":false},"excerpt":{"rendered":"<p>[ad_1] V\u00e3o longe os tempos em que as opera\u00e7\u00f5es de mudan\u00e7a de regime eram feitas de um modo competente. Recordamos os derrubes do primeiro-ministro iraniano Mohammad Mosaddegh, em 1953, e do presidente chileno Salvador Allende, em 1973, ambos eleitos democraticamente pelo voto popular. A nova ordem n\u00e3o era bem aquilo que os liberais defendiam, mas [&hellip;]<\/p>\n","protected":false},"author":2,"featured_media":524,"comment_status":"open","ping_status":"open","sticky":false,"template":"","format":"standard","meta":{"footnotes":""},"categories":[1],"tags":[],"class_list":["post-523","post","type-post","status-publish","format-standard","has-post-thumbnail","hentry","category-noticias-financeiras"],"yoast_head":"<!-- This site is optimized with the Yoast SEO plugin v27.4 - https:\/\/yoast.com\/product\/yoast-seo-wordpress\/ -->\n<title>O caos na L\u00edbia, um agradecimento \u00e0 Fran\u00e7a e \u00e0 Inglaterra \u2013 O Jornal Econ\u00f3mico - Super News<\/title>\n<meta name=\"robots\" content=\"index, follow, max-snippet:-1, max-image-preview:large, max-video-preview:-1\" \/>\n<link rel=\"canonical\" href=\"https:\/\/super-news.info\/pt\/o-caos-na-libia-um-agradecimento-a-franca-e-a-inglaterra-o-jornal-economico\/\" \/>\n<meta property=\"og:locale\" content=\"pt_PT\" \/>\n<meta property=\"og:type\" content=\"article\" \/>\n<meta property=\"og:title\" content=\"O caos na L\u00edbia, um agradecimento \u00e0 Fran\u00e7a e \u00e0 Inglaterra \u2013 O Jornal Econ\u00f3mico - Super News\" \/>\n<meta property=\"og:description\" content=\"[ad_1] V\u00e3o longe os tempos em que as opera\u00e7\u00f5es de mudan\u00e7a de regime eram feitas de um modo competente. Recordamos os derrubes do primeiro-ministro iraniano Mohammad Mosaddegh, em 1953, e do presidente chileno Salvador Allende, em 1973, ambos eleitos democraticamente pelo voto popular. A nova ordem n\u00e3o era bem aquilo que os liberais defendiam, mas [&hellip;]\" \/>\n<meta property=\"og:url\" content=\"https:\/\/super-news.info\/pt\/o-caos-na-libia-um-agradecimento-a-franca-e-a-inglaterra-o-jornal-economico\/\" \/>\n<meta property=\"og:site_name\" content=\"Super News\" \/>\n<meta property=\"article:published_time\" content=\"2019-04-19T00:44:36+00:00\" \/>\n<meta property=\"article:modified_time\" content=\"2019-04-19T00:44:37+00:00\" \/>\n<meta property=\"og:image\" content=\"https:\/\/super-news.info\/pt\/wp-content\/uploads\/sites\/2\/2019\/04\/O-caos-na-L\u00edbia-um-agradecimento-\u00e0-Fran\u00e7a-e-\u00e0.png\" \/>\n\t<meta property=\"og:image:width\" content=\"200\" \/>\n\t<meta property=\"og:image:height\" content=\"200\" \/>\n\t<meta property=\"og:image:type\" content=\"image\/png\" \/>\n<meta name=\"author\" content=\"super-news\" \/>\n<meta name=\"twitter:card\" content=\"summary_large_image\" \/>\n<meta name=\"twitter:label1\" content=\"Escrito por\" \/>\n\t<meta name=\"twitter:data1\" content=\"super-news\" \/>\n\t<meta name=\"twitter:label2\" content=\"Tempo estimado de leitura\" \/>\n\t<meta name=\"twitter:data2\" content=\"4 minutos\" \/>\n<script type=\"application\/ld+json\" class=\"yoast-schema-graph\">{\"@context\":\"https:\\\/\\\/schema.org\",\"@graph\":[{\"@type\":\"Article\",\"@id\":\"https:\\\/\\\/super-news.info\\\/pt\\\/o-caos-na-libia-um-agradecimento-a-franca-e-a-inglaterra-o-jornal-economico\\\/#article\",\"isPartOf\":{\"@id\":\"https:\\\/\\\/super-news.info\\\/pt\\\/o-caos-na-libia-um-agradecimento-a-franca-e-a-inglaterra-o-jornal-economico\\\/\"},\"author\":{\"name\":\"super-news\",\"@id\":\"https:\\\/\\\/super-news.info\\\/pt\\\/#\\\/schema\\\/person\\\/2d4068cb2f39cd10008c2fce578a7356\"},\"headline\":\"O caos na L\u00edbia, um agradecimento \u00e0 Fran\u00e7a e \u00e0 Inglaterra \u2013 O Jornal Econ\u00f3mico\",\"datePublished\":\"2019-04-19T00:44:36+00:00\",\"dateModified\":\"2019-04-19T00:44:37+00:00\",\"mainEntityOfPage\":{\"@id\":\"https:\\\/\\\/super-news.info\\\/pt\\\/o-caos-na-libia-um-agradecimento-a-franca-e-a-inglaterra-o-jornal-economico\\\/\"},\"wordCount\":728,\"commentCount\":0,\"image\":{\"@id\":\"https:\\\/\\\/super-news.info\\\/pt\\\/o-caos-na-libia-um-agradecimento-a-franca-e-a-inglaterra-o-jornal-economico\\\/#primaryimage\"},\"thumbnailUrl\":\"https:\\\/\\\/super-news.info\\\/pt\\\/wp-content\\\/uploads\\\/sites\\\/2\\\/2019\\\/04\\\/O-caos-na-L\u00edbia-um-agradecimento-\u00e0-Fran\u00e7a-e-\u00e0.png\",\"articleSection\":[\"NOT\u00cdCIAS FINANCEIRAS\"],\"inLanguage\":\"pt-PT\",\"potentialAction\":[{\"@type\":\"CommentAction\",\"name\":\"Comment\",\"target\":[\"https:\\\/\\\/super-news.info\\\/pt\\\/o-caos-na-libia-um-agradecimento-a-franca-e-a-inglaterra-o-jornal-economico\\\/#respond\"]}]},{\"@type\":\"WebPage\",\"@id\":\"https:\\\/\\\/super-news.info\\\/pt\\\/o-caos-na-libia-um-agradecimento-a-franca-e-a-inglaterra-o-jornal-economico\\\/\",\"url\":\"https:\\\/\\\/super-news.info\\\/pt\\\/o-caos-na-libia-um-agradecimento-a-franca-e-a-inglaterra-o-jornal-economico\\\/\",\"name\":\"O caos na L\u00edbia, um agradecimento \u00e0 Fran\u00e7a e \u00e0 Inglaterra \u2013 O Jornal Econ\u00f3mico - Super News\",\"isPartOf\":{\"@id\":\"https:\\\/\\\/super-news.info\\\/pt\\\/#website\"},\"primaryImageOfPage\":{\"@id\":\"https:\\\/\\\/super-news.info\\\/pt\\\/o-caos-na-libia-um-agradecimento-a-franca-e-a-inglaterra-o-jornal-economico\\\/#primaryimage\"},\"image\":{\"@id\":\"https:\\\/\\\/super-news.info\\\/pt\\\/o-caos-na-libia-um-agradecimento-a-franca-e-a-inglaterra-o-jornal-economico\\\/#primaryimage\"},\"thumbnailUrl\":\"https:\\\/\\\/super-news.info\\\/pt\\\/wp-content\\\/uploads\\\/sites\\\/2\\\/2019\\\/04\\\/O-caos-na-L\u00edbia-um-agradecimento-\u00e0-Fran\u00e7a-e-\u00e0.png\",\"datePublished\":\"2019-04-19T00:44:36+00:00\",\"dateModified\":\"2019-04-19T00:44:37+00:00\",\"author\":{\"@id\":\"https:\\\/\\\/super-news.info\\\/pt\\\/#\\\/schema\\\/person\\\/2d4068cb2f39cd10008c2fce578a7356\"},\"breadcrumb\":{\"@id\":\"https:\\\/\\\/super-news.info\\\/pt\\\/o-caos-na-libia-um-agradecimento-a-franca-e-a-inglaterra-o-jornal-economico\\\/#breadcrumb\"},\"inLanguage\":\"pt-PT\",\"potentialAction\":[{\"@type\":\"ReadAction\",\"target\":[\"https:\\\/\\\/super-news.info\\\/pt\\\/o-caos-na-libia-um-agradecimento-a-franca-e-a-inglaterra-o-jornal-economico\\\/\"]}]},{\"@type\":\"ImageObject\",\"inLanguage\":\"pt-PT\",\"@id\":\"https:\\\/\\\/super-news.info\\\/pt\\\/o-caos-na-libia-um-agradecimento-a-franca-e-a-inglaterra-o-jornal-economico\\\/#primaryimage\",\"url\":\"https:\\\/\\\/super-news.info\\\/pt\\\/wp-content\\\/uploads\\\/sites\\\/2\\\/2019\\\/04\\\/O-caos-na-L\u00edbia-um-agradecimento-\u00e0-Fran\u00e7a-e-\u00e0.png\",\"contentUrl\":\"https:\\\/\\\/super-news.info\\\/pt\\\/wp-content\\\/uploads\\\/sites\\\/2\\\/2019\\\/04\\\/O-caos-na-L\u00edbia-um-agradecimento-\u00e0-Fran\u00e7a-e-\u00e0.png\",\"width\":200,\"height\":200,\"caption\":\"O caos na L\u00edbia, um agradecimento \u00e0 Fran\u00e7a e \u00e0 Inglaterra \u2013 O Jornal Econ\u00f3mico\"},{\"@type\":\"BreadcrumbList\",\"@id\":\"https:\\\/\\\/super-news.info\\\/pt\\\/o-caos-na-libia-um-agradecimento-a-franca-e-a-inglaterra-o-jornal-economico\\\/#breadcrumb\",\"itemListElement\":[{\"@type\":\"ListItem\",\"position\":1,\"name\":\"\u0413\u043b\u0430\u0432\u043d\u0430\u044f \u0441\u0442\u0440\u0430\u043d\u0438\u0446\u0430\",\"item\":\"https:\\\/\\\/super-news.info\\\/pt\\\/\"},{\"@type\":\"ListItem\",\"position\":2,\"name\":\"O caos na L\u00edbia, um agradecimento \u00e0 Fran\u00e7a e \u00e0 Inglaterra \u2013 O Jornal Econ\u00f3mico\"}]},{\"@type\":\"WebSite\",\"@id\":\"https:\\\/\\\/super-news.info\\\/pt\\\/#website\",\"url\":\"https:\\\/\\\/super-news.info\\\/pt\\\/\",\"name\":\"Super News\",\"description\":\"Super News Portugal\",\"potentialAction\":[{\"@type\":\"SearchAction\",\"target\":{\"@type\":\"EntryPoint\",\"urlTemplate\":\"https:\\\/\\\/super-news.info\\\/pt\\\/?s={search_term_string}\"},\"query-input\":{\"@type\":\"PropertyValueSpecification\",\"valueRequired\":true,\"valueName\":\"search_term_string\"}}],\"inLanguage\":\"pt-PT\"},{\"@type\":\"Person\",\"@id\":\"https:\\\/\\\/super-news.info\\\/pt\\\/#\\\/schema\\\/person\\\/2d4068cb2f39cd10008c2fce578a7356\",\"name\":\"super-news\",\"image\":{\"@type\":\"ImageObject\",\"inLanguage\":\"pt-PT\",\"@id\":\"https:\\\/\\\/secure.gravatar.com\\\/avatar\\\/64ebac40b93f26a154f8a9b5b6fdccfc46f442b26b3dd6756dbff3bf9dc76fd7?s=96&d=mm&r=g\",\"url\":\"https:\\\/\\\/secure.gravatar.com\\\/avatar\\\/64ebac40b93f26a154f8a9b5b6fdccfc46f442b26b3dd6756dbff3bf9dc76fd7?s=96&d=mm&r=g\",\"contentUrl\":\"https:\\\/\\\/secure.gravatar.com\\\/avatar\\\/64ebac40b93f26a154f8a9b5b6fdccfc46f442b26b3dd6756dbff3bf9dc76fd7?s=96&d=mm&r=g\",\"caption\":\"super-news\"},\"url\":\"https:\\\/\\\/super-news.info\\\/pt\\\/author\\\/pt\\\/\"}]}<\/script>\n<!-- \/ Yoast SEO plugin. -->","yoast_head_json":{"title":"O caos na L\u00edbia, um agradecimento \u00e0 Fran\u00e7a e \u00e0 Inglaterra \u2013 O Jornal Econ\u00f3mico - Super News","robots":{"index":"index","follow":"follow","max-snippet":"max-snippet:-1","max-image-preview":"max-image-preview:large","max-video-preview":"max-video-preview:-1"},"canonical":"https:\/\/super-news.info\/pt\/o-caos-na-libia-um-agradecimento-a-franca-e-a-inglaterra-o-jornal-economico\/","og_locale":"pt_PT","og_type":"article","og_title":"O caos na L\u00edbia, um agradecimento \u00e0 Fran\u00e7a e \u00e0 Inglaterra \u2013 O Jornal Econ\u00f3mico - Super News","og_description":"[ad_1] V\u00e3o longe os tempos em que as opera\u00e7\u00f5es de mudan\u00e7a de regime eram feitas de um modo competente. Recordamos os derrubes do primeiro-ministro iraniano Mohammad Mosaddegh, em 1953, e do presidente chileno Salvador Allende, em 1973, ambos eleitos democraticamente pelo voto popular. A nova ordem n\u00e3o era bem aquilo que os liberais defendiam, mas [&hellip;]","og_url":"https:\/\/super-news.info\/pt\/o-caos-na-libia-um-agradecimento-a-franca-e-a-inglaterra-o-jornal-economico\/","og_site_name":"Super News","article_published_time":"2019-04-19T00:44:36+00:00","article_modified_time":"2019-04-19T00:44:37+00:00","og_image":[{"width":200,"height":200,"url":"https:\/\/super-news.info\/pt\/wp-content\/uploads\/sites\/2\/2019\/04\/O-caos-na-L\u00edbia-um-agradecimento-\u00e0-Fran\u00e7a-e-\u00e0.png","type":"image\/png"}],"author":"super-news","twitter_card":"summary_large_image","twitter_misc":{"Escrito por":"super-news","Tempo estimado de leitura":"4 minutos"},"schema":{"@context":"https:\/\/schema.org","@graph":[{"@type":"Article","@id":"https:\/\/super-news.info\/pt\/o-caos-na-libia-um-agradecimento-a-franca-e-a-inglaterra-o-jornal-economico\/#article","isPartOf":{"@id":"https:\/\/super-news.info\/pt\/o-caos-na-libia-um-agradecimento-a-franca-e-a-inglaterra-o-jornal-economico\/"},"author":{"name":"super-news","@id":"https:\/\/super-news.info\/pt\/#\/schema\/person\/2d4068cb2f39cd10008c2fce578a7356"},"headline":"O caos na L\u00edbia, um agradecimento \u00e0 Fran\u00e7a e \u00e0 Inglaterra \u2013 O Jornal Econ\u00f3mico","datePublished":"2019-04-19T00:44:36+00:00","dateModified":"2019-04-19T00:44:37+00:00","mainEntityOfPage":{"@id":"https:\/\/super-news.info\/pt\/o-caos-na-libia-um-agradecimento-a-franca-e-a-inglaterra-o-jornal-economico\/"},"wordCount":728,"commentCount":0,"image":{"@id":"https:\/\/super-news.info\/pt\/o-caos-na-libia-um-agradecimento-a-franca-e-a-inglaterra-o-jornal-economico\/#primaryimage"},"thumbnailUrl":"https:\/\/super-news.info\/pt\/wp-content\/uploads\/sites\/2\/2019\/04\/O-caos-na-L\u00edbia-um-agradecimento-\u00e0-Fran\u00e7a-e-\u00e0.png","articleSection":["NOT\u00cdCIAS FINANCEIRAS"],"inLanguage":"pt-PT","potentialAction":[{"@type":"CommentAction","name":"Comment","target":["https:\/\/super-news.info\/pt\/o-caos-na-libia-um-agradecimento-a-franca-e-a-inglaterra-o-jornal-economico\/#respond"]}]},{"@type":"WebPage","@id":"https:\/\/super-news.info\/pt\/o-caos-na-libia-um-agradecimento-a-franca-e-a-inglaterra-o-jornal-economico\/","url":"https:\/\/super-news.info\/pt\/o-caos-na-libia-um-agradecimento-a-franca-e-a-inglaterra-o-jornal-economico\/","name":"O caos na L\u00edbia, um agradecimento \u00e0 Fran\u00e7a e \u00e0 Inglaterra \u2013 O Jornal Econ\u00f3mico - Super News","isPartOf":{"@id":"https:\/\/super-news.info\/pt\/#website"},"primaryImageOfPage":{"@id":"https:\/\/super-news.info\/pt\/o-caos-na-libia-um-agradecimento-a-franca-e-a-inglaterra-o-jornal-economico\/#primaryimage"},"image":{"@id":"https:\/\/super-news.info\/pt\/o-caos-na-libia-um-agradecimento-a-franca-e-a-inglaterra-o-jornal-economico\/#primaryimage"},"thumbnailUrl":"https:\/\/super-news.info\/pt\/wp-content\/uploads\/sites\/2\/2019\/04\/O-caos-na-L\u00edbia-um-agradecimento-\u00e0-Fran\u00e7a-e-\u00e0.png","datePublished":"2019-04-19T00:44:36+00:00","dateModified":"2019-04-19T00:44:37+00:00","author":{"@id":"https:\/\/super-news.info\/pt\/#\/schema\/person\/2d4068cb2f39cd10008c2fce578a7356"},"breadcrumb":{"@id":"https:\/\/super-news.info\/pt\/o-caos-na-libia-um-agradecimento-a-franca-e-a-inglaterra-o-jornal-economico\/#breadcrumb"},"inLanguage":"pt-PT","potentialAction":[{"@type":"ReadAction","target":["https:\/\/super-news.info\/pt\/o-caos-na-libia-um-agradecimento-a-franca-e-a-inglaterra-o-jornal-economico\/"]}]},{"@type":"ImageObject","inLanguage":"pt-PT","@id":"https:\/\/super-news.info\/pt\/o-caos-na-libia-um-agradecimento-a-franca-e-a-inglaterra-o-jornal-economico\/#primaryimage","url":"https:\/\/super-news.info\/pt\/wp-content\/uploads\/sites\/2\/2019\/04\/O-caos-na-L\u00edbia-um-agradecimento-\u00e0-Fran\u00e7a-e-\u00e0.png","contentUrl":"https:\/\/super-news.info\/pt\/wp-content\/uploads\/sites\/2\/2019\/04\/O-caos-na-L\u00edbia-um-agradecimento-\u00e0-Fran\u00e7a-e-\u00e0.png","width":200,"height":200,"caption":"O caos na L\u00edbia, um agradecimento \u00e0 Fran\u00e7a e \u00e0 Inglaterra \u2013 O Jornal Econ\u00f3mico"},{"@type":"BreadcrumbList","@id":"https:\/\/super-news.info\/pt\/o-caos-na-libia-um-agradecimento-a-franca-e-a-inglaterra-o-jornal-economico\/#breadcrumb","itemListElement":[{"@type":"ListItem","position":1,"name":"\u0413\u043b\u0430\u0432\u043d\u0430\u044f \u0441\u0442\u0440\u0430\u043d\u0438\u0446\u0430","item":"https:\/\/super-news.info\/pt\/"},{"@type":"ListItem","position":2,"name":"O caos na L\u00edbia, um agradecimento \u00e0 Fran\u00e7a e \u00e0 Inglaterra \u2013 O Jornal Econ\u00f3mico"}]},{"@type":"WebSite","@id":"https:\/\/super-news.info\/pt\/#website","url":"https:\/\/super-news.info\/pt\/","name":"Super News","description":"Super News Portugal","potentialAction":[{"@type":"SearchAction","target":{"@type":"EntryPoint","urlTemplate":"https:\/\/super-news.info\/pt\/?s={search_term_string}"},"query-input":{"@type":"PropertyValueSpecification","valueRequired":true,"valueName":"search_term_string"}}],"inLanguage":"pt-PT"},{"@type":"Person","@id":"https:\/\/super-news.info\/pt\/#\/schema\/person\/2d4068cb2f39cd10008c2fce578a7356","name":"super-news","image":{"@type":"ImageObject","inLanguage":"pt-PT","@id":"https:\/\/secure.gravatar.com\/avatar\/64ebac40b93f26a154f8a9b5b6fdccfc46f442b26b3dd6756dbff3bf9dc76fd7?s=96&d=mm&r=g","url":"https:\/\/secure.gravatar.com\/avatar\/64ebac40b93f26a154f8a9b5b6fdccfc46f442b26b3dd6756dbff3bf9dc76fd7?s=96&d=mm&r=g","contentUrl":"https:\/\/secure.gravatar.com\/avatar\/64ebac40b93f26a154f8a9b5b6fdccfc46f442b26b3dd6756dbff3bf9dc76fd7?s=96&d=mm&r=g","caption":"super-news"},"url":"https:\/\/super-news.info\/pt\/author\/pt\/"}]}},"_links":{"self":[{"href":"https:\/\/super-news.info\/pt\/wp-json\/wp\/v2\/posts\/523","targetHints":{"allow":["GET"]}}],"collection":[{"href":"https:\/\/super-news.info\/pt\/wp-json\/wp\/v2\/posts"}],"about":[{"href":"https:\/\/super-news.info\/pt\/wp-json\/wp\/v2\/types\/post"}],"author":[{"embeddable":true,"href":"https:\/\/super-news.info\/pt\/wp-json\/wp\/v2\/users\/2"}],"replies":[{"embeddable":true,"href":"https:\/\/super-news.info\/pt\/wp-json\/wp\/v2\/comments?post=523"}],"version-history":[{"count":1,"href":"https:\/\/super-news.info\/pt\/wp-json\/wp\/v2\/posts\/523\/revisions"}],"predecessor-version":[{"id":525,"href":"https:\/\/super-news.info\/pt\/wp-json\/wp\/v2\/posts\/523\/revisions\/525"}],"wp:featuredmedia":[{"embeddable":true,"href":"https:\/\/super-news.info\/pt\/wp-json\/wp\/v2\/media\/524"}],"wp:attachment":[{"href":"https:\/\/super-news.info\/pt\/wp-json\/wp\/v2\/media?parent=523"}],"wp:term":[{"taxonomy":"category","embeddable":true,"href":"https:\/\/super-news.info\/pt\/wp-json\/wp\/v2\/categories?post=523"},{"taxonomy":"post_tag","embeddable":true,"href":"https:\/\/super-news.info\/pt\/wp-json\/wp\/v2\/tags?post=523"}],"curies":[{"name":"wp","href":"https:\/\/api.w.org\/{rel}","templated":true}]}}