{"id":517,"date":"2019-04-18T20:56:51","date_gmt":"2019-04-18T17:56:51","guid":{"rendered":"https:\/\/super-news.info\/pt\/racionamento-de-combustivel-mantem-se-por-agora-mas-so-nos-310-postos-prioritarios-o-jornal-economico\/"},"modified":"2020-11-19T18:50:36","modified_gmt":"2020-11-19T15:50:36","slug":"racionamento-de-combustivel-mantem-se-por-agora-mas-so-nos-310-postos-prioritarios-o-jornal-economico","status":"publish","type":"post","link":"https:\/\/super-news.info\/pt\/racionamento-de-combustivel-mantem-se-por-agora-mas-so-nos-310-postos-prioritarios-o-jornal-economico\/","title":{"rendered":"Racionamento de combust\u00edvel mant\u00eam-se por agora mas s\u00f3 nos 310 postos priorit\u00e1rios \u2013 O Jornal Econ\u00f3mico"},"content":{"rendered":"<div>\n<p>O racionamento de 15 litros de gas\u00f3leo ou gasolina por ve\u00edculo s\u00f3 est\u00e1 em vigor nos 310 postos da Rede Estrat\u00e9gica de Postos de Abastecimento (REPA). O racionamento \u201cmant\u00e9m-se at\u00e9 \u00e0 normaliza\u00e7\u00e3o\u201d do abastecimento de combust\u00edveis, explicou fonte do minist\u00e9rio do Ambiente ao Jornal Econ\u00f3mico esta quinta-feira, 18 de abril.<\/p>\n<p>Em todos os outros postos da rede nacional, n\u00e3o existe qualquer limita\u00e7\u00e3o ao abastecimento de combust\u00edvel, \u00e0 medida que v\u00e3o sendo reabastecidos ap\u00f3s o fim da greve dos motoristas de transporte de mat\u00e9rias perigosas.<\/p>\n<p>Os postos REPA s\u00e3o postos que t\u00eam prioridade no abastecimento por cami\u00f5es cisterna, e onde os servi\u00e7os de emerg\u00eancia e for\u00e7as de seguran\u00e7a t\u00eam prioridade para abastecer. Assim, estes postos de abastecimento ficam \u201cobrigados a reservar, para uso exclusivo das entidades priorit\u00e1rias, pelo menos, uma unidade de abastecimento\u201d.<\/p>\n<p>Estes postos ficam tamb\u00e9m obrigados a reservar para uso exclusivo destas entidades \u201cuma quantidade de 10 mil de gas\u00f3leo, ou 20% da sua capacidade, 4 mil de gasolina e 2 mil de GPL-auto (g\u00e1s petr\u00f3leo liquefeito).<\/p>\n<p>Desta forma, um posto REPA que conta com 10 bombas s\u00f3 precisa de reservar um m\u00e1ximo de duas bombas, com as outras bombas a ficarem dispon\u00edveis para o p\u00fablico em geral.<\/p>\n<p>Depois do Sindicato Nacional de Motoristas de Mat\u00e9rias Perigosas (SNMMP) e da Associa\u00e7\u00e3o Nacional de Transportadores P\u00fablicos Rodovi\u00e1rios de Mercadorias (ANTRAM) terem chegado a acordo na manh\u00e3 desta quinta-feira, 18 de abril, o Governo anunciou que a normalidade nos postos de combust\u00edvel vai ser reposta gradualmente.<\/p>\n<p>Segundo um balan\u00e7o feito pela plataforma \u2018J\u00e1 n\u00e3o d\u00e1 para abastecer\u2019, ap\u00f3s o fim da greve na manh\u00e3 desta quinta-feira, 18 de abril, existiam 976 postos sem gas\u00f3leo, 156 sem gasolina e 603 postos sem os dois combust\u00edveis em todo o pa\u00eds, no total de 3.000 postos que existem em todo o pa\u00eds.<\/p>\n<p>Dividindo este valor por distritos, Lisboa, Porto e Aveiro eram esta manh\u00e3 os mais prejudicados com esta greve e tamb\u00e9m devido \u00e0 corrida \u00e0s bombas que os cidad\u00e3os fizeram. Lisboa tinha ainda esta manh\u00e3 425 postos sem combust\u00edveis, o Porto tem 290 e Aveiro tem falta de combust\u00edveis em 153 postos de abastecimento. Braga seguia-se na lista com 145 e Faro com 82 postos sem abastecimento.<\/p>\n<p><strong>Saiba aqui onde \u00e9 que pode abastecer o seu autom\u00f3vel num destes 310 postos postos priorit\u00e1rios.<\/strong><\/p>\n<blockquote class=\"wp-embedded-content\" style=\"display: none;\" data-secret=\"nlxPapVZWq\"><p>Saiba aqui onde ficam os 310 postos para abastecer at\u00e9 15 litros de combust\u00edvel<\/p>\n<p>Portugal ainda tem 976 postos sem gas\u00f3leo, 156 sem gasolina e 603 sem os dois combust\u00edveis<\/p>\n<blockquote class=\"wp-embedded-content\" style=\"display: none;\" data-secret=\"iiTF38IPZc\"><p>Portugal ainda tem 976 postos sem gas\u00f3leo, 156 sem gasolina e 603 sem os dois combust\u00edveis<\/p><\/blockquote>\n<\/blockquote>\n<\/div>\n<p><a href=\"https:\/\/jornaleconomico.sapo.pt\/noticias\/racionamento-de-combustivel-continua-por-enquanto-mas-so-e-valido-para-os-310-postos-prioritarios-435732\">Source link <\/a><\/p>\n","protected":false},"excerpt":{"rendered":"<p>O racionamento de 15 litros de gas\u00f3leo ou gasolina por ve\u00edculo s\u00f3 est\u00e1 em vigor nos 310 postos da Rede Estrat\u00e9gica de Postos de Abastecimento (REPA). O racionamento \u201cmant\u00e9m-se at\u00e9 \u00e0 normaliza\u00e7\u00e3o\u201d do abastecimento de combust\u00edveis, explicou fonte do minist\u00e9rio do Ambiente ao Jornal Econ\u00f3mico esta quinta-feira, 18 de abril. Em todos os outros postos [&hellip;]<\/p>\n","protected":false},"author":2,"featured_media":518,"comment_status":"open","ping_status":"open","sticky":false,"template":"","format":"standard","meta":{"footnotes":""},"categories":[1],"tags":[],"class_list":["post-517","post","type-post","status-publish","format-standard","has-post-thumbnail","hentry","category-noticias-financeiras"],"yoast_head":"<!-- This site is optimized with the Yoast SEO plugin v27.4 - https:\/\/yoast.com\/product\/yoast-seo-wordpress\/ -->\n<title>Racionamento de combust\u00edvel mant\u00eam-se por agora mas s\u00f3 nos 310 postos priorit\u00e1rios \u2013 O Jornal Econ\u00f3mico - Super News<\/title>\n<meta name=\"robots\" content=\"index, follow, max-snippet:-1, max-image-preview:large, max-video-preview:-1\" \/>\n<link rel=\"canonical\" href=\"https:\/\/super-news.info\/pt\/racionamento-de-combustivel-mantem-se-por-agora-mas-so-nos-310-postos-prioritarios-o-jornal-economico\/\" \/>\n<meta property=\"og:locale\" content=\"pt_PT\" \/>\n<meta property=\"og:type\" content=\"article\" \/>\n<meta property=\"og:title\" content=\"Racionamento de combust\u00edvel mant\u00eam-se por agora mas s\u00f3 nos 310 postos priorit\u00e1rios \u2013 O Jornal Econ\u00f3mico - Super News\" \/>\n<meta property=\"og:description\" content=\"O racionamento de 15 litros de gas\u00f3leo ou gasolina por ve\u00edculo s\u00f3 est\u00e1 em vigor nos 310 postos da Rede Estrat\u00e9gica de Postos de Abastecimento (REPA). O racionamento \u201cmant\u00e9m-se at\u00e9 \u00e0 normaliza\u00e7\u00e3o\u201d do abastecimento de combust\u00edveis, explicou fonte do minist\u00e9rio do Ambiente ao Jornal Econ\u00f3mico esta quinta-feira, 18 de abril. Em todos os outros postos [&hellip;]\" \/>\n<meta property=\"og:url\" content=\"https:\/\/super-news.info\/pt\/racionamento-de-combustivel-mantem-se-por-agora-mas-so-nos-310-postos-prioritarios-o-jornal-economico\/\" \/>\n<meta property=\"og:site_name\" content=\"Super News\" \/>\n<meta property=\"article:published_time\" content=\"2019-04-18T17:56:51+00:00\" \/>\n<meta property=\"article:modified_time\" content=\"2020-11-19T15:50:36+00:00\" \/>\n<meta property=\"og:image\" content=\"https:\/\/super-news.info\/pt\/wp-content\/uploads\/sites\/2\/2019\/04\/Racionamento-de-combust\u00edvel-mant\u00eam-se-por-agora-mas-s\u00f3-nos-310.jpg\" \/>\n\t<meta property=\"og:image:width\" content=\"960\" \/>\n\t<meta property=\"og:image:height\" content=\"600\" \/>\n\t<meta property=\"og:image:type\" content=\"image\/jpeg\" \/>\n<meta name=\"author\" content=\"super-news\" \/>\n<meta name=\"twitter:card\" content=\"summary_large_image\" \/>\n<meta name=\"twitter:label1\" content=\"Escrito por\" \/>\n\t<meta name=\"twitter:data1\" content=\"super-news\" \/>\n\t<meta name=\"twitter:label2\" content=\"Tempo estimado de leitura\" \/>\n\t<meta name=\"twitter:data2\" content=\"2 minutos\" \/>\n<script type=\"application\/ld+json\" class=\"yoast-schema-graph\">{\"@context\":\"https:\\\/\\\/schema.org\",\"@graph\":[{\"@type\":\"Article\",\"@id\":\"https:\\\/\\\/super-news.info\\\/pt\\\/racionamento-de-combustivel-mantem-se-por-agora-mas-so-nos-310-postos-prioritarios-o-jornal-economico\\\/#article\",\"isPartOf\":{\"@id\":\"https:\\\/\\\/super-news.info\\\/pt\\\/racionamento-de-combustivel-mantem-se-por-agora-mas-so-nos-310-postos-prioritarios-o-jornal-economico\\\/\"},\"author\":{\"name\":\"super-news\",\"@id\":\"https:\\\/\\\/super-news.info\\\/pt\\\/#\\\/schema\\\/person\\\/2d4068cb2f39cd10008c2fce578a7356\"},\"headline\":\"Racionamento de combust\u00edvel mant\u00eam-se por agora mas s\u00f3 nos 310 postos priorit\u00e1rios \u2013 O Jornal Econ\u00f3mico\",\"datePublished\":\"2019-04-18T17:56:51+00:00\",\"dateModified\":\"2020-11-19T15:50:36+00:00\",\"mainEntityOfPage\":{\"@id\":\"https:\\\/\\\/super-news.info\\\/pt\\\/racionamento-de-combustivel-mantem-se-por-agora-mas-so-nos-310-postos-prioritarios-o-jornal-economico\\\/\"},\"wordCount\":467,\"commentCount\":0,\"image\":{\"@id\":\"https:\\\/\\\/super-news.info\\\/pt\\\/racionamento-de-combustivel-mantem-se-por-agora-mas-so-nos-310-postos-prioritarios-o-jornal-economico\\\/#primaryimage\"},\"thumbnailUrl\":\"https:\\\/\\\/super-news.info\\\/pt\\\/wp-content\\\/uploads\\\/sites\\\/2\\\/2019\\\/04\\\/Racionamento-de-combust\u00edvel-mant\u00eam-se-por-agora-mas-s\u00f3-nos-310.jpg\",\"articleSection\":[\"NOT\u00cdCIAS FINANCEIRAS\"],\"inLanguage\":\"pt-PT\",\"potentialAction\":[{\"@type\":\"CommentAction\",\"name\":\"Comment\",\"target\":[\"https:\\\/\\\/super-news.info\\\/pt\\\/racionamento-de-combustivel-mantem-se-por-agora-mas-so-nos-310-postos-prioritarios-o-jornal-economico\\\/#respond\"]}]},{\"@type\":\"WebPage\",\"@id\":\"https:\\\/\\\/super-news.info\\\/pt\\\/racionamento-de-combustivel-mantem-se-por-agora-mas-so-nos-310-postos-prioritarios-o-jornal-economico\\\/\",\"url\":\"https:\\\/\\\/super-news.info\\\/pt\\\/racionamento-de-combustivel-mantem-se-por-agora-mas-so-nos-310-postos-prioritarios-o-jornal-economico\\\/\",\"name\":\"Racionamento de combust\u00edvel mant\u00eam-se por agora mas s\u00f3 nos 310 postos priorit\u00e1rios \u2013 O Jornal Econ\u00f3mico - Super News\",\"isPartOf\":{\"@id\":\"https:\\\/\\\/super-news.info\\\/pt\\\/#website\"},\"primaryImageOfPage\":{\"@id\":\"https:\\\/\\\/super-news.info\\\/pt\\\/racionamento-de-combustivel-mantem-se-por-agora-mas-so-nos-310-postos-prioritarios-o-jornal-economico\\\/#primaryimage\"},\"image\":{\"@id\":\"https:\\\/\\\/super-news.info\\\/pt\\\/racionamento-de-combustivel-mantem-se-por-agora-mas-so-nos-310-postos-prioritarios-o-jornal-economico\\\/#primaryimage\"},\"thumbnailUrl\":\"https:\\\/\\\/super-news.info\\\/pt\\\/wp-content\\\/uploads\\\/sites\\\/2\\\/2019\\\/04\\\/Racionamento-de-combust\u00edvel-mant\u00eam-se-por-agora-mas-s\u00f3-nos-310.jpg\",\"datePublished\":\"2019-04-18T17:56:51+00:00\",\"dateModified\":\"2020-11-19T15:50:36+00:00\",\"author\":{\"@id\":\"https:\\\/\\\/super-news.info\\\/pt\\\/#\\\/schema\\\/person\\\/2d4068cb2f39cd10008c2fce578a7356\"},\"breadcrumb\":{\"@id\":\"https:\\\/\\\/super-news.info\\\/pt\\\/racionamento-de-combustivel-mantem-se-por-agora-mas-so-nos-310-postos-prioritarios-o-jornal-economico\\\/#breadcrumb\"},\"inLanguage\":\"pt-PT\",\"potentialAction\":[{\"@type\":\"ReadAction\",\"target\":[\"https:\\\/\\\/super-news.info\\\/pt\\\/racionamento-de-combustivel-mantem-se-por-agora-mas-so-nos-310-postos-prioritarios-o-jornal-economico\\\/\"]}]},{\"@type\":\"ImageObject\",\"inLanguage\":\"pt-PT\",\"@id\":\"https:\\\/\\\/super-news.info\\\/pt\\\/racionamento-de-combustivel-mantem-se-por-agora-mas-so-nos-310-postos-prioritarios-o-jornal-economico\\\/#primaryimage\",\"url\":\"https:\\\/\\\/super-news.info\\\/pt\\\/wp-content\\\/uploads\\\/sites\\\/2\\\/2019\\\/04\\\/Racionamento-de-combust\u00edvel-mant\u00eam-se-por-agora-mas-s\u00f3-nos-310.jpg\",\"contentUrl\":\"https:\\\/\\\/super-news.info\\\/pt\\\/wp-content\\\/uploads\\\/sites\\\/2\\\/2019\\\/04\\\/Racionamento-de-combust\u00edvel-mant\u00eam-se-por-agora-mas-s\u00f3-nos-310.jpg\",\"width\":960,\"height\":600,\"caption\":\"Racionamento de combust\u00edvel mant\u00eam-se por agora mas s\u00f3 nos 310 postos priorit\u00e1rios \u2013 O Jornal Econ\u00f3mico\"},{\"@type\":\"BreadcrumbList\",\"@id\":\"https:\\\/\\\/super-news.info\\\/pt\\\/racionamento-de-combustivel-mantem-se-por-agora-mas-so-nos-310-postos-prioritarios-o-jornal-economico\\\/#breadcrumb\",\"itemListElement\":[{\"@type\":\"ListItem\",\"position\":1,\"name\":\"\u0413\u043b\u0430\u0432\u043d\u0430\u044f \u0441\u0442\u0440\u0430\u043d\u0438\u0446\u0430\",\"item\":\"https:\\\/\\\/super-news.info\\\/pt\\\/\"},{\"@type\":\"ListItem\",\"position\":2,\"name\":\"Racionamento de combust\u00edvel mant\u00eam-se por agora mas s\u00f3 nos 310 postos priorit\u00e1rios \u2013 O Jornal Econ\u00f3mico\"}]},{\"@type\":\"WebSite\",\"@id\":\"https:\\\/\\\/super-news.info\\\/pt\\\/#website\",\"url\":\"https:\\\/\\\/super-news.info\\\/pt\\\/\",\"name\":\"Super News\",\"description\":\"Super News Portugal\",\"potentialAction\":[{\"@type\":\"SearchAction\",\"target\":{\"@type\":\"EntryPoint\",\"urlTemplate\":\"https:\\\/\\\/super-news.info\\\/pt\\\/?s={search_term_string}\"},\"query-input\":{\"@type\":\"PropertyValueSpecification\",\"valueRequired\":true,\"valueName\":\"search_term_string\"}}],\"inLanguage\":\"pt-PT\"},{\"@type\":\"Person\",\"@id\":\"https:\\\/\\\/super-news.info\\\/pt\\\/#\\\/schema\\\/person\\\/2d4068cb2f39cd10008c2fce578a7356\",\"name\":\"super-news\",\"image\":{\"@type\":\"ImageObject\",\"inLanguage\":\"pt-PT\",\"@id\":\"https:\\\/\\\/secure.gravatar.com\\\/avatar\\\/64ebac40b93f26a154f8a9b5b6fdccfc46f442b26b3dd6756dbff3bf9dc76fd7?s=96&d=mm&r=g\",\"url\":\"https:\\\/\\\/secure.gravatar.com\\\/avatar\\\/64ebac40b93f26a154f8a9b5b6fdccfc46f442b26b3dd6756dbff3bf9dc76fd7?s=96&d=mm&r=g\",\"contentUrl\":\"https:\\\/\\\/secure.gravatar.com\\\/avatar\\\/64ebac40b93f26a154f8a9b5b6fdccfc46f442b26b3dd6756dbff3bf9dc76fd7?s=96&d=mm&r=g\",\"caption\":\"super-news\"},\"url\":\"https:\\\/\\\/super-news.info\\\/pt\\\/author\\\/pt\\\/\"}]}<\/script>\n<!-- \/ Yoast SEO plugin. -->","yoast_head_json":{"title":"Racionamento de combust\u00edvel mant\u00eam-se por agora mas s\u00f3 nos 310 postos priorit\u00e1rios \u2013 O Jornal Econ\u00f3mico - Super News","robots":{"index":"index","follow":"follow","max-snippet":"max-snippet:-1","max-image-preview":"max-image-preview:large","max-video-preview":"max-video-preview:-1"},"canonical":"https:\/\/super-news.info\/pt\/racionamento-de-combustivel-mantem-se-por-agora-mas-so-nos-310-postos-prioritarios-o-jornal-economico\/","og_locale":"pt_PT","og_type":"article","og_title":"Racionamento de combust\u00edvel mant\u00eam-se por agora mas s\u00f3 nos 310 postos priorit\u00e1rios \u2013 O Jornal Econ\u00f3mico - Super News","og_description":"O racionamento de 15 litros de gas\u00f3leo ou gasolina por ve\u00edculo s\u00f3 est\u00e1 em vigor nos 310 postos da Rede Estrat\u00e9gica de Postos de Abastecimento (REPA). O racionamento \u201cmant\u00e9m-se at\u00e9 \u00e0 normaliza\u00e7\u00e3o\u201d do abastecimento de combust\u00edveis, explicou fonte do minist\u00e9rio do Ambiente ao Jornal Econ\u00f3mico esta quinta-feira, 18 de abril. Em todos os outros postos [&hellip;]","og_url":"https:\/\/super-news.info\/pt\/racionamento-de-combustivel-mantem-se-por-agora-mas-so-nos-310-postos-prioritarios-o-jornal-economico\/","og_site_name":"Super News","article_published_time":"2019-04-18T17:56:51+00:00","article_modified_time":"2020-11-19T15:50:36+00:00","og_image":[{"width":960,"height":600,"url":"https:\/\/super-news.info\/pt\/wp-content\/uploads\/sites\/2\/2019\/04\/Racionamento-de-combust\u00edvel-mant\u00eam-se-por-agora-mas-s\u00f3-nos-310.jpg","type":"image\/jpeg"}],"author":"super-news","twitter_card":"summary_large_image","twitter_misc":{"Escrito por":"super-news","Tempo estimado de leitura":"2 minutos"},"schema":{"@context":"https:\/\/schema.org","@graph":[{"@type":"Article","@id":"https:\/\/super-news.info\/pt\/racionamento-de-combustivel-mantem-se-por-agora-mas-so-nos-310-postos-prioritarios-o-jornal-economico\/#article","isPartOf":{"@id":"https:\/\/super-news.info\/pt\/racionamento-de-combustivel-mantem-se-por-agora-mas-so-nos-310-postos-prioritarios-o-jornal-economico\/"},"author":{"name":"super-news","@id":"https:\/\/super-news.info\/pt\/#\/schema\/person\/2d4068cb2f39cd10008c2fce578a7356"},"headline":"Racionamento de combust\u00edvel mant\u00eam-se por agora mas s\u00f3 nos 310 postos priorit\u00e1rios \u2013 O Jornal Econ\u00f3mico","datePublished":"2019-04-18T17:56:51+00:00","dateModified":"2020-11-19T15:50:36+00:00","mainEntityOfPage":{"@id":"https:\/\/super-news.info\/pt\/racionamento-de-combustivel-mantem-se-por-agora-mas-so-nos-310-postos-prioritarios-o-jornal-economico\/"},"wordCount":467,"commentCount":0,"image":{"@id":"https:\/\/super-news.info\/pt\/racionamento-de-combustivel-mantem-se-por-agora-mas-so-nos-310-postos-prioritarios-o-jornal-economico\/#primaryimage"},"thumbnailUrl":"https:\/\/super-news.info\/pt\/wp-content\/uploads\/sites\/2\/2019\/04\/Racionamento-de-combust\u00edvel-mant\u00eam-se-por-agora-mas-s\u00f3-nos-310.jpg","articleSection":["NOT\u00cdCIAS FINANCEIRAS"],"inLanguage":"pt-PT","potentialAction":[{"@type":"CommentAction","name":"Comment","target":["https:\/\/super-news.info\/pt\/racionamento-de-combustivel-mantem-se-por-agora-mas-so-nos-310-postos-prioritarios-o-jornal-economico\/#respond"]}]},{"@type":"WebPage","@id":"https:\/\/super-news.info\/pt\/racionamento-de-combustivel-mantem-se-por-agora-mas-so-nos-310-postos-prioritarios-o-jornal-economico\/","url":"https:\/\/super-news.info\/pt\/racionamento-de-combustivel-mantem-se-por-agora-mas-so-nos-310-postos-prioritarios-o-jornal-economico\/","name":"Racionamento de combust\u00edvel mant\u00eam-se por agora mas s\u00f3 nos 310 postos priorit\u00e1rios \u2013 O Jornal Econ\u00f3mico - Super News","isPartOf":{"@id":"https:\/\/super-news.info\/pt\/#website"},"primaryImageOfPage":{"@id":"https:\/\/super-news.info\/pt\/racionamento-de-combustivel-mantem-se-por-agora-mas-so-nos-310-postos-prioritarios-o-jornal-economico\/#primaryimage"},"image":{"@id":"https:\/\/super-news.info\/pt\/racionamento-de-combustivel-mantem-se-por-agora-mas-so-nos-310-postos-prioritarios-o-jornal-economico\/#primaryimage"},"thumbnailUrl":"https:\/\/super-news.info\/pt\/wp-content\/uploads\/sites\/2\/2019\/04\/Racionamento-de-combust\u00edvel-mant\u00eam-se-por-agora-mas-s\u00f3-nos-310.jpg","datePublished":"2019-04-18T17:56:51+00:00","dateModified":"2020-11-19T15:50:36+00:00","author":{"@id":"https:\/\/super-news.info\/pt\/#\/schema\/person\/2d4068cb2f39cd10008c2fce578a7356"},"breadcrumb":{"@id":"https:\/\/super-news.info\/pt\/racionamento-de-combustivel-mantem-se-por-agora-mas-so-nos-310-postos-prioritarios-o-jornal-economico\/#breadcrumb"},"inLanguage":"pt-PT","potentialAction":[{"@type":"ReadAction","target":["https:\/\/super-news.info\/pt\/racionamento-de-combustivel-mantem-se-por-agora-mas-so-nos-310-postos-prioritarios-o-jornal-economico\/"]}]},{"@type":"ImageObject","inLanguage":"pt-PT","@id":"https:\/\/super-news.info\/pt\/racionamento-de-combustivel-mantem-se-por-agora-mas-so-nos-310-postos-prioritarios-o-jornal-economico\/#primaryimage","url":"https:\/\/super-news.info\/pt\/wp-content\/uploads\/sites\/2\/2019\/04\/Racionamento-de-combust\u00edvel-mant\u00eam-se-por-agora-mas-s\u00f3-nos-310.jpg","contentUrl":"https:\/\/super-news.info\/pt\/wp-content\/uploads\/sites\/2\/2019\/04\/Racionamento-de-combust\u00edvel-mant\u00eam-se-por-agora-mas-s\u00f3-nos-310.jpg","width":960,"height":600,"caption":"Racionamento de combust\u00edvel mant\u00eam-se por agora mas s\u00f3 nos 310 postos priorit\u00e1rios \u2013 O Jornal Econ\u00f3mico"},{"@type":"BreadcrumbList","@id":"https:\/\/super-news.info\/pt\/racionamento-de-combustivel-mantem-se-por-agora-mas-so-nos-310-postos-prioritarios-o-jornal-economico\/#breadcrumb","itemListElement":[{"@type":"ListItem","position":1,"name":"\u0413\u043b\u0430\u0432\u043d\u0430\u044f \u0441\u0442\u0440\u0430\u043d\u0438\u0446\u0430","item":"https:\/\/super-news.info\/pt\/"},{"@type":"ListItem","position":2,"name":"Racionamento de combust\u00edvel mant\u00eam-se por agora mas s\u00f3 nos 310 postos priorit\u00e1rios \u2013 O Jornal Econ\u00f3mico"}]},{"@type":"WebSite","@id":"https:\/\/super-news.info\/pt\/#website","url":"https:\/\/super-news.info\/pt\/","name":"Super News","description":"Super News Portugal","potentialAction":[{"@type":"SearchAction","target":{"@type":"EntryPoint","urlTemplate":"https:\/\/super-news.info\/pt\/?s={search_term_string}"},"query-input":{"@type":"PropertyValueSpecification","valueRequired":true,"valueName":"search_term_string"}}],"inLanguage":"pt-PT"},{"@type":"Person","@id":"https:\/\/super-news.info\/pt\/#\/schema\/person\/2d4068cb2f39cd10008c2fce578a7356","name":"super-news","image":{"@type":"ImageObject","inLanguage":"pt-PT","@id":"https:\/\/secure.gravatar.com\/avatar\/64ebac40b93f26a154f8a9b5b6fdccfc46f442b26b3dd6756dbff3bf9dc76fd7?s=96&d=mm&r=g","url":"https:\/\/secure.gravatar.com\/avatar\/64ebac40b93f26a154f8a9b5b6fdccfc46f442b26b3dd6756dbff3bf9dc76fd7?s=96&d=mm&r=g","contentUrl":"https:\/\/secure.gravatar.com\/avatar\/64ebac40b93f26a154f8a9b5b6fdccfc46f442b26b3dd6756dbff3bf9dc76fd7?s=96&d=mm&r=g","caption":"super-news"},"url":"https:\/\/super-news.info\/pt\/author\/pt\/"}]}},"_links":{"self":[{"href":"https:\/\/super-news.info\/pt\/wp-json\/wp\/v2\/posts\/517","targetHints":{"allow":["GET"]}}],"collection":[{"href":"https:\/\/super-news.info\/pt\/wp-json\/wp\/v2\/posts"}],"about":[{"href":"https:\/\/super-news.info\/pt\/wp-json\/wp\/v2\/types\/post"}],"author":[{"embeddable":true,"href":"https:\/\/super-news.info\/pt\/wp-json\/wp\/v2\/users\/2"}],"replies":[{"embeddable":true,"href":"https:\/\/super-news.info\/pt\/wp-json\/wp\/v2\/comments?post=517"}],"version-history":[{"count":4,"href":"https:\/\/super-news.info\/pt\/wp-json\/wp\/v2\/posts\/517\/revisions"}],"predecessor-version":[{"id":5272,"href":"https:\/\/super-news.info\/pt\/wp-json\/wp\/v2\/posts\/517\/revisions\/5272"}],"wp:featuredmedia":[{"embeddable":true,"href":"https:\/\/super-news.info\/pt\/wp-json\/wp\/v2\/media\/518"}],"wp:attachment":[{"href":"https:\/\/super-news.info\/pt\/wp-json\/wp\/v2\/media?parent=517"}],"wp:term":[{"taxonomy":"category","embeddable":true,"href":"https:\/\/super-news.info\/pt\/wp-json\/wp\/v2\/categories?post=517"},{"taxonomy":"post_tag","embeddable":true,"href":"https:\/\/super-news.info\/pt\/wp-json\/wp\/v2\/tags?post=517"}],"curies":[{"name":"wp","href":"https:\/\/api.w.org\/{rel}","templated":true}]}}