{"id":5137,"date":"2020-11-02T12:53:36","date_gmt":"2020-11-02T09:53:36","guid":{"rendered":"https:\/\/super-news.info\/pt\/lisboa-recebe-primeiro-espaco-fisico-da-la-redoute-no-mercado-portugues-meios-publicidade\/"},"modified":"2020-11-02T12:53:39","modified_gmt":"2020-11-02T09:53:39","slug":"lisboa-recebe-primeiro-espaco-fisico-da-la-redoute-no-mercado-portugues-meios-publicidade","status":"publish","type":"post","link":"https:\/\/super-news.info\/pt\/lisboa-recebe-primeiro-espaco-fisico-da-la-redoute-no-mercado-portugues-meios-publicidade\/","title":{"rendered":"Lisboa recebe primeiro espa\u00e7o f\u00edsico da La Redoute no mercado portugu\u00eas &#8211; Meios &#038; Publicidade"},"content":{"rendered":"<p>A La Redoute, marca presente no mercado portugu\u00eas h\u00e1 mais de tr\u00eas d\u00e9cadas com base no conceito de venda \u00e0 dist\u00e2ncia, abriu pela primeira vez uma loja f\u00edsica em Portugal. Localizada nas Avenidas Novas, em Lisboa, trata-se de uma pop-up store dedicada ao segmento da casa e decora\u00e7\u00e3o, com um total de 400 metros quadrados distribu\u00eddos por dois pisos. A abertura deste espa\u00e7o, explica a marca em nota de imprensa, \u201c\u00e9 parte integrante dos planos de expans\u00e3o da La Redoute em Portugal, que pretende potenciar o mercado estrat\u00e9gico da decora\u00e7\u00e3o e manter o seu ritmo de crescimento a dois d\u00edgitos\u201d.<br \/>\n\u201cEstamos conscientes de que a afirma\u00e7\u00e3o da nossa aposta no segmento casa est\u00e1 intrinsecamente ligada a uma maior pondera\u00e7\u00e3o no momento da compra por parte do consumidor por se tratar de artigos de maior investimento. Com a abertura de um espa\u00e7o f\u00edsico, os nossos clientes ter\u00e3o a oportunidade de apreciar ao vivo os produtos, inspirarem-se pelos ambientes propostos, esclarecer d\u00favidas recorrendo ao apoio de consultoria dado pelas nossas assistentes na loja\u201d, justifica Paulo Mateus Pinto, CEO da La Redoute Portugal, referindo que \u201cno final o que est\u00e1 em causa \u00e9 o proporcionar ao cliente a melhor experi\u00eancia poss\u00edvel\u201d.<br \/>\n\u201cA abertura da loja representa hoje o fechar de um ciclo e a satisfa\u00e7\u00e3o de uma necessidade do consumidor. Evolu\u00edmos de um conceito tradicional de venda por cat\u00e1logo, para um mundo 100% digital, actualmente com foco no mobile\u201d, acrescenta o respons\u00e1vel, reconhecendo que \u201cexistia, portanto, a necessidade de encontrar um equil\u00edbrio que hoje \u00e9 perfeitamente traduzido pelos pressupostos de omnicanalidade, ou seja, um meio termo entre os desafios do e-commerce e a necessidade da materializa\u00e7\u00e3o da oferta\u201d.<\/p>\n<p>\n<!--noindex--><br \/>\n<a href=\"https:\/\/www.meiosepublicidade.pt\/2020\/10\/lisboa-recebe-primeiro-espaco-fisico-da-la-redoute-no-mercado-portugues\/\" rel=\"nofollow\">Source link <\/a><br \/>\n<!--\/noindex--><\/p>\n","protected":false},"excerpt":{"rendered":"<p>A La Redoute, marca presente no mercado portugu\u00eas h\u00e1 mais de tr\u00eas d\u00e9cadas com base no conceito de venda \u00e0 dist\u00e2ncia, abriu pela primeira vez uma loja f\u00edsica em Portugal. Localizada nas Avenidas Novas, em Lisboa, trata-se de uma pop-up store dedicada ao segmento da casa e decora\u00e7\u00e3o, com um total de 400 metros quadrados [&hellip;]<\/p>\n","protected":false},"author":2,"featured_media":5138,"comment_status":"open","ping_status":"open","sticky":false,"template":"","format":"standard","meta":{"footnotes":""},"categories":[2],"tags":[],"class_list":["post-5137","post","type-post","status-publish","format-standard","has-post-thumbnail","hentry","category-noticias-de-marketing-digital"],"yoast_head":"<!-- This site is optimized with the Yoast SEO plugin v27.4 - https:\/\/yoast.com\/product\/yoast-seo-wordpress\/ -->\n<title>Lisboa recebe primeiro espa\u00e7o f\u00edsico da La Redoute no mercado portugu\u00eas - Meios &amp; Publicidade - Super News<\/title>\n<meta name=\"robots\" content=\"index, follow, max-snippet:-1, max-image-preview:large, max-video-preview:-1\" \/>\n<link rel=\"canonical\" href=\"https:\/\/super-news.info\/pt\/lisboa-recebe-primeiro-espaco-fisico-da-la-redoute-no-mercado-portugues-meios-publicidade\/\" \/>\n<meta property=\"og:locale\" content=\"pt_PT\" \/>\n<meta property=\"og:type\" content=\"article\" \/>\n<meta property=\"og:title\" content=\"Lisboa recebe primeiro espa\u00e7o f\u00edsico da La Redoute no mercado portugu\u00eas - Meios &amp; Publicidade - Super News\" \/>\n<meta property=\"og:description\" content=\"A La Redoute, marca presente no mercado portugu\u00eas h\u00e1 mais de tr\u00eas d\u00e9cadas com base no conceito de venda \u00e0 dist\u00e2ncia, abriu pela primeira vez uma loja f\u00edsica em Portugal. Localizada nas Avenidas Novas, em Lisboa, trata-se de uma pop-up store dedicada ao segmento da casa e decora\u00e7\u00e3o, com um total de 400 metros quadrados [&hellip;]\" \/>\n<meta property=\"og:url\" content=\"https:\/\/super-news.info\/pt\/lisboa-recebe-primeiro-espaco-fisico-da-la-redoute-no-mercado-portugues-meios-publicidade\/\" \/>\n<meta property=\"og:site_name\" content=\"Super News\" \/>\n<meta property=\"article:published_time\" content=\"2020-11-02T09:53:36+00:00\" \/>\n<meta property=\"article:modified_time\" content=\"2020-11-02T09:53:39+00:00\" \/>\n<meta property=\"og:image\" content=\"https:\/\/super-news.info\/pt\/wp-content\/uploads\/sites\/2\/2020\/11\/Lisboa-recebe-primeiro-espa-o-f-sico-da-La-Redoute-no-mercado.jpg\" \/>\n\t<meta property=\"og:image:width\" content=\"950\" \/>\n\t<meta property=\"og:image:height\" content=\"633\" \/>\n\t<meta property=\"og:image:type\" content=\"image\/jpeg\" \/>\n<meta name=\"author\" content=\"super-news\" \/>\n<meta name=\"twitter:card\" content=\"summary_large_image\" \/>\n<meta name=\"twitter:label1\" content=\"Escrito por\" \/>\n\t<meta name=\"twitter:data1\" content=\"super-news\" \/>\n\t<meta name=\"twitter:label2\" content=\"Tempo estimado de leitura\" \/>\n\t<meta name=\"twitter:data2\" content=\"1 minuto\" \/>\n<script type=\"application\/ld+json\" class=\"yoast-schema-graph\">{\"@context\":\"https:\\\/\\\/schema.org\",\"@graph\":[{\"@type\":\"Article\",\"@id\":\"https:\\\/\\\/super-news.info\\\/pt\\\/lisboa-recebe-primeiro-espaco-fisico-da-la-redoute-no-mercado-portugues-meios-publicidade\\\/#article\",\"isPartOf\":{\"@id\":\"https:\\\/\\\/super-news.info\\\/pt\\\/lisboa-recebe-primeiro-espaco-fisico-da-la-redoute-no-mercado-portugues-meios-publicidade\\\/\"},\"author\":{\"name\":\"super-news\",\"@id\":\"https:\\\/\\\/super-news.info\\\/pt\\\/#\\\/schema\\\/person\\\/2d4068cb2f39cd10008c2fce578a7356\"},\"headline\":\"Lisboa recebe primeiro espa\u00e7o f\u00edsico da La Redoute no mercado portugu\u00eas &#8211; Meios &#038; Publicidade\",\"datePublished\":\"2020-11-02T09:53:36+00:00\",\"dateModified\":\"2020-11-02T09:53:39+00:00\",\"mainEntityOfPage\":{\"@id\":\"https:\\\/\\\/super-news.info\\\/pt\\\/lisboa-recebe-primeiro-espaco-fisico-da-la-redoute-no-mercado-portugues-meios-publicidade\\\/\"},\"wordCount\":314,\"commentCount\":0,\"image\":{\"@id\":\"https:\\\/\\\/super-news.info\\\/pt\\\/lisboa-recebe-primeiro-espaco-fisico-da-la-redoute-no-mercado-portugues-meios-publicidade\\\/#primaryimage\"},\"thumbnailUrl\":\"https:\\\/\\\/super-news.info\\\/pt\\\/wp-content\\\/uploads\\\/sites\\\/2\\\/2020\\\/11\\\/Lisboa-recebe-primeiro-espa-o-f-sico-da-La-Redoute-no-mercado.jpg\",\"articleSection\":[\"NOT\u00cdCIAS DE MARKETING DIGITAL\"],\"inLanguage\":\"pt-PT\",\"potentialAction\":[{\"@type\":\"CommentAction\",\"name\":\"Comment\",\"target\":[\"https:\\\/\\\/super-news.info\\\/pt\\\/lisboa-recebe-primeiro-espaco-fisico-da-la-redoute-no-mercado-portugues-meios-publicidade\\\/#respond\"]}]},{\"@type\":\"WebPage\",\"@id\":\"https:\\\/\\\/super-news.info\\\/pt\\\/lisboa-recebe-primeiro-espaco-fisico-da-la-redoute-no-mercado-portugues-meios-publicidade\\\/\",\"url\":\"https:\\\/\\\/super-news.info\\\/pt\\\/lisboa-recebe-primeiro-espaco-fisico-da-la-redoute-no-mercado-portugues-meios-publicidade\\\/\",\"name\":\"Lisboa recebe primeiro espa\u00e7o f\u00edsico da La Redoute no mercado portugu\u00eas - Meios & Publicidade - Super News\",\"isPartOf\":{\"@id\":\"https:\\\/\\\/super-news.info\\\/pt\\\/#website\"},\"primaryImageOfPage\":{\"@id\":\"https:\\\/\\\/super-news.info\\\/pt\\\/lisboa-recebe-primeiro-espaco-fisico-da-la-redoute-no-mercado-portugues-meios-publicidade\\\/#primaryimage\"},\"image\":{\"@id\":\"https:\\\/\\\/super-news.info\\\/pt\\\/lisboa-recebe-primeiro-espaco-fisico-da-la-redoute-no-mercado-portugues-meios-publicidade\\\/#primaryimage\"},\"thumbnailUrl\":\"https:\\\/\\\/super-news.info\\\/pt\\\/wp-content\\\/uploads\\\/sites\\\/2\\\/2020\\\/11\\\/Lisboa-recebe-primeiro-espa-o-f-sico-da-La-Redoute-no-mercado.jpg\",\"datePublished\":\"2020-11-02T09:53:36+00:00\",\"dateModified\":\"2020-11-02T09:53:39+00:00\",\"author\":{\"@id\":\"https:\\\/\\\/super-news.info\\\/pt\\\/#\\\/schema\\\/person\\\/2d4068cb2f39cd10008c2fce578a7356\"},\"breadcrumb\":{\"@id\":\"https:\\\/\\\/super-news.info\\\/pt\\\/lisboa-recebe-primeiro-espaco-fisico-da-la-redoute-no-mercado-portugues-meios-publicidade\\\/#breadcrumb\"},\"inLanguage\":\"pt-PT\",\"potentialAction\":[{\"@type\":\"ReadAction\",\"target\":[\"https:\\\/\\\/super-news.info\\\/pt\\\/lisboa-recebe-primeiro-espaco-fisico-da-la-redoute-no-mercado-portugues-meios-publicidade\\\/\"]}]},{\"@type\":\"ImageObject\",\"inLanguage\":\"pt-PT\",\"@id\":\"https:\\\/\\\/super-news.info\\\/pt\\\/lisboa-recebe-primeiro-espaco-fisico-da-la-redoute-no-mercado-portugues-meios-publicidade\\\/#primaryimage\",\"url\":\"https:\\\/\\\/super-news.info\\\/pt\\\/wp-content\\\/uploads\\\/sites\\\/2\\\/2020\\\/11\\\/Lisboa-recebe-primeiro-espa-o-f-sico-da-La-Redoute-no-mercado.jpg\",\"contentUrl\":\"https:\\\/\\\/super-news.info\\\/pt\\\/wp-content\\\/uploads\\\/sites\\\/2\\\/2020\\\/11\\\/Lisboa-recebe-primeiro-espa-o-f-sico-da-La-Redoute-no-mercado.jpg\",\"width\":950,\"height\":633,\"caption\":\"Lisboa recebe primeiro espa\u00e7o f\u00edsico da La Redoute no mercado portugu\u00eas - Meios & Publicidade\"},{\"@type\":\"BreadcrumbList\",\"@id\":\"https:\\\/\\\/super-news.info\\\/pt\\\/lisboa-recebe-primeiro-espaco-fisico-da-la-redoute-no-mercado-portugues-meios-publicidade\\\/#breadcrumb\",\"itemListElement\":[{\"@type\":\"ListItem\",\"position\":1,\"name\":\"\u0413\u043b\u0430\u0432\u043d\u0430\u044f \u0441\u0442\u0440\u0430\u043d\u0438\u0446\u0430\",\"item\":\"https:\\\/\\\/super-news.info\\\/pt\\\/\"},{\"@type\":\"ListItem\",\"position\":2,\"name\":\"Lisboa recebe primeiro espa\u00e7o f\u00edsico da La Redoute no mercado portugu\u00eas &#8211; Meios &#038; Publicidade\"}]},{\"@type\":\"WebSite\",\"@id\":\"https:\\\/\\\/super-news.info\\\/pt\\\/#website\",\"url\":\"https:\\\/\\\/super-news.info\\\/pt\\\/\",\"name\":\"Super News\",\"description\":\"Super News Portugal\",\"potentialAction\":[{\"@type\":\"SearchAction\",\"target\":{\"@type\":\"EntryPoint\",\"urlTemplate\":\"https:\\\/\\\/super-news.info\\\/pt\\\/?s={search_term_string}\"},\"query-input\":{\"@type\":\"PropertyValueSpecification\",\"valueRequired\":true,\"valueName\":\"search_term_string\"}}],\"inLanguage\":\"pt-PT\"},{\"@type\":\"Person\",\"@id\":\"https:\\\/\\\/super-news.info\\\/pt\\\/#\\\/schema\\\/person\\\/2d4068cb2f39cd10008c2fce578a7356\",\"name\":\"super-news\",\"image\":{\"@type\":\"ImageObject\",\"inLanguage\":\"pt-PT\",\"@id\":\"https:\\\/\\\/secure.gravatar.com\\\/avatar\\\/64ebac40b93f26a154f8a9b5b6fdccfc46f442b26b3dd6756dbff3bf9dc76fd7?s=96&d=mm&r=g\",\"url\":\"https:\\\/\\\/secure.gravatar.com\\\/avatar\\\/64ebac40b93f26a154f8a9b5b6fdccfc46f442b26b3dd6756dbff3bf9dc76fd7?s=96&d=mm&r=g\",\"contentUrl\":\"https:\\\/\\\/secure.gravatar.com\\\/avatar\\\/64ebac40b93f26a154f8a9b5b6fdccfc46f442b26b3dd6756dbff3bf9dc76fd7?s=96&d=mm&r=g\",\"caption\":\"super-news\"},\"url\":\"https:\\\/\\\/super-news.info\\\/pt\\\/author\\\/pt\\\/\"}]}<\/script>\n<!-- \/ Yoast SEO plugin. -->","yoast_head_json":{"title":"Lisboa recebe primeiro espa\u00e7o f\u00edsico da La Redoute no mercado portugu\u00eas - Meios & Publicidade - Super News","robots":{"index":"index","follow":"follow","max-snippet":"max-snippet:-1","max-image-preview":"max-image-preview:large","max-video-preview":"max-video-preview:-1"},"canonical":"https:\/\/super-news.info\/pt\/lisboa-recebe-primeiro-espaco-fisico-da-la-redoute-no-mercado-portugues-meios-publicidade\/","og_locale":"pt_PT","og_type":"article","og_title":"Lisboa recebe primeiro espa\u00e7o f\u00edsico da La Redoute no mercado portugu\u00eas - Meios & Publicidade - Super News","og_description":"A La Redoute, marca presente no mercado portugu\u00eas h\u00e1 mais de tr\u00eas d\u00e9cadas com base no conceito de venda \u00e0 dist\u00e2ncia, abriu pela primeira vez uma loja f\u00edsica em Portugal. Localizada nas Avenidas Novas, em Lisboa, trata-se de uma pop-up store dedicada ao segmento da casa e decora\u00e7\u00e3o, com um total de 400 metros quadrados [&hellip;]","og_url":"https:\/\/super-news.info\/pt\/lisboa-recebe-primeiro-espaco-fisico-da-la-redoute-no-mercado-portugues-meios-publicidade\/","og_site_name":"Super News","article_published_time":"2020-11-02T09:53:36+00:00","article_modified_time":"2020-11-02T09:53:39+00:00","og_image":[{"width":950,"height":633,"url":"https:\/\/super-news.info\/pt\/wp-content\/uploads\/sites\/2\/2020\/11\/Lisboa-recebe-primeiro-espa-o-f-sico-da-La-Redoute-no-mercado.jpg","type":"image\/jpeg"}],"author":"super-news","twitter_card":"summary_large_image","twitter_misc":{"Escrito por":"super-news","Tempo estimado de leitura":"1 minuto"},"schema":{"@context":"https:\/\/schema.org","@graph":[{"@type":"Article","@id":"https:\/\/super-news.info\/pt\/lisboa-recebe-primeiro-espaco-fisico-da-la-redoute-no-mercado-portugues-meios-publicidade\/#article","isPartOf":{"@id":"https:\/\/super-news.info\/pt\/lisboa-recebe-primeiro-espaco-fisico-da-la-redoute-no-mercado-portugues-meios-publicidade\/"},"author":{"name":"super-news","@id":"https:\/\/super-news.info\/pt\/#\/schema\/person\/2d4068cb2f39cd10008c2fce578a7356"},"headline":"Lisboa recebe primeiro espa\u00e7o f\u00edsico da La Redoute no mercado portugu\u00eas &#8211; Meios &#038; Publicidade","datePublished":"2020-11-02T09:53:36+00:00","dateModified":"2020-11-02T09:53:39+00:00","mainEntityOfPage":{"@id":"https:\/\/super-news.info\/pt\/lisboa-recebe-primeiro-espaco-fisico-da-la-redoute-no-mercado-portugues-meios-publicidade\/"},"wordCount":314,"commentCount":0,"image":{"@id":"https:\/\/super-news.info\/pt\/lisboa-recebe-primeiro-espaco-fisico-da-la-redoute-no-mercado-portugues-meios-publicidade\/#primaryimage"},"thumbnailUrl":"https:\/\/super-news.info\/pt\/wp-content\/uploads\/sites\/2\/2020\/11\/Lisboa-recebe-primeiro-espa-o-f-sico-da-La-Redoute-no-mercado.jpg","articleSection":["NOT\u00cdCIAS DE MARKETING DIGITAL"],"inLanguage":"pt-PT","potentialAction":[{"@type":"CommentAction","name":"Comment","target":["https:\/\/super-news.info\/pt\/lisboa-recebe-primeiro-espaco-fisico-da-la-redoute-no-mercado-portugues-meios-publicidade\/#respond"]}]},{"@type":"WebPage","@id":"https:\/\/super-news.info\/pt\/lisboa-recebe-primeiro-espaco-fisico-da-la-redoute-no-mercado-portugues-meios-publicidade\/","url":"https:\/\/super-news.info\/pt\/lisboa-recebe-primeiro-espaco-fisico-da-la-redoute-no-mercado-portugues-meios-publicidade\/","name":"Lisboa recebe primeiro espa\u00e7o f\u00edsico da La Redoute no mercado portugu\u00eas - Meios & Publicidade - Super News","isPartOf":{"@id":"https:\/\/super-news.info\/pt\/#website"},"primaryImageOfPage":{"@id":"https:\/\/super-news.info\/pt\/lisboa-recebe-primeiro-espaco-fisico-da-la-redoute-no-mercado-portugues-meios-publicidade\/#primaryimage"},"image":{"@id":"https:\/\/super-news.info\/pt\/lisboa-recebe-primeiro-espaco-fisico-da-la-redoute-no-mercado-portugues-meios-publicidade\/#primaryimage"},"thumbnailUrl":"https:\/\/super-news.info\/pt\/wp-content\/uploads\/sites\/2\/2020\/11\/Lisboa-recebe-primeiro-espa-o-f-sico-da-La-Redoute-no-mercado.jpg","datePublished":"2020-11-02T09:53:36+00:00","dateModified":"2020-11-02T09:53:39+00:00","author":{"@id":"https:\/\/super-news.info\/pt\/#\/schema\/person\/2d4068cb2f39cd10008c2fce578a7356"},"breadcrumb":{"@id":"https:\/\/super-news.info\/pt\/lisboa-recebe-primeiro-espaco-fisico-da-la-redoute-no-mercado-portugues-meios-publicidade\/#breadcrumb"},"inLanguage":"pt-PT","potentialAction":[{"@type":"ReadAction","target":["https:\/\/super-news.info\/pt\/lisboa-recebe-primeiro-espaco-fisico-da-la-redoute-no-mercado-portugues-meios-publicidade\/"]}]},{"@type":"ImageObject","inLanguage":"pt-PT","@id":"https:\/\/super-news.info\/pt\/lisboa-recebe-primeiro-espaco-fisico-da-la-redoute-no-mercado-portugues-meios-publicidade\/#primaryimage","url":"https:\/\/super-news.info\/pt\/wp-content\/uploads\/sites\/2\/2020\/11\/Lisboa-recebe-primeiro-espa-o-f-sico-da-La-Redoute-no-mercado.jpg","contentUrl":"https:\/\/super-news.info\/pt\/wp-content\/uploads\/sites\/2\/2020\/11\/Lisboa-recebe-primeiro-espa-o-f-sico-da-La-Redoute-no-mercado.jpg","width":950,"height":633,"caption":"Lisboa recebe primeiro espa\u00e7o f\u00edsico da La Redoute no mercado portugu\u00eas - Meios & Publicidade"},{"@type":"BreadcrumbList","@id":"https:\/\/super-news.info\/pt\/lisboa-recebe-primeiro-espaco-fisico-da-la-redoute-no-mercado-portugues-meios-publicidade\/#breadcrumb","itemListElement":[{"@type":"ListItem","position":1,"name":"\u0413\u043b\u0430\u0432\u043d\u0430\u044f \u0441\u0442\u0440\u0430\u043d\u0438\u0446\u0430","item":"https:\/\/super-news.info\/pt\/"},{"@type":"ListItem","position":2,"name":"Lisboa recebe primeiro espa\u00e7o f\u00edsico da La Redoute no mercado portugu\u00eas &#8211; Meios &#038; Publicidade"}]},{"@type":"WebSite","@id":"https:\/\/super-news.info\/pt\/#website","url":"https:\/\/super-news.info\/pt\/","name":"Super News","description":"Super News Portugal","potentialAction":[{"@type":"SearchAction","target":{"@type":"EntryPoint","urlTemplate":"https:\/\/super-news.info\/pt\/?s={search_term_string}"},"query-input":{"@type":"PropertyValueSpecification","valueRequired":true,"valueName":"search_term_string"}}],"inLanguage":"pt-PT"},{"@type":"Person","@id":"https:\/\/super-news.info\/pt\/#\/schema\/person\/2d4068cb2f39cd10008c2fce578a7356","name":"super-news","image":{"@type":"ImageObject","inLanguage":"pt-PT","@id":"https:\/\/secure.gravatar.com\/avatar\/64ebac40b93f26a154f8a9b5b6fdccfc46f442b26b3dd6756dbff3bf9dc76fd7?s=96&d=mm&r=g","url":"https:\/\/secure.gravatar.com\/avatar\/64ebac40b93f26a154f8a9b5b6fdccfc46f442b26b3dd6756dbff3bf9dc76fd7?s=96&d=mm&r=g","contentUrl":"https:\/\/secure.gravatar.com\/avatar\/64ebac40b93f26a154f8a9b5b6fdccfc46f442b26b3dd6756dbff3bf9dc76fd7?s=96&d=mm&r=g","caption":"super-news"},"url":"https:\/\/super-news.info\/pt\/author\/pt\/"}]}},"_links":{"self":[{"href":"https:\/\/super-news.info\/pt\/wp-json\/wp\/v2\/posts\/5137","targetHints":{"allow":["GET"]}}],"collection":[{"href":"https:\/\/super-news.info\/pt\/wp-json\/wp\/v2\/posts"}],"about":[{"href":"https:\/\/super-news.info\/pt\/wp-json\/wp\/v2\/types\/post"}],"author":[{"embeddable":true,"href":"https:\/\/super-news.info\/pt\/wp-json\/wp\/v2\/users\/2"}],"replies":[{"embeddable":true,"href":"https:\/\/super-news.info\/pt\/wp-json\/wp\/v2\/comments?post=5137"}],"version-history":[{"count":1,"href":"https:\/\/super-news.info\/pt\/wp-json\/wp\/v2\/posts\/5137\/revisions"}],"predecessor-version":[{"id":5139,"href":"https:\/\/super-news.info\/pt\/wp-json\/wp\/v2\/posts\/5137\/revisions\/5139"}],"wp:featuredmedia":[{"embeddable":true,"href":"https:\/\/super-news.info\/pt\/wp-json\/wp\/v2\/media\/5138"}],"wp:attachment":[{"href":"https:\/\/super-news.info\/pt\/wp-json\/wp\/v2\/media?parent=5137"}],"wp:term":[{"taxonomy":"category","embeddable":true,"href":"https:\/\/super-news.info\/pt\/wp-json\/wp\/v2\/categories?post=5137"},{"taxonomy":"post_tag","embeddable":true,"href":"https:\/\/super-news.info\/pt\/wp-json\/wp\/v2\/tags?post=5137"}],"curies":[{"name":"wp","href":"https:\/\/api.w.org\/{rel}","templated":true}]}}