{"id":5114,"date":"2020-10-26T03:19:13","date_gmt":"2020-10-26T00:19:13","guid":{"rendered":"https:\/\/super-news.info\/pt\/afonso-cruzeiro-novo-director-de-marketing-de-mass-market-da-loreal-portugal-tiago-melo-com-cargo-mundial-em-paris-meios-publicidade\/"},"modified":"2020-10-26T03:19:14","modified_gmt":"2020-10-26T00:19:14","slug":"afonso-cruzeiro-novo-director-de-marketing-de-mass-market-da-loreal-portugal-tiago-melo-com-cargo-mundial-em-paris-meios-publicidade","status":"publish","type":"post","link":"https:\/\/super-news.info\/pt\/afonso-cruzeiro-novo-director-de-marketing-de-mass-market-da-loreal-portugal-tiago-melo-com-cargo-mundial-em-paris-meios-publicidade\/","title":{"rendered":"Afonso Cruzeiro novo director de marketing de mass market da L&#8217;Or\u00e9al Portugal. Tiago Melo com cargo mundial em Paris &#8211; Meios &#038; Publicidade"},"content":{"rendered":"<p>Afonso Cruzeiro \u00e9 o novo director de marketing mass market da L\u2019Or\u00e9al Portugal onde ficar\u00e1, a partir de meio de Novembro, com a responsabilidade das marcas de grande consumo da divis\u00e3o. O profissional vai substituir Tiago Melo, que ir\u00e1 para Paris como global marketing manager da L\u2019Or\u00e9al Paris Men Expert, onde assume o segmento masculino da marca L\u2019Or\u00e9al Paris a n\u00edvel mundial. Tiago Melo j\u00e1 tinha trabalhado na capital francesa como marketing coordinator Europe da L\u2019Or\u00e9al Paris.<br \/>\n\u201cNos \u00faltimos dois anos realiz\u00e1mos um trabalho de proximidade com os portugueses e os resultados est\u00e3o \u00e0 vista: um enorme crescimento da posi\u00e7\u00e3o de L\u2019Or\u00e9al Paris no segmento de cuidados de rosto, masculino e colora\u00e7\u00e3o\u201d, considera Tiago Melo. \u201cForam v\u00e1rios os momentos que considero marcantes para o posicionamento das marcas. Em Garnier, refor\u00e7\u00e1mos o eixo da sustentabilidade com o lan\u00e7amento de Green Beauty, que assume metas firmes e que se traduz no lan\u00e7amento de produtos inovadores, como \u00e9 o caso de shampoos s\u00f3lidos ou Fructis Hairfood. Em L\u2019Or\u00e9al Paris marc\u00e1mos a hist\u00f3ria da marca com uma nova embaixadora, Cristina Ferreira, que aproximou a marca das mulheres portuguesas\u201d, refor\u00e7a o mesmo respons\u00e1vel.<br \/>\nAfonso Cruzeiro encontrava-se at\u00e9 aqui em Londres, onde assumia o cargo de hair brand business director na L\u2019Or\u00e9al. Licenciado em Economia pela Universidade de Coimbra e mestre em Gest\u00e3o pela Universidade Nova, Afonso Cruzeiro passou tamb\u00e9m pelo Sporting Clube de Portugal e pela Henkel, at\u00e9 entrar h\u00e1 sete anos na L\u2019Or\u00e9al.<\/p>\n<p>\n<!--noindex--><br \/>\n<a href=\"https:\/\/www.meiosepublicidade.pt\/2020\/10\/afonso-cruzeiro-novo-director-marketing-da-loreal-portugal-tiago-melo-cargo-mundial-paris\/\" rel=\"nofollow\">Source link <\/a><br \/>\n<!--\/noindex--><\/p>\n","protected":false},"excerpt":{"rendered":"<p>Afonso Cruzeiro \u00e9 o novo director de marketing mass market da L\u2019Or\u00e9al Portugal onde ficar\u00e1, a partir de meio de Novembro, com a responsabilidade das marcas de grande consumo da divis\u00e3o. O profissional vai substituir Tiago Melo, que ir\u00e1 para Paris como global marketing manager da L\u2019Or\u00e9al Paris Men Expert, onde assume o segmento masculino [&hellip;]<\/p>\n","protected":false},"author":2,"featured_media":5115,"comment_status":"open","ping_status":"open","sticky":false,"template":"","format":"standard","meta":{"footnotes":""},"categories":[2],"tags":[],"class_list":["post-5114","post","type-post","status-publish","format-standard","has-post-thumbnail","hentry","category-noticias-de-marketing-digital"],"yoast_head":"<!-- This site is optimized with the Yoast SEO plugin v27.4 - https:\/\/yoast.com\/product\/yoast-seo-wordpress\/ -->\n<title>Afonso Cruzeiro novo director de marketing de mass market da L&#039;Or\u00e9al Portugal. Tiago Melo com cargo mundial em Paris - Meios &amp; Publicidade - Super News<\/title>\n<meta name=\"robots\" content=\"index, follow, max-snippet:-1, max-image-preview:large, max-video-preview:-1\" \/>\n<link rel=\"canonical\" href=\"https:\/\/super-news.info\/pt\/afonso-cruzeiro-novo-director-de-marketing-de-mass-market-da-loreal-portugal-tiago-melo-com-cargo-mundial-em-paris-meios-publicidade\/\" \/>\n<meta property=\"og:locale\" content=\"pt_PT\" \/>\n<meta property=\"og:type\" content=\"article\" \/>\n<meta property=\"og:title\" content=\"Afonso Cruzeiro novo director de marketing de mass market da L&#039;Or\u00e9al Portugal. Tiago Melo com cargo mundial em Paris - Meios &amp; Publicidade - Super News\" \/>\n<meta property=\"og:description\" content=\"Afonso Cruzeiro \u00e9 o novo director de marketing mass market da L\u2019Or\u00e9al Portugal onde ficar\u00e1, a partir de meio de Novembro, com a responsabilidade das marcas de grande consumo da divis\u00e3o. O profissional vai substituir Tiago Melo, que ir\u00e1 para Paris como global marketing manager da L\u2019Or\u00e9al Paris Men Expert, onde assume o segmento masculino [&hellip;]\" \/>\n<meta property=\"og:url\" content=\"https:\/\/super-news.info\/pt\/afonso-cruzeiro-novo-director-de-marketing-de-mass-market-da-loreal-portugal-tiago-melo-com-cargo-mundial-em-paris-meios-publicidade\/\" \/>\n<meta property=\"og:site_name\" content=\"Super News\" \/>\n<meta property=\"article:published_time\" content=\"2020-10-26T00:19:13+00:00\" \/>\n<meta property=\"article:modified_time\" content=\"2020-10-26T00:19:14+00:00\" \/>\n<meta property=\"og:image\" content=\"https:\/\/super-news.info\/pt\/wp-content\/uploads\/sites\/2\/2020\/10\/Afonso-Cruzeiro-novo-director-de-marketing-de-mass-market-da.jpg\" \/>\n\t<meta property=\"og:image:width\" content=\"919\" \/>\n\t<meta property=\"og:image:height\" content=\"360\" \/>\n\t<meta property=\"og:image:type\" content=\"image\/jpeg\" \/>\n<meta name=\"author\" content=\"super-news\" \/>\n<meta name=\"twitter:card\" content=\"summary_large_image\" \/>\n<meta name=\"twitter:label1\" content=\"Escrito por\" \/>\n\t<meta name=\"twitter:data1\" content=\"super-news\" \/>\n\t<meta name=\"twitter:label2\" content=\"Tempo estimado de leitura\" \/>\n\t<meta name=\"twitter:data2\" content=\"1 minuto\" \/>\n<script type=\"application\/ld+json\" class=\"yoast-schema-graph\">{\"@context\":\"https:\\\/\\\/schema.org\",\"@graph\":[{\"@type\":\"Article\",\"@id\":\"https:\\\/\\\/super-news.info\\\/pt\\\/afonso-cruzeiro-novo-director-de-marketing-de-mass-market-da-loreal-portugal-tiago-melo-com-cargo-mundial-em-paris-meios-publicidade\\\/#article\",\"isPartOf\":{\"@id\":\"https:\\\/\\\/super-news.info\\\/pt\\\/afonso-cruzeiro-novo-director-de-marketing-de-mass-market-da-loreal-portugal-tiago-melo-com-cargo-mundial-em-paris-meios-publicidade\\\/\"},\"author\":{\"name\":\"super-news\",\"@id\":\"https:\\\/\\\/super-news.info\\\/pt\\\/#\\\/schema\\\/person\\\/2d4068cb2f39cd10008c2fce578a7356\"},\"headline\":\"Afonso Cruzeiro novo director de marketing de mass market da L&#8217;Or\u00e9al Portugal. Tiago Melo com cargo mundial em Paris &#8211; Meios &#038; Publicidade\",\"datePublished\":\"2020-10-26T00:19:13+00:00\",\"dateModified\":\"2020-10-26T00:19:14+00:00\",\"mainEntityOfPage\":{\"@id\":\"https:\\\/\\\/super-news.info\\\/pt\\\/afonso-cruzeiro-novo-director-de-marketing-de-mass-market-da-loreal-portugal-tiago-melo-com-cargo-mundial-em-paris-meios-publicidade\\\/\"},\"wordCount\":295,\"commentCount\":0,\"image\":{\"@id\":\"https:\\\/\\\/super-news.info\\\/pt\\\/afonso-cruzeiro-novo-director-de-marketing-de-mass-market-da-loreal-portugal-tiago-melo-com-cargo-mundial-em-paris-meios-publicidade\\\/#primaryimage\"},\"thumbnailUrl\":\"https:\\\/\\\/super-news.info\\\/pt\\\/wp-content\\\/uploads\\\/sites\\\/2\\\/2020\\\/10\\\/Afonso-Cruzeiro-novo-director-de-marketing-de-mass-market-da.jpg\",\"articleSection\":[\"NOT\u00cdCIAS DE MARKETING DIGITAL\"],\"inLanguage\":\"pt-PT\",\"potentialAction\":[{\"@type\":\"CommentAction\",\"name\":\"Comment\",\"target\":[\"https:\\\/\\\/super-news.info\\\/pt\\\/afonso-cruzeiro-novo-director-de-marketing-de-mass-market-da-loreal-portugal-tiago-melo-com-cargo-mundial-em-paris-meios-publicidade\\\/#respond\"]}]},{\"@type\":\"WebPage\",\"@id\":\"https:\\\/\\\/super-news.info\\\/pt\\\/afonso-cruzeiro-novo-director-de-marketing-de-mass-market-da-loreal-portugal-tiago-melo-com-cargo-mundial-em-paris-meios-publicidade\\\/\",\"url\":\"https:\\\/\\\/super-news.info\\\/pt\\\/afonso-cruzeiro-novo-director-de-marketing-de-mass-market-da-loreal-portugal-tiago-melo-com-cargo-mundial-em-paris-meios-publicidade\\\/\",\"name\":\"Afonso Cruzeiro novo director de marketing de mass market da L'Or\u00e9al Portugal. Tiago Melo com cargo mundial em Paris - Meios & Publicidade - Super News\",\"isPartOf\":{\"@id\":\"https:\\\/\\\/super-news.info\\\/pt\\\/#website\"},\"primaryImageOfPage\":{\"@id\":\"https:\\\/\\\/super-news.info\\\/pt\\\/afonso-cruzeiro-novo-director-de-marketing-de-mass-market-da-loreal-portugal-tiago-melo-com-cargo-mundial-em-paris-meios-publicidade\\\/#primaryimage\"},\"image\":{\"@id\":\"https:\\\/\\\/super-news.info\\\/pt\\\/afonso-cruzeiro-novo-director-de-marketing-de-mass-market-da-loreal-portugal-tiago-melo-com-cargo-mundial-em-paris-meios-publicidade\\\/#primaryimage\"},\"thumbnailUrl\":\"https:\\\/\\\/super-news.info\\\/pt\\\/wp-content\\\/uploads\\\/sites\\\/2\\\/2020\\\/10\\\/Afonso-Cruzeiro-novo-director-de-marketing-de-mass-market-da.jpg\",\"datePublished\":\"2020-10-26T00:19:13+00:00\",\"dateModified\":\"2020-10-26T00:19:14+00:00\",\"author\":{\"@id\":\"https:\\\/\\\/super-news.info\\\/pt\\\/#\\\/schema\\\/person\\\/2d4068cb2f39cd10008c2fce578a7356\"},\"breadcrumb\":{\"@id\":\"https:\\\/\\\/super-news.info\\\/pt\\\/afonso-cruzeiro-novo-director-de-marketing-de-mass-market-da-loreal-portugal-tiago-melo-com-cargo-mundial-em-paris-meios-publicidade\\\/#breadcrumb\"},\"inLanguage\":\"pt-PT\",\"potentialAction\":[{\"@type\":\"ReadAction\",\"target\":[\"https:\\\/\\\/super-news.info\\\/pt\\\/afonso-cruzeiro-novo-director-de-marketing-de-mass-market-da-loreal-portugal-tiago-melo-com-cargo-mundial-em-paris-meios-publicidade\\\/\"]}]},{\"@type\":\"ImageObject\",\"inLanguage\":\"pt-PT\",\"@id\":\"https:\\\/\\\/super-news.info\\\/pt\\\/afonso-cruzeiro-novo-director-de-marketing-de-mass-market-da-loreal-portugal-tiago-melo-com-cargo-mundial-em-paris-meios-publicidade\\\/#primaryimage\",\"url\":\"https:\\\/\\\/super-news.info\\\/pt\\\/wp-content\\\/uploads\\\/sites\\\/2\\\/2020\\\/10\\\/Afonso-Cruzeiro-novo-director-de-marketing-de-mass-market-da.jpg\",\"contentUrl\":\"https:\\\/\\\/super-news.info\\\/pt\\\/wp-content\\\/uploads\\\/sites\\\/2\\\/2020\\\/10\\\/Afonso-Cruzeiro-novo-director-de-marketing-de-mass-market-da.jpg\",\"width\":919,\"height\":360,\"caption\":\"Afonso Cruzeiro novo director de marketing de mass market da L'Or\u00e9al Portugal. Tiago Melo com cargo mundial em Paris - Meios & Publicidade\"},{\"@type\":\"BreadcrumbList\",\"@id\":\"https:\\\/\\\/super-news.info\\\/pt\\\/afonso-cruzeiro-novo-director-de-marketing-de-mass-market-da-loreal-portugal-tiago-melo-com-cargo-mundial-em-paris-meios-publicidade\\\/#breadcrumb\",\"itemListElement\":[{\"@type\":\"ListItem\",\"position\":1,\"name\":\"\u0413\u043b\u0430\u0432\u043d\u0430\u044f \u0441\u0442\u0440\u0430\u043d\u0438\u0446\u0430\",\"item\":\"https:\\\/\\\/super-news.info\\\/pt\\\/\"},{\"@type\":\"ListItem\",\"position\":2,\"name\":\"Afonso Cruzeiro novo director de marketing de mass market da L&#8217;Or\u00e9al Portugal. Tiago Melo com cargo mundial em Paris &#8211; Meios &#038; Publicidade\"}]},{\"@type\":\"WebSite\",\"@id\":\"https:\\\/\\\/super-news.info\\\/pt\\\/#website\",\"url\":\"https:\\\/\\\/super-news.info\\\/pt\\\/\",\"name\":\"Super News\",\"description\":\"Super News Portugal\",\"potentialAction\":[{\"@type\":\"SearchAction\",\"target\":{\"@type\":\"EntryPoint\",\"urlTemplate\":\"https:\\\/\\\/super-news.info\\\/pt\\\/?s={search_term_string}\"},\"query-input\":{\"@type\":\"PropertyValueSpecification\",\"valueRequired\":true,\"valueName\":\"search_term_string\"}}],\"inLanguage\":\"pt-PT\"},{\"@type\":\"Person\",\"@id\":\"https:\\\/\\\/super-news.info\\\/pt\\\/#\\\/schema\\\/person\\\/2d4068cb2f39cd10008c2fce578a7356\",\"name\":\"super-news\",\"image\":{\"@type\":\"ImageObject\",\"inLanguage\":\"pt-PT\",\"@id\":\"https:\\\/\\\/secure.gravatar.com\\\/avatar\\\/64ebac40b93f26a154f8a9b5b6fdccfc46f442b26b3dd6756dbff3bf9dc76fd7?s=96&d=mm&r=g\",\"url\":\"https:\\\/\\\/secure.gravatar.com\\\/avatar\\\/64ebac40b93f26a154f8a9b5b6fdccfc46f442b26b3dd6756dbff3bf9dc76fd7?s=96&d=mm&r=g\",\"contentUrl\":\"https:\\\/\\\/secure.gravatar.com\\\/avatar\\\/64ebac40b93f26a154f8a9b5b6fdccfc46f442b26b3dd6756dbff3bf9dc76fd7?s=96&d=mm&r=g\",\"caption\":\"super-news\"},\"url\":\"https:\\\/\\\/super-news.info\\\/pt\\\/author\\\/pt\\\/\"}]}<\/script>\n<!-- \/ Yoast SEO plugin. -->","yoast_head_json":{"title":"Afonso Cruzeiro novo director de marketing de mass market da L'Or\u00e9al Portugal. Tiago Melo com cargo mundial em Paris - Meios & Publicidade - Super News","robots":{"index":"index","follow":"follow","max-snippet":"max-snippet:-1","max-image-preview":"max-image-preview:large","max-video-preview":"max-video-preview:-1"},"canonical":"https:\/\/super-news.info\/pt\/afonso-cruzeiro-novo-director-de-marketing-de-mass-market-da-loreal-portugal-tiago-melo-com-cargo-mundial-em-paris-meios-publicidade\/","og_locale":"pt_PT","og_type":"article","og_title":"Afonso Cruzeiro novo director de marketing de mass market da L'Or\u00e9al Portugal. Tiago Melo com cargo mundial em Paris - Meios & Publicidade - Super News","og_description":"Afonso Cruzeiro \u00e9 o novo director de marketing mass market da L\u2019Or\u00e9al Portugal onde ficar\u00e1, a partir de meio de Novembro, com a responsabilidade das marcas de grande consumo da divis\u00e3o. O profissional vai substituir Tiago Melo, que ir\u00e1 para Paris como global marketing manager da L\u2019Or\u00e9al Paris Men Expert, onde assume o segmento masculino [&hellip;]","og_url":"https:\/\/super-news.info\/pt\/afonso-cruzeiro-novo-director-de-marketing-de-mass-market-da-loreal-portugal-tiago-melo-com-cargo-mundial-em-paris-meios-publicidade\/","og_site_name":"Super News","article_published_time":"2020-10-26T00:19:13+00:00","article_modified_time":"2020-10-26T00:19:14+00:00","og_image":[{"width":919,"height":360,"url":"https:\/\/super-news.info\/pt\/wp-content\/uploads\/sites\/2\/2020\/10\/Afonso-Cruzeiro-novo-director-de-marketing-de-mass-market-da.jpg","type":"image\/jpeg"}],"author":"super-news","twitter_card":"summary_large_image","twitter_misc":{"Escrito por":"super-news","Tempo estimado de leitura":"1 minuto"},"schema":{"@context":"https:\/\/schema.org","@graph":[{"@type":"Article","@id":"https:\/\/super-news.info\/pt\/afonso-cruzeiro-novo-director-de-marketing-de-mass-market-da-loreal-portugal-tiago-melo-com-cargo-mundial-em-paris-meios-publicidade\/#article","isPartOf":{"@id":"https:\/\/super-news.info\/pt\/afonso-cruzeiro-novo-director-de-marketing-de-mass-market-da-loreal-portugal-tiago-melo-com-cargo-mundial-em-paris-meios-publicidade\/"},"author":{"name":"super-news","@id":"https:\/\/super-news.info\/pt\/#\/schema\/person\/2d4068cb2f39cd10008c2fce578a7356"},"headline":"Afonso Cruzeiro novo director de marketing de mass market da L&#8217;Or\u00e9al Portugal. Tiago Melo com cargo mundial em Paris &#8211; Meios &#038; Publicidade","datePublished":"2020-10-26T00:19:13+00:00","dateModified":"2020-10-26T00:19:14+00:00","mainEntityOfPage":{"@id":"https:\/\/super-news.info\/pt\/afonso-cruzeiro-novo-director-de-marketing-de-mass-market-da-loreal-portugal-tiago-melo-com-cargo-mundial-em-paris-meios-publicidade\/"},"wordCount":295,"commentCount":0,"image":{"@id":"https:\/\/super-news.info\/pt\/afonso-cruzeiro-novo-director-de-marketing-de-mass-market-da-loreal-portugal-tiago-melo-com-cargo-mundial-em-paris-meios-publicidade\/#primaryimage"},"thumbnailUrl":"https:\/\/super-news.info\/pt\/wp-content\/uploads\/sites\/2\/2020\/10\/Afonso-Cruzeiro-novo-director-de-marketing-de-mass-market-da.jpg","articleSection":["NOT\u00cdCIAS DE MARKETING DIGITAL"],"inLanguage":"pt-PT","potentialAction":[{"@type":"CommentAction","name":"Comment","target":["https:\/\/super-news.info\/pt\/afonso-cruzeiro-novo-director-de-marketing-de-mass-market-da-loreal-portugal-tiago-melo-com-cargo-mundial-em-paris-meios-publicidade\/#respond"]}]},{"@type":"WebPage","@id":"https:\/\/super-news.info\/pt\/afonso-cruzeiro-novo-director-de-marketing-de-mass-market-da-loreal-portugal-tiago-melo-com-cargo-mundial-em-paris-meios-publicidade\/","url":"https:\/\/super-news.info\/pt\/afonso-cruzeiro-novo-director-de-marketing-de-mass-market-da-loreal-portugal-tiago-melo-com-cargo-mundial-em-paris-meios-publicidade\/","name":"Afonso Cruzeiro novo director de marketing de mass market da L'Or\u00e9al Portugal. Tiago Melo com cargo mundial em Paris - Meios & Publicidade - Super News","isPartOf":{"@id":"https:\/\/super-news.info\/pt\/#website"},"primaryImageOfPage":{"@id":"https:\/\/super-news.info\/pt\/afonso-cruzeiro-novo-director-de-marketing-de-mass-market-da-loreal-portugal-tiago-melo-com-cargo-mundial-em-paris-meios-publicidade\/#primaryimage"},"image":{"@id":"https:\/\/super-news.info\/pt\/afonso-cruzeiro-novo-director-de-marketing-de-mass-market-da-loreal-portugal-tiago-melo-com-cargo-mundial-em-paris-meios-publicidade\/#primaryimage"},"thumbnailUrl":"https:\/\/super-news.info\/pt\/wp-content\/uploads\/sites\/2\/2020\/10\/Afonso-Cruzeiro-novo-director-de-marketing-de-mass-market-da.jpg","datePublished":"2020-10-26T00:19:13+00:00","dateModified":"2020-10-26T00:19:14+00:00","author":{"@id":"https:\/\/super-news.info\/pt\/#\/schema\/person\/2d4068cb2f39cd10008c2fce578a7356"},"breadcrumb":{"@id":"https:\/\/super-news.info\/pt\/afonso-cruzeiro-novo-director-de-marketing-de-mass-market-da-loreal-portugal-tiago-melo-com-cargo-mundial-em-paris-meios-publicidade\/#breadcrumb"},"inLanguage":"pt-PT","potentialAction":[{"@type":"ReadAction","target":["https:\/\/super-news.info\/pt\/afonso-cruzeiro-novo-director-de-marketing-de-mass-market-da-loreal-portugal-tiago-melo-com-cargo-mundial-em-paris-meios-publicidade\/"]}]},{"@type":"ImageObject","inLanguage":"pt-PT","@id":"https:\/\/super-news.info\/pt\/afonso-cruzeiro-novo-director-de-marketing-de-mass-market-da-loreal-portugal-tiago-melo-com-cargo-mundial-em-paris-meios-publicidade\/#primaryimage","url":"https:\/\/super-news.info\/pt\/wp-content\/uploads\/sites\/2\/2020\/10\/Afonso-Cruzeiro-novo-director-de-marketing-de-mass-market-da.jpg","contentUrl":"https:\/\/super-news.info\/pt\/wp-content\/uploads\/sites\/2\/2020\/10\/Afonso-Cruzeiro-novo-director-de-marketing-de-mass-market-da.jpg","width":919,"height":360,"caption":"Afonso Cruzeiro novo director de marketing de mass market da L'Or\u00e9al Portugal. Tiago Melo com cargo mundial em Paris - Meios & Publicidade"},{"@type":"BreadcrumbList","@id":"https:\/\/super-news.info\/pt\/afonso-cruzeiro-novo-director-de-marketing-de-mass-market-da-loreal-portugal-tiago-melo-com-cargo-mundial-em-paris-meios-publicidade\/#breadcrumb","itemListElement":[{"@type":"ListItem","position":1,"name":"\u0413\u043b\u0430\u0432\u043d\u0430\u044f \u0441\u0442\u0440\u0430\u043d\u0438\u0446\u0430","item":"https:\/\/super-news.info\/pt\/"},{"@type":"ListItem","position":2,"name":"Afonso Cruzeiro novo director de marketing de mass market da L&#8217;Or\u00e9al Portugal. Tiago Melo com cargo mundial em Paris &#8211; Meios &#038; Publicidade"}]},{"@type":"WebSite","@id":"https:\/\/super-news.info\/pt\/#website","url":"https:\/\/super-news.info\/pt\/","name":"Super News","description":"Super News Portugal","potentialAction":[{"@type":"SearchAction","target":{"@type":"EntryPoint","urlTemplate":"https:\/\/super-news.info\/pt\/?s={search_term_string}"},"query-input":{"@type":"PropertyValueSpecification","valueRequired":true,"valueName":"search_term_string"}}],"inLanguage":"pt-PT"},{"@type":"Person","@id":"https:\/\/super-news.info\/pt\/#\/schema\/person\/2d4068cb2f39cd10008c2fce578a7356","name":"super-news","image":{"@type":"ImageObject","inLanguage":"pt-PT","@id":"https:\/\/secure.gravatar.com\/avatar\/64ebac40b93f26a154f8a9b5b6fdccfc46f442b26b3dd6756dbff3bf9dc76fd7?s=96&d=mm&r=g","url":"https:\/\/secure.gravatar.com\/avatar\/64ebac40b93f26a154f8a9b5b6fdccfc46f442b26b3dd6756dbff3bf9dc76fd7?s=96&d=mm&r=g","contentUrl":"https:\/\/secure.gravatar.com\/avatar\/64ebac40b93f26a154f8a9b5b6fdccfc46f442b26b3dd6756dbff3bf9dc76fd7?s=96&d=mm&r=g","caption":"super-news"},"url":"https:\/\/super-news.info\/pt\/author\/pt\/"}]}},"_links":{"self":[{"href":"https:\/\/super-news.info\/pt\/wp-json\/wp\/v2\/posts\/5114","targetHints":{"allow":["GET"]}}],"collection":[{"href":"https:\/\/super-news.info\/pt\/wp-json\/wp\/v2\/posts"}],"about":[{"href":"https:\/\/super-news.info\/pt\/wp-json\/wp\/v2\/types\/post"}],"author":[{"embeddable":true,"href":"https:\/\/super-news.info\/pt\/wp-json\/wp\/v2\/users\/2"}],"replies":[{"embeddable":true,"href":"https:\/\/super-news.info\/pt\/wp-json\/wp\/v2\/comments?post=5114"}],"version-history":[{"count":1,"href":"https:\/\/super-news.info\/pt\/wp-json\/wp\/v2\/posts\/5114\/revisions"}],"predecessor-version":[{"id":5116,"href":"https:\/\/super-news.info\/pt\/wp-json\/wp\/v2\/posts\/5114\/revisions\/5116"}],"wp:featuredmedia":[{"embeddable":true,"href":"https:\/\/super-news.info\/pt\/wp-json\/wp\/v2\/media\/5115"}],"wp:attachment":[{"href":"https:\/\/super-news.info\/pt\/wp-json\/wp\/v2\/media?parent=5114"}],"wp:term":[{"taxonomy":"category","embeddable":true,"href":"https:\/\/super-news.info\/pt\/wp-json\/wp\/v2\/categories?post=5114"},{"taxonomy":"post_tag","embeddable":true,"href":"https:\/\/super-news.info\/pt\/wp-json\/wp\/v2\/tags?post=5114"}],"curies":[{"name":"wp","href":"https:\/\/api.w.org\/{rel}","templated":true}]}}