{"id":5111,"date":"2020-10-23T16:16:42","date_gmt":"2020-10-23T13:16:42","guid":{"rendered":"https:\/\/super-news.info\/pt\/o-papa-francisco-e-as-redes-sociais-meios-publicidade\/"},"modified":"2020-10-23T16:16:44","modified_gmt":"2020-10-23T13:16:44","slug":"o-papa-francisco-e-as-redes-sociais-meios-publicidade","status":"publish","type":"post","link":"https:\/\/super-news.info\/pt\/o-papa-francisco-e-as-redes-sociais-meios-publicidade\/","title":{"rendered":"O Papa Francisco e as redes sociais &#8211; Meios &#038; Publicidade"},"content":{"rendered":"<p>Escrever sobre o Papa e as redes sociais parece algo estranho para muitos dos leitores, por\u00e9m, a \u00faltima enc\u00edclica \u201cSomos todos irm\u00e3os\u201d deixa alguns desafios para a gest\u00e3o e utiliza\u00e7\u00e3o destas mesmas redes sociais. Desde do primeiro tweet de Bento XVI, at\u00e9 \u00e0s mensagens em YouTube de Francisco, a institui\u00e7\u00e3o Igreja soube o \u201cpoder\u201d das redes sociais e os seus benef\u00edcios. Mas, como se diz, em todos os filmes de super-her\u00f3is, a d\u00e1diva de um grande poder requer grande responsabilidade. Ao estilo de pre\u00e2mbulo, desej\u00e1vamos real\u00e7ar o intuito do texto lan\u00e7ado pelo Papa neste preciso momento, em que enfrentamos \u201cum novo mundo\u201d ainda envoltos numa pandemia que n\u00e3o vemos r\u00e1pida resolu\u00e7\u00e3o.<br \/>\n\u201cEmbora a tenha escrito a partir das minhas convic\u00e7\u00f5es crist\u00e3s, que me animam e nutrem, procurei faz\u00ea-lo de tal maneira que a reflex\u00e3o se abra ao di\u00e1logo com todas as pessoas de boa vontade\u201d, afirma logo de in\u00edcio, dando j\u00e1 o tom para todo o texto. Reflexo de uma rela\u00e7\u00e3o e vis\u00e3o saud\u00e1vel com as redes sociais como fen\u00f3meno humano. At\u00e9, porque, no tempo de confinamento quase mundial, as igrejas perceberam como pode ser um meio de unir e aproximar quem estava distante. O streaming, os diretos seja de Facebook ou Instagram foram maneiras de celebrar para muitas e muitos no mundo.<br \/>\nO desafio \u00e9 humanizar todas as realidades, as redes sociais, que, de modo especial, este texto quer desenvolver. Porque, \u201capesar de estarmos super-conectados, verificou-se uma fragmenta\u00e7\u00e3o que tornou mais dif\u00edcil resolver os problemas que nos afetam a todos. Se algu\u00e9m pensa que se tratava apenas de fazer funcionar melhor o que j\u00e1 faz\u00edamos, ou que a \u00fanica li\u00e7\u00e3o a tirar \u00e9 que devemos melhorar os sistemas e regras j\u00e1 existentes, est\u00e1 a negar a realidade\u201d.<br \/>\nHumanizar os mesmos meio que nos querem conectar e diminuir a dist\u00e2ncia mas que, por vezes, encurtam o conhecimento e a informa\u00e7\u00e3o. Tendem a desumanizar e a dar-nos a ilus\u00e3o da comunica\u00e7\u00e3o entre pessoas. E, aqui, chegamos aos pontos da enc\u00edclica que formam uma leitura da realidade, cheia de desafios, a n\u00f3s que somos users, participantes ou gestores de redes sociais. Como sabemos, a liga\u00e7\u00e3o das marcas aos users, j\u00e1 n\u00e3o \u00e9 med\u00edvel somente pelas m\u00e9tricas mas pelo lado emocional, ou seja, humano.<br \/>\nNo n\u00famero 42, d\u00e1-se o t\u00edtulo da ilus\u00e3o da comunica\u00e7\u00e3o, \u201cParadoxalmente se, por um lado, crescem as atitudes fechadas e intolerantes que, \u00e0 vista dos outros, nos fecham em n\u00f3s pr\u00f3prios, por outro, reduzem-se ou desaparecem as dist\u00e2ncias, a ponto de deixar de existir o direito \u00e0 intimidade. Tudo se torna uma esp\u00e9cie de espet\u00e1culo que pode ser espiado, observado, e a vida acaba exposta a um controle constante. Na comunica\u00e7\u00e3o digital, quer-se mostrar tudo, e cada indiv\u00edduo torna-se objeto de olhares que esquadrinham, desnudam e divulgam, muitas vezes anonimamente. Dilui-se o respeito pelo outro e, assim, ao mesmo tempo que o apago, ignoro e mantenho afastado, posso despudoradamente invadir at\u00e9 ao mais rec\u00f4ndito da sua vida\u201d.<br \/>\nComo um bom jesu\u00edta, n\u00e3o \u201cdiaboliza\u201d as realidades humanas, s\u00e3o como s\u00e3o, mas chama aten\u00e7\u00e3o para os desequil\u00edbrios que uma depend\u00eancia traz \u00e0 pessoa humana, desumanizando-a. Chama aten\u00e7\u00e3o para \u201cos movimentos digitais de \u00f3dio e destrui\u00e7\u00e3o n\u00e3o constituem \u2013 como alguns pretendem fazer crer \u2013 uma \u00f3tima forma de m\u00fatua ajuda, mas meras associa\u00e7\u00f5es contra um inimigo\u201d. A depend\u00eancia leva a um \u201cisolamento e perda progressiva de contacto com a realidade concreta, dificultando o desenvolvimento de rela\u00e7\u00f5es interpessoais aut\u00eanticas\u201d.<br \/>\nPor isso, a humaniza\u00e7\u00e3o dos meios de comunica\u00e7\u00e3o digitais, \u00e9 urgente. Pois, \u00e9 natural que \u201cfazem falta gestos f\u00edsicos, express\u00f5es do rosto, sil\u00eancios, linguagem corp\u00f3rea e at\u00e9 o perfume, o tremor das m\u00e3os, o rubor, a transpira\u00e7\u00e3o, porque tudo isso fala e faz parte da comunica\u00e7\u00e3o humana\u201d. As rela\u00e7\u00f5es digitais, como refere, t\u00eam o perigo da fadiga e do descarte de estabelecer uma amizade \u201creal\u201d, \u201cdissimulam e ampliam o mesmo individualismo que se manifesta na xenofobia e no desprezo dos fr\u00e1geis. A conex\u00e3o digital n\u00e3o basta para lan\u00e7ar pontes, n\u00e3o \u00e9 capaz de unir a humanidade\u201d.<br \/>\nN\u00e3o deixa de ser interessante que o Santo Padre fale da agressividade despudorada no seu texto. O individualismo, escondido detr\u00e1s de um ecr\u00e3 ou smartphone, que pode acontecer, leva que \u201ca agressividade social encontre um espa\u00e7o de amplia\u00e7\u00e3o incompar\u00e1vel nos dispositivos m\u00f3veis e nos computadores\u201d e \u201cpermitiu que as ideologias perdessem todo o respeito. Aquilo que ainda h\u00e1 pouco tempo uma pessoa n\u00e3o podia dizer sem correr o risco de perder o respeito de todos, hoje pode ser pronunciado com toda a grosseria, at\u00e9 por algumas autoridades pol\u00edticas, e ficar impune. N\u00e3o se pode ignorar que \u201ch\u00e1 interesses econ\u00f3micos gigantescos que operam no mundo digital, capazes de realizar formas de controle que s\u00e3o t\u00e3o subtis quanto invasivas, criando mecanismos de manipula\u00e7\u00e3o das consci\u00eancias e do processo democr\u00e1tico. O funcionamento de muitas plataformas acaba frequentemente por favorecer o encontro entre pessoas com as mesmas ideias, dificultando o confronto entre as diferen\u00e7as. Estes circuitos fechados facilitam a divulga\u00e7\u00e3o de informa\u00e7\u00f5es e not\u00edcias falsas, fomentando preconceitos e \u00f3dios\u201d.Nunca negando que at\u00e9 em meios crentes e crist\u00e3os isto acontece: \u201cMesmo nos media cat\u00f3licos, \u00e9poss\u00edvel ultrapassar os limites, tolerando-se a difama\u00e7\u00e3o e a cal\u00fania e parecendo excluir qualquer\u00e9tica e respeito pela fama alheia\u201d.<br \/>\nNo \u00faltimo ponto, Francisco refere que \u201ca verdadeira sabedoria pressup\u00f5e o encontro com a realidade\u201d afirma, \u201cHoje, por\u00e9m, tudo se pode produzir, dissimular, modificar. Isto faz com que o encontro direto com as limita\u00e7\u00f5es da realidade se torne insuport\u00e1vel. Em consequ\u00eancia, implementa-se um mecanismo de \u201csele\u00e7\u00e3o\u201d, criando-se o h\u00e1bito de separar imediatamente o que gosto daquilo que n\u00e3o gosto, as coisas atraentes das desagrad\u00e1veis\u201d. Alimentamos, selecionamos um mundo virtual que n\u00e3o \u00e9 o real, porque nunca damos tempo para \u201csentar-se a escutar o outro, caracter\u00edstico dum encontro humano, \u00e9 um paradigma de atitude recetiva, de quem supera o narcisismo e acolhe o outro, presta-lhe aten\u00e7\u00e3o, d\u00e1-lhe lugar no pr\u00f3prio c\u00edrculo\u201d.<br \/>\nQuantas vezes o nosso feed do Facebook ou do Instagram \u00e9 somente um rol da nossa imagem, mais que dos nossos interesses. Justificado pelo algoritmo do Facebook ou do Instagram. Por\u00e9m, a leitura que o Papa faz, desafia os utilizadores e os gestores a n\u00e3o esquecer estas realidade humanas. \u201cAo desaparecer o sil\u00eancio e a escuta, transformando tudo em cliques e mensagens r\u00e1pidas e ansiosas, coloca-se em perigo esta estrutura b\u00e1sica duma comunica\u00e7\u00e3o humana s\u00e1bia. Cria-se um novo estilo de vida, no qual cada um constr\u00f3i o que deseja ter \u00e0 sua frente, excluindo tudo aquilo que n\u00e3o se pode controlar ou conhecer superficial e instantaneamente. Por sua l\u00f3gica intr\u00ednseca, esta din\u00e2mica impede aquela reflex\u00e3o serena que poderia levar-nos a uma sabedoria comum\u201d.<br \/>\nQuantas vezes j\u00e1 desistimos de trocar ideias no Facebook porque leva ao insulto f\u00e1cil. Por fim, outro repto relacionado com as fake news \u201ca acumula\u00e7\u00e3o esmagadora de informa\u00e7\u00f5es que nos inundam, n\u00e3o significa maior sabedoria. A sabedoria n\u00e3o se fabrica com buscas impacientes na internet, nem \u00e9 um somat\u00f3rio de informa\u00e7\u00f5es cuja veracidade n\u00e3o est\u00e1 garantida. Desta forma, n\u00e3o se amadurece no encontro com a verdade. As conversas giram, em \u00faltima an\u00e1lise, ao redor das not\u00edcias mais recentes; s\u00e3o meramente horizontais e cumulativas.. Assim, a liberdade transforma-se numa ilus\u00e3o que nos vendem, confundindo-se com a liberdade de navegar frente a um visor. O problema \u00e9 que um caminho de fraternidade, local e universal, s\u00f3 pode ser percorrido por esp\u00edritos livres e dispostos a encontros reais\u201d.<br \/>\nNo final, o que as marcas ganham com estes inputs nas redes sociais? Humanizar \u00e9 ter em conta quem est\u00e1 detr\u00e1s do ecr\u00e3, a qualidade do produto a oferecer, estabelecer rela\u00e7\u00f5es transparentes e de fideliza\u00e7\u00e3o. Nada muito diferente que muitos escreveram como tend\u00eancias do marketing e redes sociais para 2020. Apela para uma gest\u00e3o cada vez mais atenta e r\u00e1pida a gerir qualquer conflito ou mensagens err\u00f3neas. Inspirar confian\u00e7a, pensamento positivo, sentido de perten\u00e7a tudo com uma linguagem simples.<br \/>\nMuitos dir\u00e3o que s\u00e3o desafios lan\u00e7ados somente para os users, todos n\u00f3s afinal, das redes sociais. Por\u00e9m, n\u00e3o \u00e9 assim. S\u00e3o desafios aos gestores das redes sociais, pois, por si, elas n\u00e3o s\u00e3o boas nem m\u00e1s (como a nossa experi\u00eancia j\u00e1 permitiu perceber, muitos bons movimentos se fizeram por boas causas ambientais, pol\u00edticas, sociais, etc.). O grande desafio \u00e9 humanizar estes meios, gerindo para que n\u00e3o sejam portadores de fake news, mensagens de \u00f3dio, desconstru\u00e7\u00e3o de pessoas ou causas, mas sejam verdadeiros ve\u00edculos de uma fraternidade (um dos ideais da Revolu\u00e7\u00e3o Francesa).<br \/>\nArtigo de opini\u00e3o de Jo\u00e3o Jacinto Ferreira, criador do site The Gentleman.pt e consultor de comunica\u00e7\u00e3o<\/p>\n<p>\n<!--noindex--><br \/>\n<a href=\"https:\/\/www.meiosepublicidade.pt\/2020\/10\/papa-francisco-as-redes-sociais\/\" rel=\"nofollow\">Source link <\/a><br \/>\n<!--\/noindex--><\/p>\n","protected":false},"excerpt":{"rendered":"<p>Escrever sobre o Papa e as redes sociais parece algo estranho para muitos dos leitores, por\u00e9m, a \u00faltima enc\u00edclica \u201cSomos todos irm\u00e3os\u201d deixa alguns desafios para a gest\u00e3o e utiliza\u00e7\u00e3o destas mesmas redes sociais. Desde do primeiro tweet de Bento XVI, at\u00e9 \u00e0s mensagens em YouTube de Francisco, a institui\u00e7\u00e3o Igreja soube o \u201cpoder\u201d das [&hellip;]<\/p>\n","protected":false},"author":2,"featured_media":5112,"comment_status":"open","ping_status":"open","sticky":false,"template":"","format":"standard","meta":{"footnotes":""},"categories":[2],"tags":[],"class_list":["post-5111","post","type-post","status-publish","format-standard","has-post-thumbnail","hentry","category-noticias-de-marketing-digital"],"yoast_head":"<!-- This site is optimized with the Yoast SEO plugin v27.4 - https:\/\/yoast.com\/product\/yoast-seo-wordpress\/ -->\n<title>O Papa Francisco e as redes sociais - Meios &amp; Publicidade - Super News<\/title>\n<meta name=\"robots\" content=\"index, follow, max-snippet:-1, max-image-preview:large, max-video-preview:-1\" \/>\n<link rel=\"canonical\" href=\"https:\/\/super-news.info\/pt\/o-papa-francisco-e-as-redes-sociais-meios-publicidade\/\" \/>\n<meta property=\"og:locale\" content=\"pt_PT\" \/>\n<meta property=\"og:type\" content=\"article\" \/>\n<meta property=\"og:title\" content=\"O Papa Francisco e as redes sociais - Meios &amp; Publicidade - Super News\" \/>\n<meta property=\"og:description\" content=\"Escrever sobre o Papa e as redes sociais parece algo estranho para muitos dos leitores, por\u00e9m, a \u00faltima enc\u00edclica \u201cSomos todos irm\u00e3os\u201d deixa alguns desafios para a gest\u00e3o e utiliza\u00e7\u00e3o destas mesmas redes sociais. Desde do primeiro tweet de Bento XVI, at\u00e9 \u00e0s mensagens em YouTube de Francisco, a institui\u00e7\u00e3o Igreja soube o \u201cpoder\u201d das [&hellip;]\" \/>\n<meta property=\"og:url\" content=\"https:\/\/super-news.info\/pt\/o-papa-francisco-e-as-redes-sociais-meios-publicidade\/\" \/>\n<meta property=\"og:site_name\" content=\"Super News\" \/>\n<meta property=\"article:published_time\" content=\"2020-10-23T13:16:42+00:00\" \/>\n<meta property=\"article:modified_time\" content=\"2020-10-23T13:16:44+00:00\" \/>\n<meta property=\"og:image\" content=\"https:\/\/super-news.info\/pt\/wp-content\/uploads\/sites\/2\/2020\/10\/O-Papa-Francisco-e-as-redes-sociais-Meios.jpg\" \/>\n\t<meta property=\"og:image:width\" content=\"817\" \/>\n\t<meta property=\"og:image:height\" content=\"713\" \/>\n\t<meta property=\"og:image:type\" content=\"image\/jpeg\" \/>\n<meta name=\"author\" content=\"super-news\" \/>\n<meta name=\"twitter:card\" content=\"summary_large_image\" \/>\n<meta name=\"twitter:label1\" content=\"Escrito por\" \/>\n\t<meta name=\"twitter:data1\" content=\"super-news\" \/>\n\t<meta name=\"twitter:label2\" content=\"Tempo estimado de leitura\" \/>\n\t<meta name=\"twitter:data2\" content=\"8 minutos\" \/>\n<script type=\"application\/ld+json\" class=\"yoast-schema-graph\">{\"@context\":\"https:\\\/\\\/schema.org\",\"@graph\":[{\"@type\":\"Article\",\"@id\":\"https:\\\/\\\/super-news.info\\\/pt\\\/o-papa-francisco-e-as-redes-sociais-meios-publicidade\\\/#article\",\"isPartOf\":{\"@id\":\"https:\\\/\\\/super-news.info\\\/pt\\\/o-papa-francisco-e-as-redes-sociais-meios-publicidade\\\/\"},\"author\":{\"name\":\"super-news\",\"@id\":\"https:\\\/\\\/super-news.info\\\/pt\\\/#\\\/schema\\\/person\\\/2d4068cb2f39cd10008c2fce578a7356\"},\"headline\":\"O Papa Francisco e as redes sociais &#8211; Meios &#038; Publicidade\",\"datePublished\":\"2020-10-23T13:16:42+00:00\",\"dateModified\":\"2020-10-23T13:16:44+00:00\",\"mainEntityOfPage\":{\"@id\":\"https:\\\/\\\/super-news.info\\\/pt\\\/o-papa-francisco-e-as-redes-sociais-meios-publicidade\\\/\"},\"wordCount\":1578,\"commentCount\":0,\"image\":{\"@id\":\"https:\\\/\\\/super-news.info\\\/pt\\\/o-papa-francisco-e-as-redes-sociais-meios-publicidade\\\/#primaryimage\"},\"thumbnailUrl\":\"https:\\\/\\\/super-news.info\\\/pt\\\/wp-content\\\/uploads\\\/sites\\\/2\\\/2020\\\/10\\\/O-Papa-Francisco-e-as-redes-sociais-Meios.jpg\",\"articleSection\":[\"NOT\u00cdCIAS DE MARKETING DIGITAL\"],\"inLanguage\":\"pt-PT\",\"potentialAction\":[{\"@type\":\"CommentAction\",\"name\":\"Comment\",\"target\":[\"https:\\\/\\\/super-news.info\\\/pt\\\/o-papa-francisco-e-as-redes-sociais-meios-publicidade\\\/#respond\"]}]},{\"@type\":\"WebPage\",\"@id\":\"https:\\\/\\\/super-news.info\\\/pt\\\/o-papa-francisco-e-as-redes-sociais-meios-publicidade\\\/\",\"url\":\"https:\\\/\\\/super-news.info\\\/pt\\\/o-papa-francisco-e-as-redes-sociais-meios-publicidade\\\/\",\"name\":\"O Papa Francisco e as redes sociais - Meios & Publicidade - Super News\",\"isPartOf\":{\"@id\":\"https:\\\/\\\/super-news.info\\\/pt\\\/#website\"},\"primaryImageOfPage\":{\"@id\":\"https:\\\/\\\/super-news.info\\\/pt\\\/o-papa-francisco-e-as-redes-sociais-meios-publicidade\\\/#primaryimage\"},\"image\":{\"@id\":\"https:\\\/\\\/super-news.info\\\/pt\\\/o-papa-francisco-e-as-redes-sociais-meios-publicidade\\\/#primaryimage\"},\"thumbnailUrl\":\"https:\\\/\\\/super-news.info\\\/pt\\\/wp-content\\\/uploads\\\/sites\\\/2\\\/2020\\\/10\\\/O-Papa-Francisco-e-as-redes-sociais-Meios.jpg\",\"datePublished\":\"2020-10-23T13:16:42+00:00\",\"dateModified\":\"2020-10-23T13:16:44+00:00\",\"author\":{\"@id\":\"https:\\\/\\\/super-news.info\\\/pt\\\/#\\\/schema\\\/person\\\/2d4068cb2f39cd10008c2fce578a7356\"},\"breadcrumb\":{\"@id\":\"https:\\\/\\\/super-news.info\\\/pt\\\/o-papa-francisco-e-as-redes-sociais-meios-publicidade\\\/#breadcrumb\"},\"inLanguage\":\"pt-PT\",\"potentialAction\":[{\"@type\":\"ReadAction\",\"target\":[\"https:\\\/\\\/super-news.info\\\/pt\\\/o-papa-francisco-e-as-redes-sociais-meios-publicidade\\\/\"]}]},{\"@type\":\"ImageObject\",\"inLanguage\":\"pt-PT\",\"@id\":\"https:\\\/\\\/super-news.info\\\/pt\\\/o-papa-francisco-e-as-redes-sociais-meios-publicidade\\\/#primaryimage\",\"url\":\"https:\\\/\\\/super-news.info\\\/pt\\\/wp-content\\\/uploads\\\/sites\\\/2\\\/2020\\\/10\\\/O-Papa-Francisco-e-as-redes-sociais-Meios.jpg\",\"contentUrl\":\"https:\\\/\\\/super-news.info\\\/pt\\\/wp-content\\\/uploads\\\/sites\\\/2\\\/2020\\\/10\\\/O-Papa-Francisco-e-as-redes-sociais-Meios.jpg\",\"width\":817,\"height\":713,\"caption\":\"O Papa Francisco e as redes sociais - Meios & Publicidade\"},{\"@type\":\"BreadcrumbList\",\"@id\":\"https:\\\/\\\/super-news.info\\\/pt\\\/o-papa-francisco-e-as-redes-sociais-meios-publicidade\\\/#breadcrumb\",\"itemListElement\":[{\"@type\":\"ListItem\",\"position\":1,\"name\":\"\u0413\u043b\u0430\u0432\u043d\u0430\u044f \u0441\u0442\u0440\u0430\u043d\u0438\u0446\u0430\",\"item\":\"https:\\\/\\\/super-news.info\\\/pt\\\/\"},{\"@type\":\"ListItem\",\"position\":2,\"name\":\"O Papa Francisco e as redes sociais &#8211; Meios &#038; Publicidade\"}]},{\"@type\":\"WebSite\",\"@id\":\"https:\\\/\\\/super-news.info\\\/pt\\\/#website\",\"url\":\"https:\\\/\\\/super-news.info\\\/pt\\\/\",\"name\":\"Super News\",\"description\":\"Super News Portugal\",\"potentialAction\":[{\"@type\":\"SearchAction\",\"target\":{\"@type\":\"EntryPoint\",\"urlTemplate\":\"https:\\\/\\\/super-news.info\\\/pt\\\/?s={search_term_string}\"},\"query-input\":{\"@type\":\"PropertyValueSpecification\",\"valueRequired\":true,\"valueName\":\"search_term_string\"}}],\"inLanguage\":\"pt-PT\"},{\"@type\":\"Person\",\"@id\":\"https:\\\/\\\/super-news.info\\\/pt\\\/#\\\/schema\\\/person\\\/2d4068cb2f39cd10008c2fce578a7356\",\"name\":\"super-news\",\"image\":{\"@type\":\"ImageObject\",\"inLanguage\":\"pt-PT\",\"@id\":\"https:\\\/\\\/secure.gravatar.com\\\/avatar\\\/64ebac40b93f26a154f8a9b5b6fdccfc46f442b26b3dd6756dbff3bf9dc76fd7?s=96&d=mm&r=g\",\"url\":\"https:\\\/\\\/secure.gravatar.com\\\/avatar\\\/64ebac40b93f26a154f8a9b5b6fdccfc46f442b26b3dd6756dbff3bf9dc76fd7?s=96&d=mm&r=g\",\"contentUrl\":\"https:\\\/\\\/secure.gravatar.com\\\/avatar\\\/64ebac40b93f26a154f8a9b5b6fdccfc46f442b26b3dd6756dbff3bf9dc76fd7?s=96&d=mm&r=g\",\"caption\":\"super-news\"},\"url\":\"https:\\\/\\\/super-news.info\\\/pt\\\/author\\\/pt\\\/\"}]}<\/script>\n<!-- \/ Yoast SEO plugin. -->","yoast_head_json":{"title":"O Papa Francisco e as redes sociais - Meios & Publicidade - Super News","robots":{"index":"index","follow":"follow","max-snippet":"max-snippet:-1","max-image-preview":"max-image-preview:large","max-video-preview":"max-video-preview:-1"},"canonical":"https:\/\/super-news.info\/pt\/o-papa-francisco-e-as-redes-sociais-meios-publicidade\/","og_locale":"pt_PT","og_type":"article","og_title":"O Papa Francisco e as redes sociais - Meios & Publicidade - Super News","og_description":"Escrever sobre o Papa e as redes sociais parece algo estranho para muitos dos leitores, por\u00e9m, a \u00faltima enc\u00edclica \u201cSomos todos irm\u00e3os\u201d deixa alguns desafios para a gest\u00e3o e utiliza\u00e7\u00e3o destas mesmas redes sociais. Desde do primeiro tweet de Bento XVI, at\u00e9 \u00e0s mensagens em YouTube de Francisco, a institui\u00e7\u00e3o Igreja soube o \u201cpoder\u201d das [&hellip;]","og_url":"https:\/\/super-news.info\/pt\/o-papa-francisco-e-as-redes-sociais-meios-publicidade\/","og_site_name":"Super News","article_published_time":"2020-10-23T13:16:42+00:00","article_modified_time":"2020-10-23T13:16:44+00:00","og_image":[{"width":817,"height":713,"url":"https:\/\/super-news.info\/pt\/wp-content\/uploads\/sites\/2\/2020\/10\/O-Papa-Francisco-e-as-redes-sociais-Meios.jpg","type":"image\/jpeg"}],"author":"super-news","twitter_card":"summary_large_image","twitter_misc":{"Escrito por":"super-news","Tempo estimado de leitura":"8 minutos"},"schema":{"@context":"https:\/\/schema.org","@graph":[{"@type":"Article","@id":"https:\/\/super-news.info\/pt\/o-papa-francisco-e-as-redes-sociais-meios-publicidade\/#article","isPartOf":{"@id":"https:\/\/super-news.info\/pt\/o-papa-francisco-e-as-redes-sociais-meios-publicidade\/"},"author":{"name":"super-news","@id":"https:\/\/super-news.info\/pt\/#\/schema\/person\/2d4068cb2f39cd10008c2fce578a7356"},"headline":"O Papa Francisco e as redes sociais &#8211; Meios &#038; Publicidade","datePublished":"2020-10-23T13:16:42+00:00","dateModified":"2020-10-23T13:16:44+00:00","mainEntityOfPage":{"@id":"https:\/\/super-news.info\/pt\/o-papa-francisco-e-as-redes-sociais-meios-publicidade\/"},"wordCount":1578,"commentCount":0,"image":{"@id":"https:\/\/super-news.info\/pt\/o-papa-francisco-e-as-redes-sociais-meios-publicidade\/#primaryimage"},"thumbnailUrl":"https:\/\/super-news.info\/pt\/wp-content\/uploads\/sites\/2\/2020\/10\/O-Papa-Francisco-e-as-redes-sociais-Meios.jpg","articleSection":["NOT\u00cdCIAS DE MARKETING DIGITAL"],"inLanguage":"pt-PT","potentialAction":[{"@type":"CommentAction","name":"Comment","target":["https:\/\/super-news.info\/pt\/o-papa-francisco-e-as-redes-sociais-meios-publicidade\/#respond"]}]},{"@type":"WebPage","@id":"https:\/\/super-news.info\/pt\/o-papa-francisco-e-as-redes-sociais-meios-publicidade\/","url":"https:\/\/super-news.info\/pt\/o-papa-francisco-e-as-redes-sociais-meios-publicidade\/","name":"O Papa Francisco e as redes sociais - Meios & Publicidade - Super News","isPartOf":{"@id":"https:\/\/super-news.info\/pt\/#website"},"primaryImageOfPage":{"@id":"https:\/\/super-news.info\/pt\/o-papa-francisco-e-as-redes-sociais-meios-publicidade\/#primaryimage"},"image":{"@id":"https:\/\/super-news.info\/pt\/o-papa-francisco-e-as-redes-sociais-meios-publicidade\/#primaryimage"},"thumbnailUrl":"https:\/\/super-news.info\/pt\/wp-content\/uploads\/sites\/2\/2020\/10\/O-Papa-Francisco-e-as-redes-sociais-Meios.jpg","datePublished":"2020-10-23T13:16:42+00:00","dateModified":"2020-10-23T13:16:44+00:00","author":{"@id":"https:\/\/super-news.info\/pt\/#\/schema\/person\/2d4068cb2f39cd10008c2fce578a7356"},"breadcrumb":{"@id":"https:\/\/super-news.info\/pt\/o-papa-francisco-e-as-redes-sociais-meios-publicidade\/#breadcrumb"},"inLanguage":"pt-PT","potentialAction":[{"@type":"ReadAction","target":["https:\/\/super-news.info\/pt\/o-papa-francisco-e-as-redes-sociais-meios-publicidade\/"]}]},{"@type":"ImageObject","inLanguage":"pt-PT","@id":"https:\/\/super-news.info\/pt\/o-papa-francisco-e-as-redes-sociais-meios-publicidade\/#primaryimage","url":"https:\/\/super-news.info\/pt\/wp-content\/uploads\/sites\/2\/2020\/10\/O-Papa-Francisco-e-as-redes-sociais-Meios.jpg","contentUrl":"https:\/\/super-news.info\/pt\/wp-content\/uploads\/sites\/2\/2020\/10\/O-Papa-Francisco-e-as-redes-sociais-Meios.jpg","width":817,"height":713,"caption":"O Papa Francisco e as redes sociais - Meios & Publicidade"},{"@type":"BreadcrumbList","@id":"https:\/\/super-news.info\/pt\/o-papa-francisco-e-as-redes-sociais-meios-publicidade\/#breadcrumb","itemListElement":[{"@type":"ListItem","position":1,"name":"\u0413\u043b\u0430\u0432\u043d\u0430\u044f \u0441\u0442\u0440\u0430\u043d\u0438\u0446\u0430","item":"https:\/\/super-news.info\/pt\/"},{"@type":"ListItem","position":2,"name":"O Papa Francisco e as redes sociais &#8211; Meios &#038; Publicidade"}]},{"@type":"WebSite","@id":"https:\/\/super-news.info\/pt\/#website","url":"https:\/\/super-news.info\/pt\/","name":"Super News","description":"Super News Portugal","potentialAction":[{"@type":"SearchAction","target":{"@type":"EntryPoint","urlTemplate":"https:\/\/super-news.info\/pt\/?s={search_term_string}"},"query-input":{"@type":"PropertyValueSpecification","valueRequired":true,"valueName":"search_term_string"}}],"inLanguage":"pt-PT"},{"@type":"Person","@id":"https:\/\/super-news.info\/pt\/#\/schema\/person\/2d4068cb2f39cd10008c2fce578a7356","name":"super-news","image":{"@type":"ImageObject","inLanguage":"pt-PT","@id":"https:\/\/secure.gravatar.com\/avatar\/64ebac40b93f26a154f8a9b5b6fdccfc46f442b26b3dd6756dbff3bf9dc76fd7?s=96&d=mm&r=g","url":"https:\/\/secure.gravatar.com\/avatar\/64ebac40b93f26a154f8a9b5b6fdccfc46f442b26b3dd6756dbff3bf9dc76fd7?s=96&d=mm&r=g","contentUrl":"https:\/\/secure.gravatar.com\/avatar\/64ebac40b93f26a154f8a9b5b6fdccfc46f442b26b3dd6756dbff3bf9dc76fd7?s=96&d=mm&r=g","caption":"super-news"},"url":"https:\/\/super-news.info\/pt\/author\/pt\/"}]}},"_links":{"self":[{"href":"https:\/\/super-news.info\/pt\/wp-json\/wp\/v2\/posts\/5111","targetHints":{"allow":["GET"]}}],"collection":[{"href":"https:\/\/super-news.info\/pt\/wp-json\/wp\/v2\/posts"}],"about":[{"href":"https:\/\/super-news.info\/pt\/wp-json\/wp\/v2\/types\/post"}],"author":[{"embeddable":true,"href":"https:\/\/super-news.info\/pt\/wp-json\/wp\/v2\/users\/2"}],"replies":[{"embeddable":true,"href":"https:\/\/super-news.info\/pt\/wp-json\/wp\/v2\/comments?post=5111"}],"version-history":[{"count":1,"href":"https:\/\/super-news.info\/pt\/wp-json\/wp\/v2\/posts\/5111\/revisions"}],"predecessor-version":[{"id":5113,"href":"https:\/\/super-news.info\/pt\/wp-json\/wp\/v2\/posts\/5111\/revisions\/5113"}],"wp:featuredmedia":[{"embeddable":true,"href":"https:\/\/super-news.info\/pt\/wp-json\/wp\/v2\/media\/5112"}],"wp:attachment":[{"href":"https:\/\/super-news.info\/pt\/wp-json\/wp\/v2\/media?parent=5111"}],"wp:term":[{"taxonomy":"category","embeddable":true,"href":"https:\/\/super-news.info\/pt\/wp-json\/wp\/v2\/categories?post=5111"},{"taxonomy":"post_tag","embeddable":true,"href":"https:\/\/super-news.info\/pt\/wp-json\/wp\/v2\/tags?post=5111"}],"curies":[{"name":"wp","href":"https:\/\/api.w.org\/{rel}","templated":true}]}}