{"id":511,"date":"2019-04-18T19:27:08","date_gmt":"2019-04-18T16:27:08","guid":{"rendered":"https:\/\/super-news.info\/pt\/direito-de-resposta-de-ricardo-salgado-o-jornal-economico\/"},"modified":"2019-04-18T19:27:10","modified_gmt":"2019-04-18T16:27:10","slug":"direito-de-resposta-de-ricardo-salgado-o-jornal-economico","status":"publish","type":"post","link":"https:\/\/super-news.info\/pt\/direito-de-resposta-de-ricardo-salgado-o-jornal-economico\/","title":{"rendered":"Direito de resposta de Ricardo Salgado \u2013 O Jornal Econ\u00f3mico"},"content":{"rendered":"<p> [ad_1]<br \/>\n<\/p>\n<div>\n<div class=\"je-readmore\">\n<p>O Jornal Econ\u00f3mico recebeu o seguinte direito de resposta de Ricardo Salgado, ao abrigo da Lei de Imprensa, \u00e0 not\u00edcia \u201cDepois de guardado durante 70 anos, quadro secreto de Ricardo Salgado j\u00e1 pode ser visto em \u00c9vora\u201d, publicada a 13 de abril.<\/p>\n<p>\u00a0<\/p>\n<p>\u201cAo abrigo dos artigos 24.\u00ba e seguintes da Lei de Imprensa venho exercer direito de retifica\u00e7\u00e3o, nos termos que passo a expor:<\/p>\n<p>Nos \u00faltimos dias a imprensa tem publicado uma informa\u00e7\u00e3o tendo como foco o quadro de Bruegel, referindo ser um quadro secreto de Ricardo Salgado.<\/p>\n<p>Tenho mantido sil\u00eancio perante in\u00fameras deturpa\u00e7\u00f5es da realidade e cal\u00fanias publicadas nos Media. No entanto, o t\u00edtulo e parte do conte\u00fado deste artigo s\u00e3o especialmente rid\u00edculos para n\u00e3o reagir.<\/p>\n<p>O quadro em causa foi comprado h\u00e1 muitos anos por Manuel Esp\u00edrito Santo e pertencia ao esp\u00f3lio do Banco Esp\u00edrito Santo, encontrando-se, pelo menos at\u00e9 \u00e0 minha sa\u00edda do BES, numa parede de uma sala de reuni\u00e3o do Banco. Portanto, n\u00e3o era um quadro meu, nem t\u00e3o-pouco secreto. Sugerirem em not\u00edcia que era um quadro que me pertencia e que estaria escondido, \u00e9 absurdo e desonesto.<\/p>\n<p>Seja como for, fico satisfeito que a cole\u00e7\u00e3o do Banco Esp\u00edrito Santo tenha utilidade p\u00fablica. \u00c9 mais uma demonstra\u00e7\u00e3o do papel que o BES teve em prol do desenvolvimento da cultura em Portugal.<\/p>\n<p>Conforme prev\u00ea a Lei, agrade\u00e7o a publica\u00e7\u00e3o desta retifica\u00e7\u00e3o.\u201d<\/p>\n<p>Ricardo Esp\u00edrito Santo Silva Salgado<\/p>\n<\/div>\n<\/div>\n<p><script>\/*<![CDATA[*\/function facebookInit(){var js=document.createElement('script');js.src='https:\/\/connect.facebook.net\/pt_PT\/sdk.js#xfbml=1&#038;version=v3.1&#038;appId=1708066812789184&#038;autoLogAppEvents=1';return document.body.appendChild(js);}\nwindow.onscroll=function(){var rect=document.getElementsByClassName('je-post-content')[0].getBoundingClientRect();if(rect.bottom<window.innerHeight){facebookInit();window.onscroll=null;}}\/*]]>*\/<\/script><br \/>\n<br \/>[ad_2]<br \/>\n<br \/><a href=\"https:\/\/jornaleconomico.sapo.pt\/noticias\/direito-de-resposta-de-ricardo-salgado-435713\">Source link <\/a><\/p>\n","protected":false},"excerpt":{"rendered":"<p>[ad_1] O Jornal Econ\u00f3mico recebeu o seguinte direito de resposta de Ricardo Salgado, ao abrigo da Lei de Imprensa, \u00e0 not\u00edcia \u201cDepois de guardado durante 70 anos, quadro secreto de Ricardo Salgado j\u00e1 pode ser visto em \u00c9vora\u201d, publicada a 13 de abril. \u00a0 \u201cAo abrigo dos artigos 24.\u00ba e seguintes da Lei de Imprensa [&hellip;]<\/p>\n","protected":false},"author":2,"featured_media":512,"comment_status":"open","ping_status":"open","sticky":false,"template":"","format":"standard","meta":{"footnotes":""},"categories":[1],"tags":[],"class_list":["post-511","post","type-post","status-publish","format-standard","has-post-thumbnail","hentry","category-noticias-financeiras"],"yoast_head":"<!-- This site is optimized with the Yoast SEO plugin v27.4 - https:\/\/yoast.com\/product\/yoast-seo-wordpress\/ -->\n<title>Direito de resposta de Ricardo Salgado \u2013 O Jornal Econ\u00f3mico - Super News<\/title>\n<meta name=\"robots\" content=\"index, follow, max-snippet:-1, max-image-preview:large, max-video-preview:-1\" \/>\n<link rel=\"canonical\" href=\"https:\/\/super-news.info\/pt\/direito-de-resposta-de-ricardo-salgado-o-jornal-economico\/\" \/>\n<meta property=\"og:locale\" content=\"pt_PT\" \/>\n<meta property=\"og:type\" content=\"article\" \/>\n<meta property=\"og:title\" content=\"Direito de resposta de Ricardo Salgado \u2013 O Jornal Econ\u00f3mico - Super News\" \/>\n<meta property=\"og:description\" content=\"[ad_1] O Jornal Econ\u00f3mico recebeu o seguinte direito de resposta de Ricardo Salgado, ao abrigo da Lei de Imprensa, \u00e0 not\u00edcia \u201cDepois de guardado durante 70 anos, quadro secreto de Ricardo Salgado j\u00e1 pode ser visto em \u00c9vora\u201d, publicada a 13 de abril. \u00a0 \u201cAo abrigo dos artigos 24.\u00ba e seguintes da Lei de Imprensa [&hellip;]\" \/>\n<meta property=\"og:url\" content=\"https:\/\/super-news.info\/pt\/direito-de-resposta-de-ricardo-salgado-o-jornal-economico\/\" \/>\n<meta property=\"og:site_name\" content=\"Super News\" \/>\n<meta property=\"article:published_time\" content=\"2019-04-18T16:27:08+00:00\" \/>\n<meta property=\"article:modified_time\" content=\"2019-04-18T16:27:10+00:00\" \/>\n<meta property=\"og:image\" content=\"https:\/\/super-news.info\/pt\/wp-content\/uploads\/sites\/2\/2019\/04\/Direito-de-resposta-de-Ricardo-Salgado-\u2013-O-Jornal-Econ\u00f3mico.jpg\" \/>\n\t<meta property=\"og:image:width\" content=\"1200\" \/>\n\t<meta property=\"og:image:height\" content=\"630\" \/>\n\t<meta property=\"og:image:type\" content=\"image\/jpeg\" \/>\n<meta name=\"author\" content=\"super-news\" \/>\n<meta name=\"twitter:card\" content=\"summary_large_image\" \/>\n<meta name=\"twitter:label1\" content=\"Escrito por\" \/>\n\t<meta name=\"twitter:data1\" content=\"super-news\" \/>\n\t<meta name=\"twitter:label2\" content=\"Tempo estimado de leitura\" \/>\n\t<meta name=\"twitter:data2\" content=\"1 minuto\" \/>\n<script type=\"application\/ld+json\" class=\"yoast-schema-graph\">{\"@context\":\"https:\\\/\\\/schema.org\",\"@graph\":[{\"@type\":\"Article\",\"@id\":\"https:\\\/\\\/super-news.info\\\/pt\\\/direito-de-resposta-de-ricardo-salgado-o-jornal-economico\\\/#article\",\"isPartOf\":{\"@id\":\"https:\\\/\\\/super-news.info\\\/pt\\\/direito-de-resposta-de-ricardo-salgado-o-jornal-economico\\\/\"},\"author\":{\"name\":\"super-news\",\"@id\":\"https:\\\/\\\/super-news.info\\\/pt\\\/#\\\/schema\\\/person\\\/2d4068cb2f39cd10008c2fce578a7356\"},\"headline\":\"Direito de resposta de Ricardo Salgado \u2013 O Jornal Econ\u00f3mico\",\"datePublished\":\"2019-04-18T16:27:08+00:00\",\"dateModified\":\"2019-04-18T16:27:10+00:00\",\"mainEntityOfPage\":{\"@id\":\"https:\\\/\\\/super-news.info\\\/pt\\\/direito-de-resposta-de-ricardo-salgado-o-jornal-economico\\\/\"},\"wordCount\":266,\"commentCount\":0,\"image\":{\"@id\":\"https:\\\/\\\/super-news.info\\\/pt\\\/direito-de-resposta-de-ricardo-salgado-o-jornal-economico\\\/#primaryimage\"},\"thumbnailUrl\":\"https:\\\/\\\/super-news.info\\\/pt\\\/wp-content\\\/uploads\\\/sites\\\/2\\\/2019\\\/04\\\/Direito-de-resposta-de-Ricardo-Salgado-\u2013-O-Jornal-Econ\u00f3mico.jpg\",\"articleSection\":[\"NOT\u00cdCIAS FINANCEIRAS\"],\"inLanguage\":\"pt-PT\",\"potentialAction\":[{\"@type\":\"CommentAction\",\"name\":\"Comment\",\"target\":[\"https:\\\/\\\/super-news.info\\\/pt\\\/direito-de-resposta-de-ricardo-salgado-o-jornal-economico\\\/#respond\"]}]},{\"@type\":\"WebPage\",\"@id\":\"https:\\\/\\\/super-news.info\\\/pt\\\/direito-de-resposta-de-ricardo-salgado-o-jornal-economico\\\/\",\"url\":\"https:\\\/\\\/super-news.info\\\/pt\\\/direito-de-resposta-de-ricardo-salgado-o-jornal-economico\\\/\",\"name\":\"Direito de resposta de Ricardo Salgado \u2013 O Jornal Econ\u00f3mico - Super News\",\"isPartOf\":{\"@id\":\"https:\\\/\\\/super-news.info\\\/pt\\\/#website\"},\"primaryImageOfPage\":{\"@id\":\"https:\\\/\\\/super-news.info\\\/pt\\\/direito-de-resposta-de-ricardo-salgado-o-jornal-economico\\\/#primaryimage\"},\"image\":{\"@id\":\"https:\\\/\\\/super-news.info\\\/pt\\\/direito-de-resposta-de-ricardo-salgado-o-jornal-economico\\\/#primaryimage\"},\"thumbnailUrl\":\"https:\\\/\\\/super-news.info\\\/pt\\\/wp-content\\\/uploads\\\/sites\\\/2\\\/2019\\\/04\\\/Direito-de-resposta-de-Ricardo-Salgado-\u2013-O-Jornal-Econ\u00f3mico.jpg\",\"datePublished\":\"2019-04-18T16:27:08+00:00\",\"dateModified\":\"2019-04-18T16:27:10+00:00\",\"author\":{\"@id\":\"https:\\\/\\\/super-news.info\\\/pt\\\/#\\\/schema\\\/person\\\/2d4068cb2f39cd10008c2fce578a7356\"},\"breadcrumb\":{\"@id\":\"https:\\\/\\\/super-news.info\\\/pt\\\/direito-de-resposta-de-ricardo-salgado-o-jornal-economico\\\/#breadcrumb\"},\"inLanguage\":\"pt-PT\",\"potentialAction\":[{\"@type\":\"ReadAction\",\"target\":[\"https:\\\/\\\/super-news.info\\\/pt\\\/direito-de-resposta-de-ricardo-salgado-o-jornal-economico\\\/\"]}]},{\"@type\":\"ImageObject\",\"inLanguage\":\"pt-PT\",\"@id\":\"https:\\\/\\\/super-news.info\\\/pt\\\/direito-de-resposta-de-ricardo-salgado-o-jornal-economico\\\/#primaryimage\",\"url\":\"https:\\\/\\\/super-news.info\\\/pt\\\/wp-content\\\/uploads\\\/sites\\\/2\\\/2019\\\/04\\\/Direito-de-resposta-de-Ricardo-Salgado-\u2013-O-Jornal-Econ\u00f3mico.jpg\",\"contentUrl\":\"https:\\\/\\\/super-news.info\\\/pt\\\/wp-content\\\/uploads\\\/sites\\\/2\\\/2019\\\/04\\\/Direito-de-resposta-de-Ricardo-Salgado-\u2013-O-Jornal-Econ\u00f3mico.jpg\",\"width\":1200,\"height\":630,\"caption\":\"Direito de resposta de Ricardo Salgado \u2013 O Jornal Econ\u00f3mico\"},{\"@type\":\"BreadcrumbList\",\"@id\":\"https:\\\/\\\/super-news.info\\\/pt\\\/direito-de-resposta-de-ricardo-salgado-o-jornal-economico\\\/#breadcrumb\",\"itemListElement\":[{\"@type\":\"ListItem\",\"position\":1,\"name\":\"\u0413\u043b\u0430\u0432\u043d\u0430\u044f \u0441\u0442\u0440\u0430\u043d\u0438\u0446\u0430\",\"item\":\"https:\\\/\\\/super-news.info\\\/pt\\\/\"},{\"@type\":\"ListItem\",\"position\":2,\"name\":\"Direito de resposta de Ricardo Salgado \u2013 O Jornal Econ\u00f3mico\"}]},{\"@type\":\"WebSite\",\"@id\":\"https:\\\/\\\/super-news.info\\\/pt\\\/#website\",\"url\":\"https:\\\/\\\/super-news.info\\\/pt\\\/\",\"name\":\"Super News\",\"description\":\"Super News Portugal\",\"potentialAction\":[{\"@type\":\"SearchAction\",\"target\":{\"@type\":\"EntryPoint\",\"urlTemplate\":\"https:\\\/\\\/super-news.info\\\/pt\\\/?s={search_term_string}\"},\"query-input\":{\"@type\":\"PropertyValueSpecification\",\"valueRequired\":true,\"valueName\":\"search_term_string\"}}],\"inLanguage\":\"pt-PT\"},{\"@type\":\"Person\",\"@id\":\"https:\\\/\\\/super-news.info\\\/pt\\\/#\\\/schema\\\/person\\\/2d4068cb2f39cd10008c2fce578a7356\",\"name\":\"super-news\",\"image\":{\"@type\":\"ImageObject\",\"inLanguage\":\"pt-PT\",\"@id\":\"https:\\\/\\\/secure.gravatar.com\\\/avatar\\\/64ebac40b93f26a154f8a9b5b6fdccfc46f442b26b3dd6756dbff3bf9dc76fd7?s=96&d=mm&r=g\",\"url\":\"https:\\\/\\\/secure.gravatar.com\\\/avatar\\\/64ebac40b93f26a154f8a9b5b6fdccfc46f442b26b3dd6756dbff3bf9dc76fd7?s=96&d=mm&r=g\",\"contentUrl\":\"https:\\\/\\\/secure.gravatar.com\\\/avatar\\\/64ebac40b93f26a154f8a9b5b6fdccfc46f442b26b3dd6756dbff3bf9dc76fd7?s=96&d=mm&r=g\",\"caption\":\"super-news\"},\"url\":\"https:\\\/\\\/super-news.info\\\/pt\\\/author\\\/pt\\\/\"}]}<\/script>\n<!-- \/ Yoast SEO plugin. -->","yoast_head_json":{"title":"Direito de resposta de Ricardo Salgado \u2013 O Jornal Econ\u00f3mico - Super News","robots":{"index":"index","follow":"follow","max-snippet":"max-snippet:-1","max-image-preview":"max-image-preview:large","max-video-preview":"max-video-preview:-1"},"canonical":"https:\/\/super-news.info\/pt\/direito-de-resposta-de-ricardo-salgado-o-jornal-economico\/","og_locale":"pt_PT","og_type":"article","og_title":"Direito de resposta de Ricardo Salgado \u2013 O Jornal Econ\u00f3mico - Super News","og_description":"[ad_1] O Jornal Econ\u00f3mico recebeu o seguinte direito de resposta de Ricardo Salgado, ao abrigo da Lei de Imprensa, \u00e0 not\u00edcia \u201cDepois de guardado durante 70 anos, quadro secreto de Ricardo Salgado j\u00e1 pode ser visto em \u00c9vora\u201d, publicada a 13 de abril. \u00a0 \u201cAo abrigo dos artigos 24.\u00ba e seguintes da Lei de Imprensa [&hellip;]","og_url":"https:\/\/super-news.info\/pt\/direito-de-resposta-de-ricardo-salgado-o-jornal-economico\/","og_site_name":"Super News","article_published_time":"2019-04-18T16:27:08+00:00","article_modified_time":"2019-04-18T16:27:10+00:00","og_image":[{"width":1200,"height":630,"url":"https:\/\/super-news.info\/pt\/wp-content\/uploads\/sites\/2\/2019\/04\/Direito-de-resposta-de-Ricardo-Salgado-\u2013-O-Jornal-Econ\u00f3mico.jpg","type":"image\/jpeg"}],"author":"super-news","twitter_card":"summary_large_image","twitter_misc":{"Escrito por":"super-news","Tempo estimado de leitura":"1 minuto"},"schema":{"@context":"https:\/\/schema.org","@graph":[{"@type":"Article","@id":"https:\/\/super-news.info\/pt\/direito-de-resposta-de-ricardo-salgado-o-jornal-economico\/#article","isPartOf":{"@id":"https:\/\/super-news.info\/pt\/direito-de-resposta-de-ricardo-salgado-o-jornal-economico\/"},"author":{"name":"super-news","@id":"https:\/\/super-news.info\/pt\/#\/schema\/person\/2d4068cb2f39cd10008c2fce578a7356"},"headline":"Direito de resposta de Ricardo Salgado \u2013 O Jornal Econ\u00f3mico","datePublished":"2019-04-18T16:27:08+00:00","dateModified":"2019-04-18T16:27:10+00:00","mainEntityOfPage":{"@id":"https:\/\/super-news.info\/pt\/direito-de-resposta-de-ricardo-salgado-o-jornal-economico\/"},"wordCount":266,"commentCount":0,"image":{"@id":"https:\/\/super-news.info\/pt\/direito-de-resposta-de-ricardo-salgado-o-jornal-economico\/#primaryimage"},"thumbnailUrl":"https:\/\/super-news.info\/pt\/wp-content\/uploads\/sites\/2\/2019\/04\/Direito-de-resposta-de-Ricardo-Salgado-\u2013-O-Jornal-Econ\u00f3mico.jpg","articleSection":["NOT\u00cdCIAS FINANCEIRAS"],"inLanguage":"pt-PT","potentialAction":[{"@type":"CommentAction","name":"Comment","target":["https:\/\/super-news.info\/pt\/direito-de-resposta-de-ricardo-salgado-o-jornal-economico\/#respond"]}]},{"@type":"WebPage","@id":"https:\/\/super-news.info\/pt\/direito-de-resposta-de-ricardo-salgado-o-jornal-economico\/","url":"https:\/\/super-news.info\/pt\/direito-de-resposta-de-ricardo-salgado-o-jornal-economico\/","name":"Direito de resposta de Ricardo Salgado \u2013 O Jornal Econ\u00f3mico - Super News","isPartOf":{"@id":"https:\/\/super-news.info\/pt\/#website"},"primaryImageOfPage":{"@id":"https:\/\/super-news.info\/pt\/direito-de-resposta-de-ricardo-salgado-o-jornal-economico\/#primaryimage"},"image":{"@id":"https:\/\/super-news.info\/pt\/direito-de-resposta-de-ricardo-salgado-o-jornal-economico\/#primaryimage"},"thumbnailUrl":"https:\/\/super-news.info\/pt\/wp-content\/uploads\/sites\/2\/2019\/04\/Direito-de-resposta-de-Ricardo-Salgado-\u2013-O-Jornal-Econ\u00f3mico.jpg","datePublished":"2019-04-18T16:27:08+00:00","dateModified":"2019-04-18T16:27:10+00:00","author":{"@id":"https:\/\/super-news.info\/pt\/#\/schema\/person\/2d4068cb2f39cd10008c2fce578a7356"},"breadcrumb":{"@id":"https:\/\/super-news.info\/pt\/direito-de-resposta-de-ricardo-salgado-o-jornal-economico\/#breadcrumb"},"inLanguage":"pt-PT","potentialAction":[{"@type":"ReadAction","target":["https:\/\/super-news.info\/pt\/direito-de-resposta-de-ricardo-salgado-o-jornal-economico\/"]}]},{"@type":"ImageObject","inLanguage":"pt-PT","@id":"https:\/\/super-news.info\/pt\/direito-de-resposta-de-ricardo-salgado-o-jornal-economico\/#primaryimage","url":"https:\/\/super-news.info\/pt\/wp-content\/uploads\/sites\/2\/2019\/04\/Direito-de-resposta-de-Ricardo-Salgado-\u2013-O-Jornal-Econ\u00f3mico.jpg","contentUrl":"https:\/\/super-news.info\/pt\/wp-content\/uploads\/sites\/2\/2019\/04\/Direito-de-resposta-de-Ricardo-Salgado-\u2013-O-Jornal-Econ\u00f3mico.jpg","width":1200,"height":630,"caption":"Direito de resposta de Ricardo Salgado \u2013 O Jornal Econ\u00f3mico"},{"@type":"BreadcrumbList","@id":"https:\/\/super-news.info\/pt\/direito-de-resposta-de-ricardo-salgado-o-jornal-economico\/#breadcrumb","itemListElement":[{"@type":"ListItem","position":1,"name":"\u0413\u043b\u0430\u0432\u043d\u0430\u044f \u0441\u0442\u0440\u0430\u043d\u0438\u0446\u0430","item":"https:\/\/super-news.info\/pt\/"},{"@type":"ListItem","position":2,"name":"Direito de resposta de Ricardo Salgado \u2013 O Jornal Econ\u00f3mico"}]},{"@type":"WebSite","@id":"https:\/\/super-news.info\/pt\/#website","url":"https:\/\/super-news.info\/pt\/","name":"Super News","description":"Super News Portugal","potentialAction":[{"@type":"SearchAction","target":{"@type":"EntryPoint","urlTemplate":"https:\/\/super-news.info\/pt\/?s={search_term_string}"},"query-input":{"@type":"PropertyValueSpecification","valueRequired":true,"valueName":"search_term_string"}}],"inLanguage":"pt-PT"},{"@type":"Person","@id":"https:\/\/super-news.info\/pt\/#\/schema\/person\/2d4068cb2f39cd10008c2fce578a7356","name":"super-news","image":{"@type":"ImageObject","inLanguage":"pt-PT","@id":"https:\/\/secure.gravatar.com\/avatar\/64ebac40b93f26a154f8a9b5b6fdccfc46f442b26b3dd6756dbff3bf9dc76fd7?s=96&d=mm&r=g","url":"https:\/\/secure.gravatar.com\/avatar\/64ebac40b93f26a154f8a9b5b6fdccfc46f442b26b3dd6756dbff3bf9dc76fd7?s=96&d=mm&r=g","contentUrl":"https:\/\/secure.gravatar.com\/avatar\/64ebac40b93f26a154f8a9b5b6fdccfc46f442b26b3dd6756dbff3bf9dc76fd7?s=96&d=mm&r=g","caption":"super-news"},"url":"https:\/\/super-news.info\/pt\/author\/pt\/"}]}},"_links":{"self":[{"href":"https:\/\/super-news.info\/pt\/wp-json\/wp\/v2\/posts\/511","targetHints":{"allow":["GET"]}}],"collection":[{"href":"https:\/\/super-news.info\/pt\/wp-json\/wp\/v2\/posts"}],"about":[{"href":"https:\/\/super-news.info\/pt\/wp-json\/wp\/v2\/types\/post"}],"author":[{"embeddable":true,"href":"https:\/\/super-news.info\/pt\/wp-json\/wp\/v2\/users\/2"}],"replies":[{"embeddable":true,"href":"https:\/\/super-news.info\/pt\/wp-json\/wp\/v2\/comments?post=511"}],"version-history":[{"count":1,"href":"https:\/\/super-news.info\/pt\/wp-json\/wp\/v2\/posts\/511\/revisions"}],"predecessor-version":[{"id":513,"href":"https:\/\/super-news.info\/pt\/wp-json\/wp\/v2\/posts\/511\/revisions\/513"}],"wp:featuredmedia":[{"embeddable":true,"href":"https:\/\/super-news.info\/pt\/wp-json\/wp\/v2\/media\/512"}],"wp:attachment":[{"href":"https:\/\/super-news.info\/pt\/wp-json\/wp\/v2\/media?parent=511"}],"wp:term":[{"taxonomy":"category","embeddable":true,"href":"https:\/\/super-news.info\/pt\/wp-json\/wp\/v2\/categories?post=511"},{"taxonomy":"post_tag","embeddable":true,"href":"https:\/\/super-news.info\/pt\/wp-json\/wp\/v2\/tags?post=511"}],"curies":[{"name":"wp","href":"https:\/\/api.w.org\/{rel}","templated":true}]}}