{"id":436,"date":"2019-04-17T13:45:41","date_gmt":"2019-04-17T10:45:41","guid":{"rendered":"https:\/\/super-news.info\/pt\/exercito-forca-aerea-e-marinha-prontos-para-conduzir-camioes-cisterna-se-necessario-o-jornal-economico\/"},"modified":"2019-04-17T13:45:42","modified_gmt":"2019-04-17T10:45:42","slug":"exercito-forca-aerea-e-marinha-prontos-para-conduzir-camioes-cisterna-se-necessario-o-jornal-economico","status":"publish","type":"post","link":"https:\/\/super-news.info\/pt\/exercito-forca-aerea-e-marinha-prontos-para-conduzir-camioes-cisterna-se-necessario-o-jornal-economico\/","title":{"rendered":"Ex\u00e9rcito, For\u00e7a A\u00e9rea e Marinha prontos para conduzir cami\u00f5es-cisterna se necess\u00e1rio \u2013 O Jornal Econ\u00f3mico"},"content":{"rendered":"<p> [ad_1]<br \/>\n<\/p>\n<div>\n<p>As For\u00e7as Armadas colocaram 15 militares em grau de prontid\u00e3o para conduzirem cami\u00f5es de transportes de combust\u00edveis, se tal se tornar necess\u00e1rio, disse \u00e0 ag\u00eancia \u201cLusa\u201d fonte ligado ao processo.<\/p>\n<p>A not\u00edcia foi avan\u00e7ada na edi\u00e7\u00e3o do \u201cP\u00fablico\u201d esta quarta-feira e confirmada \u00e0 \u201cLusa\u201d por fonte envolvida no processo, no \u00e2mbito da\u00a0greve dos motoristas de mat\u00e9rias perigosas.<\/p>\n<p>De acordo com a mesma fonte, s\u00e3o oito militares do Ex\u00e9rcito, cinco da For\u00e7a A\u00e9rea e dois da Marinha que foram identificados para, caso seja necess\u00e1rio, procederem \u00e0\u00a0\u201csatisfa\u00e7\u00e3o urgente de necessidades b\u00e1sicas\u201d da popula\u00e7\u00e3o, como \u00e9 o caso da utiliza\u00e7\u00e3o dos combust\u00edveis.<\/p>\n<p>\u201c[S\u00e3o] militares credenciados para conduzir cami\u00f5es com cargas perigosas\u201d. Por esse motivo, foi necess\u00e1rio fazer previamente a sua identifica\u00e7\u00e3o e disponibilidade.<\/p>\n<p>Para que os militares sejam mobilizados, o\u00a0Governo ter\u00e1 de aprovar uma portaria, que dever\u00e1 envolver os minist\u00e9rios do Ambiente e Transi\u00e7\u00e3o Energ\u00e9tica, da Administra\u00e7\u00e3o Interna e da Defesa Nacional.<\/p>\n<p>A greve dos motoristas de mat\u00e9rias perigosas, que come\u00e7ou \u00e0s 00:00 de segunda-feira, foi convocada pelo Sindicato Nacional de Motoristas de Mat\u00e9rias Perigosas (SNMMP), por tempo indeterminado, para reivindicar o reconhecimento da categoria profissional espec\u00edfica.<\/p>\n<p>Na ter\u00e7a-feira, alegando o n\u00e3o cumprimento dos servi\u00e7os m\u00ednimos decretados, o Governo avan\u00e7ou com a requisi\u00e7\u00e3o civil, definindo que at\u00e9 quinta-feira os trabalhadores a requisitar devem corresponder \u201caos que se disponibilizaram para assegurar fun\u00e7\u00f5es em servi\u00e7os m\u00ednimos e, na sua aus\u00eancia ou insufici\u00eancia, os que constem da escala de servi\u00e7o\u201d.<\/p>\n<p>No final da tarde de ter\u00e7a-feira, o Governo declarou a \u201csitua\u00e7\u00e3o de alerta\u201d devido \u00e0 greve, avan\u00e7ando com medidas excecionais para garantir os abastecimentos e, numa reuni\u00e3o durante a noite com a Associa\u00e7\u00e3o Nacional de Transportadores P\u00fablicos Rodovi\u00e1rios de Mercadorias (ANTRAM) e o Sindicato Nacional de Motoristas de Mat\u00e9rias Perigosas, foram definidos os servi\u00e7os m\u00ednimos.<\/p>\n<p>A greve dos motoristas de mat\u00e9rias perigosas decorre por tempo indeterminado.<\/p>\n<\/div>\n<p><script>\/*<![CDATA[*\/function facebookInit(){var js=document.createElement('script');js.src='https:\/\/connect.facebook.net\/pt_PT\/sdk.js#xfbml=1&#038;version=v3.1&#038;appId=1708066812789184&#038;autoLogAppEvents=1';return document.body.appendChild(js);}\nwindow.onscroll=function(){var rect=document.getElementsByClassName('je-post-content')[0].getBoundingClientRect();if(rect.bottom<window.innerHeight){facebookInit();window.onscroll=null;}}\/*]]>*\/<\/script><br \/>\n<br \/>[ad_2]<br \/>\n<br \/><a href=\"https:\/\/jornaleconomico.sapo.pt\/noticias\/exercito-forca-aerea-e-marinha-prontos-para-conduzir-camioes-cisterna-se-necessario-434801\">Source link <\/a><\/p>\n","protected":false},"excerpt":{"rendered":"<p>[ad_1] As For\u00e7as Armadas colocaram 15 militares em grau de prontid\u00e3o para conduzirem cami\u00f5es de transportes de combust\u00edveis, se tal se tornar necess\u00e1rio, disse \u00e0 ag\u00eancia \u201cLusa\u201d fonte ligado ao processo. A not\u00edcia foi avan\u00e7ada na edi\u00e7\u00e3o do \u201cP\u00fablico\u201d esta quarta-feira e confirmada \u00e0 \u201cLusa\u201d por fonte envolvida no processo, no \u00e2mbito da\u00a0greve dos motoristas [&hellip;]<\/p>\n","protected":false},"author":2,"featured_media":401,"comment_status":"open","ping_status":"open","sticky":false,"template":"","format":"standard","meta":{"footnotes":""},"categories":[1],"tags":[],"class_list":["post-436","post","type-post","status-publish","format-standard","has-post-thumbnail","hentry","category-noticias-financeiras"],"yoast_head":"<!-- This site is optimized with the Yoast SEO plugin v27.4 - https:\/\/yoast.com\/product\/yoast-seo-wordpress\/ -->\n<title>Ex\u00e9rcito, For\u00e7a A\u00e9rea e Marinha prontos para conduzir cami\u00f5es-cisterna se necess\u00e1rio \u2013 O Jornal Econ\u00f3mico - Super News<\/title>\n<meta name=\"robots\" content=\"index, follow, max-snippet:-1, max-image-preview:large, max-video-preview:-1\" \/>\n<link rel=\"canonical\" href=\"https:\/\/super-news.info\/pt\/exercito-forca-aerea-e-marinha-prontos-para-conduzir-camioes-cisterna-se-necessario-o-jornal-economico\/\" \/>\n<meta property=\"og:locale\" content=\"pt_PT\" \/>\n<meta property=\"og:type\" content=\"article\" \/>\n<meta property=\"og:title\" content=\"Ex\u00e9rcito, For\u00e7a A\u00e9rea e Marinha prontos para conduzir cami\u00f5es-cisterna se necess\u00e1rio \u2013 O Jornal Econ\u00f3mico - Super News\" \/>\n<meta property=\"og:description\" content=\"[ad_1] As For\u00e7as Armadas colocaram 15 militares em grau de prontid\u00e3o para conduzirem cami\u00f5es de transportes de combust\u00edveis, se tal se tornar necess\u00e1rio, disse \u00e0 ag\u00eancia \u201cLusa\u201d fonte ligado ao processo. A not\u00edcia foi avan\u00e7ada na edi\u00e7\u00e3o do \u201cP\u00fablico\u201d esta quarta-feira e confirmada \u00e0 \u201cLusa\u201d por fonte envolvida no processo, no \u00e2mbito da\u00a0greve dos motoristas [&hellip;]\" \/>\n<meta property=\"og:url\" content=\"https:\/\/super-news.info\/pt\/exercito-forca-aerea-e-marinha-prontos-para-conduzir-camioes-cisterna-se-necessario-o-jornal-economico\/\" \/>\n<meta property=\"og:site_name\" content=\"Super News\" \/>\n<meta property=\"article:published_time\" content=\"2019-04-17T10:45:41+00:00\" \/>\n<meta property=\"article:modified_time\" content=\"2019-04-17T10:45:42+00:00\" \/>\n<meta property=\"og:image\" content=\"https:\/\/super-news.info\/pt\/wp-content\/uploads\/sites\/2\/2019\/04\/Governo-re\u00fane-\u00e0s-21h00-com-a-ATRAM-e-sindicato-\u2013.jpg\" \/>\n\t<meta property=\"og:image:width\" content=\"960\" \/>\n\t<meta property=\"og:image:height\" content=\"600\" \/>\n\t<meta property=\"og:image:type\" content=\"image\/jpeg\" \/>\n<meta name=\"author\" content=\"super-news\" \/>\n<meta name=\"twitter:card\" content=\"summary_large_image\" \/>\n<meta name=\"twitter:label1\" content=\"Escrito por\" \/>\n\t<meta name=\"twitter:data1\" content=\"super-news\" \/>\n\t<meta name=\"twitter:label2\" content=\"Tempo estimado de leitura\" \/>\n\t<meta name=\"twitter:data2\" content=\"2 minutos\" \/>\n<script type=\"application\/ld+json\" class=\"yoast-schema-graph\">{\"@context\":\"https:\\\/\\\/schema.org\",\"@graph\":[{\"@type\":\"Article\",\"@id\":\"https:\\\/\\\/super-news.info\\\/pt\\\/exercito-forca-aerea-e-marinha-prontos-para-conduzir-camioes-cisterna-se-necessario-o-jornal-economico\\\/#article\",\"isPartOf\":{\"@id\":\"https:\\\/\\\/super-news.info\\\/pt\\\/exercito-forca-aerea-e-marinha-prontos-para-conduzir-camioes-cisterna-se-necessario-o-jornal-economico\\\/\"},\"author\":{\"name\":\"super-news\",\"@id\":\"https:\\\/\\\/super-news.info\\\/pt\\\/#\\\/schema\\\/person\\\/2d4068cb2f39cd10008c2fce578a7356\"},\"headline\":\"Ex\u00e9rcito, For\u00e7a A\u00e9rea e Marinha prontos para conduzir cami\u00f5es-cisterna se necess\u00e1rio \u2013 O Jornal Econ\u00f3mico\",\"datePublished\":\"2019-04-17T10:45:41+00:00\",\"dateModified\":\"2019-04-17T10:45:42+00:00\",\"mainEntityOfPage\":{\"@id\":\"https:\\\/\\\/super-news.info\\\/pt\\\/exercito-forca-aerea-e-marinha-prontos-para-conduzir-camioes-cisterna-se-necessario-o-jornal-economico\\\/\"},\"wordCount\":376,\"commentCount\":0,\"image\":{\"@id\":\"https:\\\/\\\/super-news.info\\\/pt\\\/exercito-forca-aerea-e-marinha-prontos-para-conduzir-camioes-cisterna-se-necessario-o-jornal-economico\\\/#primaryimage\"},\"thumbnailUrl\":\"https:\\\/\\\/super-news.info\\\/pt\\\/wp-content\\\/uploads\\\/sites\\\/2\\\/2019\\\/04\\\/Governo-re\u00fane-\u00e0s-21h00-com-a-ATRAM-e-sindicato-\u2013.jpg\",\"articleSection\":[\"NOT\u00cdCIAS FINANCEIRAS\"],\"inLanguage\":\"pt-PT\",\"potentialAction\":[{\"@type\":\"CommentAction\",\"name\":\"Comment\",\"target\":[\"https:\\\/\\\/super-news.info\\\/pt\\\/exercito-forca-aerea-e-marinha-prontos-para-conduzir-camioes-cisterna-se-necessario-o-jornal-economico\\\/#respond\"]}]},{\"@type\":\"WebPage\",\"@id\":\"https:\\\/\\\/super-news.info\\\/pt\\\/exercito-forca-aerea-e-marinha-prontos-para-conduzir-camioes-cisterna-se-necessario-o-jornal-economico\\\/\",\"url\":\"https:\\\/\\\/super-news.info\\\/pt\\\/exercito-forca-aerea-e-marinha-prontos-para-conduzir-camioes-cisterna-se-necessario-o-jornal-economico\\\/\",\"name\":\"Ex\u00e9rcito, For\u00e7a A\u00e9rea e Marinha prontos para conduzir cami\u00f5es-cisterna se necess\u00e1rio \u2013 O Jornal Econ\u00f3mico - Super News\",\"isPartOf\":{\"@id\":\"https:\\\/\\\/super-news.info\\\/pt\\\/#website\"},\"primaryImageOfPage\":{\"@id\":\"https:\\\/\\\/super-news.info\\\/pt\\\/exercito-forca-aerea-e-marinha-prontos-para-conduzir-camioes-cisterna-se-necessario-o-jornal-economico\\\/#primaryimage\"},\"image\":{\"@id\":\"https:\\\/\\\/super-news.info\\\/pt\\\/exercito-forca-aerea-e-marinha-prontos-para-conduzir-camioes-cisterna-se-necessario-o-jornal-economico\\\/#primaryimage\"},\"thumbnailUrl\":\"https:\\\/\\\/super-news.info\\\/pt\\\/wp-content\\\/uploads\\\/sites\\\/2\\\/2019\\\/04\\\/Governo-re\u00fane-\u00e0s-21h00-com-a-ATRAM-e-sindicato-\u2013.jpg\",\"datePublished\":\"2019-04-17T10:45:41+00:00\",\"dateModified\":\"2019-04-17T10:45:42+00:00\",\"author\":{\"@id\":\"https:\\\/\\\/super-news.info\\\/pt\\\/#\\\/schema\\\/person\\\/2d4068cb2f39cd10008c2fce578a7356\"},\"breadcrumb\":{\"@id\":\"https:\\\/\\\/super-news.info\\\/pt\\\/exercito-forca-aerea-e-marinha-prontos-para-conduzir-camioes-cisterna-se-necessario-o-jornal-economico\\\/#breadcrumb\"},\"inLanguage\":\"pt-PT\",\"potentialAction\":[{\"@type\":\"ReadAction\",\"target\":[\"https:\\\/\\\/super-news.info\\\/pt\\\/exercito-forca-aerea-e-marinha-prontos-para-conduzir-camioes-cisterna-se-necessario-o-jornal-economico\\\/\"]}]},{\"@type\":\"ImageObject\",\"inLanguage\":\"pt-PT\",\"@id\":\"https:\\\/\\\/super-news.info\\\/pt\\\/exercito-forca-aerea-e-marinha-prontos-para-conduzir-camioes-cisterna-se-necessario-o-jornal-economico\\\/#primaryimage\",\"url\":\"https:\\\/\\\/super-news.info\\\/pt\\\/wp-content\\\/uploads\\\/sites\\\/2\\\/2019\\\/04\\\/Governo-re\u00fane-\u00e0s-21h00-com-a-ATRAM-e-sindicato-\u2013.jpg\",\"contentUrl\":\"https:\\\/\\\/super-news.info\\\/pt\\\/wp-content\\\/uploads\\\/sites\\\/2\\\/2019\\\/04\\\/Governo-re\u00fane-\u00e0s-21h00-com-a-ATRAM-e-sindicato-\u2013.jpg\",\"width\":960,\"height\":600,\"caption\":\"Governo re\u00fane \u00e0s 21h00 com a ATRAM e sindicato \u2013 O Jornal Econ\u00f3mico\"},{\"@type\":\"BreadcrumbList\",\"@id\":\"https:\\\/\\\/super-news.info\\\/pt\\\/exercito-forca-aerea-e-marinha-prontos-para-conduzir-camioes-cisterna-se-necessario-o-jornal-economico\\\/#breadcrumb\",\"itemListElement\":[{\"@type\":\"ListItem\",\"position\":1,\"name\":\"\u0413\u043b\u0430\u0432\u043d\u0430\u044f \u0441\u0442\u0440\u0430\u043d\u0438\u0446\u0430\",\"item\":\"https:\\\/\\\/super-news.info\\\/pt\\\/\"},{\"@type\":\"ListItem\",\"position\":2,\"name\":\"Ex\u00e9rcito, For\u00e7a A\u00e9rea e Marinha prontos para conduzir cami\u00f5es-cisterna se necess\u00e1rio \u2013 O Jornal Econ\u00f3mico\"}]},{\"@type\":\"WebSite\",\"@id\":\"https:\\\/\\\/super-news.info\\\/pt\\\/#website\",\"url\":\"https:\\\/\\\/super-news.info\\\/pt\\\/\",\"name\":\"Super News\",\"description\":\"Super News Portugal\",\"potentialAction\":[{\"@type\":\"SearchAction\",\"target\":{\"@type\":\"EntryPoint\",\"urlTemplate\":\"https:\\\/\\\/super-news.info\\\/pt\\\/?s={search_term_string}\"},\"query-input\":{\"@type\":\"PropertyValueSpecification\",\"valueRequired\":true,\"valueName\":\"search_term_string\"}}],\"inLanguage\":\"pt-PT\"},{\"@type\":\"Person\",\"@id\":\"https:\\\/\\\/super-news.info\\\/pt\\\/#\\\/schema\\\/person\\\/2d4068cb2f39cd10008c2fce578a7356\",\"name\":\"super-news\",\"image\":{\"@type\":\"ImageObject\",\"inLanguage\":\"pt-PT\",\"@id\":\"https:\\\/\\\/secure.gravatar.com\\\/avatar\\\/64ebac40b93f26a154f8a9b5b6fdccfc46f442b26b3dd6756dbff3bf9dc76fd7?s=96&d=mm&r=g\",\"url\":\"https:\\\/\\\/secure.gravatar.com\\\/avatar\\\/64ebac40b93f26a154f8a9b5b6fdccfc46f442b26b3dd6756dbff3bf9dc76fd7?s=96&d=mm&r=g\",\"contentUrl\":\"https:\\\/\\\/secure.gravatar.com\\\/avatar\\\/64ebac40b93f26a154f8a9b5b6fdccfc46f442b26b3dd6756dbff3bf9dc76fd7?s=96&d=mm&r=g\",\"caption\":\"super-news\"},\"url\":\"https:\\\/\\\/super-news.info\\\/pt\\\/author\\\/pt\\\/\"}]}<\/script>\n<!-- \/ Yoast SEO plugin. -->","yoast_head_json":{"title":"Ex\u00e9rcito, For\u00e7a A\u00e9rea e Marinha prontos para conduzir cami\u00f5es-cisterna se necess\u00e1rio \u2013 O Jornal Econ\u00f3mico - Super News","robots":{"index":"index","follow":"follow","max-snippet":"max-snippet:-1","max-image-preview":"max-image-preview:large","max-video-preview":"max-video-preview:-1"},"canonical":"https:\/\/super-news.info\/pt\/exercito-forca-aerea-e-marinha-prontos-para-conduzir-camioes-cisterna-se-necessario-o-jornal-economico\/","og_locale":"pt_PT","og_type":"article","og_title":"Ex\u00e9rcito, For\u00e7a A\u00e9rea e Marinha prontos para conduzir cami\u00f5es-cisterna se necess\u00e1rio \u2013 O Jornal Econ\u00f3mico - Super News","og_description":"[ad_1] As For\u00e7as Armadas colocaram 15 militares em grau de prontid\u00e3o para conduzirem cami\u00f5es de transportes de combust\u00edveis, se tal se tornar necess\u00e1rio, disse \u00e0 ag\u00eancia \u201cLusa\u201d fonte ligado ao processo. A not\u00edcia foi avan\u00e7ada na edi\u00e7\u00e3o do \u201cP\u00fablico\u201d esta quarta-feira e confirmada \u00e0 \u201cLusa\u201d por fonte envolvida no processo, no \u00e2mbito da\u00a0greve dos motoristas [&hellip;]","og_url":"https:\/\/super-news.info\/pt\/exercito-forca-aerea-e-marinha-prontos-para-conduzir-camioes-cisterna-se-necessario-o-jornal-economico\/","og_site_name":"Super News","article_published_time":"2019-04-17T10:45:41+00:00","article_modified_time":"2019-04-17T10:45:42+00:00","og_image":[{"width":960,"height":600,"url":"https:\/\/super-news.info\/pt\/wp-content\/uploads\/sites\/2\/2019\/04\/Governo-re\u00fane-\u00e0s-21h00-com-a-ATRAM-e-sindicato-\u2013.jpg","type":"image\/jpeg"}],"author":"super-news","twitter_card":"summary_large_image","twitter_misc":{"Escrito por":"super-news","Tempo estimado de leitura":"2 minutos"},"schema":{"@context":"https:\/\/schema.org","@graph":[{"@type":"Article","@id":"https:\/\/super-news.info\/pt\/exercito-forca-aerea-e-marinha-prontos-para-conduzir-camioes-cisterna-se-necessario-o-jornal-economico\/#article","isPartOf":{"@id":"https:\/\/super-news.info\/pt\/exercito-forca-aerea-e-marinha-prontos-para-conduzir-camioes-cisterna-se-necessario-o-jornal-economico\/"},"author":{"name":"super-news","@id":"https:\/\/super-news.info\/pt\/#\/schema\/person\/2d4068cb2f39cd10008c2fce578a7356"},"headline":"Ex\u00e9rcito, For\u00e7a A\u00e9rea e Marinha prontos para conduzir cami\u00f5es-cisterna se necess\u00e1rio \u2013 O Jornal Econ\u00f3mico","datePublished":"2019-04-17T10:45:41+00:00","dateModified":"2019-04-17T10:45:42+00:00","mainEntityOfPage":{"@id":"https:\/\/super-news.info\/pt\/exercito-forca-aerea-e-marinha-prontos-para-conduzir-camioes-cisterna-se-necessario-o-jornal-economico\/"},"wordCount":376,"commentCount":0,"image":{"@id":"https:\/\/super-news.info\/pt\/exercito-forca-aerea-e-marinha-prontos-para-conduzir-camioes-cisterna-se-necessario-o-jornal-economico\/#primaryimage"},"thumbnailUrl":"https:\/\/super-news.info\/pt\/wp-content\/uploads\/sites\/2\/2019\/04\/Governo-re\u00fane-\u00e0s-21h00-com-a-ATRAM-e-sindicato-\u2013.jpg","articleSection":["NOT\u00cdCIAS FINANCEIRAS"],"inLanguage":"pt-PT","potentialAction":[{"@type":"CommentAction","name":"Comment","target":["https:\/\/super-news.info\/pt\/exercito-forca-aerea-e-marinha-prontos-para-conduzir-camioes-cisterna-se-necessario-o-jornal-economico\/#respond"]}]},{"@type":"WebPage","@id":"https:\/\/super-news.info\/pt\/exercito-forca-aerea-e-marinha-prontos-para-conduzir-camioes-cisterna-se-necessario-o-jornal-economico\/","url":"https:\/\/super-news.info\/pt\/exercito-forca-aerea-e-marinha-prontos-para-conduzir-camioes-cisterna-se-necessario-o-jornal-economico\/","name":"Ex\u00e9rcito, For\u00e7a A\u00e9rea e Marinha prontos para conduzir cami\u00f5es-cisterna se necess\u00e1rio \u2013 O Jornal Econ\u00f3mico - Super News","isPartOf":{"@id":"https:\/\/super-news.info\/pt\/#website"},"primaryImageOfPage":{"@id":"https:\/\/super-news.info\/pt\/exercito-forca-aerea-e-marinha-prontos-para-conduzir-camioes-cisterna-se-necessario-o-jornal-economico\/#primaryimage"},"image":{"@id":"https:\/\/super-news.info\/pt\/exercito-forca-aerea-e-marinha-prontos-para-conduzir-camioes-cisterna-se-necessario-o-jornal-economico\/#primaryimage"},"thumbnailUrl":"https:\/\/super-news.info\/pt\/wp-content\/uploads\/sites\/2\/2019\/04\/Governo-re\u00fane-\u00e0s-21h00-com-a-ATRAM-e-sindicato-\u2013.jpg","datePublished":"2019-04-17T10:45:41+00:00","dateModified":"2019-04-17T10:45:42+00:00","author":{"@id":"https:\/\/super-news.info\/pt\/#\/schema\/person\/2d4068cb2f39cd10008c2fce578a7356"},"breadcrumb":{"@id":"https:\/\/super-news.info\/pt\/exercito-forca-aerea-e-marinha-prontos-para-conduzir-camioes-cisterna-se-necessario-o-jornal-economico\/#breadcrumb"},"inLanguage":"pt-PT","potentialAction":[{"@type":"ReadAction","target":["https:\/\/super-news.info\/pt\/exercito-forca-aerea-e-marinha-prontos-para-conduzir-camioes-cisterna-se-necessario-o-jornal-economico\/"]}]},{"@type":"ImageObject","inLanguage":"pt-PT","@id":"https:\/\/super-news.info\/pt\/exercito-forca-aerea-e-marinha-prontos-para-conduzir-camioes-cisterna-se-necessario-o-jornal-economico\/#primaryimage","url":"https:\/\/super-news.info\/pt\/wp-content\/uploads\/sites\/2\/2019\/04\/Governo-re\u00fane-\u00e0s-21h00-com-a-ATRAM-e-sindicato-\u2013.jpg","contentUrl":"https:\/\/super-news.info\/pt\/wp-content\/uploads\/sites\/2\/2019\/04\/Governo-re\u00fane-\u00e0s-21h00-com-a-ATRAM-e-sindicato-\u2013.jpg","width":960,"height":600,"caption":"Governo re\u00fane \u00e0s 21h00 com a ATRAM e sindicato \u2013 O Jornal Econ\u00f3mico"},{"@type":"BreadcrumbList","@id":"https:\/\/super-news.info\/pt\/exercito-forca-aerea-e-marinha-prontos-para-conduzir-camioes-cisterna-se-necessario-o-jornal-economico\/#breadcrumb","itemListElement":[{"@type":"ListItem","position":1,"name":"\u0413\u043b\u0430\u0432\u043d\u0430\u044f \u0441\u0442\u0440\u0430\u043d\u0438\u0446\u0430","item":"https:\/\/super-news.info\/pt\/"},{"@type":"ListItem","position":2,"name":"Ex\u00e9rcito, For\u00e7a A\u00e9rea e Marinha prontos para conduzir cami\u00f5es-cisterna se necess\u00e1rio \u2013 O Jornal Econ\u00f3mico"}]},{"@type":"WebSite","@id":"https:\/\/super-news.info\/pt\/#website","url":"https:\/\/super-news.info\/pt\/","name":"Super News","description":"Super News Portugal","potentialAction":[{"@type":"SearchAction","target":{"@type":"EntryPoint","urlTemplate":"https:\/\/super-news.info\/pt\/?s={search_term_string}"},"query-input":{"@type":"PropertyValueSpecification","valueRequired":true,"valueName":"search_term_string"}}],"inLanguage":"pt-PT"},{"@type":"Person","@id":"https:\/\/super-news.info\/pt\/#\/schema\/person\/2d4068cb2f39cd10008c2fce578a7356","name":"super-news","image":{"@type":"ImageObject","inLanguage":"pt-PT","@id":"https:\/\/secure.gravatar.com\/avatar\/64ebac40b93f26a154f8a9b5b6fdccfc46f442b26b3dd6756dbff3bf9dc76fd7?s=96&d=mm&r=g","url":"https:\/\/secure.gravatar.com\/avatar\/64ebac40b93f26a154f8a9b5b6fdccfc46f442b26b3dd6756dbff3bf9dc76fd7?s=96&d=mm&r=g","contentUrl":"https:\/\/secure.gravatar.com\/avatar\/64ebac40b93f26a154f8a9b5b6fdccfc46f442b26b3dd6756dbff3bf9dc76fd7?s=96&d=mm&r=g","caption":"super-news"},"url":"https:\/\/super-news.info\/pt\/author\/pt\/"}]}},"_links":{"self":[{"href":"https:\/\/super-news.info\/pt\/wp-json\/wp\/v2\/posts\/436","targetHints":{"allow":["GET"]}}],"collection":[{"href":"https:\/\/super-news.info\/pt\/wp-json\/wp\/v2\/posts"}],"about":[{"href":"https:\/\/super-news.info\/pt\/wp-json\/wp\/v2\/types\/post"}],"author":[{"embeddable":true,"href":"https:\/\/super-news.info\/pt\/wp-json\/wp\/v2\/users\/2"}],"replies":[{"embeddable":true,"href":"https:\/\/super-news.info\/pt\/wp-json\/wp\/v2\/comments?post=436"}],"version-history":[{"count":1,"href":"https:\/\/super-news.info\/pt\/wp-json\/wp\/v2\/posts\/436\/revisions"}],"predecessor-version":[{"id":437,"href":"https:\/\/super-news.info\/pt\/wp-json\/wp\/v2\/posts\/436\/revisions\/437"}],"wp:featuredmedia":[{"embeddable":true,"href":"https:\/\/super-news.info\/pt\/wp-json\/wp\/v2\/media\/401"}],"wp:attachment":[{"href":"https:\/\/super-news.info\/pt\/wp-json\/wp\/v2\/media?parent=436"}],"wp:term":[{"taxonomy":"category","embeddable":true,"href":"https:\/\/super-news.info\/pt\/wp-json\/wp\/v2\/categories?post=436"},{"taxonomy":"post_tag","embeddable":true,"href":"https:\/\/super-news.info\/pt\/wp-json\/wp\/v2\/tags?post=436"}],"curies":[{"name":"wp","href":"https:\/\/api.w.org\/{rel}","templated":true}]}}