{"id":427,"date":"2019-04-17T08:40:07","date_gmt":"2019-04-17T05:40:07","guid":{"rendered":"https:\/\/super-news.info\/pt\/socrates-indignado-com-declaracoes-do-presidente-da-comissao-de-inquerito-o-jornal-economico\/"},"modified":"2019-04-17T08:40:08","modified_gmt":"2019-04-17T05:40:08","slug":"socrates-indignado-com-declaracoes-do-presidente-da-comissao-de-inquerito-o-jornal-economico","status":"publish","type":"post","link":"https:\/\/super-news.info\/pt\/socrates-indignado-com-declaracoes-do-presidente-da-comissao-de-inquerito-o-jornal-economico\/","title":{"rendered":"S\u00f3crates indignado com declara\u00e7\u00f5es do presidente da comiss\u00e3o de inqu\u00e9rito \u2013 O Jornal Econ\u00f3mico"},"content":{"rendered":"<p> [ad_1]<br \/>\n<\/p>\n<div>\n<p>O antigo primeiro-ministro Jos\u00e9 S\u00f3crates considerou hoje \u201cestapaf\u00fardia\u201d a posi\u00e7\u00e3o anunciada pelo presidente da comiss\u00e3o de inqu\u00e9rito sobre rendas na energia, o social-democrata Em\u00eddio Guerreiro, de pedir apoio \u00e0 Procuradoria-Geral da Rep\u00fablica para lhe enviar perguntas.<\/p>\n<p>\u201cN\u00e3o deixa de ser ir\u00f3nico que tal aconte\u00e7a exatamente no mesmo dia em que recebi da Assembleia da Rep\u00fablica, por via postal (j\u00e1 antes tinha recebido por correio eletr\u00f3nico), o convite que todos os anos me endere\u00e7a para participar nas cerim\u00f3nias comemorativas do 25 de Abril\u201d, referiu o antigo l\u00edder dos executivos socialistas entre 2005 e 2011, numa nota enviada \u00e0 ag\u00eancia Lusa.<\/p>\n<p>A nota enviada \u00e0 ag\u00eancia Lusa por Jos\u00e9 S\u00f3crates \u00e9 acompanhada em anexo pelo convite que os servi\u00e7os do protocolo da Assembleia da Rep\u00fablica lhe endere\u00e7aram para estar presente no pr\u00f3ximo dia 25, na sess\u00e3o solene do parlamento, na cerim\u00f3nia comemorativa do 45.\u00ba anivers\u00e1rio da revolu\u00e7\u00e3o.<\/p>\n<p>Horas antes, em declara\u00e7\u00f5es \u00e0 ag\u00eancia Lusa, o presidente da comiss\u00e3o de inqu\u00e9rito ao pagamento de rendas excessivas aos produtores de eletricidade adiantou que vai ser solicitado \u201co apoio \u00e0 Procuradoria-Geral da Rep\u00fablica\u201d para ajudar no contacto ao ex-primeiro-ministro socialista.<\/p>\n<p>\u201c[Jos\u00e9 S\u00f3crates] tem que ser contactado para esse efeito e at\u00e9 agora n\u00e3o o tem sido pelo que a comiss\u00e3o deliberou tamb\u00e9m socorrer-se de servi\u00e7os externos \u00e0 pr\u00f3pria Assembleia da Rep\u00fablica no sentido de o poder contactar e o pr\u00f3prio prazo de dia 15 de maio, que foi o dia fixado para o fecho da comiss\u00e3o, j\u00e1 comportar\u00e1 os prazos razo\u00e1veis para ser contactado e, sobretudo, tamb\u00e9m para responder, conforme est\u00e1 previsto na legisla\u00e7\u00e3o\u201d, justificou.<\/p>\n<p>Perante esta declara\u00e7\u00e3o de Em\u00eddio Guerreiro, Jos\u00e9 S\u00f3crates respondeu, classificando-a como \u201cestapaf\u00fardia\u201d e \u201cmal-educada\u201d.<\/p>\n<p>\u201cPara n\u00e3o perder muito tempo com t\u00e3o lament\u00e1vel incidente, o que tenho a dizer \u00e9 que a desculpa \u00e9 estapaf\u00fardia e a declara\u00e7\u00e3o mal-educada, o que, verdadeiramente, n\u00e3o me surpreende. Verifico, finalmente, que a nenhum jornalista causou perplexidade o facto de a comiss\u00e3o fazer perguntas depois de divulgar o seu projeto de relat\u00f3rio. Enfim, todo um novo tempo na pol\u00edtica\u201d, acrescentou.<\/p>\n<p>\u00a0<\/p>\n<\/div>\n<p><script>\/*<![CDATA[*\/function facebookInit(){var js=document.createElement('script');js.src='https:\/\/connect.facebook.net\/pt_PT\/sdk.js#xfbml=1&#038;version=v3.1&#038;appId=1708066812789184&#038;autoLogAppEvents=1';return document.body.appendChild(js);}\nwindow.onscroll=function(){var rect=document.getElementsByClassName('je-post-content')[0].getBoundingClientRect();if(rect.bottom<window.innerHeight){facebookInit();window.onscroll=null;}}\/*]]>*\/<\/script><br \/>\n<br \/>[ad_2]<br \/>\n<br \/><a href=\"https:\/\/jornaleconomico.sapo.pt\/noticias\/inqueritoenergia-socrates-indignado-com-declaracoes-do-presidente-da-comissao-de-inquerito-434631\">Source link <\/a><\/p>\n","protected":false},"excerpt":{"rendered":"<p>[ad_1] O antigo primeiro-ministro Jos\u00e9 S\u00f3crates considerou hoje \u201cestapaf\u00fardia\u201d a posi\u00e7\u00e3o anunciada pelo presidente da comiss\u00e3o de inqu\u00e9rito sobre rendas na energia, o social-democrata Em\u00eddio Guerreiro, de pedir apoio \u00e0 Procuradoria-Geral da Rep\u00fablica para lhe enviar perguntas. \u201cN\u00e3o deixa de ser ir\u00f3nico que tal aconte\u00e7a exatamente no mesmo dia em que recebi da Assembleia da [&hellip;]<\/p>\n","protected":false},"author":2,"featured_media":428,"comment_status":"open","ping_status":"open","sticky":false,"template":"","format":"standard","meta":{"footnotes":""},"categories":[1],"tags":[],"class_list":["post-427","post","type-post","status-publish","format-standard","has-post-thumbnail","hentry","category-noticias-financeiras"],"yoast_head":"<!-- This site is optimized with the Yoast SEO plugin v27.4 - https:\/\/yoast.com\/product\/yoast-seo-wordpress\/ -->\n<title>S\u00f3crates indignado com declara\u00e7\u00f5es do presidente da comiss\u00e3o de inqu\u00e9rito \u2013 O Jornal Econ\u00f3mico - Super News<\/title>\n<meta name=\"robots\" content=\"index, follow, max-snippet:-1, max-image-preview:large, max-video-preview:-1\" \/>\n<link rel=\"canonical\" href=\"https:\/\/super-news.info\/pt\/socrates-indignado-com-declaracoes-do-presidente-da-comissao-de-inquerito-o-jornal-economico\/\" \/>\n<meta property=\"og:locale\" content=\"pt_PT\" \/>\n<meta property=\"og:type\" content=\"article\" \/>\n<meta property=\"og:title\" content=\"S\u00f3crates indignado com declara\u00e7\u00f5es do presidente da comiss\u00e3o de inqu\u00e9rito \u2013 O Jornal Econ\u00f3mico - Super News\" \/>\n<meta property=\"og:description\" content=\"[ad_1] O antigo primeiro-ministro Jos\u00e9 S\u00f3crates considerou hoje \u201cestapaf\u00fardia\u201d a posi\u00e7\u00e3o anunciada pelo presidente da comiss\u00e3o de inqu\u00e9rito sobre rendas na energia, o social-democrata Em\u00eddio Guerreiro, de pedir apoio \u00e0 Procuradoria-Geral da Rep\u00fablica para lhe enviar perguntas. \u201cN\u00e3o deixa de ser ir\u00f3nico que tal aconte\u00e7a exatamente no mesmo dia em que recebi da Assembleia da [&hellip;]\" \/>\n<meta property=\"og:url\" content=\"https:\/\/super-news.info\/pt\/socrates-indignado-com-declaracoes-do-presidente-da-comissao-de-inquerito-o-jornal-economico\/\" \/>\n<meta property=\"og:site_name\" content=\"Super News\" \/>\n<meta property=\"article:published_time\" content=\"2019-04-17T05:40:07+00:00\" \/>\n<meta property=\"article:modified_time\" content=\"2019-04-17T05:40:08+00:00\" \/>\n<meta property=\"og:image\" content=\"https:\/\/super-news.info\/pt\/wp-content\/uploads\/sites\/2\/2019\/04\/S\u00f3crates-indignado-com-declara\u00e7\u00f5es-do-presidente-da-comiss\u00e3o-de-inqu\u00e9rito.jpg\" \/>\n\t<meta property=\"og:image:width\" content=\"960\" \/>\n\t<meta property=\"og:image:height\" content=\"600\" \/>\n\t<meta property=\"og:image:type\" content=\"image\/jpeg\" \/>\n<meta name=\"author\" content=\"super-news\" \/>\n<meta name=\"twitter:card\" content=\"summary_large_image\" \/>\n<meta name=\"twitter:label1\" content=\"Escrito por\" \/>\n\t<meta name=\"twitter:data1\" content=\"super-news\" \/>\n\t<meta name=\"twitter:label2\" content=\"Tempo estimado de leitura\" \/>\n\t<meta name=\"twitter:data2\" content=\"2 minutos\" \/>\n<script type=\"application\/ld+json\" class=\"yoast-schema-graph\">{\"@context\":\"https:\\\/\\\/schema.org\",\"@graph\":[{\"@type\":\"Article\",\"@id\":\"https:\\\/\\\/super-news.info\\\/pt\\\/socrates-indignado-com-declaracoes-do-presidente-da-comissao-de-inquerito-o-jornal-economico\\\/#article\",\"isPartOf\":{\"@id\":\"https:\\\/\\\/super-news.info\\\/pt\\\/socrates-indignado-com-declaracoes-do-presidente-da-comissao-de-inquerito-o-jornal-economico\\\/\"},\"author\":{\"name\":\"super-news\",\"@id\":\"https:\\\/\\\/super-news.info\\\/pt\\\/#\\\/schema\\\/person\\\/2d4068cb2f39cd10008c2fce578a7356\"},\"headline\":\"S\u00f3crates indignado com declara\u00e7\u00f5es do presidente da comiss\u00e3o de inqu\u00e9rito \u2013 O Jornal Econ\u00f3mico\",\"datePublished\":\"2019-04-17T05:40:07+00:00\",\"dateModified\":\"2019-04-17T05:40:08+00:00\",\"mainEntityOfPage\":{\"@id\":\"https:\\\/\\\/super-news.info\\\/pt\\\/socrates-indignado-com-declaracoes-do-presidente-da-comissao-de-inquerito-o-jornal-economico\\\/\"},\"wordCount\":398,\"commentCount\":0,\"image\":{\"@id\":\"https:\\\/\\\/super-news.info\\\/pt\\\/socrates-indignado-com-declaracoes-do-presidente-da-comissao-de-inquerito-o-jornal-economico\\\/#primaryimage\"},\"thumbnailUrl\":\"https:\\\/\\\/super-news.info\\\/pt\\\/wp-content\\\/uploads\\\/sites\\\/2\\\/2019\\\/04\\\/S\u00f3crates-indignado-com-declara\u00e7\u00f5es-do-presidente-da-comiss\u00e3o-de-inqu\u00e9rito.jpg\",\"articleSection\":[\"NOT\u00cdCIAS FINANCEIRAS\"],\"inLanguage\":\"pt-PT\",\"potentialAction\":[{\"@type\":\"CommentAction\",\"name\":\"Comment\",\"target\":[\"https:\\\/\\\/super-news.info\\\/pt\\\/socrates-indignado-com-declaracoes-do-presidente-da-comissao-de-inquerito-o-jornal-economico\\\/#respond\"]}]},{\"@type\":\"WebPage\",\"@id\":\"https:\\\/\\\/super-news.info\\\/pt\\\/socrates-indignado-com-declaracoes-do-presidente-da-comissao-de-inquerito-o-jornal-economico\\\/\",\"url\":\"https:\\\/\\\/super-news.info\\\/pt\\\/socrates-indignado-com-declaracoes-do-presidente-da-comissao-de-inquerito-o-jornal-economico\\\/\",\"name\":\"S\u00f3crates indignado com declara\u00e7\u00f5es do presidente da comiss\u00e3o de inqu\u00e9rito \u2013 O Jornal Econ\u00f3mico - Super News\",\"isPartOf\":{\"@id\":\"https:\\\/\\\/super-news.info\\\/pt\\\/#website\"},\"primaryImageOfPage\":{\"@id\":\"https:\\\/\\\/super-news.info\\\/pt\\\/socrates-indignado-com-declaracoes-do-presidente-da-comissao-de-inquerito-o-jornal-economico\\\/#primaryimage\"},\"image\":{\"@id\":\"https:\\\/\\\/super-news.info\\\/pt\\\/socrates-indignado-com-declaracoes-do-presidente-da-comissao-de-inquerito-o-jornal-economico\\\/#primaryimage\"},\"thumbnailUrl\":\"https:\\\/\\\/super-news.info\\\/pt\\\/wp-content\\\/uploads\\\/sites\\\/2\\\/2019\\\/04\\\/S\u00f3crates-indignado-com-declara\u00e7\u00f5es-do-presidente-da-comiss\u00e3o-de-inqu\u00e9rito.jpg\",\"datePublished\":\"2019-04-17T05:40:07+00:00\",\"dateModified\":\"2019-04-17T05:40:08+00:00\",\"author\":{\"@id\":\"https:\\\/\\\/super-news.info\\\/pt\\\/#\\\/schema\\\/person\\\/2d4068cb2f39cd10008c2fce578a7356\"},\"breadcrumb\":{\"@id\":\"https:\\\/\\\/super-news.info\\\/pt\\\/socrates-indignado-com-declaracoes-do-presidente-da-comissao-de-inquerito-o-jornal-economico\\\/#breadcrumb\"},\"inLanguage\":\"pt-PT\",\"potentialAction\":[{\"@type\":\"ReadAction\",\"target\":[\"https:\\\/\\\/super-news.info\\\/pt\\\/socrates-indignado-com-declaracoes-do-presidente-da-comissao-de-inquerito-o-jornal-economico\\\/\"]}]},{\"@type\":\"ImageObject\",\"inLanguage\":\"pt-PT\",\"@id\":\"https:\\\/\\\/super-news.info\\\/pt\\\/socrates-indignado-com-declaracoes-do-presidente-da-comissao-de-inquerito-o-jornal-economico\\\/#primaryimage\",\"url\":\"https:\\\/\\\/super-news.info\\\/pt\\\/wp-content\\\/uploads\\\/sites\\\/2\\\/2019\\\/04\\\/S\u00f3crates-indignado-com-declara\u00e7\u00f5es-do-presidente-da-comiss\u00e3o-de-inqu\u00e9rito.jpg\",\"contentUrl\":\"https:\\\/\\\/super-news.info\\\/pt\\\/wp-content\\\/uploads\\\/sites\\\/2\\\/2019\\\/04\\\/S\u00f3crates-indignado-com-declara\u00e7\u00f5es-do-presidente-da-comiss\u00e3o-de-inqu\u00e9rito.jpg\",\"width\":960,\"height\":600,\"caption\":\"S\u00f3crates indignado com declara\u00e7\u00f5es do presidente da comiss\u00e3o de inqu\u00e9rito \u2013 O Jornal Econ\u00f3mico\"},{\"@type\":\"BreadcrumbList\",\"@id\":\"https:\\\/\\\/super-news.info\\\/pt\\\/socrates-indignado-com-declaracoes-do-presidente-da-comissao-de-inquerito-o-jornal-economico\\\/#breadcrumb\",\"itemListElement\":[{\"@type\":\"ListItem\",\"position\":1,\"name\":\"\u0413\u043b\u0430\u0432\u043d\u0430\u044f \u0441\u0442\u0440\u0430\u043d\u0438\u0446\u0430\",\"item\":\"https:\\\/\\\/super-news.info\\\/pt\\\/\"},{\"@type\":\"ListItem\",\"position\":2,\"name\":\"S\u00f3crates indignado com declara\u00e7\u00f5es do presidente da comiss\u00e3o de inqu\u00e9rito \u2013 O Jornal Econ\u00f3mico\"}]},{\"@type\":\"WebSite\",\"@id\":\"https:\\\/\\\/super-news.info\\\/pt\\\/#website\",\"url\":\"https:\\\/\\\/super-news.info\\\/pt\\\/\",\"name\":\"Super News\",\"description\":\"Super News Portugal\",\"potentialAction\":[{\"@type\":\"SearchAction\",\"target\":{\"@type\":\"EntryPoint\",\"urlTemplate\":\"https:\\\/\\\/super-news.info\\\/pt\\\/?s={search_term_string}\"},\"query-input\":{\"@type\":\"PropertyValueSpecification\",\"valueRequired\":true,\"valueName\":\"search_term_string\"}}],\"inLanguage\":\"pt-PT\"},{\"@type\":\"Person\",\"@id\":\"https:\\\/\\\/super-news.info\\\/pt\\\/#\\\/schema\\\/person\\\/2d4068cb2f39cd10008c2fce578a7356\",\"name\":\"super-news\",\"image\":{\"@type\":\"ImageObject\",\"inLanguage\":\"pt-PT\",\"@id\":\"https:\\\/\\\/secure.gravatar.com\\\/avatar\\\/64ebac40b93f26a154f8a9b5b6fdccfc46f442b26b3dd6756dbff3bf9dc76fd7?s=96&d=mm&r=g\",\"url\":\"https:\\\/\\\/secure.gravatar.com\\\/avatar\\\/64ebac40b93f26a154f8a9b5b6fdccfc46f442b26b3dd6756dbff3bf9dc76fd7?s=96&d=mm&r=g\",\"contentUrl\":\"https:\\\/\\\/secure.gravatar.com\\\/avatar\\\/64ebac40b93f26a154f8a9b5b6fdccfc46f442b26b3dd6756dbff3bf9dc76fd7?s=96&d=mm&r=g\",\"caption\":\"super-news\"},\"url\":\"https:\\\/\\\/super-news.info\\\/pt\\\/author\\\/pt\\\/\"}]}<\/script>\n<!-- \/ Yoast SEO plugin. -->","yoast_head_json":{"title":"S\u00f3crates indignado com declara\u00e7\u00f5es do presidente da comiss\u00e3o de inqu\u00e9rito \u2013 O Jornal Econ\u00f3mico - Super News","robots":{"index":"index","follow":"follow","max-snippet":"max-snippet:-1","max-image-preview":"max-image-preview:large","max-video-preview":"max-video-preview:-1"},"canonical":"https:\/\/super-news.info\/pt\/socrates-indignado-com-declaracoes-do-presidente-da-comissao-de-inquerito-o-jornal-economico\/","og_locale":"pt_PT","og_type":"article","og_title":"S\u00f3crates indignado com declara\u00e7\u00f5es do presidente da comiss\u00e3o de inqu\u00e9rito \u2013 O Jornal Econ\u00f3mico - Super News","og_description":"[ad_1] O antigo primeiro-ministro Jos\u00e9 S\u00f3crates considerou hoje \u201cestapaf\u00fardia\u201d a posi\u00e7\u00e3o anunciada pelo presidente da comiss\u00e3o de inqu\u00e9rito sobre rendas na energia, o social-democrata Em\u00eddio Guerreiro, de pedir apoio \u00e0 Procuradoria-Geral da Rep\u00fablica para lhe enviar perguntas. \u201cN\u00e3o deixa de ser ir\u00f3nico que tal aconte\u00e7a exatamente no mesmo dia em que recebi da Assembleia da [&hellip;]","og_url":"https:\/\/super-news.info\/pt\/socrates-indignado-com-declaracoes-do-presidente-da-comissao-de-inquerito-o-jornal-economico\/","og_site_name":"Super News","article_published_time":"2019-04-17T05:40:07+00:00","article_modified_time":"2019-04-17T05:40:08+00:00","og_image":[{"width":960,"height":600,"url":"https:\/\/super-news.info\/pt\/wp-content\/uploads\/sites\/2\/2019\/04\/S\u00f3crates-indignado-com-declara\u00e7\u00f5es-do-presidente-da-comiss\u00e3o-de-inqu\u00e9rito.jpg","type":"image\/jpeg"}],"author":"super-news","twitter_card":"summary_large_image","twitter_misc":{"Escrito por":"super-news","Tempo estimado de leitura":"2 minutos"},"schema":{"@context":"https:\/\/schema.org","@graph":[{"@type":"Article","@id":"https:\/\/super-news.info\/pt\/socrates-indignado-com-declaracoes-do-presidente-da-comissao-de-inquerito-o-jornal-economico\/#article","isPartOf":{"@id":"https:\/\/super-news.info\/pt\/socrates-indignado-com-declaracoes-do-presidente-da-comissao-de-inquerito-o-jornal-economico\/"},"author":{"name":"super-news","@id":"https:\/\/super-news.info\/pt\/#\/schema\/person\/2d4068cb2f39cd10008c2fce578a7356"},"headline":"S\u00f3crates indignado com declara\u00e7\u00f5es do presidente da comiss\u00e3o de inqu\u00e9rito \u2013 O Jornal Econ\u00f3mico","datePublished":"2019-04-17T05:40:07+00:00","dateModified":"2019-04-17T05:40:08+00:00","mainEntityOfPage":{"@id":"https:\/\/super-news.info\/pt\/socrates-indignado-com-declaracoes-do-presidente-da-comissao-de-inquerito-o-jornal-economico\/"},"wordCount":398,"commentCount":0,"image":{"@id":"https:\/\/super-news.info\/pt\/socrates-indignado-com-declaracoes-do-presidente-da-comissao-de-inquerito-o-jornal-economico\/#primaryimage"},"thumbnailUrl":"https:\/\/super-news.info\/pt\/wp-content\/uploads\/sites\/2\/2019\/04\/S\u00f3crates-indignado-com-declara\u00e7\u00f5es-do-presidente-da-comiss\u00e3o-de-inqu\u00e9rito.jpg","articleSection":["NOT\u00cdCIAS FINANCEIRAS"],"inLanguage":"pt-PT","potentialAction":[{"@type":"CommentAction","name":"Comment","target":["https:\/\/super-news.info\/pt\/socrates-indignado-com-declaracoes-do-presidente-da-comissao-de-inquerito-o-jornal-economico\/#respond"]}]},{"@type":"WebPage","@id":"https:\/\/super-news.info\/pt\/socrates-indignado-com-declaracoes-do-presidente-da-comissao-de-inquerito-o-jornal-economico\/","url":"https:\/\/super-news.info\/pt\/socrates-indignado-com-declaracoes-do-presidente-da-comissao-de-inquerito-o-jornal-economico\/","name":"S\u00f3crates indignado com declara\u00e7\u00f5es do presidente da comiss\u00e3o de inqu\u00e9rito \u2013 O Jornal Econ\u00f3mico - Super News","isPartOf":{"@id":"https:\/\/super-news.info\/pt\/#website"},"primaryImageOfPage":{"@id":"https:\/\/super-news.info\/pt\/socrates-indignado-com-declaracoes-do-presidente-da-comissao-de-inquerito-o-jornal-economico\/#primaryimage"},"image":{"@id":"https:\/\/super-news.info\/pt\/socrates-indignado-com-declaracoes-do-presidente-da-comissao-de-inquerito-o-jornal-economico\/#primaryimage"},"thumbnailUrl":"https:\/\/super-news.info\/pt\/wp-content\/uploads\/sites\/2\/2019\/04\/S\u00f3crates-indignado-com-declara\u00e7\u00f5es-do-presidente-da-comiss\u00e3o-de-inqu\u00e9rito.jpg","datePublished":"2019-04-17T05:40:07+00:00","dateModified":"2019-04-17T05:40:08+00:00","author":{"@id":"https:\/\/super-news.info\/pt\/#\/schema\/person\/2d4068cb2f39cd10008c2fce578a7356"},"breadcrumb":{"@id":"https:\/\/super-news.info\/pt\/socrates-indignado-com-declaracoes-do-presidente-da-comissao-de-inquerito-o-jornal-economico\/#breadcrumb"},"inLanguage":"pt-PT","potentialAction":[{"@type":"ReadAction","target":["https:\/\/super-news.info\/pt\/socrates-indignado-com-declaracoes-do-presidente-da-comissao-de-inquerito-o-jornal-economico\/"]}]},{"@type":"ImageObject","inLanguage":"pt-PT","@id":"https:\/\/super-news.info\/pt\/socrates-indignado-com-declaracoes-do-presidente-da-comissao-de-inquerito-o-jornal-economico\/#primaryimage","url":"https:\/\/super-news.info\/pt\/wp-content\/uploads\/sites\/2\/2019\/04\/S\u00f3crates-indignado-com-declara\u00e7\u00f5es-do-presidente-da-comiss\u00e3o-de-inqu\u00e9rito.jpg","contentUrl":"https:\/\/super-news.info\/pt\/wp-content\/uploads\/sites\/2\/2019\/04\/S\u00f3crates-indignado-com-declara\u00e7\u00f5es-do-presidente-da-comiss\u00e3o-de-inqu\u00e9rito.jpg","width":960,"height":600,"caption":"S\u00f3crates indignado com declara\u00e7\u00f5es do presidente da comiss\u00e3o de inqu\u00e9rito \u2013 O Jornal Econ\u00f3mico"},{"@type":"BreadcrumbList","@id":"https:\/\/super-news.info\/pt\/socrates-indignado-com-declaracoes-do-presidente-da-comissao-de-inquerito-o-jornal-economico\/#breadcrumb","itemListElement":[{"@type":"ListItem","position":1,"name":"\u0413\u043b\u0430\u0432\u043d\u0430\u044f \u0441\u0442\u0440\u0430\u043d\u0438\u0446\u0430","item":"https:\/\/super-news.info\/pt\/"},{"@type":"ListItem","position":2,"name":"S\u00f3crates indignado com declara\u00e7\u00f5es do presidente da comiss\u00e3o de inqu\u00e9rito \u2013 O Jornal Econ\u00f3mico"}]},{"@type":"WebSite","@id":"https:\/\/super-news.info\/pt\/#website","url":"https:\/\/super-news.info\/pt\/","name":"Super News","description":"Super News Portugal","potentialAction":[{"@type":"SearchAction","target":{"@type":"EntryPoint","urlTemplate":"https:\/\/super-news.info\/pt\/?s={search_term_string}"},"query-input":{"@type":"PropertyValueSpecification","valueRequired":true,"valueName":"search_term_string"}}],"inLanguage":"pt-PT"},{"@type":"Person","@id":"https:\/\/super-news.info\/pt\/#\/schema\/person\/2d4068cb2f39cd10008c2fce578a7356","name":"super-news","image":{"@type":"ImageObject","inLanguage":"pt-PT","@id":"https:\/\/secure.gravatar.com\/avatar\/64ebac40b93f26a154f8a9b5b6fdccfc46f442b26b3dd6756dbff3bf9dc76fd7?s=96&d=mm&r=g","url":"https:\/\/secure.gravatar.com\/avatar\/64ebac40b93f26a154f8a9b5b6fdccfc46f442b26b3dd6756dbff3bf9dc76fd7?s=96&d=mm&r=g","contentUrl":"https:\/\/secure.gravatar.com\/avatar\/64ebac40b93f26a154f8a9b5b6fdccfc46f442b26b3dd6756dbff3bf9dc76fd7?s=96&d=mm&r=g","caption":"super-news"},"url":"https:\/\/super-news.info\/pt\/author\/pt\/"}]}},"_links":{"self":[{"href":"https:\/\/super-news.info\/pt\/wp-json\/wp\/v2\/posts\/427","targetHints":{"allow":["GET"]}}],"collection":[{"href":"https:\/\/super-news.info\/pt\/wp-json\/wp\/v2\/posts"}],"about":[{"href":"https:\/\/super-news.info\/pt\/wp-json\/wp\/v2\/types\/post"}],"author":[{"embeddable":true,"href":"https:\/\/super-news.info\/pt\/wp-json\/wp\/v2\/users\/2"}],"replies":[{"embeddable":true,"href":"https:\/\/super-news.info\/pt\/wp-json\/wp\/v2\/comments?post=427"}],"version-history":[{"count":1,"href":"https:\/\/super-news.info\/pt\/wp-json\/wp\/v2\/posts\/427\/revisions"}],"predecessor-version":[{"id":429,"href":"https:\/\/super-news.info\/pt\/wp-json\/wp\/v2\/posts\/427\/revisions\/429"}],"wp:featuredmedia":[{"embeddable":true,"href":"https:\/\/super-news.info\/pt\/wp-json\/wp\/v2\/media\/428"}],"wp:attachment":[{"href":"https:\/\/super-news.info\/pt\/wp-json\/wp\/v2\/media?parent=427"}],"wp:term":[{"taxonomy":"category","embeddable":true,"href":"https:\/\/super-news.info\/pt\/wp-json\/wp\/v2\/categories?post=427"},{"taxonomy":"post_tag","embeddable":true,"href":"https:\/\/super-news.info\/pt\/wp-json\/wp\/v2\/tags?post=427"}],"curies":[{"name":"wp","href":"https:\/\/api.w.org\/{rel}","templated":true}]}}