{"id":424,"date":"2019-04-17T07:30:41","date_gmt":"2019-04-17T04:30:41","guid":{"rendered":"https:\/\/super-news.info\/pt\/programa-operacional-mar2020-com-apenas-13-de-taxa-de-execucao-financeira-o-jornal-economico\/"},"modified":"2019-04-17T07:30:42","modified_gmt":"2019-04-17T04:30:42","slug":"programa-operacional-mar2020-com-apenas-13-de-taxa-de-execucao-financeira-o-jornal-economico","status":"publish","type":"post","link":"https:\/\/super-news.info\/pt\/programa-operacional-mar2020-com-apenas-13-de-taxa-de-execucao-financeira-o-jornal-economico\/","title":{"rendered":"Programa operacional Mar2020 com apenas 13% de taxa de execu\u00e7\u00e3o financeira \u2013 O Jornal Econ\u00f3mico"},"content":{"rendered":"<p> [ad_1]<br \/>\n<\/p>\n<div>\n<p>O PO \u2013 Programa Operacional Mar2020 apresentava, a 30 de junho de 2018, uma taxa de execu\u00e7\u00e3o financeira de apenas 13%, denuncia uma auditoria do Tribunal de Contas (TdC) ao programa comunit\u00e1rio de apoio \u00e0s atividades ligadas ao mar e \u00e0s pescas.<\/p>\n<p>\u201cEm 30 de junho de 2018, e sem considerar os anos de 2014 e 2015, os dois anos e meio de plena execu\u00e7\u00e3o do Programa corresponderam a uma taxa de execu\u00e7\u00e3o financeira de apenas 13%. Evidenciam-se, assim, dificuldades de execu\u00e7\u00e3o do Programa que necessitam de pondera\u00e7\u00e3o pela Autoridade de Gest\u00e3o. O baixo n\u00edvel de execu\u00e7\u00e3o neste PO representa um rico elevado de perda de financiamento europeu\u201d, acusa a referida auditoria.<\/p>\n<p>O Mar2020, com uma vig\u00eancia operacional entre 2014 e 2020, \u00e9 um programa dedicado ao mar e \u00e0s pescas e \u00e9 o \u00fanico programa do Portugal 2020 financiado pelo Fundo Europeu dos Assuntos Mar\u00edtimos e das Pescas (FEAMP).<\/p>\n<p>\u201cOs seus objetivos priorit\u00e1rios traduzem-se, no essencial, na promo\u00e7\u00e3o da pesca e da aquacultura sustent\u00e1veis, da comercializa\u00e7\u00e3o e transforma\u00e7\u00e3o dos produtos da pesca e do desenvolvimento de emprego associado e nas contribui\u00e7\u00e3o para a execu\u00e7\u00e3o da pol\u00edtica comum europeia de pescas (controlo e inspe\u00e7\u00e3o) e para a pol\u00edtica mar\u00edtima integrada (conhecimento e vigil\u00e2ncia do meio marinho)\u201d, destaca o TdC.<\/p>\n<p>O \u00f3rg\u00e3o fiscalizador acrescenta que o Mar2020 \u201cest\u00e1 estruturado em sete eixos, designados \u201cPrioridade da Uni\u00e3o\u201d, subdivididos em v\u00e1rias medidas, com uma programa\u00e7\u00e3o financeira para 2015-20290 de 392,5 milh\u00f5es de euros oriundos do FEAMP, a que se somem 115,3 milh\u00f5es de euros de componente nacional, num total de 507,8 milh\u00f5es de euros\u201d.<\/p>\n<p>\u201cEsta programa\u00e7\u00e3o significa, face ao per\u00edodo de programa\u00e7\u00e3o anterior, um refor\u00e7o de financiamento europeu neste dom\u00ednio\u201d, destaca o TdC.<\/p>\n<p>No entanto, em fun\u00e7\u00e3o do grau de execu\u00e7\u00e3o financeira apurado pela institui\u00e7\u00e3o presidida por V\u00edtor Caldeira, os citados 13% no final de junho de 2018, s\u00f3 teriam sido aplicados at\u00e9 essa data cerca de 66 milh\u00f5es de euros.<\/p>\n<p>Em sede de contradit\u00f3rio a Autoridade de Gest\u00e3o (AG) do MAR2020 \u201creportou dados atualizados a 31 de outubro de 2018, j\u00e1 apreciados pela Comiss\u00e3o Europeia, refletindo uma evolu\u00e7\u00e3o positiva nas taxas de compromisso (59,4%) e de execu\u00e7\u00e3o (16,5%)\u201d, acrescenta o TdC.<\/p>\n<p>A institui\u00e7\u00e3o considera ainda que \u201cos indicadores de realiza\u00e7\u00f5es apontam para um n\u00edvel muito fraco de execu\u00e7\u00e3o f\u00edsica, assente em boa parte em medidas de subsidia\u00e7\u00e3o\u201d, precisando que \u201cquanto \u00e0s opera\u00e7\u00f5es conclu\u00eddas, os dados apontam para uma execu\u00e7\u00e3o nula ou inferior a 15% das metas a atingir em 2023 em 30 dos 41 indicadores definidos\u201d.<\/p>\n<p>O TdC insiste que \u201ch\u00e1 prioridades do PO Mar2020 com graus de compromissos e execu\u00e7\u00e3o muito reduzidos\u201d, avan\u00e7ando que \u201capenas cerca de 27% dos indicadores apresentavam realiza\u00e7\u00f5es em linha com o previsto ou acima do previsto\u201d, e notando que \u201ch\u00e1 riscos de o programa falhar na realiza\u00e7\u00e3o destes objetivos\u201d.<\/p>\n<p>\u201cAs \u00e1reas de maior realiza\u00e7\u00e3o, em que as metas definidas para 2023 forma j\u00e1 largamente superadas, correspondem \u00e0s medidas ligadas \u00e0 subsidia\u00e7\u00e3o (apoio \u00e0 cessa\u00e7\u00e3o tempor\u00e1ria das atividades de pesca e ajuda \u00e0 armazenagem\u201d, avan\u00e7a a auditoria em causa.<\/p>\n<p>O TdC elenca uma longa s\u00e9rie de cr\u00edticas \u00e0 concretiza\u00e7\u00e3o no terreno do Mar2020: \u201ca estrutura de financiamento (\u2026) evidencia riscos de sobreposi\u00e7\u00e3o de apoios\u201d; \u201cO modelo de governa\u00e7\u00e3o do programa necessita de reavalia\u00e7\u00e3o e refor\u00e7o de meios\u201d; \u201co sistema de controlo interno \u00e9 regular, necessitando de refor\u00e7o ao n\u00edvel do acompanhamento e dos controlos de qualidade\u201d; \u201ca aprova\u00e7\u00e3o das candidaturas ao PO Mar2020 decorre a um ritmo regular, mas os prazos de decis\u00e3o excedem em muito o prazo legal\u201d.<\/p>\n<p>Existem ainda outros reparos nesta auditoria: \u201cn\u00e3o h\u00e1 informa\u00e7\u00e3o suficiente nem monitoriza\u00e7\u00e3o sobre os resultados do PO Mar 2020\u201d; \u201co PO Mar2020 contribui para o cumprimento das metas do ODS14 [Objetivo de Desenvolvimento Sustent\u00e1vel], embora n\u00e3o seja poss\u00edvel medir esse contributo\u201d; \u201cna gest\u00e3o financeira do programa, os adiantamentos do Tesouro mobilizados s\u00e3o superiores ao necess\u00e1rio\u201d; \u201cas opera\u00e7\u00f5es analisadas evidenciaram algumas desconformidades relevantes\u201d.<\/p>\n<p>Perante estas \u2018defici\u00eancias\u2019 na concretiza\u00e7\u00e3o do Mar2020, o TdC recomenda \u00e0 Ministra do Mar, Ana Paula Vitorino, que tutela o programa, \u201creavaliar o modelo de gest\u00e3o do PO Mar2020, assegurando os recursos humanos necess\u00e1rios ao acompanhamento eficaz dos organismos interm\u00e9dios e \u00e0 condu\u00e7\u00e3o efetiva do programa\u201d.<\/p>\n<p>Outras recomenda\u00e7\u00f5es do tribunal \u00e0 ministra do Mar s\u00e3o \u201crefletir e ponderar medidas para garantir a realiza\u00e7\u00e3o das prioridades com um grau muito fraco de compromisso e\/ou execu\u00e7\u00e3o\u201d, assim como \u201cprever, na prepara\u00e7\u00e3o do pr\u00f3ximo per\u00edodo de programa\u00e7\u00e3o, a coer\u00eancia e contributo dos indicadores de resultado do futuro PO para o alcance das metas do ODS14\u201d.<\/p>\n<p>\u00a0<\/p>\n<\/div>\n<p><script>\/*<![CDATA[*\/function facebookInit(){var js=document.createElement('script');js.src='https:\/\/connect.facebook.net\/pt_PT\/sdk.js#xfbml=1&#038;version=v3.1&#038;appId=1708066812789184&#038;autoLogAppEvents=1';return document.body.appendChild(js);}\nwindow.onscroll=function(){var rect=document.getElementsByClassName('je-post-content')[0].getBoundingClientRect();if(rect.bottom<window.innerHeight){facebookInit();window.onscroll=null;}}\/*]]>*\/<\/script><br \/>\n<br \/>[ad_2]<br \/>\n<br \/><a href=\"https:\/\/jornaleconomico.sapo.pt\/noticias\/programa-operacional-mar2020-com-apenas-13-de-taxa-de-execucao-financeira-434500\">Source link <\/a><\/p>\n","protected":false},"excerpt":{"rendered":"<p>[ad_1] O PO \u2013 Programa Operacional Mar2020 apresentava, a 30 de junho de 2018, uma taxa de execu\u00e7\u00e3o financeira de apenas 13%, denuncia uma auditoria do Tribunal de Contas (TdC) ao programa comunit\u00e1rio de apoio \u00e0s atividades ligadas ao mar e \u00e0s pescas. \u201cEm 30 de junho de 2018, e sem considerar os anos de [&hellip;]<\/p>\n","protected":false},"author":2,"featured_media":425,"comment_status":"open","ping_status":"open","sticky":false,"template":"","format":"standard","meta":{"footnotes":""},"categories":[1],"tags":[],"class_list":["post-424","post","type-post","status-publish","format-standard","has-post-thumbnail","hentry","category-noticias-financeiras"],"yoast_head":"<!-- This site is optimized with the Yoast SEO plugin v27.4 - https:\/\/yoast.com\/product\/yoast-seo-wordpress\/ -->\n<title>Programa operacional Mar2020 com apenas 13% de taxa de execu\u00e7\u00e3o financeira \u2013 O Jornal Econ\u00f3mico - Super News<\/title>\n<meta name=\"robots\" content=\"index, follow, max-snippet:-1, max-image-preview:large, max-video-preview:-1\" \/>\n<link rel=\"canonical\" href=\"https:\/\/super-news.info\/pt\/programa-operacional-mar2020-com-apenas-13-de-taxa-de-execucao-financeira-o-jornal-economico\/\" \/>\n<meta property=\"og:locale\" content=\"pt_PT\" \/>\n<meta property=\"og:type\" content=\"article\" \/>\n<meta property=\"og:title\" content=\"Programa operacional Mar2020 com apenas 13% de taxa de execu\u00e7\u00e3o financeira \u2013 O Jornal Econ\u00f3mico - Super News\" \/>\n<meta property=\"og:description\" content=\"[ad_1] O PO \u2013 Programa Operacional Mar2020 apresentava, a 30 de junho de 2018, uma taxa de execu\u00e7\u00e3o financeira de apenas 13%, denuncia uma auditoria do Tribunal de Contas (TdC) ao programa comunit\u00e1rio de apoio \u00e0s atividades ligadas ao mar e \u00e0s pescas. \u201cEm 30 de junho de 2018, e sem considerar os anos de [&hellip;]\" \/>\n<meta property=\"og:url\" content=\"https:\/\/super-news.info\/pt\/programa-operacional-mar2020-com-apenas-13-de-taxa-de-execucao-financeira-o-jornal-economico\/\" \/>\n<meta property=\"og:site_name\" content=\"Super News\" \/>\n<meta property=\"article:published_time\" content=\"2019-04-17T04:30:41+00:00\" \/>\n<meta property=\"article:modified_time\" content=\"2019-04-17T04:30:42+00:00\" \/>\n<meta property=\"og:image\" content=\"https:\/\/super-news.info\/pt\/wp-content\/uploads\/sites\/2\/2019\/04\/Programa-operacional-Mar2020-com-apenas-13-de-taxa-de-execu\u00e7\u00e3o.jpg\" \/>\n\t<meta property=\"og:image:width\" content=\"960\" \/>\n\t<meta property=\"og:image:height\" content=\"600\" \/>\n\t<meta property=\"og:image:type\" content=\"image\/jpeg\" \/>\n<meta name=\"author\" content=\"super-news\" \/>\n<meta name=\"twitter:card\" content=\"summary_large_image\" \/>\n<meta name=\"twitter:label1\" content=\"Escrito por\" \/>\n\t<meta name=\"twitter:data1\" content=\"super-news\" \/>\n\t<meta name=\"twitter:label2\" content=\"Tempo estimado de leitura\" \/>\n\t<meta name=\"twitter:data2\" content=\"4 minutos\" \/>\n<script type=\"application\/ld+json\" class=\"yoast-schema-graph\">{\"@context\":\"https:\\\/\\\/schema.org\",\"@graph\":[{\"@type\":\"Article\",\"@id\":\"https:\\\/\\\/super-news.info\\\/pt\\\/programa-operacional-mar2020-com-apenas-13-de-taxa-de-execucao-financeira-o-jornal-economico\\\/#article\",\"isPartOf\":{\"@id\":\"https:\\\/\\\/super-news.info\\\/pt\\\/programa-operacional-mar2020-com-apenas-13-de-taxa-de-execucao-financeira-o-jornal-economico\\\/\"},\"author\":{\"name\":\"super-news\",\"@id\":\"https:\\\/\\\/super-news.info\\\/pt\\\/#\\\/schema\\\/person\\\/2d4068cb2f39cd10008c2fce578a7356\"},\"headline\":\"Programa operacional Mar2020 com apenas 13% de taxa de execu\u00e7\u00e3o financeira \u2013 O Jornal Econ\u00f3mico\",\"datePublished\":\"2019-04-17T04:30:41+00:00\",\"dateModified\":\"2019-04-17T04:30:42+00:00\",\"mainEntityOfPage\":{\"@id\":\"https:\\\/\\\/super-news.info\\\/pt\\\/programa-operacional-mar2020-com-apenas-13-de-taxa-de-execucao-financeira-o-jornal-economico\\\/\"},\"wordCount\":825,\"commentCount\":0,\"image\":{\"@id\":\"https:\\\/\\\/super-news.info\\\/pt\\\/programa-operacional-mar2020-com-apenas-13-de-taxa-de-execucao-financeira-o-jornal-economico\\\/#primaryimage\"},\"thumbnailUrl\":\"https:\\\/\\\/super-news.info\\\/pt\\\/wp-content\\\/uploads\\\/sites\\\/2\\\/2019\\\/04\\\/Programa-operacional-Mar2020-com-apenas-13-de-taxa-de-execu\u00e7\u00e3o.jpg\",\"articleSection\":[\"NOT\u00cdCIAS FINANCEIRAS\"],\"inLanguage\":\"pt-PT\",\"potentialAction\":[{\"@type\":\"CommentAction\",\"name\":\"Comment\",\"target\":[\"https:\\\/\\\/super-news.info\\\/pt\\\/programa-operacional-mar2020-com-apenas-13-de-taxa-de-execucao-financeira-o-jornal-economico\\\/#respond\"]}]},{\"@type\":\"WebPage\",\"@id\":\"https:\\\/\\\/super-news.info\\\/pt\\\/programa-operacional-mar2020-com-apenas-13-de-taxa-de-execucao-financeira-o-jornal-economico\\\/\",\"url\":\"https:\\\/\\\/super-news.info\\\/pt\\\/programa-operacional-mar2020-com-apenas-13-de-taxa-de-execucao-financeira-o-jornal-economico\\\/\",\"name\":\"Programa operacional Mar2020 com apenas 13% de taxa de execu\u00e7\u00e3o financeira \u2013 O Jornal Econ\u00f3mico - Super News\",\"isPartOf\":{\"@id\":\"https:\\\/\\\/super-news.info\\\/pt\\\/#website\"},\"primaryImageOfPage\":{\"@id\":\"https:\\\/\\\/super-news.info\\\/pt\\\/programa-operacional-mar2020-com-apenas-13-de-taxa-de-execucao-financeira-o-jornal-economico\\\/#primaryimage\"},\"image\":{\"@id\":\"https:\\\/\\\/super-news.info\\\/pt\\\/programa-operacional-mar2020-com-apenas-13-de-taxa-de-execucao-financeira-o-jornal-economico\\\/#primaryimage\"},\"thumbnailUrl\":\"https:\\\/\\\/super-news.info\\\/pt\\\/wp-content\\\/uploads\\\/sites\\\/2\\\/2019\\\/04\\\/Programa-operacional-Mar2020-com-apenas-13-de-taxa-de-execu\u00e7\u00e3o.jpg\",\"datePublished\":\"2019-04-17T04:30:41+00:00\",\"dateModified\":\"2019-04-17T04:30:42+00:00\",\"author\":{\"@id\":\"https:\\\/\\\/super-news.info\\\/pt\\\/#\\\/schema\\\/person\\\/2d4068cb2f39cd10008c2fce578a7356\"},\"breadcrumb\":{\"@id\":\"https:\\\/\\\/super-news.info\\\/pt\\\/programa-operacional-mar2020-com-apenas-13-de-taxa-de-execucao-financeira-o-jornal-economico\\\/#breadcrumb\"},\"inLanguage\":\"pt-PT\",\"potentialAction\":[{\"@type\":\"ReadAction\",\"target\":[\"https:\\\/\\\/super-news.info\\\/pt\\\/programa-operacional-mar2020-com-apenas-13-de-taxa-de-execucao-financeira-o-jornal-economico\\\/\"]}]},{\"@type\":\"ImageObject\",\"inLanguage\":\"pt-PT\",\"@id\":\"https:\\\/\\\/super-news.info\\\/pt\\\/programa-operacional-mar2020-com-apenas-13-de-taxa-de-execucao-financeira-o-jornal-economico\\\/#primaryimage\",\"url\":\"https:\\\/\\\/super-news.info\\\/pt\\\/wp-content\\\/uploads\\\/sites\\\/2\\\/2019\\\/04\\\/Programa-operacional-Mar2020-com-apenas-13-de-taxa-de-execu\u00e7\u00e3o.jpg\",\"contentUrl\":\"https:\\\/\\\/super-news.info\\\/pt\\\/wp-content\\\/uploads\\\/sites\\\/2\\\/2019\\\/04\\\/Programa-operacional-Mar2020-com-apenas-13-de-taxa-de-execu\u00e7\u00e3o.jpg\",\"width\":960,\"height\":600,\"caption\":\"Programa operacional Mar2020 com apenas 13% de taxa de execu\u00e7\u00e3o financeira \u2013 O Jornal Econ\u00f3mico\"},{\"@type\":\"BreadcrumbList\",\"@id\":\"https:\\\/\\\/super-news.info\\\/pt\\\/programa-operacional-mar2020-com-apenas-13-de-taxa-de-execucao-financeira-o-jornal-economico\\\/#breadcrumb\",\"itemListElement\":[{\"@type\":\"ListItem\",\"position\":1,\"name\":\"\u0413\u043b\u0430\u0432\u043d\u0430\u044f \u0441\u0442\u0440\u0430\u043d\u0438\u0446\u0430\",\"item\":\"https:\\\/\\\/super-news.info\\\/pt\\\/\"},{\"@type\":\"ListItem\",\"position\":2,\"name\":\"Programa operacional Mar2020 com apenas 13% de taxa de execu\u00e7\u00e3o financeira \u2013 O Jornal Econ\u00f3mico\"}]},{\"@type\":\"WebSite\",\"@id\":\"https:\\\/\\\/super-news.info\\\/pt\\\/#website\",\"url\":\"https:\\\/\\\/super-news.info\\\/pt\\\/\",\"name\":\"Super News\",\"description\":\"Super News Portugal\",\"potentialAction\":[{\"@type\":\"SearchAction\",\"target\":{\"@type\":\"EntryPoint\",\"urlTemplate\":\"https:\\\/\\\/super-news.info\\\/pt\\\/?s={search_term_string}\"},\"query-input\":{\"@type\":\"PropertyValueSpecification\",\"valueRequired\":true,\"valueName\":\"search_term_string\"}}],\"inLanguage\":\"pt-PT\"},{\"@type\":\"Person\",\"@id\":\"https:\\\/\\\/super-news.info\\\/pt\\\/#\\\/schema\\\/person\\\/2d4068cb2f39cd10008c2fce578a7356\",\"name\":\"super-news\",\"image\":{\"@type\":\"ImageObject\",\"inLanguage\":\"pt-PT\",\"@id\":\"https:\\\/\\\/secure.gravatar.com\\\/avatar\\\/64ebac40b93f26a154f8a9b5b6fdccfc46f442b26b3dd6756dbff3bf9dc76fd7?s=96&d=mm&r=g\",\"url\":\"https:\\\/\\\/secure.gravatar.com\\\/avatar\\\/64ebac40b93f26a154f8a9b5b6fdccfc46f442b26b3dd6756dbff3bf9dc76fd7?s=96&d=mm&r=g\",\"contentUrl\":\"https:\\\/\\\/secure.gravatar.com\\\/avatar\\\/64ebac40b93f26a154f8a9b5b6fdccfc46f442b26b3dd6756dbff3bf9dc76fd7?s=96&d=mm&r=g\",\"caption\":\"super-news\"},\"url\":\"https:\\\/\\\/super-news.info\\\/pt\\\/author\\\/pt\\\/\"}]}<\/script>\n<!-- \/ Yoast SEO plugin. -->","yoast_head_json":{"title":"Programa operacional Mar2020 com apenas 13% de taxa de execu\u00e7\u00e3o financeira \u2013 O Jornal Econ\u00f3mico - Super News","robots":{"index":"index","follow":"follow","max-snippet":"max-snippet:-1","max-image-preview":"max-image-preview:large","max-video-preview":"max-video-preview:-1"},"canonical":"https:\/\/super-news.info\/pt\/programa-operacional-mar2020-com-apenas-13-de-taxa-de-execucao-financeira-o-jornal-economico\/","og_locale":"pt_PT","og_type":"article","og_title":"Programa operacional Mar2020 com apenas 13% de taxa de execu\u00e7\u00e3o financeira \u2013 O Jornal Econ\u00f3mico - Super News","og_description":"[ad_1] O PO \u2013 Programa Operacional Mar2020 apresentava, a 30 de junho de 2018, uma taxa de execu\u00e7\u00e3o financeira de apenas 13%, denuncia uma auditoria do Tribunal de Contas (TdC) ao programa comunit\u00e1rio de apoio \u00e0s atividades ligadas ao mar e \u00e0s pescas. \u201cEm 30 de junho de 2018, e sem considerar os anos de [&hellip;]","og_url":"https:\/\/super-news.info\/pt\/programa-operacional-mar2020-com-apenas-13-de-taxa-de-execucao-financeira-o-jornal-economico\/","og_site_name":"Super News","article_published_time":"2019-04-17T04:30:41+00:00","article_modified_time":"2019-04-17T04:30:42+00:00","og_image":[{"width":960,"height":600,"url":"https:\/\/super-news.info\/pt\/wp-content\/uploads\/sites\/2\/2019\/04\/Programa-operacional-Mar2020-com-apenas-13-de-taxa-de-execu\u00e7\u00e3o.jpg","type":"image\/jpeg"}],"author":"super-news","twitter_card":"summary_large_image","twitter_misc":{"Escrito por":"super-news","Tempo estimado de leitura":"4 minutos"},"schema":{"@context":"https:\/\/schema.org","@graph":[{"@type":"Article","@id":"https:\/\/super-news.info\/pt\/programa-operacional-mar2020-com-apenas-13-de-taxa-de-execucao-financeira-o-jornal-economico\/#article","isPartOf":{"@id":"https:\/\/super-news.info\/pt\/programa-operacional-mar2020-com-apenas-13-de-taxa-de-execucao-financeira-o-jornal-economico\/"},"author":{"name":"super-news","@id":"https:\/\/super-news.info\/pt\/#\/schema\/person\/2d4068cb2f39cd10008c2fce578a7356"},"headline":"Programa operacional Mar2020 com apenas 13% de taxa de execu\u00e7\u00e3o financeira \u2013 O Jornal Econ\u00f3mico","datePublished":"2019-04-17T04:30:41+00:00","dateModified":"2019-04-17T04:30:42+00:00","mainEntityOfPage":{"@id":"https:\/\/super-news.info\/pt\/programa-operacional-mar2020-com-apenas-13-de-taxa-de-execucao-financeira-o-jornal-economico\/"},"wordCount":825,"commentCount":0,"image":{"@id":"https:\/\/super-news.info\/pt\/programa-operacional-mar2020-com-apenas-13-de-taxa-de-execucao-financeira-o-jornal-economico\/#primaryimage"},"thumbnailUrl":"https:\/\/super-news.info\/pt\/wp-content\/uploads\/sites\/2\/2019\/04\/Programa-operacional-Mar2020-com-apenas-13-de-taxa-de-execu\u00e7\u00e3o.jpg","articleSection":["NOT\u00cdCIAS FINANCEIRAS"],"inLanguage":"pt-PT","potentialAction":[{"@type":"CommentAction","name":"Comment","target":["https:\/\/super-news.info\/pt\/programa-operacional-mar2020-com-apenas-13-de-taxa-de-execucao-financeira-o-jornal-economico\/#respond"]}]},{"@type":"WebPage","@id":"https:\/\/super-news.info\/pt\/programa-operacional-mar2020-com-apenas-13-de-taxa-de-execucao-financeira-o-jornal-economico\/","url":"https:\/\/super-news.info\/pt\/programa-operacional-mar2020-com-apenas-13-de-taxa-de-execucao-financeira-o-jornal-economico\/","name":"Programa operacional Mar2020 com apenas 13% de taxa de execu\u00e7\u00e3o financeira \u2013 O Jornal Econ\u00f3mico - Super News","isPartOf":{"@id":"https:\/\/super-news.info\/pt\/#website"},"primaryImageOfPage":{"@id":"https:\/\/super-news.info\/pt\/programa-operacional-mar2020-com-apenas-13-de-taxa-de-execucao-financeira-o-jornal-economico\/#primaryimage"},"image":{"@id":"https:\/\/super-news.info\/pt\/programa-operacional-mar2020-com-apenas-13-de-taxa-de-execucao-financeira-o-jornal-economico\/#primaryimage"},"thumbnailUrl":"https:\/\/super-news.info\/pt\/wp-content\/uploads\/sites\/2\/2019\/04\/Programa-operacional-Mar2020-com-apenas-13-de-taxa-de-execu\u00e7\u00e3o.jpg","datePublished":"2019-04-17T04:30:41+00:00","dateModified":"2019-04-17T04:30:42+00:00","author":{"@id":"https:\/\/super-news.info\/pt\/#\/schema\/person\/2d4068cb2f39cd10008c2fce578a7356"},"breadcrumb":{"@id":"https:\/\/super-news.info\/pt\/programa-operacional-mar2020-com-apenas-13-de-taxa-de-execucao-financeira-o-jornal-economico\/#breadcrumb"},"inLanguage":"pt-PT","potentialAction":[{"@type":"ReadAction","target":["https:\/\/super-news.info\/pt\/programa-operacional-mar2020-com-apenas-13-de-taxa-de-execucao-financeira-o-jornal-economico\/"]}]},{"@type":"ImageObject","inLanguage":"pt-PT","@id":"https:\/\/super-news.info\/pt\/programa-operacional-mar2020-com-apenas-13-de-taxa-de-execucao-financeira-o-jornal-economico\/#primaryimage","url":"https:\/\/super-news.info\/pt\/wp-content\/uploads\/sites\/2\/2019\/04\/Programa-operacional-Mar2020-com-apenas-13-de-taxa-de-execu\u00e7\u00e3o.jpg","contentUrl":"https:\/\/super-news.info\/pt\/wp-content\/uploads\/sites\/2\/2019\/04\/Programa-operacional-Mar2020-com-apenas-13-de-taxa-de-execu\u00e7\u00e3o.jpg","width":960,"height":600,"caption":"Programa operacional Mar2020 com apenas 13% de taxa de execu\u00e7\u00e3o financeira \u2013 O Jornal Econ\u00f3mico"},{"@type":"BreadcrumbList","@id":"https:\/\/super-news.info\/pt\/programa-operacional-mar2020-com-apenas-13-de-taxa-de-execucao-financeira-o-jornal-economico\/#breadcrumb","itemListElement":[{"@type":"ListItem","position":1,"name":"\u0413\u043b\u0430\u0432\u043d\u0430\u044f \u0441\u0442\u0440\u0430\u043d\u0438\u0446\u0430","item":"https:\/\/super-news.info\/pt\/"},{"@type":"ListItem","position":2,"name":"Programa operacional Mar2020 com apenas 13% de taxa de execu\u00e7\u00e3o financeira \u2013 O Jornal Econ\u00f3mico"}]},{"@type":"WebSite","@id":"https:\/\/super-news.info\/pt\/#website","url":"https:\/\/super-news.info\/pt\/","name":"Super News","description":"Super News Portugal","potentialAction":[{"@type":"SearchAction","target":{"@type":"EntryPoint","urlTemplate":"https:\/\/super-news.info\/pt\/?s={search_term_string}"},"query-input":{"@type":"PropertyValueSpecification","valueRequired":true,"valueName":"search_term_string"}}],"inLanguage":"pt-PT"},{"@type":"Person","@id":"https:\/\/super-news.info\/pt\/#\/schema\/person\/2d4068cb2f39cd10008c2fce578a7356","name":"super-news","image":{"@type":"ImageObject","inLanguage":"pt-PT","@id":"https:\/\/secure.gravatar.com\/avatar\/64ebac40b93f26a154f8a9b5b6fdccfc46f442b26b3dd6756dbff3bf9dc76fd7?s=96&d=mm&r=g","url":"https:\/\/secure.gravatar.com\/avatar\/64ebac40b93f26a154f8a9b5b6fdccfc46f442b26b3dd6756dbff3bf9dc76fd7?s=96&d=mm&r=g","contentUrl":"https:\/\/secure.gravatar.com\/avatar\/64ebac40b93f26a154f8a9b5b6fdccfc46f442b26b3dd6756dbff3bf9dc76fd7?s=96&d=mm&r=g","caption":"super-news"},"url":"https:\/\/super-news.info\/pt\/author\/pt\/"}]}},"_links":{"self":[{"href":"https:\/\/super-news.info\/pt\/wp-json\/wp\/v2\/posts\/424","targetHints":{"allow":["GET"]}}],"collection":[{"href":"https:\/\/super-news.info\/pt\/wp-json\/wp\/v2\/posts"}],"about":[{"href":"https:\/\/super-news.info\/pt\/wp-json\/wp\/v2\/types\/post"}],"author":[{"embeddable":true,"href":"https:\/\/super-news.info\/pt\/wp-json\/wp\/v2\/users\/2"}],"replies":[{"embeddable":true,"href":"https:\/\/super-news.info\/pt\/wp-json\/wp\/v2\/comments?post=424"}],"version-history":[{"count":1,"href":"https:\/\/super-news.info\/pt\/wp-json\/wp\/v2\/posts\/424\/revisions"}],"predecessor-version":[{"id":426,"href":"https:\/\/super-news.info\/pt\/wp-json\/wp\/v2\/posts\/424\/revisions\/426"}],"wp:featuredmedia":[{"embeddable":true,"href":"https:\/\/super-news.info\/pt\/wp-json\/wp\/v2\/media\/425"}],"wp:attachment":[{"href":"https:\/\/super-news.info\/pt\/wp-json\/wp\/v2\/media?parent=424"}],"wp:term":[{"taxonomy":"category","embeddable":true,"href":"https:\/\/super-news.info\/pt\/wp-json\/wp\/v2\/categories?post=424"},{"taxonomy":"post_tag","embeddable":true,"href":"https:\/\/super-news.info\/pt\/wp-json\/wp\/v2\/tags?post=424"}],"curies":[{"name":"wp","href":"https:\/\/api.w.org\/{rel}","templated":true}]}}