{"id":418,"date":"2019-04-17T04:41:03","date_gmt":"2019-04-17T01:41:03","guid":{"rendered":"https:\/\/super-news.info\/pt\/trump-veta-resolucao-do-congresso-que-exigia-fim-do-envolvimento-militar-no-iemen-o-jornal-economico\/"},"modified":"2019-04-17T04:41:04","modified_gmt":"2019-04-17T01:41:04","slug":"trump-veta-resolucao-do-congresso-que-exigia-fim-do-envolvimento-militar-no-iemen-o-jornal-economico","status":"publish","type":"post","link":"https:\/\/super-news.info\/pt\/trump-veta-resolucao-do-congresso-que-exigia-fim-do-envolvimento-militar-no-iemen-o-jornal-economico\/","title":{"rendered":"Trump veta resolu\u00e7\u00e3o do Congresso que exigia fim do envolvimento militar no I\u00e9men \u2013 O Jornal Econ\u00f3mico"},"content":{"rendered":"<p> [ad_1]<br \/>\n<\/p>\n<div>\n<p>O Presidente norte-americano vetou hoje a resolu\u00e7\u00e3o aprovada pelo Congresso no in\u00edcio deste m\u00eas que exortava Donald Trump a terminar com todo o apoio \u00e0 coliga\u00e7\u00e3o militar saudita que interv\u00e9m no I\u00e9men.<\/p>\n<p>\u201cEsta resolu\u00e7\u00e3o \u00e9 uma tentativa desnecess\u00e1ria e perigosa de enfraquecer os meus poderes constitucionais, pondo em perigo a vida dos cidad\u00e3os norte-americanos\u201d, afirmou Trump, numa declara\u00e7\u00e3o sobre o texto adotado pelas duas c\u00e2maras do Congresso no dia 04 de abril.<\/p>\n<p>Pela primeira vez em 45 anos, o Congresso utilizou uma lei votada em 1973, denominada \u2018War Powers Resolution\u2019 (resolu\u00e7\u00e3o de poderes de guerra numa tradu\u00e7\u00e3o livre), para limitar os poderes militares de um Presidente do pa\u00eds.<\/p>\n<p>A rara uni\u00e3o entre deputados Democratas e Republicanos nesta vota\u00e7\u00e3o pode ser explicada em grande medida pela profunda c\u00f3lera no Congresso pelo assass\u00ednio em Istambul do jornalista saudita Jamal Khashoggi em outubro de 2018, por um comando proveniente de Riade.<\/p>\n<p>O veto j\u00e1 era esperado, pois em mar\u00e7o a Casa Branca j\u00e1 havia manifestado \u201cfirme oposi\u00e7\u00e3o\u201d a esta resolu\u00e7\u00e3o \u201cimperfeita\u201d, dando a entender que seria bloqueada pelo Presidente.<\/p>\n<p>Com a resolu\u00e7\u00e3o sobre o I\u00e9men, o Congresso exigia a Donald Trump a retirada das \u201cfor\u00e7as armadas americanas das hostilidades que atingem a Rep\u00fablica do I\u00e9men\u201d, \u00e0 exce\u00e7\u00e3o das opera\u00e7\u00f5es que visem a Al-Qaida e associados.<\/p>\n<p>Desde 2015 que o Pent\u00e1gono fornece um \u201capoio n\u00e3o-combatente\u201d \u00e0 coliga\u00e7\u00e3o conduzida pela Ar\u00e1bia Saudita no I\u00e9men, incluindo a entrega de armamento e fornecimento de informa\u00e7\u00f5es.<\/p>\n<p>No final de 2018 os Estados Unidos da Am\u00e9rica suspenderam as suas opera\u00e7\u00f5es de abastecimento em voo da avia\u00e7\u00e3o saudita.<\/p>\n<p>O I\u00e9men regista um devastador conflito ap\u00f3s a interven\u00e7\u00e3o de uma coliga\u00e7\u00e3o \u00e1rabe sob comando saudita em mar\u00e7o de 2015, em apoio \u00e0s for\u00e7as pr\u00f3-governamentais contra os rebeldes huthis.<\/p>\n<p>As for\u00e7as insurgentes s\u00e3o apoiadas pelo Ir\u00e3o, o grande rival xiita da Ar\u00e1bia Saudita sunita no M\u00e9dio Oriente.<\/p>\n<p>Segundo as Na\u00e7\u00f5es Unidas, este conflito provocou a maior cat\u00e1strofe humanit\u00e1ria no mundo, com um balan\u00e7o de mais de 10.000 mortos. Diversas organiza\u00e7\u00f5es n\u00e3o-governamentais consideram, contudo, que o balan\u00e7o das v\u00edtimas \u00e9 muito superior.<\/p>\n<\/div>\n<p><script>\/*<![CDATA[*\/function facebookInit(){var js=document.createElement('script');js.src='https:\/\/connect.facebook.net\/pt_PT\/sdk.js#xfbml=1&#038;version=v3.1&#038;appId=1708066812789184&#038;autoLogAppEvents=1';return document.body.appendChild(js);}\nwindow.onscroll=function(){var rect=document.getElementsByClassName('je-post-content')[0].getBoundingClientRect();if(rect.bottom<window.innerHeight){facebookInit();window.onscroll=null;}}\/*]]>*\/<\/script><br \/>\n<br \/>[ad_2]<br \/>\n<br \/><a href=\"https:\/\/jornaleconomico.sapo.pt\/noticias\/trump-veta-resolucao-do-congresso-que-exigia-fim-do-envolvimento-militar-no-iemen-434661\">Source link <\/a><\/p>\n","protected":false},"excerpt":{"rendered":"<p>[ad_1] O Presidente norte-americano vetou hoje a resolu\u00e7\u00e3o aprovada pelo Congresso no in\u00edcio deste m\u00eas que exortava Donald Trump a terminar com todo o apoio \u00e0 coliga\u00e7\u00e3o militar saudita que interv\u00e9m no I\u00e9men. \u201cEsta resolu\u00e7\u00e3o \u00e9 uma tentativa desnecess\u00e1ria e perigosa de enfraquecer os meus poderes constitucionais, pondo em perigo a vida dos cidad\u00e3os norte-americanos\u201d, [&hellip;]<\/p>\n","protected":false},"author":2,"featured_media":419,"comment_status":"open","ping_status":"open","sticky":false,"template":"","format":"standard","meta":{"footnotes":""},"categories":[1],"tags":[],"class_list":["post-418","post","type-post","status-publish","format-standard","has-post-thumbnail","hentry","category-noticias-financeiras"],"yoast_head":"<!-- This site is optimized with the Yoast SEO plugin v27.4 - https:\/\/yoast.com\/product\/yoast-seo-wordpress\/ -->\n<title>Trump veta resolu\u00e7\u00e3o do Congresso que exigia fim do envolvimento militar no I\u00e9men \u2013 O Jornal Econ\u00f3mico - Super News<\/title>\n<meta name=\"robots\" content=\"index, follow, max-snippet:-1, max-image-preview:large, max-video-preview:-1\" \/>\n<link rel=\"canonical\" href=\"https:\/\/super-news.info\/pt\/trump-veta-resolucao-do-congresso-que-exigia-fim-do-envolvimento-militar-no-iemen-o-jornal-economico\/\" \/>\n<meta property=\"og:locale\" content=\"pt_PT\" \/>\n<meta property=\"og:type\" content=\"article\" \/>\n<meta property=\"og:title\" content=\"Trump veta resolu\u00e7\u00e3o do Congresso que exigia fim do envolvimento militar no I\u00e9men \u2013 O Jornal Econ\u00f3mico - Super News\" \/>\n<meta property=\"og:description\" content=\"[ad_1] O Presidente norte-americano vetou hoje a resolu\u00e7\u00e3o aprovada pelo Congresso no in\u00edcio deste m\u00eas que exortava Donald Trump a terminar com todo o apoio \u00e0 coliga\u00e7\u00e3o militar saudita que interv\u00e9m no I\u00e9men. \u201cEsta resolu\u00e7\u00e3o \u00e9 uma tentativa desnecess\u00e1ria e perigosa de enfraquecer os meus poderes constitucionais, pondo em perigo a vida dos cidad\u00e3os norte-americanos\u201d, [&hellip;]\" \/>\n<meta property=\"og:url\" content=\"https:\/\/super-news.info\/pt\/trump-veta-resolucao-do-congresso-que-exigia-fim-do-envolvimento-militar-no-iemen-o-jornal-economico\/\" \/>\n<meta property=\"og:site_name\" content=\"Super News\" \/>\n<meta property=\"article:published_time\" content=\"2019-04-17T01:41:03+00:00\" \/>\n<meta property=\"article:modified_time\" content=\"2019-04-17T01:41:04+00:00\" \/>\n<meta property=\"og:image\" content=\"https:\/\/super-news.info\/pt\/wp-content\/uploads\/sites\/2\/2019\/04\/Trump-veta-resolu\u00e7\u00e3o-do-Congresso-que-exigia-fim-do-envolvimento.jpg\" \/>\n\t<meta property=\"og:image:width\" content=\"960\" \/>\n\t<meta property=\"og:image:height\" content=\"600\" \/>\n\t<meta property=\"og:image:type\" content=\"image\/jpeg\" \/>\n<meta name=\"author\" content=\"super-news\" \/>\n<meta name=\"twitter:card\" content=\"summary_large_image\" \/>\n<meta name=\"twitter:label1\" content=\"Escrito por\" \/>\n\t<meta name=\"twitter:data1\" content=\"super-news\" \/>\n\t<meta name=\"twitter:label2\" content=\"Tempo estimado de leitura\" \/>\n\t<meta name=\"twitter:data2\" content=\"2 minutos\" \/>\n<script type=\"application\/ld+json\" class=\"yoast-schema-graph\">{\"@context\":\"https:\\\/\\\/schema.org\",\"@graph\":[{\"@type\":\"Article\",\"@id\":\"https:\\\/\\\/super-news.info\\\/pt\\\/trump-veta-resolucao-do-congresso-que-exigia-fim-do-envolvimento-militar-no-iemen-o-jornal-economico\\\/#article\",\"isPartOf\":{\"@id\":\"https:\\\/\\\/super-news.info\\\/pt\\\/trump-veta-resolucao-do-congresso-que-exigia-fim-do-envolvimento-militar-no-iemen-o-jornal-economico\\\/\"},\"author\":{\"name\":\"super-news\",\"@id\":\"https:\\\/\\\/super-news.info\\\/pt\\\/#\\\/schema\\\/person\\\/2d4068cb2f39cd10008c2fce578a7356\"},\"headline\":\"Trump veta resolu\u00e7\u00e3o do Congresso que exigia fim do envolvimento militar no I\u00e9men \u2013 O Jornal Econ\u00f3mico\",\"datePublished\":\"2019-04-17T01:41:03+00:00\",\"dateModified\":\"2019-04-17T01:41:04+00:00\",\"mainEntityOfPage\":{\"@id\":\"https:\\\/\\\/super-news.info\\\/pt\\\/trump-veta-resolucao-do-congresso-que-exigia-fim-do-envolvimento-militar-no-iemen-o-jornal-economico\\\/\"},\"wordCount\":406,\"commentCount\":0,\"image\":{\"@id\":\"https:\\\/\\\/super-news.info\\\/pt\\\/trump-veta-resolucao-do-congresso-que-exigia-fim-do-envolvimento-militar-no-iemen-o-jornal-economico\\\/#primaryimage\"},\"thumbnailUrl\":\"https:\\\/\\\/super-news.info\\\/pt\\\/wp-content\\\/uploads\\\/sites\\\/2\\\/2019\\\/04\\\/Trump-veta-resolu\u00e7\u00e3o-do-Congresso-que-exigia-fim-do-envolvimento.jpg\",\"articleSection\":[\"NOT\u00cdCIAS FINANCEIRAS\"],\"inLanguage\":\"pt-PT\",\"potentialAction\":[{\"@type\":\"CommentAction\",\"name\":\"Comment\",\"target\":[\"https:\\\/\\\/super-news.info\\\/pt\\\/trump-veta-resolucao-do-congresso-que-exigia-fim-do-envolvimento-militar-no-iemen-o-jornal-economico\\\/#respond\"]}]},{\"@type\":\"WebPage\",\"@id\":\"https:\\\/\\\/super-news.info\\\/pt\\\/trump-veta-resolucao-do-congresso-que-exigia-fim-do-envolvimento-militar-no-iemen-o-jornal-economico\\\/\",\"url\":\"https:\\\/\\\/super-news.info\\\/pt\\\/trump-veta-resolucao-do-congresso-que-exigia-fim-do-envolvimento-militar-no-iemen-o-jornal-economico\\\/\",\"name\":\"Trump veta resolu\u00e7\u00e3o do Congresso que exigia fim do envolvimento militar no I\u00e9men \u2013 O Jornal Econ\u00f3mico - Super News\",\"isPartOf\":{\"@id\":\"https:\\\/\\\/super-news.info\\\/pt\\\/#website\"},\"primaryImageOfPage\":{\"@id\":\"https:\\\/\\\/super-news.info\\\/pt\\\/trump-veta-resolucao-do-congresso-que-exigia-fim-do-envolvimento-militar-no-iemen-o-jornal-economico\\\/#primaryimage\"},\"image\":{\"@id\":\"https:\\\/\\\/super-news.info\\\/pt\\\/trump-veta-resolucao-do-congresso-que-exigia-fim-do-envolvimento-militar-no-iemen-o-jornal-economico\\\/#primaryimage\"},\"thumbnailUrl\":\"https:\\\/\\\/super-news.info\\\/pt\\\/wp-content\\\/uploads\\\/sites\\\/2\\\/2019\\\/04\\\/Trump-veta-resolu\u00e7\u00e3o-do-Congresso-que-exigia-fim-do-envolvimento.jpg\",\"datePublished\":\"2019-04-17T01:41:03+00:00\",\"dateModified\":\"2019-04-17T01:41:04+00:00\",\"author\":{\"@id\":\"https:\\\/\\\/super-news.info\\\/pt\\\/#\\\/schema\\\/person\\\/2d4068cb2f39cd10008c2fce578a7356\"},\"breadcrumb\":{\"@id\":\"https:\\\/\\\/super-news.info\\\/pt\\\/trump-veta-resolucao-do-congresso-que-exigia-fim-do-envolvimento-militar-no-iemen-o-jornal-economico\\\/#breadcrumb\"},\"inLanguage\":\"pt-PT\",\"potentialAction\":[{\"@type\":\"ReadAction\",\"target\":[\"https:\\\/\\\/super-news.info\\\/pt\\\/trump-veta-resolucao-do-congresso-que-exigia-fim-do-envolvimento-militar-no-iemen-o-jornal-economico\\\/\"]}]},{\"@type\":\"ImageObject\",\"inLanguage\":\"pt-PT\",\"@id\":\"https:\\\/\\\/super-news.info\\\/pt\\\/trump-veta-resolucao-do-congresso-que-exigia-fim-do-envolvimento-militar-no-iemen-o-jornal-economico\\\/#primaryimage\",\"url\":\"https:\\\/\\\/super-news.info\\\/pt\\\/wp-content\\\/uploads\\\/sites\\\/2\\\/2019\\\/04\\\/Trump-veta-resolu\u00e7\u00e3o-do-Congresso-que-exigia-fim-do-envolvimento.jpg\",\"contentUrl\":\"https:\\\/\\\/super-news.info\\\/pt\\\/wp-content\\\/uploads\\\/sites\\\/2\\\/2019\\\/04\\\/Trump-veta-resolu\u00e7\u00e3o-do-Congresso-que-exigia-fim-do-envolvimento.jpg\",\"width\":960,\"height\":600,\"caption\":\"Trump veta resolu\u00e7\u00e3o do Congresso que exigia fim do envolvimento militar no I\u00e9men \u2013 O Jornal Econ\u00f3mico\"},{\"@type\":\"BreadcrumbList\",\"@id\":\"https:\\\/\\\/super-news.info\\\/pt\\\/trump-veta-resolucao-do-congresso-que-exigia-fim-do-envolvimento-militar-no-iemen-o-jornal-economico\\\/#breadcrumb\",\"itemListElement\":[{\"@type\":\"ListItem\",\"position\":1,\"name\":\"\u0413\u043b\u0430\u0432\u043d\u0430\u044f \u0441\u0442\u0440\u0430\u043d\u0438\u0446\u0430\",\"item\":\"https:\\\/\\\/super-news.info\\\/pt\\\/\"},{\"@type\":\"ListItem\",\"position\":2,\"name\":\"Trump veta resolu\u00e7\u00e3o do Congresso que exigia fim do envolvimento militar no I\u00e9men \u2013 O Jornal Econ\u00f3mico\"}]},{\"@type\":\"WebSite\",\"@id\":\"https:\\\/\\\/super-news.info\\\/pt\\\/#website\",\"url\":\"https:\\\/\\\/super-news.info\\\/pt\\\/\",\"name\":\"Super News\",\"description\":\"Super News Portugal\",\"potentialAction\":[{\"@type\":\"SearchAction\",\"target\":{\"@type\":\"EntryPoint\",\"urlTemplate\":\"https:\\\/\\\/super-news.info\\\/pt\\\/?s={search_term_string}\"},\"query-input\":{\"@type\":\"PropertyValueSpecification\",\"valueRequired\":true,\"valueName\":\"search_term_string\"}}],\"inLanguage\":\"pt-PT\"},{\"@type\":\"Person\",\"@id\":\"https:\\\/\\\/super-news.info\\\/pt\\\/#\\\/schema\\\/person\\\/2d4068cb2f39cd10008c2fce578a7356\",\"name\":\"super-news\",\"image\":{\"@type\":\"ImageObject\",\"inLanguage\":\"pt-PT\",\"@id\":\"https:\\\/\\\/secure.gravatar.com\\\/avatar\\\/64ebac40b93f26a154f8a9b5b6fdccfc46f442b26b3dd6756dbff3bf9dc76fd7?s=96&d=mm&r=g\",\"url\":\"https:\\\/\\\/secure.gravatar.com\\\/avatar\\\/64ebac40b93f26a154f8a9b5b6fdccfc46f442b26b3dd6756dbff3bf9dc76fd7?s=96&d=mm&r=g\",\"contentUrl\":\"https:\\\/\\\/secure.gravatar.com\\\/avatar\\\/64ebac40b93f26a154f8a9b5b6fdccfc46f442b26b3dd6756dbff3bf9dc76fd7?s=96&d=mm&r=g\",\"caption\":\"super-news\"},\"url\":\"https:\\\/\\\/super-news.info\\\/pt\\\/author\\\/pt\\\/\"}]}<\/script>\n<!-- \/ Yoast SEO plugin. -->","yoast_head_json":{"title":"Trump veta resolu\u00e7\u00e3o do Congresso que exigia fim do envolvimento militar no I\u00e9men \u2013 O Jornal Econ\u00f3mico - Super News","robots":{"index":"index","follow":"follow","max-snippet":"max-snippet:-1","max-image-preview":"max-image-preview:large","max-video-preview":"max-video-preview:-1"},"canonical":"https:\/\/super-news.info\/pt\/trump-veta-resolucao-do-congresso-que-exigia-fim-do-envolvimento-militar-no-iemen-o-jornal-economico\/","og_locale":"pt_PT","og_type":"article","og_title":"Trump veta resolu\u00e7\u00e3o do Congresso que exigia fim do envolvimento militar no I\u00e9men \u2013 O Jornal Econ\u00f3mico - Super News","og_description":"[ad_1] O Presidente norte-americano vetou hoje a resolu\u00e7\u00e3o aprovada pelo Congresso no in\u00edcio deste m\u00eas que exortava Donald Trump a terminar com todo o apoio \u00e0 coliga\u00e7\u00e3o militar saudita que interv\u00e9m no I\u00e9men. \u201cEsta resolu\u00e7\u00e3o \u00e9 uma tentativa desnecess\u00e1ria e perigosa de enfraquecer os meus poderes constitucionais, pondo em perigo a vida dos cidad\u00e3os norte-americanos\u201d, [&hellip;]","og_url":"https:\/\/super-news.info\/pt\/trump-veta-resolucao-do-congresso-que-exigia-fim-do-envolvimento-militar-no-iemen-o-jornal-economico\/","og_site_name":"Super News","article_published_time":"2019-04-17T01:41:03+00:00","article_modified_time":"2019-04-17T01:41:04+00:00","og_image":[{"width":960,"height":600,"url":"https:\/\/super-news.info\/pt\/wp-content\/uploads\/sites\/2\/2019\/04\/Trump-veta-resolu\u00e7\u00e3o-do-Congresso-que-exigia-fim-do-envolvimento.jpg","type":"image\/jpeg"}],"author":"super-news","twitter_card":"summary_large_image","twitter_misc":{"Escrito por":"super-news","Tempo estimado de leitura":"2 minutos"},"schema":{"@context":"https:\/\/schema.org","@graph":[{"@type":"Article","@id":"https:\/\/super-news.info\/pt\/trump-veta-resolucao-do-congresso-que-exigia-fim-do-envolvimento-militar-no-iemen-o-jornal-economico\/#article","isPartOf":{"@id":"https:\/\/super-news.info\/pt\/trump-veta-resolucao-do-congresso-que-exigia-fim-do-envolvimento-militar-no-iemen-o-jornal-economico\/"},"author":{"name":"super-news","@id":"https:\/\/super-news.info\/pt\/#\/schema\/person\/2d4068cb2f39cd10008c2fce578a7356"},"headline":"Trump veta resolu\u00e7\u00e3o do Congresso que exigia fim do envolvimento militar no I\u00e9men \u2013 O Jornal Econ\u00f3mico","datePublished":"2019-04-17T01:41:03+00:00","dateModified":"2019-04-17T01:41:04+00:00","mainEntityOfPage":{"@id":"https:\/\/super-news.info\/pt\/trump-veta-resolucao-do-congresso-que-exigia-fim-do-envolvimento-militar-no-iemen-o-jornal-economico\/"},"wordCount":406,"commentCount":0,"image":{"@id":"https:\/\/super-news.info\/pt\/trump-veta-resolucao-do-congresso-que-exigia-fim-do-envolvimento-militar-no-iemen-o-jornal-economico\/#primaryimage"},"thumbnailUrl":"https:\/\/super-news.info\/pt\/wp-content\/uploads\/sites\/2\/2019\/04\/Trump-veta-resolu\u00e7\u00e3o-do-Congresso-que-exigia-fim-do-envolvimento.jpg","articleSection":["NOT\u00cdCIAS FINANCEIRAS"],"inLanguage":"pt-PT","potentialAction":[{"@type":"CommentAction","name":"Comment","target":["https:\/\/super-news.info\/pt\/trump-veta-resolucao-do-congresso-que-exigia-fim-do-envolvimento-militar-no-iemen-o-jornal-economico\/#respond"]}]},{"@type":"WebPage","@id":"https:\/\/super-news.info\/pt\/trump-veta-resolucao-do-congresso-que-exigia-fim-do-envolvimento-militar-no-iemen-o-jornal-economico\/","url":"https:\/\/super-news.info\/pt\/trump-veta-resolucao-do-congresso-que-exigia-fim-do-envolvimento-militar-no-iemen-o-jornal-economico\/","name":"Trump veta resolu\u00e7\u00e3o do Congresso que exigia fim do envolvimento militar no I\u00e9men \u2013 O Jornal Econ\u00f3mico - Super News","isPartOf":{"@id":"https:\/\/super-news.info\/pt\/#website"},"primaryImageOfPage":{"@id":"https:\/\/super-news.info\/pt\/trump-veta-resolucao-do-congresso-que-exigia-fim-do-envolvimento-militar-no-iemen-o-jornal-economico\/#primaryimage"},"image":{"@id":"https:\/\/super-news.info\/pt\/trump-veta-resolucao-do-congresso-que-exigia-fim-do-envolvimento-militar-no-iemen-o-jornal-economico\/#primaryimage"},"thumbnailUrl":"https:\/\/super-news.info\/pt\/wp-content\/uploads\/sites\/2\/2019\/04\/Trump-veta-resolu\u00e7\u00e3o-do-Congresso-que-exigia-fim-do-envolvimento.jpg","datePublished":"2019-04-17T01:41:03+00:00","dateModified":"2019-04-17T01:41:04+00:00","author":{"@id":"https:\/\/super-news.info\/pt\/#\/schema\/person\/2d4068cb2f39cd10008c2fce578a7356"},"breadcrumb":{"@id":"https:\/\/super-news.info\/pt\/trump-veta-resolucao-do-congresso-que-exigia-fim-do-envolvimento-militar-no-iemen-o-jornal-economico\/#breadcrumb"},"inLanguage":"pt-PT","potentialAction":[{"@type":"ReadAction","target":["https:\/\/super-news.info\/pt\/trump-veta-resolucao-do-congresso-que-exigia-fim-do-envolvimento-militar-no-iemen-o-jornal-economico\/"]}]},{"@type":"ImageObject","inLanguage":"pt-PT","@id":"https:\/\/super-news.info\/pt\/trump-veta-resolucao-do-congresso-que-exigia-fim-do-envolvimento-militar-no-iemen-o-jornal-economico\/#primaryimage","url":"https:\/\/super-news.info\/pt\/wp-content\/uploads\/sites\/2\/2019\/04\/Trump-veta-resolu\u00e7\u00e3o-do-Congresso-que-exigia-fim-do-envolvimento.jpg","contentUrl":"https:\/\/super-news.info\/pt\/wp-content\/uploads\/sites\/2\/2019\/04\/Trump-veta-resolu\u00e7\u00e3o-do-Congresso-que-exigia-fim-do-envolvimento.jpg","width":960,"height":600,"caption":"Trump veta resolu\u00e7\u00e3o do Congresso que exigia fim do envolvimento militar no I\u00e9men \u2013 O Jornal Econ\u00f3mico"},{"@type":"BreadcrumbList","@id":"https:\/\/super-news.info\/pt\/trump-veta-resolucao-do-congresso-que-exigia-fim-do-envolvimento-militar-no-iemen-o-jornal-economico\/#breadcrumb","itemListElement":[{"@type":"ListItem","position":1,"name":"\u0413\u043b\u0430\u0432\u043d\u0430\u044f \u0441\u0442\u0440\u0430\u043d\u0438\u0446\u0430","item":"https:\/\/super-news.info\/pt\/"},{"@type":"ListItem","position":2,"name":"Trump veta resolu\u00e7\u00e3o do Congresso que exigia fim do envolvimento militar no I\u00e9men \u2013 O Jornal Econ\u00f3mico"}]},{"@type":"WebSite","@id":"https:\/\/super-news.info\/pt\/#website","url":"https:\/\/super-news.info\/pt\/","name":"Super News","description":"Super News Portugal","potentialAction":[{"@type":"SearchAction","target":{"@type":"EntryPoint","urlTemplate":"https:\/\/super-news.info\/pt\/?s={search_term_string}"},"query-input":{"@type":"PropertyValueSpecification","valueRequired":true,"valueName":"search_term_string"}}],"inLanguage":"pt-PT"},{"@type":"Person","@id":"https:\/\/super-news.info\/pt\/#\/schema\/person\/2d4068cb2f39cd10008c2fce578a7356","name":"super-news","image":{"@type":"ImageObject","inLanguage":"pt-PT","@id":"https:\/\/secure.gravatar.com\/avatar\/64ebac40b93f26a154f8a9b5b6fdccfc46f442b26b3dd6756dbff3bf9dc76fd7?s=96&d=mm&r=g","url":"https:\/\/secure.gravatar.com\/avatar\/64ebac40b93f26a154f8a9b5b6fdccfc46f442b26b3dd6756dbff3bf9dc76fd7?s=96&d=mm&r=g","contentUrl":"https:\/\/secure.gravatar.com\/avatar\/64ebac40b93f26a154f8a9b5b6fdccfc46f442b26b3dd6756dbff3bf9dc76fd7?s=96&d=mm&r=g","caption":"super-news"},"url":"https:\/\/super-news.info\/pt\/author\/pt\/"}]}},"_links":{"self":[{"href":"https:\/\/super-news.info\/pt\/wp-json\/wp\/v2\/posts\/418","targetHints":{"allow":["GET"]}}],"collection":[{"href":"https:\/\/super-news.info\/pt\/wp-json\/wp\/v2\/posts"}],"about":[{"href":"https:\/\/super-news.info\/pt\/wp-json\/wp\/v2\/types\/post"}],"author":[{"embeddable":true,"href":"https:\/\/super-news.info\/pt\/wp-json\/wp\/v2\/users\/2"}],"replies":[{"embeddable":true,"href":"https:\/\/super-news.info\/pt\/wp-json\/wp\/v2\/comments?post=418"}],"version-history":[{"count":1,"href":"https:\/\/super-news.info\/pt\/wp-json\/wp\/v2\/posts\/418\/revisions"}],"predecessor-version":[{"id":420,"href":"https:\/\/super-news.info\/pt\/wp-json\/wp\/v2\/posts\/418\/revisions\/420"}],"wp:featuredmedia":[{"embeddable":true,"href":"https:\/\/super-news.info\/pt\/wp-json\/wp\/v2\/media\/419"}],"wp:attachment":[{"href":"https:\/\/super-news.info\/pt\/wp-json\/wp\/v2\/media?parent=418"}],"wp:term":[{"taxonomy":"category","embeddable":true,"href":"https:\/\/super-news.info\/pt\/wp-json\/wp\/v2\/categories?post=418"},{"taxonomy":"post_tag","embeddable":true,"href":"https:\/\/super-news.info\/pt\/wp-json\/wp\/v2\/tags?post=418"}],"curies":[{"name":"wp","href":"https:\/\/api.w.org\/{rel}","templated":true}]}}