{"id":412,"date":"2019-04-17T02:40:52","date_gmt":"2019-04-16T23:40:52","guid":{"rendered":"https:\/\/super-news.info\/pt\/ricciardi-dias-ferreira-e-tavares-pereira-escrevem-carta-a-presidente-da-mesa-da-ag-do-sporting-o-jornal-economico\/"},"modified":"2019-04-17T02:40:53","modified_gmt":"2019-04-16T23:40:53","slug":"ricciardi-dias-ferreira-e-tavares-pereira-escrevem-carta-a-presidente-da-mesa-da-ag-do-sporting-o-jornal-economico","status":"publish","type":"post","link":"https:\/\/super-news.info\/pt\/ricciardi-dias-ferreira-e-tavares-pereira-escrevem-carta-a-presidente-da-mesa-da-ag-do-sporting-o-jornal-economico\/","title":{"rendered":"Ricciardi, Dias Ferreira e Tavares Pereira escrevem carta a presidente da mesa da AG do Sporting \u2013 O Jornal Econ\u00f3mico"},"content":{"rendered":"<p> [ad_1]<br \/>\n<\/p>\n<div>\n<p>A carta enviada \u00e0s reda\u00e7\u00f5es \u00e9 da autoria dos tr\u00eas s\u00f3cios do Sporting e dirigida a Rog\u00e9rio Alves. \u201cVimos por esta forma manifestar a nossa profunda preocupa\u00e7\u00e3o e a nossa indigna\u00e7\u00e3o\u00a0pela instabilidade que vive o Sporting Clube de Portugal, causada pela divulga\u00e7\u00e3o\u00a0p\u00fablica da auditoria de gest\u00e3o ao mandato da Dire\u00e7\u00e3o de Bruno de Carvalho\u201d, dizem os subscritores.<\/p>\n<p>Na\u00a0carta apelam ao presidente da mesa da AG Rog\u00e9rio Alves, \u201ccomo guardi\u00e3o \u00faltimo da vontade dos S\u00f3cios\u201d, que \u201ctome\u00a0as medidas adequadas a tal situa\u00e7\u00e3o na sequ\u00eancia ali\u00e1s das suas declara\u00e7\u00f5es p\u00fablicas\u00a0em que considerou \u201clament\u00e1vel\u201d a forma como a auditoria ao mandato do Bruno de\u00a0Carvalho foi dado a conhecer\u201d.<\/p>\n<p>\u201cNa verdade, estando Rog\u00e9rio Alves preocupado, como tamb\u00e9m disse\u00a0publicamente, com a falta de unidade, tranquilidade, continuidade e investimento,\u00a0compreende seguramente que esta situa\u00e7\u00e3o em nada contribui para a unidade e\u00a0tranquilidade dos s\u00f3cios do Sporting, nem para o necess\u00e1rio investimento no clube e\u00a0na sua SAD\u201d, dizem os s\u00f3cios que assinam a carta.<\/p>\n<p>\u201cO que nos preocupa n\u00e3o \u00e9 tanto saber quem divulgou a auditoria, que s\u00f3 poder\u00e1 ter\u00a0sido algu\u00e9m dentro do pr\u00f3prio Clube ou algu\u00e9m da empresa contratada\u201d, dizem adiantando que \u201ca esse\u00a0prop\u00f3sito os S\u00f3cios exigem que se averigue quem e com que prop\u00f3sito fez chegar o\u00a0relat\u00f3rio \u00e0 pra\u00e7a p\u00fablica\u201d.<\/p>\n<p>O que os preocupa, segundo a carta, \u00e9 sabe\u00a0como \u00e9 que a Dire\u00e7\u00e3o do Sporting Clube de\u00a0Portugal e da SAD, presidida por Frederico Varandas, \u201cpermite que se divulgue na\u00a0integra a mesma, incluindo dados confidenciais e cr\u00edticos para o neg\u00f3cio do nosso\u00a0Clube e SAD, que exp\u00f5em a vida de Jogadores, Treinadores e Funcion\u00e1rios\u201d.<\/p>\n<p>\u201cS\u00f3 uma Dire\u00e7\u00e3o completamente irrespons\u00e1vel, permitiria que se enumerassem num\u00a0relat\u00f3rio, que seria sempre de acesso a muitas pessoas, logo p\u00fablico, listagens de\u00a0ordenados, valores negociados com parceiros e fornecedores, ou qualquer outros\u00a0dados pessoais e intransmiss\u00edveis que uma institui\u00e7\u00e3o ou um Clube de bem tem de\u00a0proteger, ainda para mais quando s\u00e3o absolutamente cr\u00edticas para o sucesso de\u00a0qualquer atividade\u201d, avan\u00e7am.<\/p>\n<p>Dizem ainda que \u201cno Sporting Clube de\u00a0Portugal, os acionistas s\u00e3o os S\u00f3cios, que manifestam em todo o lado, num ru\u00eddo\u00a0ensurdecedor, o seu desagrado e a sua perplexidade com esta decis\u00e3o de gest\u00e3o\u00a0ruinosa\u201d, escrevem na carta.<\/p>\n<p>\u201cDevido \u00e0 insensatez e incompet\u00eancia da Dire\u00e7\u00e3o, est\u00e1 em causa o regular\u00a0funcionamento da institui\u00e7\u00e3o Sporting Clube de Portugal e da sua Sociedade An\u00f3nima\u00a0da qual o Sporting \u00e9 o seu acionista de refer\u00eancia\u201d, acrescentam.<\/p>\n<p>\u00a0<\/p>\n<\/div>\n<p><script>\/*<![CDATA[*\/function facebookInit(){var js=document.createElement('script');js.src='https:\/\/connect.facebook.net\/pt_PT\/sdk.js#xfbml=1&#038;version=v3.1&#038;appId=1708066812789184&#038;autoLogAppEvents=1';return document.body.appendChild(js);}\nwindow.onscroll=function(){var rect=document.getElementsByClassName('je-post-content')[0].getBoundingClientRect();if(rect.bottom<window.innerHeight){facebookInit();window.onscroll=null;}}\/*]]>*\/<\/script><br \/>\n<br \/>[ad_2]<br \/>\n<br \/><a href=\"https:\/\/jornaleconomico.sapo.pt\/noticias\/ricciardi-dias-ferreira-e-tavares-pereira-escrevem-carta-a-presidente-da-mesa-da-ag-do-sporting-434653\">Source link <\/a><\/p>\n","protected":false},"excerpt":{"rendered":"<p>[ad_1] A carta enviada \u00e0s reda\u00e7\u00f5es \u00e9 da autoria dos tr\u00eas s\u00f3cios do Sporting e dirigida a Rog\u00e9rio Alves. \u201cVimos por esta forma manifestar a nossa profunda preocupa\u00e7\u00e3o e a nossa indigna\u00e7\u00e3o\u00a0pela instabilidade que vive o Sporting Clube de Portugal, causada pela divulga\u00e7\u00e3o\u00a0p\u00fablica da auditoria de gest\u00e3o ao mandato da Dire\u00e7\u00e3o de Bruno de Carvalho\u201d, [&hellip;]<\/p>\n","protected":false},"author":2,"featured_media":413,"comment_status":"open","ping_status":"open","sticky":false,"template":"","format":"standard","meta":{"footnotes":""},"categories":[1],"tags":[],"class_list":["post-412","post","type-post","status-publish","format-standard","has-post-thumbnail","hentry","category-noticias-financeiras"],"yoast_head":"<!-- This site is optimized with the Yoast SEO plugin v27.4 - https:\/\/yoast.com\/product\/yoast-seo-wordpress\/ -->\n<title>Ricciardi, Dias Ferreira e Tavares Pereira escrevem carta a presidente da mesa da AG do Sporting \u2013 O Jornal Econ\u00f3mico - Super News<\/title>\n<meta name=\"robots\" content=\"index, follow, max-snippet:-1, max-image-preview:large, max-video-preview:-1\" \/>\n<link rel=\"canonical\" href=\"https:\/\/super-news.info\/pt\/ricciardi-dias-ferreira-e-tavares-pereira-escrevem-carta-a-presidente-da-mesa-da-ag-do-sporting-o-jornal-economico\/\" \/>\n<meta property=\"og:locale\" content=\"pt_PT\" \/>\n<meta property=\"og:type\" content=\"article\" \/>\n<meta property=\"og:title\" content=\"Ricciardi, Dias Ferreira e Tavares Pereira escrevem carta a presidente da mesa da AG do Sporting \u2013 O Jornal Econ\u00f3mico - Super News\" \/>\n<meta property=\"og:description\" content=\"[ad_1] A carta enviada \u00e0s reda\u00e7\u00f5es \u00e9 da autoria dos tr\u00eas s\u00f3cios do Sporting e dirigida a Rog\u00e9rio Alves. \u201cVimos por esta forma manifestar a nossa profunda preocupa\u00e7\u00e3o e a nossa indigna\u00e7\u00e3o\u00a0pela instabilidade que vive o Sporting Clube de Portugal, causada pela divulga\u00e7\u00e3o\u00a0p\u00fablica da auditoria de gest\u00e3o ao mandato da Dire\u00e7\u00e3o de Bruno de Carvalho\u201d, [&hellip;]\" \/>\n<meta property=\"og:url\" content=\"https:\/\/super-news.info\/pt\/ricciardi-dias-ferreira-e-tavares-pereira-escrevem-carta-a-presidente-da-mesa-da-ag-do-sporting-o-jornal-economico\/\" \/>\n<meta property=\"og:site_name\" content=\"Super News\" \/>\n<meta property=\"article:published_time\" content=\"2019-04-16T23:40:52+00:00\" \/>\n<meta property=\"article:modified_time\" content=\"2019-04-16T23:40:53+00:00\" \/>\n<meta property=\"og:image\" content=\"https:\/\/super-news.info\/pt\/wp-content\/uploads\/sites\/2\/2019\/04\/Ricciardi-Dias-Ferreira-e-Tavares-Pereira-escrevem-carta-a-presidente.jpg\" \/>\n\t<meta property=\"og:image:width\" content=\"960\" \/>\n\t<meta property=\"og:image:height\" content=\"600\" \/>\n\t<meta property=\"og:image:type\" content=\"image\/jpeg\" \/>\n<meta name=\"author\" content=\"super-news\" \/>\n<meta name=\"twitter:card\" content=\"summary_large_image\" \/>\n<meta name=\"twitter:label1\" content=\"Escrito por\" \/>\n\t<meta name=\"twitter:data1\" content=\"super-news\" \/>\n\t<meta name=\"twitter:label2\" content=\"Tempo estimado de leitura\" \/>\n\t<meta name=\"twitter:data2\" content=\"2 minutos\" \/>\n<script type=\"application\/ld+json\" class=\"yoast-schema-graph\">{\"@context\":\"https:\\\/\\\/schema.org\",\"@graph\":[{\"@type\":\"Article\",\"@id\":\"https:\\\/\\\/super-news.info\\\/pt\\\/ricciardi-dias-ferreira-e-tavares-pereira-escrevem-carta-a-presidente-da-mesa-da-ag-do-sporting-o-jornal-economico\\\/#article\",\"isPartOf\":{\"@id\":\"https:\\\/\\\/super-news.info\\\/pt\\\/ricciardi-dias-ferreira-e-tavares-pereira-escrevem-carta-a-presidente-da-mesa-da-ag-do-sporting-o-jornal-economico\\\/\"},\"author\":{\"name\":\"super-news\",\"@id\":\"https:\\\/\\\/super-news.info\\\/pt\\\/#\\\/schema\\\/person\\\/2d4068cb2f39cd10008c2fce578a7356\"},\"headline\":\"Ricciardi, Dias Ferreira e Tavares Pereira escrevem carta a presidente da mesa da AG do Sporting \u2013 O Jornal Econ\u00f3mico\",\"datePublished\":\"2019-04-16T23:40:52+00:00\",\"dateModified\":\"2019-04-16T23:40:53+00:00\",\"mainEntityOfPage\":{\"@id\":\"https:\\\/\\\/super-news.info\\\/pt\\\/ricciardi-dias-ferreira-e-tavares-pereira-escrevem-carta-a-presidente-da-mesa-da-ag-do-sporting-o-jornal-economico\\\/\"},\"wordCount\":483,\"commentCount\":0,\"image\":{\"@id\":\"https:\\\/\\\/super-news.info\\\/pt\\\/ricciardi-dias-ferreira-e-tavares-pereira-escrevem-carta-a-presidente-da-mesa-da-ag-do-sporting-o-jornal-economico\\\/#primaryimage\"},\"thumbnailUrl\":\"https:\\\/\\\/super-news.info\\\/pt\\\/wp-content\\\/uploads\\\/sites\\\/2\\\/2019\\\/04\\\/Ricciardi-Dias-Ferreira-e-Tavares-Pereira-escrevem-carta-a-presidente.jpg\",\"articleSection\":[\"NOT\u00cdCIAS FINANCEIRAS\"],\"inLanguage\":\"pt-PT\",\"potentialAction\":[{\"@type\":\"CommentAction\",\"name\":\"Comment\",\"target\":[\"https:\\\/\\\/super-news.info\\\/pt\\\/ricciardi-dias-ferreira-e-tavares-pereira-escrevem-carta-a-presidente-da-mesa-da-ag-do-sporting-o-jornal-economico\\\/#respond\"]}]},{\"@type\":\"WebPage\",\"@id\":\"https:\\\/\\\/super-news.info\\\/pt\\\/ricciardi-dias-ferreira-e-tavares-pereira-escrevem-carta-a-presidente-da-mesa-da-ag-do-sporting-o-jornal-economico\\\/\",\"url\":\"https:\\\/\\\/super-news.info\\\/pt\\\/ricciardi-dias-ferreira-e-tavares-pereira-escrevem-carta-a-presidente-da-mesa-da-ag-do-sporting-o-jornal-economico\\\/\",\"name\":\"Ricciardi, Dias Ferreira e Tavares Pereira escrevem carta a presidente da mesa da AG do Sporting \u2013 O Jornal Econ\u00f3mico - Super News\",\"isPartOf\":{\"@id\":\"https:\\\/\\\/super-news.info\\\/pt\\\/#website\"},\"primaryImageOfPage\":{\"@id\":\"https:\\\/\\\/super-news.info\\\/pt\\\/ricciardi-dias-ferreira-e-tavares-pereira-escrevem-carta-a-presidente-da-mesa-da-ag-do-sporting-o-jornal-economico\\\/#primaryimage\"},\"image\":{\"@id\":\"https:\\\/\\\/super-news.info\\\/pt\\\/ricciardi-dias-ferreira-e-tavares-pereira-escrevem-carta-a-presidente-da-mesa-da-ag-do-sporting-o-jornal-economico\\\/#primaryimage\"},\"thumbnailUrl\":\"https:\\\/\\\/super-news.info\\\/pt\\\/wp-content\\\/uploads\\\/sites\\\/2\\\/2019\\\/04\\\/Ricciardi-Dias-Ferreira-e-Tavares-Pereira-escrevem-carta-a-presidente.jpg\",\"datePublished\":\"2019-04-16T23:40:52+00:00\",\"dateModified\":\"2019-04-16T23:40:53+00:00\",\"author\":{\"@id\":\"https:\\\/\\\/super-news.info\\\/pt\\\/#\\\/schema\\\/person\\\/2d4068cb2f39cd10008c2fce578a7356\"},\"breadcrumb\":{\"@id\":\"https:\\\/\\\/super-news.info\\\/pt\\\/ricciardi-dias-ferreira-e-tavares-pereira-escrevem-carta-a-presidente-da-mesa-da-ag-do-sporting-o-jornal-economico\\\/#breadcrumb\"},\"inLanguage\":\"pt-PT\",\"potentialAction\":[{\"@type\":\"ReadAction\",\"target\":[\"https:\\\/\\\/super-news.info\\\/pt\\\/ricciardi-dias-ferreira-e-tavares-pereira-escrevem-carta-a-presidente-da-mesa-da-ag-do-sporting-o-jornal-economico\\\/\"]}]},{\"@type\":\"ImageObject\",\"inLanguage\":\"pt-PT\",\"@id\":\"https:\\\/\\\/super-news.info\\\/pt\\\/ricciardi-dias-ferreira-e-tavares-pereira-escrevem-carta-a-presidente-da-mesa-da-ag-do-sporting-o-jornal-economico\\\/#primaryimage\",\"url\":\"https:\\\/\\\/super-news.info\\\/pt\\\/wp-content\\\/uploads\\\/sites\\\/2\\\/2019\\\/04\\\/Ricciardi-Dias-Ferreira-e-Tavares-Pereira-escrevem-carta-a-presidente.jpg\",\"contentUrl\":\"https:\\\/\\\/super-news.info\\\/pt\\\/wp-content\\\/uploads\\\/sites\\\/2\\\/2019\\\/04\\\/Ricciardi-Dias-Ferreira-e-Tavares-Pereira-escrevem-carta-a-presidente.jpg\",\"width\":960,\"height\":600,\"caption\":\"Ricciardi, Dias Ferreira e Tavares Pereira escrevem carta a presidente da mesa da AG do Sporting \u2013 O Jornal Econ\u00f3mico\"},{\"@type\":\"BreadcrumbList\",\"@id\":\"https:\\\/\\\/super-news.info\\\/pt\\\/ricciardi-dias-ferreira-e-tavares-pereira-escrevem-carta-a-presidente-da-mesa-da-ag-do-sporting-o-jornal-economico\\\/#breadcrumb\",\"itemListElement\":[{\"@type\":\"ListItem\",\"position\":1,\"name\":\"\u0413\u043b\u0430\u0432\u043d\u0430\u044f \u0441\u0442\u0440\u0430\u043d\u0438\u0446\u0430\",\"item\":\"https:\\\/\\\/super-news.info\\\/pt\\\/\"},{\"@type\":\"ListItem\",\"position\":2,\"name\":\"Ricciardi, Dias Ferreira e Tavares Pereira escrevem carta a presidente da mesa da AG do Sporting \u2013 O Jornal Econ\u00f3mico\"}]},{\"@type\":\"WebSite\",\"@id\":\"https:\\\/\\\/super-news.info\\\/pt\\\/#website\",\"url\":\"https:\\\/\\\/super-news.info\\\/pt\\\/\",\"name\":\"Super News\",\"description\":\"Super News Portugal\",\"potentialAction\":[{\"@type\":\"SearchAction\",\"target\":{\"@type\":\"EntryPoint\",\"urlTemplate\":\"https:\\\/\\\/super-news.info\\\/pt\\\/?s={search_term_string}\"},\"query-input\":{\"@type\":\"PropertyValueSpecification\",\"valueRequired\":true,\"valueName\":\"search_term_string\"}}],\"inLanguage\":\"pt-PT\"},{\"@type\":\"Person\",\"@id\":\"https:\\\/\\\/super-news.info\\\/pt\\\/#\\\/schema\\\/person\\\/2d4068cb2f39cd10008c2fce578a7356\",\"name\":\"super-news\",\"image\":{\"@type\":\"ImageObject\",\"inLanguage\":\"pt-PT\",\"@id\":\"https:\\\/\\\/secure.gravatar.com\\\/avatar\\\/64ebac40b93f26a154f8a9b5b6fdccfc46f442b26b3dd6756dbff3bf9dc76fd7?s=96&d=mm&r=g\",\"url\":\"https:\\\/\\\/secure.gravatar.com\\\/avatar\\\/64ebac40b93f26a154f8a9b5b6fdccfc46f442b26b3dd6756dbff3bf9dc76fd7?s=96&d=mm&r=g\",\"contentUrl\":\"https:\\\/\\\/secure.gravatar.com\\\/avatar\\\/64ebac40b93f26a154f8a9b5b6fdccfc46f442b26b3dd6756dbff3bf9dc76fd7?s=96&d=mm&r=g\",\"caption\":\"super-news\"},\"url\":\"https:\\\/\\\/super-news.info\\\/pt\\\/author\\\/pt\\\/\"}]}<\/script>\n<!-- \/ Yoast SEO plugin. -->","yoast_head_json":{"title":"Ricciardi, Dias Ferreira e Tavares Pereira escrevem carta a presidente da mesa da AG do Sporting \u2013 O Jornal Econ\u00f3mico - Super News","robots":{"index":"index","follow":"follow","max-snippet":"max-snippet:-1","max-image-preview":"max-image-preview:large","max-video-preview":"max-video-preview:-1"},"canonical":"https:\/\/super-news.info\/pt\/ricciardi-dias-ferreira-e-tavares-pereira-escrevem-carta-a-presidente-da-mesa-da-ag-do-sporting-o-jornal-economico\/","og_locale":"pt_PT","og_type":"article","og_title":"Ricciardi, Dias Ferreira e Tavares Pereira escrevem carta a presidente da mesa da AG do Sporting \u2013 O Jornal Econ\u00f3mico - Super News","og_description":"[ad_1] A carta enviada \u00e0s reda\u00e7\u00f5es \u00e9 da autoria dos tr\u00eas s\u00f3cios do Sporting e dirigida a Rog\u00e9rio Alves. \u201cVimos por esta forma manifestar a nossa profunda preocupa\u00e7\u00e3o e a nossa indigna\u00e7\u00e3o\u00a0pela instabilidade que vive o Sporting Clube de Portugal, causada pela divulga\u00e7\u00e3o\u00a0p\u00fablica da auditoria de gest\u00e3o ao mandato da Dire\u00e7\u00e3o de Bruno de Carvalho\u201d, [&hellip;]","og_url":"https:\/\/super-news.info\/pt\/ricciardi-dias-ferreira-e-tavares-pereira-escrevem-carta-a-presidente-da-mesa-da-ag-do-sporting-o-jornal-economico\/","og_site_name":"Super News","article_published_time":"2019-04-16T23:40:52+00:00","article_modified_time":"2019-04-16T23:40:53+00:00","og_image":[{"width":960,"height":600,"url":"https:\/\/super-news.info\/pt\/wp-content\/uploads\/sites\/2\/2019\/04\/Ricciardi-Dias-Ferreira-e-Tavares-Pereira-escrevem-carta-a-presidente.jpg","type":"image\/jpeg"}],"author":"super-news","twitter_card":"summary_large_image","twitter_misc":{"Escrito por":"super-news","Tempo estimado de leitura":"2 minutos"},"schema":{"@context":"https:\/\/schema.org","@graph":[{"@type":"Article","@id":"https:\/\/super-news.info\/pt\/ricciardi-dias-ferreira-e-tavares-pereira-escrevem-carta-a-presidente-da-mesa-da-ag-do-sporting-o-jornal-economico\/#article","isPartOf":{"@id":"https:\/\/super-news.info\/pt\/ricciardi-dias-ferreira-e-tavares-pereira-escrevem-carta-a-presidente-da-mesa-da-ag-do-sporting-o-jornal-economico\/"},"author":{"name":"super-news","@id":"https:\/\/super-news.info\/pt\/#\/schema\/person\/2d4068cb2f39cd10008c2fce578a7356"},"headline":"Ricciardi, Dias Ferreira e Tavares Pereira escrevem carta a presidente da mesa da AG do Sporting \u2013 O Jornal Econ\u00f3mico","datePublished":"2019-04-16T23:40:52+00:00","dateModified":"2019-04-16T23:40:53+00:00","mainEntityOfPage":{"@id":"https:\/\/super-news.info\/pt\/ricciardi-dias-ferreira-e-tavares-pereira-escrevem-carta-a-presidente-da-mesa-da-ag-do-sporting-o-jornal-economico\/"},"wordCount":483,"commentCount":0,"image":{"@id":"https:\/\/super-news.info\/pt\/ricciardi-dias-ferreira-e-tavares-pereira-escrevem-carta-a-presidente-da-mesa-da-ag-do-sporting-o-jornal-economico\/#primaryimage"},"thumbnailUrl":"https:\/\/super-news.info\/pt\/wp-content\/uploads\/sites\/2\/2019\/04\/Ricciardi-Dias-Ferreira-e-Tavares-Pereira-escrevem-carta-a-presidente.jpg","articleSection":["NOT\u00cdCIAS FINANCEIRAS"],"inLanguage":"pt-PT","potentialAction":[{"@type":"CommentAction","name":"Comment","target":["https:\/\/super-news.info\/pt\/ricciardi-dias-ferreira-e-tavares-pereira-escrevem-carta-a-presidente-da-mesa-da-ag-do-sporting-o-jornal-economico\/#respond"]}]},{"@type":"WebPage","@id":"https:\/\/super-news.info\/pt\/ricciardi-dias-ferreira-e-tavares-pereira-escrevem-carta-a-presidente-da-mesa-da-ag-do-sporting-o-jornal-economico\/","url":"https:\/\/super-news.info\/pt\/ricciardi-dias-ferreira-e-tavares-pereira-escrevem-carta-a-presidente-da-mesa-da-ag-do-sporting-o-jornal-economico\/","name":"Ricciardi, Dias Ferreira e Tavares Pereira escrevem carta a presidente da mesa da AG do Sporting \u2013 O Jornal Econ\u00f3mico - Super News","isPartOf":{"@id":"https:\/\/super-news.info\/pt\/#website"},"primaryImageOfPage":{"@id":"https:\/\/super-news.info\/pt\/ricciardi-dias-ferreira-e-tavares-pereira-escrevem-carta-a-presidente-da-mesa-da-ag-do-sporting-o-jornal-economico\/#primaryimage"},"image":{"@id":"https:\/\/super-news.info\/pt\/ricciardi-dias-ferreira-e-tavares-pereira-escrevem-carta-a-presidente-da-mesa-da-ag-do-sporting-o-jornal-economico\/#primaryimage"},"thumbnailUrl":"https:\/\/super-news.info\/pt\/wp-content\/uploads\/sites\/2\/2019\/04\/Ricciardi-Dias-Ferreira-e-Tavares-Pereira-escrevem-carta-a-presidente.jpg","datePublished":"2019-04-16T23:40:52+00:00","dateModified":"2019-04-16T23:40:53+00:00","author":{"@id":"https:\/\/super-news.info\/pt\/#\/schema\/person\/2d4068cb2f39cd10008c2fce578a7356"},"breadcrumb":{"@id":"https:\/\/super-news.info\/pt\/ricciardi-dias-ferreira-e-tavares-pereira-escrevem-carta-a-presidente-da-mesa-da-ag-do-sporting-o-jornal-economico\/#breadcrumb"},"inLanguage":"pt-PT","potentialAction":[{"@type":"ReadAction","target":["https:\/\/super-news.info\/pt\/ricciardi-dias-ferreira-e-tavares-pereira-escrevem-carta-a-presidente-da-mesa-da-ag-do-sporting-o-jornal-economico\/"]}]},{"@type":"ImageObject","inLanguage":"pt-PT","@id":"https:\/\/super-news.info\/pt\/ricciardi-dias-ferreira-e-tavares-pereira-escrevem-carta-a-presidente-da-mesa-da-ag-do-sporting-o-jornal-economico\/#primaryimage","url":"https:\/\/super-news.info\/pt\/wp-content\/uploads\/sites\/2\/2019\/04\/Ricciardi-Dias-Ferreira-e-Tavares-Pereira-escrevem-carta-a-presidente.jpg","contentUrl":"https:\/\/super-news.info\/pt\/wp-content\/uploads\/sites\/2\/2019\/04\/Ricciardi-Dias-Ferreira-e-Tavares-Pereira-escrevem-carta-a-presidente.jpg","width":960,"height":600,"caption":"Ricciardi, Dias Ferreira e Tavares Pereira escrevem carta a presidente da mesa da AG do Sporting \u2013 O Jornal Econ\u00f3mico"},{"@type":"BreadcrumbList","@id":"https:\/\/super-news.info\/pt\/ricciardi-dias-ferreira-e-tavares-pereira-escrevem-carta-a-presidente-da-mesa-da-ag-do-sporting-o-jornal-economico\/#breadcrumb","itemListElement":[{"@type":"ListItem","position":1,"name":"\u0413\u043b\u0430\u0432\u043d\u0430\u044f \u0441\u0442\u0440\u0430\u043d\u0438\u0446\u0430","item":"https:\/\/super-news.info\/pt\/"},{"@type":"ListItem","position":2,"name":"Ricciardi, Dias Ferreira e Tavares Pereira escrevem carta a presidente da mesa da AG do Sporting \u2013 O Jornal Econ\u00f3mico"}]},{"@type":"WebSite","@id":"https:\/\/super-news.info\/pt\/#website","url":"https:\/\/super-news.info\/pt\/","name":"Super News","description":"Super News Portugal","potentialAction":[{"@type":"SearchAction","target":{"@type":"EntryPoint","urlTemplate":"https:\/\/super-news.info\/pt\/?s={search_term_string}"},"query-input":{"@type":"PropertyValueSpecification","valueRequired":true,"valueName":"search_term_string"}}],"inLanguage":"pt-PT"},{"@type":"Person","@id":"https:\/\/super-news.info\/pt\/#\/schema\/person\/2d4068cb2f39cd10008c2fce578a7356","name":"super-news","image":{"@type":"ImageObject","inLanguage":"pt-PT","@id":"https:\/\/secure.gravatar.com\/avatar\/64ebac40b93f26a154f8a9b5b6fdccfc46f442b26b3dd6756dbff3bf9dc76fd7?s=96&d=mm&r=g","url":"https:\/\/secure.gravatar.com\/avatar\/64ebac40b93f26a154f8a9b5b6fdccfc46f442b26b3dd6756dbff3bf9dc76fd7?s=96&d=mm&r=g","contentUrl":"https:\/\/secure.gravatar.com\/avatar\/64ebac40b93f26a154f8a9b5b6fdccfc46f442b26b3dd6756dbff3bf9dc76fd7?s=96&d=mm&r=g","caption":"super-news"},"url":"https:\/\/super-news.info\/pt\/author\/pt\/"}]}},"_links":{"self":[{"href":"https:\/\/super-news.info\/pt\/wp-json\/wp\/v2\/posts\/412","targetHints":{"allow":["GET"]}}],"collection":[{"href":"https:\/\/super-news.info\/pt\/wp-json\/wp\/v2\/posts"}],"about":[{"href":"https:\/\/super-news.info\/pt\/wp-json\/wp\/v2\/types\/post"}],"author":[{"embeddable":true,"href":"https:\/\/super-news.info\/pt\/wp-json\/wp\/v2\/users\/2"}],"replies":[{"embeddable":true,"href":"https:\/\/super-news.info\/pt\/wp-json\/wp\/v2\/comments?post=412"}],"version-history":[{"count":1,"href":"https:\/\/super-news.info\/pt\/wp-json\/wp\/v2\/posts\/412\/revisions"}],"predecessor-version":[{"id":414,"href":"https:\/\/super-news.info\/pt\/wp-json\/wp\/v2\/posts\/412\/revisions\/414"}],"wp:featuredmedia":[{"embeddable":true,"href":"https:\/\/super-news.info\/pt\/wp-json\/wp\/v2\/media\/413"}],"wp:attachment":[{"href":"https:\/\/super-news.info\/pt\/wp-json\/wp\/v2\/media?parent=412"}],"wp:term":[{"taxonomy":"category","embeddable":true,"href":"https:\/\/super-news.info\/pt\/wp-json\/wp\/v2\/categories?post=412"},{"taxonomy":"post_tag","embeddable":true,"href":"https:\/\/super-news.info\/pt\/wp-json\/wp\/v2\/tags?post=412"}],"curies":[{"name":"wp","href":"https:\/\/api.w.org\/{rel}","templated":true}]}}