{"id":409,"date":"2019-04-17T01:49:00","date_gmt":"2019-04-16T22:49:00","guid":{"rendered":"https:\/\/super-news.info\/pt\/greve-dos-motoristas-de-materiais-perigosos-vai-continuar-so-ha-acordo-para-servicos-minimos-o-jornal-economico\/"},"modified":"2019-04-17T01:49:01","modified_gmt":"2019-04-16T22:49:01","slug":"greve-dos-motoristas-de-materiais-perigosos-vai-continuar-so-ha-acordo-para-servicos-minimos-o-jornal-economico","status":"publish","type":"post","link":"https:\/\/super-news.info\/pt\/greve-dos-motoristas-de-materiais-perigosos-vai-continuar-so-ha-acordo-para-servicos-minimos-o-jornal-economico\/","title":{"rendered":"Greve dos motoristas de materiais perigosos vai continuar. S\u00f3 h\u00e1 acordo para servi\u00e7os m\u00ednimos \u2013 O Jornal Econ\u00f3mico"},"content":{"rendered":"<p> [ad_1]<br \/>\n<\/p>\n<div>\n<p>A reuni\u00e3o entre a ANTRAM \u2013 associa\u00e7\u00e3o nacional de transportes p\u00fablico rodovi\u00e1rios de mercadorias, o Governo e os sindicatos terminou e ficou apenas acordado a defini\u00e7\u00e3o de servi\u00e7os m\u00ednimos que s\u00e3o os definidos na requisi\u00e7\u00e3o civil. Isto \u00e9, aeroportos, hospitais e outros pontos de consumos ser\u00e3o abastecidos pelos\u00a0cami\u00f5es-cisterna.<\/p>\n<p>Os servi\u00e7os m\u00ednimos que estar\u00e3o em vigor at\u00e9 ao pr\u00f3ximo domingo.<\/p>\n<p>A reuni\u00e3o foi convocada pelo ministro das Infraestruturas, Pedro Nuno Santos, e incluiu a Associa\u00e7\u00e3o Nacional de Transportes P\u00fablicos Rodovi\u00e1rios de Mercadorias (ANTRAM) e o Sindicato Nacional dos Motoristas de Mercadorias Perigosas (o sindicato que convocou a greve). Foi marcada para as 21h00, nas instala\u00e7\u00f5es do Minist\u00e9rio dos Transportes, em Lisboa. O secret\u00e1rio de Estado, Jorge Delgado, tamb\u00e9m estar\u00e1 presente.<\/p>\n<p>O presidente da ANTRAM (associa\u00e7\u00e3o patronal do setor), Gustavo Paulo Duarte, disse que\u00a0 \u201cesta reuni\u00e3o saiu aquilo que sempre esteve para sair, o \u00fanico objetivo desta reuni\u00e3o era a clarifica\u00e7\u00e3o dos servi\u00e7os m\u00ednimos e da\u00a0requisi\u00e7\u00e3o civil, para perceber quem \u00e9 que efetivamente tem de cumprir uma exig\u00eancia legal\u201d.<\/p>\n<p>Os servi\u00e7os m\u00ednimos definem que aeroportos, hospitais, bombeiros, pol\u00edcia, v\u00e3o ter 100% de abastecimento. Sobre os postos civis est\u00e1 clarificado que s\u00e3o 30% do volume habitual nos grandes centros urbanos.<\/p>\n<p>Aos demais popula\u00e7\u00e3o \u201cvamos tentar trabalhar fora da greve, fazer com elas esse servi\u00e7o\u201d, disse ANTRAM.<\/p>\n<p>\u201cEstamos de acordo em falar com o sindicato mas tem que haver uma clara inten\u00e7\u00e3o de levantamento de greve. A ANTRAM n\u00e3o pode aceitar falar sobre press\u00e3o com o sindicato\u201d, disse o presidente da ANTRAM \u00e0 sa\u00edda da reuni\u00e3o.<\/p>\n<p>O sindicato, por seu turno, disse que conquistou \u201ca promessa da ANTRAM em frente do senhor ministro [Pedro Nuno Santos] de que estaria dispon\u00edvel para conversar connosco\u201d.<\/p>\n<p>\u201cAt\u00e9 reunirem connosco e at\u00e9 chegarmos a uma conclus\u00e3o a greve continuar\u00e1 e o estado cr\u00edtico ir\u00e1 aumentar\u201d, prometeu o sindicato.<\/p>\n<p>\u201cOs servi\u00e7os m\u00ednimos v\u00e3o ser cumpridos\u201d, garante o presidente do sindicato dos motoristas dos transportes de materiais perigosos.<\/p>\n<p>A requisi\u00e7\u00e3o civil espera que a ANTRAM envie a listagem de pessoas que s\u00e3o necess\u00e1rias para a requisi\u00e7\u00e3o civil, disse ainda o sindicalista.<\/p>\n<p>\u201cOs trabalhadores que ir\u00e3o prestar os servi\u00e7os m\u00ednimos ser\u00e3o aqueles que n\u00e3o aderiram \u00e0 greve\u201d, disse ainda Pedro Henriques.<\/p>\n<p>Os servi\u00e7os m\u00ednimos permitem abastecer 40% dos postos de combust\u00edveis em Lisboa e Porto \u201cs\u00f3\u201d que \u00e9 que est\u00e1 nos despacho, adiantou. \u201cAntecipo um problema para todas as outras zonas do pa\u00eds\u201d, disse ainda o presidente do Sindicato Nacional de Motoristas de Mat\u00e9rias Perigosas (SNMMP).<\/p>\n<p>A greve dos motoristas de mat\u00e9rias perigosas, que come\u00e7ou \u00e0s 00h00 de segunda-feira, foi convocada pelo Sindicato Nacional de Motoristas de Mat\u00e9rias Perigosas (SNMMP), por tempo indeterminado, para reivindicar o reconhecimento da categoria profissional espec\u00edfica. Falam de baixos sal\u00e1rios e de m\u00e1s condi\u00e7\u00f5es, mas a ANTRAM n\u00e3o subscreve essa cr\u00edtica.<\/p>\n<p>(em atualiza\u00e7\u00e3o)<\/p>\n<\/div>\n<p><script>\/*<![CDATA[*\/function facebookInit(){var js=document.createElement('script');js.src='https:\/\/connect.facebook.net\/pt_PT\/sdk.js#xfbml=1&#038;version=v3.1&#038;appId=1708066812789184&#038;autoLogAppEvents=1';return document.body.appendChild(js);}\nwindow.onscroll=function(){var rect=document.getElementsByClassName('je-post-content')[0].getBoundingClientRect();if(rect.bottom<window.innerHeight){facebookInit();window.onscroll=null;}}\/*]]>*\/<\/script><br \/>\n<br \/>[ad_2]<br \/>\n<br \/><a href=\"https:\/\/jornaleconomico.sapo.pt\/noticias\/greve-dos-motoristas-de-materiais-perigosos-vai-continuar-ha-acordo-para-servicos-minimos-434635\">Source link <\/a><\/p>\n","protected":false},"excerpt":{"rendered":"<p>[ad_1] A reuni\u00e3o entre a ANTRAM \u2013 associa\u00e7\u00e3o nacional de transportes p\u00fablico rodovi\u00e1rios de mercadorias, o Governo e os sindicatos terminou e ficou apenas acordado a defini\u00e7\u00e3o de servi\u00e7os m\u00ednimos que s\u00e3o os definidos na requisi\u00e7\u00e3o civil. Isto \u00e9, aeroportos, hospitais e outros pontos de consumos ser\u00e3o abastecidos pelos\u00a0cami\u00f5es-cisterna. Os servi\u00e7os m\u00ednimos que estar\u00e3o em [&hellip;]<\/p>\n","protected":false},"author":2,"featured_media":410,"comment_status":"open","ping_status":"open","sticky":false,"template":"","format":"standard","meta":{"footnotes":""},"categories":[1],"tags":[],"class_list":["post-409","post","type-post","status-publish","format-standard","has-post-thumbnail","hentry","category-noticias-financeiras"],"yoast_head":"<!-- This site is optimized with the Yoast SEO plugin v27.4 - https:\/\/yoast.com\/product\/yoast-seo-wordpress\/ -->\n<title>Greve dos motoristas de materiais perigosos vai continuar. S\u00f3 h\u00e1 acordo para servi\u00e7os m\u00ednimos \u2013 O Jornal Econ\u00f3mico - Super News<\/title>\n<meta name=\"robots\" content=\"index, follow, max-snippet:-1, max-image-preview:large, max-video-preview:-1\" \/>\n<link rel=\"canonical\" href=\"https:\/\/super-news.info\/pt\/greve-dos-motoristas-de-materiais-perigosos-vai-continuar-so-ha-acordo-para-servicos-minimos-o-jornal-economico\/\" \/>\n<meta property=\"og:locale\" content=\"pt_PT\" \/>\n<meta property=\"og:type\" content=\"article\" \/>\n<meta property=\"og:title\" content=\"Greve dos motoristas de materiais perigosos vai continuar. S\u00f3 h\u00e1 acordo para servi\u00e7os m\u00ednimos \u2013 O Jornal Econ\u00f3mico - Super News\" \/>\n<meta property=\"og:description\" content=\"[ad_1] A reuni\u00e3o entre a ANTRAM \u2013 associa\u00e7\u00e3o nacional de transportes p\u00fablico rodovi\u00e1rios de mercadorias, o Governo e os sindicatos terminou e ficou apenas acordado a defini\u00e7\u00e3o de servi\u00e7os m\u00ednimos que s\u00e3o os definidos na requisi\u00e7\u00e3o civil. Isto \u00e9, aeroportos, hospitais e outros pontos de consumos ser\u00e3o abastecidos pelos\u00a0cami\u00f5es-cisterna. Os servi\u00e7os m\u00ednimos que estar\u00e3o em [&hellip;]\" \/>\n<meta property=\"og:url\" content=\"https:\/\/super-news.info\/pt\/greve-dos-motoristas-de-materiais-perigosos-vai-continuar-so-ha-acordo-para-servicos-minimos-o-jornal-economico\/\" \/>\n<meta property=\"og:site_name\" content=\"Super News\" \/>\n<meta property=\"article:published_time\" content=\"2019-04-16T22:49:00+00:00\" \/>\n<meta property=\"article:modified_time\" content=\"2019-04-16T22:49:01+00:00\" \/>\n<meta property=\"og:image\" content=\"https:\/\/super-news.info\/pt\/wp-content\/uploads\/sites\/2\/2019\/04\/Greve-dos-motoristas-de-materiais-perigosos-vai-continuar.-S\u00f3-h\u00e1.jpg\" \/>\n\t<meta property=\"og:image:width\" content=\"960\" \/>\n\t<meta property=\"og:image:height\" content=\"600\" \/>\n\t<meta property=\"og:image:type\" content=\"image\/jpeg\" \/>\n<meta name=\"author\" content=\"super-news\" \/>\n<meta name=\"twitter:card\" content=\"summary_large_image\" \/>\n<meta name=\"twitter:label1\" content=\"Escrito por\" \/>\n\t<meta name=\"twitter:data1\" content=\"super-news\" \/>\n\t<meta name=\"twitter:label2\" content=\"Tempo estimado de leitura\" \/>\n\t<meta name=\"twitter:data2\" content=\"3 minutos\" \/>\n<script type=\"application\/ld+json\" class=\"yoast-schema-graph\">{\"@context\":\"https:\\\/\\\/schema.org\",\"@graph\":[{\"@type\":\"Article\",\"@id\":\"https:\\\/\\\/super-news.info\\\/pt\\\/greve-dos-motoristas-de-materiais-perigosos-vai-continuar-so-ha-acordo-para-servicos-minimos-o-jornal-economico\\\/#article\",\"isPartOf\":{\"@id\":\"https:\\\/\\\/super-news.info\\\/pt\\\/greve-dos-motoristas-de-materiais-perigosos-vai-continuar-so-ha-acordo-para-servicos-minimos-o-jornal-economico\\\/\"},\"author\":{\"name\":\"super-news\",\"@id\":\"https:\\\/\\\/super-news.info\\\/pt\\\/#\\\/schema\\\/person\\\/2d4068cb2f39cd10008c2fce578a7356\"},\"headline\":\"Greve dos motoristas de materiais perigosos vai continuar. S\u00f3 h\u00e1 acordo para servi\u00e7os m\u00ednimos \u2013 O Jornal Econ\u00f3mico\",\"datePublished\":\"2019-04-16T22:49:00+00:00\",\"dateModified\":\"2019-04-16T22:49:01+00:00\",\"mainEntityOfPage\":{\"@id\":\"https:\\\/\\\/super-news.info\\\/pt\\\/greve-dos-motoristas-de-materiais-perigosos-vai-continuar-so-ha-acordo-para-servicos-minimos-o-jornal-economico\\\/\"},\"wordCount\":547,\"commentCount\":0,\"image\":{\"@id\":\"https:\\\/\\\/super-news.info\\\/pt\\\/greve-dos-motoristas-de-materiais-perigosos-vai-continuar-so-ha-acordo-para-servicos-minimos-o-jornal-economico\\\/#primaryimage\"},\"thumbnailUrl\":\"https:\\\/\\\/super-news.info\\\/pt\\\/wp-content\\\/uploads\\\/sites\\\/2\\\/2019\\\/04\\\/Greve-dos-motoristas-de-materiais-perigosos-vai-continuar.-S\u00f3-h\u00e1.jpg\",\"articleSection\":[\"NOT\u00cdCIAS FINANCEIRAS\"],\"inLanguage\":\"pt-PT\",\"potentialAction\":[{\"@type\":\"CommentAction\",\"name\":\"Comment\",\"target\":[\"https:\\\/\\\/super-news.info\\\/pt\\\/greve-dos-motoristas-de-materiais-perigosos-vai-continuar-so-ha-acordo-para-servicos-minimos-o-jornal-economico\\\/#respond\"]}]},{\"@type\":\"WebPage\",\"@id\":\"https:\\\/\\\/super-news.info\\\/pt\\\/greve-dos-motoristas-de-materiais-perigosos-vai-continuar-so-ha-acordo-para-servicos-minimos-o-jornal-economico\\\/\",\"url\":\"https:\\\/\\\/super-news.info\\\/pt\\\/greve-dos-motoristas-de-materiais-perigosos-vai-continuar-so-ha-acordo-para-servicos-minimos-o-jornal-economico\\\/\",\"name\":\"Greve dos motoristas de materiais perigosos vai continuar. S\u00f3 h\u00e1 acordo para servi\u00e7os m\u00ednimos \u2013 O Jornal Econ\u00f3mico - Super News\",\"isPartOf\":{\"@id\":\"https:\\\/\\\/super-news.info\\\/pt\\\/#website\"},\"primaryImageOfPage\":{\"@id\":\"https:\\\/\\\/super-news.info\\\/pt\\\/greve-dos-motoristas-de-materiais-perigosos-vai-continuar-so-ha-acordo-para-servicos-minimos-o-jornal-economico\\\/#primaryimage\"},\"image\":{\"@id\":\"https:\\\/\\\/super-news.info\\\/pt\\\/greve-dos-motoristas-de-materiais-perigosos-vai-continuar-so-ha-acordo-para-servicos-minimos-o-jornal-economico\\\/#primaryimage\"},\"thumbnailUrl\":\"https:\\\/\\\/super-news.info\\\/pt\\\/wp-content\\\/uploads\\\/sites\\\/2\\\/2019\\\/04\\\/Greve-dos-motoristas-de-materiais-perigosos-vai-continuar.-S\u00f3-h\u00e1.jpg\",\"datePublished\":\"2019-04-16T22:49:00+00:00\",\"dateModified\":\"2019-04-16T22:49:01+00:00\",\"author\":{\"@id\":\"https:\\\/\\\/super-news.info\\\/pt\\\/#\\\/schema\\\/person\\\/2d4068cb2f39cd10008c2fce578a7356\"},\"breadcrumb\":{\"@id\":\"https:\\\/\\\/super-news.info\\\/pt\\\/greve-dos-motoristas-de-materiais-perigosos-vai-continuar-so-ha-acordo-para-servicos-minimos-o-jornal-economico\\\/#breadcrumb\"},\"inLanguage\":\"pt-PT\",\"potentialAction\":[{\"@type\":\"ReadAction\",\"target\":[\"https:\\\/\\\/super-news.info\\\/pt\\\/greve-dos-motoristas-de-materiais-perigosos-vai-continuar-so-ha-acordo-para-servicos-minimos-o-jornal-economico\\\/\"]}]},{\"@type\":\"ImageObject\",\"inLanguage\":\"pt-PT\",\"@id\":\"https:\\\/\\\/super-news.info\\\/pt\\\/greve-dos-motoristas-de-materiais-perigosos-vai-continuar-so-ha-acordo-para-servicos-minimos-o-jornal-economico\\\/#primaryimage\",\"url\":\"https:\\\/\\\/super-news.info\\\/pt\\\/wp-content\\\/uploads\\\/sites\\\/2\\\/2019\\\/04\\\/Greve-dos-motoristas-de-materiais-perigosos-vai-continuar.-S\u00f3-h\u00e1.jpg\",\"contentUrl\":\"https:\\\/\\\/super-news.info\\\/pt\\\/wp-content\\\/uploads\\\/sites\\\/2\\\/2019\\\/04\\\/Greve-dos-motoristas-de-materiais-perigosos-vai-continuar.-S\u00f3-h\u00e1.jpg\",\"width\":960,\"height\":600,\"caption\":\"Greve dos motoristas de materiais perigosos vai continuar. S\u00f3 h\u00e1 acordo para servi\u00e7os m\u00ednimos \u2013 O Jornal Econ\u00f3mico\"},{\"@type\":\"BreadcrumbList\",\"@id\":\"https:\\\/\\\/super-news.info\\\/pt\\\/greve-dos-motoristas-de-materiais-perigosos-vai-continuar-so-ha-acordo-para-servicos-minimos-o-jornal-economico\\\/#breadcrumb\",\"itemListElement\":[{\"@type\":\"ListItem\",\"position\":1,\"name\":\"\u0413\u043b\u0430\u0432\u043d\u0430\u044f \u0441\u0442\u0440\u0430\u043d\u0438\u0446\u0430\",\"item\":\"https:\\\/\\\/super-news.info\\\/pt\\\/\"},{\"@type\":\"ListItem\",\"position\":2,\"name\":\"Greve dos motoristas de materiais perigosos vai continuar. S\u00f3 h\u00e1 acordo para servi\u00e7os m\u00ednimos \u2013 O Jornal Econ\u00f3mico\"}]},{\"@type\":\"WebSite\",\"@id\":\"https:\\\/\\\/super-news.info\\\/pt\\\/#website\",\"url\":\"https:\\\/\\\/super-news.info\\\/pt\\\/\",\"name\":\"Super News\",\"description\":\"Super News Portugal\",\"potentialAction\":[{\"@type\":\"SearchAction\",\"target\":{\"@type\":\"EntryPoint\",\"urlTemplate\":\"https:\\\/\\\/super-news.info\\\/pt\\\/?s={search_term_string}\"},\"query-input\":{\"@type\":\"PropertyValueSpecification\",\"valueRequired\":true,\"valueName\":\"search_term_string\"}}],\"inLanguage\":\"pt-PT\"},{\"@type\":\"Person\",\"@id\":\"https:\\\/\\\/super-news.info\\\/pt\\\/#\\\/schema\\\/person\\\/2d4068cb2f39cd10008c2fce578a7356\",\"name\":\"super-news\",\"image\":{\"@type\":\"ImageObject\",\"inLanguage\":\"pt-PT\",\"@id\":\"https:\\\/\\\/secure.gravatar.com\\\/avatar\\\/64ebac40b93f26a154f8a9b5b6fdccfc46f442b26b3dd6756dbff3bf9dc76fd7?s=96&d=mm&r=g\",\"url\":\"https:\\\/\\\/secure.gravatar.com\\\/avatar\\\/64ebac40b93f26a154f8a9b5b6fdccfc46f442b26b3dd6756dbff3bf9dc76fd7?s=96&d=mm&r=g\",\"contentUrl\":\"https:\\\/\\\/secure.gravatar.com\\\/avatar\\\/64ebac40b93f26a154f8a9b5b6fdccfc46f442b26b3dd6756dbff3bf9dc76fd7?s=96&d=mm&r=g\",\"caption\":\"super-news\"},\"url\":\"https:\\\/\\\/super-news.info\\\/pt\\\/author\\\/pt\\\/\"}]}<\/script>\n<!-- \/ Yoast SEO plugin. -->","yoast_head_json":{"title":"Greve dos motoristas de materiais perigosos vai continuar. S\u00f3 h\u00e1 acordo para servi\u00e7os m\u00ednimos \u2013 O Jornal Econ\u00f3mico - Super News","robots":{"index":"index","follow":"follow","max-snippet":"max-snippet:-1","max-image-preview":"max-image-preview:large","max-video-preview":"max-video-preview:-1"},"canonical":"https:\/\/super-news.info\/pt\/greve-dos-motoristas-de-materiais-perigosos-vai-continuar-so-ha-acordo-para-servicos-minimos-o-jornal-economico\/","og_locale":"pt_PT","og_type":"article","og_title":"Greve dos motoristas de materiais perigosos vai continuar. S\u00f3 h\u00e1 acordo para servi\u00e7os m\u00ednimos \u2013 O Jornal Econ\u00f3mico - Super News","og_description":"[ad_1] A reuni\u00e3o entre a ANTRAM \u2013 associa\u00e7\u00e3o nacional de transportes p\u00fablico rodovi\u00e1rios de mercadorias, o Governo e os sindicatos terminou e ficou apenas acordado a defini\u00e7\u00e3o de servi\u00e7os m\u00ednimos que s\u00e3o os definidos na requisi\u00e7\u00e3o civil. Isto \u00e9, aeroportos, hospitais e outros pontos de consumos ser\u00e3o abastecidos pelos\u00a0cami\u00f5es-cisterna. Os servi\u00e7os m\u00ednimos que estar\u00e3o em [&hellip;]","og_url":"https:\/\/super-news.info\/pt\/greve-dos-motoristas-de-materiais-perigosos-vai-continuar-so-ha-acordo-para-servicos-minimos-o-jornal-economico\/","og_site_name":"Super News","article_published_time":"2019-04-16T22:49:00+00:00","article_modified_time":"2019-04-16T22:49:01+00:00","og_image":[{"width":960,"height":600,"url":"https:\/\/super-news.info\/pt\/wp-content\/uploads\/sites\/2\/2019\/04\/Greve-dos-motoristas-de-materiais-perigosos-vai-continuar.-S\u00f3-h\u00e1.jpg","type":"image\/jpeg"}],"author":"super-news","twitter_card":"summary_large_image","twitter_misc":{"Escrito por":"super-news","Tempo estimado de leitura":"3 minutos"},"schema":{"@context":"https:\/\/schema.org","@graph":[{"@type":"Article","@id":"https:\/\/super-news.info\/pt\/greve-dos-motoristas-de-materiais-perigosos-vai-continuar-so-ha-acordo-para-servicos-minimos-o-jornal-economico\/#article","isPartOf":{"@id":"https:\/\/super-news.info\/pt\/greve-dos-motoristas-de-materiais-perigosos-vai-continuar-so-ha-acordo-para-servicos-minimos-o-jornal-economico\/"},"author":{"name":"super-news","@id":"https:\/\/super-news.info\/pt\/#\/schema\/person\/2d4068cb2f39cd10008c2fce578a7356"},"headline":"Greve dos motoristas de materiais perigosos vai continuar. S\u00f3 h\u00e1 acordo para servi\u00e7os m\u00ednimos \u2013 O Jornal Econ\u00f3mico","datePublished":"2019-04-16T22:49:00+00:00","dateModified":"2019-04-16T22:49:01+00:00","mainEntityOfPage":{"@id":"https:\/\/super-news.info\/pt\/greve-dos-motoristas-de-materiais-perigosos-vai-continuar-so-ha-acordo-para-servicos-minimos-o-jornal-economico\/"},"wordCount":547,"commentCount":0,"image":{"@id":"https:\/\/super-news.info\/pt\/greve-dos-motoristas-de-materiais-perigosos-vai-continuar-so-ha-acordo-para-servicos-minimos-o-jornal-economico\/#primaryimage"},"thumbnailUrl":"https:\/\/super-news.info\/pt\/wp-content\/uploads\/sites\/2\/2019\/04\/Greve-dos-motoristas-de-materiais-perigosos-vai-continuar.-S\u00f3-h\u00e1.jpg","articleSection":["NOT\u00cdCIAS FINANCEIRAS"],"inLanguage":"pt-PT","potentialAction":[{"@type":"CommentAction","name":"Comment","target":["https:\/\/super-news.info\/pt\/greve-dos-motoristas-de-materiais-perigosos-vai-continuar-so-ha-acordo-para-servicos-minimos-o-jornal-economico\/#respond"]}]},{"@type":"WebPage","@id":"https:\/\/super-news.info\/pt\/greve-dos-motoristas-de-materiais-perigosos-vai-continuar-so-ha-acordo-para-servicos-minimos-o-jornal-economico\/","url":"https:\/\/super-news.info\/pt\/greve-dos-motoristas-de-materiais-perigosos-vai-continuar-so-ha-acordo-para-servicos-minimos-o-jornal-economico\/","name":"Greve dos motoristas de materiais perigosos vai continuar. S\u00f3 h\u00e1 acordo para servi\u00e7os m\u00ednimos \u2013 O Jornal Econ\u00f3mico - Super News","isPartOf":{"@id":"https:\/\/super-news.info\/pt\/#website"},"primaryImageOfPage":{"@id":"https:\/\/super-news.info\/pt\/greve-dos-motoristas-de-materiais-perigosos-vai-continuar-so-ha-acordo-para-servicos-minimos-o-jornal-economico\/#primaryimage"},"image":{"@id":"https:\/\/super-news.info\/pt\/greve-dos-motoristas-de-materiais-perigosos-vai-continuar-so-ha-acordo-para-servicos-minimos-o-jornal-economico\/#primaryimage"},"thumbnailUrl":"https:\/\/super-news.info\/pt\/wp-content\/uploads\/sites\/2\/2019\/04\/Greve-dos-motoristas-de-materiais-perigosos-vai-continuar.-S\u00f3-h\u00e1.jpg","datePublished":"2019-04-16T22:49:00+00:00","dateModified":"2019-04-16T22:49:01+00:00","author":{"@id":"https:\/\/super-news.info\/pt\/#\/schema\/person\/2d4068cb2f39cd10008c2fce578a7356"},"breadcrumb":{"@id":"https:\/\/super-news.info\/pt\/greve-dos-motoristas-de-materiais-perigosos-vai-continuar-so-ha-acordo-para-servicos-minimos-o-jornal-economico\/#breadcrumb"},"inLanguage":"pt-PT","potentialAction":[{"@type":"ReadAction","target":["https:\/\/super-news.info\/pt\/greve-dos-motoristas-de-materiais-perigosos-vai-continuar-so-ha-acordo-para-servicos-minimos-o-jornal-economico\/"]}]},{"@type":"ImageObject","inLanguage":"pt-PT","@id":"https:\/\/super-news.info\/pt\/greve-dos-motoristas-de-materiais-perigosos-vai-continuar-so-ha-acordo-para-servicos-minimos-o-jornal-economico\/#primaryimage","url":"https:\/\/super-news.info\/pt\/wp-content\/uploads\/sites\/2\/2019\/04\/Greve-dos-motoristas-de-materiais-perigosos-vai-continuar.-S\u00f3-h\u00e1.jpg","contentUrl":"https:\/\/super-news.info\/pt\/wp-content\/uploads\/sites\/2\/2019\/04\/Greve-dos-motoristas-de-materiais-perigosos-vai-continuar.-S\u00f3-h\u00e1.jpg","width":960,"height":600,"caption":"Greve dos motoristas de materiais perigosos vai continuar. S\u00f3 h\u00e1 acordo para servi\u00e7os m\u00ednimos \u2013 O Jornal Econ\u00f3mico"},{"@type":"BreadcrumbList","@id":"https:\/\/super-news.info\/pt\/greve-dos-motoristas-de-materiais-perigosos-vai-continuar-so-ha-acordo-para-servicos-minimos-o-jornal-economico\/#breadcrumb","itemListElement":[{"@type":"ListItem","position":1,"name":"\u0413\u043b\u0430\u0432\u043d\u0430\u044f \u0441\u0442\u0440\u0430\u043d\u0438\u0446\u0430","item":"https:\/\/super-news.info\/pt\/"},{"@type":"ListItem","position":2,"name":"Greve dos motoristas de materiais perigosos vai continuar. S\u00f3 h\u00e1 acordo para servi\u00e7os m\u00ednimos \u2013 O Jornal Econ\u00f3mico"}]},{"@type":"WebSite","@id":"https:\/\/super-news.info\/pt\/#website","url":"https:\/\/super-news.info\/pt\/","name":"Super News","description":"Super News Portugal","potentialAction":[{"@type":"SearchAction","target":{"@type":"EntryPoint","urlTemplate":"https:\/\/super-news.info\/pt\/?s={search_term_string}"},"query-input":{"@type":"PropertyValueSpecification","valueRequired":true,"valueName":"search_term_string"}}],"inLanguage":"pt-PT"},{"@type":"Person","@id":"https:\/\/super-news.info\/pt\/#\/schema\/person\/2d4068cb2f39cd10008c2fce578a7356","name":"super-news","image":{"@type":"ImageObject","inLanguage":"pt-PT","@id":"https:\/\/secure.gravatar.com\/avatar\/64ebac40b93f26a154f8a9b5b6fdccfc46f442b26b3dd6756dbff3bf9dc76fd7?s=96&d=mm&r=g","url":"https:\/\/secure.gravatar.com\/avatar\/64ebac40b93f26a154f8a9b5b6fdccfc46f442b26b3dd6756dbff3bf9dc76fd7?s=96&d=mm&r=g","contentUrl":"https:\/\/secure.gravatar.com\/avatar\/64ebac40b93f26a154f8a9b5b6fdccfc46f442b26b3dd6756dbff3bf9dc76fd7?s=96&d=mm&r=g","caption":"super-news"},"url":"https:\/\/super-news.info\/pt\/author\/pt\/"}]}},"_links":{"self":[{"href":"https:\/\/super-news.info\/pt\/wp-json\/wp\/v2\/posts\/409","targetHints":{"allow":["GET"]}}],"collection":[{"href":"https:\/\/super-news.info\/pt\/wp-json\/wp\/v2\/posts"}],"about":[{"href":"https:\/\/super-news.info\/pt\/wp-json\/wp\/v2\/types\/post"}],"author":[{"embeddable":true,"href":"https:\/\/super-news.info\/pt\/wp-json\/wp\/v2\/users\/2"}],"replies":[{"embeddable":true,"href":"https:\/\/super-news.info\/pt\/wp-json\/wp\/v2\/comments?post=409"}],"version-history":[{"count":1,"href":"https:\/\/super-news.info\/pt\/wp-json\/wp\/v2\/posts\/409\/revisions"}],"predecessor-version":[{"id":411,"href":"https:\/\/super-news.info\/pt\/wp-json\/wp\/v2\/posts\/409\/revisions\/411"}],"wp:featuredmedia":[{"embeddable":true,"href":"https:\/\/super-news.info\/pt\/wp-json\/wp\/v2\/media\/410"}],"wp:attachment":[{"href":"https:\/\/super-news.info\/pt\/wp-json\/wp\/v2\/media?parent=409"}],"wp:term":[{"taxonomy":"category","embeddable":true,"href":"https:\/\/super-news.info\/pt\/wp-json\/wp\/v2\/categories?post=409"},{"taxonomy":"post_tag","embeddable":true,"href":"https:\/\/super-news.info\/pt\/wp-json\/wp\/v2\/tags?post=409"}],"curies":[{"name":"wp","href":"https:\/\/api.w.org\/{rel}","templated":true}]}}